{"id":245022,"date":"2023-10-05T17:54:35","date_gmt":"2023-10-05T20:54:35","guid":{"rendered":"https:\/\/franciscanos.org.br\/noticias\/?p=245022"},"modified":"2023-10-08T08:28:35","modified_gmt":"2023-10-08T11:28:35","slug":"convento-da-penha-celebra-sao-francisco-de-assis","status":"publish","type":"post","link":"https:\/\/franciscanos.org.br\/noticias\/convento-da-penha-celebra-sao-francisco-de-assis.html","title":{"rendered":"Convento da Penha celebra S\u00e3o Francisco de Assis"},"content":{"rendered":"<p><img loading=\"lazy\" class=\"alignnone size-full wp-image-245023\" src=\"https:\/\/franciscanos.org.br\/noticias\/wp-content\/uploads\/2023\/10\/penha_01.jpg\" alt=\"\" width=\"1280\" height=\"720\" srcset=\"https:\/\/franciscanos.org.br\/noticias\/wp-content\/uploads\/2023\/10\/penha_01.jpg 1280w, https:\/\/franciscanos.org.br\/noticias\/wp-content\/uploads\/2023\/10\/penha_01-450x253.jpg 450w, https:\/\/franciscanos.org.br\/noticias\/wp-content\/uploads\/2023\/10\/penha_01-1024x576.jpg 1024w, https:\/\/franciscanos.org.br\/noticias\/wp-content\/uploads\/2023\/10\/penha_01-768x432.jpg 768w, https:\/\/franciscanos.org.br\/noticias\/wp-content\/uploads\/2023\/10\/penha_01-150x84.jpg 150w\" sizes=\"(max-width: 1280px) 100vw, 1280px\" \/><\/p>\n<p>As celebra\u00e7\u00f5es em honra a S\u00e3o Francisco de Assis, o Patrono da Ecologia Integral e Ser\u00e1fico Pai, levaram milhares de devotos ao longo de todo o dia ao Convento da Penha. Desde a primeira Celebra\u00e7\u00e3o at\u00e9 a Missa da Sa\u00fade que aconteceu no Campinho, foram incont\u00e1veis preces dirigidas ao Fundador das Tr\u00eas Ordens Franciscanas, o santo universal, querido e venerado por pessoas de v\u00e1rios credos.<\/p>\n<p>Pela manh\u00e3, os fi\u00e9is rezaram diante da Imagem de S\u00e3o Francisco colocada em destaque no Altar. \u201cEstamos hoje vivendo uma grande alegria, nesta Capela do Convento da Penha, como em toda a Igreja Universal, celebramos S\u00e3o Francisco de Assis, o santo da humildade, da simplicidade, da fraternidade e da pobreza. Estamos aqui porque \u00e9 a Casa de Deus, lugar de ora\u00e7\u00e3o, lugar da natureza com beleza exuberante, \u00e9 local onde nosso cora\u00e7\u00e3o se eleva em louvor a Deus por todas as criaturas, como diz s\u00e3o S\u00e3o Francisco \u2018tudo \u00e9 nosso irm\u00e3o e nossa irm\u00e3\u2019, desde a irm\u00e3 m\u00e3e Terra at\u00e9 a lesma do ch\u00e3o, at\u00e9 a irm\u00e3 morte, tudo \u00e9 nosso irm\u00e3o, nossa irm\u00e3. E lembramos S\u00e3o Francisco, louvando a Deus, porque Francisco \u00e9 este humilde pobrezinho, a quem Deus revelou os mist\u00e9rios de seu amor\u201d, disse Frei Ronaldo Fiuza na Missa das 11h, celebrada na Capela.<\/p>\n<p><img loading=\"lazy\" class=\"alignnone size-full wp-image-245024\" src=\"https:\/\/franciscanos.org.br\/noticias\/wp-content\/uploads\/2023\/10\/penha_02.jpg\" alt=\"\" width=\"1280\" height=\"853\" srcset=\"https:\/\/franciscanos.org.br\/noticias\/wp-content\/uploads\/2023\/10\/penha_02.jpg 1280w, https:\/\/franciscanos.org.br\/noticias\/wp-content\/uploads\/2023\/10\/penha_02-450x300.jpg 450w, https:\/\/franciscanos.org.br\/noticias\/wp-content\/uploads\/2023\/10\/penha_02-1024x682.jpg 1024w, https:\/\/franciscanos.org.br\/noticias\/wp-content\/uploads\/2023\/10\/penha_02-768x512.jpg 768w, https:\/\/franciscanos.org.br\/noticias\/wp-content\/uploads\/2023\/10\/penha_02-150x100.jpg 150w\" sizes=\"(max-width: 1280px) 100vw, 1280px\" \/><\/p>\n<p>A Missa das 15h, nas inten\u00e7\u00f5es da sa\u00fade, foi celebrada pelo Frei Paulo C\u00e9sar Ferreira, Vig\u00e1rio do Convento e contou com a presen\u00e7a de membros da Ordem Franciscana Secular, especialmente. Al\u00e9m da OFS, tamb\u00e9m participou o Frei Pedro Engel, irm\u00e3o que assiste a Fraternidade Nossa Senhora da Penha, de Vila Velha.<\/p>\n<p>Na homilia, Frei Paulo contou seu testemunho de amor a Jesus Cristo pelo jeito franciscano de ser. Ele foi seminarista diocesano, no in\u00edcio de seu minist\u00e9rio, mas depois se viu \u201capaixonado por S\u00e3o Francisco\u201d e o estilo de vida dos franciscanos, os \u2018padres de batina marrom\u2019. Perguntei a uma das Irm\u00e3s de Nossa Senhora de Sion em Campanha \u2013 elas tinham um col\u00e9gio muito bonito \u2013 e uma das irm\u00e3s lecionava no Semin\u00e1rio, franc\u00eas religi\u00e3o, hist\u00f3ria, ent\u00e3o era minha professora e tamb\u00e9m bibliotec\u00e1ria. Perguntei a ela como que se chamava o fundador daqueles padres de \u2018batina marrom\u2019, ela disse que era S\u00e3o Francisco de Assis. Na biblioteca, ela me deu um livro e me recomendou a leitura, falava sobre S\u00e3o Francisco, fundador dos franciscanos, foi a\u00ed que encontrei o que eu buscava, a minha voca\u00e7\u00e3o. Logo eu queria deixar o semin\u00e1rio Diocesano e entrar para o semin\u00e1rio franciscano\u201d, testemunhou o Vig\u00e1rio do Convento.<\/p>\n<p><img loading=\"lazy\" class=\"alignnone size-full wp-image-245025\" src=\"https:\/\/franciscanos.org.br\/noticias\/wp-content\/uploads\/2023\/10\/penha_03.jpg\" alt=\"\" width=\"1280\" height=\"853\" srcset=\"https:\/\/franciscanos.org.br\/noticias\/wp-content\/uploads\/2023\/10\/penha_03.jpg 1280w, https:\/\/franciscanos.org.br\/noticias\/wp-content\/uploads\/2023\/10\/penha_03-450x300.jpg 450w, https:\/\/franciscanos.org.br\/noticias\/wp-content\/uploads\/2023\/10\/penha_03-1024x682.jpg 1024w, https:\/\/franciscanos.org.br\/noticias\/wp-content\/uploads\/2023\/10\/penha_03-768x512.jpg 768w, https:\/\/franciscanos.org.br\/noticias\/wp-content\/uploads\/2023\/10\/penha_03-150x100.jpg 150w\" sizes=\"(max-width: 1280px) 100vw, 1280px\" \/><\/p>\n<p>Frei Paulo C\u00e9sar, ainda contando seu testemunho de vida franciscana, contou que imediatamente quando se identificou com a obra de S\u00e3o Francisco, decidiu comunicar ao bispo que desejava sair do semin\u00e1rio e ir para o semin\u00e1rio franciscano. Frei Paulo recordou que S\u00e3o Francisco foi homem de contempla\u00e7\u00e3o e de a\u00e7\u00e3o. \u201cS\u00e3o Francisco se retirava, gostava de ficar a s\u00f3s nas grutas, nos bosques, nas montanhas, mas ele sempre ficava de frente para o povoado, nunca de costas ou sem ver ningu\u00e9m. Estava na contempla\u00e7\u00e3o, mas com os olhos tamb\u00e9m voltados para para o povoado\u2026 S\u00e3o Francisco de Assis \u00e9 uma refer\u00eancia para todos n\u00f3s, crentes ou n\u00e3o, como ser humano, como crist\u00e3o, admirado por todos, lembrado de muitas formas, o ser humano \u2018cristificado\u2019, reconciliado com tudo e com todos que soube discernir e decidir sobre o que \u00e9 mais importante em nossa vida terrena. Quis ser pobre, despojado como o Cristo Crucificado que se deu todo a n\u00f3s e por n\u00f3s ao Pai\u201d, disse.<\/p>\n<p><img loading=\"lazy\" class=\"alignnone size-full wp-image-245026\" src=\"https:\/\/franciscanos.org.br\/noticias\/wp-content\/uploads\/2023\/10\/penha_04.jpg\" alt=\"\" width=\"1280\" height=\"853\" srcset=\"https:\/\/franciscanos.org.br\/noticias\/wp-content\/uploads\/2023\/10\/penha_04.jpg 1280w, https:\/\/franciscanos.org.br\/noticias\/wp-content\/uploads\/2023\/10\/penha_04-450x300.jpg 450w, https:\/\/franciscanos.org.br\/noticias\/wp-content\/uploads\/2023\/10\/penha_04-1024x682.jpg 1024w, https:\/\/franciscanos.org.br\/noticias\/wp-content\/uploads\/2023\/10\/penha_04-768x512.jpg 768w, https:\/\/franciscanos.org.br\/noticias\/wp-content\/uploads\/2023\/10\/penha_04-150x100.jpg 150w\" sizes=\"(max-width: 1280px) 100vw, 1280px\" \/><\/p>\n<p>No final da reflex\u00e3o, um dos momentos mais especiais. Frei Paulo C\u00e9sar entoou, com aux\u00edlio do m\u00fasico Victor Danezio, a Ladainha de S\u00e3o Francisco de Assis. \u201cDefensor dos animais, Protetor da ecologia. Paz e Bem pelas estradas, S\u00e3o Francisco da alegria!\u201d, diz um trecho da Ladainha.<\/p>\n<hr \/>\n<p><em>Veja toda a not\u00edcia e mais fotos no www.conventodapenha.org.br<\/em><\/p>\n","protected":false},"excerpt":{"rendered":"<p>Convento da Penha<\/p>\n","protected":false},"author":3,"featured_media":245023,"comment_status":"open","ping_status":"open","sticky":false,"template":"","format":"standard","meta":[],"categories":[1],"tags":[1249],"acf":[],"yoast_head":"<!-- This site is optimized with the Yoast SEO plugin v19.2 - https:\/\/yoast.com\/wordpress\/plugins\/seo\/ -->\n<title>Convento da Penha celebra S\u00e3o Francisco de Assis - Not\u00edcias - Franciscanos<\/title>\n<meta name=\"robots\" content=\"index, follow, max-snippet:-1, max-image-preview:large, max-video-preview:-1\" \/>\n<link rel=\"canonical\" href=\"https:\/\/franciscanos.org.br\/noticias\/convento-da-penha-celebra-sao-francisco-de-assis.html\" \/>\n<meta property=\"og:locale\" content=\"pt_BR\" \/>\n<meta property=\"og:type\" content=\"article\" \/>\n<meta property=\"og:title\" content=\"Convento da Penha celebra S\u00e3o Francisco de Assis - Not\u00edcias - Franciscanos\" \/>\n<meta property=\"og:description\" content=\"Convento da Penha\" \/>\n<meta property=\"og:url\" content=\"https:\/\/franciscanos.org.br\/noticias\/convento-da-penha-celebra-sao-francisco-de-assis.html\" \/>\n<meta property=\"og:site_name\" content=\"Not\u00edcias - Franciscanos\" \/>\n<meta property=\"article:published_time\" content=\"2023-10-05T20:54:35+00:00\" \/>\n<meta property=\"article:modified_time\" content=\"2023-10-08T11:28:35+00:00\" \/>\n<meta property=\"og:image\" content=\"https:\/\/franciscanos.org.br\/noticias\/wp-content\/uploads\/2023\/10\/penha_01.jpg\" \/>\n\t<meta property=\"og:image:width\" content=\"1280\" \/>\n\t<meta property=\"og:image:height\" content=\"720\" \/>\n\t<meta property=\"og:image:type\" content=\"image\/jpeg\" \/>\n<meta name=\"author\" content=\"moacir\" \/>\n<meta name=\"twitter:card\" content=\"summary_large_image\" \/>\n<meta name=\"twitter:label1\" content=\"Escrito por\" \/>\n\t<meta name=\"twitter:data1\" content=\"moacir\" \/>\n\t<meta name=\"twitter:label2\" content=\"Est. tempo de leitura\" \/>\n\t<meta name=\"twitter:data2\" content=\"4 minutos\" \/>\n<script type=\"application\/ld+json\" class=\"yoast-schema-graph\">{\"@context\":\"https:\/\/schema.org\",\"@graph\":[{\"@type\":\"WebSite\",\"@id\":\"https:\/\/franciscanos.org.br\/noticias\/#website\",\"url\":\"https:\/\/franciscanos.org.br\/noticias\/\",\"name\":\"Not\u00edcias - Franciscanos\",\"description\":\"Prov\u00edncia Franciscana da Imaculada Concei\u00e7\u00e3o do Brasil - Ordem dos Frades Menores - OFM\",\"potentialAction\":[{\"@type\":\"SearchAction\",\"target\":{\"@type\":\"EntryPoint\",\"urlTemplate\":\"https:\/\/franciscanos.org.br\/noticias\/?s={search_term_string}\"},\"query-input\":\"required name=search_term_string\"}],\"inLanguage\":\"pt-BR\"},{\"@type\":\"ImageObject\",\"inLanguage\":\"pt-BR\",\"@id\":\"https:\/\/franciscanos.org.br\/noticias\/convento-da-penha-celebra-sao-francisco-de-assis.html#primaryimage\",\"url\":\"https:\/\/franciscanos.org.br\/noticias\/wp-content\/uploads\/2023\/10\/penha_01.jpg\",\"contentUrl\":\"https:\/\/franciscanos.org.br\/noticias\/wp-content\/uploads\/2023\/10\/penha_01.jpg\",\"width\":1280,\"height\":720},{\"@type\":\"WebPage\",\"@id\":\"https:\/\/franciscanos.org.br\/noticias\/convento-da-penha-celebra-sao-francisco-de-assis.html#webpage\",\"url\":\"https:\/\/franciscanos.org.br\/noticias\/convento-da-penha-celebra-sao-francisco-de-assis.html\",\"name\":\"Convento da Penha celebra S\u00e3o Francisco de Assis - Not\u00edcias - Franciscanos\",\"isPartOf\":{\"@id\":\"https:\/\/franciscanos.org.br\/noticias\/#website\"},\"primaryImageOfPage\":{\"@id\":\"https:\/\/franciscanos.org.br\/noticias\/convento-da-penha-celebra-sao-francisco-de-assis.html#primaryimage\"},\"datePublished\":\"2023-10-05T20:54:35+00:00\",\"dateModified\":\"2023-10-08T11:28:35+00:00\",\"author\":{\"@id\":\"https:\/\/franciscanos.org.br\/noticias\/#\/schema\/person\/b5c8cba458c330ccff548b056e95a5d4\"},\"breadcrumb\":{\"@id\":\"https:\/\/franciscanos.org.br\/noticias\/convento-da-penha-celebra-sao-francisco-de-assis.html#breadcrumb\"},\"inLanguage\":\"pt-BR\",\"potentialAction\":[{\"@type\":\"ReadAction\",\"target\":[\"https:\/\/franciscanos.org.br\/noticias\/convento-da-penha-celebra-sao-francisco-de-assis.html\"]}]},{\"@type\":\"BreadcrumbList\",\"@id\":\"https:\/\/franciscanos.org.br\/noticias\/convento-da-penha-celebra-sao-francisco-de-assis.html#breadcrumb\",\"itemListElement\":[{\"@type\":\"ListItem\",\"position\":1,\"name\":\"Home\",\"item\":\"https:\/\/franciscanos.org.br\/noticias\"},{\"@type\":\"ListItem\",\"position\":2,\"name\":\"Convento da Penha celebra S\u00e3o Francisco de Assis\"}]},{\"@type\":\"Person\",\"@id\":\"https:\/\/franciscanos.org.br\/noticias\/#\/schema\/person\/b5c8cba458c330ccff548b056e95a5d4\",\"name\":\"moacir\",\"image\":{\"@type\":\"ImageObject\",\"inLanguage\":\"pt-BR\",\"@id\":\"https:\/\/franciscanos.org.br\/noticias\/#\/schema\/person\/image\/\",\"url\":\"https:\/\/secure.gravatar.com\/avatar\/d08aa2ce4c8dd416d4479aa8536fcf64?s=96&d=mm&r=g\",\"contentUrl\":\"https:\/\/secure.gravatar.com\/avatar\/d08aa2ce4c8dd416d4479aa8536fcf64?s=96&d=mm&r=g\",\"caption\":\"moacir\"},\"url\":\"https:\/\/franciscanos.org.br\/noticias\/author\/moacir\"}]}<\/script>\n<!-- \/ Yoast SEO plugin. -->","yoast_head_json":{"title":"Convento da Penha celebra S\u00e3o Francisco de Assis - Not\u00edcias - Franciscanos","robots":{"index":"index","follow":"follow","max-snippet":"max-snippet:-1","max-image-preview":"max-image-preview:large","max-video-preview":"max-video-preview:-1"},"canonical":"https:\/\/franciscanos.org.br\/noticias\/convento-da-penha-celebra-sao-francisco-de-assis.html","og_locale":"pt_BR","og_type":"article","og_title":"Convento da Penha celebra S\u00e3o Francisco de Assis - Not\u00edcias - Franciscanos","og_description":"Convento da Penha","og_url":"https:\/\/franciscanos.org.br\/noticias\/convento-da-penha-celebra-sao-francisco-de-assis.html","og_site_name":"Not\u00edcias - Franciscanos","article_published_time":"2023-10-05T20:54:35+00:00","article_modified_time":"2023-10-08T11:28:35+00:00","og_image":[{"width":1280,"height":720,"url":"https:\/\/franciscanos.org.br\/noticias\/wp-content\/uploads\/2023\/10\/penha_01.jpg","type":"image\/jpeg"}],"author":"moacir","twitter_card":"summary_large_image","twitter_misc":{"Escrito por":"moacir","Est. tempo de leitura":"4 minutos"},"schema":{"@context":"https:\/\/schema.org","@graph":[{"@type":"WebSite","@id":"https:\/\/franciscanos.org.br\/noticias\/#website","url":"https:\/\/franciscanos.org.br\/noticias\/","name":"Not\u00edcias - Franciscanos","description":"Prov\u00edncia Franciscana da Imaculada Concei\u00e7\u00e3o do Brasil - Ordem dos Frades Menores - OFM","potentialAction":[{"@type":"SearchAction","target":{"@type":"EntryPoint","urlTemplate":"https:\/\/franciscanos.org.br\/noticias\/?s={search_term_string}"},"query-input":"required name=search_term_string"}],"inLanguage":"pt-BR"},{"@type":"ImageObject","inLanguage":"pt-BR","@id":"https:\/\/franciscanos.org.br\/noticias\/convento-da-penha-celebra-sao-francisco-de-assis.html#primaryimage","url":"https:\/\/franciscanos.org.br\/noticias\/wp-content\/uploads\/2023\/10\/penha_01.jpg","contentUrl":"https:\/\/franciscanos.org.br\/noticias\/wp-content\/uploads\/2023\/10\/penha_01.jpg","width":1280,"height":720},{"@type":"WebPage","@id":"https:\/\/franciscanos.org.br\/noticias\/convento-da-penha-celebra-sao-francisco-de-assis.html#webpage","url":"https:\/\/franciscanos.org.br\/noticias\/convento-da-penha-celebra-sao-francisco-de-assis.html","name":"Convento da Penha celebra S\u00e3o Francisco de Assis - Not\u00edcias - Franciscanos","isPartOf":{"@id":"https:\/\/franciscanos.org.br\/noticias\/#website"},"primaryImageOfPage":{"@id":"https:\/\/franciscanos.org.br\/noticias\/convento-da-penha-celebra-sao-francisco-de-assis.html#primaryimage"},"datePublished":"2023-10-05T20:54:35+00:00","dateModified":"2023-10-08T11:28:35+00:00","author":{"@id":"https:\/\/franciscanos.org.br\/noticias\/#\/schema\/person\/b5c8cba458c330ccff548b056e95a5d4"},"breadcrumb":{"@id":"https:\/\/franciscanos.org.br\/noticias\/convento-da-penha-celebra-sao-francisco-de-assis.html#breadcrumb"},"inLanguage":"pt-BR","potentialAction":[{"@type":"ReadAction","target":["https:\/\/franciscanos.org.br\/noticias\/convento-da-penha-celebra-sao-francisco-de-assis.html"]}]},{"@type":"BreadcrumbList","@id":"https:\/\/franciscanos.org.br\/noticias\/convento-da-penha-celebra-sao-francisco-de-assis.html#breadcrumb","itemListElement":[{"@type":"ListItem","position":1,"name":"Home","item":"https:\/\/franciscanos.org.br\/noticias"},{"@type":"ListItem","position":2,"name":"Convento da Penha celebra S\u00e3o Francisco de Assis"}]},{"@type":"Person","@id":"https:\/\/franciscanos.org.br\/noticias\/#\/schema\/person\/b5c8cba458c330ccff548b056e95a5d4","name":"moacir","image":{"@type":"ImageObject","inLanguage":"pt-BR","@id":"https:\/\/franciscanos.org.br\/noticias\/#\/schema\/person\/image\/","url":"https:\/\/secure.gravatar.com\/avatar\/d08aa2ce4c8dd416d4479aa8536fcf64?s=96&d=mm&r=g","contentUrl":"https:\/\/secure.gravatar.com\/avatar\/d08aa2ce4c8dd416d4479aa8536fcf64?s=96&d=mm&r=g","caption":"moacir"},"url":"https:\/\/franciscanos.org.br\/noticias\/author\/moacir"}]}},"_links":{"self":[{"href":"https:\/\/franciscanos.org.br\/noticias\/wp-json\/wp\/v2\/posts\/245022"}],"collection":[{"href":"https:\/\/franciscanos.org.br\/noticias\/wp-json\/wp\/v2\/posts"}],"about":[{"href":"https:\/\/franciscanos.org.br\/noticias\/wp-json\/wp\/v2\/types\/post"}],"author":[{"embeddable":true,"href":"https:\/\/franciscanos.org.br\/noticias\/wp-json\/wp\/v2\/users\/3"}],"replies":[{"embeddable":true,"href":"https:\/\/franciscanos.org.br\/noticias\/wp-json\/wp\/v2\/comments?post=245022"}],"version-history":[{"count":1,"href":"https:\/\/franciscanos.org.br\/noticias\/wp-json\/wp\/v2\/posts\/245022\/revisions"}],"predecessor-version":[{"id":245027,"href":"https:\/\/franciscanos.org.br\/noticias\/wp-json\/wp\/v2\/posts\/245022\/revisions\/245027"}],"wp:featuredmedia":[{"embeddable":true,"href":"https:\/\/franciscanos.org.br\/noticias\/wp-json\/wp\/v2\/media\/245023"}],"wp:attachment":[{"href":"https:\/\/franciscanos.org.br\/noticias\/wp-json\/wp\/v2\/media?parent=245022"}],"wp:term":[{"taxonomy":"category","embeddable":true,"href":"https:\/\/franciscanos.org.br\/noticias\/wp-json\/wp\/v2\/categories?post=245022"},{"taxonomy":"post_tag","embeddable":true,"href":"https:\/\/franciscanos.org.br\/noticias\/wp-json\/wp\/v2\/tags?post=245022"}],"curies":[{"name":"wp","href":"https:\/\/api.w.org\/{rel}","templated":true}]}}