{"id":245017,"date":"2023-10-05T11:26:57","date_gmt":"2023-10-05T14:26:57","guid":{"rendered":"https:\/\/franciscanos.org.br\/noticias\/?p=245017"},"modified":"2023-10-05T11:26:57","modified_gmt":"2023-10-05T14:26:57","slug":"usf-expande-presenca-em-campinas-com-nova-unidade","status":"publish","type":"post","link":"https:\/\/franciscanos.org.br\/noticias\/usf-expande-presenca-em-campinas-com-nova-unidade.html","title":{"rendered":"USF expande presen\u00e7a em Campinas com Nova Unidade"},"content":{"rendered":"<p><img loading=\"lazy\" class=\"alignnone size-full wp-image-245018\" src=\"https:\/\/franciscanos.org.br\/noticias\/wp-content\/uploads\/2023\/10\/usf_05.jpg\" alt=\"\" width=\"1280\" height=\"720\" srcset=\"https:\/\/franciscanos.org.br\/noticias\/wp-content\/uploads\/2023\/10\/usf_05.jpg 1280w, https:\/\/franciscanos.org.br\/noticias\/wp-content\/uploads\/2023\/10\/usf_05-450x253.jpg 450w, https:\/\/franciscanos.org.br\/noticias\/wp-content\/uploads\/2023\/10\/usf_05-1024x576.jpg 1024w, https:\/\/franciscanos.org.br\/noticias\/wp-content\/uploads\/2023\/10\/usf_05-768x432.jpg 768w, https:\/\/franciscanos.org.br\/noticias\/wp-content\/uploads\/2023\/10\/usf_05-150x84.jpg 150w\" sizes=\"(max-width: 1280px) 100vw, 1280px\" \/><\/p>\n<p>A reitoria da Universidade S\u00e3o Francisco (USF) assinou nesta quarta-feira, dia 4 de outubro, o contrato para instala\u00e7\u00e3o de uma nova unidade na cidade de Campinas. A data para a assinatura do contrato escolhida foi o dia dedicado ao patrono, S\u00e3o Francisco de Assis.<\/p>\n<p>Nomeada como &#8220;Unidade Sagrado&#8221;, o espa\u00e7o ser\u00e1 inaugurado no primeiro semestre de 2024. Situada no bairro Nova Campinas, local que j\u00e1 abriga o Col\u00e9gio Sagrado Cora\u00e7\u00e3o de Jesus, da Congrega\u00e7\u00e3o das Irm\u00e3s de Nossa Senhora do Calv\u00e1rio e receber\u00e1 estudantes ingressantes dos seguintes cursos: Biomedicina, Enfermagem, Engenharia de Computa\u00e7\u00e3o, Engenharia El\u00e9trica e Psicologia.<\/p>\n<p>Participaram do encontro o Diretor Presidente da Mantenedora e vice-reitor, Frei Thiago Alexandre Hayakawa, OFM, o vice-presidente da Mantenedora, Frei Vitorio Mazzuco Filho, OFM, o Reitor da USF, Frei Gilberto Gon\u00e7alves Garcia, OFM, o Pr\u00f3-Reitor de Ensino, Pesquisa e Extens\u00e3o, professor Dilnei Lorenzi, o Pr\u00f3-Reitor de Administra\u00e7\u00e3o e Planejamento, professor Adriel Moura Cabral e o Diretor do C\u00e2mpus Campinas &#8211; Unidades Swift e Cambu\u00ed, professor Paulo Eduardo Silveira. Al\u00e9m das representantes do Col\u00e9gio Sagrado Cora\u00e7\u00e3o, Irm\u00e3 Concei\u00e7\u00e3o Melo, Irm\u00e3 Vera L\u00facia Fanchini, Irm\u00e1 Erika e Jos\u00e9 Ant\u00f4nio Locatelli Coriardo. \u201cTemos a alegria de fazer essa parceria e avan\u00e7ar em v\u00e1rios aspectos. Tenho o sonho de fazer uma grande parceria em vista o bem e a educa\u00e7\u00e3o\u201d, ressaltou Irm\u00e3 Concei\u00e7\u00e3o.<\/p>\n<p><img loading=\"lazy\" class=\"alignnone size-full wp-image-245019\" src=\"https:\/\/franciscanos.org.br\/noticias\/wp-content\/uploads\/2023\/10\/usf_05_2.jpg\" alt=\"\" width=\"1280\" height=\"780\" srcset=\"https:\/\/franciscanos.org.br\/noticias\/wp-content\/uploads\/2023\/10\/usf_05_2.jpg 1280w, https:\/\/franciscanos.org.br\/noticias\/wp-content\/uploads\/2023\/10\/usf_05_2-450x274.jpg 450w, https:\/\/franciscanos.org.br\/noticias\/wp-content\/uploads\/2023\/10\/usf_05_2-1024x624.jpg 1024w, https:\/\/franciscanos.org.br\/noticias\/wp-content\/uploads\/2023\/10\/usf_05_2-768x468.jpg 768w, https:\/\/franciscanos.org.br\/noticias\/wp-content\/uploads\/2023\/10\/usf_05_2-150x91.jpg 150w\" sizes=\"(max-width: 1280px) 100vw, 1280px\" \/><\/p>\n<p>Todos participaram de uma celebra\u00e7\u00e3o realizada no Anfiteatro, realizada pela Pastoral Universit\u00e1ria, em homenagem ao dia de S\u00e3o Francisco e ao fim da missa foi realizada a assinatura do contrato. \u201cTodos n\u00f3s que aqui estamos, funcion\u00e1rios, professores e estudantes, na celebra\u00e7\u00e3o do nosso patrono, S\u00e3o Francisco de Assis. Somos testemunhas da hist\u00f3ria da Universidade S\u00e3o Francisco. Acolhemos a equipe do Col\u00e9gio Sagrado Cora\u00e7\u00e3o de Jesus e com eles temos a alegria de comunicar toda a comunidade acad\u00eamica, que a USF abre mais uma unidade em Campinas. N\u00f3s teremos a partir do ano que vem a Unidade Sagrado\u201d, comentou Frei Thiago durante a celebra\u00e7\u00e3o.<\/p>\n<p>A expans\u00e3o marca a consolida\u00e7\u00e3o da USF em Campinas e ampliar\u00e1 o portf\u00f3lio de seus cursos na cidade. Dessa forma, a USF passar\u00e1 a ter 3 unidades na cidade: USF Swift, USF Cambu\u00ed e, agora, USF-Sagrado. \u201cVinte anos depois de chegarmos a Campinas, n\u00f3s em uma feliz tratativa ampliamos nosso espa\u00e7o na cidade, cuja a demanda j\u00e1 vinha nos alertando de encontrar um novo local. Uma parceria feliz e rec\u00edproca\u201d, destacou o Reitor.<\/p>\n<p><img loading=\"lazy\" class=\"alignnone size-full wp-image-245020\" src=\"https:\/\/franciscanos.org.br\/noticias\/wp-content\/uploads\/2023\/10\/usf_05_3.jpg\" alt=\"\" width=\"1280\" height=\"747\" srcset=\"https:\/\/franciscanos.org.br\/noticias\/wp-content\/uploads\/2023\/10\/usf_05_3.jpg 1280w, https:\/\/franciscanos.org.br\/noticias\/wp-content\/uploads\/2023\/10\/usf_05_3-450x263.jpg 450w, https:\/\/franciscanos.org.br\/noticias\/wp-content\/uploads\/2023\/10\/usf_05_3-1024x598.jpg 1024w, https:\/\/franciscanos.org.br\/noticias\/wp-content\/uploads\/2023\/10\/usf_05_3-768x448.jpg 768w, https:\/\/franciscanos.org.br\/noticias\/wp-content\/uploads\/2023\/10\/usf_05_3-150x88.jpg 150w\" sizes=\"(max-width: 1280px) 100vw, 1280px\" \/><\/p>\n<p style=\"padding-left: 40px;\"><strong>Confira o endere\u00e7o da Unidade Sagrado:<\/strong><\/p>\n<p style=\"padding-left: 40px;\"><strong>Avenida Dr. Manuel Afonso Ferreira, 245<\/strong><\/p>\n<p style=\"padding-left: 40px;\"><strong>Parque Nova Campinas<\/strong><\/p>\n<hr \/>\n<p><em>Ana Paula Moreira<\/em><\/p>\n","protected":false},"excerpt":{"rendered":"<p>Universidade S\u00e3o Francisco<\/p>\n","protected":false},"author":3,"featured_media":245018,"comment_status":"open","ping_status":"open","sticky":false,"template":"","format":"standard","meta":[],"categories":[1],"tags":[354],"acf":[],"yoast_head":"<!-- This site is optimized with the Yoast SEO plugin v19.2 - https:\/\/yoast.com\/wordpress\/plugins\/seo\/ -->\n<title>USF expande presen\u00e7a em Campinas com Nova Unidade - Not\u00edcias - Franciscanos<\/title>\n<meta name=\"robots\" content=\"index, follow, max-snippet:-1, max-image-preview:large, max-video-preview:-1\" \/>\n<link rel=\"canonical\" href=\"https:\/\/franciscanos.org.br\/noticias\/usf-expande-presenca-em-campinas-com-nova-unidade.html\" \/>\n<meta property=\"og:locale\" content=\"pt_BR\" \/>\n<meta property=\"og:type\" content=\"article\" \/>\n<meta property=\"og:title\" content=\"USF expande presen\u00e7a em Campinas com Nova Unidade - Not\u00edcias - Franciscanos\" \/>\n<meta property=\"og:description\" content=\"Universidade S\u00e3o Francisco\" \/>\n<meta property=\"og:url\" content=\"https:\/\/franciscanos.org.br\/noticias\/usf-expande-presenca-em-campinas-com-nova-unidade.html\" \/>\n<meta property=\"og:site_name\" content=\"Not\u00edcias - Franciscanos\" \/>\n<meta property=\"article:published_time\" content=\"2023-10-05T14:26:57+00:00\" \/>\n<meta property=\"og:image\" content=\"https:\/\/franciscanos.org.br\/noticias\/wp-content\/uploads\/2023\/10\/usf_05.jpg\" \/>\n\t<meta property=\"og:image:width\" content=\"1280\" \/>\n\t<meta property=\"og:image:height\" content=\"720\" \/>\n\t<meta property=\"og:image:type\" content=\"image\/jpeg\" \/>\n<meta name=\"author\" content=\"moacir\" \/>\n<meta name=\"twitter:card\" content=\"summary_large_image\" \/>\n<meta name=\"twitter:label1\" content=\"Escrito por\" \/>\n\t<meta name=\"twitter:data1\" content=\"moacir\" \/>\n\t<meta name=\"twitter:label2\" content=\"Est. tempo de leitura\" \/>\n\t<meta name=\"twitter:data2\" content=\"2 minutos\" \/>\n<script type=\"application\/ld+json\" class=\"yoast-schema-graph\">{\"@context\":\"https:\/\/schema.org\",\"@graph\":[{\"@type\":\"WebSite\",\"@id\":\"https:\/\/franciscanos.org.br\/noticias\/#website\",\"url\":\"https:\/\/franciscanos.org.br\/noticias\/\",\"name\":\"Not\u00edcias - Franciscanos\",\"description\":\"Prov\u00edncia Franciscana da Imaculada Concei\u00e7\u00e3o do Brasil - Ordem dos Frades Menores - OFM\",\"potentialAction\":[{\"@type\":\"SearchAction\",\"target\":{\"@type\":\"EntryPoint\",\"urlTemplate\":\"https:\/\/franciscanos.org.br\/noticias\/?s={search_term_string}\"},\"query-input\":\"required name=search_term_string\"}],\"inLanguage\":\"pt-BR\"},{\"@type\":\"ImageObject\",\"inLanguage\":\"pt-BR\",\"@id\":\"https:\/\/franciscanos.org.br\/noticias\/usf-expande-presenca-em-campinas-com-nova-unidade.html#primaryimage\",\"url\":\"https:\/\/franciscanos.org.br\/noticias\/wp-content\/uploads\/2023\/10\/usf_05.jpg\",\"contentUrl\":\"https:\/\/franciscanos.org.br\/noticias\/wp-content\/uploads\/2023\/10\/usf_05.jpg\",\"width\":1280,\"height\":720},{\"@type\":\"WebPage\",\"@id\":\"https:\/\/franciscanos.org.br\/noticias\/usf-expande-presenca-em-campinas-com-nova-unidade.html#webpage\",\"url\":\"https:\/\/franciscanos.org.br\/noticias\/usf-expande-presenca-em-campinas-com-nova-unidade.html\",\"name\":\"USF expande presen\u00e7a em Campinas com Nova Unidade - Not\u00edcias - Franciscanos\",\"isPartOf\":{\"@id\":\"https:\/\/franciscanos.org.br\/noticias\/#website\"},\"primaryImageOfPage\":{\"@id\":\"https:\/\/franciscanos.org.br\/noticias\/usf-expande-presenca-em-campinas-com-nova-unidade.html#primaryimage\"},\"datePublished\":\"2023-10-05T14:26:57+00:00\",\"dateModified\":\"2023-10-05T14:26:57+00:00\",\"author\":{\"@id\":\"https:\/\/franciscanos.org.br\/noticias\/#\/schema\/person\/b5c8cba458c330ccff548b056e95a5d4\"},\"breadcrumb\":{\"@id\":\"https:\/\/franciscanos.org.br\/noticias\/usf-expande-presenca-em-campinas-com-nova-unidade.html#breadcrumb\"},\"inLanguage\":\"pt-BR\",\"potentialAction\":[{\"@type\":\"ReadAction\",\"target\":[\"https:\/\/franciscanos.org.br\/noticias\/usf-expande-presenca-em-campinas-com-nova-unidade.html\"]}]},{\"@type\":\"BreadcrumbList\",\"@id\":\"https:\/\/franciscanos.org.br\/noticias\/usf-expande-presenca-em-campinas-com-nova-unidade.html#breadcrumb\",\"itemListElement\":[{\"@type\":\"ListItem\",\"position\":1,\"name\":\"Home\",\"item\":\"https:\/\/franciscanos.org.br\/noticias\"},{\"@type\":\"ListItem\",\"position\":2,\"name\":\"USF expande presen\u00e7a em Campinas com Nova Unidade\"}]},{\"@type\":\"Person\",\"@id\":\"https:\/\/franciscanos.org.br\/noticias\/#\/schema\/person\/b5c8cba458c330ccff548b056e95a5d4\",\"name\":\"moacir\",\"image\":{\"@type\":\"ImageObject\",\"inLanguage\":\"pt-BR\",\"@id\":\"https:\/\/franciscanos.org.br\/noticias\/#\/schema\/person\/image\/\",\"url\":\"https:\/\/secure.gravatar.com\/avatar\/d08aa2ce4c8dd416d4479aa8536fcf64?s=96&d=mm&r=g\",\"contentUrl\":\"https:\/\/secure.gravatar.com\/avatar\/d08aa2ce4c8dd416d4479aa8536fcf64?s=96&d=mm&r=g\",\"caption\":\"moacir\"},\"url\":\"https:\/\/franciscanos.org.br\/noticias\/author\/moacir\"}]}<\/script>\n<!-- \/ Yoast SEO plugin. -->","yoast_head_json":{"title":"USF expande presen\u00e7a em Campinas com Nova Unidade - Not\u00edcias - Franciscanos","robots":{"index":"index","follow":"follow","max-snippet":"max-snippet:-1","max-image-preview":"max-image-preview:large","max-video-preview":"max-video-preview:-1"},"canonical":"https:\/\/franciscanos.org.br\/noticias\/usf-expande-presenca-em-campinas-com-nova-unidade.html","og_locale":"pt_BR","og_type":"article","og_title":"USF expande presen\u00e7a em Campinas com Nova Unidade - Not\u00edcias - Franciscanos","og_description":"Universidade S\u00e3o Francisco","og_url":"https:\/\/franciscanos.org.br\/noticias\/usf-expande-presenca-em-campinas-com-nova-unidade.html","og_site_name":"Not\u00edcias - Franciscanos","article_published_time":"2023-10-05T14:26:57+00:00","og_image":[{"width":1280,"height":720,"url":"https:\/\/franciscanos.org.br\/noticias\/wp-content\/uploads\/2023\/10\/usf_05.jpg","type":"image\/jpeg"}],"author":"moacir","twitter_card":"summary_large_image","twitter_misc":{"Escrito por":"moacir","Est. tempo de leitura":"2 minutos"},"schema":{"@context":"https:\/\/schema.org","@graph":[{"@type":"WebSite","@id":"https:\/\/franciscanos.org.br\/noticias\/#website","url":"https:\/\/franciscanos.org.br\/noticias\/","name":"Not\u00edcias - Franciscanos","description":"Prov\u00edncia Franciscana da Imaculada Concei\u00e7\u00e3o do Brasil - Ordem dos Frades Menores - OFM","potentialAction":[{"@type":"SearchAction","target":{"@type":"EntryPoint","urlTemplate":"https:\/\/franciscanos.org.br\/noticias\/?s={search_term_string}"},"query-input":"required name=search_term_string"}],"inLanguage":"pt-BR"},{"@type":"ImageObject","inLanguage":"pt-BR","@id":"https:\/\/franciscanos.org.br\/noticias\/usf-expande-presenca-em-campinas-com-nova-unidade.html#primaryimage","url":"https:\/\/franciscanos.org.br\/noticias\/wp-content\/uploads\/2023\/10\/usf_05.jpg","contentUrl":"https:\/\/franciscanos.org.br\/noticias\/wp-content\/uploads\/2023\/10\/usf_05.jpg","width":1280,"height":720},{"@type":"WebPage","@id":"https:\/\/franciscanos.org.br\/noticias\/usf-expande-presenca-em-campinas-com-nova-unidade.html#webpage","url":"https:\/\/franciscanos.org.br\/noticias\/usf-expande-presenca-em-campinas-com-nova-unidade.html","name":"USF expande presen\u00e7a em Campinas com Nova Unidade - Not\u00edcias - Franciscanos","isPartOf":{"@id":"https:\/\/franciscanos.org.br\/noticias\/#website"},"primaryImageOfPage":{"@id":"https:\/\/franciscanos.org.br\/noticias\/usf-expande-presenca-em-campinas-com-nova-unidade.html#primaryimage"},"datePublished":"2023-10-05T14:26:57+00:00","dateModified":"2023-10-05T14:26:57+00:00","author":{"@id":"https:\/\/franciscanos.org.br\/noticias\/#\/schema\/person\/b5c8cba458c330ccff548b056e95a5d4"},"breadcrumb":{"@id":"https:\/\/franciscanos.org.br\/noticias\/usf-expande-presenca-em-campinas-com-nova-unidade.html#breadcrumb"},"inLanguage":"pt-BR","potentialAction":[{"@type":"ReadAction","target":["https:\/\/franciscanos.org.br\/noticias\/usf-expande-presenca-em-campinas-com-nova-unidade.html"]}]},{"@type":"BreadcrumbList","@id":"https:\/\/franciscanos.org.br\/noticias\/usf-expande-presenca-em-campinas-com-nova-unidade.html#breadcrumb","itemListElement":[{"@type":"ListItem","position":1,"name":"Home","item":"https:\/\/franciscanos.org.br\/noticias"},{"@type":"ListItem","position":2,"name":"USF expande presen\u00e7a em Campinas com Nova Unidade"}]},{"@type":"Person","@id":"https:\/\/franciscanos.org.br\/noticias\/#\/schema\/person\/b5c8cba458c330ccff548b056e95a5d4","name":"moacir","image":{"@type":"ImageObject","inLanguage":"pt-BR","@id":"https:\/\/franciscanos.org.br\/noticias\/#\/schema\/person\/image\/","url":"https:\/\/secure.gravatar.com\/avatar\/d08aa2ce4c8dd416d4479aa8536fcf64?s=96&d=mm&r=g","contentUrl":"https:\/\/secure.gravatar.com\/avatar\/d08aa2ce4c8dd416d4479aa8536fcf64?s=96&d=mm&r=g","caption":"moacir"},"url":"https:\/\/franciscanos.org.br\/noticias\/author\/moacir"}]}},"_links":{"self":[{"href":"https:\/\/franciscanos.org.br\/noticias\/wp-json\/wp\/v2\/posts\/245017"}],"collection":[{"href":"https:\/\/franciscanos.org.br\/noticias\/wp-json\/wp\/v2\/posts"}],"about":[{"href":"https:\/\/franciscanos.org.br\/noticias\/wp-json\/wp\/v2\/types\/post"}],"author":[{"embeddable":true,"href":"https:\/\/franciscanos.org.br\/noticias\/wp-json\/wp\/v2\/users\/3"}],"replies":[{"embeddable":true,"href":"https:\/\/franciscanos.org.br\/noticias\/wp-json\/wp\/v2\/comments?post=245017"}],"version-history":[{"count":1,"href":"https:\/\/franciscanos.org.br\/noticias\/wp-json\/wp\/v2\/posts\/245017\/revisions"}],"predecessor-version":[{"id":245021,"href":"https:\/\/franciscanos.org.br\/noticias\/wp-json\/wp\/v2\/posts\/245017\/revisions\/245021"}],"wp:featuredmedia":[{"embeddable":true,"href":"https:\/\/franciscanos.org.br\/noticias\/wp-json\/wp\/v2\/media\/245018"}],"wp:attachment":[{"href":"https:\/\/franciscanos.org.br\/noticias\/wp-json\/wp\/v2\/media?parent=245017"}],"wp:term":[{"taxonomy":"category","embeddable":true,"href":"https:\/\/franciscanos.org.br\/noticias\/wp-json\/wp\/v2\/categories?post=245017"},{"taxonomy":"post_tag","embeddable":true,"href":"https:\/\/franciscanos.org.br\/noticias\/wp-json\/wp\/v2\/tags?post=245017"}],"curies":[{"name":"wp","href":"https:\/\/api.w.org\/{rel}","templated":true}]}}