{"id":244990,"date":"2023-10-04T18:19:05","date_gmt":"2023-10-04T21:19:05","guid":{"rendered":"https:\/\/franciscanos.org.br\/noticias\/?p=244990"},"modified":"2023-10-08T08:30:03","modified_gmt":"2023-10-08T11:30:03","slug":"o-encantamento-do-natal-de-greccio-nas-festividades-no-convento-sao-francisco","status":"publish","type":"post","link":"https:\/\/franciscanos.org.br\/noticias\/o-encantamento-do-natal-de-greccio-nas-festividades-no-convento-sao-francisco.html","title":{"rendered":"O encantamento do Natal de Greccio nas festividades no Convento S\u00e3o Francisco"},"content":{"rendered":"<div id=\"attachment_244991\" style=\"width: 1290px\" class=\"wp-caption alignnone\"><img aria-describedby=\"caption-attachment-244991\" loading=\"lazy\" class=\"wp-image-244991 size-full\" src=\"https:\/\/franciscanos.org.br\/noticias\/wp-content\/uploads\/2023\/10\/sf_01.jpg\" alt=\"\" width=\"1280\" height=\"720\" srcset=\"https:\/\/franciscanos.org.br\/noticias\/wp-content\/uploads\/2023\/10\/sf_01.jpg 1280w, https:\/\/franciscanos.org.br\/noticias\/wp-content\/uploads\/2023\/10\/sf_01-450x253.jpg 450w, https:\/\/franciscanos.org.br\/noticias\/wp-content\/uploads\/2023\/10\/sf_01-1024x576.jpg 1024w, https:\/\/franciscanos.org.br\/noticias\/wp-content\/uploads\/2023\/10\/sf_01-768x432.jpg 768w, https:\/\/franciscanos.org.br\/noticias\/wp-content\/uploads\/2023\/10\/sf_01-150x84.jpg 150w\" sizes=\"(max-width: 1280px) 100vw, 1280px\" \/><p id=\"caption-attachment-244991\" class=\"wp-caption-text\"><em>Missa, \u00e0s 10 horas, presidida por Frei Roberto Aparecido Pereira<\/em><\/p><\/div>\n<p><strong>S\u00e3o Paulo (SP)<\/strong> &#8211; Padroeiro de duas grandes igrejas franciscanas desta Prov\u00edncia da Imaculada Concei\u00e7\u00e3o, em S\u00e3o Paulo, S\u00e3o Francisco de Assis mostrou o quanto \u00e9 querido pelos seus fi\u00e9is devotos. O Convento S\u00e3o Francisco, no centro da metr\u00f3pole paulistana, caprichou nas festividades, com as Missas, prega\u00e7\u00f5es e b\u00ean\u00e7\u00e3os, onde os temas se concentraram nos Jubileus dos 800 anos de Aprova\u00e7\u00e3o da Regra dos Frades Menores e o Natal de Greccio celebrados em 2023. \u00a0A outra igreja \u00e9 a Par\u00f3quia da Vila Clementino.<\/p>\n<p>Ao mesmo tempo, em Roma, o Papa Francisco colocava o Santo de Assis no centro do grande acontecimento da segunda parte da <em>Laudato Si&#8217;<\/em>: &#8220;Louvai a Deus, por todas as suas criaturas: foi este o convite que S\u00e3o Francisco de Assis fez com a sua vida, os seus c\u00e2nticos e os seus gestos. Retomou assim a proposta dos salmos da B\u00edblia e reproduziu a sensibilidade de Jesus para com as criaturas de seu Pai&#8221;, escreveu o xar\u00e1 do <em>Poverello<\/em> de Assis. Esta nova exorta\u00e7\u00e3o apost\u00f3lica leva o nome <em>de Laudate Deum<\/em>, tirada do C\u00e2ntico das Criaturas, de S\u00e3o Francisco de Assis.<\/p>\n<p><img loading=\"lazy\" class=\"alignnone size-full wp-image-244992\" src=\"https:\/\/franciscanos.org.br\/noticias\/wp-content\/uploads\/2023\/10\/sf_02.jpg\" alt=\"\" width=\"1280\" height=\"771\" srcset=\"https:\/\/franciscanos.org.br\/noticias\/wp-content\/uploads\/2023\/10\/sf_02.jpg 1280w, https:\/\/franciscanos.org.br\/noticias\/wp-content\/uploads\/2023\/10\/sf_02-450x271.jpg 450w, https:\/\/franciscanos.org.br\/noticias\/wp-content\/uploads\/2023\/10\/sf_02-1024x617.jpg 1024w, https:\/\/franciscanos.org.br\/noticias\/wp-content\/uploads\/2023\/10\/sf_02-768x463.jpg 768w, https:\/\/franciscanos.org.br\/noticias\/wp-content\/uploads\/2023\/10\/sf_02-150x90.jpg 150w\" sizes=\"(max-width: 1280px) 100vw, 1280px\" \/><\/p>\n<p><strong>GRECCIO TAMB\u00c9M LEMBRA QUE \u201cO AMOR N\u00c3O \u00c9 AMADO\u201d<\/strong><\/p>\n<p>No largo S\u00e3o Francisco, as Missas come\u00e7aram \u00e0s 7h e terminaram \u00e0s 18h, assim como as b\u00ean\u00e7\u00e3os dos animais e dos devotos. Barracas foram montadas no Largo, para o bolo de S\u00e3o Francisco, p\u00e3es e produtos do Convento, doces e salgados e venda de livros, artigos religiosos e artesanato. A macarronada do Convento, para homenagear a terra do Santo de Assis, n\u00e3o faltou. O dia nublado e o clima ameno s\u00f3 ajudaram. Mas isso s\u00f3 at\u00e9 \u00e0s 16h30, quando um temporal caiu em S\u00e3o Paulo: Bem-vinda irm\u00e3 chuva!<\/p>\n<p>Para o reitor e p\u00e1roco do Santu\u00e1rio e Convento S\u00e3o Francisco, Frei M\u00e1rio Luiz Tagliari, a Novena que preparou para a festa foi toda ela sobre o Mist\u00e9rio da Encarna\u00e7\u00e3o, da luz que iluminou o mundo, da fragilidade e dos desafios a partir daquela noite. &#8220;Nesse ano estamos celebrando os 800 anos da aprova\u00e7\u00e3o da Regra e tamb\u00e9m 800 anos da cria\u00e7\u00e3o do Pres\u00e9pio de Greccio. Cria\u00e7\u00e3o \u00e9 a experi\u00eancia que Francisco quis viver. N\u00e3o foi uma encena\u00e7\u00e3o, n\u00e3o foi um teatro, mas ele voltou feliz de Roma com a aprova\u00e7\u00e3o da Regra. Praticamente, menos de um m\u00eas, no dia 28 de novembro, ele teve a aprova\u00e7\u00e3o definitiva da Regra&#8221;, situou o frade.<\/p>\n<p><img loading=\"lazy\" class=\"alignnone size-full wp-image-244993\" src=\"https:\/\/franciscanos.org.br\/noticias\/wp-content\/uploads\/2023\/10\/sf_03.jpg\" alt=\"\" width=\"1280\" height=\"714\" srcset=\"https:\/\/franciscanos.org.br\/noticias\/wp-content\/uploads\/2023\/10\/sf_03.jpg 1280w, https:\/\/franciscanos.org.br\/noticias\/wp-content\/uploads\/2023\/10\/sf_03-450x251.jpg 450w, https:\/\/franciscanos.org.br\/noticias\/wp-content\/uploads\/2023\/10\/sf_03-1024x571.jpg 1024w, https:\/\/franciscanos.org.br\/noticias\/wp-content\/uploads\/2023\/10\/sf_03-768x428.jpg 768w, https:\/\/franciscanos.org.br\/noticias\/wp-content\/uploads\/2023\/10\/sf_03-150x84.jpg 150w\" sizes=\"(max-width: 1280px) 100vw, 1280px\" \/><\/p>\n<p>A felicidade de Francisco o levou ao Vale de Rieti, onde est\u00e1 a aldeiazinha de Greccio, e l\u00e1 quis vivenciar com toda a alegria e liberdade a aprova\u00e7\u00e3o do Papa ao seu modelo de vida. Ele quis viver, com muita intensidade, a encarna\u00e7\u00e3o de Deus numa crian\u00e7a fr\u00e1gil. Ele disse: &#8216;Eu quero ver e sentir com todos os meus sentidos, a pobreza e apuros que passou a Virgem Maria, M\u00e3e de Jesus, ao dar \u00e0 luz dentro de uma gruta junto com animais, colocando o Menino Jesus num coxo, em meio \u00e0s palhas'&#8221;, explicou o reitor, ressaltando que os dois acontecimentos est\u00e3o muito interligados.<\/p>\n<p>Em Greccio, ele pede a um sr. chamado Jo\u00e3o para que arrume esse lugar a fim de vivenciar essa experi\u00eancia. &#8220;Ent\u00e3o, dentro de uma gruta, o povo da aldeia toda vem com tochas, ilumina aquela noite fria e passam toda a noite contemplando o Mist\u00e9rio da Encarna\u00e7\u00e3o, que \u00e9 Deus assumir nossa vida e nossa humanidade, de uma forma t\u00e3o simples, t\u00e3o fr\u00e1gil, numa crian\u00e7a precisando do aquecimento do boi e do burro&#8221;, detalhou.<\/p>\n<p><img loading=\"lazy\" class=\"alignnone size-full wp-image-244995\" src=\"https:\/\/franciscanos.org.br\/noticias\/wp-content\/uploads\/2023\/10\/sf_04.jpg\" alt=\"\" width=\"1280\" height=\"789\" srcset=\"https:\/\/franciscanos.org.br\/noticias\/wp-content\/uploads\/2023\/10\/sf_04.jpg 1280w, https:\/\/franciscanos.org.br\/noticias\/wp-content\/uploads\/2023\/10\/sf_04-450x277.jpg 450w, https:\/\/franciscanos.org.br\/noticias\/wp-content\/uploads\/2023\/10\/sf_04-1024x631.jpg 1024w, https:\/\/franciscanos.org.br\/noticias\/wp-content\/uploads\/2023\/10\/sf_04-768x473.jpg 768w, https:\/\/franciscanos.org.br\/noticias\/wp-content\/uploads\/2023\/10\/sf_04-150x92.jpg 150w\" sizes=\"(max-width: 1280px) 100vw, 1280px\" \/><\/p>\n<p>A partir desse tema, segundo Frei M\u00e1rio, refletiu-se sobre nosso cuidado para com as pessoas, com as crian\u00e7as, com os pobres, aqueles que n\u00e3o t\u00eam acesso ao m\u00ednimo direito de viver com dignidade. &#8220;A Novena para esta festa trabalhou v\u00e1rios aspectos a partir disso, e o tema da Eucaristia, porque no mesmo altar em que ele celebrou a noite de Natal, foi celebrada a Eucaristia. Ent\u00e3o, esse mesmo Deus que se faz humilde, crian\u00e7a, tamb\u00e9m se faz alimento. E as pessoas que estavam l\u00e1 levaram essas palhas para casa e, segundo os hagi\u00f3grafos, os animais eram curados com as palhas em que Jesus teria repousado. Interessante \u00e9 que ele abriu m\u00e3o de ter um beb\u00ea. No entanto, as pessoas teriam visto nos bra\u00e7os dele o Menino Jesus e ele falando com tanto carinho, com tanta efus\u00e3o, que quando dizia a palavra Bel\u00e9m, ele imitava o balido de uma ovelha: Bel\u00e9m, Bel\u00e9m&#8230; Isso mostra o quanto de humano ele expressou nisso&#8221;, destacou.<\/p>\n<div id=\"attachment_244996\" style=\"width: 460px\" class=\"wp-caption alignright\"><img aria-describedby=\"caption-attachment-244996\" loading=\"lazy\" class=\"wp-image-244996 size-full\" src=\"https:\/\/franciscanos.org.br\/noticias\/wp-content\/uploads\/2023\/10\/sf_07.jpg\" alt=\"\" width=\"450\" height=\"420\" srcset=\"https:\/\/franciscanos.org.br\/noticias\/wp-content\/uploads\/2023\/10\/sf_07.jpg 450w, https:\/\/franciscanos.org.br\/noticias\/wp-content\/uploads\/2023\/10\/sf_07-150x140.jpg 150w\" sizes=\"(max-width: 450px) 100vw, 450px\" \/><p id=\"caption-attachment-244996\" class=\"wp-caption-text\"><em>O franciscano secular Aureliano Pereira<\/em><\/p><\/div>\n<p>&#8220;E o Papa Francisco com a segunda exorta\u00e7\u00e3o, a continua\u00e7\u00e3o da Laudato Si&#8217;, continua chamando a aten\u00e7\u00e3o que amor n\u00e3o \u00e9 amado, como chorava S\u00e3o Francisco h\u00e1 800 anos. Como o amor n\u00e3o \u00e9 amado? N\u00e3o \u00e9 amado na fragilidade de quem est\u00e1 sofrendo diante de guerras, diante de tanta gente migrando, refugiando-se e morrendo no mar, de tanto \u00f3dio, intoler\u00e2ncia e discrimina\u00e7\u00e3o. \u00c9 um apelo para n\u00f3s revermos as nossas rela\u00e7\u00f5es humanas, as qualidades das nossas rela\u00e7\u00f5es humanas. Como convivemos com pessoas, com animais e com a natureza&#8221;, completou.<\/p>\n<p>O Bispo Auxiliar da Regi\u00e3o Episcopal S\u00e9, Dom Rog\u00e9rio Augusto das Neves, presidiu a Eucaristia ao meio-dia.<\/p>\n<p><strong>DEVO\u00c7\u00c3O E FESTA DOS ANIMAIS<\/strong><\/p>\n<p>Aos 88 anos, o franciscano secular Aureliano Pereira chegou para a Missa das 8h30. &#8220;Moro em Santo Andr\u00e9, mas foi aqui, na Igreja das Chagas que fiz a minha profiss\u00e3o na Ordem Franciscana Secular, que antes cham\u00e1vamos de Vener\u00e1vel Ordem Terceira, quando eu era conhecido com o meu nome religioso: Irm\u00e3o Constantino. Hoje, perten\u00e7o \u00e0 Fraternidade de Sapopemba. Mas o dia de S\u00e3o Francisco eu celebro aqui&#8221;, contou.\u00a0 Cearense, tem dois filhos do seu primeiro casamento e, com a morte de sua esposa, voltou a casar novamente e teve duas filhas.<\/p>\n<p>Ele \u00e9 professo desde 1968 e lamenta que hoje n\u00e3o esteja havendo renova\u00e7\u00e3o da Ordem Franciscana Secular. &#8220;Infelizmente, o jovem de hoje n\u00e3o quer compromisso \u00e9rio&#8221;, avalia. Animado, ele carrega com ele uma frase que ouviu de Dom Paulo Evaristo Arns: &#8220;Esperan\u00e7a sempre!&#8221;.<\/p>\n\n\t\t<style type=\"text\/css\">\n\t\t\t#gallery-1 {\n\t\t\t\tmargin: auto;\n\t\t\t}\n\t\t\t#gallery-1 .gallery-item {\n\t\t\t\tfloat: left;\n\t\t\t\tmargin-top: 10px;\n\t\t\t\ttext-align: center;\n\t\t\t\twidth: 50%;\n\t\t\t}\n\t\t\t#gallery-1 img {\n\t\t\t\tborder: 2px solid #cfcfcf;\n\t\t\t}\n\t\t\t#gallery-1 .gallery-caption {\n\t\t\t\tmargin-left: 0;\n\t\t\t}\n\t\t\t\/* see gallery_shortcode() in wp-includes\/media.php *\/\n\t\t<\/style>\n\t\t<div id='gallery-1' class='gallery galleryid-244990 gallery-columns-2 gallery-size-thumbnail'><dl class='gallery-item'>\n\t\t\t<dt class='gallery-icon portrait'>\n\t\t\t\t<a href='https:\/\/franciscanos.org.br\/noticias\/wp-content\/uploads\/2023\/10\/sf_05.jpg'><img width=\"300\" height=\"300\" src=\"https:\/\/franciscanos.org.br\/noticias\/wp-content\/uploads\/2023\/10\/sf_05-300x300.jpg\" class=\"attachment-thumbnail size-thumbnail\" alt=\"\" loading=\"lazy\" srcset=\"https:\/\/franciscanos.org.br\/noticias\/wp-content\/uploads\/2023\/10\/sf_05-300x300.jpg 300w, https:\/\/franciscanos.org.br\/noticias\/wp-content\/uploads\/2023\/10\/sf_05-100x100.jpg 100w\" sizes=\"(max-width: 300px) 100vw, 300px\" \/><\/a>\n\t\t\t<\/dt><\/dl><dl class='gallery-item'>\n\t\t\t<dt class='gallery-icon landscape'>\n\t\t\t\t<a href='https:\/\/franciscanos.org.br\/noticias\/wp-content\/uploads\/2023\/10\/sf_06.jpg'><img width=\"300\" height=\"300\" src=\"https:\/\/franciscanos.org.br\/noticias\/wp-content\/uploads\/2023\/10\/sf_06-300x300.jpg\" class=\"attachment-thumbnail size-thumbnail\" alt=\"\" loading=\"lazy\" srcset=\"https:\/\/franciscanos.org.br\/noticias\/wp-content\/uploads\/2023\/10\/sf_06-300x300.jpg 300w, https:\/\/franciscanos.org.br\/noticias\/wp-content\/uploads\/2023\/10\/sf_06-100x100.jpg 100w\" sizes=\"(max-width: 300px) 100vw, 300px\" \/><\/a>\n\t\t\t<\/dt><\/dl><br style=\"clear: both\" \/>\n\t\t<\/div>\n\n<p>A preval\u00eancia de caezinhos nas festividades \u00e9 comum no Largo, mas quem roubou a cena j\u00e1 h\u00e1 3 anos foi uma alpaca, animal da fam\u00edlia dos camel\u00eddeos. \u00c9 menor que a lhama, tendo uma pelagem mais longa e macia. \u00c9 criada no Peru, Chile e na Bol\u00edvia (regi\u00e3o dos Andes) para aproveitamento da sua l\u00e3. Segundo o seu cuidador, Andr\u00e9 Lu\u00eds da Silva, ela reside no Jardim Paulista: &#8220;Todo ano a gente a traz para a b\u00ean\u00e7\u00e3o dos animais&#8221;. Tranquila, ela desfilou e ganhou o p\u00fablico.<\/p>\n<hr \/>\n<p><em>Moacir Beggo<\/em><\/p>\n","protected":false},"excerpt":{"rendered":"<p>Convento e Santu\u00e1rio S\u00e3o Francisco de Assis <\/p>\n","protected":false},"author":3,"featured_media":244991,"comment_status":"open","ping_status":"open","sticky":false,"template":"","format":"standard","meta":[],"categories":[1],"tags":[1249],"acf":[],"yoast_head":"<!-- This site is optimized with the Yoast SEO plugin v19.2 - https:\/\/yoast.com\/wordpress\/plugins\/seo\/ -->\n<title>O encantamento do Natal de Greccio nas festividades no Convento S\u00e3o Francisco - Not\u00edcias - Franciscanos<\/title>\n<meta name=\"robots\" content=\"index, follow, max-snippet:-1, max-image-preview:large, max-video-preview:-1\" \/>\n<link rel=\"canonical\" href=\"https:\/\/franciscanos.org.br\/noticias\/o-encantamento-do-natal-de-greccio-nas-festividades-no-convento-sao-francisco.html\" \/>\n<meta property=\"og:locale\" content=\"pt_BR\" \/>\n<meta property=\"og:type\" content=\"article\" \/>\n<meta property=\"og:title\" content=\"O encantamento do Natal de Greccio nas festividades no Convento S\u00e3o Francisco - Not\u00edcias - Franciscanos\" \/>\n<meta property=\"og:description\" content=\"Convento e Santu\u00e1rio S\u00e3o Francisco de Assis\" \/>\n<meta property=\"og:url\" content=\"https:\/\/franciscanos.org.br\/noticias\/o-encantamento-do-natal-de-greccio-nas-festividades-no-convento-sao-francisco.html\" \/>\n<meta property=\"og:site_name\" content=\"Not\u00edcias - Franciscanos\" \/>\n<meta property=\"article:published_time\" content=\"2023-10-04T21:19:05+00:00\" \/>\n<meta property=\"article:modified_time\" content=\"2023-10-08T11:30:03+00:00\" \/>\n<meta property=\"og:image\" content=\"https:\/\/franciscanos.org.br\/noticias\/wp-content\/uploads\/2023\/10\/sf_01.jpg\" \/>\n\t<meta property=\"og:image:width\" content=\"1280\" \/>\n\t<meta property=\"og:image:height\" content=\"720\" \/>\n\t<meta property=\"og:image:type\" content=\"image\/jpeg\" \/>\n<meta name=\"author\" content=\"moacir\" \/>\n<meta name=\"twitter:card\" content=\"summary_large_image\" \/>\n<meta name=\"twitter:label1\" content=\"Escrito por\" \/>\n\t<meta name=\"twitter:data1\" content=\"moacir\" \/>\n\t<meta name=\"twitter:label2\" content=\"Est. tempo de leitura\" \/>\n\t<meta name=\"twitter:data2\" content=\"6 minutos\" \/>\n<script type=\"application\/ld+json\" class=\"yoast-schema-graph\">{\"@context\":\"https:\/\/schema.org\",\"@graph\":[{\"@type\":\"WebSite\",\"@id\":\"https:\/\/franciscanos.org.br\/noticias\/#website\",\"url\":\"https:\/\/franciscanos.org.br\/noticias\/\",\"name\":\"Not\u00edcias - Franciscanos\",\"description\":\"Prov\u00edncia Franciscana da Imaculada Concei\u00e7\u00e3o do Brasil - Ordem dos Frades Menores - OFM\",\"potentialAction\":[{\"@type\":\"SearchAction\",\"target\":{\"@type\":\"EntryPoint\",\"urlTemplate\":\"https:\/\/franciscanos.org.br\/noticias\/?s={search_term_string}\"},\"query-input\":\"required name=search_term_string\"}],\"inLanguage\":\"pt-BR\"},{\"@type\":\"ImageObject\",\"inLanguage\":\"pt-BR\",\"@id\":\"https:\/\/franciscanos.org.br\/noticias\/o-encantamento-do-natal-de-greccio-nas-festividades-no-convento-sao-francisco.html#primaryimage\",\"url\":\"https:\/\/franciscanos.org.br\/noticias\/wp-content\/uploads\/2023\/10\/sf_01.jpg\",\"contentUrl\":\"https:\/\/franciscanos.org.br\/noticias\/wp-content\/uploads\/2023\/10\/sf_01.jpg\",\"width\":1280,\"height\":720},{\"@type\":\"WebPage\",\"@id\":\"https:\/\/franciscanos.org.br\/noticias\/o-encantamento-do-natal-de-greccio-nas-festividades-no-convento-sao-francisco.html#webpage\",\"url\":\"https:\/\/franciscanos.org.br\/noticias\/o-encantamento-do-natal-de-greccio-nas-festividades-no-convento-sao-francisco.html\",\"name\":\"O encantamento do Natal de Greccio nas festividades no Convento S\u00e3o Francisco - Not\u00edcias - Franciscanos\",\"isPartOf\":{\"@id\":\"https:\/\/franciscanos.org.br\/noticias\/#website\"},\"primaryImageOfPage\":{\"@id\":\"https:\/\/franciscanos.org.br\/noticias\/o-encantamento-do-natal-de-greccio-nas-festividades-no-convento-sao-francisco.html#primaryimage\"},\"datePublished\":\"2023-10-04T21:19:05+00:00\",\"dateModified\":\"2023-10-08T11:30:03+00:00\",\"author\":{\"@id\":\"https:\/\/franciscanos.org.br\/noticias\/#\/schema\/person\/b5c8cba458c330ccff548b056e95a5d4\"},\"breadcrumb\":{\"@id\":\"https:\/\/franciscanos.org.br\/noticias\/o-encantamento-do-natal-de-greccio-nas-festividades-no-convento-sao-francisco.html#breadcrumb\"},\"inLanguage\":\"pt-BR\",\"potentialAction\":[{\"@type\":\"ReadAction\",\"target\":[\"https:\/\/franciscanos.org.br\/noticias\/o-encantamento-do-natal-de-greccio-nas-festividades-no-convento-sao-francisco.html\"]}]},{\"@type\":\"BreadcrumbList\",\"@id\":\"https:\/\/franciscanos.org.br\/noticias\/o-encantamento-do-natal-de-greccio-nas-festividades-no-convento-sao-francisco.html#breadcrumb\",\"itemListElement\":[{\"@type\":\"ListItem\",\"position\":1,\"name\":\"Home\",\"item\":\"https:\/\/franciscanos.org.br\/noticias\"},{\"@type\":\"ListItem\",\"position\":2,\"name\":\"O encantamento do Natal de Greccio nas festividades no Convento S\u00e3o Francisco\"}]},{\"@type\":\"Person\",\"@id\":\"https:\/\/franciscanos.org.br\/noticias\/#\/schema\/person\/b5c8cba458c330ccff548b056e95a5d4\",\"name\":\"moacir\",\"image\":{\"@type\":\"ImageObject\",\"inLanguage\":\"pt-BR\",\"@id\":\"https:\/\/franciscanos.org.br\/noticias\/#\/schema\/person\/image\/\",\"url\":\"https:\/\/secure.gravatar.com\/avatar\/d08aa2ce4c8dd416d4479aa8536fcf64?s=96&d=mm&r=g\",\"contentUrl\":\"https:\/\/secure.gravatar.com\/avatar\/d08aa2ce4c8dd416d4479aa8536fcf64?s=96&d=mm&r=g\",\"caption\":\"moacir\"},\"url\":\"https:\/\/franciscanos.org.br\/noticias\/author\/moacir\"}]}<\/script>\n<!-- \/ Yoast SEO plugin. -->","yoast_head_json":{"title":"O encantamento do Natal de Greccio nas festividades no Convento S\u00e3o Francisco - Not\u00edcias - Franciscanos","robots":{"index":"index","follow":"follow","max-snippet":"max-snippet:-1","max-image-preview":"max-image-preview:large","max-video-preview":"max-video-preview:-1"},"canonical":"https:\/\/franciscanos.org.br\/noticias\/o-encantamento-do-natal-de-greccio-nas-festividades-no-convento-sao-francisco.html","og_locale":"pt_BR","og_type":"article","og_title":"O encantamento do Natal de Greccio nas festividades no Convento S\u00e3o Francisco - Not\u00edcias - Franciscanos","og_description":"Convento e Santu\u00e1rio S\u00e3o Francisco de Assis","og_url":"https:\/\/franciscanos.org.br\/noticias\/o-encantamento-do-natal-de-greccio-nas-festividades-no-convento-sao-francisco.html","og_site_name":"Not\u00edcias - Franciscanos","article_published_time":"2023-10-04T21:19:05+00:00","article_modified_time":"2023-10-08T11:30:03+00:00","og_image":[{"width":1280,"height":720,"url":"https:\/\/franciscanos.org.br\/noticias\/wp-content\/uploads\/2023\/10\/sf_01.jpg","type":"image\/jpeg"}],"author":"moacir","twitter_card":"summary_large_image","twitter_misc":{"Escrito por":"moacir","Est. tempo de leitura":"6 minutos"},"schema":{"@context":"https:\/\/schema.org","@graph":[{"@type":"WebSite","@id":"https:\/\/franciscanos.org.br\/noticias\/#website","url":"https:\/\/franciscanos.org.br\/noticias\/","name":"Not\u00edcias - Franciscanos","description":"Prov\u00edncia Franciscana da Imaculada Concei\u00e7\u00e3o do Brasil - Ordem dos Frades Menores - OFM","potentialAction":[{"@type":"SearchAction","target":{"@type":"EntryPoint","urlTemplate":"https:\/\/franciscanos.org.br\/noticias\/?s={search_term_string}"},"query-input":"required name=search_term_string"}],"inLanguage":"pt-BR"},{"@type":"ImageObject","inLanguage":"pt-BR","@id":"https:\/\/franciscanos.org.br\/noticias\/o-encantamento-do-natal-de-greccio-nas-festividades-no-convento-sao-francisco.html#primaryimage","url":"https:\/\/franciscanos.org.br\/noticias\/wp-content\/uploads\/2023\/10\/sf_01.jpg","contentUrl":"https:\/\/franciscanos.org.br\/noticias\/wp-content\/uploads\/2023\/10\/sf_01.jpg","width":1280,"height":720},{"@type":"WebPage","@id":"https:\/\/franciscanos.org.br\/noticias\/o-encantamento-do-natal-de-greccio-nas-festividades-no-convento-sao-francisco.html#webpage","url":"https:\/\/franciscanos.org.br\/noticias\/o-encantamento-do-natal-de-greccio-nas-festividades-no-convento-sao-francisco.html","name":"O encantamento do Natal de Greccio nas festividades no Convento S\u00e3o Francisco - Not\u00edcias - Franciscanos","isPartOf":{"@id":"https:\/\/franciscanos.org.br\/noticias\/#website"},"primaryImageOfPage":{"@id":"https:\/\/franciscanos.org.br\/noticias\/o-encantamento-do-natal-de-greccio-nas-festividades-no-convento-sao-francisco.html#primaryimage"},"datePublished":"2023-10-04T21:19:05+00:00","dateModified":"2023-10-08T11:30:03+00:00","author":{"@id":"https:\/\/franciscanos.org.br\/noticias\/#\/schema\/person\/b5c8cba458c330ccff548b056e95a5d4"},"breadcrumb":{"@id":"https:\/\/franciscanos.org.br\/noticias\/o-encantamento-do-natal-de-greccio-nas-festividades-no-convento-sao-francisco.html#breadcrumb"},"inLanguage":"pt-BR","potentialAction":[{"@type":"ReadAction","target":["https:\/\/franciscanos.org.br\/noticias\/o-encantamento-do-natal-de-greccio-nas-festividades-no-convento-sao-francisco.html"]}]},{"@type":"BreadcrumbList","@id":"https:\/\/franciscanos.org.br\/noticias\/o-encantamento-do-natal-de-greccio-nas-festividades-no-convento-sao-francisco.html#breadcrumb","itemListElement":[{"@type":"ListItem","position":1,"name":"Home","item":"https:\/\/franciscanos.org.br\/noticias"},{"@type":"ListItem","position":2,"name":"O encantamento do Natal de Greccio nas festividades no Convento S\u00e3o Francisco"}]},{"@type":"Person","@id":"https:\/\/franciscanos.org.br\/noticias\/#\/schema\/person\/b5c8cba458c330ccff548b056e95a5d4","name":"moacir","image":{"@type":"ImageObject","inLanguage":"pt-BR","@id":"https:\/\/franciscanos.org.br\/noticias\/#\/schema\/person\/image\/","url":"https:\/\/secure.gravatar.com\/avatar\/d08aa2ce4c8dd416d4479aa8536fcf64?s=96&d=mm&r=g","contentUrl":"https:\/\/secure.gravatar.com\/avatar\/d08aa2ce4c8dd416d4479aa8536fcf64?s=96&d=mm&r=g","caption":"moacir"},"url":"https:\/\/franciscanos.org.br\/noticias\/author\/moacir"}]}},"_links":{"self":[{"href":"https:\/\/franciscanos.org.br\/noticias\/wp-json\/wp\/v2\/posts\/244990"}],"collection":[{"href":"https:\/\/franciscanos.org.br\/noticias\/wp-json\/wp\/v2\/posts"}],"about":[{"href":"https:\/\/franciscanos.org.br\/noticias\/wp-json\/wp\/v2\/types\/post"}],"author":[{"embeddable":true,"href":"https:\/\/franciscanos.org.br\/noticias\/wp-json\/wp\/v2\/users\/3"}],"replies":[{"embeddable":true,"href":"https:\/\/franciscanos.org.br\/noticias\/wp-json\/wp\/v2\/comments?post=244990"}],"version-history":[{"count":4,"href":"https:\/\/franciscanos.org.br\/noticias\/wp-json\/wp\/v2\/posts\/244990\/revisions"}],"predecessor-version":[{"id":245002,"href":"https:\/\/franciscanos.org.br\/noticias\/wp-json\/wp\/v2\/posts\/244990\/revisions\/245002"}],"wp:featuredmedia":[{"embeddable":true,"href":"https:\/\/franciscanos.org.br\/noticias\/wp-json\/wp\/v2\/media\/244991"}],"wp:attachment":[{"href":"https:\/\/franciscanos.org.br\/noticias\/wp-json\/wp\/v2\/media?parent=244990"}],"wp:term":[{"taxonomy":"category","embeddable":true,"href":"https:\/\/franciscanos.org.br\/noticias\/wp-json\/wp\/v2\/categories?post=244990"},{"taxonomy":"post_tag","embeddable":true,"href":"https:\/\/franciscanos.org.br\/noticias\/wp-json\/wp\/v2\/tags?post=244990"}],"curies":[{"name":"wp","href":"https:\/\/api.w.org\/{rel}","templated":true}]}}