{"id":244980,"date":"2023-10-04T18:09:03","date_gmt":"2023-10-04T21:09:03","guid":{"rendered":"https:\/\/franciscanos.org.br\/noticias\/?p=244980"},"modified":"2023-10-08T08:30:45","modified_gmt":"2023-10-08T11:30:45","slug":"frei-valdecir-sao-francisco-esta-muito-a-nossa-frente","status":"publish","type":"post","link":"https:\/\/franciscanos.org.br\/noticias\/frei-valdecir-sao-francisco-esta-muito-a-nossa-frente.html","title":{"rendered":"Frei Valdecir: \u201cS\u00e3o Francisco est\u00e1 muito \u00e0 nossa frente\u201d"},"content":{"rendered":"<p><img loading=\"lazy\" class=\"alignnone size-full wp-image-244981\" src=\"https:\/\/franciscanos.org.br\/noticias\/wp-content\/uploads\/2023\/10\/vila_01.jpg\" alt=\"\" width=\"1280\" height=\"720\" srcset=\"https:\/\/franciscanos.org.br\/noticias\/wp-content\/uploads\/2023\/10\/vila_01.jpg 1280w, https:\/\/franciscanos.org.br\/noticias\/wp-content\/uploads\/2023\/10\/vila_01-450x253.jpg 450w, https:\/\/franciscanos.org.br\/noticias\/wp-content\/uploads\/2023\/10\/vila_01-1024x576.jpg 1024w, https:\/\/franciscanos.org.br\/noticias\/wp-content\/uploads\/2023\/10\/vila_01-768x432.jpg 768w, https:\/\/franciscanos.org.br\/noticias\/wp-content\/uploads\/2023\/10\/vila_01-150x84.jpg 150w\" sizes=\"(max-width: 1280px) 100vw, 1280px\" \/><\/p>\n<p>&nbsp;<\/p>\n<p><strong>S\u00e3o Paulo (SP)<\/strong> \u2013 O clima ameno nos \u00faltimos dias em S\u00e3o Paulo, depois de muito calor, ajudou nas festividades de S\u00e3o Francisco de Assis, na Par\u00f3quia da Vila Clementino, em S\u00e3o Paulo, onde tamb\u00e9m est\u00e1 a Sede da Prov\u00edncia Franciscana da Imaculada Concei\u00e7\u00e3o do Brasil. O p\u00e1roco Frei Valdecir Schwambach presidiu a Missa do meio-dia. Segundo ele, S\u00e3o Francisco \u00e9 o fundador da Nossa Ordem Franciscana, o modelo, e a fonte de inspira\u00e7\u00e3o. &#8220;Talvez S\u00e3o Francisco seja esse santo t\u00e3o especial, querido, amado por todos n\u00f3s porque ele tem esse aspecto da docilidade de Deus, da docilidade de Jesus&#8221;, disse, acrescentando ainda a simplicidade e a humildade de Jesus.<\/p>\n<p>O dia 4 de outubro foi de festa, exatamente no ano dos Jubileus dos 800 anos de Aprova\u00e7\u00e3o da Regra dos Frades Menores e o Natal de Greccio, dois acontecimentos que marcaram as prega\u00e7\u00f5es. \u00a0Muitos fi\u00e9is participaram das celebra\u00e7\u00f5es e um grande n\u00famero de pessoas fez fila para aben\u00e7oar seus animais de estima\u00e7\u00e3o.<\/p>\n\n\t\t<style type=\"text\/css\">\n\t\t\t#gallery-1 {\n\t\t\t\tmargin: auto;\n\t\t\t}\n\t\t\t#gallery-1 .gallery-item {\n\t\t\t\tfloat: left;\n\t\t\t\tmargin-top: 10px;\n\t\t\t\ttext-align: center;\n\t\t\t\twidth: 50%;\n\t\t\t}\n\t\t\t#gallery-1 img {\n\t\t\t\tborder: 2px solid #cfcfcf;\n\t\t\t}\n\t\t\t#gallery-1 .gallery-caption {\n\t\t\t\tmargin-left: 0;\n\t\t\t}\n\t\t\t\/* see gallery_shortcode() in wp-includes\/media.php *\/\n\t\t<\/style>\n\t\t<div id='gallery-1' class='gallery galleryid-244980 gallery-columns-2 gallery-size-thumbnail'><dl class='gallery-item'>\n\t\t\t<dt class='gallery-icon landscape'>\n\t\t\t\t<a href='https:\/\/franciscanos.org.br\/noticias\/wp-content\/uploads\/2023\/10\/vila_02.jpg'><img width=\"300\" height=\"300\" src=\"https:\/\/franciscanos.org.br\/noticias\/wp-content\/uploads\/2023\/10\/vila_02-300x300.jpg\" class=\"attachment-thumbnail size-thumbnail\" alt=\"\" loading=\"lazy\" srcset=\"https:\/\/franciscanos.org.br\/noticias\/wp-content\/uploads\/2023\/10\/vila_02-300x300.jpg 300w, https:\/\/franciscanos.org.br\/noticias\/wp-content\/uploads\/2023\/10\/vila_02-100x100.jpg 100w\" sizes=\"(max-width: 300px) 100vw, 300px\" \/><\/a>\n\t\t\t<\/dt><\/dl><dl class='gallery-item'>\n\t\t\t<dt class='gallery-icon landscape'>\n\t\t\t\t<a href='https:\/\/franciscanos.org.br\/noticias\/wp-content\/uploads\/2023\/10\/vila_03.jpg'><img width=\"300\" height=\"300\" src=\"https:\/\/franciscanos.org.br\/noticias\/wp-content\/uploads\/2023\/10\/vila_03-300x300.jpg\" class=\"attachment-thumbnail size-thumbnail\" alt=\"\" loading=\"lazy\" srcset=\"https:\/\/franciscanos.org.br\/noticias\/wp-content\/uploads\/2023\/10\/vila_03-300x300.jpg 300w, https:\/\/franciscanos.org.br\/noticias\/wp-content\/uploads\/2023\/10\/vila_03-100x100.jpg 100w\" sizes=\"(max-width: 300px) 100vw, 300px\" \/><\/a>\n\t\t\t<\/dt><\/dl><br style=\"clear: both\" \/>\n\t\t<\/div>\n\n<p>Na Vila Clementino, os frades se revezaram para atender aos pedidos de b\u00ean\u00e7\u00e3os dos animais e das pessoas. Na frente da majestosa igreja foram armadas barracas de past\u00e9is, bolos e artigos religiosos. As Missas come\u00e7aram \u00e0s 7h e terminaram \u00e0s 19h30.<\/p>\n<p><img loading=\"lazy\" class=\"alignnone size-full wp-image-244984\" src=\"https:\/\/franciscanos.org.br\/noticias\/wp-content\/uploads\/2023\/10\/vila_04.jpg\" alt=\"\" width=\"1280\" height=\"786\" srcset=\"https:\/\/franciscanos.org.br\/noticias\/wp-content\/uploads\/2023\/10\/vila_04.jpg 1280w, https:\/\/franciscanos.org.br\/noticias\/wp-content\/uploads\/2023\/10\/vila_04-450x276.jpg 450w, https:\/\/franciscanos.org.br\/noticias\/wp-content\/uploads\/2023\/10\/vila_04-1024x629.jpg 1024w, https:\/\/franciscanos.org.br\/noticias\/wp-content\/uploads\/2023\/10\/vila_04-768x472.jpg 768w, https:\/\/franciscanos.org.br\/noticias\/wp-content\/uploads\/2023\/10\/vila_04-150x92.jpg 150w\" sizes=\"(max-width: 1280px) 100vw, 1280px\" \/><\/p>\n<p>Segundo o p\u00e1roco, S\u00e3o Francisco foi o santo por excel\u00eancia e contemplou a Encarna\u00e7\u00e3o de Jesus. \u201cHoje em dia, de forma muito disseminada por todos os cantos, pela internet, pelas redes sociais, encontra-se uma espiritualidade, uma teologia, que se esquece desse aspecto crucial da nossa f\u00e9 crist\u00e3. O aspecto da Encarna\u00e7\u00e3o de Jesus. Paulo vai dizer em suas cartas: &#8216;Jesus Cristo, existindo em condi\u00e7\u00e3o divina, n\u00e3o fez do ser igual a Deus uma usurpa\u00e7\u00e3o, mas ele esvaziou-se a si mesmo, assumindo a condi\u00e7\u00e3o de escravo e tornando-se igual aos homens&#8217;. Jo\u00e3o vai dizer: &#8216;Deus armou a sua tenda, a sua morada em nosso meio&#8217;. Ignorar esse aspecto fundamental da nossa f\u00e9, da nossa espiritualidade crist\u00e3 e cat\u00f3lica, \u00e9 negar Jesus. \u00c9 negar a Encarna\u00e7\u00e3o de Deus, o mist\u00e9rio de Deus, que quis fazer-se humano para falar para n\u00f3s, para o nosso cora\u00e7\u00e3o, com voz humana, com olhar humano, para alcan\u00e7ar os nossos sentidos, as nossas enfermidades, as nossas fraquezas, as nossas decep\u00e7\u00f5es, sendo ele mesmo um ser humano. S\u00f3 sendo humano para nos entender, para falar aos nossos ouvidos, sentir o que n\u00f3s sentimos. Um Deus sendo Deus veio falar conosco&#8221;, refletiu Fre Valdecir.<\/p>\n<p><img loading=\"lazy\" class=\"alignnone size-full wp-image-244985\" src=\"https:\/\/franciscanos.org.br\/noticias\/wp-content\/uploads\/2023\/10\/vila_05.jpg\" alt=\"\" width=\"1280\" height=\"924\" srcset=\"https:\/\/franciscanos.org.br\/noticias\/wp-content\/uploads\/2023\/10\/vila_05.jpg 1280w, https:\/\/franciscanos.org.br\/noticias\/wp-content\/uploads\/2023\/10\/vila_05-450x325.jpg 450w, https:\/\/franciscanos.org.br\/noticias\/wp-content\/uploads\/2023\/10\/vila_05-1024x739.jpg 1024w, https:\/\/franciscanos.org.br\/noticias\/wp-content\/uploads\/2023\/10\/vila_05-768x554.jpg 768w, https:\/\/franciscanos.org.br\/noticias\/wp-content\/uploads\/2023\/10\/vila_05-150x108.jpg 150w\" sizes=\"(max-width: 1280px) 100vw, 1280px\" \/><\/p>\n<p>Segundo ele, por isso que S\u00e3o Francisco celebrou o Natal de Greccio e, neste ano, celebramos os 800 anos do Natal de Greccio. &#8220;Muitas pessoas podem estranhar que estamos com um pres\u00e9pio fora de \u00e9poca h\u00e1 v\u00e1rios meses. Esse pres\u00e9pio foi colocado para lembrar esta data e o primeiro pres\u00e9pio, o primeiro o Natal de Francisco&#8221;, explicou.<\/p>\n<p>&#8220;S\u00e3o Francisco quis visualizar a humildade de Deus que nasceu numa manjedoura. Por isso, o pres\u00e9pio \u00e9 colocado diante de n\u00f3s como uma forma para despertar em n\u00f3s a crian\u00e7a que dorme. Despertar eterno Menino, a eterna Crian\u00e7a que est\u00e1 adormecida. Jesus vai dizer: S\u00f3 entra no Reino de Deus aquele que, ao longo da vida, n\u00e3o perde a dimens\u00e3o de eterna crian\u00e7a. De acordar o Menino que est\u00e1 diante de n\u00f3s. Por isso, celebramos toda a Ordem, toda a Fam\u00edlia Franciscana, assim como tamb\u00e9m celebramos os 800 anos da Regra que S\u00e3o Francisco escreveu como um modelo de vida para os frades e toda Fam\u00edlia Franciscana que vivia a partir da sua inspira\u00e7\u00e3o. A Regra n\u00e3o \u00e9 uma letra morta. Uma Regra orienta para o Evangelho de Jesus a cada um de n\u00f3s&#8221;, acrescentou.<\/p>\n\n\t\t<style type=\"text\/css\">\n\t\t\t#gallery-2 {\n\t\t\t\tmargin: auto;\n\t\t\t}\n\t\t\t#gallery-2 .gallery-item {\n\t\t\t\tfloat: left;\n\t\t\t\tmargin-top: 10px;\n\t\t\t\ttext-align: center;\n\t\t\t\twidth: 50%;\n\t\t\t}\n\t\t\t#gallery-2 img {\n\t\t\t\tborder: 2px solid #cfcfcf;\n\t\t\t}\n\t\t\t#gallery-2 .gallery-caption {\n\t\t\t\tmargin-left: 0;\n\t\t\t}\n\t\t\t\/* see gallery_shortcode() in wp-includes\/media.php *\/\n\t\t<\/style>\n\t\t<div id='gallery-2' class='gallery galleryid-244980 gallery-columns-2 gallery-size-thumbnail'><dl class='gallery-item'>\n\t\t\t<dt class='gallery-icon landscape'>\n\t\t\t\t<a href='https:\/\/franciscanos.org.br\/noticias\/wp-content\/uploads\/2023\/10\/vila_07.jpg'><img width=\"300\" height=\"300\" src=\"https:\/\/franciscanos.org.br\/noticias\/wp-content\/uploads\/2023\/10\/vila_07-300x300.jpg\" class=\"attachment-thumbnail size-thumbnail\" alt=\"\" loading=\"lazy\" srcset=\"https:\/\/franciscanos.org.br\/noticias\/wp-content\/uploads\/2023\/10\/vila_07-300x300.jpg 300w, https:\/\/franciscanos.org.br\/noticias\/wp-content\/uploads\/2023\/10\/vila_07-100x100.jpg 100w\" sizes=\"(max-width: 300px) 100vw, 300px\" \/><\/a>\n\t\t\t<\/dt><\/dl><dl class='gallery-item'>\n\t\t\t<dt class='gallery-icon landscape'>\n\t\t\t\t<a href='https:\/\/franciscanos.org.br\/noticias\/wp-content\/uploads\/2023\/10\/vila_08.jpg'><img width=\"300\" height=\"300\" src=\"https:\/\/franciscanos.org.br\/noticias\/wp-content\/uploads\/2023\/10\/vila_08-300x300.jpg\" class=\"attachment-thumbnail size-thumbnail\" alt=\"\" loading=\"lazy\" srcset=\"https:\/\/franciscanos.org.br\/noticias\/wp-content\/uploads\/2023\/10\/vila_08-300x300.jpg 300w, https:\/\/franciscanos.org.br\/noticias\/wp-content\/uploads\/2023\/10\/vila_08-100x100.jpg 100w\" sizes=\"(max-width: 300px) 100vw, 300px\" \/><\/a>\n\t\t\t<\/dt><\/dl><br style=\"clear: both\" \/>\n\t\t<\/div>\n\n<p>Hoje, estamos celebrando a Festa de S\u00e3o Francisco de Assis. N\u00f3s olhamos com muita gratuidade para S\u00e3o Francisco. Essa festa \u00e9 mais que uma mem\u00f3ria, \u00e9 um compromisso. N\u00f3s n\u00e3o estamos celebrando algo que ficou no passado. S\u00e3o Francisco \u00e9 o santo que viveu h\u00e1 mais de 800 anos, mas se f\u00f4ssemos olhar carinhosamente para ele, S\u00e3o Francisco est\u00e1 muito \u00e0 nossa frente. Muito mesmo na nossa frente! O cuidado, o respeito, a venera\u00e7\u00e3o por cada ser criado, por cada elemento da natureza, ele tem muito a nos ensinar. S\u00e3o Francisco poderia nos inspirar a construir um mundo melhor, mais leve, mais igual, um mundo onde cabe todo mundo&#8221;, concluiu.<\/p>\n<hr \/>\n<p>Moacir Beggo<\/p>\n<p><img loading=\"lazy\" class=\"alignnone size-full wp-image-244988\" src=\"https:\/\/franciscanos.org.br\/noticias\/wp-content\/uploads\/2023\/10\/vila_06.jpg\" alt=\"\" width=\"1280\" height=\"1662\" srcset=\"https:\/\/franciscanos.org.br\/noticias\/wp-content\/uploads\/2023\/10\/vila_06.jpg 832w, https:\/\/franciscanos.org.br\/noticias\/wp-content\/uploads\/2023\/10\/vila_06-347x450.jpg 347w, https:\/\/franciscanos.org.br\/noticias\/wp-content\/uploads\/2023\/10\/vila_06-789x1024.jpg 789w, https:\/\/franciscanos.org.br\/noticias\/wp-content\/uploads\/2023\/10\/vila_06-768x997.jpg 768w, https:\/\/franciscanos.org.br\/noticias\/wp-content\/uploads\/2023\/10\/vila_06-1183x1536.jpg 1183w, https:\/\/franciscanos.org.br\/noticias\/wp-content\/uploads\/2023\/10\/vila_06-150x195.jpg 150w\" sizes=\"(max-width: 1280px) 100vw, 1280px\" \/><\/p>\n<p><em>A pequena Charlotte gostou de estar perto da imagem do protetor dos animais.\u00a0<\/em><\/p>\n","protected":false},"excerpt":{"rendered":"<p>Par\u00f3quia S\u00e3o Francisco de Assis da Vila Clementino<\/p>\n","protected":false},"author":3,"featured_media":244981,"comment_status":"open","ping_status":"open","sticky":false,"template":"","format":"standard","meta":[],"categories":[1],"tags":[1249],"acf":[],"yoast_head":"<!-- This site is optimized with the Yoast SEO plugin v19.2 - https:\/\/yoast.com\/wordpress\/plugins\/seo\/ -->\n<title>Frei Valdecir: \u201cS\u00e3o Francisco est\u00e1 muito \u00e0 nossa frente\u201d - Not\u00edcias - Franciscanos<\/title>\n<meta name=\"robots\" content=\"index, follow, max-snippet:-1, max-image-preview:large, max-video-preview:-1\" \/>\n<link rel=\"canonical\" href=\"https:\/\/franciscanos.org.br\/noticias\/frei-valdecir-sao-francisco-esta-muito-a-nossa-frente.html\" \/>\n<meta property=\"og:locale\" content=\"pt_BR\" \/>\n<meta property=\"og:type\" content=\"article\" \/>\n<meta property=\"og:title\" content=\"Frei Valdecir: \u201cS\u00e3o Francisco est\u00e1 muito \u00e0 nossa frente\u201d - Not\u00edcias - Franciscanos\" \/>\n<meta property=\"og:description\" content=\"Par\u00f3quia S\u00e3o Francisco de Assis da Vila Clementino\" \/>\n<meta property=\"og:url\" content=\"https:\/\/franciscanos.org.br\/noticias\/frei-valdecir-sao-francisco-esta-muito-a-nossa-frente.html\" \/>\n<meta property=\"og:site_name\" content=\"Not\u00edcias - Franciscanos\" \/>\n<meta property=\"article:published_time\" content=\"2023-10-04T21:09:03+00:00\" \/>\n<meta property=\"article:modified_time\" content=\"2023-10-08T11:30:45+00:00\" \/>\n<meta property=\"og:image\" content=\"https:\/\/franciscanos.org.br\/noticias\/wp-content\/uploads\/2023\/10\/vila_01.jpg\" \/>\n\t<meta property=\"og:image:width\" content=\"1280\" \/>\n\t<meta property=\"og:image:height\" content=\"720\" \/>\n\t<meta property=\"og:image:type\" content=\"image\/jpeg\" \/>\n<meta name=\"author\" content=\"moacir\" \/>\n<meta name=\"twitter:card\" content=\"summary_large_image\" \/>\n<meta name=\"twitter:label1\" content=\"Escrito por\" \/>\n\t<meta name=\"twitter:data1\" content=\"moacir\" \/>\n\t<meta name=\"twitter:label2\" content=\"Est. tempo de leitura\" \/>\n\t<meta name=\"twitter:data2\" content=\"4 minutos\" \/>\n<script type=\"application\/ld+json\" class=\"yoast-schema-graph\">{\"@context\":\"https:\/\/schema.org\",\"@graph\":[{\"@type\":\"WebSite\",\"@id\":\"https:\/\/franciscanos.org.br\/noticias\/#website\",\"url\":\"https:\/\/franciscanos.org.br\/noticias\/\",\"name\":\"Not\u00edcias - Franciscanos\",\"description\":\"Prov\u00edncia Franciscana da Imaculada Concei\u00e7\u00e3o do Brasil - Ordem dos Frades Menores - OFM\",\"potentialAction\":[{\"@type\":\"SearchAction\",\"target\":{\"@type\":\"EntryPoint\",\"urlTemplate\":\"https:\/\/franciscanos.org.br\/noticias\/?s={search_term_string}\"},\"query-input\":\"required name=search_term_string\"}],\"inLanguage\":\"pt-BR\"},{\"@type\":\"ImageObject\",\"inLanguage\":\"pt-BR\",\"@id\":\"https:\/\/franciscanos.org.br\/noticias\/frei-valdecir-sao-francisco-esta-muito-a-nossa-frente.html#primaryimage\",\"url\":\"https:\/\/franciscanos.org.br\/noticias\/wp-content\/uploads\/2023\/10\/vila_01.jpg\",\"contentUrl\":\"https:\/\/franciscanos.org.br\/noticias\/wp-content\/uploads\/2023\/10\/vila_01.jpg\",\"width\":1280,\"height\":720},{\"@type\":\"WebPage\",\"@id\":\"https:\/\/franciscanos.org.br\/noticias\/frei-valdecir-sao-francisco-esta-muito-a-nossa-frente.html#webpage\",\"url\":\"https:\/\/franciscanos.org.br\/noticias\/frei-valdecir-sao-francisco-esta-muito-a-nossa-frente.html\",\"name\":\"Frei Valdecir: \u201cS\u00e3o Francisco est\u00e1 muito \u00e0 nossa frente\u201d - Not\u00edcias - Franciscanos\",\"isPartOf\":{\"@id\":\"https:\/\/franciscanos.org.br\/noticias\/#website\"},\"primaryImageOfPage\":{\"@id\":\"https:\/\/franciscanos.org.br\/noticias\/frei-valdecir-sao-francisco-esta-muito-a-nossa-frente.html#primaryimage\"},\"datePublished\":\"2023-10-04T21:09:03+00:00\",\"dateModified\":\"2023-10-08T11:30:45+00:00\",\"author\":{\"@id\":\"https:\/\/franciscanos.org.br\/noticias\/#\/schema\/person\/b5c8cba458c330ccff548b056e95a5d4\"},\"breadcrumb\":{\"@id\":\"https:\/\/franciscanos.org.br\/noticias\/frei-valdecir-sao-francisco-esta-muito-a-nossa-frente.html#breadcrumb\"},\"inLanguage\":\"pt-BR\",\"potentialAction\":[{\"@type\":\"ReadAction\",\"target\":[\"https:\/\/franciscanos.org.br\/noticias\/frei-valdecir-sao-francisco-esta-muito-a-nossa-frente.html\"]}]},{\"@type\":\"BreadcrumbList\",\"@id\":\"https:\/\/franciscanos.org.br\/noticias\/frei-valdecir-sao-francisco-esta-muito-a-nossa-frente.html#breadcrumb\",\"itemListElement\":[{\"@type\":\"ListItem\",\"position\":1,\"name\":\"Home\",\"item\":\"https:\/\/franciscanos.org.br\/noticias\"},{\"@type\":\"ListItem\",\"position\":2,\"name\":\"Frei Valdecir: \u201cS\u00e3o Francisco est\u00e1 muito \u00e0 nossa frente\u201d\"}]},{\"@type\":\"Person\",\"@id\":\"https:\/\/franciscanos.org.br\/noticias\/#\/schema\/person\/b5c8cba458c330ccff548b056e95a5d4\",\"name\":\"moacir\",\"image\":{\"@type\":\"ImageObject\",\"inLanguage\":\"pt-BR\",\"@id\":\"https:\/\/franciscanos.org.br\/noticias\/#\/schema\/person\/image\/\",\"url\":\"https:\/\/secure.gravatar.com\/avatar\/d08aa2ce4c8dd416d4479aa8536fcf64?s=96&d=mm&r=g\",\"contentUrl\":\"https:\/\/secure.gravatar.com\/avatar\/d08aa2ce4c8dd416d4479aa8536fcf64?s=96&d=mm&r=g\",\"caption\":\"moacir\"},\"url\":\"https:\/\/franciscanos.org.br\/noticias\/author\/moacir\"}]}<\/script>\n<!-- \/ Yoast SEO plugin. -->","yoast_head_json":{"title":"Frei Valdecir: \u201cS\u00e3o Francisco est\u00e1 muito \u00e0 nossa frente\u201d - Not\u00edcias - Franciscanos","robots":{"index":"index","follow":"follow","max-snippet":"max-snippet:-1","max-image-preview":"max-image-preview:large","max-video-preview":"max-video-preview:-1"},"canonical":"https:\/\/franciscanos.org.br\/noticias\/frei-valdecir-sao-francisco-esta-muito-a-nossa-frente.html","og_locale":"pt_BR","og_type":"article","og_title":"Frei Valdecir: \u201cS\u00e3o Francisco est\u00e1 muito \u00e0 nossa frente\u201d - Not\u00edcias - Franciscanos","og_description":"Par\u00f3quia S\u00e3o Francisco de Assis da Vila Clementino","og_url":"https:\/\/franciscanos.org.br\/noticias\/frei-valdecir-sao-francisco-esta-muito-a-nossa-frente.html","og_site_name":"Not\u00edcias - Franciscanos","article_published_time":"2023-10-04T21:09:03+00:00","article_modified_time":"2023-10-08T11:30:45+00:00","og_image":[{"width":1280,"height":720,"url":"https:\/\/franciscanos.org.br\/noticias\/wp-content\/uploads\/2023\/10\/vila_01.jpg","type":"image\/jpeg"}],"author":"moacir","twitter_card":"summary_large_image","twitter_misc":{"Escrito por":"moacir","Est. tempo de leitura":"4 minutos"},"schema":{"@context":"https:\/\/schema.org","@graph":[{"@type":"WebSite","@id":"https:\/\/franciscanos.org.br\/noticias\/#website","url":"https:\/\/franciscanos.org.br\/noticias\/","name":"Not\u00edcias - Franciscanos","description":"Prov\u00edncia Franciscana da Imaculada Concei\u00e7\u00e3o do Brasil - Ordem dos Frades Menores - OFM","potentialAction":[{"@type":"SearchAction","target":{"@type":"EntryPoint","urlTemplate":"https:\/\/franciscanos.org.br\/noticias\/?s={search_term_string}"},"query-input":"required name=search_term_string"}],"inLanguage":"pt-BR"},{"@type":"ImageObject","inLanguage":"pt-BR","@id":"https:\/\/franciscanos.org.br\/noticias\/frei-valdecir-sao-francisco-esta-muito-a-nossa-frente.html#primaryimage","url":"https:\/\/franciscanos.org.br\/noticias\/wp-content\/uploads\/2023\/10\/vila_01.jpg","contentUrl":"https:\/\/franciscanos.org.br\/noticias\/wp-content\/uploads\/2023\/10\/vila_01.jpg","width":1280,"height":720},{"@type":"WebPage","@id":"https:\/\/franciscanos.org.br\/noticias\/frei-valdecir-sao-francisco-esta-muito-a-nossa-frente.html#webpage","url":"https:\/\/franciscanos.org.br\/noticias\/frei-valdecir-sao-francisco-esta-muito-a-nossa-frente.html","name":"Frei Valdecir: \u201cS\u00e3o Francisco est\u00e1 muito \u00e0 nossa frente\u201d - Not\u00edcias - Franciscanos","isPartOf":{"@id":"https:\/\/franciscanos.org.br\/noticias\/#website"},"primaryImageOfPage":{"@id":"https:\/\/franciscanos.org.br\/noticias\/frei-valdecir-sao-francisco-esta-muito-a-nossa-frente.html#primaryimage"},"datePublished":"2023-10-04T21:09:03+00:00","dateModified":"2023-10-08T11:30:45+00:00","author":{"@id":"https:\/\/franciscanos.org.br\/noticias\/#\/schema\/person\/b5c8cba458c330ccff548b056e95a5d4"},"breadcrumb":{"@id":"https:\/\/franciscanos.org.br\/noticias\/frei-valdecir-sao-francisco-esta-muito-a-nossa-frente.html#breadcrumb"},"inLanguage":"pt-BR","potentialAction":[{"@type":"ReadAction","target":["https:\/\/franciscanos.org.br\/noticias\/frei-valdecir-sao-francisco-esta-muito-a-nossa-frente.html"]}]},{"@type":"BreadcrumbList","@id":"https:\/\/franciscanos.org.br\/noticias\/frei-valdecir-sao-francisco-esta-muito-a-nossa-frente.html#breadcrumb","itemListElement":[{"@type":"ListItem","position":1,"name":"Home","item":"https:\/\/franciscanos.org.br\/noticias"},{"@type":"ListItem","position":2,"name":"Frei Valdecir: \u201cS\u00e3o Francisco est\u00e1 muito \u00e0 nossa frente\u201d"}]},{"@type":"Person","@id":"https:\/\/franciscanos.org.br\/noticias\/#\/schema\/person\/b5c8cba458c330ccff548b056e95a5d4","name":"moacir","image":{"@type":"ImageObject","inLanguage":"pt-BR","@id":"https:\/\/franciscanos.org.br\/noticias\/#\/schema\/person\/image\/","url":"https:\/\/secure.gravatar.com\/avatar\/d08aa2ce4c8dd416d4479aa8536fcf64?s=96&d=mm&r=g","contentUrl":"https:\/\/secure.gravatar.com\/avatar\/d08aa2ce4c8dd416d4479aa8536fcf64?s=96&d=mm&r=g","caption":"moacir"},"url":"https:\/\/franciscanos.org.br\/noticias\/author\/moacir"}]}},"_links":{"self":[{"href":"https:\/\/franciscanos.org.br\/noticias\/wp-json\/wp\/v2\/posts\/244980"}],"collection":[{"href":"https:\/\/franciscanos.org.br\/noticias\/wp-json\/wp\/v2\/posts"}],"about":[{"href":"https:\/\/franciscanos.org.br\/noticias\/wp-json\/wp\/v2\/types\/post"}],"author":[{"embeddable":true,"href":"https:\/\/franciscanos.org.br\/noticias\/wp-json\/wp\/v2\/users\/3"}],"replies":[{"embeddable":true,"href":"https:\/\/franciscanos.org.br\/noticias\/wp-json\/wp\/v2\/comments?post=244980"}],"version-history":[{"count":1,"href":"https:\/\/franciscanos.org.br\/noticias\/wp-json\/wp\/v2\/posts\/244980\/revisions"}],"predecessor-version":[{"id":244989,"href":"https:\/\/franciscanos.org.br\/noticias\/wp-json\/wp\/v2\/posts\/244980\/revisions\/244989"}],"wp:featuredmedia":[{"embeddable":true,"href":"https:\/\/franciscanos.org.br\/noticias\/wp-json\/wp\/v2\/media\/244981"}],"wp:attachment":[{"href":"https:\/\/franciscanos.org.br\/noticias\/wp-json\/wp\/v2\/media?parent=244980"}],"wp:term":[{"taxonomy":"category","embeddable":true,"href":"https:\/\/franciscanos.org.br\/noticias\/wp-json\/wp\/v2\/categories?post=244980"},{"taxonomy":"post_tag","embeddable":true,"href":"https:\/\/franciscanos.org.br\/noticias\/wp-json\/wp\/v2\/tags?post=244980"}],"curies":[{"name":"wp","href":"https:\/\/api.w.org\/{rel}","templated":true}]}}