{"id":244976,"date":"2023-10-04T07:23:07","date_gmt":"2023-10-04T10:23:07","guid":{"rendered":"https:\/\/franciscanos.org.br\/noticias\/?p=244976"},"modified":"2023-10-04T07:24:16","modified_gmt":"2023-10-04T10:24:16","slug":"laudate-deum-o-grito-do-papa-por-uma-resposta-a-crise-climatica","status":"publish","type":"post","link":"https:\/\/franciscanos.org.br\/noticias\/laudate-deum-o-grito-do-papa-por-uma-resposta-a-crise-climatica.html","title":{"rendered":"&#8220;Laudate Deum&#8221;, o grito do Papa por uma resposta \u00e0 crise clim\u00e1tica"},"content":{"rendered":"<div id=\"attachment_244977\" style=\"width: 1290px\" class=\"wp-caption alignnone\"><img aria-describedby=\"caption-attachment-244977\" loading=\"lazy\" class=\"wp-image-244977 size-full\" src=\"https:\/\/franciscanos.org.br\/noticias\/wp-content\/uploads\/2023\/10\/laudato_enciclica_II.jpg\" alt=\"\" width=\"1280\" height=\"720\" srcset=\"https:\/\/franciscanos.org.br\/noticias\/wp-content\/uploads\/2023\/10\/laudato_enciclica_II.jpg 1280w, https:\/\/franciscanos.org.br\/noticias\/wp-content\/uploads\/2023\/10\/laudato_enciclica_II-450x253.jpg 450w, https:\/\/franciscanos.org.br\/noticias\/wp-content\/uploads\/2023\/10\/laudato_enciclica_II-1024x576.jpg 1024w, https:\/\/franciscanos.org.br\/noticias\/wp-content\/uploads\/2023\/10\/laudato_enciclica_II-768x432.jpg 768w, https:\/\/franciscanos.org.br\/noticias\/wp-content\/uploads\/2023\/10\/laudato_enciclica_II-150x84.jpg 150w\" sizes=\"(max-width: 1280px) 100vw, 1280px\" \/><p id=\"caption-attachment-244977\" class=\"wp-caption-text\"><em>Imagem: Vatican News<\/em><\/p><\/div>\n<p>\u201c\u201cLaudate Deum\u201d \u00e9 o t\u00edtulo desta carta. Porque um ser humano que pretenda tomar o lugar de Deus torna-se o pior perigo para si mesmo&#8221;. Com essas palavras, conclui-se a exorta\u00e7\u00e3o apost\u00f3lica do Papa Francisco, publicada em 4 de outubro. Um texto em continuidade com a enc\u00edclica Laudato si&#8217; de 2015. Em 6 cap\u00edtulos e 73 par\u00e1grafos, olhando para a COP28 em Dubai daqui a dois meses, o Sucessor de Pedro pretende fazer um apelo \u00e0 corresponsabilidade diante da emerg\u00eancia das mudan\u00e7as clim\u00e1ticas, porque o mundo &#8220;est\u00e1 desmoronando e talvez se aproximando de um ponto de ruptura&#8221;. \u00c9 um dos &#8220;maiores desafios que a sociedade e a comunidade global enfrentam&#8221;, &#8220;os efeitos das altera\u00e7\u00f5es clim\u00e1ticas recaem sobre as pessoas mais vulner\u00e1veis&#8221; (3).<\/p>\n<h3><strong><a href=\"https:\/\/www.vatican.va\/content\/francesco\/pt\/apost_exhortations\/documents\/20231004-laudate-deum.html\">\u00cdNTEGRA DA EXORTA\u00c7\u00c3O DO PAPA<\/a><\/strong><\/h3>\n<p><strong>Os sinais da mudan\u00e7a clim\u00e1tica cada vez mais evidentes<\/strong><br \/>\nNo primeiro cap\u00edtulo, o Papa explica que, por mais que tentemos neg\u00e1-los, &#8220;os sinais da mudan\u00e7a clim\u00e1tica est\u00e3o a\u00ed, cada vez mais evidentes&#8221;. Ele cita &#8220;fen\u00f4menos extremos, per\u00edodos frequentes de calor anormal, seca e outros gemidos da terra&#8221;. Afirma: &#8220;\u00e9 poss\u00edvel verificar que certas mudan\u00e7as clim\u00e1ticas, induzidas pelo homem, aumentam significativamente a probabilidade de fen\u00f4menos extremos mais frequentes e mais intensos&#8221;. E para aqueles que minimizam, responde: &#8220;aquilo que agora estamos a assistir \u00e9 uma acelera\u00e7\u00e3o ins\u00f3lita do aquecimento&#8221;. &#8220;Provavelmente, dentro de poucos anos, muitas popula\u00e7\u00f5es ter\u00e3o de deslocar as suas casas por causa destes fen\u00f4menos&#8221; (6).<\/p>\n<p><strong>A culpa n\u00e3o \u00e9 dos pobres<\/strong><br \/>\nPara aqueles que culpam os pobres por terem muitos filhos e talvez tentem resolver o problema &#8220;mutilando as mulheres nos pa\u00edses menos desenvolvidos&#8221;, Francisco lembra &#8220;que uma reduzida percentagem mais rica do planeta polui mais do que o 50% mais pobre&#8221;. A \u00c1frica, que &#8220;alberga mais da metade das pessoas mais pobres do mundo, \u00e9 respons\u00e1vel apenas por uma m\u00ednima parte das emiss\u00f5es no passado&#8221; (9). Em seguida, o Papa desafia aqueles que afirmam que o menor uso de combust\u00edveis f\u00f3sseis levar\u00e1 &#8220;\u00e0 diminui\u00e7\u00e3o dos postos de trabalho&#8221;. Na realidade, &#8220;milh\u00f5es de pessoas perdem o emprego\u201d devido \u00e0s diversas consequ\u00eancias da mudan\u00e7a clim\u00e1tica. Enquanto a transi\u00e7\u00e3o para as energias renov\u00e1veis, &#8220;bem administrada&#8221;, \u00e9 capaz de &#8220;gerar in\u00fameros postos de trabalho em diferentes setores. Por isso \u00e9 necess\u00e1rio que os pol\u00edticos e os empres\u00e1rios se ocupem disso imediatamente&#8221; (10).<\/p>\n<p><strong>Indubit\u00e1vel origem humana<\/strong><br \/>\n&#8220;A origem humana &#8211; &#8216;antr\u00f3pica&#8217; &#8211; da mudan\u00e7a clim\u00e1tica j\u00e1 n\u00e3o se pode p\u00f4r em d\u00favida&#8221;, diz Francisco. &#8220;A concentra\u00e7\u00e3o na atmosfera dos gases com efeito estufa&#8230; nos \u00faltimos cinquenta anos, o aumento sofreu uma forte acelera\u00e7\u00e3o&#8221; (11). Ao mesmo tempo, a temperatura &#8220;aumentou a uma velocidade in\u00e9dita, sem precedentes nos \u00faltimos dois mil anos&#8221; (12). Isso resultou na acidifica\u00e7\u00e3o dos mares e no derretimento dos glaciares. A coincid\u00eancia entre esses eventos e o crescimento das emiss\u00f5es de gases de efeito estufa &#8220;n\u00e3o pode ser escondida. A esmagadora maioria dos estudiosos do clima defende esta correla\u00e7\u00e3o, sendo m\u00ednima a percentagem daqueles que tentam negar esta evid\u00eancia&#8221;. Infelizmente, a crise clim\u00e1tica n\u00e3o \u00e9 propriamente uma quest\u00e3o que \u201cinteresse \u00e0s grandes pot\u00eancias econ\u00f4micas, preocupadas em obter o maior lucro ao menor custo e no mais curto espa\u00e7o de tempo poss\u00edveis&#8221; (13).<\/p>\n<p><strong>Em tempo para evitar danos mais dram\u00e1ticos<\/strong><br \/>\n&#8221; Vejo-me obrigado \u2013 continua Francisco &#8211; a fazer estas especifica\u00e7\u00f5es, que podem parecer \u00f3bvias, por causa de certas opini\u00f5es ridicularizadoras e pouco racionais que encontro mesmo dentro da Igreja Cat\u00f3lica. Mas n\u00e3o podemos continuar a duvidar que a raz\u00e3o da ins\u00f3lita velocidade de mudan\u00e7as t\u00e3o perigosas esteja neste facto ineg\u00e1vel: os enormes progressos conexos com a desenfreada interven\u00e7\u00e3o humana sobre a natureza&#8221; (14). Infelizmente, algumas manifesta\u00e7\u00f5es dessa crise clim\u00e1tica j\u00e1 s\u00e3o irrevers\u00edveis por pelo menos centenas de anos. \u00c9 &#8220;urgente uma vis\u00e3o mais alargada&#8230; tudo o que se nos pede \u00e9 uma certa responsabilidade pela heran\u00e7a que deixaremos atr\u00e1s de n\u00f3s depois da nossa passagem por este mundo&#8221; (18).<\/p>\n<p><strong>O paradigma tecnocr\u00e1tico: a ideia de um ser humano sem limites<\/strong><br \/>\nNo segundo cap\u00edtulo, Francisco fala do paradigma tecnocr\u00e1tico que &#8220;consiste, substancialmente, em pensar como se a realidade, o bem e a verdade desabrochassem espontaneamente do pr\u00f3prio poder da tecnologia e da economia&#8221; (20) com base na ideia de um ser humano sem limites. &#8220;Nunca a humanidade teve tanto poder sobre si mesma, e nada garante que o utilizar\u00e1 bem, sobretudo se se considera a maneira como o est\u00e1 a fazer&#8230;\u00c9 tremendamente arriscado que resida numa pequena parte da humanidade&#8221; (23). O Papa reitera que &#8220;o mundo que nos rodeia n\u00e3o \u00e9 um objeto de explora\u00e7\u00e3o, utiliza\u00e7\u00e3o desenfreada, ambi\u00e7\u00e3o sem limites&#8221; (25). Ele tamb\u00e9m lembra que estamos inclu\u00eddos na natureza, e &#8220;isso exclui a ideia de que o ser humano seja um estranho, um fator externo capaz apenas de danificar o ambiente&#8221; (26).<\/p>\n<p><strong>Decad\u00eancia \u00e9tica do poder: marketing e informa\u00e7\u00f5es falsas<\/strong><br \/>\n&#8220;Realizamos progressos tecnol\u00f3gicos impressionantes e surpreendentes, sem nos darmos conta, ao mesmo tempo, que nos torn\u00e1mos altamente perigosos, capazes de p\u00f4r em perigo a vida de muitos seres e a nossa pr\u00f3pria sobreviv\u00eancia&#8221; (28). &#8220;A decad\u00eancia \u00e9tica do poder real \u00e9 disfar\u00e7ada pelo marketing e pela informa\u00e7\u00e3o falsa, mecanismos \u00fateis nas m\u00e3os de quem tem maiores recursos para influenciar a opini\u00e3o p\u00fablica atrav\u00e9s deles&#8221; (29). &#8220;Podemos notar como \u00e0s vezes os pr\u00f3prios pobres, confundidos e encantados perante as promessas de tantos falsos profetas, caem no engano dum mundo que n\u00e3o \u00e9 constru\u00eddo para eles&#8221; (31). H\u00e1 &#8220;um dom\u00ednio daqueles que nasceram com melhores condi\u00e7\u00f5es de progresso&#8221; (32).<\/p>\n<p><strong>Pol\u00edtica internacional fraca<\/strong><br \/>\nNo cap\u00edtulo seguinte da exorta\u00e7\u00e3o, o Papa aborda o tema da fraqueza da pol\u00edtica internacional, insistindo na necessidade de favorecer &#8220;acordos multilaterais entre Estados&#8221; (34). Ele pede &#8220;organiza\u00e7\u00f5es mundiais mais eficazes, dotadas de autoridade para assegurar o bem comum mundial&#8221;. Essas organiza\u00e7\u00f5es que &#8220;devem dotadas duma real autoridade que possa \u00abassegurar\u00bb a realiza\u00e7\u00e3o de alguns objetivos irrenunci\u00e1veis&#8221; (35). Francisco lamenta &#8220;que as crises globais sejam desperdi\u00e7adas, assim como sucedeu na crise financeira de 2007-2008 e com a pandemia, que trouxeram &#8220;maior individualismo, menor integra\u00e7\u00e3o, maior liberdade para os que s\u00e3o verdadeiramente poderosos e sempre encontram maneira de escapar ilesos&#8221; (36). O desafio atual \u00e9 recriar um novo multilateralismo &#8220;\u00e0 luz da nova situa\u00e7\u00e3o global&#8221; (37), reconhecendo que tantas agrega\u00e7\u00f5es e organiza\u00e7\u00f5es da sociedade civil ajudam a compensar as fraquezas da Comunidade internacional.<\/p>\n<p><strong>In\u00fateis as institui\u00e7\u00f5es que preservam os mais fortes<\/strong><br \/>\nFrancisco prop\u00f5e &#8221; um multilateralismo \u00aba partir de baixo\u00bb e n\u00e3o meramente decidido pelas elites do poder&#8221; (38). Ele lembra que \u00e9 necess\u00e1rio um &#8220;quadro diferente para uma coopera\u00e7\u00e3o eficaz&#8221; (42). Portanto, precisamos de &#8220;uma esp\u00e9cie de maior \u00abdemocratiza\u00e7\u00e3o\u00bb na esfera global&#8230; Deixar\u00e1 de ser \u00fatil apoiar institui\u00e7\u00f5es que preservem os direitos dos mais fortes, sem cuidar dos direitos de todos&#8221;. (43)<\/p>\n<p><strong>O que se espera da COP de Dubai?<\/strong><br \/>\nNo cap\u00edtulo seguinte, analisando a COP28, Francisco escreve: &#8220;N\u00e3o podemos renunciar ao sonho de que a COP28 leve a uma decidida acelera\u00e7\u00e3o da transi\u00e7\u00e3o energ\u00e9tica, com compromissos eficazes que possam ser monitorizados de forma permanente. Esta Confer\u00eancia pode ser um ponto de viragem&#8221; (54). Infelizmente, &#8220;a necess\u00e1ria transi\u00e7\u00e3o para energias limpas&#8230;, n\u00e3o avan\u00e7a de forma suficientemente r\u00e1pida&#8221; (55).<\/p>\n<p><strong>Chega de ridicularizar a quest\u00e3o ambiental<\/strong><br \/>\nFrancisco pede o fim da &#8220;atitude irrespons\u00e1vel&#8221; daqueles que ridicularizam a quest\u00e3o ambiental por interesses econ\u00f4micos: em vez disso, trata-se de &#8220;dum problema humano e social em sentido amplo e a diversos n\u00edveis. Por isso requer-se o envolvimento de todos&#8221;. Com rela\u00e7\u00e3o aos protestos de grupos radicalizados, o Papa afirma que &#8220;eles preenchem um vazio da sociedade&#8221;, pois caberia &#8220;a cada fam\u00edlia pensar que est\u00e1 em jogo o futuro dos seus filhos&#8221; (58) e exercer uma press\u00e3o saud\u00e1vel. O Pont\u00edfice espera que da COP28 surjam &#8220;formas vinculantes de transi\u00e7\u00e3o energ\u00e9tica&#8221; que sejam eficientes e &#8220;facilmente monitor\u00e1veis&#8221; (59). &#8221; Oxal\u00e1 que, a intervir na COP28, sejam estrategas capazes de pensar mais no bem comum e no futuro dos seus filhos, do que nos interesses contingentes de algum pa\u00eds ou empresa. Possam assim mostrar a nobreza da pol\u00edtica, e n\u00e3o a sua vergonha&#8221; (60).<\/p>\n<p><strong>Um compromisso que brota da f\u00e9 crist\u00e3<\/strong><br \/>\nPor fim, o Papa recorda as raz\u00f5es desse compromisso que brota da f\u00e9 crist\u00e3, incentivando &#8220;os irm\u00e3os e irm\u00e3s de outras religi\u00f5es a fazerem o mesmo&#8221; (61). &#8220;A cosmovis\u00e3o judaico-crist\u00e3 defende o valor peculiar e central do ser humano no meio do maravilhoso concerto de todos os seres&#8230; formamos uma esp\u00e9cie de fam\u00edlia universal, uma comunh\u00e3o sublime que nos impele a um respeito sagrado, amoroso e humilde&#8221; (67). &#8221; Isto n\u00e3o \u00e9 um produto da nossa vontade&#8230; pois Deus uniu-nos t\u00e3o estreitamente ao mundo que nos rodeia&#8221; (68). O que \u00e9 importante, escreve Francisco, \u00e9 lembrar que &#8220;n\u00e3o h\u00e1 mudan\u00e7as duradouras sem mudan\u00e7as culturais&#8230; e n\u00e3o h\u00e1 mudan\u00e7as culturais sem mudan\u00e7a nas pessoas&#8221; (70). &#8220;Os esfor\u00e7os das fam\u00edlias para poluir menos, reduzir os esbanjamentos, consumir de forma sensata est\u00e3o a criar uma nova cultura&#8221; (71). O pont\u00edfice conclui lembrando &#8220;que as emiss\u00f5es pro capite nos Estados Unidos s\u00e3o cerca do dobro das dum habitante da China e cerca de sete vezes superiores \u00e0 m\u00e9dia dos pa\u00edses mais pobres&#8221;. E afirma &#8220;que uma mudan\u00e7a generalizada do estilo de vida irrespons\u00e1vel ligado ao modelo ocidental teria um impacto significativo a longo prazo. Assim, juntamente com as indispens\u00e1veis decis\u00f5es pol\u00edticas, estar\u00edamos no caminho do cuidado m\u00fatuo&#8221; (72).<\/p>\n<hr \/>\n<p><em>Fonte: Vatican News<\/em><\/p>\n","protected":false},"excerpt":{"rendered":"<p>\u201c\u201cLaudate Deum\u201d \u00e9 o t\u00edtulo desta carta. Porque um ser humano que pretenda tomar o lugar de Deus torna-se o pior perigo para si mesmo&#8221;. Com essas palavras, conclui-se a exorta\u00e7\u00e3o apost\u00f3lica do Papa Francisco, publicada em 4 de outubro. Um texto em continuidade com a enc\u00edclica Laudato si&#8217; de 2015. Em 6 cap\u00edtulos e [&hellip;]<\/p>\n","protected":false},"author":3,"featured_media":244977,"comment_status":"open","ping_status":"open","sticky":false,"template":"","format":"standard","meta":[],"categories":[1428],"tags":[2170,701],"acf":[],"yoast_head":"<!-- This site is optimized with the Yoast SEO plugin v19.2 - https:\/\/yoast.com\/wordpress\/plugins\/seo\/ -->\n<title>&quot;Laudate Deum&quot;, o grito do Papa por uma resposta \u00e0 crise clim\u00e1tica - Not\u00edcias - Franciscanos<\/title>\n<meta name=\"robots\" content=\"index, follow, max-snippet:-1, max-image-preview:large, max-video-preview:-1\" \/>\n<link rel=\"canonical\" href=\"https:\/\/franciscanos.org.br\/noticias\/laudate-deum-o-grito-do-papa-por-uma-resposta-a-crise-climatica.html\" \/>\n<meta property=\"og:locale\" content=\"pt_BR\" \/>\n<meta property=\"og:type\" content=\"article\" \/>\n<meta property=\"og:title\" content=\"&quot;Laudate Deum&quot;, o grito do Papa por uma resposta \u00e0 crise clim\u00e1tica - Not\u00edcias - Franciscanos\" \/>\n<meta property=\"og:description\" content=\"\u201c\u201cLaudate Deum\u201d \u00e9 o t\u00edtulo desta carta. Porque um ser humano que pretenda tomar o lugar de Deus torna-se o pior perigo para si mesmo&#8221;. Com essas palavras, conclui-se a exorta\u00e7\u00e3o apost\u00f3lica do Papa Francisco, publicada em 4 de outubro. Um texto em continuidade com a enc\u00edclica Laudato si&#8217; de 2015. Em 6 cap\u00edtulos e [&hellip;]\" \/>\n<meta property=\"og:url\" content=\"https:\/\/franciscanos.org.br\/noticias\/laudate-deum-o-grito-do-papa-por-uma-resposta-a-crise-climatica.html\" \/>\n<meta property=\"og:site_name\" content=\"Not\u00edcias - Franciscanos\" \/>\n<meta property=\"article:published_time\" content=\"2023-10-04T10:23:07+00:00\" \/>\n<meta property=\"article:modified_time\" content=\"2023-10-04T10:24:16+00:00\" \/>\n<meta property=\"og:image\" content=\"https:\/\/franciscanos.org.br\/noticias\/wp-content\/uploads\/2023\/10\/laudato_enciclica_II.jpg\" \/>\n\t<meta property=\"og:image:width\" content=\"1280\" \/>\n\t<meta property=\"og:image:height\" content=\"720\" \/>\n\t<meta property=\"og:image:type\" content=\"image\/jpeg\" \/>\n<meta name=\"author\" content=\"moacir\" \/>\n<meta name=\"twitter:card\" content=\"summary_large_image\" \/>\n<meta name=\"twitter:label1\" content=\"Escrito por\" \/>\n\t<meta name=\"twitter:data1\" content=\"moacir\" \/>\n\t<meta name=\"twitter:label2\" content=\"Est. tempo de leitura\" \/>\n\t<meta name=\"twitter:data2\" content=\"8 minutos\" \/>\n<script type=\"application\/ld+json\" class=\"yoast-schema-graph\">{\"@context\":\"https:\/\/schema.org\",\"@graph\":[{\"@type\":\"WebSite\",\"@id\":\"https:\/\/franciscanos.org.br\/noticias\/#website\",\"url\":\"https:\/\/franciscanos.org.br\/noticias\/\",\"name\":\"Not\u00edcias - Franciscanos\",\"description\":\"Prov\u00edncia Franciscana da Imaculada Concei\u00e7\u00e3o do Brasil - Ordem dos Frades Menores - OFM\",\"potentialAction\":[{\"@type\":\"SearchAction\",\"target\":{\"@type\":\"EntryPoint\",\"urlTemplate\":\"https:\/\/franciscanos.org.br\/noticias\/?s={search_term_string}\"},\"query-input\":\"required name=search_term_string\"}],\"inLanguage\":\"pt-BR\"},{\"@type\":\"ImageObject\",\"inLanguage\":\"pt-BR\",\"@id\":\"https:\/\/franciscanos.org.br\/noticias\/laudate-deum-o-grito-do-papa-por-uma-resposta-a-crise-climatica.html#primaryimage\",\"url\":\"https:\/\/franciscanos.org.br\/noticias\/wp-content\/uploads\/2023\/10\/laudato_enciclica_II.jpg\",\"contentUrl\":\"https:\/\/franciscanos.org.br\/noticias\/wp-content\/uploads\/2023\/10\/laudato_enciclica_II.jpg\",\"width\":1280,\"height\":720},{\"@type\":\"WebPage\",\"@id\":\"https:\/\/franciscanos.org.br\/noticias\/laudate-deum-o-grito-do-papa-por-uma-resposta-a-crise-climatica.html#webpage\",\"url\":\"https:\/\/franciscanos.org.br\/noticias\/laudate-deum-o-grito-do-papa-por-uma-resposta-a-crise-climatica.html\",\"name\":\"\\\"Laudate Deum\\\", o grito do Papa por uma resposta \u00e0 crise clim\u00e1tica - Not\u00edcias - Franciscanos\",\"isPartOf\":{\"@id\":\"https:\/\/franciscanos.org.br\/noticias\/#website\"},\"primaryImageOfPage\":{\"@id\":\"https:\/\/franciscanos.org.br\/noticias\/laudate-deum-o-grito-do-papa-por-uma-resposta-a-crise-climatica.html#primaryimage\"},\"datePublished\":\"2023-10-04T10:23:07+00:00\",\"dateModified\":\"2023-10-04T10:24:16+00:00\",\"author\":{\"@id\":\"https:\/\/franciscanos.org.br\/noticias\/#\/schema\/person\/b5c8cba458c330ccff548b056e95a5d4\"},\"breadcrumb\":{\"@id\":\"https:\/\/franciscanos.org.br\/noticias\/laudate-deum-o-grito-do-papa-por-uma-resposta-a-crise-climatica.html#breadcrumb\"},\"inLanguage\":\"pt-BR\",\"potentialAction\":[{\"@type\":\"ReadAction\",\"target\":[\"https:\/\/franciscanos.org.br\/noticias\/laudate-deum-o-grito-do-papa-por-uma-resposta-a-crise-climatica.html\"]}]},{\"@type\":\"BreadcrumbList\",\"@id\":\"https:\/\/franciscanos.org.br\/noticias\/laudate-deum-o-grito-do-papa-por-uma-resposta-a-crise-climatica.html#breadcrumb\",\"itemListElement\":[{\"@type\":\"ListItem\",\"position\":1,\"name\":\"Home\",\"item\":\"https:\/\/franciscanos.org.br\/noticias\"},{\"@type\":\"ListItem\",\"position\":2,\"name\":\"&#8220;Laudate Deum&#8221;, o grito do Papa por uma resposta \u00e0 crise clim\u00e1tica\"}]},{\"@type\":\"Person\",\"@id\":\"https:\/\/franciscanos.org.br\/noticias\/#\/schema\/person\/b5c8cba458c330ccff548b056e95a5d4\",\"name\":\"moacir\",\"image\":{\"@type\":\"ImageObject\",\"inLanguage\":\"pt-BR\",\"@id\":\"https:\/\/franciscanos.org.br\/noticias\/#\/schema\/person\/image\/\",\"url\":\"https:\/\/secure.gravatar.com\/avatar\/d08aa2ce4c8dd416d4479aa8536fcf64?s=96&d=mm&r=g\",\"contentUrl\":\"https:\/\/secure.gravatar.com\/avatar\/d08aa2ce4c8dd416d4479aa8536fcf64?s=96&d=mm&r=g\",\"caption\":\"moacir\"},\"url\":\"https:\/\/franciscanos.org.br\/noticias\/author\/moacir\"}]}<\/script>\n<!-- \/ Yoast SEO plugin. -->","yoast_head_json":{"title":"\"Laudate Deum\", o grito do Papa por uma resposta \u00e0 crise clim\u00e1tica - Not\u00edcias - Franciscanos","robots":{"index":"index","follow":"follow","max-snippet":"max-snippet:-1","max-image-preview":"max-image-preview:large","max-video-preview":"max-video-preview:-1"},"canonical":"https:\/\/franciscanos.org.br\/noticias\/laudate-deum-o-grito-do-papa-por-uma-resposta-a-crise-climatica.html","og_locale":"pt_BR","og_type":"article","og_title":"\"Laudate Deum\", o grito do Papa por uma resposta \u00e0 crise clim\u00e1tica - Not\u00edcias - Franciscanos","og_description":"\u201c\u201cLaudate Deum\u201d \u00e9 o t\u00edtulo desta carta. Porque um ser humano que pretenda tomar o lugar de Deus torna-se o pior perigo para si mesmo&#8221;. Com essas palavras, conclui-se a exorta\u00e7\u00e3o apost\u00f3lica do Papa Francisco, publicada em 4 de outubro. Um texto em continuidade com a enc\u00edclica Laudato si&#8217; de 2015. Em 6 cap\u00edtulos e [&hellip;]","og_url":"https:\/\/franciscanos.org.br\/noticias\/laudate-deum-o-grito-do-papa-por-uma-resposta-a-crise-climatica.html","og_site_name":"Not\u00edcias - Franciscanos","article_published_time":"2023-10-04T10:23:07+00:00","article_modified_time":"2023-10-04T10:24:16+00:00","og_image":[{"width":1280,"height":720,"url":"https:\/\/franciscanos.org.br\/noticias\/wp-content\/uploads\/2023\/10\/laudato_enciclica_II.jpg","type":"image\/jpeg"}],"author":"moacir","twitter_card":"summary_large_image","twitter_misc":{"Escrito por":"moacir","Est. tempo de leitura":"8 minutos"},"schema":{"@context":"https:\/\/schema.org","@graph":[{"@type":"WebSite","@id":"https:\/\/franciscanos.org.br\/noticias\/#website","url":"https:\/\/franciscanos.org.br\/noticias\/","name":"Not\u00edcias - Franciscanos","description":"Prov\u00edncia Franciscana da Imaculada Concei\u00e7\u00e3o do Brasil - Ordem dos Frades Menores - OFM","potentialAction":[{"@type":"SearchAction","target":{"@type":"EntryPoint","urlTemplate":"https:\/\/franciscanos.org.br\/noticias\/?s={search_term_string}"},"query-input":"required name=search_term_string"}],"inLanguage":"pt-BR"},{"@type":"ImageObject","inLanguage":"pt-BR","@id":"https:\/\/franciscanos.org.br\/noticias\/laudate-deum-o-grito-do-papa-por-uma-resposta-a-crise-climatica.html#primaryimage","url":"https:\/\/franciscanos.org.br\/noticias\/wp-content\/uploads\/2023\/10\/laudato_enciclica_II.jpg","contentUrl":"https:\/\/franciscanos.org.br\/noticias\/wp-content\/uploads\/2023\/10\/laudato_enciclica_II.jpg","width":1280,"height":720},{"@type":"WebPage","@id":"https:\/\/franciscanos.org.br\/noticias\/laudate-deum-o-grito-do-papa-por-uma-resposta-a-crise-climatica.html#webpage","url":"https:\/\/franciscanos.org.br\/noticias\/laudate-deum-o-grito-do-papa-por-uma-resposta-a-crise-climatica.html","name":"\"Laudate Deum\", o grito do Papa por uma resposta \u00e0 crise clim\u00e1tica - Not\u00edcias - Franciscanos","isPartOf":{"@id":"https:\/\/franciscanos.org.br\/noticias\/#website"},"primaryImageOfPage":{"@id":"https:\/\/franciscanos.org.br\/noticias\/laudate-deum-o-grito-do-papa-por-uma-resposta-a-crise-climatica.html#primaryimage"},"datePublished":"2023-10-04T10:23:07+00:00","dateModified":"2023-10-04T10:24:16+00:00","author":{"@id":"https:\/\/franciscanos.org.br\/noticias\/#\/schema\/person\/b5c8cba458c330ccff548b056e95a5d4"},"breadcrumb":{"@id":"https:\/\/franciscanos.org.br\/noticias\/laudate-deum-o-grito-do-papa-por-uma-resposta-a-crise-climatica.html#breadcrumb"},"inLanguage":"pt-BR","potentialAction":[{"@type":"ReadAction","target":["https:\/\/franciscanos.org.br\/noticias\/laudate-deum-o-grito-do-papa-por-uma-resposta-a-crise-climatica.html"]}]},{"@type":"BreadcrumbList","@id":"https:\/\/franciscanos.org.br\/noticias\/laudate-deum-o-grito-do-papa-por-uma-resposta-a-crise-climatica.html#breadcrumb","itemListElement":[{"@type":"ListItem","position":1,"name":"Home","item":"https:\/\/franciscanos.org.br\/noticias"},{"@type":"ListItem","position":2,"name":"&#8220;Laudate Deum&#8221;, o grito do Papa por uma resposta \u00e0 crise clim\u00e1tica"}]},{"@type":"Person","@id":"https:\/\/franciscanos.org.br\/noticias\/#\/schema\/person\/b5c8cba458c330ccff548b056e95a5d4","name":"moacir","image":{"@type":"ImageObject","inLanguage":"pt-BR","@id":"https:\/\/franciscanos.org.br\/noticias\/#\/schema\/person\/image\/","url":"https:\/\/secure.gravatar.com\/avatar\/d08aa2ce4c8dd416d4479aa8536fcf64?s=96&d=mm&r=g","contentUrl":"https:\/\/secure.gravatar.com\/avatar\/d08aa2ce4c8dd416d4479aa8536fcf64?s=96&d=mm&r=g","caption":"moacir"},"url":"https:\/\/franciscanos.org.br\/noticias\/author\/moacir"}]}},"_links":{"self":[{"href":"https:\/\/franciscanos.org.br\/noticias\/wp-json\/wp\/v2\/posts\/244976"}],"collection":[{"href":"https:\/\/franciscanos.org.br\/noticias\/wp-json\/wp\/v2\/posts"}],"about":[{"href":"https:\/\/franciscanos.org.br\/noticias\/wp-json\/wp\/v2\/types\/post"}],"author":[{"embeddable":true,"href":"https:\/\/franciscanos.org.br\/noticias\/wp-json\/wp\/v2\/users\/3"}],"replies":[{"embeddable":true,"href":"https:\/\/franciscanos.org.br\/noticias\/wp-json\/wp\/v2\/comments?post=244976"}],"version-history":[{"count":2,"href":"https:\/\/franciscanos.org.br\/noticias\/wp-json\/wp\/v2\/posts\/244976\/revisions"}],"predecessor-version":[{"id":244979,"href":"https:\/\/franciscanos.org.br\/noticias\/wp-json\/wp\/v2\/posts\/244976\/revisions\/244979"}],"wp:featuredmedia":[{"embeddable":true,"href":"https:\/\/franciscanos.org.br\/noticias\/wp-json\/wp\/v2\/media\/244977"}],"wp:attachment":[{"href":"https:\/\/franciscanos.org.br\/noticias\/wp-json\/wp\/v2\/media?parent=244976"}],"wp:term":[{"taxonomy":"category","embeddable":true,"href":"https:\/\/franciscanos.org.br\/noticias\/wp-json\/wp\/v2\/categories?post=244976"},{"taxonomy":"post_tag","embeddable":true,"href":"https:\/\/franciscanos.org.br\/noticias\/wp-json\/wp\/v2\/tags?post=244976"}],"curies":[{"name":"wp","href":"https:\/\/api.w.org\/{rel}","templated":true}]}}