{"id":244954,"date":"2023-10-03T09:28:05","date_gmt":"2023-10-03T12:28:05","guid":{"rendered":"https:\/\/franciscanos.org.br\/noticias\/?p=244954"},"modified":"2023-10-11T11:48:13","modified_gmt":"2023-10-11T14:48:13","slug":"mensagem-do-ministro-provincial-para-a-festa-de-sao-francisco-de-assis-2","status":"publish","type":"post","link":"https:\/\/franciscanos.org.br\/noticias\/mensagem-do-ministro-provincial-para-a-festa-de-sao-francisco-de-assis-2.html","title":{"rendered":"Mensagem do Ministro Provincial para a Festa de Sao Francisco de Assis"},"content":{"rendered":"<div id=\"attachment_244955\" style=\"width: 1290px\" class=\"wp-caption alignnone\"><img aria-describedby=\"caption-attachment-244955\" loading=\"lazy\" class=\"wp-image-244955 size-full\" src=\"https:\/\/franciscanos.org.br\/noticias\/wp-content\/uploads\/2023\/10\/mensagem_freipaulo.jpg\" alt=\"\" width=\"1280\" height=\"720\" srcset=\"https:\/\/franciscanos.org.br\/noticias\/wp-content\/uploads\/2023\/10\/mensagem_freipaulo.jpg 1280w, https:\/\/franciscanos.org.br\/noticias\/wp-content\/uploads\/2023\/10\/mensagem_freipaulo-450x253.jpg 450w, https:\/\/franciscanos.org.br\/noticias\/wp-content\/uploads\/2023\/10\/mensagem_freipaulo-1024x576.jpg 1024w, https:\/\/franciscanos.org.br\/noticias\/wp-content\/uploads\/2023\/10\/mensagem_freipaulo-768x432.jpg 768w, https:\/\/franciscanos.org.br\/noticias\/wp-content\/uploads\/2023\/10\/mensagem_freipaulo-150x84.jpg 150w\" sizes=\"(max-width: 1280px) 100vw, 1280px\" \/><p id=\"caption-attachment-244955\" class=\"wp-caption-text\"><em>Imagem de Frei Benedito Geraldo Gomes Gon\u00e7alves, o <strong>Frei Dito<\/strong><\/em><\/p><\/div>\n<p style=\"text-align: center;\"><em>Meu irm\u00e3o, minha irm\u00e3,<\/em><\/p>\n<p style=\"text-align: center;\"><em>O Senhor vos d\u00ea a paz!<\/em><\/p>\n<p>A festa de S\u00e3o Francisco, celebrada neste tempo jubilar, se reveste de dom que revigora o desejo vocacional de todos n\u00f3s.<\/p>\n<p>Ao voltar nosso olhar para a experi\u00eancia original vivida h\u00e1 oitocentos anos, podemos perceber que as verdades cridas e as respostas dadas por Clara e Francisco s\u00e3o cr\u00edveis e oportunas para os tempos atuais.<\/p>\n<p>A originalidade de Francisco de Assis conferiu incompar\u00e1vel vigor ao movimento franciscano que, em muito pouco tempo, extrapolou os limites de Assis, da It\u00e1lia, da Europa e do mundo crist\u00e3o.<\/p>\n<p>Chamar S\u00e3o Francisco de \u201cSanto Universal\u201d n\u00e3o dever\u00e1 ser enquadrado nos eventuais exageros dos que escrevem a vida dos santos; na verdade, esse nome se baseia na percep\u00e7\u00e3o de que sua vida e suas escolhas servem de inspira\u00e7\u00e3o e encontram eco em diversos ambientes e em todas as culturas.<\/p>\n<p><iframe loading=\"lazy\" title=\"YouTube video player\" src=\"https:\/\/www.youtube.com\/embed\/tBQgrYEtxjo?si=tsAIWyUw6oQzgiXp\" width=\"100%\" height=\"500\" frameborder=\"0\" allowfullscreen=\"allowfullscreen\"><span data-mce-type=\"bookmark\" style=\"display: inline-block; width: 0px; overflow: hidden; line-height: 0;\" class=\"mce_SELRES_start\">\ufeff<\/span><\/iframe><\/p>\n<p>Os artistas, os artes\u00e3os, os cantores, os escritores e poetas de todos os tempos exaltam o Pobrezinho de Assis.\u00a0 Francisco encanta o mundo.<\/p>\n<p>Esta afirma\u00e7\u00e3o pode ser tida como elogio \u00e0 for\u00e7a atrativa das escolhas pessoais de Francisco de Assis.<\/p>\n<p>Ao mesmo tempo, com esta afirma\u00e7\u00e3o podemos tamb\u00e9m dizer que as virtudes de Francisco, suas op\u00e7\u00f5es, sua capacidade de congregar irm\u00e3os e irm\u00e3s, carregam em si o dom de devolver a alegria e a esperan\u00e7a ao mundo marcado pelo desalento e pela dor.<\/p>\n<p>Se com Francisco de Assis choramos o Amor que n\u00e3o \u00e9 amado, com ele tamb\u00e9m poderemos nos reencontrar com o encanto e com a coragem de amar o amor.<\/p>\n<p>Ao ser humano \u00e9 dado sonhar e \u00e9 bom que ele n\u00e3o tenha medo dessa capacidade, afinal, sonhar faz bem.<\/p>\n<p>Contudo, mais do que sonhar, ser\u00e1 necess\u00e1rio acreditar no sonho.<\/p>\n<p>Sonhar faz bem, acreditar no sonho se imp\u00f5e.<\/p>\n<p>Al\u00e9m dessas duas atitudes, os verdadeiros sonhadores dever\u00e3o eleger a\u00e7\u00f5es para que seus sonhos possam encontrar ader\u00eancia na realidade.<\/p>\n<p>Os sonhos de Francisco de Assis permanecem vivos.<\/p>\n<p>Francisco de Assis e, por seu exemplo, todos n\u00f3s, irm\u00e3os e irm\u00e3s somos convocados a redescobrir a for\u00e7a e o vigor da utopia que ele despertou.<\/p>\n<p>Somos chamados a semear a profecia para colher solidariedade e alegria.<\/p>\n<p>Nossa voz e nossas m\u00e3os se unam e, como pregoeiros de um tempo novo, possamos anunciar a vit\u00f3ria da justi\u00e7a e da verdade, do perd\u00e3o e da reconcilia\u00e7\u00e3o, do direito e do respeito, da paz e da conc\u00f3rdia, do cuidado e da ternura.<\/p>\n<p>A festa deste ano traz a expectativa do lan\u00e7amento de uma nova carta do Papa Francisco que dever\u00e1 ampliar a abrang\u00eancia e a import\u00e2ncia da <em>Laudato Si&#8217;.<\/em><\/p>\n<p>Enquanto aguardamos, estejamos atentos ao que o Papa, repetidas vezes e com franciscana inspira\u00e7\u00e3o, tem pedido a todas as gentes: promovamos a Revolu\u00e7\u00e3o da Ternura.<\/p>\n<p>Assim ensina o Papa: \u201cA ternura \u00e9 o amor que se faz pr\u00f3ximo e concreto, que parte do cora\u00e7\u00e3o e chega ao outro de maneira integral; est\u00e1 nos olhos, nos ouvidos, nas m\u00e3os que n\u00e3o foram feitas para carregar armas, mas para acalentar, fazer carinho, dar a m\u00e3o ao irm\u00e3o ca\u00eddo\u201d.<\/p>\n<p>H\u00e1 tempo rezamos e cantamos a ora\u00e7\u00e3o que brota do esp\u00edrito franciscano:<\/p>\n<p style=\"padding-left: 40px;\"><strong>\u201cSenhor, fazei de mim instrumento de paz\u201d.<\/strong><\/p>\n<p>Poder\u00edamos acrescentar a esta instante s\u00faplica, outra ainda mais urgente:<\/p>\n<p style=\"padding-left: 40px;\"><strong>\u201cSenhor, fazei de mim um revolucion\u00e1rio da ternura\u201d.<\/strong><\/p>\n<p style=\"padding-left: 40px;\"><strong>Por onde eu for leve mansid\u00e3o, aten\u00e7\u00e3o, respeito, humildade e solidariedade, justi\u00e7a e perd\u00e3o,<\/strong><\/p>\n<p style=\"padding-left: 40px;\"><strong>Que revele seu rosto misericordioso e bom,<\/strong><\/p>\n<p style=\"padding-left: 40px;\"><strong>Que a gratid\u00e3o e a gratuidade sustentem meus relacionamentos,<\/strong><\/p>\n<p style=\"padding-left: 40px;\"><strong>\u00a0Que minhas escolhas exprimam a f\u00e9 que emoldura meus sonhos.<\/strong><\/p>\n<p>&nbsp;<\/p>\n<p style=\"text-align: center;\">Boas Festas.<\/p>\n<p style=\"text-align: center;\">Paz e Bem!<\/p>\n<p>&nbsp;<\/p>\n<p style=\"text-align: center;\"><strong>FREI PAULO ROBERTO PEREIRA<\/strong><\/p>\n<p style=\"text-align: center;\"><em>MINISTRO PROVINCIAL<\/em><\/p>\n<p style=\"text-align: center;\"><strong>PROV\u00cdNCIA FRANCISCANA DA IMACULADA CONCEI\u00c7\u00c3O DO BRASIL<\/strong><\/p>\n","protected":false},"excerpt":{"rendered":"<p>Mensagem de Frei Paulo Roberto Pereira<\/p>\n","protected":false},"author":3,"featured_media":244955,"comment_status":"open","ping_status":"open","sticky":false,"template":"","format":"standard","meta":[],"categories":[1],"tags":[1249],"acf":[],"yoast_head":"<!-- This site is optimized with the Yoast SEO plugin v19.2 - https:\/\/yoast.com\/wordpress\/plugins\/seo\/ -->\n<title>Mensagem do Ministro Provincial para a Festa de Sao Francisco de Assis - Not\u00edcias - Franciscanos<\/title>\n<meta name=\"robots\" content=\"index, follow, max-snippet:-1, max-image-preview:large, max-video-preview:-1\" \/>\n<link rel=\"canonical\" href=\"https:\/\/franciscanos.org.br\/noticias\/mensagem-do-ministro-provincial-para-a-festa-de-sao-francisco-de-assis-2.html\" \/>\n<meta property=\"og:locale\" content=\"pt_BR\" \/>\n<meta property=\"og:type\" content=\"article\" \/>\n<meta property=\"og:title\" content=\"Mensagem do Ministro Provincial para a Festa de Sao Francisco de Assis - Not\u00edcias - Franciscanos\" \/>\n<meta property=\"og:description\" content=\"Mensagem de Frei Paulo Roberto Pereira\" \/>\n<meta property=\"og:url\" content=\"https:\/\/franciscanos.org.br\/noticias\/mensagem-do-ministro-provincial-para-a-festa-de-sao-francisco-de-assis-2.html\" \/>\n<meta property=\"og:site_name\" content=\"Not\u00edcias - Franciscanos\" \/>\n<meta property=\"article:published_time\" content=\"2023-10-03T12:28:05+00:00\" \/>\n<meta property=\"article:modified_time\" content=\"2023-10-11T14:48:13+00:00\" \/>\n<meta property=\"og:image\" content=\"https:\/\/franciscanos.org.br\/noticias\/wp-content\/uploads\/2023\/10\/mensagem_freipaulo.jpg\" \/>\n\t<meta property=\"og:image:width\" content=\"1280\" \/>\n\t<meta property=\"og:image:height\" content=\"720\" \/>\n\t<meta property=\"og:image:type\" content=\"image\/jpeg\" \/>\n<meta name=\"author\" content=\"moacir\" \/>\n<meta name=\"twitter:card\" content=\"summary_large_image\" \/>\n<meta name=\"twitter:label1\" content=\"Escrito por\" \/>\n\t<meta name=\"twitter:data1\" content=\"moacir\" \/>\n\t<meta name=\"twitter:label2\" content=\"Est. tempo de leitura\" \/>\n\t<meta name=\"twitter:data2\" content=\"3 minutos\" \/>\n<script type=\"application\/ld+json\" class=\"yoast-schema-graph\">{\"@context\":\"https:\/\/schema.org\",\"@graph\":[{\"@type\":\"WebSite\",\"@id\":\"https:\/\/franciscanos.org.br\/noticias\/#website\",\"url\":\"https:\/\/franciscanos.org.br\/noticias\/\",\"name\":\"Not\u00edcias - Franciscanos\",\"description\":\"Prov\u00edncia Franciscana da Imaculada Concei\u00e7\u00e3o do Brasil - Ordem dos Frades Menores - OFM\",\"potentialAction\":[{\"@type\":\"SearchAction\",\"target\":{\"@type\":\"EntryPoint\",\"urlTemplate\":\"https:\/\/franciscanos.org.br\/noticias\/?s={search_term_string}\"},\"query-input\":\"required name=search_term_string\"}],\"inLanguage\":\"pt-BR\"},{\"@type\":\"ImageObject\",\"inLanguage\":\"pt-BR\",\"@id\":\"https:\/\/franciscanos.org.br\/noticias\/mensagem-do-ministro-provincial-para-a-festa-de-sao-francisco-de-assis-2.html#primaryimage\",\"url\":\"https:\/\/franciscanos.org.br\/noticias\/wp-content\/uploads\/2023\/10\/mensagem_freipaulo.jpg\",\"contentUrl\":\"https:\/\/franciscanos.org.br\/noticias\/wp-content\/uploads\/2023\/10\/mensagem_freipaulo.jpg\",\"width\":1280,\"height\":720},{\"@type\":\"WebPage\",\"@id\":\"https:\/\/franciscanos.org.br\/noticias\/mensagem-do-ministro-provincial-para-a-festa-de-sao-francisco-de-assis-2.html#webpage\",\"url\":\"https:\/\/franciscanos.org.br\/noticias\/mensagem-do-ministro-provincial-para-a-festa-de-sao-francisco-de-assis-2.html\",\"name\":\"Mensagem do Ministro Provincial para a Festa de Sao Francisco de Assis - Not\u00edcias - Franciscanos\",\"isPartOf\":{\"@id\":\"https:\/\/franciscanos.org.br\/noticias\/#website\"},\"primaryImageOfPage\":{\"@id\":\"https:\/\/franciscanos.org.br\/noticias\/mensagem-do-ministro-provincial-para-a-festa-de-sao-francisco-de-assis-2.html#primaryimage\"},\"datePublished\":\"2023-10-03T12:28:05+00:00\",\"dateModified\":\"2023-10-11T14:48:13+00:00\",\"author\":{\"@id\":\"https:\/\/franciscanos.org.br\/noticias\/#\/schema\/person\/b5c8cba458c330ccff548b056e95a5d4\"},\"breadcrumb\":{\"@id\":\"https:\/\/franciscanos.org.br\/noticias\/mensagem-do-ministro-provincial-para-a-festa-de-sao-francisco-de-assis-2.html#breadcrumb\"},\"inLanguage\":\"pt-BR\",\"potentialAction\":[{\"@type\":\"ReadAction\",\"target\":[\"https:\/\/franciscanos.org.br\/noticias\/mensagem-do-ministro-provincial-para-a-festa-de-sao-francisco-de-assis-2.html\"]}]},{\"@type\":\"BreadcrumbList\",\"@id\":\"https:\/\/franciscanos.org.br\/noticias\/mensagem-do-ministro-provincial-para-a-festa-de-sao-francisco-de-assis-2.html#breadcrumb\",\"itemListElement\":[{\"@type\":\"ListItem\",\"position\":1,\"name\":\"Home\",\"item\":\"https:\/\/franciscanos.org.br\/noticias\"},{\"@type\":\"ListItem\",\"position\":2,\"name\":\"Mensagem do Ministro Provincial para a Festa de Sao Francisco de Assis\"}]},{\"@type\":\"Person\",\"@id\":\"https:\/\/franciscanos.org.br\/noticias\/#\/schema\/person\/b5c8cba458c330ccff548b056e95a5d4\",\"name\":\"moacir\",\"image\":{\"@type\":\"ImageObject\",\"inLanguage\":\"pt-BR\",\"@id\":\"https:\/\/franciscanos.org.br\/noticias\/#\/schema\/person\/image\/\",\"url\":\"https:\/\/secure.gravatar.com\/avatar\/d08aa2ce4c8dd416d4479aa8536fcf64?s=96&d=mm&r=g\",\"contentUrl\":\"https:\/\/secure.gravatar.com\/avatar\/d08aa2ce4c8dd416d4479aa8536fcf64?s=96&d=mm&r=g\",\"caption\":\"moacir\"},\"url\":\"https:\/\/franciscanos.org.br\/noticias\/author\/moacir\"}]}<\/script>\n<!-- \/ Yoast SEO plugin. -->","yoast_head_json":{"title":"Mensagem do Ministro Provincial para a Festa de Sao Francisco de Assis - Not\u00edcias - Franciscanos","robots":{"index":"index","follow":"follow","max-snippet":"max-snippet:-1","max-image-preview":"max-image-preview:large","max-video-preview":"max-video-preview:-1"},"canonical":"https:\/\/franciscanos.org.br\/noticias\/mensagem-do-ministro-provincial-para-a-festa-de-sao-francisco-de-assis-2.html","og_locale":"pt_BR","og_type":"article","og_title":"Mensagem do Ministro Provincial para a Festa de Sao Francisco de Assis - Not\u00edcias - Franciscanos","og_description":"Mensagem de Frei Paulo Roberto Pereira","og_url":"https:\/\/franciscanos.org.br\/noticias\/mensagem-do-ministro-provincial-para-a-festa-de-sao-francisco-de-assis-2.html","og_site_name":"Not\u00edcias - Franciscanos","article_published_time":"2023-10-03T12:28:05+00:00","article_modified_time":"2023-10-11T14:48:13+00:00","og_image":[{"width":1280,"height":720,"url":"https:\/\/franciscanos.org.br\/noticias\/wp-content\/uploads\/2023\/10\/mensagem_freipaulo.jpg","type":"image\/jpeg"}],"author":"moacir","twitter_card":"summary_large_image","twitter_misc":{"Escrito por":"moacir","Est. tempo de leitura":"3 minutos"},"schema":{"@context":"https:\/\/schema.org","@graph":[{"@type":"WebSite","@id":"https:\/\/franciscanos.org.br\/noticias\/#website","url":"https:\/\/franciscanos.org.br\/noticias\/","name":"Not\u00edcias - Franciscanos","description":"Prov\u00edncia Franciscana da Imaculada Concei\u00e7\u00e3o do Brasil - Ordem dos Frades Menores - OFM","potentialAction":[{"@type":"SearchAction","target":{"@type":"EntryPoint","urlTemplate":"https:\/\/franciscanos.org.br\/noticias\/?s={search_term_string}"},"query-input":"required name=search_term_string"}],"inLanguage":"pt-BR"},{"@type":"ImageObject","inLanguage":"pt-BR","@id":"https:\/\/franciscanos.org.br\/noticias\/mensagem-do-ministro-provincial-para-a-festa-de-sao-francisco-de-assis-2.html#primaryimage","url":"https:\/\/franciscanos.org.br\/noticias\/wp-content\/uploads\/2023\/10\/mensagem_freipaulo.jpg","contentUrl":"https:\/\/franciscanos.org.br\/noticias\/wp-content\/uploads\/2023\/10\/mensagem_freipaulo.jpg","width":1280,"height":720},{"@type":"WebPage","@id":"https:\/\/franciscanos.org.br\/noticias\/mensagem-do-ministro-provincial-para-a-festa-de-sao-francisco-de-assis-2.html#webpage","url":"https:\/\/franciscanos.org.br\/noticias\/mensagem-do-ministro-provincial-para-a-festa-de-sao-francisco-de-assis-2.html","name":"Mensagem do Ministro Provincial para a Festa de Sao Francisco de Assis - Not\u00edcias - Franciscanos","isPartOf":{"@id":"https:\/\/franciscanos.org.br\/noticias\/#website"},"primaryImageOfPage":{"@id":"https:\/\/franciscanos.org.br\/noticias\/mensagem-do-ministro-provincial-para-a-festa-de-sao-francisco-de-assis-2.html#primaryimage"},"datePublished":"2023-10-03T12:28:05+00:00","dateModified":"2023-10-11T14:48:13+00:00","author":{"@id":"https:\/\/franciscanos.org.br\/noticias\/#\/schema\/person\/b5c8cba458c330ccff548b056e95a5d4"},"breadcrumb":{"@id":"https:\/\/franciscanos.org.br\/noticias\/mensagem-do-ministro-provincial-para-a-festa-de-sao-francisco-de-assis-2.html#breadcrumb"},"inLanguage":"pt-BR","potentialAction":[{"@type":"ReadAction","target":["https:\/\/franciscanos.org.br\/noticias\/mensagem-do-ministro-provincial-para-a-festa-de-sao-francisco-de-assis-2.html"]}]},{"@type":"BreadcrumbList","@id":"https:\/\/franciscanos.org.br\/noticias\/mensagem-do-ministro-provincial-para-a-festa-de-sao-francisco-de-assis-2.html#breadcrumb","itemListElement":[{"@type":"ListItem","position":1,"name":"Home","item":"https:\/\/franciscanos.org.br\/noticias"},{"@type":"ListItem","position":2,"name":"Mensagem do Ministro Provincial para a Festa de Sao Francisco de Assis"}]},{"@type":"Person","@id":"https:\/\/franciscanos.org.br\/noticias\/#\/schema\/person\/b5c8cba458c330ccff548b056e95a5d4","name":"moacir","image":{"@type":"ImageObject","inLanguage":"pt-BR","@id":"https:\/\/franciscanos.org.br\/noticias\/#\/schema\/person\/image\/","url":"https:\/\/secure.gravatar.com\/avatar\/d08aa2ce4c8dd416d4479aa8536fcf64?s=96&d=mm&r=g","contentUrl":"https:\/\/secure.gravatar.com\/avatar\/d08aa2ce4c8dd416d4479aa8536fcf64?s=96&d=mm&r=g","caption":"moacir"},"url":"https:\/\/franciscanos.org.br\/noticias\/author\/moacir"}]}},"_links":{"self":[{"href":"https:\/\/franciscanos.org.br\/noticias\/wp-json\/wp\/v2\/posts\/244954"}],"collection":[{"href":"https:\/\/franciscanos.org.br\/noticias\/wp-json\/wp\/v2\/posts"}],"about":[{"href":"https:\/\/franciscanos.org.br\/noticias\/wp-json\/wp\/v2\/types\/post"}],"author":[{"embeddable":true,"href":"https:\/\/franciscanos.org.br\/noticias\/wp-json\/wp\/v2\/users\/3"}],"replies":[{"embeddable":true,"href":"https:\/\/franciscanos.org.br\/noticias\/wp-json\/wp\/v2\/comments?post=244954"}],"version-history":[{"count":2,"href":"https:\/\/franciscanos.org.br\/noticias\/wp-json\/wp\/v2\/posts\/244954\/revisions"}],"predecessor-version":[{"id":245135,"href":"https:\/\/franciscanos.org.br\/noticias\/wp-json\/wp\/v2\/posts\/244954\/revisions\/245135"}],"wp:featuredmedia":[{"embeddable":true,"href":"https:\/\/franciscanos.org.br\/noticias\/wp-json\/wp\/v2\/media\/244955"}],"wp:attachment":[{"href":"https:\/\/franciscanos.org.br\/noticias\/wp-json\/wp\/v2\/media?parent=244954"}],"wp:term":[{"taxonomy":"category","embeddable":true,"href":"https:\/\/franciscanos.org.br\/noticias\/wp-json\/wp\/v2\/categories?post=244954"},{"taxonomy":"post_tag","embeddable":true,"href":"https:\/\/franciscanos.org.br\/noticias\/wp-json\/wp\/v2\/tags?post=244954"}],"curies":[{"name":"wp","href":"https:\/\/api.w.org\/{rel}","templated":true}]}}