{"id":244941,"date":"2023-10-02T12:27:22","date_gmt":"2023-10-02T15:27:22","guid":{"rendered":"https:\/\/franciscanos.org.br\/noticias\/?p=244941"},"modified":"2023-10-02T12:30:59","modified_gmt":"2023-10-02T15:30:59","slug":"papa-pede-oracoes-pela-igreja-para-abracar-o-dialogo-e-a-escuta-atraves-do-sinodo","status":"publish","type":"post","link":"https:\/\/franciscanos.org.br\/noticias\/papa-pede-oracoes-pela-igreja-para-abracar-o-dialogo-e-a-escuta-atraves-do-sinodo.html","title":{"rendered":"Papa pede ora\u00e7\u00f5es pela Igreja, para abra\u00e7ar o di\u00e1logo e a escuta atrav\u00e9s do S\u00ednodo"},"content":{"rendered":"<div id=\"attachment_244942\" style=\"width: 1290px\" class=\"wp-caption alignnone\"><img aria-describedby=\"caption-attachment-244942\" loading=\"lazy\" class=\"wp-image-244942 size-full\" src=\"https:\/\/franciscanos.org.br\/noticias\/wp-content\/uploads\/2023\/10\/video_02.jpg\" alt=\"\" width=\"1280\" height=\"720\" srcset=\"https:\/\/franciscanos.org.br\/noticias\/wp-content\/uploads\/2023\/10\/video_02.jpg 1280w, https:\/\/franciscanos.org.br\/noticias\/wp-content\/uploads\/2023\/10\/video_02-450x253.jpg 450w, https:\/\/franciscanos.org.br\/noticias\/wp-content\/uploads\/2023\/10\/video_02-1024x576.jpg 1024w, https:\/\/franciscanos.org.br\/noticias\/wp-content\/uploads\/2023\/10\/video_02-768x432.jpg 768w, https:\/\/franciscanos.org.br\/noticias\/wp-content\/uploads\/2023\/10\/video_02-150x84.jpg 150w\" sizes=\"(max-width: 1280px) 100vw, 1280px\" \/><p id=\"caption-attachment-244942\" class=\"wp-caption-text\"><em>Imagem: Captura de tela do V\u00eddeo do Papa<\/em><\/p><\/div>\n<p>\u201cA miss\u00e3o est\u00e1 no cora\u00e7\u00e3o da Igreja. E mais ainda. Quando uma Igreja est\u00e1 em S\u00ednodo, somente essa din\u00e2mica sinodal \u00e9 que a faz levar adiante a voca\u00e7\u00e3o mission\u00e1ria. Quer dizer, a resposta ao mandato de Jesus de anunciar o Evangelho.\u201d<\/p>\n<p><iframe loading=\"lazy\" title=\"YouTube video player\" src=\"https:\/\/www.youtube.com\/embed\/iRCOckUtmGA?si=RF96Au13oApBGyuV\" width=\"100%\" height=\"500\" frameborder=\"0\" allowfullscreen=\"allowfullscreen\"><span data-mce-type=\"bookmark\" style=\"display: inline-block; width: 0px; overflow: hidden; line-height: 0;\" class=\"mce_SELRES_start\">\ufeff<\/span><\/iframe><\/p>\n<p>Assim inicia Francisco a mensagem em v\u00eddeo de outubro com a inten\u00e7\u00e3o de ora\u00e7\u00e3o que o Pont\u00edfice confia \u00e0 Igreja Cat\u00f3lica atrav\u00e9s da Rede Mundial de Ora\u00e7\u00e3o do Papa. Ele pede para rezar pela Igreja que, em outubro, abra\u00e7a o di\u00e1logo e a escuta atrav\u00e9s da XVI Assembleia Geral Ordin\u00e1ria, em Roma, m\u00eas que tamb\u00e9m coincide com a celebra\u00e7\u00e3o do 97\u00b0 Dia Mundial das Miss\u00f5es:<\/p>\n<p>&#8220;Quero recordar que n\u00e3o se acaba nada, mas que continua um caminho eclesial. Trata-se de um caminho que percorremos, como os disc\u00edpulos de Ema\u00fas, escutando ao Senhor que sempre sai ao nosso encontro. \u00c9 o Senhor da surpresa. Atrav\u00e9s da ora\u00e7\u00e3o e do discernimento, o Esp\u00edrito Santo nos ajuda a realizar o \u201capostolado do ouvido\u201d, ou seja, escutar com os ouvidos de Deus para poder falar com a palavra de Deus. E assim nos aproximarmos do cora\u00e7\u00e3o de Cristo, do qual brota nossa miss\u00e3o, e da voz que atrai para Ele. Uma voz que nos revela o centro da miss\u00e3o, que \u00e9 chegar a todos, buscar a todos, acolher a todos, envolver a todos, sem excluir ningu\u00e9m.&#8221;<\/p>\n<p>O v\u00eddeo, com a mensagem centrada no S\u00ednodo sobre a Sinodalidade, ser\u00e1 projetado na prepara\u00e7\u00e3o da Vig\u00edlia Ecum\u00eanica de Ora\u00e7\u00e3o na Pra\u00e7a de S\u00e3o Pedro deste s\u00e1bado, 30 de setembro. A primeira sess\u00e3o da Assembleia Geral Ordin\u00e1ria se realizar\u00e1 entre os dias 4 a 29 de outubro, em Roma, mas o processo, que come\u00e7ou em 2021, vai continuar em 2024.<\/p>\n<p><strong>Escuta e discernimento<\/strong><br \/>\nA mensagem do v\u00eddeo deste m\u00eas contou com o apoio e a colabora\u00e7\u00e3o das Pontif\u00edcias Obras Mission\u00e1rias dos Estados Unidos e do S\u00ednodo sobre a Sinodalidade, \u00e9 um convite a uma dispor-nos diante do Senhor numa atitude de escuta e de di\u00e1logo. O conceito de Igreja &#8220;em caminho&#8221;, e de sua voca\u00e7\u00e3o mission\u00e1ria, est\u00e1 bem representado na escolha das imagens em formato de &#8220;road movie&#8221;: atrav\u00e9s da janela de um autom\u00f3vel vemos lugares e pessoas de diversos pa\u00edses, desde o Vaticano at\u00e9 o Camboja, passando pela \u00c1frica, Oriente M\u00e9dio e Am\u00e9rica do Norte, filmados em momentos da vida cotidiana. Esse autom\u00f3vel representa a Igreja; seu combust\u00edvel \u00e9 &#8220;a for\u00e7a do Esp\u00edrito Santo&#8221;, que, nas palavras do Papa Francisco, deve conduzi-la &#8220;para as periferias do mundo&#8221;:<\/p>\n<p>\u201cRezemos pela Igreja, para que adote a escuta e o di\u00e1logo como estilo de vida em todos os n\u00edveis, deixando-se guiar pela for\u00e7a do Esp\u00edrito Santo em dire\u00e7\u00e3o \u00e0s periferias do mundo.\u201d<\/p>\n<p><strong>O que \u00e9 o S\u00ednodo da Sinodalidade<\/strong><br \/>\nEm 10 de outubro de 2021, o Papa Francisco convocou o S\u00ednodo da Sinodalidade para aprofundar o tema \u201cPor uma Igreja sinodal: comunh\u00e3o, participa\u00e7\u00e3o e miss\u00e3o\u201d. O S\u00ednodo dos Bispos \u00e9 um organismo consultivo que pede aos bispos de todo o mundo que participem no governo da Igreja, aconselhando ao Papa sobre assuntos de interesses para a Igreja universal. A palavra \u201cs\u00ednodo\u201d deriva da l\u00edngua grega e expressa a ideia de &#8220;caminhar juntos&#8221;.<\/p>\n<p>Com uma dura\u00e7\u00e3o prevista de tr\u00eas anos (outubro de 2021 a outubro de 2024), o S\u00ednodo da Sinodalidade percorreu distintas fases de escuta e discernimento. O Papa Francisco deseja que toda a Igreja reflita sobre a sinodalidade: que todo o Povo de Deus \u2014bispos, sacerdotes, religiosos, leigos, homens, mulheres, adultos, jovens\u2014 participe na conversa\u00e7\u00e3o sobre se estamos caminhando juntos e como o fazemos.<\/p>\n<p>No dia 4 de outubro ser\u00e1 aberta a primeira sess\u00e3o da XVI Assembleia Geral Ordin\u00e1ria, onde os bispos e outros participantes se re\u00fanem para recolher os frutos dos processos pr\u00e9vios de escuta. Neste S\u00ednodo, essa assembleia se celebrar\u00e1 em duas sess\u00f5es com um ano de diferen\u00e7a: de 4 a 29 de outubro de 2023 e em outubro de 2024.<\/p>\n<p>A celebra\u00e7\u00e3o da primeira sess\u00e3o da Assembleia Ordin\u00e1ria coincide tamb\u00e9m com o 97\u00b0 Dia Mundial das Miss\u00f5es. A esse prop\u00f3sito, dom Kieran Harrington, diretor nacional das Pontif\u00edcias Obras Mission\u00e1rias dos Estados Unidos, comentou: &#8220;o Papa Francisco, fazendo eco do esp\u00edrito de S\u00e3o Francisco Xavier, insiste no caminho da Igreja para as margens da sociedade. Ao reorganizar os esfor\u00e7os da Igreja para dar prioridade aos marginalizados e empobrecidos, nos recorda o minist\u00e9rio de Cristo centrado em partilhar a Boa Nova com os esquecidos e desassistidos. Esta \u00e9 a tarefa principal das Pontif\u00edcias Obras Mission\u00e1rias em n\u00edvel global: 120 escrit\u00f3rios nacionais trabalham juntos para apoiar milhares de mission\u00e1rios que levam a mensagem do Evangelho a todos. Enquanto refletimos sobre a inten\u00e7\u00e3o de ora\u00e7\u00e3o do Papa deste m\u00eas, somos chamados a assumir um estilo de vida de escuta e di\u00e1logo, movendo-nos para as periferias, guiados pelo Esp\u00edrito Santo&#8221;.<\/p>\n<p><strong>Abertura \u00e0 miss\u00e3o<\/strong><br \/>\nO Pe. Fr\u00e9d\u00e9ric Fornos, diretor internacional da Rede Mundial de Ora\u00e7\u00e3o do Papa, comenta sobre este importante momento que vive a Igreja: \u201cnesta terceira fase do S\u00ednodo, o Papa Francisco nos convida a rezar para que \u2018a escuta e o di\u00e1logo\u2019 sejam o \u2018estilo de vida em todos os n\u00edveis\u2019 da Igreja, pois \u00e9 uma gra\u00e7a. Somente assim podemos escutar o Esp\u00edrito Santo e deixar-nos guiar por ele, o que sup\u00f5e ora\u00e7\u00e3o e discernimento. \u2018Deixar-se guiar pelo Esp\u00edrito Santo\u2019, sup\u00f5e escutar juntos: \u2018n\u00e3o \u00e9 o resultado de estrat\u00e9gias e programas, mas de uma escuta rec\u00edproca entre irm\u00e3os e irm\u00e3s\u2019. \u00c9 o Esp\u00edrito do Senhor quem nos abre novos caminhos. \u00c9 ele quem nos ajuda a reconhecer hoje a miss\u00e3o de Cristo e nos conduz para as periferias do mundo: \u2018chegar a todos, buscar a todos, acolher a todos, envolver a todos, sem excluir ningu\u00e9m\u2019\u201d.<\/p>\n<hr \/>\n<p><em>Fonte: Vatican News (texto de Andressa Collet)<\/em><\/p>\n","protected":false},"excerpt":{"rendered":"<p>V\u00eddeo do Papa<\/p>\n","protected":false},"author":3,"featured_media":244942,"comment_status":"open","ping_status":"open","sticky":false,"template":"","format":"standard","meta":[],"categories":[1428],"tags":[542],"acf":[],"yoast_head":"<!-- This site is optimized with the Yoast SEO plugin v19.2 - https:\/\/yoast.com\/wordpress\/plugins\/seo\/ -->\n<title>Papa pede ora\u00e7\u00f5es pela Igreja, para abra\u00e7ar o di\u00e1logo e a escuta atrav\u00e9s do S\u00ednodo - Not\u00edcias - Franciscanos<\/title>\n<meta name=\"robots\" content=\"index, follow, max-snippet:-1, max-image-preview:large, max-video-preview:-1\" \/>\n<link rel=\"canonical\" href=\"https:\/\/franciscanos.org.br\/noticias\/papa-pede-oracoes-pela-igreja-para-abracar-o-dialogo-e-a-escuta-atraves-do-sinodo.html\" \/>\n<meta property=\"og:locale\" content=\"pt_BR\" \/>\n<meta property=\"og:type\" content=\"article\" \/>\n<meta property=\"og:title\" content=\"Papa pede ora\u00e7\u00f5es pela Igreja, para abra\u00e7ar o di\u00e1logo e a escuta atrav\u00e9s do S\u00ednodo - Not\u00edcias - Franciscanos\" \/>\n<meta property=\"og:description\" content=\"V\u00eddeo do Papa\" \/>\n<meta property=\"og:url\" content=\"https:\/\/franciscanos.org.br\/noticias\/papa-pede-oracoes-pela-igreja-para-abracar-o-dialogo-e-a-escuta-atraves-do-sinodo.html\" \/>\n<meta property=\"og:site_name\" content=\"Not\u00edcias - Franciscanos\" \/>\n<meta property=\"article:published_time\" content=\"2023-10-02T15:27:22+00:00\" \/>\n<meta property=\"article:modified_time\" content=\"2023-10-02T15:30:59+00:00\" \/>\n<meta property=\"og:image\" content=\"https:\/\/franciscanos.org.br\/noticias\/wp-content\/uploads\/2023\/10\/video_02-1024x576.jpg\" \/>\n\t<meta property=\"og:image:width\" content=\"1024\" \/>\n\t<meta property=\"og:image:height\" content=\"576\" \/>\n\t<meta property=\"og:image:type\" content=\"image\/jpeg\" \/>\n<meta name=\"author\" content=\"moacir\" \/>\n<meta name=\"twitter:card\" content=\"summary_large_image\" \/>\n<meta name=\"twitter:label1\" content=\"Escrito por\" \/>\n\t<meta name=\"twitter:data1\" content=\"moacir\" \/>\n\t<meta name=\"twitter:label2\" content=\"Est. tempo de leitura\" \/>\n\t<meta name=\"twitter:data2\" content=\"5 minutos\" \/>\n<script type=\"application\/ld+json\" class=\"yoast-schema-graph\">{\"@context\":\"https:\/\/schema.org\",\"@graph\":[{\"@type\":\"WebSite\",\"@id\":\"https:\/\/franciscanos.org.br\/noticias\/#website\",\"url\":\"https:\/\/franciscanos.org.br\/noticias\/\",\"name\":\"Not\u00edcias - Franciscanos\",\"description\":\"Prov\u00edncia Franciscana da Imaculada Concei\u00e7\u00e3o do Brasil - Ordem dos Frades Menores - OFM\",\"potentialAction\":[{\"@type\":\"SearchAction\",\"target\":{\"@type\":\"EntryPoint\",\"urlTemplate\":\"https:\/\/franciscanos.org.br\/noticias\/?s={search_term_string}\"},\"query-input\":\"required name=search_term_string\"}],\"inLanguage\":\"pt-BR\"},{\"@type\":\"ImageObject\",\"inLanguage\":\"pt-BR\",\"@id\":\"https:\/\/franciscanos.org.br\/noticias\/papa-pede-oracoes-pela-igreja-para-abracar-o-dialogo-e-a-escuta-atraves-do-sinodo.html#primaryimage\",\"url\":\"https:\/\/franciscanos.org.br\/noticias\/wp-content\/uploads\/2023\/10\/video_02.jpg\",\"contentUrl\":\"https:\/\/franciscanos.org.br\/noticias\/wp-content\/uploads\/2023\/10\/video_02.jpg\",\"width\":1280,\"height\":720},{\"@type\":\"WebPage\",\"@id\":\"https:\/\/franciscanos.org.br\/noticias\/papa-pede-oracoes-pela-igreja-para-abracar-o-dialogo-e-a-escuta-atraves-do-sinodo.html#webpage\",\"url\":\"https:\/\/franciscanos.org.br\/noticias\/papa-pede-oracoes-pela-igreja-para-abracar-o-dialogo-e-a-escuta-atraves-do-sinodo.html\",\"name\":\"Papa pede ora\u00e7\u00f5es pela Igreja, para abra\u00e7ar o di\u00e1logo e a escuta atrav\u00e9s do S\u00ednodo - Not\u00edcias - Franciscanos\",\"isPartOf\":{\"@id\":\"https:\/\/franciscanos.org.br\/noticias\/#website\"},\"primaryImageOfPage\":{\"@id\":\"https:\/\/franciscanos.org.br\/noticias\/papa-pede-oracoes-pela-igreja-para-abracar-o-dialogo-e-a-escuta-atraves-do-sinodo.html#primaryimage\"},\"datePublished\":\"2023-10-02T15:27:22+00:00\",\"dateModified\":\"2023-10-02T15:30:59+00:00\",\"author\":{\"@id\":\"https:\/\/franciscanos.org.br\/noticias\/#\/schema\/person\/b5c8cba458c330ccff548b056e95a5d4\"},\"breadcrumb\":{\"@id\":\"https:\/\/franciscanos.org.br\/noticias\/papa-pede-oracoes-pela-igreja-para-abracar-o-dialogo-e-a-escuta-atraves-do-sinodo.html#breadcrumb\"},\"inLanguage\":\"pt-BR\",\"potentialAction\":[{\"@type\":\"ReadAction\",\"target\":[\"https:\/\/franciscanos.org.br\/noticias\/papa-pede-oracoes-pela-igreja-para-abracar-o-dialogo-e-a-escuta-atraves-do-sinodo.html\"]}]},{\"@type\":\"BreadcrumbList\",\"@id\":\"https:\/\/franciscanos.org.br\/noticias\/papa-pede-oracoes-pela-igreja-para-abracar-o-dialogo-e-a-escuta-atraves-do-sinodo.html#breadcrumb\",\"itemListElement\":[{\"@type\":\"ListItem\",\"position\":1,\"name\":\"Home\",\"item\":\"https:\/\/franciscanos.org.br\/noticias\"},{\"@type\":\"ListItem\",\"position\":2,\"name\":\"Papa pede ora\u00e7\u00f5es pela Igreja, para abra\u00e7ar o di\u00e1logo e a escuta atrav\u00e9s do S\u00ednodo\"}]},{\"@type\":\"Person\",\"@id\":\"https:\/\/franciscanos.org.br\/noticias\/#\/schema\/person\/b5c8cba458c330ccff548b056e95a5d4\",\"name\":\"moacir\",\"image\":{\"@type\":\"ImageObject\",\"inLanguage\":\"pt-BR\",\"@id\":\"https:\/\/franciscanos.org.br\/noticias\/#\/schema\/person\/image\/\",\"url\":\"https:\/\/secure.gravatar.com\/avatar\/d08aa2ce4c8dd416d4479aa8536fcf64?s=96&d=mm&r=g\",\"contentUrl\":\"https:\/\/secure.gravatar.com\/avatar\/d08aa2ce4c8dd416d4479aa8536fcf64?s=96&d=mm&r=g\",\"caption\":\"moacir\"},\"url\":\"https:\/\/franciscanos.org.br\/noticias\/author\/moacir\"}]}<\/script>\n<!-- \/ Yoast SEO plugin. -->","yoast_head_json":{"title":"Papa pede ora\u00e7\u00f5es pela Igreja, para abra\u00e7ar o di\u00e1logo e a escuta atrav\u00e9s do S\u00ednodo - Not\u00edcias - Franciscanos","robots":{"index":"index","follow":"follow","max-snippet":"max-snippet:-1","max-image-preview":"max-image-preview:large","max-video-preview":"max-video-preview:-1"},"canonical":"https:\/\/franciscanos.org.br\/noticias\/papa-pede-oracoes-pela-igreja-para-abracar-o-dialogo-e-a-escuta-atraves-do-sinodo.html","og_locale":"pt_BR","og_type":"article","og_title":"Papa pede ora\u00e7\u00f5es pela Igreja, para abra\u00e7ar o di\u00e1logo e a escuta atrav\u00e9s do S\u00ednodo - Not\u00edcias - Franciscanos","og_description":"V\u00eddeo do Papa","og_url":"https:\/\/franciscanos.org.br\/noticias\/papa-pede-oracoes-pela-igreja-para-abracar-o-dialogo-e-a-escuta-atraves-do-sinodo.html","og_site_name":"Not\u00edcias - Franciscanos","article_published_time":"2023-10-02T15:27:22+00:00","article_modified_time":"2023-10-02T15:30:59+00:00","og_image":[{"width":1024,"height":576,"url":"https:\/\/franciscanos.org.br\/noticias\/wp-content\/uploads\/2023\/10\/video_02-1024x576.jpg","type":"image\/jpeg"}],"author":"moacir","twitter_card":"summary_large_image","twitter_misc":{"Escrito por":"moacir","Est. tempo de leitura":"5 minutos"},"schema":{"@context":"https:\/\/schema.org","@graph":[{"@type":"WebSite","@id":"https:\/\/franciscanos.org.br\/noticias\/#website","url":"https:\/\/franciscanos.org.br\/noticias\/","name":"Not\u00edcias - Franciscanos","description":"Prov\u00edncia Franciscana da Imaculada Concei\u00e7\u00e3o do Brasil - Ordem dos Frades Menores - OFM","potentialAction":[{"@type":"SearchAction","target":{"@type":"EntryPoint","urlTemplate":"https:\/\/franciscanos.org.br\/noticias\/?s={search_term_string}"},"query-input":"required name=search_term_string"}],"inLanguage":"pt-BR"},{"@type":"ImageObject","inLanguage":"pt-BR","@id":"https:\/\/franciscanos.org.br\/noticias\/papa-pede-oracoes-pela-igreja-para-abracar-o-dialogo-e-a-escuta-atraves-do-sinodo.html#primaryimage","url":"https:\/\/franciscanos.org.br\/noticias\/wp-content\/uploads\/2023\/10\/video_02.jpg","contentUrl":"https:\/\/franciscanos.org.br\/noticias\/wp-content\/uploads\/2023\/10\/video_02.jpg","width":1280,"height":720},{"@type":"WebPage","@id":"https:\/\/franciscanos.org.br\/noticias\/papa-pede-oracoes-pela-igreja-para-abracar-o-dialogo-e-a-escuta-atraves-do-sinodo.html#webpage","url":"https:\/\/franciscanos.org.br\/noticias\/papa-pede-oracoes-pela-igreja-para-abracar-o-dialogo-e-a-escuta-atraves-do-sinodo.html","name":"Papa pede ora\u00e7\u00f5es pela Igreja, para abra\u00e7ar o di\u00e1logo e a escuta atrav\u00e9s do S\u00ednodo - Not\u00edcias - Franciscanos","isPartOf":{"@id":"https:\/\/franciscanos.org.br\/noticias\/#website"},"primaryImageOfPage":{"@id":"https:\/\/franciscanos.org.br\/noticias\/papa-pede-oracoes-pela-igreja-para-abracar-o-dialogo-e-a-escuta-atraves-do-sinodo.html#primaryimage"},"datePublished":"2023-10-02T15:27:22+00:00","dateModified":"2023-10-02T15:30:59+00:00","author":{"@id":"https:\/\/franciscanos.org.br\/noticias\/#\/schema\/person\/b5c8cba458c330ccff548b056e95a5d4"},"breadcrumb":{"@id":"https:\/\/franciscanos.org.br\/noticias\/papa-pede-oracoes-pela-igreja-para-abracar-o-dialogo-e-a-escuta-atraves-do-sinodo.html#breadcrumb"},"inLanguage":"pt-BR","potentialAction":[{"@type":"ReadAction","target":["https:\/\/franciscanos.org.br\/noticias\/papa-pede-oracoes-pela-igreja-para-abracar-o-dialogo-e-a-escuta-atraves-do-sinodo.html"]}]},{"@type":"BreadcrumbList","@id":"https:\/\/franciscanos.org.br\/noticias\/papa-pede-oracoes-pela-igreja-para-abracar-o-dialogo-e-a-escuta-atraves-do-sinodo.html#breadcrumb","itemListElement":[{"@type":"ListItem","position":1,"name":"Home","item":"https:\/\/franciscanos.org.br\/noticias"},{"@type":"ListItem","position":2,"name":"Papa pede ora\u00e7\u00f5es pela Igreja, para abra\u00e7ar o di\u00e1logo e a escuta atrav\u00e9s do S\u00ednodo"}]},{"@type":"Person","@id":"https:\/\/franciscanos.org.br\/noticias\/#\/schema\/person\/b5c8cba458c330ccff548b056e95a5d4","name":"moacir","image":{"@type":"ImageObject","inLanguage":"pt-BR","@id":"https:\/\/franciscanos.org.br\/noticias\/#\/schema\/person\/image\/","url":"https:\/\/secure.gravatar.com\/avatar\/d08aa2ce4c8dd416d4479aa8536fcf64?s=96&d=mm&r=g","contentUrl":"https:\/\/secure.gravatar.com\/avatar\/d08aa2ce4c8dd416d4479aa8536fcf64?s=96&d=mm&r=g","caption":"moacir"},"url":"https:\/\/franciscanos.org.br\/noticias\/author\/moacir"}]}},"_links":{"self":[{"href":"https:\/\/franciscanos.org.br\/noticias\/wp-json\/wp\/v2\/posts\/244941"}],"collection":[{"href":"https:\/\/franciscanos.org.br\/noticias\/wp-json\/wp\/v2\/posts"}],"about":[{"href":"https:\/\/franciscanos.org.br\/noticias\/wp-json\/wp\/v2\/types\/post"}],"author":[{"embeddable":true,"href":"https:\/\/franciscanos.org.br\/noticias\/wp-json\/wp\/v2\/users\/3"}],"replies":[{"embeddable":true,"href":"https:\/\/franciscanos.org.br\/noticias\/wp-json\/wp\/v2\/comments?post=244941"}],"version-history":[{"count":3,"href":"https:\/\/franciscanos.org.br\/noticias\/wp-json\/wp\/v2\/posts\/244941\/revisions"}],"predecessor-version":[{"id":244945,"href":"https:\/\/franciscanos.org.br\/noticias\/wp-json\/wp\/v2\/posts\/244941\/revisions\/244945"}],"wp:featuredmedia":[{"embeddable":true,"href":"https:\/\/franciscanos.org.br\/noticias\/wp-json\/wp\/v2\/media\/244942"}],"wp:attachment":[{"href":"https:\/\/franciscanos.org.br\/noticias\/wp-json\/wp\/v2\/media?parent=244941"}],"wp:term":[{"taxonomy":"category","embeddable":true,"href":"https:\/\/franciscanos.org.br\/noticias\/wp-json\/wp\/v2\/categories?post=244941"},{"taxonomy":"post_tag","embeddable":true,"href":"https:\/\/franciscanos.org.br\/noticias\/wp-json\/wp\/v2\/tags?post=244941"}],"curies":[{"name":"wp","href":"https:\/\/api.w.org\/{rel}","templated":true}]}}