{"id":244922,"date":"2023-10-10T00:37:46","date_gmt":"2023-10-10T03:37:46","guid":{"rendered":"https:\/\/franciscanos.org.br\/noticias\/?p=244922"},"modified":"2023-10-15T13:25:40","modified_gmt":"2023-10-15T16:25:40","slug":"frei-augusto-luiz-gabriel-sera-ordenado-presbitero-no-dia-14-de-outubro","status":"publish","type":"post","link":"https:\/\/franciscanos.org.br\/noticias\/frei-augusto-luiz-gabriel-sera-ordenado-presbitero-no-dia-14-de-outubro.html","title":{"rendered":"Frei Augusto Luiz Gabriel ser\u00e1 ordenado presb\u00edtero no dia 14 de outubro"},"content":{"rendered":"<p><img loading=\"lazy\" class=\"alignnone size-full wp-image-244928\" src=\"https:\/\/franciscanos.org.br\/noticias\/wp-content\/uploads\/2023\/10\/Augusto-1280-1.jpg\" alt=\"\" width=\"1280\" height=\"720\" srcset=\"https:\/\/franciscanos.org.br\/noticias\/wp-content\/uploads\/2023\/10\/Augusto-1280-1.jpg 1280w, https:\/\/franciscanos.org.br\/noticias\/wp-content\/uploads\/2023\/10\/Augusto-1280-1-450x253.jpg 450w, https:\/\/franciscanos.org.br\/noticias\/wp-content\/uploads\/2023\/10\/Augusto-1280-1-1024x576.jpg 1024w, https:\/\/franciscanos.org.br\/noticias\/wp-content\/uploads\/2023\/10\/Augusto-1280-1-768x432.jpg 768w, https:\/\/franciscanos.org.br\/noticias\/wp-content\/uploads\/2023\/10\/Augusto-1280-1-150x84.jpg 150w\" sizes=\"(max-width: 1280px) 100vw, 1280px\" \/><\/p>\n<h1>\u201cSer Presb\u00edtero \u00e9 ter disposi\u00e7\u00e3o \u2018infinita para Servir\u2019\u201d<\/h1>\n<p><em>Pelas m\u00e3os de Dom Odelir Jos\u00e9 Magri, bispo diocesano de Chapec\u00f3 (SC), Frei Augusto Luiz Gabriel ser\u00e1 ordenado presb\u00edtero no pr\u00f3ximo dia 14 de outubro, \u00e0s 16 horas, na Igreja Matriz S\u00e3o Luiz Gonzaga, em Xaxim (SC). Sua Primeira Missa ser\u00e1 celebrada no dia 15 de outubro, \u00e0s 10 horas, na Comunidade N. Sra. da Salete de Vila Tigre, em Xaxim. \u201cIde pelo mundo inteiro e anunciai o Evangelho a toda criatura\u201d, \u00e9 o lema de Frei Augusto para a ordena\u00e7\u00e3o presbiteral.<\/em><\/p>\n<p><em>Filho de Domingos Gabriel e Elenir F\u00e1tima Roman Gabriel, Frei Augusto \u00e9 natural de Xaxim (SC), onde nasceu no dia 9 de julho de 1994. \u00c9 irm\u00e3o de Tatiana, casada com Luciano Dervanoski, pais da pequena Angela Hellena.<\/em><\/p>\n<p><em>Frei Augusto Ingressou no Semin\u00e1rio Santo Ant\u00f4nio de Agudos (SP) em 2009, onde cursou o Ensino M\u00e9dio, concluindo em 2011 no Semin\u00e1rio S\u00e3o Francisco de Assis em Ituporanga (SC). Fez o Noviciado em Rodeio (SC) durante os anos de 2013 at\u00e9 2 de agosto de 2014, data de sua Primeira Profiss\u00e3o Religiosa. Fez uma experi\u00eancia pastoral em Santo Amaro da Imperatriz (SC) antes de cursar Filosofia (2015-2017). Em 2018, viveu o Ano Mission\u00e1rio no Convento S\u00e3o Francisco em S\u00e3o Paulo (SP), onde atuou na Frente de Evangeliza\u00e7\u00e3o da Comunica\u00e7\u00e3o. Cursou Teologia de 2019 a 2022. Em 5 de dezembro de 2020 fez a Profiss\u00e3o Solene na Ordem dos Frades Menores e, em 17 de dezembro de 2022, foi ordenado di\u00e1cono. Em 2023 est\u00e1 a servi\u00e7o da Evangeliza\u00e7\u00e3o em Colatina (ES), na Fraternidade Santo Ant\u00f4nio de Sant\u2019Anna Galv\u00e3o, e \u00e9 tamb\u00e9m animador das Juventudes.<\/em><\/p>\n<h3><strong>Acompanhe a entrevista!<\/strong><\/h3>\n<p><strong>Site Franciscanos<\/strong> \u2013<em> Como se deu o seu discernimento vocacional? Voc\u00ea sempre quis ser franciscano?<\/em><\/p>\n<p><strong>Frei Augusto<\/strong> \u2013 Desde quando me conhe\u00e7o por gente, a vida dos franciscanos me despertava certa curiosidade. Com a gra\u00e7a de Deus venho de uma \u201cpar\u00f3quia franciscana\u201d, ent\u00e3o o contato com os frades era frequente e ainda crian\u00e7a gostava de v\u00ea-los usando \u201caquela roupa marrom\u201d. O tempo passou, tinha outros planos. Hoje brinco, que meus primeiros animadores vocacionais foram meus pais. Eles percebiam este anseio, talvez pelas muitas perguntas minhas, e volta e meia conversavam sobre o assunto, do jeito deles. Interessante, que os primeiros dois livros franciscanos que li, s\u00e3o do meu pai, do tempo de encontro de jovens dele.<\/p>\n<p>A decis\u00e3o de conversar com um franciscano sobre o \u201ccomo faz pra ser frei\u201d, foi ap\u00f3s a celebra\u00e7\u00e3o de s\u00e9timo dia de meu tio, Arquimedes Turra. Na ocasi\u00e3o, Frei Ren\u00e9 Zarpelon presidiu a Eucaristia e no final da missa fui conversar com ele. Era meados de janeiro de 2008. A partir daquele dia vi que a coisa era s\u00e9ria. E ent\u00e3o comecei a fazer os encontros vocacionais e depois percorri o caminho formativo franciscano, como est\u00e1 descrito no in\u00edcio desta entrevista.<\/p>\n<p>Vejo como Deus em tudo foi me conduzindo e concedendo a gra\u00e7a de ser hoje tamb\u00e9m um religioso franciscano, al\u00e9m de me capacitar para as diferentes realidades. Um frade que, como tantos outros, busca ser fiel, com alegria, disposi\u00e7\u00e3o e responsabilidade ao que prometeu \u2013 com muita naturalidade \u2013, \u00e0 Igreja, Ordem e Prov\u00edncia, mesmo diante de desafios, crises, pecados e limita\u00e7\u00f5es. Muitos anos depois, j\u00e1 sendo frade temporariamente professo, lembrei-me que meu tio, Arquimedes Turra, era jornalista, um ilustre comunicador que diariamente rezava pelas ondas do r\u00e1dio a ora\u00e7\u00e3o do Angelus com uma voz imponente e marcante, da manh\u00e3 e da tarde, sempre as seis horas. Hoje, tenho clareza e convic\u00e7\u00e3o que tudo faz sentido e que sou desafiado, na realidade em que me encontrar, a comunicar por todo o mundo, o \u2018Evangelho a toda criatura\u2019, lema de minha Ordena\u00e7\u00e3o Presbiteral.<\/p>\n<p>Por isso, sim, sempre quis ser frade franciscano. Durante o discernimento vocacional, tamb\u00e9m conheci outros carismas, mas S\u00e3o Francisco me conquistou primeiro e por isso busquei ser fiel a este encontro, a este chamado que foi se concretizando no dia a dia do percurso vocacional. Aos poucos, no decorrer da vida, vamos descobrindo que as coisas v\u00e3o fazendo sentido, v\u00e3o se encaixando, v\u00e3o nos realizando, por isso, \u00e9 preciso perseverar, acreditar, colocar-se nas m\u00e3os de Deus e confiar!<\/p>\n<p><strong>Site Franciscanos<\/strong> <em>\u2013 O que \u00e9 para voc\u00ea o minist\u00e9rio presbiteral?<\/em><\/p>\n<p><strong>Frei Augusto<\/strong> \u2013 Diante da grandeza deste minist\u00e9rio me sinto pequeno. Ser presb\u00edtero \u00e9 uma grande gra\u00e7a, miss\u00e3o, uma voca\u00e7\u00e3o. Certamente, daqui a um tempo saberei responder melhor esta pergunta, mas, de antem\u00e3o vale dizer que me coloquei \u00e0 disposi\u00e7\u00e3o para assumir este minist\u00e9rio estando aberto para a gra\u00e7a de Deus. \u201c\u00c9 por Ele que recebemos a gra\u00e7a da voca\u00e7\u00e3o para o apostolado\u201d (Rm 1,5), foi o lema de minha Ordena\u00e7\u00e3o Diaconal e at\u00e9 ent\u00e3o, como di\u00e1cono, descobri na viv\u00eancia di\u00e1ria a import\u00e2ncia de estar aberto para a gra\u00e7a de Deus que nos prepara para a miss\u00e3o. Por\u00e9m, n\u00e3o basta ter uma atitude de abertura \u2013 isso \u00e9 sim importante \u2013, mas tamb\u00e9m vejo que um presb\u00edtero precisa estar atento aos sinais do nosso tempo, de nossa Igreja, fraternidade, Ordem, Prov\u00edncia e do local em que se encontrar. Ent\u00e3o, neste sentido, ser presb\u00edtero \u00e9 ter disposi\u00e7\u00e3o \u2018infinita para servir\u2019, \u2018para pregar o Evangelho, apascentar os fi\u00e9is e celebrar o culto divino, como verdadeiro sacerdote do Novo Testamento\u2019. Que Deus nos ajude a trilhar este caminho de Jesus, um caminho trinit\u00e1rio, que d\u00ea lugar ao \u201cEsp\u00edrito do Senhor e \u00e0 sua santa opera\u00e7\u00e3o\u201d, para poder caminhar sobre as pegadas de Cristo e chegar com Ele ao Pai. Assumo o minist\u00e9rio do presbiterado, tendo consci\u00eancia da grandiosidade deste servi\u00e7o, bem como da import\u00e2ncia desta miss\u00e3o que Deus nos concede a gra\u00e7a e nos prepara dia ap\u00f3s dia para viver.<\/p>\n<p><strong>Site Franciscanos<\/strong> <em>\u2013 Quais as suas expectativas como presb\u00edtero no Pontificado do Papa Francisco?<\/em><\/p>\n<p><strong>Frei Augusto<\/strong> \u2013 Agrade\u00e7o por esta pergunta e por me lembrar que serei presb\u00edtero no Pontificado do Papa Francisco, grande pastor, s\u00e1bio profeta e um grande divulgador de nosso carisma franciscano! O Papa Francisco \u00e9 criativo, firme, ousado, novo, feliz, assim como foi o de Assis, e olha que at\u00e9 rimou, embora n\u00e3o seja poeta. Sua vida e sua miss\u00e3o sem d\u00favida me inspiram e ensinam. Assim, minhas expectativas enquanto um jovem e futuro presb\u00edtero \u00e9 ser fiel, obediente e estar em comunh\u00e3o com Francisco, nosso Papa.<\/p>\n<p>A cada Eucaristia a Igreja prev\u00ea que rezemos pelo Papa, que assumindo o nome de Francisco, nos remete para uma \u00e9tica do cuidado, da Casa Comum, da irmandade, fraternidade, cuidado aos pequenos, aos que n\u00e3o t\u00eam voz e vez. Francisco nos ensina a ser do povo, abra\u00e7ar as pessoas, olhar com amor para os que v\u00eam ao nosso encontro e saber ouvir, mais do que discursar. Francisco de nome, Francisco de esp\u00edrito, Francisco Papa que nos desafia enquanto franciscanos a olharmos sempre para o Santo de Assis e buscarmos inspira\u00e7\u00e3o para nossa miss\u00e3o di\u00e1ria e para a nossa vida. Para al\u00e9m de expectativas, ser presb\u00edtero no tempo de Francisco \u2013 que \u00e9 o nosso tempo \u2013, \u00e9 tamb\u00e9m um grande desafio, por\u00e9m, nos sobram exemplos!<\/p>\n<p><strong>Site Franciscanos<\/strong> <em>\u2013 Voc\u00ea comp\u00f5e a equipe de Evangeliza\u00e7\u00e3o com as Juventudes na Prov\u00edncia. Como voc\u00ea apresentaria S\u00e3o Francisco e Santa Clara aos jovens.<\/em><\/p>\n<p><strong>Frei Augusto<\/strong> \u2013 S\u00e3o Francisco e Santa Clara s\u00e3o jovens que provocam, que prop\u00f5em mudan\u00e7as, que desejam fazer, reconstruir, recome\u00e7ar, que buscam ser melhores, emp\u00e1ticos, acess\u00edveis, comprometidos&#8230; Aos jovens franciscanos de nossas par\u00f3quias, conventos, provinciais, cust\u00f3dias e Ordem, busco apresentar este carisma que prov\u00e9m de Assis com estas caracter\u00edsticas e virtudes. Assim como S\u00e3o Francisco e Santa Clara, nossos jovens provocam, buscam pela novidade do Evangelho e do carisma. Longe da rotina, querem mais roteiros, mais miss\u00f5es, caminhadas, encontros, forma\u00e7\u00f5es e mais viv\u00eancia pr\u00e1tica e evang\u00e9lica. E, sem d\u00favidas, Santa Clara e S\u00e3o Francisco s\u00e3o nossa inspira\u00e7\u00e3o para que neste caminho juvenil possamos lev\u00e1-los a percorrerem os caminhos de Jesus, nosso Mestre. \u00c9 para Ele, com o aux\u00edlio e exemplo de nossos santos franciscanos e fundadores de nossos carismas, bem como de nossas fraternidades e frades, que buscamos indicar a dire\u00e7\u00e3o e apresentar este carisma t\u00e3o rico e necess\u00e1rio.<\/p>\n<p><strong>Site Franciscanos<\/strong> <em>\u2013 A ora\u00e7\u00e3o \u00e9 o pilar da vida consagrada. Quem \u00e9 a sua fonte de inspira\u00e7\u00e3o? Onde busca alimento para sua espiritualidade?<\/em><\/p>\n<p><strong>Frei Augusto<\/strong> \u2013 Recorro ao texto de Tom\u00e1s de Celano, intitulado \u2018O amor de Francisco pela ora\u00e7\u00e3o\u2019, para responder sobre a fonte de inspira\u00e7\u00e3o: \u201cFrequentemente, sem mover os l\u00e1bios, meditava por longo tempo dentro de si, concentrando internamente as pot\u00eancias exteriores, se elevava com o esp\u00edrito ao c\u00e9u. Deste modo, dirigia toda a mente e o afeto \u00e0quela \u00fanica coisa que pedia a Deus: n\u00e3o era tanto um que rezava, quanto, ele mesmo todo transformado na pr\u00f3pria ora\u00e7\u00e3o\u201d (2Cel 61,95). Assim, em um tempo em que muitas coisas tiram nossa aten\u00e7\u00e3o e nos desafiam ainda mais a manter o foco no essencial, a inspira\u00e7\u00e3o sem d\u00favida \u00e9 a partir dos textos espirituais franciscanos, da ora\u00e7\u00e3o em fraternidade, da ora\u00e7\u00e3o como defesa contra o ativismo, entendendo que dependemos da gra\u00e7a de Deus enquanto alimento para nossa espiritualidade. Rezar neste sentido significa confiar no Pai, deixando que Ele de fato conduza a nossa vida. Assim, vejo que a experi\u00eancia da ora\u00e7\u00e3o constitui uma das mais relevantes formas de viver o tempo!<\/p>\n<p><strong>Site Franciscanos<\/strong> <em>\u2013 O que diria para um jovem sobre a vida religiosa franciscana?<\/em><\/p>\n<p><strong>Frei Augusto<\/strong> \u2013 Vale a pena ser franciscano! Se voc\u00ea sente em seu cora\u00e7\u00e3o este chamado n\u00e3o tenha receio de tentar, de come\u00e7ar, de dar ouvido ao que sente. \u00c9 preciso coragem, entusiasmo, perseveran\u00e7a e insist\u00eancia. \u00c9 um caminho gratificante que nos realiza, nos congrega, nos preenche e nos faz irm\u00e3os de tudo e todos, desde a Casa Comum \u00e0 aquele que bate em nossa porta pedindo por ajuda. Ser franciscano \u00e9 um caminho de possibilidades, mas mais do que isso, \u00e9 um caminho realmente feliz.<\/p>\n<p>Aproveito o espa\u00e7o para a agradecer a todos os frades da Prov\u00edncia, bem como \u00e0s Irm\u00e3s Clarissas que rezam sempre por n\u00f3s e nos acompanham. E, em especial, os formadores, que desde os tempos iniciais zelaram pela nossa forma\u00e7\u00e3o e mesmo diante de cont\u00ednuas transforma\u00e7\u00f5es e desafios buscaram sempre oferecer o melhor. Nossa gratid\u00e3o tamb\u00e9m a todos os colaboradores e pessoas que nesta caminhada nos auxiliaram, formando uma grande fraternidade. Por tudo, sou grato!<\/p>\n<hr \/>\n<p><em>Moacir Beggo<\/em><\/p>\n<p><img loading=\"lazy\" class=\"alignnone size-full wp-image-244924\" src=\"https:\/\/franciscanos.org.br\/noticias\/wp-content\/uploads\/2023\/10\/Augusto-convite1280.jpg\" alt=\"\" width=\"1280\" height=\"800\" srcset=\"https:\/\/franciscanos.org.br\/noticias\/wp-content\/uploads\/2023\/10\/Augusto-convite1280.jpg 1280w, https:\/\/franciscanos.org.br\/noticias\/wp-content\/uploads\/2023\/10\/Augusto-convite1280-450x281.jpg 450w, https:\/\/franciscanos.org.br\/noticias\/wp-content\/uploads\/2023\/10\/Augusto-convite1280-1024x640.jpg 1024w, https:\/\/franciscanos.org.br\/noticias\/wp-content\/uploads\/2023\/10\/Augusto-convite1280-768x480.jpg 768w, https:\/\/franciscanos.org.br\/noticias\/wp-content\/uploads\/2023\/10\/Augusto-convite1280-150x94.jpg 150w\" sizes=\"(max-width: 1280px) 100vw, 1280px\" \/><\/p>\n","protected":false},"excerpt":{"rendered":"<p>Entrevista<\/p>\n","protected":false},"author":7,"featured_media":244925,"comment_status":"open","ping_status":"open","sticky":false,"template":"","format":"standard","meta":[],"categories":[758,1],"tags":[157],"acf":[],"yoast_head":"<!-- This site is optimized with the Yoast SEO plugin v19.2 - https:\/\/yoast.com\/wordpress\/plugins\/seo\/ -->\n<title>Frei Augusto Luiz Gabriel ser\u00e1 ordenado presb\u00edtero no dia 14 de outubro - Not\u00edcias - Franciscanos<\/title>\n<meta name=\"robots\" content=\"index, follow, max-snippet:-1, max-image-preview:large, max-video-preview:-1\" \/>\n<link rel=\"canonical\" href=\"https:\/\/franciscanos.org.br\/noticias\/frei-augusto-luiz-gabriel-sera-ordenado-presbitero-no-dia-14-de-outubro.html\" \/>\n<meta property=\"og:locale\" content=\"pt_BR\" \/>\n<meta property=\"og:type\" content=\"article\" \/>\n<meta property=\"og:title\" content=\"Frei Augusto Luiz Gabriel ser\u00e1 ordenado presb\u00edtero no dia 14 de outubro - Not\u00edcias - Franciscanos\" \/>\n<meta property=\"og:description\" content=\"Entrevista\" \/>\n<meta property=\"og:url\" content=\"https:\/\/franciscanos.org.br\/noticias\/frei-augusto-luiz-gabriel-sera-ordenado-presbitero-no-dia-14-de-outubro.html\" \/>\n<meta property=\"og:site_name\" content=\"Not\u00edcias - Franciscanos\" \/>\n<meta property=\"article:published_time\" content=\"2023-10-10T03:37:46+00:00\" \/>\n<meta property=\"article:modified_time\" content=\"2023-10-15T16:25:40+00:00\" \/>\n<meta property=\"og:image\" content=\"https:\/\/franciscanos.org.br\/noticias\/wp-content\/uploads\/2023\/10\/Augusto-800x550-1.jpg\" \/>\n\t<meta property=\"og:image:width\" content=\"800\" \/>\n\t<meta property=\"og:image:height\" content=\"550\" \/>\n\t<meta property=\"og:image:type\" content=\"image\/jpeg\" \/>\n<meta name=\"author\" content=\"jovenal\" \/>\n<meta name=\"twitter:card\" content=\"summary_large_image\" \/>\n<meta name=\"twitter:label1\" content=\"Escrito por\" \/>\n\t<meta name=\"twitter:data1\" content=\"jovenal\" \/>\n\t<meta name=\"twitter:label2\" content=\"Est. tempo de leitura\" \/>\n\t<meta name=\"twitter:data2\" content=\"9 minutos\" \/>\n<script type=\"application\/ld+json\" class=\"yoast-schema-graph\">{\"@context\":\"https:\/\/schema.org\",\"@graph\":[{\"@type\":\"WebSite\",\"@id\":\"https:\/\/franciscanos.org.br\/noticias\/#website\",\"url\":\"https:\/\/franciscanos.org.br\/noticias\/\",\"name\":\"Not\u00edcias - Franciscanos\",\"description\":\"Prov\u00edncia Franciscana da Imaculada Concei\u00e7\u00e3o do Brasil - Ordem dos Frades Menores - OFM\",\"potentialAction\":[{\"@type\":\"SearchAction\",\"target\":{\"@type\":\"EntryPoint\",\"urlTemplate\":\"https:\/\/franciscanos.org.br\/noticias\/?s={search_term_string}\"},\"query-input\":\"required name=search_term_string\"}],\"inLanguage\":\"pt-BR\"},{\"@type\":\"ImageObject\",\"inLanguage\":\"pt-BR\",\"@id\":\"https:\/\/franciscanos.org.br\/noticias\/frei-augusto-luiz-gabriel-sera-ordenado-presbitero-no-dia-14-de-outubro.html#primaryimage\",\"url\":\"https:\/\/franciscanos.org.br\/noticias\/wp-content\/uploads\/2023\/10\/Augusto-800x550-1.jpg\",\"contentUrl\":\"https:\/\/franciscanos.org.br\/noticias\/wp-content\/uploads\/2023\/10\/Augusto-800x550-1.jpg\",\"width\":800,\"height\":550},{\"@type\":\"WebPage\",\"@id\":\"https:\/\/franciscanos.org.br\/noticias\/frei-augusto-luiz-gabriel-sera-ordenado-presbitero-no-dia-14-de-outubro.html#webpage\",\"url\":\"https:\/\/franciscanos.org.br\/noticias\/frei-augusto-luiz-gabriel-sera-ordenado-presbitero-no-dia-14-de-outubro.html\",\"name\":\"Frei Augusto Luiz Gabriel ser\u00e1 ordenado presb\u00edtero no dia 14 de outubro - Not\u00edcias - Franciscanos\",\"isPartOf\":{\"@id\":\"https:\/\/franciscanos.org.br\/noticias\/#website\"},\"primaryImageOfPage\":{\"@id\":\"https:\/\/franciscanos.org.br\/noticias\/frei-augusto-luiz-gabriel-sera-ordenado-presbitero-no-dia-14-de-outubro.html#primaryimage\"},\"datePublished\":\"2023-10-10T03:37:46+00:00\",\"dateModified\":\"2023-10-15T16:25:40+00:00\",\"author\":{\"@id\":\"https:\/\/franciscanos.org.br\/noticias\/#\/schema\/person\/c3a26b08313dd1772495ce300ab257cc\"},\"breadcrumb\":{\"@id\":\"https:\/\/franciscanos.org.br\/noticias\/frei-augusto-luiz-gabriel-sera-ordenado-presbitero-no-dia-14-de-outubro.html#breadcrumb\"},\"inLanguage\":\"pt-BR\",\"potentialAction\":[{\"@type\":\"ReadAction\",\"target\":[\"https:\/\/franciscanos.org.br\/noticias\/frei-augusto-luiz-gabriel-sera-ordenado-presbitero-no-dia-14-de-outubro.html\"]}]},{\"@type\":\"BreadcrumbList\",\"@id\":\"https:\/\/franciscanos.org.br\/noticias\/frei-augusto-luiz-gabriel-sera-ordenado-presbitero-no-dia-14-de-outubro.html#breadcrumb\",\"itemListElement\":[{\"@type\":\"ListItem\",\"position\":1,\"name\":\"Home\",\"item\":\"https:\/\/franciscanos.org.br\/noticias\"},{\"@type\":\"ListItem\",\"position\":2,\"name\":\"Frei Augusto Luiz Gabriel ser\u00e1 ordenado presb\u00edtero no dia 14 de outubro\"}]},{\"@type\":\"Person\",\"@id\":\"https:\/\/franciscanos.org.br\/noticias\/#\/schema\/person\/c3a26b08313dd1772495ce300ab257cc\",\"name\":\"jovenal\",\"image\":{\"@type\":\"ImageObject\",\"inLanguage\":\"pt-BR\",\"@id\":\"https:\/\/franciscanos.org.br\/noticias\/#\/schema\/person\/image\/\",\"url\":\"https:\/\/secure.gravatar.com\/avatar\/e94509f531086e2eaf97e72f29ea00f9?s=96&d=mm&r=g\",\"contentUrl\":\"https:\/\/secure.gravatar.com\/avatar\/e94509f531086e2eaf97e72f29ea00f9?s=96&d=mm&r=g\",\"caption\":\"jovenal\"},\"url\":\"https:\/\/franciscanos.org.br\/noticias\/author\/jovenal\"}]}<\/script>\n<!-- \/ Yoast SEO plugin. -->","yoast_head_json":{"title":"Frei Augusto Luiz Gabriel ser\u00e1 ordenado presb\u00edtero no dia 14 de outubro - Not\u00edcias - Franciscanos","robots":{"index":"index","follow":"follow","max-snippet":"max-snippet:-1","max-image-preview":"max-image-preview:large","max-video-preview":"max-video-preview:-1"},"canonical":"https:\/\/franciscanos.org.br\/noticias\/frei-augusto-luiz-gabriel-sera-ordenado-presbitero-no-dia-14-de-outubro.html","og_locale":"pt_BR","og_type":"article","og_title":"Frei Augusto Luiz Gabriel ser\u00e1 ordenado presb\u00edtero no dia 14 de outubro - Not\u00edcias - Franciscanos","og_description":"Entrevista","og_url":"https:\/\/franciscanos.org.br\/noticias\/frei-augusto-luiz-gabriel-sera-ordenado-presbitero-no-dia-14-de-outubro.html","og_site_name":"Not\u00edcias - Franciscanos","article_published_time":"2023-10-10T03:37:46+00:00","article_modified_time":"2023-10-15T16:25:40+00:00","og_image":[{"width":800,"height":550,"url":"https:\/\/franciscanos.org.br\/noticias\/wp-content\/uploads\/2023\/10\/Augusto-800x550-1.jpg","type":"image\/jpeg"}],"author":"jovenal","twitter_card":"summary_large_image","twitter_misc":{"Escrito por":"jovenal","Est. tempo de leitura":"9 minutos"},"schema":{"@context":"https:\/\/schema.org","@graph":[{"@type":"WebSite","@id":"https:\/\/franciscanos.org.br\/noticias\/#website","url":"https:\/\/franciscanos.org.br\/noticias\/","name":"Not\u00edcias - Franciscanos","description":"Prov\u00edncia Franciscana da Imaculada Concei\u00e7\u00e3o do Brasil - Ordem dos Frades Menores - OFM","potentialAction":[{"@type":"SearchAction","target":{"@type":"EntryPoint","urlTemplate":"https:\/\/franciscanos.org.br\/noticias\/?s={search_term_string}"},"query-input":"required name=search_term_string"}],"inLanguage":"pt-BR"},{"@type":"ImageObject","inLanguage":"pt-BR","@id":"https:\/\/franciscanos.org.br\/noticias\/frei-augusto-luiz-gabriel-sera-ordenado-presbitero-no-dia-14-de-outubro.html#primaryimage","url":"https:\/\/franciscanos.org.br\/noticias\/wp-content\/uploads\/2023\/10\/Augusto-800x550-1.jpg","contentUrl":"https:\/\/franciscanos.org.br\/noticias\/wp-content\/uploads\/2023\/10\/Augusto-800x550-1.jpg","width":800,"height":550},{"@type":"WebPage","@id":"https:\/\/franciscanos.org.br\/noticias\/frei-augusto-luiz-gabriel-sera-ordenado-presbitero-no-dia-14-de-outubro.html#webpage","url":"https:\/\/franciscanos.org.br\/noticias\/frei-augusto-luiz-gabriel-sera-ordenado-presbitero-no-dia-14-de-outubro.html","name":"Frei Augusto Luiz Gabriel ser\u00e1 ordenado presb\u00edtero no dia 14 de outubro - Not\u00edcias - Franciscanos","isPartOf":{"@id":"https:\/\/franciscanos.org.br\/noticias\/#website"},"primaryImageOfPage":{"@id":"https:\/\/franciscanos.org.br\/noticias\/frei-augusto-luiz-gabriel-sera-ordenado-presbitero-no-dia-14-de-outubro.html#primaryimage"},"datePublished":"2023-10-10T03:37:46+00:00","dateModified":"2023-10-15T16:25:40+00:00","author":{"@id":"https:\/\/franciscanos.org.br\/noticias\/#\/schema\/person\/c3a26b08313dd1772495ce300ab257cc"},"breadcrumb":{"@id":"https:\/\/franciscanos.org.br\/noticias\/frei-augusto-luiz-gabriel-sera-ordenado-presbitero-no-dia-14-de-outubro.html#breadcrumb"},"inLanguage":"pt-BR","potentialAction":[{"@type":"ReadAction","target":["https:\/\/franciscanos.org.br\/noticias\/frei-augusto-luiz-gabriel-sera-ordenado-presbitero-no-dia-14-de-outubro.html"]}]},{"@type":"BreadcrumbList","@id":"https:\/\/franciscanos.org.br\/noticias\/frei-augusto-luiz-gabriel-sera-ordenado-presbitero-no-dia-14-de-outubro.html#breadcrumb","itemListElement":[{"@type":"ListItem","position":1,"name":"Home","item":"https:\/\/franciscanos.org.br\/noticias"},{"@type":"ListItem","position":2,"name":"Frei Augusto Luiz Gabriel ser\u00e1 ordenado presb\u00edtero no dia 14 de outubro"}]},{"@type":"Person","@id":"https:\/\/franciscanos.org.br\/noticias\/#\/schema\/person\/c3a26b08313dd1772495ce300ab257cc","name":"jovenal","image":{"@type":"ImageObject","inLanguage":"pt-BR","@id":"https:\/\/franciscanos.org.br\/noticias\/#\/schema\/person\/image\/","url":"https:\/\/secure.gravatar.com\/avatar\/e94509f531086e2eaf97e72f29ea00f9?s=96&d=mm&r=g","contentUrl":"https:\/\/secure.gravatar.com\/avatar\/e94509f531086e2eaf97e72f29ea00f9?s=96&d=mm&r=g","caption":"jovenal"},"url":"https:\/\/franciscanos.org.br\/noticias\/author\/jovenal"}]}},"_links":{"self":[{"href":"https:\/\/franciscanos.org.br\/noticias\/wp-json\/wp\/v2\/posts\/244922"}],"collection":[{"href":"https:\/\/franciscanos.org.br\/noticias\/wp-json\/wp\/v2\/posts"}],"about":[{"href":"https:\/\/franciscanos.org.br\/noticias\/wp-json\/wp\/v2\/types\/post"}],"author":[{"embeddable":true,"href":"https:\/\/franciscanos.org.br\/noticias\/wp-json\/wp\/v2\/users\/7"}],"replies":[{"embeddable":true,"href":"https:\/\/franciscanos.org.br\/noticias\/wp-json\/wp\/v2\/comments?post=244922"}],"version-history":[{"count":3,"href":"https:\/\/franciscanos.org.br\/noticias\/wp-json\/wp\/v2\/posts\/244922\/revisions"}],"predecessor-version":[{"id":244929,"href":"https:\/\/franciscanos.org.br\/noticias\/wp-json\/wp\/v2\/posts\/244922\/revisions\/244929"}],"wp:featuredmedia":[{"embeddable":true,"href":"https:\/\/franciscanos.org.br\/noticias\/wp-json\/wp\/v2\/media\/244925"}],"wp:attachment":[{"href":"https:\/\/franciscanos.org.br\/noticias\/wp-json\/wp\/v2\/media?parent=244922"}],"wp:term":[{"taxonomy":"category","embeddable":true,"href":"https:\/\/franciscanos.org.br\/noticias\/wp-json\/wp\/v2\/categories?post=244922"},{"taxonomy":"post_tag","embeddable":true,"href":"https:\/\/franciscanos.org.br\/noticias\/wp-json\/wp\/v2\/tags?post=244922"}],"curies":[{"name":"wp","href":"https:\/\/api.w.org\/{rel}","templated":true}]}}