{"id":244877,"date":"2023-09-26T10:20:14","date_gmt":"2023-09-26T13:20:14","guid":{"rendered":"https:\/\/franciscanos.org.br\/noticias\/?p=244877"},"modified":"2023-09-26T10:22:31","modified_gmt":"2023-09-26T13:22:31","slug":"maria-zelia-nos-somos-chamados-a-fazer-o-que-jesus-fazia-vida-e-vida-em-abundancia","status":"publish","type":"post","link":"https:\/\/franciscanos.org.br\/noticias\/maria-zelia-nos-somos-chamados-a-fazer-o-que-jesus-fazia-vida-e-vida-em-abundancia.html","title":{"rendered":"Maria Z\u00e9lia: &#8220;Somos chamados a fazer o que Jesus fazia: Vida, e vida em abund\u00e2ncia&#8221;"},"content":{"rendered":"<div id=\"attachment_244878\" style=\"width: 1290px\" class=\"wp-caption alignnone\"><img aria-describedby=\"caption-attachment-244878\" loading=\"lazy\" class=\"wp-image-244878 size-full\" src=\"https:\/\/franciscanos.org.br\/noticias\/wp-content\/uploads\/2023\/09\/zelia_26_1.jpg\" alt=\"\" width=\"1280\" height=\"720\" srcset=\"https:\/\/franciscanos.org.br\/noticias\/wp-content\/uploads\/2023\/09\/zelia_26_1.jpg 1280w, https:\/\/franciscanos.org.br\/noticias\/wp-content\/uploads\/2023\/09\/zelia_26_1-450x253.jpg 450w, https:\/\/franciscanos.org.br\/noticias\/wp-content\/uploads\/2023\/09\/zelia_26_1-1024x576.jpg 1024w, https:\/\/franciscanos.org.br\/noticias\/wp-content\/uploads\/2023\/09\/zelia_26_1-768x432.jpg 768w, https:\/\/franciscanos.org.br\/noticias\/wp-content\/uploads\/2023\/09\/zelia_26_1-150x84.jpg 150w\" sizes=\"(max-width: 1280px) 100vw, 1280px\" \/><p id=\"caption-attachment-244878\" class=\"wp-caption-text\"><em>Imagens: Captura de tela da transmiss\u00e3o<\/em><\/p><\/div>\n<p>A Semana Franciscana 2023, que est\u00e1 sendo realizada no formato <em>on-line<\/em>, teve in\u00edcio nesta segunda-feira, 25 de setembro, com a palestra da Ministra da Ordem Franciscana Secular (OFS), do Regional de Belo Horizonte, Maria Z\u00e9lia Castilho de Souza Rogedo, que falou sobre o tema &#8220;Francisco de Assis, a viv\u00eancia do Evangelho e a defesa da vida&#8221;. O mediador S\u00e9rgio Baraveli, OFS, lembrou que Z\u00e9lia foi a primeira mulher a se tornar assistente episcopal para o Setor Pol\u00edtico do Vicariato Episcopal para A\u00e7\u00e3o Social, Pol\u00edtica e Ambiental (Veaspam) da Arquidiocese de Belo Horizonte.<\/p>\n<p>O diretor do Instituto Teol\u00f3gico Franciscano, Frei Sandro Roberto da Costa, fez a abertura do evento. &#8220;Com alegria, damos as boas-vindas a voc\u00eas&#8221;, saudou o frade, lembrando que estamos nos aproximando das festividades de S\u00e3o Francisco de Assis. E ainda destacou os Jubileus Franciscanos dos 800 anos: Regra Bulada e Natal de Greccio, em 2023; Impress\u00e3o dos Estigmas de S\u00e3o Francisco, em 2024; o C\u00e2ntico das Criaturas, em 2025; e a P\u00e1scoa de S\u00e3o Francisco, em 2026.<\/p>\n<p>Frei Sandro lembrou que nesta ter\u00e7a-feira, \u00e0s 20 horas, Frei Gilberto da Silva vai falar sobre &#8220;Francisco de Assis e o Cristo no pres\u00e9pio de Greccio&#8221;.<\/p>\n<p>Maria Z\u00e9lia abriu sua fala citando o grande poeta, Carlos Drummond de Andrade, conterr\u00e2neo dela: &#8220;Mundo, mundo vasto mundo, se eu me chamasse Raimundo seria uma rima, n\u00e3o seria uma solu\u00e7\u00e3o&#8221;. Segundo ela, sobre esse tema poderia falar da mesma forma: &#8220;vida, vida, vida&#8230;&#8221;. &#8220;Um tema vasto e fiquei pensando que fio da meada poderia tomar aqui. Me veio, ent\u00e3o, uma frase do Evangelho que repetimos muito: &#8216;Eu vim para que todos tenham e vida em abund\u00e2ncia&#8217;. A gente repete tanto que, \u00e0s vezes, perde a grandeza desta palavra de Jesus. Depois temos a frase: &#8216;Eu sou o caminho, a verdade e a vida&#8217;. Ent\u00e3o, foi esse Jesus que se faz vida na encarna\u00e7\u00e3o e que tornou Francisco de Assis apaixonado. A encarna\u00e7\u00e3o do Verbo \u00e9 de uma for\u00e7a vital inaudita. Ent\u00e3o, a gente pensa assim: Como \u00e9 que pode um Deus se fazer um de n\u00f3s. E da maneira mais fr\u00e1gil, dependente do um peito de uma mulher ou ent\u00e3o morria, dependente do cuidado do pai, ou ent\u00e3o ele se perdia. \u00c9 um mist\u00e9rio imenso. Isso j\u00e1 nos coloca numa perspectiva de que essa encarna\u00e7\u00e3o mostra um Deus que n\u00e3o para no espa\u00e7o. Ele n\u00e3o vem dizer: eu sou o caminho a verdade e a vida no espa\u00e7o. N\u00e3o! N\u00e3o \u00e9 algo abstrato. A encarna\u00e7\u00e3o \u00e9 algo de muito concreto&#8221;, frisou. Para ela, n\u00e3o \u00e9 uma reflex\u00e3o sobre vida do ponto de vista intimista, individual, desligada de processos, de momentos, de hist\u00f3ria.<\/p>\n<p>Segundo ela, todo crist\u00e3o \u00e9 aquele que realmente percebe e vive esse Cristo como caminho. &#8220;E \u00e9 um caminho de vida. E uma vida plena. &#8216;Eu vim para que todos tenham vida e vida em abund\u00e2ncia&#8217;. E eu falei h\u00e1 pouco que a gente repete essa frase, uma frase muito forte, sem se dar conta do tanto que ela \u00e9 provocadora a cada um de n\u00f3s. Quer dizer, n\u00f3s como seguidores de Jesus, do jeito que Francisco de Assis t\u00e3o radicalmente seguiu. Cotidianamente, precisamos dizer: &#8216;Eu vim para que todos tenham vida e vida em abund\u00e2ncia&#8217;. E que vida \u00e9 essa? Seria apenas a vida dos seres humanos? J\u00e1 seria muita coisa. Ou seria apenas de bilh\u00f5es de pessoas que vivem nesse mundo? Seria a vida da grande porcentagem das pessoas aqui no Brasil que quase n\u00e3o t\u00eam vida, mas um arremedo de vida?\u00a0 Quer dizer, que vida n\u00f3s estamos falando?&#8221;, questionou.<\/p>\n<p>Com a Encarna\u00e7\u00e3o, Jesus viveu imerso onde ele nasceu. &#8220;Ele assimilou tudo aquilo, ele questionou ao longo do tempo v\u00e1rias maneiras de ser do ponto de vista da cultura e da religi\u00e3o da \u00e9poca. Ele estava vivendo dentro daquela sociedade. Ele n\u00e3o estava pairando no ar. Todo o processo dele foi um processo de vida, de levar vida a todos&#8221;, observou.<\/p>\n<p>&#8220;Quando Jesus encontra com a mulher que estava com fluxo de sangue h\u00e1 doze anos, ele a toca, o que era uma coisa proibida na \u00e9poca, e a cura. Quando ele toca, est\u00e1 mostrando que ele veio trazer a vida. Sem medo. Quando toca no leproso, quando ele toca no surdo, no mudo, quando ele faz todo aquele trabalho de recupera\u00e7\u00e3o da pessoa numa vida plena, ele est\u00e1 ali mostrando que veio para que todos tenham vida plena. Ent\u00e3o, n\u00e3o \u00e9 s\u00f3 fazer o paral\u00edtico andar, o cego ver. Quer dizer, \u00e9 um convite a todos n\u00f3s nesse trabalho de comunicar essa vida plena. Que as pessoas vejam mais, que as pessoas possam andar de uma forma independente. Ent\u00e3o, sempre est\u00e1 presente nas rela\u00e7\u00f5es de Jesus essa busca para que todos tenham vida e a vida em abund\u00e2ncia&#8221;, acrescentou.<\/p>\n<p>Maria Z\u00e9lia perguntou: O que significa vida em abund\u00e2ncia? Concretamente, segundo ela, no Brasil s\u00e3o as pessoas mais pobres. &#8220;A nossa espiritualidade fala em sermos menores entre os menores. Fala em caminhar juntos com os desvalidos, os descartados, como o Papa diz. Como \u00e9 que \u00e9 essa vida? Como \u00e9 que n\u00f3s, franciscanos seculares, seguidores de Jesus, estamos nos colocando diante dessa enorme quantidade de pessoas que t\u00eam uma subvida, uma vida sub-humana. Qual \u00e9 a nossa tarefa, vamos dizer assim? Qual o nosso testemunho diante disso?&#8221;, voltou a questionar.<\/p>\n<p>Comentando o voto da ministra Rosa Weber, presidente do Supremo Tribunal Federal (STF), sobre a descriminaliza\u00e7\u00e3o da interrup\u00e7\u00e3o volunt\u00e1ria da gravidez (aborto), nas primeiras 12 semanas de gesta\u00e7\u00e3o, e disse: &#8220;Eu duvido que algu\u00e9m no mundo aprove o aborto. N\u00e3o me entra na cabe\u00e7a algu\u00e9m que aprove o aborto. Eu acho que o aborto fere profundamente a vida. Eu n\u00e3o acredito que as mulheres que fazem aborto no Brasil &#8211; e a maioria gente muito pobre -, fa\u00e7am porque acham interessante, porque &#8216;sou dona do meu nariz, da minha barriga&#8217;. Eu acho muito importante que a gente pense e v\u00e1 fundo numa reflex\u00e3o sobre a vida&#8221;, disse, lembrando que acontecem 8 abortos por dia de meninas de 10 a 14 anos; 800 mil mulheres fazem aborto todos os anos, sendo que 200 mil morrem.<\/p>\n<p>&#8220;Quando n\u00f3s pensamos que o aborto \u00e9 quinto maior causador de mortes maternas, isso deve nos levar a pensar sobre isso. E eu fico pensando: Qual \u00e9 o olhar de Jesus para essas mulheres que fizeram essa coisa terr\u00edvel? Esse ato machuca fisicamente a pessoa, tem consequ\u00eancias graves no f\u00edsico das mulheres que fazem aborto e tem consequ\u00eancias grav\u00edssimas do ponto de vista ps\u00edquico. Como \u00e9 que Jesus olharia para elas? A\u00ed me vem \u00e0 mente quando aquela mulher ad\u00faltera seria apedrejada. Naquele momento, fazia parte da lei. Fez uma coisa errada, pedra nela! Ningu\u00e9m estava fazendo nada errado. Podia-se matar a pessoa com a aprova\u00e7\u00e3o da lei mosaica. Ent\u00e3o, o que acontece naquele momento? Como Jesus atua ali? Em sil\u00eancio, ele n\u00e3o subiu num banquinho para fazer um discurso. Vendo aquela mulher apavorada, chorando, prestes a ser assassinada, ele simplesmente fala: \u2018Quem n\u00e3o cometeu nenhum pecado que atire a primeira pedra\u2019. E aquelas pessoas foram saindo aos poucos, porque n\u00f3s todos temos nossas mazelas. Eu acho muito bonito o gesto de Jesus diante daquela mulher apavorada. Ele a olha com aquele olhar misericordioso, ele acolhe aquela mulher naquele medo, naquele pavor, e s\u00f3 fala: Vai e n\u00e3o tornes a pecar&#8221;, recordou.<\/p>\n<p><img loading=\"lazy\" class=\"alignnone size-full wp-image-244880\" src=\"https:\/\/franciscanos.org.br\/noticias\/wp-content\/uploads\/2023\/09\/zelia_26_2.jpg\" alt=\"\" width=\"1280\" height=\"720\" srcset=\"https:\/\/franciscanos.org.br\/noticias\/wp-content\/uploads\/2023\/09\/zelia_26_2.jpg 1280w, https:\/\/franciscanos.org.br\/noticias\/wp-content\/uploads\/2023\/09\/zelia_26_2-450x253.jpg 450w, https:\/\/franciscanos.org.br\/noticias\/wp-content\/uploads\/2023\/09\/zelia_26_2-1024x576.jpg 1024w, https:\/\/franciscanos.org.br\/noticias\/wp-content\/uploads\/2023\/09\/zelia_26_2-768x432.jpg 768w, https:\/\/franciscanos.org.br\/noticias\/wp-content\/uploads\/2023\/09\/zelia_26_2-150x84.jpg 150w\" sizes=\"(max-width: 1280px) 100vw, 1280px\" \/><\/p>\n<p>&#8220;Ao lado disso e pensando na quest\u00e3o da vida, eu fui um pouco al\u00e9m. Pensei o que aconteceu l\u00e1 com os ind\u00edgenas Yanomami, em meio \u00e0 minera\u00e7\u00e3o em plena atividade, poluindo o rio que \u00e9 a fonte de vida daquelas pessoas. Aquelas mulheres gr\u00e1vidas fazendo a comida, pescando peixe, tomando banho, e toda a aldeia se alimentando de coisas terr\u00edveis para sa\u00fade. Qual \u00e9 a nossa a\u00e7\u00e3o? \u00c9 muito mais f\u00e1cil falar de um aborto do que ir contra a morte em massa.<\/p>\n<p>H\u00e1 poucos dias, o povo Kaiow\u00e1, que tem uma aldeia perto do agroneg\u00f3cio, est\u00e1 sendo expulso de sua terra e bebendo veneno, alimentando-se com muita agrot\u00f3xico. As crian\u00e7as que nascerem ali que vida ter\u00e3o? Como n\u00f3s, franciscanos e crist\u00e3os, estamos atuando em prol da vida?&#8221;, emendou.<\/p>\n<p>Segundo Maria Z\u00e9lia, durante muitos anos esteve no Aglomerado da Serra, a maior comunidade de Minas Gerais, j\u00e1 que reside ali perto. &#8220;De segunda a segunda, vi meninas de 13 e 14 anos se engravidando. Hoje, a cultura imposta pelo capitalismo \u00e9 a do consumismo. Voc\u00ea liga a televis\u00e3o e ouve m\u00fasicas de baix\u00edssimo n\u00edvel, v\u00ea filmes violentos. Tudo deplor\u00e1vel. As meninas absorvem esse tipo de cultura. Nessa discuss\u00e3o sobre a vida, do come\u00e7o at\u00e9 o fim, \u00e9 uma convoca\u00e7\u00e3o para n\u00f3s, crist\u00e3os e franciscanos, respondermos: eu vim para que todos tenham vida e vida em abund\u00e2ncia&#8221;, enfatizou.<\/p>\n<p>Maria Z\u00e9lia diz que os jovens est\u00e3o perdidos hoje no meio de tantas propostas, como o consumismo, o ego\u00edsmo, o hedonismo, o egocentrismo. &#8220;N\u00e3o \u00e9 culpa deles. \u00c9 desta sociedade que mata as pessoas&#8221;, observou. Segundo ela, essa cultura de morte come\u00e7a nos joguinhos violentos que as crian\u00e7as veem. Outra preocupa\u00e7\u00e3o que a choca \u00e9 tantos jovens encantados por ideologias fascistas e nazistas, ou certas igrejas neopentecostais que oferecem a Teologia da Prosperidade, com sucesso e dinheiro. &#8220;Eu vejo a Jufra como uma luz para toda a Fam\u00edlia Franciscana.\u00a0 A Jufra tem uma proposta legal. Onde for poss\u00edvel, a Fam\u00edlia Franciscana deve incentivar. \u00c9 um pessoal que carrega vida e esperan\u00e7a&#8221;, disse.<\/p>\n<p>&#8220;N\u00f3s somos chamados a fazer o que Jesus fazia: Vida, e vida em abund\u00e2ncia. N\u00f3s, franciscanos e franciscanas, vivemos um carisma que chama a isso. Que chama ao que acho essencial: criar fraternidade. Voc\u00eas imaginam a for\u00e7a dos franciscanos criando fraternidade?&#8221;, perguntou. Segundo ela, esse trabalho de criar fraternidade, ilumina o mundo&#8221;, acredita, completando: &#8220;N\u00e3o h\u00e1 franciscano sem vida em fraternidade&#8221;.<\/p>\n<hr \/>\n<p><strong>VEJA A PALESTRA COMPLETA DESTE PRIMEIRO DIA<\/strong><\/p>\n<p><iframe loading=\"lazy\" title=\"YouTube video player\" src=\"https:\/\/www.youtube.com\/embed\/FDXDldU5v_A?si=Q39Mkx3MEya2ziUX\" width=\"100%\" height=\"500\" frameborder=\"0\" allowfullscreen=\"allowfullscreen\"><span data-mce-type=\"bookmark\" style=\"display: inline-block; width: 0px; overflow: hidden; line-height: 0;\" class=\"mce_SELRES_start\">\ufeff<\/span><\/iframe><\/p>\n","protected":false},"excerpt":{"rendered":"<p>Semana Franciscana<\/p>\n","protected":false},"author":3,"featured_media":244878,"comment_status":"open","ping_status":"open","sticky":false,"template":"","format":"standard","meta":[],"categories":[1],"tags":[1907],"acf":[],"yoast_head":"<!-- This site is optimized with the Yoast SEO plugin v19.2 - https:\/\/yoast.com\/wordpress\/plugins\/seo\/ -->\n<title>Maria Z\u00e9lia: &quot;Somos chamados a fazer o que Jesus fazia: Vida, e vida em abund\u00e2ncia&quot; - Not\u00edcias - Franciscanos<\/title>\n<meta name=\"robots\" content=\"index, follow, max-snippet:-1, max-image-preview:large, max-video-preview:-1\" \/>\n<link rel=\"canonical\" href=\"https:\/\/franciscanos.org.br\/noticias\/maria-zelia-nos-somos-chamados-a-fazer-o-que-jesus-fazia-vida-e-vida-em-abundancia.html\" \/>\n<meta property=\"og:locale\" content=\"pt_BR\" \/>\n<meta property=\"og:type\" content=\"article\" \/>\n<meta property=\"og:title\" content=\"Maria Z\u00e9lia: &quot;Somos chamados a fazer o que Jesus fazia: Vida, e vida em abund\u00e2ncia&quot; - Not\u00edcias - Franciscanos\" \/>\n<meta property=\"og:description\" content=\"Semana Franciscana\" \/>\n<meta property=\"og:url\" content=\"https:\/\/franciscanos.org.br\/noticias\/maria-zelia-nos-somos-chamados-a-fazer-o-que-jesus-fazia-vida-e-vida-em-abundancia.html\" \/>\n<meta property=\"og:site_name\" content=\"Not\u00edcias - Franciscanos\" \/>\n<meta property=\"article:published_time\" content=\"2023-09-26T13:20:14+00:00\" \/>\n<meta property=\"article:modified_time\" content=\"2023-09-26T13:22:31+00:00\" \/>\n<meta property=\"og:image\" content=\"https:\/\/franciscanos.org.br\/noticias\/wp-content\/uploads\/2023\/09\/zelia_26_1.jpg\" \/>\n\t<meta property=\"og:image:width\" content=\"1280\" \/>\n\t<meta property=\"og:image:height\" content=\"720\" \/>\n\t<meta property=\"og:image:type\" content=\"image\/jpeg\" \/>\n<meta name=\"author\" content=\"moacir\" \/>\n<meta name=\"twitter:card\" content=\"summary_large_image\" \/>\n<meta name=\"twitter:label1\" content=\"Escrito por\" \/>\n\t<meta name=\"twitter:data1\" content=\"moacir\" \/>\n\t<meta name=\"twitter:label2\" content=\"Est. tempo de leitura\" \/>\n\t<meta name=\"twitter:data2\" content=\"9 minutos\" \/>\n<script type=\"application\/ld+json\" class=\"yoast-schema-graph\">{\"@context\":\"https:\/\/schema.org\",\"@graph\":[{\"@type\":\"WebSite\",\"@id\":\"https:\/\/franciscanos.org.br\/noticias\/#website\",\"url\":\"https:\/\/franciscanos.org.br\/noticias\/\",\"name\":\"Not\u00edcias - Franciscanos\",\"description\":\"Prov\u00edncia Franciscana da Imaculada Concei\u00e7\u00e3o do Brasil - Ordem dos Frades Menores - OFM\",\"potentialAction\":[{\"@type\":\"SearchAction\",\"target\":{\"@type\":\"EntryPoint\",\"urlTemplate\":\"https:\/\/franciscanos.org.br\/noticias\/?s={search_term_string}\"},\"query-input\":\"required name=search_term_string\"}],\"inLanguage\":\"pt-BR\"},{\"@type\":\"ImageObject\",\"inLanguage\":\"pt-BR\",\"@id\":\"https:\/\/franciscanos.org.br\/noticias\/maria-zelia-nos-somos-chamados-a-fazer-o-que-jesus-fazia-vida-e-vida-em-abundancia.html#primaryimage\",\"url\":\"https:\/\/franciscanos.org.br\/noticias\/wp-content\/uploads\/2023\/09\/zelia_26_1.jpg\",\"contentUrl\":\"https:\/\/franciscanos.org.br\/noticias\/wp-content\/uploads\/2023\/09\/zelia_26_1.jpg\",\"width\":1280,\"height\":720},{\"@type\":\"WebPage\",\"@id\":\"https:\/\/franciscanos.org.br\/noticias\/maria-zelia-nos-somos-chamados-a-fazer-o-que-jesus-fazia-vida-e-vida-em-abundancia.html#webpage\",\"url\":\"https:\/\/franciscanos.org.br\/noticias\/maria-zelia-nos-somos-chamados-a-fazer-o-que-jesus-fazia-vida-e-vida-em-abundancia.html\",\"name\":\"Maria Z\u00e9lia: \\\"Somos chamados a fazer o que Jesus fazia: Vida, e vida em abund\u00e2ncia\\\" - Not\u00edcias - Franciscanos\",\"isPartOf\":{\"@id\":\"https:\/\/franciscanos.org.br\/noticias\/#website\"},\"primaryImageOfPage\":{\"@id\":\"https:\/\/franciscanos.org.br\/noticias\/maria-zelia-nos-somos-chamados-a-fazer-o-que-jesus-fazia-vida-e-vida-em-abundancia.html#primaryimage\"},\"datePublished\":\"2023-09-26T13:20:14+00:00\",\"dateModified\":\"2023-09-26T13:22:31+00:00\",\"author\":{\"@id\":\"https:\/\/franciscanos.org.br\/noticias\/#\/schema\/person\/b5c8cba458c330ccff548b056e95a5d4\"},\"breadcrumb\":{\"@id\":\"https:\/\/franciscanos.org.br\/noticias\/maria-zelia-nos-somos-chamados-a-fazer-o-que-jesus-fazia-vida-e-vida-em-abundancia.html#breadcrumb\"},\"inLanguage\":\"pt-BR\",\"potentialAction\":[{\"@type\":\"ReadAction\",\"target\":[\"https:\/\/franciscanos.org.br\/noticias\/maria-zelia-nos-somos-chamados-a-fazer-o-que-jesus-fazia-vida-e-vida-em-abundancia.html\"]}]},{\"@type\":\"BreadcrumbList\",\"@id\":\"https:\/\/franciscanos.org.br\/noticias\/maria-zelia-nos-somos-chamados-a-fazer-o-que-jesus-fazia-vida-e-vida-em-abundancia.html#breadcrumb\",\"itemListElement\":[{\"@type\":\"ListItem\",\"position\":1,\"name\":\"Home\",\"item\":\"https:\/\/franciscanos.org.br\/noticias\"},{\"@type\":\"ListItem\",\"position\":2,\"name\":\"Maria Z\u00e9lia: &#8220;Somos chamados a fazer o que Jesus fazia: Vida, e vida em abund\u00e2ncia&#8221;\"}]},{\"@type\":\"Person\",\"@id\":\"https:\/\/franciscanos.org.br\/noticias\/#\/schema\/person\/b5c8cba458c330ccff548b056e95a5d4\",\"name\":\"moacir\",\"image\":{\"@type\":\"ImageObject\",\"inLanguage\":\"pt-BR\",\"@id\":\"https:\/\/franciscanos.org.br\/noticias\/#\/schema\/person\/image\/\",\"url\":\"https:\/\/secure.gravatar.com\/avatar\/d08aa2ce4c8dd416d4479aa8536fcf64?s=96&d=mm&r=g\",\"contentUrl\":\"https:\/\/secure.gravatar.com\/avatar\/d08aa2ce4c8dd416d4479aa8536fcf64?s=96&d=mm&r=g\",\"caption\":\"moacir\"},\"url\":\"https:\/\/franciscanos.org.br\/noticias\/author\/moacir\"}]}<\/script>\n<!-- \/ Yoast SEO plugin. -->","yoast_head_json":{"title":"Maria Z\u00e9lia: \"Somos chamados a fazer o que Jesus fazia: Vida, e vida em abund\u00e2ncia\" - Not\u00edcias - Franciscanos","robots":{"index":"index","follow":"follow","max-snippet":"max-snippet:-1","max-image-preview":"max-image-preview:large","max-video-preview":"max-video-preview:-1"},"canonical":"https:\/\/franciscanos.org.br\/noticias\/maria-zelia-nos-somos-chamados-a-fazer-o-que-jesus-fazia-vida-e-vida-em-abundancia.html","og_locale":"pt_BR","og_type":"article","og_title":"Maria Z\u00e9lia: \"Somos chamados a fazer o que Jesus fazia: Vida, e vida em abund\u00e2ncia\" - Not\u00edcias - Franciscanos","og_description":"Semana Franciscana","og_url":"https:\/\/franciscanos.org.br\/noticias\/maria-zelia-nos-somos-chamados-a-fazer-o-que-jesus-fazia-vida-e-vida-em-abundancia.html","og_site_name":"Not\u00edcias - Franciscanos","article_published_time":"2023-09-26T13:20:14+00:00","article_modified_time":"2023-09-26T13:22:31+00:00","og_image":[{"width":1280,"height":720,"url":"https:\/\/franciscanos.org.br\/noticias\/wp-content\/uploads\/2023\/09\/zelia_26_1.jpg","type":"image\/jpeg"}],"author":"moacir","twitter_card":"summary_large_image","twitter_misc":{"Escrito por":"moacir","Est. tempo de leitura":"9 minutos"},"schema":{"@context":"https:\/\/schema.org","@graph":[{"@type":"WebSite","@id":"https:\/\/franciscanos.org.br\/noticias\/#website","url":"https:\/\/franciscanos.org.br\/noticias\/","name":"Not\u00edcias - Franciscanos","description":"Prov\u00edncia Franciscana da Imaculada Concei\u00e7\u00e3o do Brasil - Ordem dos Frades Menores - OFM","potentialAction":[{"@type":"SearchAction","target":{"@type":"EntryPoint","urlTemplate":"https:\/\/franciscanos.org.br\/noticias\/?s={search_term_string}"},"query-input":"required name=search_term_string"}],"inLanguage":"pt-BR"},{"@type":"ImageObject","inLanguage":"pt-BR","@id":"https:\/\/franciscanos.org.br\/noticias\/maria-zelia-nos-somos-chamados-a-fazer-o-que-jesus-fazia-vida-e-vida-em-abundancia.html#primaryimage","url":"https:\/\/franciscanos.org.br\/noticias\/wp-content\/uploads\/2023\/09\/zelia_26_1.jpg","contentUrl":"https:\/\/franciscanos.org.br\/noticias\/wp-content\/uploads\/2023\/09\/zelia_26_1.jpg","width":1280,"height":720},{"@type":"WebPage","@id":"https:\/\/franciscanos.org.br\/noticias\/maria-zelia-nos-somos-chamados-a-fazer-o-que-jesus-fazia-vida-e-vida-em-abundancia.html#webpage","url":"https:\/\/franciscanos.org.br\/noticias\/maria-zelia-nos-somos-chamados-a-fazer-o-que-jesus-fazia-vida-e-vida-em-abundancia.html","name":"Maria Z\u00e9lia: \"Somos chamados a fazer o que Jesus fazia: Vida, e vida em abund\u00e2ncia\" - Not\u00edcias - Franciscanos","isPartOf":{"@id":"https:\/\/franciscanos.org.br\/noticias\/#website"},"primaryImageOfPage":{"@id":"https:\/\/franciscanos.org.br\/noticias\/maria-zelia-nos-somos-chamados-a-fazer-o-que-jesus-fazia-vida-e-vida-em-abundancia.html#primaryimage"},"datePublished":"2023-09-26T13:20:14+00:00","dateModified":"2023-09-26T13:22:31+00:00","author":{"@id":"https:\/\/franciscanos.org.br\/noticias\/#\/schema\/person\/b5c8cba458c330ccff548b056e95a5d4"},"breadcrumb":{"@id":"https:\/\/franciscanos.org.br\/noticias\/maria-zelia-nos-somos-chamados-a-fazer-o-que-jesus-fazia-vida-e-vida-em-abundancia.html#breadcrumb"},"inLanguage":"pt-BR","potentialAction":[{"@type":"ReadAction","target":["https:\/\/franciscanos.org.br\/noticias\/maria-zelia-nos-somos-chamados-a-fazer-o-que-jesus-fazia-vida-e-vida-em-abundancia.html"]}]},{"@type":"BreadcrumbList","@id":"https:\/\/franciscanos.org.br\/noticias\/maria-zelia-nos-somos-chamados-a-fazer-o-que-jesus-fazia-vida-e-vida-em-abundancia.html#breadcrumb","itemListElement":[{"@type":"ListItem","position":1,"name":"Home","item":"https:\/\/franciscanos.org.br\/noticias"},{"@type":"ListItem","position":2,"name":"Maria Z\u00e9lia: &#8220;Somos chamados a fazer o que Jesus fazia: Vida, e vida em abund\u00e2ncia&#8221;"}]},{"@type":"Person","@id":"https:\/\/franciscanos.org.br\/noticias\/#\/schema\/person\/b5c8cba458c330ccff548b056e95a5d4","name":"moacir","image":{"@type":"ImageObject","inLanguage":"pt-BR","@id":"https:\/\/franciscanos.org.br\/noticias\/#\/schema\/person\/image\/","url":"https:\/\/secure.gravatar.com\/avatar\/d08aa2ce4c8dd416d4479aa8536fcf64?s=96&d=mm&r=g","contentUrl":"https:\/\/secure.gravatar.com\/avatar\/d08aa2ce4c8dd416d4479aa8536fcf64?s=96&d=mm&r=g","caption":"moacir"},"url":"https:\/\/franciscanos.org.br\/noticias\/author\/moacir"}]}},"_links":{"self":[{"href":"https:\/\/franciscanos.org.br\/noticias\/wp-json\/wp\/v2\/posts\/244877"}],"collection":[{"href":"https:\/\/franciscanos.org.br\/noticias\/wp-json\/wp\/v2\/posts"}],"about":[{"href":"https:\/\/franciscanos.org.br\/noticias\/wp-json\/wp\/v2\/types\/post"}],"author":[{"embeddable":true,"href":"https:\/\/franciscanos.org.br\/noticias\/wp-json\/wp\/v2\/users\/3"}],"replies":[{"embeddable":true,"href":"https:\/\/franciscanos.org.br\/noticias\/wp-json\/wp\/v2\/comments?post=244877"}],"version-history":[{"count":5,"href":"https:\/\/franciscanos.org.br\/noticias\/wp-json\/wp\/v2\/posts\/244877\/revisions"}],"predecessor-version":[{"id":244885,"href":"https:\/\/franciscanos.org.br\/noticias\/wp-json\/wp\/v2\/posts\/244877\/revisions\/244885"}],"wp:featuredmedia":[{"embeddable":true,"href":"https:\/\/franciscanos.org.br\/noticias\/wp-json\/wp\/v2\/media\/244878"}],"wp:attachment":[{"href":"https:\/\/franciscanos.org.br\/noticias\/wp-json\/wp\/v2\/media?parent=244877"}],"wp:term":[{"taxonomy":"category","embeddable":true,"href":"https:\/\/franciscanos.org.br\/noticias\/wp-json\/wp\/v2\/categories?post=244877"},{"taxonomy":"post_tag","embeddable":true,"href":"https:\/\/franciscanos.org.br\/noticias\/wp-json\/wp\/v2\/tags?post=244877"}],"curies":[{"name":"wp","href":"https:\/\/api.w.org\/{rel}","templated":true}]}}