{"id":244869,"date":"2023-09-26T06:29:36","date_gmt":"2023-09-26T09:29:36","guid":{"rendered":"https:\/\/franciscanos.org.br\/noticias\/?p=244869"},"modified":"2023-09-26T06:29:36","modified_gmt":"2023-09-26T09:29:36","slug":"sefras-se-reune-em-assembleia-pela-19a-vez","status":"publish","type":"post","link":"https:\/\/franciscanos.org.br\/noticias\/sefras-se-reune-em-assembleia-pela-19a-vez.html","title":{"rendered":"Sefras se re\u00fane em Assembleia pela 19\u00aa vez"},"content":{"rendered":"<p><img loading=\"lazy\" class=\"alignnone size-full wp-image-244870\" src=\"https:\/\/franciscanos.org.br\/noticias\/wp-content\/uploads\/2023\/09\/sefras_03.jpg\" alt=\"\" width=\"1280\" height=\"720\" srcset=\"https:\/\/franciscanos.org.br\/noticias\/wp-content\/uploads\/2023\/09\/sefras_03.jpg 1280w, https:\/\/franciscanos.org.br\/noticias\/wp-content\/uploads\/2023\/09\/sefras_03-450x253.jpg 450w, https:\/\/franciscanos.org.br\/noticias\/wp-content\/uploads\/2023\/09\/sefras_03-1024x576.jpg 1024w, https:\/\/franciscanos.org.br\/noticias\/wp-content\/uploads\/2023\/09\/sefras_03-768x432.jpg 768w, https:\/\/franciscanos.org.br\/noticias\/wp-content\/uploads\/2023\/09\/sefras_03-150x84.jpg 150w\" sizes=\"(max-width: 1280px) 100vw, 1280px\" \/><\/p>\n<p>O Sefras &#8211; A\u00e7\u00e3o Social Franciscana, reuniu-se em Assembleia, em Tangu\u00e1 (RJ), frades e trabalhadores que atuam na Frente da Solidariedade para com os Empobrecidos. A reuni\u00e3o foi realizada entre os dias 18 e 22 de setembro. Pelo Governo da Prov\u00edncia, participou o Frei Gustavo Medella, que \u00e9 tamb\u00e9m Secret\u00e1rio para a Evangeliza\u00e7\u00e3o. Esta foi a 19\u00aa edi\u00e7\u00e3o da Assembleia anual e teve como tema: \u201cSonhar, Acreditar, Favorecer\u201d para guiar a organiza\u00e7\u00e3o em caminho formativo e estrat\u00e9gico social para o pr\u00f3ximo ano.<\/p>\n<p>Na m\u00edstica de abertura, destacou-se o vi\u00e9s das dificuldades que perpassam a vida das pessoas que vivem em situa\u00e7\u00e3o de vulnerabilidade social e como tal realidade impacta em sua capacidade de sonhar com o futuro.<\/p>\n<p>A m\u00edstica foi marcada por uma apresenta\u00e7\u00e3o teatral e m\u00fasical onde um jovem que desacredita no em qualquer mudan\u00e7a da realidade e desiste de buscar o novo inicia uma conversa com uma senhora que ainda em suas dificuldades \u00e9 capaz de atualizar as resist\u00eancias hist\u00f3rias de nosso pa\u00eds e propor uma esperan\u00e7a firme ao jovem descrente. Entre uma conversa e contra dos personagens,\u00a0 os trabalhadores do Sefras cantavam e rezavam pelo mundo. Frei Jos\u00e9 Francisco, diretor presidente do SEFRAS, destacou: &#8220;A gente quer olhar para hist\u00f3ria do SEFRAS e as profundas marcas que a pandemia nos deixou. [&#8230;] Essa Assembleia deseja ser o final de uma transi\u00e7\u00e3o de tempo de dificuldade e de tantos desafios que n\u00f3s vivemos. [&#8230;] N\u00f3s atuamos diariamente com o sofrimento humano mas a cada dia somos provocados a sonhar e perceber que at\u00e9 aqui o Senhor nos acompanhou e nos cabe a terra prometida depende de quanto nos colocamos a caminho&#8221;.<\/p>\n<p><img loading=\"lazy\" class=\"alignnone size-full wp-image-244871\" src=\"https:\/\/franciscanos.org.br\/noticias\/wp-content\/uploads\/2023\/09\/sefras_01.jpg\" alt=\"\" width=\"1280\" height=\"838\" srcset=\"https:\/\/franciscanos.org.br\/noticias\/wp-content\/uploads\/2023\/09\/sefras_01.jpg 1280w, https:\/\/franciscanos.org.br\/noticias\/wp-content\/uploads\/2023\/09\/sefras_01-450x295.jpg 450w, https:\/\/franciscanos.org.br\/noticias\/wp-content\/uploads\/2023\/09\/sefras_01-1024x670.jpg 1024w, https:\/\/franciscanos.org.br\/noticias\/wp-content\/uploads\/2023\/09\/sefras_01-768x503.jpg 768w, https:\/\/franciscanos.org.br\/noticias\/wp-content\/uploads\/2023\/09\/sefras_01-150x98.jpg 150w\" sizes=\"(max-width: 1280px) 100vw, 1280px\" \/><\/p>\n<p>A Assembleia foi dividida em tr\u00eas parte, primeira foi dedicada a an\u00e1lise de conjuntura com dois especialistas convidados. Jos\u00e9 Correia Leite, fil\u00f3sofo, professor universit\u00e1rio e integrante do coletivo 660, e Allan Coelho, professor e participante do movimento <em>Laudato Si\u2019.<\/em><\/p>\n<p>Os temas debatidos perpassaram desde quest\u00f5es ambientais, os desafios pol\u00edticos da sociedade civil, racismo estrutural e o novo momento pol\u00edtico brasileiro. Jos\u00e9 Leite trouxe para o debate quest\u00f5es de geopol\u00edtica internacional, como a guerra entre R\u00fassia e Ucr\u00e2nia, e os conflitos econ\u00f4micos entre Estados Unidos e China, enquanto Allan alertou sobre a comercializa\u00e7\u00e3o das condi\u00e7\u00f5es b\u00e1sicas de vida, e as contradi\u00e7\u00f5es entre desenvolvimento, produtividade e consumo dentro do debate ambiental.<\/p>\n<p>Na segunda parte da assembleia foi dedicado a trabalhos em grupo para discutir e pontuar o futuro da organiza\u00e7\u00e3o, com temas que ir\u00e3o ser mantidos ou exclu\u00eddos do planejamento de 2024.<\/p>\n<p><img loading=\"lazy\" class=\"alignnone size-full wp-image-244872\" src=\"https:\/\/franciscanos.org.br\/noticias\/wp-content\/uploads\/2023\/09\/sefras_06.jpg\" alt=\"\" width=\"1280\" height=\"843\" srcset=\"https:\/\/franciscanos.org.br\/noticias\/wp-content\/uploads\/2023\/09\/sefras_06.jpg 1280w, https:\/\/franciscanos.org.br\/noticias\/wp-content\/uploads\/2023\/09\/sefras_06-450x296.jpg 450w, https:\/\/franciscanos.org.br\/noticias\/wp-content\/uploads\/2023\/09\/sefras_06-1024x674.jpg 1024w, https:\/\/franciscanos.org.br\/noticias\/wp-content\/uploads\/2023\/09\/sefras_06-768x506.jpg 768w, https:\/\/franciscanos.org.br\/noticias\/wp-content\/uploads\/2023\/09\/sefras_06-150x99.jpg 150w\" sizes=\"(max-width: 1280px) 100vw, 1280px\" \/><\/p>\n<p>No \u00faltimo dia da discuss\u00e3o da Assembleia Anual de 2023 houve a apresenta\u00e7\u00e3o do Frei Gustavo Medella. Ele apresentou o contexto no qual o Sefras est\u00e1 inserido dentro da miss\u00e3o evangelizadora da Ordem dos Frades Menores.<\/p>\n<p>Frei Gustavo iniciou sua fala remontando a hist\u00f3ria de S\u00e3o Francisco de Assis desde seu nascimento. \u201cFrancisco foi revolucion\u00e1rio e reformista sem fazer nenhuma ruptura judicial ou institucional com a igreja\u201d, disse.<\/p>\n<p>Outro ponto levantado foram os jubileus, cujo primeiro \u00e9 a celebra\u00e7\u00e3o dos 800 anos da regra bulada da ordem dos Frades Menores.<\/p>\n<p>\u201cA vida e a regra da ordem dos frades menores \u00e9 viver de acordo com que ensinou e viveu o nosso senhor Jesus Cristo, sem possuir nada, em obedi\u00eancia e castidade\u201d, afirmou.<\/p>\n<p>O segundo jubileu \u00e9 a representa\u00e7\u00e3o pl\u00e1stica do pres\u00e9pio. E o terceiro foi a impress\u00e3o das chagas de Jesus na cruz em Francisco mostrando a profunda liga\u00e7\u00e3o do Santo com Jesus.<\/p>\n<p><img loading=\"lazy\" class=\"alignnone size-full wp-image-244873\" src=\"https:\/\/franciscanos.org.br\/noticias\/wp-content\/uploads\/2023\/09\/sefras_02.jpg\" alt=\"\" width=\"1280\" height=\"946\" srcset=\"https:\/\/franciscanos.org.br\/noticias\/wp-content\/uploads\/2023\/09\/sefras_02.jpg 1280w, https:\/\/franciscanos.org.br\/noticias\/wp-content\/uploads\/2023\/09\/sefras_02-450x333.jpg 450w, https:\/\/franciscanos.org.br\/noticias\/wp-content\/uploads\/2023\/09\/sefras_02-1024x757.jpg 1024w, https:\/\/franciscanos.org.br\/noticias\/wp-content\/uploads\/2023\/09\/sefras_02-768x568.jpg 768w, https:\/\/franciscanos.org.br\/noticias\/wp-content\/uploads\/2023\/09\/sefras_02-150x111.jpg 150w\" sizes=\"(max-width: 1280px) 100vw, 1280px\" \/><\/p>\n<p>\u201cEm cada um desses jubileus n\u00f3s vemos uma figura de Francisco que mudou a igreja de dentro para fora[&#8230;] Francisco pede para que os frades vivam com os sarracenos como irm\u00e3o sem briga mas confessando sua f\u00e9 crist\u00e3\u201d, disse o Frei Gustavo.<\/p>\n<p>O religioso tamb\u00e9m falou sobre a import\u00e2ncia do Sefras na miss\u00e3o franciscana, de solidariedade, acolhimento e fraternidade.<\/p>\n<p>\u201cDe que maneira n\u00f3s, pleiteando o novo, conseguimos voltar \u00e0s nossas ra\u00edzes. [&#8230;.] ent\u00e3o nosso desejo \u00e9 que cada vez mais fazer parte da prov\u00edncia franciscana seja mais expl\u00edcito, cultivado e aprofundado\u201d<\/p>\n<p><img loading=\"lazy\" class=\"alignnone size-full wp-image-244874\" src=\"https:\/\/franciscanos.org.br\/noticias\/wp-content\/uploads\/2023\/09\/sefras_05.jpg\" alt=\"\" width=\"1280\" height=\"655\" srcset=\"https:\/\/franciscanos.org.br\/noticias\/wp-content\/uploads\/2023\/09\/sefras_05.jpg 1280w, https:\/\/franciscanos.org.br\/noticias\/wp-content\/uploads\/2023\/09\/sefras_05-450x230.jpg 450w, https:\/\/franciscanos.org.br\/noticias\/wp-content\/uploads\/2023\/09\/sefras_05-1024x524.jpg 1024w, https:\/\/franciscanos.org.br\/noticias\/wp-content\/uploads\/2023\/09\/sefras_05-768x393.jpg 768w, https:\/\/franciscanos.org.br\/noticias\/wp-content\/uploads\/2023\/09\/sefras_05-150x77.jpg 150w\" sizes=\"(max-width: 1280px) 100vw, 1280px\" \/><\/p>\n<p>Ap\u00f3s a Fala do Frei Gustavo , Frei Marx Rodrigues fez uma exposi\u00e7\u00e3o abrangendo a fraternidade e amizade social (<em>Fratelli tutti<\/em>), a vida do franciscano no dia de hoje.<\/p>\n<p>A Fratelli Tutti \u00e9 um documento da igreja, escrito pelo Papa Francisco, que fala sobre a miss\u00e3o social da Igreja para colocar fim \u00e0 viol\u00eancia no mundo.<\/p>\n<p>\u201cN\u00f3s franciscanos estamos em um tempo oportuno para evangelizar em fraternidade e na busca do bem comum\u201d, disse Frei Marx.<\/p>\n<p>Tamb\u00e9m foi dito sobre a <em>Laudato Si\u2019<\/em> numa segunda edi\u00e7\u00e3o que falar\u00e1 sobre a justi\u00e7a socioambiental.<\/p>\n<p>\u201cN\u00e3o temos como falar dos p\u00e1ssaros e da \u00e1gua sem entender a explora\u00e7\u00e3o que \u00a0acontece dos bens naturais. Ent\u00e3o o que o <em>Laudato <\/em>Si\u2019 2 trar\u00e1 ser\u00e1 a Justi\u00e7a Social no centro do debate\u201d. Por fim, Frei Marx apresentou as orienta\u00e7\u00f5es e mandatos do Plano de Evangeliza\u00e7\u00e3o da Prov\u00edncia e quais s\u00e3o os temas que ser\u00e3o abra\u00e7ados para os pr\u00f3ximos anos.<\/p>\n<p><img loading=\"lazy\" class=\"alignnone size-full wp-image-244875\" src=\"https:\/\/franciscanos.org.br\/noticias\/wp-content\/uploads\/2023\/09\/sefras_04.jpg\" alt=\"\" width=\"1280\" height=\"714\" srcset=\"https:\/\/franciscanos.org.br\/noticias\/wp-content\/uploads\/2023\/09\/sefras_04.jpg 1280w, https:\/\/franciscanos.org.br\/noticias\/wp-content\/uploads\/2023\/09\/sefras_04-450x251.jpg 450w, https:\/\/franciscanos.org.br\/noticias\/wp-content\/uploads\/2023\/09\/sefras_04-1024x571.jpg 1024w, https:\/\/franciscanos.org.br\/noticias\/wp-content\/uploads\/2023\/09\/sefras_04-768x428.jpg 768w, https:\/\/franciscanos.org.br\/noticias\/wp-content\/uploads\/2023\/09\/sefras_04-150x84.jpg 150w\" sizes=\"(max-width: 1280px) 100vw, 1280px\" \/><\/p>\n<p>Com o fim da fala do Frei Marx, os participantes da Assembleia se debru\u00e7aram na elabora\u00e7\u00e3o de um tema para nortear o do planejamento franciscano, pol\u00edtico e de capta\u00e7\u00e3o de recursos\u00a0 de 2024, unindo carisma e intui\u00e7\u00e3o.<\/p>\n<p>Na sexta-feira foi a m\u00edstica de encerramento, onde se recordou as palavras de S\u00e3o Francisco de Assis: &#8220;irm\u00e3os recomecemos pois at\u00e9 agora pouco ou nada fizemos&#8221;. Na celebra\u00e7\u00e3o foi recordado todo o empenho dos envolvidos e na esperan\u00e7a de um tempo novo, que dever\u00e1 povoar nosso cora\u00e7\u00e3o.<\/p>\n<hr \/>\n<p>Comunica\u00e7\u00e3o do Sefras<\/p>\n","protected":false},"excerpt":{"rendered":"<p>Servi\u00e7o Franciscano de Solidariedade<\/p>\n","protected":false},"author":3,"featured_media":244870,"comment_status":"open","ping_status":"open","sticky":false,"template":"","format":"standard","meta":[],"categories":[1],"tags":[228],"acf":[],"yoast_head":"<!-- This site is optimized with the Yoast SEO plugin v19.2 - https:\/\/yoast.com\/wordpress\/plugins\/seo\/ -->\n<title>Sefras se re\u00fane em Assembleia pela 19\u00aa vez - Not\u00edcias - Franciscanos<\/title>\n<meta name=\"robots\" content=\"index, follow, max-snippet:-1, max-image-preview:large, max-video-preview:-1\" \/>\n<link rel=\"canonical\" href=\"https:\/\/franciscanos.org.br\/noticias\/sefras-se-reune-em-assembleia-pela-19a-vez.html\" \/>\n<meta property=\"og:locale\" content=\"pt_BR\" \/>\n<meta property=\"og:type\" content=\"article\" \/>\n<meta property=\"og:title\" content=\"Sefras se re\u00fane em Assembleia pela 19\u00aa vez - Not\u00edcias - Franciscanos\" \/>\n<meta property=\"og:description\" content=\"Servi\u00e7o Franciscano de Solidariedade\" \/>\n<meta property=\"og:url\" content=\"https:\/\/franciscanos.org.br\/noticias\/sefras-se-reune-em-assembleia-pela-19a-vez.html\" \/>\n<meta property=\"og:site_name\" content=\"Not\u00edcias - Franciscanos\" \/>\n<meta property=\"article:published_time\" content=\"2023-09-26T09:29:36+00:00\" \/>\n<meta property=\"og:image\" content=\"https:\/\/franciscanos.org.br\/noticias\/wp-content\/uploads\/2023\/09\/sefras_03.jpg\" \/>\n\t<meta property=\"og:image:width\" content=\"1280\" \/>\n\t<meta property=\"og:image:height\" content=\"720\" \/>\n\t<meta property=\"og:image:type\" content=\"image\/jpeg\" \/>\n<meta name=\"author\" content=\"moacir\" \/>\n<meta name=\"twitter:card\" content=\"summary_large_image\" \/>\n<meta name=\"twitter:label1\" content=\"Escrito por\" \/>\n\t<meta name=\"twitter:data1\" content=\"moacir\" \/>\n\t<meta name=\"twitter:label2\" content=\"Est. tempo de leitura\" \/>\n\t<meta name=\"twitter:data2\" content=\"5 minutos\" \/>\n<script type=\"application\/ld+json\" class=\"yoast-schema-graph\">{\"@context\":\"https:\/\/schema.org\",\"@graph\":[{\"@type\":\"WebSite\",\"@id\":\"https:\/\/franciscanos.org.br\/noticias\/#website\",\"url\":\"https:\/\/franciscanos.org.br\/noticias\/\",\"name\":\"Not\u00edcias - Franciscanos\",\"description\":\"Prov\u00edncia Franciscana da Imaculada Concei\u00e7\u00e3o do Brasil - Ordem dos Frades Menores - OFM\",\"potentialAction\":[{\"@type\":\"SearchAction\",\"target\":{\"@type\":\"EntryPoint\",\"urlTemplate\":\"https:\/\/franciscanos.org.br\/noticias\/?s={search_term_string}\"},\"query-input\":\"required name=search_term_string\"}],\"inLanguage\":\"pt-BR\"},{\"@type\":\"ImageObject\",\"inLanguage\":\"pt-BR\",\"@id\":\"https:\/\/franciscanos.org.br\/noticias\/sefras-se-reune-em-assembleia-pela-19a-vez.html#primaryimage\",\"url\":\"https:\/\/franciscanos.org.br\/noticias\/wp-content\/uploads\/2023\/09\/sefras_03.jpg\",\"contentUrl\":\"https:\/\/franciscanos.org.br\/noticias\/wp-content\/uploads\/2023\/09\/sefras_03.jpg\",\"width\":1280,\"height\":720},{\"@type\":\"WebPage\",\"@id\":\"https:\/\/franciscanos.org.br\/noticias\/sefras-se-reune-em-assembleia-pela-19a-vez.html#webpage\",\"url\":\"https:\/\/franciscanos.org.br\/noticias\/sefras-se-reune-em-assembleia-pela-19a-vez.html\",\"name\":\"Sefras se re\u00fane em Assembleia pela 19\u00aa vez - Not\u00edcias - Franciscanos\",\"isPartOf\":{\"@id\":\"https:\/\/franciscanos.org.br\/noticias\/#website\"},\"primaryImageOfPage\":{\"@id\":\"https:\/\/franciscanos.org.br\/noticias\/sefras-se-reune-em-assembleia-pela-19a-vez.html#primaryimage\"},\"datePublished\":\"2023-09-26T09:29:36+00:00\",\"dateModified\":\"2023-09-26T09:29:36+00:00\",\"author\":{\"@id\":\"https:\/\/franciscanos.org.br\/noticias\/#\/schema\/person\/b5c8cba458c330ccff548b056e95a5d4\"},\"breadcrumb\":{\"@id\":\"https:\/\/franciscanos.org.br\/noticias\/sefras-se-reune-em-assembleia-pela-19a-vez.html#breadcrumb\"},\"inLanguage\":\"pt-BR\",\"potentialAction\":[{\"@type\":\"ReadAction\",\"target\":[\"https:\/\/franciscanos.org.br\/noticias\/sefras-se-reune-em-assembleia-pela-19a-vez.html\"]}]},{\"@type\":\"BreadcrumbList\",\"@id\":\"https:\/\/franciscanos.org.br\/noticias\/sefras-se-reune-em-assembleia-pela-19a-vez.html#breadcrumb\",\"itemListElement\":[{\"@type\":\"ListItem\",\"position\":1,\"name\":\"Home\",\"item\":\"https:\/\/franciscanos.org.br\/noticias\"},{\"@type\":\"ListItem\",\"position\":2,\"name\":\"Sefras se re\u00fane em Assembleia pela 19\u00aa vez\"}]},{\"@type\":\"Person\",\"@id\":\"https:\/\/franciscanos.org.br\/noticias\/#\/schema\/person\/b5c8cba458c330ccff548b056e95a5d4\",\"name\":\"moacir\",\"image\":{\"@type\":\"ImageObject\",\"inLanguage\":\"pt-BR\",\"@id\":\"https:\/\/franciscanos.org.br\/noticias\/#\/schema\/person\/image\/\",\"url\":\"https:\/\/secure.gravatar.com\/avatar\/d08aa2ce4c8dd416d4479aa8536fcf64?s=96&d=mm&r=g\",\"contentUrl\":\"https:\/\/secure.gravatar.com\/avatar\/d08aa2ce4c8dd416d4479aa8536fcf64?s=96&d=mm&r=g\",\"caption\":\"moacir\"},\"url\":\"https:\/\/franciscanos.org.br\/noticias\/author\/moacir\"}]}<\/script>\n<!-- \/ Yoast SEO plugin. -->","yoast_head_json":{"title":"Sefras se re\u00fane em Assembleia pela 19\u00aa vez - Not\u00edcias - Franciscanos","robots":{"index":"index","follow":"follow","max-snippet":"max-snippet:-1","max-image-preview":"max-image-preview:large","max-video-preview":"max-video-preview:-1"},"canonical":"https:\/\/franciscanos.org.br\/noticias\/sefras-se-reune-em-assembleia-pela-19a-vez.html","og_locale":"pt_BR","og_type":"article","og_title":"Sefras se re\u00fane em Assembleia pela 19\u00aa vez - Not\u00edcias - Franciscanos","og_description":"Servi\u00e7o Franciscano de Solidariedade","og_url":"https:\/\/franciscanos.org.br\/noticias\/sefras-se-reune-em-assembleia-pela-19a-vez.html","og_site_name":"Not\u00edcias - Franciscanos","article_published_time":"2023-09-26T09:29:36+00:00","og_image":[{"width":1280,"height":720,"url":"https:\/\/franciscanos.org.br\/noticias\/wp-content\/uploads\/2023\/09\/sefras_03.jpg","type":"image\/jpeg"}],"author":"moacir","twitter_card":"summary_large_image","twitter_misc":{"Escrito por":"moacir","Est. tempo de leitura":"5 minutos"},"schema":{"@context":"https:\/\/schema.org","@graph":[{"@type":"WebSite","@id":"https:\/\/franciscanos.org.br\/noticias\/#website","url":"https:\/\/franciscanos.org.br\/noticias\/","name":"Not\u00edcias - Franciscanos","description":"Prov\u00edncia Franciscana da Imaculada Concei\u00e7\u00e3o do Brasil - Ordem dos Frades Menores - OFM","potentialAction":[{"@type":"SearchAction","target":{"@type":"EntryPoint","urlTemplate":"https:\/\/franciscanos.org.br\/noticias\/?s={search_term_string}"},"query-input":"required name=search_term_string"}],"inLanguage":"pt-BR"},{"@type":"ImageObject","inLanguage":"pt-BR","@id":"https:\/\/franciscanos.org.br\/noticias\/sefras-se-reune-em-assembleia-pela-19a-vez.html#primaryimage","url":"https:\/\/franciscanos.org.br\/noticias\/wp-content\/uploads\/2023\/09\/sefras_03.jpg","contentUrl":"https:\/\/franciscanos.org.br\/noticias\/wp-content\/uploads\/2023\/09\/sefras_03.jpg","width":1280,"height":720},{"@type":"WebPage","@id":"https:\/\/franciscanos.org.br\/noticias\/sefras-se-reune-em-assembleia-pela-19a-vez.html#webpage","url":"https:\/\/franciscanos.org.br\/noticias\/sefras-se-reune-em-assembleia-pela-19a-vez.html","name":"Sefras se re\u00fane em Assembleia pela 19\u00aa vez - Not\u00edcias - Franciscanos","isPartOf":{"@id":"https:\/\/franciscanos.org.br\/noticias\/#website"},"primaryImageOfPage":{"@id":"https:\/\/franciscanos.org.br\/noticias\/sefras-se-reune-em-assembleia-pela-19a-vez.html#primaryimage"},"datePublished":"2023-09-26T09:29:36+00:00","dateModified":"2023-09-26T09:29:36+00:00","author":{"@id":"https:\/\/franciscanos.org.br\/noticias\/#\/schema\/person\/b5c8cba458c330ccff548b056e95a5d4"},"breadcrumb":{"@id":"https:\/\/franciscanos.org.br\/noticias\/sefras-se-reune-em-assembleia-pela-19a-vez.html#breadcrumb"},"inLanguage":"pt-BR","potentialAction":[{"@type":"ReadAction","target":["https:\/\/franciscanos.org.br\/noticias\/sefras-se-reune-em-assembleia-pela-19a-vez.html"]}]},{"@type":"BreadcrumbList","@id":"https:\/\/franciscanos.org.br\/noticias\/sefras-se-reune-em-assembleia-pela-19a-vez.html#breadcrumb","itemListElement":[{"@type":"ListItem","position":1,"name":"Home","item":"https:\/\/franciscanos.org.br\/noticias"},{"@type":"ListItem","position":2,"name":"Sefras se re\u00fane em Assembleia pela 19\u00aa vez"}]},{"@type":"Person","@id":"https:\/\/franciscanos.org.br\/noticias\/#\/schema\/person\/b5c8cba458c330ccff548b056e95a5d4","name":"moacir","image":{"@type":"ImageObject","inLanguage":"pt-BR","@id":"https:\/\/franciscanos.org.br\/noticias\/#\/schema\/person\/image\/","url":"https:\/\/secure.gravatar.com\/avatar\/d08aa2ce4c8dd416d4479aa8536fcf64?s=96&d=mm&r=g","contentUrl":"https:\/\/secure.gravatar.com\/avatar\/d08aa2ce4c8dd416d4479aa8536fcf64?s=96&d=mm&r=g","caption":"moacir"},"url":"https:\/\/franciscanos.org.br\/noticias\/author\/moacir"}]}},"_links":{"self":[{"href":"https:\/\/franciscanos.org.br\/noticias\/wp-json\/wp\/v2\/posts\/244869"}],"collection":[{"href":"https:\/\/franciscanos.org.br\/noticias\/wp-json\/wp\/v2\/posts"}],"about":[{"href":"https:\/\/franciscanos.org.br\/noticias\/wp-json\/wp\/v2\/types\/post"}],"author":[{"embeddable":true,"href":"https:\/\/franciscanos.org.br\/noticias\/wp-json\/wp\/v2\/users\/3"}],"replies":[{"embeddable":true,"href":"https:\/\/franciscanos.org.br\/noticias\/wp-json\/wp\/v2\/comments?post=244869"}],"version-history":[{"count":1,"href":"https:\/\/franciscanos.org.br\/noticias\/wp-json\/wp\/v2\/posts\/244869\/revisions"}],"predecessor-version":[{"id":244876,"href":"https:\/\/franciscanos.org.br\/noticias\/wp-json\/wp\/v2\/posts\/244869\/revisions\/244876"}],"wp:featuredmedia":[{"embeddable":true,"href":"https:\/\/franciscanos.org.br\/noticias\/wp-json\/wp\/v2\/media\/244870"}],"wp:attachment":[{"href":"https:\/\/franciscanos.org.br\/noticias\/wp-json\/wp\/v2\/media?parent=244869"}],"wp:term":[{"taxonomy":"category","embeddable":true,"href":"https:\/\/franciscanos.org.br\/noticias\/wp-json\/wp\/v2\/categories?post=244869"},{"taxonomy":"post_tag","embeddable":true,"href":"https:\/\/franciscanos.org.br\/noticias\/wp-json\/wp\/v2\/tags?post=244869"}],"curies":[{"name":"wp","href":"https:\/\/api.w.org\/{rel}","templated":true}]}}