{"id":244862,"date":"2023-09-25T10:25:52","date_gmt":"2023-09-25T13:25:52","guid":{"rendered":"https:\/\/franciscanos.org.br\/noticias\/?p=244862"},"modified":"2023-09-25T10:25:52","modified_gmt":"2023-09-25T13:25:52","slug":"frei-massimo-se-despede-da-provincia-do-santissimo-nome-de-jesus","status":"publish","type":"post","link":"https:\/\/franciscanos.org.br\/noticias\/frei-massimo-se-despede-da-provincia-do-santissimo-nome-de-jesus.html","title":{"rendered":"Frei Massimo se despede da Prov\u00edncia do Sant\u00edssimo Nome de Jesus"},"content":{"rendered":"<p><img loading=\"lazy\" class=\"alignnone size-full wp-image-244863\" src=\"https:\/\/franciscanos.org.br\/noticias\/wp-content\/uploads\/2023\/09\/goias_01.jpg\" alt=\"\" width=\"1280\" height=\"744\" srcset=\"https:\/\/franciscanos.org.br\/noticias\/wp-content\/uploads\/2023\/09\/goias_01.jpg 1280w, https:\/\/franciscanos.org.br\/noticias\/wp-content\/uploads\/2023\/09\/goias_01-450x262.jpg 450w, https:\/\/franciscanos.org.br\/noticias\/wp-content\/uploads\/2023\/09\/goias_01-1024x595.jpg 1024w, https:\/\/franciscanos.org.br\/noticias\/wp-content\/uploads\/2023\/09\/goias_01-768x446.jpg 768w, https:\/\/franciscanos.org.br\/noticias\/wp-content\/uploads\/2023\/09\/goias_01-150x87.jpg 150w\" sizes=\"(max-width: 1280px) 100vw, 1280px\" \/><\/p>\n<p>O Ministro Geral da Ordem dos Frades Menores, Frei Massimo Fusarelli, voltou ao Brasil para a visita fraterna \u00e0 Prov\u00edncia do Sant\u00edssimo Nome de Jesus, com sede em An\u00e1polis (GO), juntamente com o Definidor geral para a Am\u00e9rica Latina, Frei C\u00e9sar K\u00fclkamp. Depois de pernoitar em S\u00e3o Paulo, ele seguiu para An\u00e1polis no dia 20 de setembro e p\u00f4de encontrar os seus confrades desta Prov\u00edncia reunidos na Semana de Forma\u00e7\u00e3o Permanente, que terminou no 23 de setembro.<\/p>\n<p>Segundo o site da Prov\u00edncia de Goi\u00e1s, os frades se reuniram com entusiasmo para dar as boas-vindas a Frei Massimo, e cada um teve a oportunidade de se aproximar e apresentar-se ao Ministro Geral, compartilhando seus trabalhos e miss\u00e3o na Prov\u00edncia. O Ministro geral dedicou parte do seu tempo a uma conversa fraterna com os frades do p\u00f3s-noviciado. &#8220;Foi um momento enriquecedor e inspirador para todos os presentes&#8221;, avaliaram os frades.<\/p>\n<p><img loading=\"lazy\" class=\"alignnone size-full wp-image-244864\" src=\"https:\/\/franciscanos.org.br\/noticias\/wp-content\/uploads\/2023\/09\/goias_03.jpg\" alt=\"\" width=\"1280\" height=\"833\" srcset=\"https:\/\/franciscanos.org.br\/noticias\/wp-content\/uploads\/2023\/09\/goias_03.jpg 1280w, https:\/\/franciscanos.org.br\/noticias\/wp-content\/uploads\/2023\/09\/goias_03-450x293.jpg 450w, https:\/\/franciscanos.org.br\/noticias\/wp-content\/uploads\/2023\/09\/goias_03-1024x666.jpg 1024w, https:\/\/franciscanos.org.br\/noticias\/wp-content\/uploads\/2023\/09\/goias_03-768x500.jpg 768w, https:\/\/franciscanos.org.br\/noticias\/wp-content\/uploads\/2023\/09\/goias_03-150x98.jpg 150w\" sizes=\"(max-width: 1280px) 100vw, 1280px\" \/><\/p>\n<p>&#8220;A visita do Ministro geral, Frei Massimo Fusarelli, e de Frei C\u00e9sar K\u00fclkamp, representa um elo valioso entre nossa Prov\u00edncia e a Ordem dos Frades Menores como um todo&#8221;, avaliam os frades segundo o Site.<\/p>\n<p>Sua visita celebra os 80 anos da presen\u00e7a dos Frades Franciscanos no Cora\u00e7\u00e3o do Brasil. Foi no dia 12 de setembro de 1943, um domingo \u00e0 noite, quando 14 frades, aut\u00eanticos bandeirantes da f\u00e9, migraram para o Brasil, com o intuito de escrever um novo cap\u00edtulo da hist\u00f3ria da Prov\u00edncia do Sant\u00edssimo Nome de Jesus e da igreja na Am\u00e9rica Latina.<\/p>\n<p><img loading=\"lazy\" class=\"alignnone size-full wp-image-244865\" src=\"https:\/\/franciscanos.org.br\/noticias\/wp-content\/uploads\/2023\/09\/goias_04.jpg\" alt=\"\" width=\"1159\" height=\"717\" srcset=\"https:\/\/franciscanos.org.br\/noticias\/wp-content\/uploads\/2023\/09\/goias_04.jpg 1159w, https:\/\/franciscanos.org.br\/noticias\/wp-content\/uploads\/2023\/09\/goias_04-450x278.jpg 450w, https:\/\/franciscanos.org.br\/noticias\/wp-content\/uploads\/2023\/09\/goias_04-1024x633.jpg 1024w, https:\/\/franciscanos.org.br\/noticias\/wp-content\/uploads\/2023\/09\/goias_04-768x475.jpg 768w, https:\/\/franciscanos.org.br\/noticias\/wp-content\/uploads\/2023\/09\/goias_04-150x93.jpg 150w\" sizes=\"(max-width: 1159px) 100vw, 1159px\" \/><\/p>\n<p>Dentro da Semana de Forma\u00e7\u00e3o Permanente, a manh\u00e3 do dia 21 de setembro foi repleta de atividades. &#8220;Come\u00e7amos com a Celebra\u00e7\u00e3o Eucar\u00edstica presidida por Frei C\u00e9sar e concelebrada pelo Definidor da Prov\u00edncia, Frei Janilson Lu\u00eds Coelho. Al\u00e9m disso, a manh\u00e3 foi marcada por reuni\u00f5es importantes, incluindo o encontro do Ministro geral com o <em><u>Coetus Formatorum<\/u><\/em> e a reuni\u00e3o do Conselho Econ\u00f4mico. Aproveitamos ao m\u00e1ximo essa oportunidade de aprendizado e di\u00e1logo para fortalecer ainda mais nossa fraternidade e compreens\u00e3o do carisma franciscano&#8221;, explicou a Comunica\u00e7\u00e3o da Prov\u00edncia de Goi\u00e1s.<\/p>\n<p>Frei Massimo se encontrou com representantes da Ordem Franciscana Secular (OFS), das Irm\u00e3s Franciscanas de Allegany e das Irm\u00e3s Franciscanas da Divina Miseric\u00f3rdia. O encontro ocorreu no audit\u00f3rio da Par\u00f3quia S\u00e3o Francisco de Assis, em An\u00e1polis. Eles tamb\u00e9m conheceram as emissoras de r\u00e1dio e foram recebidos pelos alunos do Col\u00e9gio S\u00e3o Francisco de Assis. Conheceram ainda a Sede Provincial, Museu dos Frades Franciscanos, Teatro S\u00e3o Francisco, Hospital Santa Casa de Miseric\u00f3rdia e Mosteiro das Irm\u00e3s Clarissas.<\/p>\n<p><img loading=\"lazy\" class=\"alignnone size-full wp-image-244866\" src=\"https:\/\/franciscanos.org.br\/noticias\/wp-content\/uploads\/2023\/09\/goias_05.jpg\" alt=\"\" width=\"1280\" height=\"852\" srcset=\"https:\/\/franciscanos.org.br\/noticias\/wp-content\/uploads\/2023\/09\/goias_05.jpg 1280w, https:\/\/franciscanos.org.br\/noticias\/wp-content\/uploads\/2023\/09\/goias_05-450x300.jpg 450w, https:\/\/franciscanos.org.br\/noticias\/wp-content\/uploads\/2023\/09\/goias_05-1024x682.jpg 1024w, https:\/\/franciscanos.org.br\/noticias\/wp-content\/uploads\/2023\/09\/goias_05-768x511.jpg 768w, https:\/\/franciscanos.org.br\/noticias\/wp-content\/uploads\/2023\/09\/goias_05-150x100.jpg 150w\" sizes=\"(max-width: 1280px) 100vw, 1280px\" \/><\/p>\n<p>Segundo o Facebook da Prov\u00edncia de Goi\u00e1s, na noite do dia 23 de setembro, na Par\u00f3quia S\u00e3o Francisco de Assis, a Santa Missa foi presidida por Frei Massimo Fusarelli, pelo Definidor Frei C\u00e9sar K\u00fclkamp, pelo Ministro Provincial Frei Carlos Ant\u00f4nio da Silva, o p\u00e1roco Frei William Dantas, juntamente com outros frades da Prov\u00edncia, e serviu como testemunho de nossa espiritualidade franciscana. Este momento contou ainda com a presen\u00e7a de Religiosas e Religiosos, Colaboradores das Frentes de Miss\u00e3o da Prov\u00edncia, a Rede Educacional Franciscana, a Sede Provincial, a Funda\u00e7\u00e3o Frei Jo\u00e3o Batista Vogel, a Ordem Franciscana Secular e a calorosa comunidade paroquial, que ornaram a Igreja para celebrar os 80 anos de nossa hist\u00f3ria.<\/p>\n<p>Segundo as m\u00eddias da Prov\u00edncia, &#8220;a celebra\u00e7\u00e3o n\u00e3o apenas nos uniu em ora\u00e7\u00e3o, mas tamb\u00e9m marcou a despedida de Frei Massimo e Frei C\u00e9sar&#8221;. Ap\u00f3s dias de uma visita fraterna \u00e0 Prov\u00edncia do Sant\u00edssimo Nome de Jesus do Brasil, eles partiram, &#8220;deixando nossos cora\u00e7\u00f5es repletos de alegria e gratid\u00e3o. A Fam\u00edlia Franciscana, durante esse encontro, renovou seu compromisso com a paz e o bem, fundamentos essenciais da espiritualidade franciscana&#8221;.<\/p>\n<p><img loading=\"lazy\" class=\"alignnone size-full wp-image-244867\" src=\"https:\/\/franciscanos.org.br\/noticias\/wp-content\/uploads\/2023\/09\/goias_02.jpg\" alt=\"\" width=\"1280\" height=\"853\" srcset=\"https:\/\/franciscanos.org.br\/noticias\/wp-content\/uploads\/2023\/09\/goias_02.jpg 1280w, https:\/\/franciscanos.org.br\/noticias\/wp-content\/uploads\/2023\/09\/goias_02-450x300.jpg 450w, https:\/\/franciscanos.org.br\/noticias\/wp-content\/uploads\/2023\/09\/goias_02-1024x682.jpg 1024w, https:\/\/franciscanos.org.br\/noticias\/wp-content\/uploads\/2023\/09\/goias_02-768x512.jpg 768w, https:\/\/franciscanos.org.br\/noticias\/wp-content\/uploads\/2023\/09\/goias_02-150x100.jpg 150w\" sizes=\"(max-width: 1280px) 100vw, 1280px\" \/><\/p>\n<p>Em seguida, Frei Massimo e Frei C\u00e9sar viajaram para a Argentina, onde est\u00e3o visitando a Prov\u00edncia S\u00e3o Francisco Solano, em Salta, durante o Encontro Provincial Anual, de 23 a 27 de setembro, momento de celebra\u00e7\u00e3o, reflex\u00e3o e anima\u00e7\u00e3o da forma de vida no marco do 8\u00ba Centen\u00e1rio da Regra e do Natal de Greccio.<\/p>\n<hr \/>\n<p><em>Informa\u00e7\u00f5es do site e Facebook da Prov\u00edncia do Sant\u00edssimo Nome de Goi\u00e1s<\/em><\/p>\n<p>&nbsp;<\/p>\n","protected":false},"excerpt":{"rendered":"<p>Visita Fraterna<\/p>\n","protected":false},"author":3,"featured_media":244863,"comment_status":"open","ping_status":"open","sticky":false,"template":"","format":"standard","meta":[],"categories":[1],"tags":[2013],"acf":[],"yoast_head":"<!-- This site is optimized with the Yoast SEO plugin v19.2 - https:\/\/yoast.com\/wordpress\/plugins\/seo\/ -->\n<title>Frei Massimo se despede da Prov\u00edncia do Sant\u00edssimo Nome de Jesus - Not\u00edcias - Franciscanos<\/title>\n<meta name=\"robots\" content=\"index, follow, max-snippet:-1, max-image-preview:large, max-video-preview:-1\" \/>\n<link rel=\"canonical\" href=\"https:\/\/franciscanos.org.br\/noticias\/frei-massimo-se-despede-da-provincia-do-santissimo-nome-de-jesus.html\" \/>\n<meta property=\"og:locale\" content=\"pt_BR\" \/>\n<meta property=\"og:type\" content=\"article\" \/>\n<meta property=\"og:title\" content=\"Frei Massimo se despede da Prov\u00edncia do Sant\u00edssimo Nome de Jesus - Not\u00edcias - Franciscanos\" \/>\n<meta property=\"og:description\" content=\"Visita Fraterna\" \/>\n<meta property=\"og:url\" content=\"https:\/\/franciscanos.org.br\/noticias\/frei-massimo-se-despede-da-provincia-do-santissimo-nome-de-jesus.html\" \/>\n<meta property=\"og:site_name\" content=\"Not\u00edcias - Franciscanos\" \/>\n<meta property=\"article:published_time\" content=\"2023-09-25T13:25:52+00:00\" \/>\n<meta property=\"og:image\" content=\"https:\/\/franciscanos.org.br\/noticias\/wp-content\/uploads\/2023\/09\/goias_01.jpg\" \/>\n\t<meta property=\"og:image:width\" content=\"1280\" \/>\n\t<meta property=\"og:image:height\" content=\"744\" \/>\n\t<meta property=\"og:image:type\" content=\"image\/jpeg\" \/>\n<meta name=\"author\" content=\"moacir\" \/>\n<meta name=\"twitter:card\" content=\"summary_large_image\" \/>\n<meta name=\"twitter:label1\" content=\"Escrito por\" \/>\n\t<meta name=\"twitter:data1\" content=\"moacir\" \/>\n\t<meta name=\"twitter:label2\" content=\"Est. tempo de leitura\" \/>\n\t<meta name=\"twitter:data2\" content=\"4 minutos\" \/>\n<script type=\"application\/ld+json\" class=\"yoast-schema-graph\">{\"@context\":\"https:\/\/schema.org\",\"@graph\":[{\"@type\":\"WebSite\",\"@id\":\"https:\/\/franciscanos.org.br\/noticias\/#website\",\"url\":\"https:\/\/franciscanos.org.br\/noticias\/\",\"name\":\"Not\u00edcias - Franciscanos\",\"description\":\"Prov\u00edncia Franciscana da Imaculada Concei\u00e7\u00e3o do Brasil - Ordem dos Frades Menores - OFM\",\"potentialAction\":[{\"@type\":\"SearchAction\",\"target\":{\"@type\":\"EntryPoint\",\"urlTemplate\":\"https:\/\/franciscanos.org.br\/noticias\/?s={search_term_string}\"},\"query-input\":\"required name=search_term_string\"}],\"inLanguage\":\"pt-BR\"},{\"@type\":\"ImageObject\",\"inLanguage\":\"pt-BR\",\"@id\":\"https:\/\/franciscanos.org.br\/noticias\/frei-massimo-se-despede-da-provincia-do-santissimo-nome-de-jesus.html#primaryimage\",\"url\":\"https:\/\/franciscanos.org.br\/noticias\/wp-content\/uploads\/2023\/09\/goias_01.jpg\",\"contentUrl\":\"https:\/\/franciscanos.org.br\/noticias\/wp-content\/uploads\/2023\/09\/goias_01.jpg\",\"width\":1280,\"height\":744},{\"@type\":\"WebPage\",\"@id\":\"https:\/\/franciscanos.org.br\/noticias\/frei-massimo-se-despede-da-provincia-do-santissimo-nome-de-jesus.html#webpage\",\"url\":\"https:\/\/franciscanos.org.br\/noticias\/frei-massimo-se-despede-da-provincia-do-santissimo-nome-de-jesus.html\",\"name\":\"Frei Massimo se despede da Prov\u00edncia do Sant\u00edssimo Nome de Jesus - Not\u00edcias - Franciscanos\",\"isPartOf\":{\"@id\":\"https:\/\/franciscanos.org.br\/noticias\/#website\"},\"primaryImageOfPage\":{\"@id\":\"https:\/\/franciscanos.org.br\/noticias\/frei-massimo-se-despede-da-provincia-do-santissimo-nome-de-jesus.html#primaryimage\"},\"datePublished\":\"2023-09-25T13:25:52+00:00\",\"dateModified\":\"2023-09-25T13:25:52+00:00\",\"author\":{\"@id\":\"https:\/\/franciscanos.org.br\/noticias\/#\/schema\/person\/b5c8cba458c330ccff548b056e95a5d4\"},\"breadcrumb\":{\"@id\":\"https:\/\/franciscanos.org.br\/noticias\/frei-massimo-se-despede-da-provincia-do-santissimo-nome-de-jesus.html#breadcrumb\"},\"inLanguage\":\"pt-BR\",\"potentialAction\":[{\"@type\":\"ReadAction\",\"target\":[\"https:\/\/franciscanos.org.br\/noticias\/frei-massimo-se-despede-da-provincia-do-santissimo-nome-de-jesus.html\"]}]},{\"@type\":\"BreadcrumbList\",\"@id\":\"https:\/\/franciscanos.org.br\/noticias\/frei-massimo-se-despede-da-provincia-do-santissimo-nome-de-jesus.html#breadcrumb\",\"itemListElement\":[{\"@type\":\"ListItem\",\"position\":1,\"name\":\"Home\",\"item\":\"https:\/\/franciscanos.org.br\/noticias\"},{\"@type\":\"ListItem\",\"position\":2,\"name\":\"Frei Massimo se despede da Prov\u00edncia do Sant\u00edssimo Nome de Jesus\"}]},{\"@type\":\"Person\",\"@id\":\"https:\/\/franciscanos.org.br\/noticias\/#\/schema\/person\/b5c8cba458c330ccff548b056e95a5d4\",\"name\":\"moacir\",\"image\":{\"@type\":\"ImageObject\",\"inLanguage\":\"pt-BR\",\"@id\":\"https:\/\/franciscanos.org.br\/noticias\/#\/schema\/person\/image\/\",\"url\":\"https:\/\/secure.gravatar.com\/avatar\/d08aa2ce4c8dd416d4479aa8536fcf64?s=96&d=mm&r=g\",\"contentUrl\":\"https:\/\/secure.gravatar.com\/avatar\/d08aa2ce4c8dd416d4479aa8536fcf64?s=96&d=mm&r=g\",\"caption\":\"moacir\"},\"url\":\"https:\/\/franciscanos.org.br\/noticias\/author\/moacir\"}]}<\/script>\n<!-- \/ Yoast SEO plugin. -->","yoast_head_json":{"title":"Frei Massimo se despede da Prov\u00edncia do Sant\u00edssimo Nome de Jesus - Not\u00edcias - Franciscanos","robots":{"index":"index","follow":"follow","max-snippet":"max-snippet:-1","max-image-preview":"max-image-preview:large","max-video-preview":"max-video-preview:-1"},"canonical":"https:\/\/franciscanos.org.br\/noticias\/frei-massimo-se-despede-da-provincia-do-santissimo-nome-de-jesus.html","og_locale":"pt_BR","og_type":"article","og_title":"Frei Massimo se despede da Prov\u00edncia do Sant\u00edssimo Nome de Jesus - Not\u00edcias - Franciscanos","og_description":"Visita Fraterna","og_url":"https:\/\/franciscanos.org.br\/noticias\/frei-massimo-se-despede-da-provincia-do-santissimo-nome-de-jesus.html","og_site_name":"Not\u00edcias - Franciscanos","article_published_time":"2023-09-25T13:25:52+00:00","og_image":[{"width":1280,"height":744,"url":"https:\/\/franciscanos.org.br\/noticias\/wp-content\/uploads\/2023\/09\/goias_01.jpg","type":"image\/jpeg"}],"author":"moacir","twitter_card":"summary_large_image","twitter_misc":{"Escrito por":"moacir","Est. tempo de leitura":"4 minutos"},"schema":{"@context":"https:\/\/schema.org","@graph":[{"@type":"WebSite","@id":"https:\/\/franciscanos.org.br\/noticias\/#website","url":"https:\/\/franciscanos.org.br\/noticias\/","name":"Not\u00edcias - Franciscanos","description":"Prov\u00edncia Franciscana da Imaculada Concei\u00e7\u00e3o do Brasil - Ordem dos Frades Menores - OFM","potentialAction":[{"@type":"SearchAction","target":{"@type":"EntryPoint","urlTemplate":"https:\/\/franciscanos.org.br\/noticias\/?s={search_term_string}"},"query-input":"required name=search_term_string"}],"inLanguage":"pt-BR"},{"@type":"ImageObject","inLanguage":"pt-BR","@id":"https:\/\/franciscanos.org.br\/noticias\/frei-massimo-se-despede-da-provincia-do-santissimo-nome-de-jesus.html#primaryimage","url":"https:\/\/franciscanos.org.br\/noticias\/wp-content\/uploads\/2023\/09\/goias_01.jpg","contentUrl":"https:\/\/franciscanos.org.br\/noticias\/wp-content\/uploads\/2023\/09\/goias_01.jpg","width":1280,"height":744},{"@type":"WebPage","@id":"https:\/\/franciscanos.org.br\/noticias\/frei-massimo-se-despede-da-provincia-do-santissimo-nome-de-jesus.html#webpage","url":"https:\/\/franciscanos.org.br\/noticias\/frei-massimo-se-despede-da-provincia-do-santissimo-nome-de-jesus.html","name":"Frei Massimo se despede da Prov\u00edncia do Sant\u00edssimo Nome de Jesus - Not\u00edcias - Franciscanos","isPartOf":{"@id":"https:\/\/franciscanos.org.br\/noticias\/#website"},"primaryImageOfPage":{"@id":"https:\/\/franciscanos.org.br\/noticias\/frei-massimo-se-despede-da-provincia-do-santissimo-nome-de-jesus.html#primaryimage"},"datePublished":"2023-09-25T13:25:52+00:00","dateModified":"2023-09-25T13:25:52+00:00","author":{"@id":"https:\/\/franciscanos.org.br\/noticias\/#\/schema\/person\/b5c8cba458c330ccff548b056e95a5d4"},"breadcrumb":{"@id":"https:\/\/franciscanos.org.br\/noticias\/frei-massimo-se-despede-da-provincia-do-santissimo-nome-de-jesus.html#breadcrumb"},"inLanguage":"pt-BR","potentialAction":[{"@type":"ReadAction","target":["https:\/\/franciscanos.org.br\/noticias\/frei-massimo-se-despede-da-provincia-do-santissimo-nome-de-jesus.html"]}]},{"@type":"BreadcrumbList","@id":"https:\/\/franciscanos.org.br\/noticias\/frei-massimo-se-despede-da-provincia-do-santissimo-nome-de-jesus.html#breadcrumb","itemListElement":[{"@type":"ListItem","position":1,"name":"Home","item":"https:\/\/franciscanos.org.br\/noticias"},{"@type":"ListItem","position":2,"name":"Frei Massimo se despede da Prov\u00edncia do Sant\u00edssimo Nome de Jesus"}]},{"@type":"Person","@id":"https:\/\/franciscanos.org.br\/noticias\/#\/schema\/person\/b5c8cba458c330ccff548b056e95a5d4","name":"moacir","image":{"@type":"ImageObject","inLanguage":"pt-BR","@id":"https:\/\/franciscanos.org.br\/noticias\/#\/schema\/person\/image\/","url":"https:\/\/secure.gravatar.com\/avatar\/d08aa2ce4c8dd416d4479aa8536fcf64?s=96&d=mm&r=g","contentUrl":"https:\/\/secure.gravatar.com\/avatar\/d08aa2ce4c8dd416d4479aa8536fcf64?s=96&d=mm&r=g","caption":"moacir"},"url":"https:\/\/franciscanos.org.br\/noticias\/author\/moacir"}]}},"_links":{"self":[{"href":"https:\/\/franciscanos.org.br\/noticias\/wp-json\/wp\/v2\/posts\/244862"}],"collection":[{"href":"https:\/\/franciscanos.org.br\/noticias\/wp-json\/wp\/v2\/posts"}],"about":[{"href":"https:\/\/franciscanos.org.br\/noticias\/wp-json\/wp\/v2\/types\/post"}],"author":[{"embeddable":true,"href":"https:\/\/franciscanos.org.br\/noticias\/wp-json\/wp\/v2\/users\/3"}],"replies":[{"embeddable":true,"href":"https:\/\/franciscanos.org.br\/noticias\/wp-json\/wp\/v2\/comments?post=244862"}],"version-history":[{"count":1,"href":"https:\/\/franciscanos.org.br\/noticias\/wp-json\/wp\/v2\/posts\/244862\/revisions"}],"predecessor-version":[{"id":244868,"href":"https:\/\/franciscanos.org.br\/noticias\/wp-json\/wp\/v2\/posts\/244862\/revisions\/244868"}],"wp:featuredmedia":[{"embeddable":true,"href":"https:\/\/franciscanos.org.br\/noticias\/wp-json\/wp\/v2\/media\/244863"}],"wp:attachment":[{"href":"https:\/\/franciscanos.org.br\/noticias\/wp-json\/wp\/v2\/media?parent=244862"}],"wp:term":[{"taxonomy":"category","embeddable":true,"href":"https:\/\/franciscanos.org.br\/noticias\/wp-json\/wp\/v2\/categories?post=244862"},{"taxonomy":"post_tag","embeddable":true,"href":"https:\/\/franciscanos.org.br\/noticias\/wp-json\/wp\/v2\/tags?post=244862"}],"curies":[{"name":"wp","href":"https:\/\/api.w.org\/{rel}","templated":true}]}}