{"id":244833,"date":"2023-09-24T18:35:22","date_gmt":"2023-09-24T21:35:22","guid":{"rendered":"https:\/\/franciscanos.org.br\/noticias\/?p=244833"},"modified":"2023-09-24T19:07:24","modified_gmt":"2023-09-24T22:07:24","slug":"nos-40-anos-da-jornada-franciscana-as-provocacoes-que-vem-dos-jubileus","status":"publish","type":"post","link":"https:\/\/franciscanos.org.br\/noticias\/nos-40-anos-da-jornada-franciscana-as-provocacoes-que-vem-dos-jubileus.html","title":{"rendered":"Nos 40 anos da Jornada Franciscana, as provoca\u00e7\u00f5es que v\u00eam dos Jubileus"},"content":{"rendered":"<p><img loading=\"lazy\" class=\"alignnone size-full wp-image-244834\" src=\"https:\/\/franciscanos.org.br\/noticias\/wp-content\/uploads\/2023\/09\/jornadasp_01.jpg\" alt=\"\" width=\"1280\" height=\"720\" srcset=\"https:\/\/franciscanos.org.br\/noticias\/wp-content\/uploads\/2023\/09\/jornadasp_01.jpg 1280w, https:\/\/franciscanos.org.br\/noticias\/wp-content\/uploads\/2023\/09\/jornadasp_01-450x253.jpg 450w, https:\/\/franciscanos.org.br\/noticias\/wp-content\/uploads\/2023\/09\/jornadasp_01-1024x576.jpg 1024w, https:\/\/franciscanos.org.br\/noticias\/wp-content\/uploads\/2023\/09\/jornadasp_01-768x432.jpg 768w, https:\/\/franciscanos.org.br\/noticias\/wp-content\/uploads\/2023\/09\/jornadasp_01-150x84.jpg 150w\" sizes=\"(max-width: 1280px) 100vw, 1280px\" \/><\/p>\n<p><strong>S\u00e3o Paulo (SP)<\/strong> &#8211; Os franciscanos e franciscanas do Regional S\u00e3o Paulo da CFFB (Confer\u00eancia da Fam\u00edlia Franciscana do Brasil) se reuniram neste domingo (24\/9) no CONSA (Col\u00e9gio Franciscano Nossa Senhora Aparecida), da Congrega\u00e7\u00e3o das Irm\u00e3s Franciscanas de Ingolstadt, para mais um encontro como acontece todos os anos no in\u00edcio da Primavera e das festividades do Ser\u00e1fico Pai Francisco.<\/p>\n<p>Esta Jornada Franciscana reuniu a Primeira Ordem &#8211; Ordem dos Frades Menores, Frades Menores Capuchinhos e Frades Menores Conventuais -, a Ordem Franciscana Secular, franciscanos e franciscanas de diferentes Institutos e Congrega\u00e7\u00f5es, a Jufra e simpatizantes de S\u00e3o Francisco e Santa Clara para um momento de reflex\u00e3o e confraterniza\u00e7\u00e3o.<\/p>\n<p>A anima\u00e7\u00e3o e apresenta\u00e7\u00f5es de todas as entidades esteve a cargo do coordenador da CFFB Regional de S\u00e3o Paulo, Alex Sandro Bastos Ferreira. &#8220;Meus irm\u00e3os e minhas irm\u00e3s, que alegria estarmos novamente nesta Jornada Franciscana. S\u00e3o muitas as congrega\u00e7\u00f5es, s\u00e3o muitas as fam\u00edlias religiosas, e tamb\u00e9m \u00e9 um motivo de alegria porque voltamos para esta casa das Irm\u00e3s de Ingolstadt que, em 40 anos da Jornada, acolheu muitos eventos aqui. A Jornada nasceu h\u00e1 40 anos para celebrar o 8\u00ba centen\u00e1rio de nascimento de S\u00e3o Francisco, em 1981&#8221;, explicou Alex. Nesses 40 anos de encontros presenciais (sendo dois on-line durante a pandemia).<\/p>\n<div id=\"attachment_244835\" style=\"width: 1290px\" class=\"wp-caption alignnone\"><img aria-describedby=\"caption-attachment-244835\" loading=\"lazy\" class=\"wp-image-244835 size-full\" src=\"https:\/\/franciscanos.org.br\/noticias\/wp-content\/uploads\/2023\/09\/jornadasp_06.jpg\" alt=\"\" width=\"1280\" height=\"900\" srcset=\"https:\/\/franciscanos.org.br\/noticias\/wp-content\/uploads\/2023\/09\/jornadasp_06.jpg 1280w, https:\/\/franciscanos.org.br\/noticias\/wp-content\/uploads\/2023\/09\/jornadasp_06-450x316.jpg 450w, https:\/\/franciscanos.org.br\/noticias\/wp-content\/uploads\/2023\/09\/jornadasp_06-1024x720.jpg 1024w, https:\/\/franciscanos.org.br\/noticias\/wp-content\/uploads\/2023\/09\/jornadasp_06-768x540.jpg 768w, https:\/\/franciscanos.org.br\/noticias\/wp-content\/uploads\/2023\/09\/jornadasp_06-150x105.jpg 150w, https:\/\/franciscanos.org.br\/noticias\/wp-content\/uploads\/2023\/09\/jornadasp_06-474x332.jpg 474w\" sizes=\"(max-width: 1280px) 100vw, 1280px\" \/><p id=\"caption-attachment-244835\" class=\"wp-caption-text\"><em>\u00a0Alex Sandro Bastos Ferreira, coordenador da CFFB Regional de S\u00e3o Paulo<\/em><\/p><\/div>\n<div id=\"attachment_244836\" style=\"width: 1290px\" class=\"wp-caption alignnone\"><img aria-describedby=\"caption-attachment-244836\" loading=\"lazy\" class=\"wp-image-244836 size-full\" src=\"https:\/\/franciscanos.org.br\/noticias\/wp-content\/uploads\/2023\/09\/jornadasp_11.jpg\" alt=\"\" width=\"1280\" height=\"960\" srcset=\"https:\/\/franciscanos.org.br\/noticias\/wp-content\/uploads\/2023\/09\/jornadasp_11.jpg 1280w, https:\/\/franciscanos.org.br\/noticias\/wp-content\/uploads\/2023\/09\/jornadasp_11-450x338.jpg 450w, https:\/\/franciscanos.org.br\/noticias\/wp-content\/uploads\/2023\/09\/jornadasp_11-1024x768.jpg 1024w, https:\/\/franciscanos.org.br\/noticias\/wp-content\/uploads\/2023\/09\/jornadasp_11-768x576.jpg 768w, https:\/\/franciscanos.org.br\/noticias\/wp-content\/uploads\/2023\/09\/jornadasp_11-150x113.jpg 150w, https:\/\/franciscanos.org.br\/noticias\/wp-content\/uploads\/2023\/09\/jornadasp_11-600x450.jpg 600w\" sizes=\"(max-width: 1280px) 100vw, 1280px\" \/><p id=\"caption-attachment-244836\" class=\"wp-caption-text\"><em>Frei George Matheus, OFMCap <\/em><\/p><\/div>\n<p>Depois da acolhida, teve in\u00edcio o Momento Celebrativo da Ecoespiritualidade e Frei George Matheus, OFMCap, fez a reflex\u00e3o. Na sequ\u00eancia, Alex fez um resumo dos Centen\u00e1rios Franciscanos da Ordem e, nas oficinas franciscanas, chamadas de Aldeias Franciscanas, os Jubileus da Regra Bulada e do Natal de Greccio foram os preferidos dos participantes. As oficinas tamb\u00e9m abordaram os temas da Anima\u00e7\u00e3o Vocacional; do Perfil do Educador Franciscano; do JPIC \u2013 Engajamento Socioambiental &#8211; Sefras; e da Pastoral da Moradia. Depois das oficinas, das 12h30 \u00e0s 14h, foi o momento de alimentar o irm\u00e3o corpo.<\/p>\n\n\t\t<style type=\"text\/css\">\n\t\t\t#gallery-1 {\n\t\t\t\tmargin: auto;\n\t\t\t}\n\t\t\t#gallery-1 .gallery-item {\n\t\t\t\tfloat: left;\n\t\t\t\tmargin-top: 10px;\n\t\t\t\ttext-align: center;\n\t\t\t\twidth: 14%;\n\t\t\t}\n\t\t\t#gallery-1 img {\n\t\t\t\tborder: 2px solid #cfcfcf;\n\t\t\t}\n\t\t\t#gallery-1 .gallery-caption {\n\t\t\t\tmargin-left: 0;\n\t\t\t}\n\t\t\t\/* see gallery_shortcode() in wp-includes\/media.php *\/\n\t\t<\/style>\n\t\t<div id='gallery-1' class='gallery galleryid-244833 gallery-columns-7 gallery-size-thumbnail'><dl class='gallery-item'>\n\t\t\t<dt class='gallery-icon landscape'>\n\t\t\t\t<a href='https:\/\/franciscanos.org.br\/noticias\/wp-content\/uploads\/2023\/09\/jornadasp_13.jpg'><img width=\"300\" height=\"300\" src=\"https:\/\/franciscanos.org.br\/noticias\/wp-content\/uploads\/2023\/09\/jornadasp_13-300x300.jpg\" class=\"attachment-thumbnail size-thumbnail\" alt=\"\" loading=\"lazy\" srcset=\"https:\/\/franciscanos.org.br\/noticias\/wp-content\/uploads\/2023\/09\/jornadasp_13-300x300.jpg 300w, https:\/\/franciscanos.org.br\/noticias\/wp-content\/uploads\/2023\/09\/jornadasp_13-100x100.jpg 100w\" sizes=\"(max-width: 300px) 100vw, 300px\" \/><\/a>\n\t\t\t<\/dt><\/dl><dl class='gallery-item'>\n\t\t\t<dt class='gallery-icon landscape'>\n\t\t\t\t<a href='https:\/\/franciscanos.org.br\/noticias\/wp-content\/uploads\/2023\/09\/jornadasp_12.jpg'><img width=\"300\" height=\"300\" src=\"https:\/\/franciscanos.org.br\/noticias\/wp-content\/uploads\/2023\/09\/jornadasp_12-300x300.jpg\" class=\"attachment-thumbnail size-thumbnail\" alt=\"\" loading=\"lazy\" srcset=\"https:\/\/franciscanos.org.br\/noticias\/wp-content\/uploads\/2023\/09\/jornadasp_12-300x300.jpg 300w, https:\/\/franciscanos.org.br\/noticias\/wp-content\/uploads\/2023\/09\/jornadasp_12-100x100.jpg 100w\" sizes=\"(max-width: 300px) 100vw, 300px\" \/><\/a>\n\t\t\t<\/dt><\/dl><dl class='gallery-item'>\n\t\t\t<dt class='gallery-icon landscape'>\n\t\t\t\t<a href='https:\/\/franciscanos.org.br\/noticias\/wp-content\/uploads\/2023\/09\/jornadasp_09.jpg'><img width=\"300\" height=\"300\" src=\"https:\/\/franciscanos.org.br\/noticias\/wp-content\/uploads\/2023\/09\/jornadasp_09-300x300.jpg\" class=\"attachment-thumbnail size-thumbnail\" alt=\"\" loading=\"lazy\" srcset=\"https:\/\/franciscanos.org.br\/noticias\/wp-content\/uploads\/2023\/09\/jornadasp_09-300x300.jpg 300w, https:\/\/franciscanos.org.br\/noticias\/wp-content\/uploads\/2023\/09\/jornadasp_09-100x100.jpg 100w\" sizes=\"(max-width: 300px) 100vw, 300px\" \/><\/a>\n\t\t\t<\/dt><\/dl><dl class='gallery-item'>\n\t\t\t<dt class='gallery-icon landscape'>\n\t\t\t\t<a href='https:\/\/franciscanos.org.br\/noticias\/wp-content\/uploads\/2023\/09\/jornadasp_08.jpg'><img width=\"300\" height=\"300\" src=\"https:\/\/franciscanos.org.br\/noticias\/wp-content\/uploads\/2023\/09\/jornadasp_08-300x300.jpg\" class=\"attachment-thumbnail size-thumbnail\" alt=\"\" loading=\"lazy\" srcset=\"https:\/\/franciscanos.org.br\/noticias\/wp-content\/uploads\/2023\/09\/jornadasp_08-300x300.jpg 300w, https:\/\/franciscanos.org.br\/noticias\/wp-content\/uploads\/2023\/09\/jornadasp_08-100x100.jpg 100w\" sizes=\"(max-width: 300px) 100vw, 300px\" \/><\/a>\n\t\t\t<\/dt><\/dl><dl class='gallery-item'>\n\t\t\t<dt class='gallery-icon landscape'>\n\t\t\t\t<a href='https:\/\/franciscanos.org.br\/noticias\/wp-content\/uploads\/2023\/09\/jornadasp_07.jpg'><img width=\"300\" height=\"300\" src=\"https:\/\/franciscanos.org.br\/noticias\/wp-content\/uploads\/2023\/09\/jornadasp_07-300x300.jpg\" class=\"attachment-thumbnail size-thumbnail\" alt=\"\" loading=\"lazy\" srcset=\"https:\/\/franciscanos.org.br\/noticias\/wp-content\/uploads\/2023\/09\/jornadasp_07-300x300.jpg 300w, https:\/\/franciscanos.org.br\/noticias\/wp-content\/uploads\/2023\/09\/jornadasp_07-100x100.jpg 100w\" sizes=\"(max-width: 300px) 100vw, 300px\" \/><\/a>\n\t\t\t<\/dt><\/dl><dl class='gallery-item'>\n\t\t\t<dt class='gallery-icon landscape'>\n\t\t\t\t<a href='https:\/\/franciscanos.org.br\/noticias\/wp-content\/uploads\/2023\/09\/jornadasp_04.jpg'><img width=\"300\" height=\"300\" src=\"https:\/\/franciscanos.org.br\/noticias\/wp-content\/uploads\/2023\/09\/jornadasp_04-300x300.jpg\" class=\"attachment-thumbnail size-thumbnail\" alt=\"\" loading=\"lazy\" srcset=\"https:\/\/franciscanos.org.br\/noticias\/wp-content\/uploads\/2023\/09\/jornadasp_04-300x300.jpg 300w, https:\/\/franciscanos.org.br\/noticias\/wp-content\/uploads\/2023\/09\/jornadasp_04-100x100.jpg 100w\" sizes=\"(max-width: 300px) 100vw, 300px\" \/><\/a>\n\t\t\t<\/dt><\/dl><dl class='gallery-item'>\n\t\t\t<dt class='gallery-icon landscape'>\n\t\t\t\t<a href='https:\/\/franciscanos.org.br\/noticias\/wp-content\/uploads\/2023\/09\/jornadasp_03.jpg'><img width=\"300\" height=\"300\" src=\"https:\/\/franciscanos.org.br\/noticias\/wp-content\/uploads\/2023\/09\/jornadasp_03-300x300.jpg\" class=\"attachment-thumbnail size-thumbnail\" alt=\"\" loading=\"lazy\" srcset=\"https:\/\/franciscanos.org.br\/noticias\/wp-content\/uploads\/2023\/09\/jornadasp_03-300x300.jpg 300w, https:\/\/franciscanos.org.br\/noticias\/wp-content\/uploads\/2023\/09\/jornadasp_03-100x100.jpg 100w\" sizes=\"(max-width: 300px) 100vw, 300px\" \/><\/a>\n\t\t\t<\/dt><\/dl><br style=\"clear: both\" \/>\n\t\t<\/div>\n\n<p><em>(toque nas imagens para ampli\u00e1-las)<\/em><\/p>\n<p>A Fam\u00edlia Franciscana est\u00e1 celebrando os seguintes Jubileus de 800 anos:\u00a0 a Regra Bulada e o Natal de Greccio, em 2023; a Impress\u00e3o dos Estigmas de S\u00e3o Francisco de Assis, em 2024; o C\u00e2ntico das Criaturas, em 2025; e a P\u00e1scoa de S\u00e3o Francisco, em 2026.<\/p>\n<h3><strong>REGRA DE VIDA<\/strong><\/h3>\n<p>Frei Fid\u00eancio Vanboemmel fez a reflex\u00e3o do Jubileu da Regra Bulada. &#8220;Toda vez que a gente celebra um jubileu, por exemplo, um jubileu de matrim\u00f4nio ou o jubileu de uma igreja, de uma fraternidade, vai fazer o que em primeiro lugar? &#8216;Cavocar&#8217; a sua hist\u00f3ria e o que aconteceu nesses 800 anos. A gente vai tentar trazer para o presente tudo aquilo que foi se construindo ao longo da hist\u00f3ria. Ent\u00e3o, o que vamos dizer da hist\u00f3ria de 800 anos? Como \u00e9 que esse projeto de 800 anos sobreviveu ao longo desses 800 anos? Foi f\u00e1cil? Foi tranquilo? N\u00e3o! Quantas discuss\u00f5es, brigas hist\u00f3ricas, at\u00e9 divis\u00f5es n\u00f3s vimos. Mas uma coisa muito bonita est\u00e1 a\u00ed: &#8216;A Regra dos Frades Menores \u00e9 esta: observar o Evangelho de Nosso Senhor Jesus Cristo'&#8221;, contextualizou.<\/p>\n<p><img loading=\"lazy\" class=\"alignnone size-full wp-image-244844\" src=\"https:\/\/franciscanos.org.br\/noticias\/wp-content\/uploads\/2023\/09\/jornadasp_02.jpg\" alt=\"\" width=\"1280\" height=\"767\" srcset=\"https:\/\/franciscanos.org.br\/noticias\/wp-content\/uploads\/2023\/09\/jornadasp_02.jpg 1280w, https:\/\/franciscanos.org.br\/noticias\/wp-content\/uploads\/2023\/09\/jornadasp_02-450x270.jpg 450w, https:\/\/franciscanos.org.br\/noticias\/wp-content\/uploads\/2023\/09\/jornadasp_02-1024x614.jpg 1024w, https:\/\/franciscanos.org.br\/noticias\/wp-content\/uploads\/2023\/09\/jornadasp_02-768x460.jpg 768w, https:\/\/franciscanos.org.br\/noticias\/wp-content\/uploads\/2023\/09\/jornadasp_02-150x90.jpg 150w\" sizes=\"(max-width: 1280px) 100vw, 1280px\" \/><\/p>\n\n\t\t<style type=\"text\/css\">\n\t\t\t#gallery-2 {\n\t\t\t\tmargin: auto;\n\t\t\t}\n\t\t\t#gallery-2 .gallery-item {\n\t\t\t\tfloat: left;\n\t\t\t\tmargin-top: 10px;\n\t\t\t\ttext-align: center;\n\t\t\t\twidth: 25%;\n\t\t\t}\n\t\t\t#gallery-2 img {\n\t\t\t\tborder: 2px solid #cfcfcf;\n\t\t\t}\n\t\t\t#gallery-2 .gallery-caption {\n\t\t\t\tmargin-left: 0;\n\t\t\t}\n\t\t\t\/* see gallery_shortcode() in wp-includes\/media.php *\/\n\t\t<\/style>\n\t\t<div id='gallery-2' class='gallery galleryid-244833 gallery-columns-4 gallery-size-thumbnail'><dl class='gallery-item'>\n\t\t\t<dt class='gallery-icon landscape'>\n\t\t\t\t<a href='https:\/\/franciscanos.org.br\/noticias\/wp-content\/uploads\/2023\/09\/jornadasp_16.jpg'><img width=\"300\" height=\"300\" src=\"https:\/\/franciscanos.org.br\/noticias\/wp-content\/uploads\/2023\/09\/jornadasp_16-300x300.jpg\" class=\"attachment-thumbnail size-thumbnail\" alt=\"\" loading=\"lazy\" srcset=\"https:\/\/franciscanos.org.br\/noticias\/wp-content\/uploads\/2023\/09\/jornadasp_16-300x300.jpg 300w, https:\/\/franciscanos.org.br\/noticias\/wp-content\/uploads\/2023\/09\/jornadasp_16-100x100.jpg 100w\" sizes=\"(max-width: 300px) 100vw, 300px\" \/><\/a>\n\t\t\t<\/dt><\/dl><dl class='gallery-item'>\n\t\t\t<dt class='gallery-icon landscape'>\n\t\t\t\t<a href='https:\/\/franciscanos.org.br\/noticias\/wp-content\/uploads\/2023\/09\/jornadasp_17.jpg'><img width=\"300\" height=\"300\" src=\"https:\/\/franciscanos.org.br\/noticias\/wp-content\/uploads\/2023\/09\/jornadasp_17-300x300.jpg\" class=\"attachment-thumbnail size-thumbnail\" alt=\"\" loading=\"lazy\" srcset=\"https:\/\/franciscanos.org.br\/noticias\/wp-content\/uploads\/2023\/09\/jornadasp_17-300x300.jpg 300w, https:\/\/franciscanos.org.br\/noticias\/wp-content\/uploads\/2023\/09\/jornadasp_17-100x100.jpg 100w\" sizes=\"(max-width: 300px) 100vw, 300px\" \/><\/a>\n\t\t\t<\/dt><\/dl><dl class='gallery-item'>\n\t\t\t<dt class='gallery-icon landscape'>\n\t\t\t\t<a href='https:\/\/franciscanos.org.br\/noticias\/wp-content\/uploads\/2023\/09\/jornadasp_18.jpg'><img width=\"300\" height=\"300\" src=\"https:\/\/franciscanos.org.br\/noticias\/wp-content\/uploads\/2023\/09\/jornadasp_18-300x300.jpg\" class=\"attachment-thumbnail size-thumbnail\" alt=\"\" loading=\"lazy\" srcset=\"https:\/\/franciscanos.org.br\/noticias\/wp-content\/uploads\/2023\/09\/jornadasp_18-300x300.jpg 300w, https:\/\/franciscanos.org.br\/noticias\/wp-content\/uploads\/2023\/09\/jornadasp_18-100x100.jpg 100w\" sizes=\"(max-width: 300px) 100vw, 300px\" \/><\/a>\n\t\t\t<\/dt><\/dl><dl class='gallery-item'>\n\t\t\t<dt class='gallery-icon landscape'>\n\t\t\t\t<a href='https:\/\/franciscanos.org.br\/noticias\/wp-content\/uploads\/2023\/09\/jornadasp_19.jpg'><img width=\"300\" height=\"300\" src=\"https:\/\/franciscanos.org.br\/noticias\/wp-content\/uploads\/2023\/09\/jornadasp_19-300x300.jpg\" class=\"attachment-thumbnail size-thumbnail\" alt=\"\" loading=\"lazy\" srcset=\"https:\/\/franciscanos.org.br\/noticias\/wp-content\/uploads\/2023\/09\/jornadasp_19-300x300.jpg 300w, https:\/\/franciscanos.org.br\/noticias\/wp-content\/uploads\/2023\/09\/jornadasp_19-100x100.jpg 100w\" sizes=\"(max-width: 300px) 100vw, 300px\" \/><\/a>\n\t\t\t<\/dt><\/dl><br style=\"clear: both\" \/>\n\t\t<\/div>\n\n<p><em>(toque nas imagens menores para ampli\u00e1-las)<\/em><\/p>\n<p>Para o frade, celebrar os 800 anos da Regra Bulada pode, talvez num primeiro momento, trazer um perigo para n\u00f3s. &#8220;Eu estava na Rodovia Ayrton Senna e vi um retrovisor dependurado. Precisamos do retrovisor, pois ajuda a ver \u00e1reas que n\u00e3o s\u00e3o vistas diretamente. Uma vez fiz uma foto muito bonita. Estava saindo de Assis, olhei no retrovisor do carro e vi espelhada a cidade de Assis inteira. Imediatamente bati a foto. Ainda guardo com carinho ela&#8221;, recordou.<\/p>\n<p>&#8220;Ent\u00e3o, celebrar 800 anos da Regra pode ser uma tenta\u00e7\u00e3o de olhar para esse retrovisor e falar: gente que hist\u00f3ria bonita! Quantas santas e santos! Quanto essa hist\u00f3ria contribuiu para a ci\u00eancia da Teologia, o quanto essa hist\u00f3ria contribuiu, a partir da espiritualidade de S\u00e3o Francisco de Assis, para as Miss\u00f5es, para o progresso dos povos. Se n\u00f3s estamos todos no mesmo barco, n\u00e3o podemos permanecer com os olhos fixos apenas no retrovisor. Devemos nos perguntar o que essa hist\u00f3ria significa para n\u00f3s, franciscanos e franciscanas, no tempo presente? O quanto n\u00f3s estamos redescobrindo aqueles valores evang\u00e9licos que S\u00e3o Francisco estatuiu na Regra Bulada? Olhar para esse retrovisor significa, parafraseando o Papa Francisco, que devemos olhar, sim, para esses 800 anos com gratid\u00e3o. Dizer a Deus muito obrigado por nosso Pai Francisco ter lan\u00e7ado para n\u00f3s um projeto evang\u00e9lico, um projeto emoldurado pelo Evangelho. N\u00e3o um projeto qualquer. \u00c9 um projeto escrito na moldura do Evangelho&#8221;, ressaltou.<\/p>\n<p><img loading=\"lazy\" class=\"alignnone size-full wp-image-244849\" src=\"https:\/\/franciscanos.org.br\/noticias\/wp-content\/uploads\/2023\/09\/jornadasp_10.jpg\" alt=\"\" width=\"1280\" height=\"860\" srcset=\"https:\/\/franciscanos.org.br\/noticias\/wp-content\/uploads\/2023\/09\/jornadasp_10.jpg 1280w, https:\/\/franciscanos.org.br\/noticias\/wp-content\/uploads\/2023\/09\/jornadasp_10-450x302.jpg 450w, https:\/\/franciscanos.org.br\/noticias\/wp-content\/uploads\/2023\/09\/jornadasp_10-1024x688.jpg 1024w, https:\/\/franciscanos.org.br\/noticias\/wp-content\/uploads\/2023\/09\/jornadasp_10-768x516.jpg 768w, https:\/\/franciscanos.org.br\/noticias\/wp-content\/uploads\/2023\/09\/jornadasp_10-150x101.jpg 150w\" sizes=\"(max-width: 1280px) 100vw, 1280px\" \/><\/p>\n<p>&#8220;Celebrar 800 anos \u00e9 viver o presente com paix\u00e3o. Sem paix\u00e3o n\u00e3o conseguimos viver. Significa viver sem o amor pelo carisma. Olhar para esse retrovisor nos faz viver o presente com paix\u00e3o e, ao mesmo tempo, esse projeto nos remete para frente: olhar para o futuro com esperan\u00e7a. Ou seja, n\u00f3s temos um futuro a reconstruir. O texto escrito h\u00e1 800 anos n\u00e3o \u00e9 um texto morto&#8221;, explicou o frade.<\/p>\n<p>Segundo ele, Francisco foi muito s\u00e1bio ao escrever a Regra, a forma de vida, que diz: &#8220;A vida\u00a0 e a Regra dos Irm\u00e3os Menores \u00e9 esta: Viver o Santo Evangelho de Nosso Senhor Jesus Cristo&#8221;. Portanto, para Frei Fid\u00eancio, o Evangelho \u00e9 a chave de abertura para esta forma de vida. &#8220;E a\u00ed ent\u00e3o, na Regra, ele vai colocando os elementos essenciais para bem vivermos franciscanamente esta forma de vida. E termina depois dizendo: &#8216;Para que permane\u00e7amos sempre fi\u00e9is ao Evangelho de Nosso Senhor Jesus Cristo que n\u00f3s prometemos&#8217;. Ou seja, essa \u00e9 a moldura do Evangelho&#8221;, frisou Frei Fid\u00eancio.<\/p>\n<p>&#8220;Essa Regra continua como provoca\u00e7\u00e3o. Como podemos viver nos dias atuais esse mesmo ideal projetado por S\u00e3o Francisco?&#8221;, completou Frei Fid\u00eancio.<\/p>\n<p><strong> <img loading=\"lazy\" class=\"alignnone size-full wp-image-244850\" src=\"https:\/\/franciscanos.org.br\/noticias\/wp-content\/uploads\/2023\/09\/jornadasp_05.jpg\" alt=\"\" width=\"1280\" height=\"855\" srcset=\"https:\/\/franciscanos.org.br\/noticias\/wp-content\/uploads\/2023\/09\/jornadasp_05.jpg 1280w, https:\/\/franciscanos.org.br\/noticias\/wp-content\/uploads\/2023\/09\/jornadasp_05-450x301.jpg 450w, https:\/\/franciscanos.org.br\/noticias\/wp-content\/uploads\/2023\/09\/jornadasp_05-1024x684.jpg 1024w, https:\/\/franciscanos.org.br\/noticias\/wp-content\/uploads\/2023\/09\/jornadasp_05-768x513.jpg 768w, https:\/\/franciscanos.org.br\/noticias\/wp-content\/uploads\/2023\/09\/jornadasp_05-150x100.jpg 150w\" sizes=\"(max-width: 1280px) 100vw, 1280px\" \/><\/strong><\/p>\n<h3><strong>JUFRA E MISSA<\/strong><\/h3>\n<p>\u00c0s 14h30 foi realizado um Momento Celebrativo para recordar os 50 anos da Jufra em S\u00e3o Paulo. A Jornada terminou com a Celebra\u00e7\u00e3o Eucar\u00edstica, \u00e0s 15 horas, presidida por Dom Carlos Silva, OFMCap, Bispo Auxiliar de S\u00e3o Paulo para a Regi\u00e3o Episcopal Brasil\u00e2ndia. Concelebraram o Ministro Provincial dos Frades Menores Conventuais, Frei Jos\u00e9 Hugo da Silva Santos; o Frei Agostinho Odorizzi, Ministro Provincial da Terceira Ordem Regular de S\u00e3o Francisco de Assis; e o Definidor Provincial e ex-Ministro Provincial, Frei Fid\u00eancio Vanboemmel.<\/p>\n<p>Na sua homilia, Dom Carlos saudou a todos. &#8220;\u00c9 uma alegria rever tanta gente, tantos amigos e amigas de caminhada. Tantos homens e mulheres que continuam persistindo no caminho. Citando Dom H\u00e9lder C\u00e2mara disse: &#8216;\u00c9 gra\u00e7a divina come\u00e7ar bem. Mas gra\u00e7a das gra\u00e7as \u00e9 \u00e9 ser fiel at\u00e9 o fim. Que Deus nos conceda ent\u00e3o a fidelidade cada vez mais'&#8221;, disse.<\/p>\n<p>Segundo o bispo, a nossa vida s\u00f3 pode ser compreendida se olharmos para tr\u00e1s. &#8220;Mas s\u00f3 pode ser bem vivida se olharmos para frente&#8221;, emendou.<\/p>\n<p><img loading=\"lazy\" class=\"alignnone size-full wp-image-244852\" src=\"https:\/\/franciscanos.org.br\/noticias\/wp-content\/uploads\/2023\/09\/jornadasp_14.jpg\" alt=\"\" width=\"1280\" height=\"625\" srcset=\"https:\/\/franciscanos.org.br\/noticias\/wp-content\/uploads\/2023\/09\/jornadasp_14.jpg 1280w, https:\/\/franciscanos.org.br\/noticias\/wp-content\/uploads\/2023\/09\/jornadasp_14-450x220.jpg 450w, https:\/\/franciscanos.org.br\/noticias\/wp-content\/uploads\/2023\/09\/jornadasp_14-1024x500.jpg 1024w, https:\/\/franciscanos.org.br\/noticias\/wp-content\/uploads\/2023\/09\/jornadasp_14-768x375.jpg 768w, https:\/\/franciscanos.org.br\/noticias\/wp-content\/uploads\/2023\/09\/jornadasp_14-150x73.jpg 150w\" sizes=\"(max-width: 1280px) 100vw, 1280px\" \/><\/p>\n<p>Sobre o Evangelho de hoje, eu lembrei da m\u00fasica de Pe. Zezinho: &#8220;Quando Jesus passar&#8230;eu quero estar no meu lugar&#8221;. Quando ele passou na sua vida?&#8221;, perguntou. Ele recordou que S\u00e3o Francisco era um filhinho de papai, que foi para a guerra, tinha 23 ou 24 anos, segundo a hist\u00f3ria, quando foi chamado por Deus. Olhe Paulo, perseguidor de crist\u00e3os. Ent\u00e3o, que horas Jesus passou em sua vida?&#8221;, refor\u00e7ou a pergunta.<\/p>\n<p><img loading=\"lazy\" class=\"alignnone size-full wp-image-244851\" src=\"https:\/\/franciscanos.org.br\/noticias\/wp-content\/uploads\/2023\/09\/jornadasp_15.jpg\" alt=\"\" width=\"1280\" height=\"960\" srcset=\"https:\/\/franciscanos.org.br\/noticias\/wp-content\/uploads\/2023\/09\/jornadasp_15.jpg 1280w, https:\/\/franciscanos.org.br\/noticias\/wp-content\/uploads\/2023\/09\/jornadasp_15-450x338.jpg 450w, https:\/\/franciscanos.org.br\/noticias\/wp-content\/uploads\/2023\/09\/jornadasp_15-1024x768.jpg 1024w, https:\/\/franciscanos.org.br\/noticias\/wp-content\/uploads\/2023\/09\/jornadasp_15-768x576.jpg 768w, https:\/\/franciscanos.org.br\/noticias\/wp-content\/uploads\/2023\/09\/jornadasp_15-150x113.jpg 150w, https:\/\/franciscanos.org.br\/noticias\/wp-content\/uploads\/2023\/09\/jornadasp_15-600x450.jpg 600w\" sizes=\"(max-width: 1280px) 100vw, 1280px\" \/><\/p>\n<p>Ent\u00e3o, segundo o bispo, o Evangelho de hoje, nessa 40\u00aa Jornada nos faz relembrar que horas Deus nos chama. Ele recordou a mensagem do Papa Francisco no <em>Angelus<\/em> deste domingo ao falar do Evangelho: &#8220;A justi\u00e7a humana diz para &#8216;dar a cada um o que merece&#8217;, enquanto a justi\u00e7a de Deus n\u00e3o mede o amor na balan\u00e7a dos nossos rendimentos, dos nossos desempenhos ou dos nossos fracassos: Deus nos ama e basta, ama-nos porque somos filhos, e o faz com amor incondicional e gratuito'&#8221;.<\/p>\n<p>&#8220;N\u00f3s somos chamados para amar e amar \u00e9 servi\u00e7o&#8221;, disse D. Carlos. &#8220;E tenhamos a sensibilidade que teve Francisco de Assis de trazer a sensibilidade da Encarna\u00e7\u00e3o no meio daqueles queridos e amados por Deus. E que Deus nos d\u00ea a gra\u00e7a de viver \u00e0 altura do Evangelho. E como a gente vive \u00e0 altura?&#8221;, perguntou, puxando o canto de Pe. Zezinho: &#8220;Amar como Jesus amou, sonhar como Jesus sonhou, pensar como Jesus pensou, viver como Jesus viveu. Sentir o que Jesus sentia, sorrir como Jesus sorria e ao chegar ao fim do dia eu sei que eu dormiria muito mais feliz&#8230;&#8221;.<\/p>\n<hr \/>\n<p><em>Moacir Beggo e Frei Gabriel Alves, OFMCap<\/em><\/p>\n","protected":false},"excerpt":{"rendered":"<p>40\u00aa Jornada Franciscana <\/p>\n","protected":false},"author":3,"featured_media":244834,"comment_status":"open","ping_status":"open","sticky":false,"template":"","format":"standard","meta":[],"categories":[1],"tags":[436],"acf":[],"yoast_head":"<!-- This site is optimized with the Yoast SEO plugin v19.2 - https:\/\/yoast.com\/wordpress\/plugins\/seo\/ -->\n<title>Nos 40 anos da Jornada Franciscana, as provoca\u00e7\u00f5es que v\u00eam dos Jubileus - Not\u00edcias - Franciscanos<\/title>\n<meta name=\"robots\" content=\"index, follow, max-snippet:-1, max-image-preview:large, max-video-preview:-1\" \/>\n<link rel=\"canonical\" href=\"https:\/\/franciscanos.org.br\/noticias\/nos-40-anos-da-jornada-franciscana-as-provocacoes-que-vem-dos-jubileus.html\" \/>\n<meta property=\"og:locale\" content=\"pt_BR\" \/>\n<meta property=\"og:type\" content=\"article\" \/>\n<meta property=\"og:title\" content=\"Nos 40 anos da Jornada Franciscana, as provoca\u00e7\u00f5es que v\u00eam dos Jubileus - Not\u00edcias - Franciscanos\" \/>\n<meta property=\"og:description\" content=\"40\u00aa Jornada Franciscana\" \/>\n<meta property=\"og:url\" content=\"https:\/\/franciscanos.org.br\/noticias\/nos-40-anos-da-jornada-franciscana-as-provocacoes-que-vem-dos-jubileus.html\" \/>\n<meta property=\"og:site_name\" content=\"Not\u00edcias - Franciscanos\" \/>\n<meta property=\"article:published_time\" content=\"2023-09-24T21:35:22+00:00\" \/>\n<meta property=\"article:modified_time\" content=\"2023-09-24T22:07:24+00:00\" \/>\n<meta property=\"og:image\" content=\"https:\/\/franciscanos.org.br\/noticias\/wp-content\/uploads\/2023\/09\/jornadasp_01.jpg\" \/>\n\t<meta property=\"og:image:width\" content=\"1280\" \/>\n\t<meta property=\"og:image:height\" content=\"720\" \/>\n\t<meta property=\"og:image:type\" content=\"image\/jpeg\" \/>\n<meta name=\"author\" content=\"moacir\" \/>\n<meta name=\"twitter:card\" content=\"summary_large_image\" \/>\n<meta name=\"twitter:label1\" content=\"Escrito por\" \/>\n\t<meta name=\"twitter:data1\" content=\"moacir\" \/>\n\t<meta name=\"twitter:label2\" content=\"Est. tempo de leitura\" \/>\n\t<meta name=\"twitter:data2\" content=\"7 minutos\" \/>\n<script type=\"application\/ld+json\" class=\"yoast-schema-graph\">{\"@context\":\"https:\/\/schema.org\",\"@graph\":[{\"@type\":\"WebSite\",\"@id\":\"https:\/\/franciscanos.org.br\/noticias\/#website\",\"url\":\"https:\/\/franciscanos.org.br\/noticias\/\",\"name\":\"Not\u00edcias - Franciscanos\",\"description\":\"Prov\u00edncia Franciscana da Imaculada Concei\u00e7\u00e3o do Brasil - Ordem dos Frades Menores - OFM\",\"potentialAction\":[{\"@type\":\"SearchAction\",\"target\":{\"@type\":\"EntryPoint\",\"urlTemplate\":\"https:\/\/franciscanos.org.br\/noticias\/?s={search_term_string}\"},\"query-input\":\"required name=search_term_string\"}],\"inLanguage\":\"pt-BR\"},{\"@type\":\"ImageObject\",\"inLanguage\":\"pt-BR\",\"@id\":\"https:\/\/franciscanos.org.br\/noticias\/nos-40-anos-da-jornada-franciscana-as-provocacoes-que-vem-dos-jubileus.html#primaryimage\",\"url\":\"https:\/\/franciscanos.org.br\/noticias\/wp-content\/uploads\/2023\/09\/jornadasp_01.jpg\",\"contentUrl\":\"https:\/\/franciscanos.org.br\/noticias\/wp-content\/uploads\/2023\/09\/jornadasp_01.jpg\",\"width\":1280,\"height\":720},{\"@type\":\"WebPage\",\"@id\":\"https:\/\/franciscanos.org.br\/noticias\/nos-40-anos-da-jornada-franciscana-as-provocacoes-que-vem-dos-jubileus.html#webpage\",\"url\":\"https:\/\/franciscanos.org.br\/noticias\/nos-40-anos-da-jornada-franciscana-as-provocacoes-que-vem-dos-jubileus.html\",\"name\":\"Nos 40 anos da Jornada Franciscana, as provoca\u00e7\u00f5es que v\u00eam dos Jubileus - Not\u00edcias - Franciscanos\",\"isPartOf\":{\"@id\":\"https:\/\/franciscanos.org.br\/noticias\/#website\"},\"primaryImageOfPage\":{\"@id\":\"https:\/\/franciscanos.org.br\/noticias\/nos-40-anos-da-jornada-franciscana-as-provocacoes-que-vem-dos-jubileus.html#primaryimage\"},\"datePublished\":\"2023-09-24T21:35:22+00:00\",\"dateModified\":\"2023-09-24T22:07:24+00:00\",\"author\":{\"@id\":\"https:\/\/franciscanos.org.br\/noticias\/#\/schema\/person\/b5c8cba458c330ccff548b056e95a5d4\"},\"breadcrumb\":{\"@id\":\"https:\/\/franciscanos.org.br\/noticias\/nos-40-anos-da-jornada-franciscana-as-provocacoes-que-vem-dos-jubileus.html#breadcrumb\"},\"inLanguage\":\"pt-BR\",\"potentialAction\":[{\"@type\":\"ReadAction\",\"target\":[\"https:\/\/franciscanos.org.br\/noticias\/nos-40-anos-da-jornada-franciscana-as-provocacoes-que-vem-dos-jubileus.html\"]}]},{\"@type\":\"BreadcrumbList\",\"@id\":\"https:\/\/franciscanos.org.br\/noticias\/nos-40-anos-da-jornada-franciscana-as-provocacoes-que-vem-dos-jubileus.html#breadcrumb\",\"itemListElement\":[{\"@type\":\"ListItem\",\"position\":1,\"name\":\"Home\",\"item\":\"https:\/\/franciscanos.org.br\/noticias\"},{\"@type\":\"ListItem\",\"position\":2,\"name\":\"Nos 40 anos da Jornada Franciscana, as provoca\u00e7\u00f5es que v\u00eam dos Jubileus\"}]},{\"@type\":\"Person\",\"@id\":\"https:\/\/franciscanos.org.br\/noticias\/#\/schema\/person\/b5c8cba458c330ccff548b056e95a5d4\",\"name\":\"moacir\",\"image\":{\"@type\":\"ImageObject\",\"inLanguage\":\"pt-BR\",\"@id\":\"https:\/\/franciscanos.org.br\/noticias\/#\/schema\/person\/image\/\",\"url\":\"https:\/\/secure.gravatar.com\/avatar\/d08aa2ce4c8dd416d4479aa8536fcf64?s=96&d=mm&r=g\",\"contentUrl\":\"https:\/\/secure.gravatar.com\/avatar\/d08aa2ce4c8dd416d4479aa8536fcf64?s=96&d=mm&r=g\",\"caption\":\"moacir\"},\"url\":\"https:\/\/franciscanos.org.br\/noticias\/author\/moacir\"}]}<\/script>\n<!-- \/ Yoast SEO plugin. -->","yoast_head_json":{"title":"Nos 40 anos da Jornada Franciscana, as provoca\u00e7\u00f5es que v\u00eam dos Jubileus - Not\u00edcias - Franciscanos","robots":{"index":"index","follow":"follow","max-snippet":"max-snippet:-1","max-image-preview":"max-image-preview:large","max-video-preview":"max-video-preview:-1"},"canonical":"https:\/\/franciscanos.org.br\/noticias\/nos-40-anos-da-jornada-franciscana-as-provocacoes-que-vem-dos-jubileus.html","og_locale":"pt_BR","og_type":"article","og_title":"Nos 40 anos da Jornada Franciscana, as provoca\u00e7\u00f5es que v\u00eam dos Jubileus - Not\u00edcias - Franciscanos","og_description":"40\u00aa Jornada Franciscana","og_url":"https:\/\/franciscanos.org.br\/noticias\/nos-40-anos-da-jornada-franciscana-as-provocacoes-que-vem-dos-jubileus.html","og_site_name":"Not\u00edcias - Franciscanos","article_published_time":"2023-09-24T21:35:22+00:00","article_modified_time":"2023-09-24T22:07:24+00:00","og_image":[{"width":1280,"height":720,"url":"https:\/\/franciscanos.org.br\/noticias\/wp-content\/uploads\/2023\/09\/jornadasp_01.jpg","type":"image\/jpeg"}],"author":"moacir","twitter_card":"summary_large_image","twitter_misc":{"Escrito por":"moacir","Est. tempo de leitura":"7 minutos"},"schema":{"@context":"https:\/\/schema.org","@graph":[{"@type":"WebSite","@id":"https:\/\/franciscanos.org.br\/noticias\/#website","url":"https:\/\/franciscanos.org.br\/noticias\/","name":"Not\u00edcias - Franciscanos","description":"Prov\u00edncia Franciscana da Imaculada Concei\u00e7\u00e3o do Brasil - Ordem dos Frades Menores - OFM","potentialAction":[{"@type":"SearchAction","target":{"@type":"EntryPoint","urlTemplate":"https:\/\/franciscanos.org.br\/noticias\/?s={search_term_string}"},"query-input":"required name=search_term_string"}],"inLanguage":"pt-BR"},{"@type":"ImageObject","inLanguage":"pt-BR","@id":"https:\/\/franciscanos.org.br\/noticias\/nos-40-anos-da-jornada-franciscana-as-provocacoes-que-vem-dos-jubileus.html#primaryimage","url":"https:\/\/franciscanos.org.br\/noticias\/wp-content\/uploads\/2023\/09\/jornadasp_01.jpg","contentUrl":"https:\/\/franciscanos.org.br\/noticias\/wp-content\/uploads\/2023\/09\/jornadasp_01.jpg","width":1280,"height":720},{"@type":"WebPage","@id":"https:\/\/franciscanos.org.br\/noticias\/nos-40-anos-da-jornada-franciscana-as-provocacoes-que-vem-dos-jubileus.html#webpage","url":"https:\/\/franciscanos.org.br\/noticias\/nos-40-anos-da-jornada-franciscana-as-provocacoes-que-vem-dos-jubileus.html","name":"Nos 40 anos da Jornada Franciscana, as provoca\u00e7\u00f5es que v\u00eam dos Jubileus - Not\u00edcias - Franciscanos","isPartOf":{"@id":"https:\/\/franciscanos.org.br\/noticias\/#website"},"primaryImageOfPage":{"@id":"https:\/\/franciscanos.org.br\/noticias\/nos-40-anos-da-jornada-franciscana-as-provocacoes-que-vem-dos-jubileus.html#primaryimage"},"datePublished":"2023-09-24T21:35:22+00:00","dateModified":"2023-09-24T22:07:24+00:00","author":{"@id":"https:\/\/franciscanos.org.br\/noticias\/#\/schema\/person\/b5c8cba458c330ccff548b056e95a5d4"},"breadcrumb":{"@id":"https:\/\/franciscanos.org.br\/noticias\/nos-40-anos-da-jornada-franciscana-as-provocacoes-que-vem-dos-jubileus.html#breadcrumb"},"inLanguage":"pt-BR","potentialAction":[{"@type":"ReadAction","target":["https:\/\/franciscanos.org.br\/noticias\/nos-40-anos-da-jornada-franciscana-as-provocacoes-que-vem-dos-jubileus.html"]}]},{"@type":"BreadcrumbList","@id":"https:\/\/franciscanos.org.br\/noticias\/nos-40-anos-da-jornada-franciscana-as-provocacoes-que-vem-dos-jubileus.html#breadcrumb","itemListElement":[{"@type":"ListItem","position":1,"name":"Home","item":"https:\/\/franciscanos.org.br\/noticias"},{"@type":"ListItem","position":2,"name":"Nos 40 anos da Jornada Franciscana, as provoca\u00e7\u00f5es que v\u00eam dos Jubileus"}]},{"@type":"Person","@id":"https:\/\/franciscanos.org.br\/noticias\/#\/schema\/person\/b5c8cba458c330ccff548b056e95a5d4","name":"moacir","image":{"@type":"ImageObject","inLanguage":"pt-BR","@id":"https:\/\/franciscanos.org.br\/noticias\/#\/schema\/person\/image\/","url":"https:\/\/secure.gravatar.com\/avatar\/d08aa2ce4c8dd416d4479aa8536fcf64?s=96&d=mm&r=g","contentUrl":"https:\/\/secure.gravatar.com\/avatar\/d08aa2ce4c8dd416d4479aa8536fcf64?s=96&d=mm&r=g","caption":"moacir"},"url":"https:\/\/franciscanos.org.br\/noticias\/author\/moacir"}]}},"_links":{"self":[{"href":"https:\/\/franciscanos.org.br\/noticias\/wp-json\/wp\/v2\/posts\/244833"}],"collection":[{"href":"https:\/\/franciscanos.org.br\/noticias\/wp-json\/wp\/v2\/posts"}],"about":[{"href":"https:\/\/franciscanos.org.br\/noticias\/wp-json\/wp\/v2\/types\/post"}],"author":[{"embeddable":true,"href":"https:\/\/franciscanos.org.br\/noticias\/wp-json\/wp\/v2\/users\/3"}],"replies":[{"embeddable":true,"href":"https:\/\/franciscanos.org.br\/noticias\/wp-json\/wp\/v2\/comments?post=244833"}],"version-history":[{"count":5,"href":"https:\/\/franciscanos.org.br\/noticias\/wp-json\/wp\/v2\/posts\/244833\/revisions"}],"predecessor-version":[{"id":244857,"href":"https:\/\/franciscanos.org.br\/noticias\/wp-json\/wp\/v2\/posts\/244833\/revisions\/244857"}],"wp:featuredmedia":[{"embeddable":true,"href":"https:\/\/franciscanos.org.br\/noticias\/wp-json\/wp\/v2\/media\/244834"}],"wp:attachment":[{"href":"https:\/\/franciscanos.org.br\/noticias\/wp-json\/wp\/v2\/media?parent=244833"}],"wp:term":[{"taxonomy":"category","embeddable":true,"href":"https:\/\/franciscanos.org.br\/noticias\/wp-json\/wp\/v2\/categories?post=244833"},{"taxonomy":"post_tag","embeddable":true,"href":"https:\/\/franciscanos.org.br\/noticias\/wp-json\/wp\/v2\/tags?post=244833"}],"curies":[{"name":"wp","href":"https:\/\/api.w.org\/{rel}","templated":true}]}}