{"id":244825,"date":"2023-09-23T07:02:28","date_gmt":"2023-09-23T10:02:28","guid":{"rendered":"https:\/\/franciscanos.org.br\/noticias\/?p=244825"},"modified":"2023-09-23T07:02:28","modified_gmt":"2023-09-23T10:02:28","slug":"termina-em-joanesburgo-a-assembleia-da-conferencia-africana","status":"publish","type":"post","link":"https:\/\/franciscanos.org.br\/noticias\/termina-em-joanesburgo-a-assembleia-da-conferencia-africana.html","title":{"rendered":"Termina em Joanesburgo a Assembleia da Confer\u00eancia Africana"},"content":{"rendered":"<p><img loading=\"lazy\" class=\"alignnone size-full wp-image-244826\" src=\"https:\/\/franciscanos.org.br\/noticias\/wp-content\/uploads\/2023\/09\/africana_23.jpg\" alt=\"\" width=\"1280\" height=\"720\" srcset=\"https:\/\/franciscanos.org.br\/noticias\/wp-content\/uploads\/2023\/09\/africana_23.jpg 1280w, https:\/\/franciscanos.org.br\/noticias\/wp-content\/uploads\/2023\/09\/africana_23-450x253.jpg 450w, https:\/\/franciscanos.org.br\/noticias\/wp-content\/uploads\/2023\/09\/africana_23-1024x576.jpg 1024w, https:\/\/franciscanos.org.br\/noticias\/wp-content\/uploads\/2023\/09\/africana_23-768x432.jpg 768w, https:\/\/franciscanos.org.br\/noticias\/wp-content\/uploads\/2023\/09\/africana_23-150x84.jpg 150w\" sizes=\"(max-width: 1280px) 100vw, 1280px\" \/><\/p>\n<p>Terminou hoje, dia 22 de Setembro, a 7\u00aa Sess\u00e3o da Confer\u00eancia Africana da Ordem dos Frades Menores. Este encontro teve seu in\u00edcio na segunda-feira, dia 18 de setembro ,na cidade de Joanesburgo, \u00c1frica do Sul. Contou com a presen\u00e7a de Frei Victor Quematcha, OFM, Definidor Geral para a \u00c1frica e a participa\u00e7\u00e3o de 12 membros, dentre eles provinciais, cust\u00f3dios e presidentes de funda\u00e7\u00f5es.<\/p>\n<p>Durante os cinco dias de assembleia, a Confer\u00eancia tratou de assuntos como: rela\u00e7\u00e3o C\u00faria Geral da Ordem e Confer\u00eancia Africana, possibilidade de restrutura\u00e7\u00e3o da Confer\u00eancia em regionais conforme a cultura, l\u00edngua e dist\u00e2ncia geogr\u00e1fica, podendo ser regional \u00e1rabe, regional de l\u00edngua francesa e regional de l\u00edngua inglesa. Falou tamb\u00e9m da forma\u00e7\u00e3o e estudos (anima\u00e7\u00e3o dos Centros de Estudos de Lusaka-Z\u00e2mbia (Universidade S\u00e3o Boaventura), Universidade Kolwezi (Congo-RDC) e o Instituto Cat\u00f3lico Mission\u00e1rio de Abijan-ICMA (Costa do Marfim), Miss\u00e3o Evangelizadora da Ordem em \u00c1frica, Economia Global e Autossustento, envio de mission\u00e1rios para Marrocos, L\u00edbia, Terra Santa e Nig\u00e9ria, cria\u00e7\u00e3o do Secretariado Permanente da Confer\u00eancia, comemora\u00e7\u00f5es e jubileus da Ordem e o programa da visita do Definit\u00f3rio Geral em Nairobi nos dias 24-29 de Janeiro de 2024.<\/p>\n<p><img loading=\"lazy\" class=\"alignnone size-full wp-image-244827\" src=\"https:\/\/franciscanos.org.br\/noticias\/wp-content\/uploads\/2023\/09\/africana_23_1.jpg\" alt=\"\" width=\"1200\" height=\"980\" srcset=\"https:\/\/franciscanos.org.br\/noticias\/wp-content\/uploads\/2023\/09\/africana_23_1.jpg 1200w, https:\/\/franciscanos.org.br\/noticias\/wp-content\/uploads\/2023\/09\/africana_23_1-450x368.jpg 450w, https:\/\/franciscanos.org.br\/noticias\/wp-content\/uploads\/2023\/09\/africana_23_1-1024x836.jpg 1024w, https:\/\/franciscanos.org.br\/noticias\/wp-content\/uploads\/2023\/09\/africana_23_1-768x627.jpg 768w, https:\/\/franciscanos.org.br\/noticias\/wp-content\/uploads\/2023\/09\/africana_23_1-150x123.jpg 150w\" sizes=\"(max-width: 1200px) 100vw, 1200px\" \/><\/p>\n<p>J\u00e1 no fim do encontro, o Ministro Geral da Ordem dos Frades Menores, Frei Massimo Fusarelli, enviou uma mensagem saudando os presentes com as seguintes palavras: \u201cSauda\u00e7\u00f5es a todos. Estou acompanhando os trabalhos da Confer\u00eancia Africana. Vos encorajo. Estarei a\u00ed em dezembro na \u00c1frica do Sul e Zimb\u00e1bwe. Em janeiro no Qu\u00e9nia, Nair\u00f3bi\u201d. Os frades acolheram com muita satisfa\u00e7\u00e3o a mensagem de Frei Massimo.<\/p>\n<p>A pr\u00f3xima assembleia ordin\u00e1ria da Confer\u00eancia Africana dos Frades Menores ser\u00e1 em outubro de 2024 na \u00c1frica do Sul e no Togo (\u00c1frica Ocidental).<\/p>\n<hr \/>\n<p><em>Frei Canga Manuel Mazoa<\/em><\/p>\n","protected":false},"excerpt":{"rendered":"<p>Miss\u00e3o de Angola<\/p>\n","protected":false},"author":3,"featured_media":244826,"comment_status":"open","ping_status":"open","sticky":false,"template":"","format":"standard","meta":[],"categories":[1],"tags":[2167],"acf":[],"yoast_head":"<!-- This site is optimized with the Yoast SEO plugin v19.2 - https:\/\/yoast.com\/wordpress\/plugins\/seo\/ -->\n<title>Termina em Joanesburgo a Assembleia da Confer\u00eancia Africana - Not\u00edcias - Franciscanos<\/title>\n<meta name=\"robots\" content=\"index, follow, max-snippet:-1, max-image-preview:large, max-video-preview:-1\" \/>\n<link rel=\"canonical\" href=\"https:\/\/franciscanos.org.br\/noticias\/termina-em-joanesburgo-a-assembleia-da-conferencia-africana.html\" \/>\n<meta property=\"og:locale\" content=\"pt_BR\" \/>\n<meta property=\"og:type\" content=\"article\" \/>\n<meta property=\"og:title\" content=\"Termina em Joanesburgo a Assembleia da Confer\u00eancia Africana - Not\u00edcias - Franciscanos\" \/>\n<meta property=\"og:description\" content=\"Miss\u00e3o de Angola\" \/>\n<meta property=\"og:url\" content=\"https:\/\/franciscanos.org.br\/noticias\/termina-em-joanesburgo-a-assembleia-da-conferencia-africana.html\" \/>\n<meta property=\"og:site_name\" content=\"Not\u00edcias - Franciscanos\" \/>\n<meta property=\"article:published_time\" content=\"2023-09-23T10:02:28+00:00\" \/>\n<meta property=\"og:image\" content=\"https:\/\/franciscanos.org.br\/noticias\/wp-content\/uploads\/2023\/09\/africana_23.jpg\" \/>\n\t<meta property=\"og:image:width\" content=\"1280\" \/>\n\t<meta property=\"og:image:height\" content=\"720\" \/>\n\t<meta property=\"og:image:type\" content=\"image\/jpeg\" \/>\n<meta name=\"author\" content=\"moacir\" \/>\n<meta name=\"twitter:card\" content=\"summary_large_image\" \/>\n<meta name=\"twitter:label1\" content=\"Escrito por\" \/>\n\t<meta name=\"twitter:data1\" content=\"moacir\" \/>\n\t<meta name=\"twitter:label2\" content=\"Est. tempo de leitura\" \/>\n\t<meta name=\"twitter:data2\" content=\"2 minutos\" \/>\n<script type=\"application\/ld+json\" class=\"yoast-schema-graph\">{\"@context\":\"https:\/\/schema.org\",\"@graph\":[{\"@type\":\"WebSite\",\"@id\":\"https:\/\/franciscanos.org.br\/noticias\/#website\",\"url\":\"https:\/\/franciscanos.org.br\/noticias\/\",\"name\":\"Not\u00edcias - Franciscanos\",\"description\":\"Prov\u00edncia Franciscana da Imaculada Concei\u00e7\u00e3o do Brasil - Ordem dos Frades Menores - OFM\",\"potentialAction\":[{\"@type\":\"SearchAction\",\"target\":{\"@type\":\"EntryPoint\",\"urlTemplate\":\"https:\/\/franciscanos.org.br\/noticias\/?s={search_term_string}\"},\"query-input\":\"required name=search_term_string\"}],\"inLanguage\":\"pt-BR\"},{\"@type\":\"ImageObject\",\"inLanguage\":\"pt-BR\",\"@id\":\"https:\/\/franciscanos.org.br\/noticias\/termina-em-joanesburgo-a-assembleia-da-conferencia-africana.html#primaryimage\",\"url\":\"https:\/\/franciscanos.org.br\/noticias\/wp-content\/uploads\/2023\/09\/africana_23.jpg\",\"contentUrl\":\"https:\/\/franciscanos.org.br\/noticias\/wp-content\/uploads\/2023\/09\/africana_23.jpg\",\"width\":1280,\"height\":720},{\"@type\":\"WebPage\",\"@id\":\"https:\/\/franciscanos.org.br\/noticias\/termina-em-joanesburgo-a-assembleia-da-conferencia-africana.html#webpage\",\"url\":\"https:\/\/franciscanos.org.br\/noticias\/termina-em-joanesburgo-a-assembleia-da-conferencia-africana.html\",\"name\":\"Termina em Joanesburgo a Assembleia da Confer\u00eancia Africana - Not\u00edcias - Franciscanos\",\"isPartOf\":{\"@id\":\"https:\/\/franciscanos.org.br\/noticias\/#website\"},\"primaryImageOfPage\":{\"@id\":\"https:\/\/franciscanos.org.br\/noticias\/termina-em-joanesburgo-a-assembleia-da-conferencia-africana.html#primaryimage\"},\"datePublished\":\"2023-09-23T10:02:28+00:00\",\"dateModified\":\"2023-09-23T10:02:28+00:00\",\"author\":{\"@id\":\"https:\/\/franciscanos.org.br\/noticias\/#\/schema\/person\/b5c8cba458c330ccff548b056e95a5d4\"},\"breadcrumb\":{\"@id\":\"https:\/\/franciscanos.org.br\/noticias\/termina-em-joanesburgo-a-assembleia-da-conferencia-africana.html#breadcrumb\"},\"inLanguage\":\"pt-BR\",\"potentialAction\":[{\"@type\":\"ReadAction\",\"target\":[\"https:\/\/franciscanos.org.br\/noticias\/termina-em-joanesburgo-a-assembleia-da-conferencia-africana.html\"]}]},{\"@type\":\"BreadcrumbList\",\"@id\":\"https:\/\/franciscanos.org.br\/noticias\/termina-em-joanesburgo-a-assembleia-da-conferencia-africana.html#breadcrumb\",\"itemListElement\":[{\"@type\":\"ListItem\",\"position\":1,\"name\":\"Home\",\"item\":\"https:\/\/franciscanos.org.br\/noticias\"},{\"@type\":\"ListItem\",\"position\":2,\"name\":\"Termina em Joanesburgo a Assembleia da Confer\u00eancia Africana\"}]},{\"@type\":\"Person\",\"@id\":\"https:\/\/franciscanos.org.br\/noticias\/#\/schema\/person\/b5c8cba458c330ccff548b056e95a5d4\",\"name\":\"moacir\",\"image\":{\"@type\":\"ImageObject\",\"inLanguage\":\"pt-BR\",\"@id\":\"https:\/\/franciscanos.org.br\/noticias\/#\/schema\/person\/image\/\",\"url\":\"https:\/\/secure.gravatar.com\/avatar\/d08aa2ce4c8dd416d4479aa8536fcf64?s=96&d=mm&r=g\",\"contentUrl\":\"https:\/\/secure.gravatar.com\/avatar\/d08aa2ce4c8dd416d4479aa8536fcf64?s=96&d=mm&r=g\",\"caption\":\"moacir\"},\"url\":\"https:\/\/franciscanos.org.br\/noticias\/author\/moacir\"}]}<\/script>\n<!-- \/ Yoast SEO plugin. -->","yoast_head_json":{"title":"Termina em Joanesburgo a Assembleia da Confer\u00eancia Africana - Not\u00edcias - Franciscanos","robots":{"index":"index","follow":"follow","max-snippet":"max-snippet:-1","max-image-preview":"max-image-preview:large","max-video-preview":"max-video-preview:-1"},"canonical":"https:\/\/franciscanos.org.br\/noticias\/termina-em-joanesburgo-a-assembleia-da-conferencia-africana.html","og_locale":"pt_BR","og_type":"article","og_title":"Termina em Joanesburgo a Assembleia da Confer\u00eancia Africana - Not\u00edcias - Franciscanos","og_description":"Miss\u00e3o de Angola","og_url":"https:\/\/franciscanos.org.br\/noticias\/termina-em-joanesburgo-a-assembleia-da-conferencia-africana.html","og_site_name":"Not\u00edcias - Franciscanos","article_published_time":"2023-09-23T10:02:28+00:00","og_image":[{"width":1280,"height":720,"url":"https:\/\/franciscanos.org.br\/noticias\/wp-content\/uploads\/2023\/09\/africana_23.jpg","type":"image\/jpeg"}],"author":"moacir","twitter_card":"summary_large_image","twitter_misc":{"Escrito por":"moacir","Est. tempo de leitura":"2 minutos"},"schema":{"@context":"https:\/\/schema.org","@graph":[{"@type":"WebSite","@id":"https:\/\/franciscanos.org.br\/noticias\/#website","url":"https:\/\/franciscanos.org.br\/noticias\/","name":"Not\u00edcias - Franciscanos","description":"Prov\u00edncia Franciscana da Imaculada Concei\u00e7\u00e3o do Brasil - Ordem dos Frades Menores - OFM","potentialAction":[{"@type":"SearchAction","target":{"@type":"EntryPoint","urlTemplate":"https:\/\/franciscanos.org.br\/noticias\/?s={search_term_string}"},"query-input":"required name=search_term_string"}],"inLanguage":"pt-BR"},{"@type":"ImageObject","inLanguage":"pt-BR","@id":"https:\/\/franciscanos.org.br\/noticias\/termina-em-joanesburgo-a-assembleia-da-conferencia-africana.html#primaryimage","url":"https:\/\/franciscanos.org.br\/noticias\/wp-content\/uploads\/2023\/09\/africana_23.jpg","contentUrl":"https:\/\/franciscanos.org.br\/noticias\/wp-content\/uploads\/2023\/09\/africana_23.jpg","width":1280,"height":720},{"@type":"WebPage","@id":"https:\/\/franciscanos.org.br\/noticias\/termina-em-joanesburgo-a-assembleia-da-conferencia-africana.html#webpage","url":"https:\/\/franciscanos.org.br\/noticias\/termina-em-joanesburgo-a-assembleia-da-conferencia-africana.html","name":"Termina em Joanesburgo a Assembleia da Confer\u00eancia Africana - Not\u00edcias - Franciscanos","isPartOf":{"@id":"https:\/\/franciscanos.org.br\/noticias\/#website"},"primaryImageOfPage":{"@id":"https:\/\/franciscanos.org.br\/noticias\/termina-em-joanesburgo-a-assembleia-da-conferencia-africana.html#primaryimage"},"datePublished":"2023-09-23T10:02:28+00:00","dateModified":"2023-09-23T10:02:28+00:00","author":{"@id":"https:\/\/franciscanos.org.br\/noticias\/#\/schema\/person\/b5c8cba458c330ccff548b056e95a5d4"},"breadcrumb":{"@id":"https:\/\/franciscanos.org.br\/noticias\/termina-em-joanesburgo-a-assembleia-da-conferencia-africana.html#breadcrumb"},"inLanguage":"pt-BR","potentialAction":[{"@type":"ReadAction","target":["https:\/\/franciscanos.org.br\/noticias\/termina-em-joanesburgo-a-assembleia-da-conferencia-africana.html"]}]},{"@type":"BreadcrumbList","@id":"https:\/\/franciscanos.org.br\/noticias\/termina-em-joanesburgo-a-assembleia-da-conferencia-africana.html#breadcrumb","itemListElement":[{"@type":"ListItem","position":1,"name":"Home","item":"https:\/\/franciscanos.org.br\/noticias"},{"@type":"ListItem","position":2,"name":"Termina em Joanesburgo a Assembleia da Confer\u00eancia Africana"}]},{"@type":"Person","@id":"https:\/\/franciscanos.org.br\/noticias\/#\/schema\/person\/b5c8cba458c330ccff548b056e95a5d4","name":"moacir","image":{"@type":"ImageObject","inLanguage":"pt-BR","@id":"https:\/\/franciscanos.org.br\/noticias\/#\/schema\/person\/image\/","url":"https:\/\/secure.gravatar.com\/avatar\/d08aa2ce4c8dd416d4479aa8536fcf64?s=96&d=mm&r=g","contentUrl":"https:\/\/secure.gravatar.com\/avatar\/d08aa2ce4c8dd416d4479aa8536fcf64?s=96&d=mm&r=g","caption":"moacir"},"url":"https:\/\/franciscanos.org.br\/noticias\/author\/moacir"}]}},"_links":{"self":[{"href":"https:\/\/franciscanos.org.br\/noticias\/wp-json\/wp\/v2\/posts\/244825"}],"collection":[{"href":"https:\/\/franciscanos.org.br\/noticias\/wp-json\/wp\/v2\/posts"}],"about":[{"href":"https:\/\/franciscanos.org.br\/noticias\/wp-json\/wp\/v2\/types\/post"}],"author":[{"embeddable":true,"href":"https:\/\/franciscanos.org.br\/noticias\/wp-json\/wp\/v2\/users\/3"}],"replies":[{"embeddable":true,"href":"https:\/\/franciscanos.org.br\/noticias\/wp-json\/wp\/v2\/comments?post=244825"}],"version-history":[{"count":1,"href":"https:\/\/franciscanos.org.br\/noticias\/wp-json\/wp\/v2\/posts\/244825\/revisions"}],"predecessor-version":[{"id":244828,"href":"https:\/\/franciscanos.org.br\/noticias\/wp-json\/wp\/v2\/posts\/244825\/revisions\/244828"}],"wp:featuredmedia":[{"embeddable":true,"href":"https:\/\/franciscanos.org.br\/noticias\/wp-json\/wp\/v2\/media\/244826"}],"wp:attachment":[{"href":"https:\/\/franciscanos.org.br\/noticias\/wp-json\/wp\/v2\/media?parent=244825"}],"wp:term":[{"taxonomy":"category","embeddable":true,"href":"https:\/\/franciscanos.org.br\/noticias\/wp-json\/wp\/v2\/categories?post=244825"},{"taxonomy":"post_tag","embeddable":true,"href":"https:\/\/franciscanos.org.br\/noticias\/wp-json\/wp\/v2\/tags?post=244825"}],"curies":[{"name":"wp","href":"https:\/\/api.w.org\/{rel}","templated":true}]}}