{"id":244811,"date":"2023-09-22T06:52:46","date_gmt":"2023-09-22T09:52:46","guid":{"rendered":"https:\/\/franciscanos.org.br\/noticias\/?p=244811"},"modified":"2023-09-22T06:56:06","modified_gmt":"2023-09-22T09:56:06","slug":"formacao-e-estudos-e-tema-da-assembleia-da-conferencia-africana-no-4o-dia","status":"publish","type":"post","link":"https:\/\/franciscanos.org.br\/noticias\/formacao-e-estudos-e-tema-da-assembleia-da-conferencia-africana-no-4o-dia.html","title":{"rendered":"Forma\u00e7\u00e3o e Estudos \u00e9 tema da Assembleia da Confer\u00eancia Africana no 4\u00ba dia"},"content":{"rendered":"<p><img loading=\"lazy\" class=\"alignnone size-full wp-image-244812\" src=\"https:\/\/franciscanos.org.br\/noticias\/wp-content\/uploads\/2023\/09\/africana_22.jpg\" alt=\"\" width=\"1280\" height=\"720\" srcset=\"https:\/\/franciscanos.org.br\/noticias\/wp-content\/uploads\/2023\/09\/africana_22.jpg 1280w, https:\/\/franciscanos.org.br\/noticias\/wp-content\/uploads\/2023\/09\/africana_22-450x253.jpg 450w, https:\/\/franciscanos.org.br\/noticias\/wp-content\/uploads\/2023\/09\/africana_22-1024x576.jpg 1024w, https:\/\/franciscanos.org.br\/noticias\/wp-content\/uploads\/2023\/09\/africana_22-768x432.jpg 768w, https:\/\/franciscanos.org.br\/noticias\/wp-content\/uploads\/2023\/09\/africana_22-150x84.jpg 150w\" sizes=\"(max-width: 1280px) 100vw, 1280px\" \/><\/p>\n<p><strong>Joanesburgo (AS)<\/strong> &#8211;\u00a0 A assembleia do quarto dia (21\/9) da 7\u00ba sess\u00e3o da Confer\u00eancia Africana da Ordem dos Frades Menores teve in\u00edcio com a Celebra\u00e7\u00e3o Eucar\u00edstica \u2013 Festa de S\u00e3o Mateus, Ap\u00f3stolo -, presidida por Frei Gregoire Bowa-Kateta, da Prov\u00edncia de Santa Maria dos Anjos &#8211; Rep\u00fablica Democr\u00e1tica do Congo (RDC). O confrade celebra hoje uma gra\u00e7a especial, 50 anos de vida consagrada. Durante a homilia, o frade, citando Santa Clara, disse que \u201ca voca\u00e7\u00e3o \u00e9 a maior gra\u00e7a que Deus ofereceu ao ser humano, por isso deve ser bem cuidada\u201d. Na sequ\u00eancia tamb\u00e9m falou que \u201co chamado que Cristo faz a S\u00e3o Mateus \u00e9 o mesmo que Deus hoje faz a cada um de n\u00f3s, \u2018segue-me\u2019\u201d. De lembrar que a Missa foi celebrada na l\u00edngua francesa.<\/p>\n<p>J\u00e1 na sala de encontros, Frei Victor Quematcha, Definidor Geral para a \u00c1frica, tomando a palavra dada por Frei Virgile Agbessi, presidente da Confer\u00eancia, manifestou a satisfa\u00e7\u00e3o pela inter-ajuda entre as Prov\u00edncias, Cust\u00f3dias e Funda\u00e7\u00f5es para forma\u00e7\u00e3o dos futuros frades da Ordem, fazendo juntos principalmente o noviciado, filosofia e teologia. Al\u00e9m disso, Frei Victor tamb\u00e9m ressaltou as boas rela\u00e7\u00f5es da Confer\u00eancia Africana com a C\u00faria Geral da Ordem e vice-versa.<\/p>\n<p>Reafirmou o interresse m\u00fatuo da Confer\u00eancia Africana e da C\u00faria Geral em formar mais frades com o t\u00edtulo de mestres e doutores para manter a qualidade e excel\u00eancia dos centros de estudos de Filosofia na Universidade S\u00e3o Boaventura (Lusaka-Z\u00e2mbia) e os de Teologia na Universidade de Kolwezi (Congo-RDC) e o Instituto Cat\u00f3lico Mission\u00e1rio de Abijan-ICMA (Abijan-Costa de Marfim). Igualmente, uma outra parceria \u00e9 o envio mission\u00e1rio de frades africanos para Marrocos, L\u00edbia, Terra Santa, Sud\u00e3o e Nig\u00e9ria.<\/p>\n<p>Outrossim, uma outra discuss\u00e3o foi sobre a possibilidade de rearticular a Confer\u00eancia. Por causa da extens\u00e3o geogr\u00e1fica e diferentes l\u00ednguas, para haver maior intera\u00e7\u00e3o e colabora\u00e7\u00e3o nos trabalhos, surge a necessidade de fazer dois regionais, um de l\u00edngua inglesa e outro de l\u00edngua francesa ou, mais ainda, dar origem a duas confer\u00eancias distintas: Confer\u00eancia Africana de L\u00edngua Inglesa e Confer\u00eancia Africana de L\u00edngua Francesa. Por ser um assunto delicado e ainda embrion\u00e1rio merecer\u00e1 de posteriores aprofundamentos e encaminhamentos.<\/p>\n<p>A agenda de 2024 teve as datas e acontecimentos importantes atualizadas:<\/p>\n<p>1) <strong>De 24 a 29 de Janeiro de 2024<\/strong> \u2013 Encontro do Definit\u00f3rio Geral com Confer\u00eancia Africana em Nair\u00f3bi (Qu\u00eania).<\/p>\n<p>2) <strong>De 1\u00ba a 15 de Fevereiro de 2024<\/strong> &#8211; Encontro da Forma\u00e7\u00e3o Permanente e Estudo da tem\u00e1tica \u201cProte\u00e7\u00e3o e abuso de menores e vulner\u00e1veis no Continente\u201d.<\/p>\n<p>3) <strong>Outubro de 2024<\/strong> &#8211; Reuni\u00e3o Ordin\u00e1ria da Confer\u00eancia Africana.<\/p>\n<p><img loading=\"lazy\" class=\"wp-image-244814 alignright\" src=\"https:\/\/franciscanos.org.br\/noticias\/wp-content\/uploads\/2023\/09\/africana_22_1.jpg\" alt=\"\" width=\"390\" height=\"461\" srcset=\"https:\/\/franciscanos.org.br\/noticias\/wp-content\/uploads\/2023\/09\/africana_22_1.jpg 705w, https:\/\/franciscanos.org.br\/noticias\/wp-content\/uploads\/2023\/09\/africana_22_1-381x450.jpg 381w, https:\/\/franciscanos.org.br\/noticias\/wp-content\/uploads\/2023\/09\/africana_22_1-150x177.jpg 150w\" sizes=\"(max-width: 390px) 100vw, 390px\" \/><\/p>\n<h3><strong>PRESEN\u00c7A FRANCISCANA DA OFM NA \u00c1FRICA<\/strong><\/h3>\n<p>Este mapa reflete os lugares de presen\u00e7a da Ordem dos Frades Menores na \u00c1frica. Sendo 6 Prov\u00edncias, 5 Cust\u00f3dias, 4 Funda\u00e7\u00f5es, 3 Presen\u00e7as Franciscanas. O Continente Africano tem 54 pa\u00edses e os franciscanos est\u00e3o em 32.<\/p>\n<p><strong>Regional de L\u00edngua Inglesa<\/strong><\/p>\n<p><strong>\u00c1frica do Leste<\/strong> (Qu\u00eania, Uganda, Rwanda, Burundi, Tanz\u00e2nia) &#8211; Prov\u00edncia de S\u00e3o Francisco de Assis &#8211; Frei Fredick<\/p>\n<p><strong>\u00c1frica do Sul<\/strong> &#8211; Prov\u00edncia de Nossa Senhora Rainha da Paz &#8211; Frei Siphelele Paul Gwanisheni<\/p>\n<p><strong>Mo\u00e7ambique<\/strong> \u00a0&#8211; Cust\u00f3dia de Santa Clara &#8211; Frei Lage Afonso<\/p>\n<p><strong>Zimb\u00e1bwe<\/strong> &#8211; Cust\u00f3dia do Bom Pastor &#8211; Frei Thomas Makamure<\/p>\n<p><strong>Angola<\/strong> &#8211; Funda\u00e7\u00e3o Imaculada M\u00e3e de Deus (FIMDA) \u2013 Frei Ivair Bueno de Carvalho<\/p>\n<p><strong>Sud\u00e3o<\/strong> &#8211; Funda\u00e7\u00e3o S\u00e3o Francisco de Assis \u2013 Frei Peter Tindo<\/p>\n<p><strong>Marrocos<\/strong> &#8211; Cust\u00f3dia dos Santos M\u00e1rtires &#8211; Frei St\u00e9phane Delaveue<\/p>\n<p><strong>Egito<\/strong> &#8211; Prov\u00edncia da Santa Sagrada Fam\u00edlia \u2013<\/p>\n<p><strong>Regional de L\u00edngua Francesa<\/strong><\/p>\n<p><strong>\u00c1frica Ocidental<\/strong> (Benin, Togo, Costa de Marfim, Burquina Faso, Camarr\u00f5es) &#8211; Prov\u00edncia do Verbo Encarnado &#8211; Frei Virgile Agbessi<\/p>\n<p><strong>Rep\u00fablica Democr\u00e1tica do Congo (RDC)<\/strong> &#8211; Prov\u00edncia de Santa Maria dos Anjos &#8211; Frei Gregoire Bowa-Kateta<\/p>\n<p><strong>Rep\u00fablica Democr\u00e1tica do Congo (RDC)<\/strong> &#8211; Prov\u00edncia de S\u00e3o Benedito Africano &#8211; Frei Andre Marhabale<\/p>\n<p><strong>Guin\u00e9 Bissau &#8211;<\/strong> Cust\u00f3dia de S\u00e3o Francisco de Assis &#8211; Frei Armando Coss\u00e1<\/p>\n<p><strong>Madagascar<\/strong> &#8211; Cust\u00f3dia da Imaculada Concei\u00e7\u00e3o \u2013<\/p>\n<p><strong>RCA &#8211;<\/strong> Funda\u00e7\u00e3o da Rep\u00fablica Centro Africana \u2013 Frei Jer\u00f4me<\/p>\n<p><strong>Congo Brazzaville<\/strong> &#8211; Funda\u00e7\u00e3o de Nossa Senhora da \u00c1frica<\/p>\n<hr \/>\n<p><em>Frei Canga Manuel Mazoa<\/em><\/p>\n","protected":false},"excerpt":{"rendered":"<p>Miss\u00e3o de Angola<\/p>\n","protected":false},"author":3,"featured_media":244812,"comment_status":"open","ping_status":"open","sticky":false,"template":"","format":"standard","meta":[],"categories":[1],"tags":[2167],"acf":[],"yoast_head":"<!-- This site is optimized with the Yoast SEO plugin v19.2 - https:\/\/yoast.com\/wordpress\/plugins\/seo\/ -->\n<title>Forma\u00e7\u00e3o e Estudos \u00e9 tema da Assembleia da Confer\u00eancia Africana no 4\u00ba dia - Not\u00edcias - Franciscanos<\/title>\n<meta name=\"robots\" content=\"index, follow, max-snippet:-1, max-image-preview:large, max-video-preview:-1\" \/>\n<link rel=\"canonical\" href=\"https:\/\/franciscanos.org.br\/noticias\/formacao-e-estudos-e-tema-da-assembleia-da-conferencia-africana-no-4o-dia.html\" \/>\n<meta property=\"og:locale\" content=\"pt_BR\" \/>\n<meta property=\"og:type\" content=\"article\" \/>\n<meta property=\"og:title\" content=\"Forma\u00e7\u00e3o e Estudos \u00e9 tema da Assembleia da Confer\u00eancia Africana no 4\u00ba dia - Not\u00edcias - Franciscanos\" \/>\n<meta property=\"og:description\" content=\"Miss\u00e3o de Angola\" \/>\n<meta property=\"og:url\" content=\"https:\/\/franciscanos.org.br\/noticias\/formacao-e-estudos-e-tema-da-assembleia-da-conferencia-africana-no-4o-dia.html\" \/>\n<meta property=\"og:site_name\" content=\"Not\u00edcias - Franciscanos\" \/>\n<meta property=\"article:published_time\" content=\"2023-09-22T09:52:46+00:00\" \/>\n<meta property=\"article:modified_time\" content=\"2023-09-22T09:56:06+00:00\" \/>\n<meta property=\"og:image\" content=\"https:\/\/franciscanos.org.br\/noticias\/wp-content\/uploads\/2023\/09\/africana_22.jpg\" \/>\n\t<meta property=\"og:image:width\" content=\"1280\" \/>\n\t<meta property=\"og:image:height\" content=\"720\" \/>\n\t<meta property=\"og:image:type\" content=\"image\/jpeg\" \/>\n<meta name=\"author\" content=\"moacir\" \/>\n<meta name=\"twitter:card\" content=\"summary_large_image\" \/>\n<meta name=\"twitter:label1\" content=\"Escrito por\" \/>\n\t<meta name=\"twitter:data1\" content=\"moacir\" \/>\n\t<meta name=\"twitter:label2\" content=\"Est. tempo de leitura\" \/>\n\t<meta name=\"twitter:data2\" content=\"4 minutos\" \/>\n<script type=\"application\/ld+json\" class=\"yoast-schema-graph\">{\"@context\":\"https:\/\/schema.org\",\"@graph\":[{\"@type\":\"WebSite\",\"@id\":\"https:\/\/franciscanos.org.br\/noticias\/#website\",\"url\":\"https:\/\/franciscanos.org.br\/noticias\/\",\"name\":\"Not\u00edcias - Franciscanos\",\"description\":\"Prov\u00edncia Franciscana da Imaculada Concei\u00e7\u00e3o do Brasil - Ordem dos Frades Menores - OFM\",\"potentialAction\":[{\"@type\":\"SearchAction\",\"target\":{\"@type\":\"EntryPoint\",\"urlTemplate\":\"https:\/\/franciscanos.org.br\/noticias\/?s={search_term_string}\"},\"query-input\":\"required name=search_term_string\"}],\"inLanguage\":\"pt-BR\"},{\"@type\":\"ImageObject\",\"inLanguage\":\"pt-BR\",\"@id\":\"https:\/\/franciscanos.org.br\/noticias\/formacao-e-estudos-e-tema-da-assembleia-da-conferencia-africana-no-4o-dia.html#primaryimage\",\"url\":\"https:\/\/franciscanos.org.br\/noticias\/wp-content\/uploads\/2023\/09\/africana_22.jpg\",\"contentUrl\":\"https:\/\/franciscanos.org.br\/noticias\/wp-content\/uploads\/2023\/09\/africana_22.jpg\",\"width\":1280,\"height\":720},{\"@type\":\"WebPage\",\"@id\":\"https:\/\/franciscanos.org.br\/noticias\/formacao-e-estudos-e-tema-da-assembleia-da-conferencia-africana-no-4o-dia.html#webpage\",\"url\":\"https:\/\/franciscanos.org.br\/noticias\/formacao-e-estudos-e-tema-da-assembleia-da-conferencia-africana-no-4o-dia.html\",\"name\":\"Forma\u00e7\u00e3o e Estudos \u00e9 tema da Assembleia da Confer\u00eancia Africana no 4\u00ba dia - Not\u00edcias - Franciscanos\",\"isPartOf\":{\"@id\":\"https:\/\/franciscanos.org.br\/noticias\/#website\"},\"primaryImageOfPage\":{\"@id\":\"https:\/\/franciscanos.org.br\/noticias\/formacao-e-estudos-e-tema-da-assembleia-da-conferencia-africana-no-4o-dia.html#primaryimage\"},\"datePublished\":\"2023-09-22T09:52:46+00:00\",\"dateModified\":\"2023-09-22T09:56:06+00:00\",\"author\":{\"@id\":\"https:\/\/franciscanos.org.br\/noticias\/#\/schema\/person\/b5c8cba458c330ccff548b056e95a5d4\"},\"breadcrumb\":{\"@id\":\"https:\/\/franciscanos.org.br\/noticias\/formacao-e-estudos-e-tema-da-assembleia-da-conferencia-africana-no-4o-dia.html#breadcrumb\"},\"inLanguage\":\"pt-BR\",\"potentialAction\":[{\"@type\":\"ReadAction\",\"target\":[\"https:\/\/franciscanos.org.br\/noticias\/formacao-e-estudos-e-tema-da-assembleia-da-conferencia-africana-no-4o-dia.html\"]}]},{\"@type\":\"BreadcrumbList\",\"@id\":\"https:\/\/franciscanos.org.br\/noticias\/formacao-e-estudos-e-tema-da-assembleia-da-conferencia-africana-no-4o-dia.html#breadcrumb\",\"itemListElement\":[{\"@type\":\"ListItem\",\"position\":1,\"name\":\"Home\",\"item\":\"https:\/\/franciscanos.org.br\/noticias\"},{\"@type\":\"ListItem\",\"position\":2,\"name\":\"Forma\u00e7\u00e3o e Estudos \u00e9 tema da Assembleia da Confer\u00eancia Africana no 4\u00ba dia\"}]},{\"@type\":\"Person\",\"@id\":\"https:\/\/franciscanos.org.br\/noticias\/#\/schema\/person\/b5c8cba458c330ccff548b056e95a5d4\",\"name\":\"moacir\",\"image\":{\"@type\":\"ImageObject\",\"inLanguage\":\"pt-BR\",\"@id\":\"https:\/\/franciscanos.org.br\/noticias\/#\/schema\/person\/image\/\",\"url\":\"https:\/\/secure.gravatar.com\/avatar\/d08aa2ce4c8dd416d4479aa8536fcf64?s=96&d=mm&r=g\",\"contentUrl\":\"https:\/\/secure.gravatar.com\/avatar\/d08aa2ce4c8dd416d4479aa8536fcf64?s=96&d=mm&r=g\",\"caption\":\"moacir\"},\"url\":\"https:\/\/franciscanos.org.br\/noticias\/author\/moacir\"}]}<\/script>\n<!-- \/ Yoast SEO plugin. -->","yoast_head_json":{"title":"Forma\u00e7\u00e3o e Estudos \u00e9 tema da Assembleia da Confer\u00eancia Africana no 4\u00ba dia - Not\u00edcias - Franciscanos","robots":{"index":"index","follow":"follow","max-snippet":"max-snippet:-1","max-image-preview":"max-image-preview:large","max-video-preview":"max-video-preview:-1"},"canonical":"https:\/\/franciscanos.org.br\/noticias\/formacao-e-estudos-e-tema-da-assembleia-da-conferencia-africana-no-4o-dia.html","og_locale":"pt_BR","og_type":"article","og_title":"Forma\u00e7\u00e3o e Estudos \u00e9 tema da Assembleia da Confer\u00eancia Africana no 4\u00ba dia - Not\u00edcias - Franciscanos","og_description":"Miss\u00e3o de Angola","og_url":"https:\/\/franciscanos.org.br\/noticias\/formacao-e-estudos-e-tema-da-assembleia-da-conferencia-africana-no-4o-dia.html","og_site_name":"Not\u00edcias - Franciscanos","article_published_time":"2023-09-22T09:52:46+00:00","article_modified_time":"2023-09-22T09:56:06+00:00","og_image":[{"width":1280,"height":720,"url":"https:\/\/franciscanos.org.br\/noticias\/wp-content\/uploads\/2023\/09\/africana_22.jpg","type":"image\/jpeg"}],"author":"moacir","twitter_card":"summary_large_image","twitter_misc":{"Escrito por":"moacir","Est. tempo de leitura":"4 minutos"},"schema":{"@context":"https:\/\/schema.org","@graph":[{"@type":"WebSite","@id":"https:\/\/franciscanos.org.br\/noticias\/#website","url":"https:\/\/franciscanos.org.br\/noticias\/","name":"Not\u00edcias - Franciscanos","description":"Prov\u00edncia Franciscana da Imaculada Concei\u00e7\u00e3o do Brasil - Ordem dos Frades Menores - OFM","potentialAction":[{"@type":"SearchAction","target":{"@type":"EntryPoint","urlTemplate":"https:\/\/franciscanos.org.br\/noticias\/?s={search_term_string}"},"query-input":"required name=search_term_string"}],"inLanguage":"pt-BR"},{"@type":"ImageObject","inLanguage":"pt-BR","@id":"https:\/\/franciscanos.org.br\/noticias\/formacao-e-estudos-e-tema-da-assembleia-da-conferencia-africana-no-4o-dia.html#primaryimage","url":"https:\/\/franciscanos.org.br\/noticias\/wp-content\/uploads\/2023\/09\/africana_22.jpg","contentUrl":"https:\/\/franciscanos.org.br\/noticias\/wp-content\/uploads\/2023\/09\/africana_22.jpg","width":1280,"height":720},{"@type":"WebPage","@id":"https:\/\/franciscanos.org.br\/noticias\/formacao-e-estudos-e-tema-da-assembleia-da-conferencia-africana-no-4o-dia.html#webpage","url":"https:\/\/franciscanos.org.br\/noticias\/formacao-e-estudos-e-tema-da-assembleia-da-conferencia-africana-no-4o-dia.html","name":"Forma\u00e7\u00e3o e Estudos \u00e9 tema da Assembleia da Confer\u00eancia Africana no 4\u00ba dia - Not\u00edcias - Franciscanos","isPartOf":{"@id":"https:\/\/franciscanos.org.br\/noticias\/#website"},"primaryImageOfPage":{"@id":"https:\/\/franciscanos.org.br\/noticias\/formacao-e-estudos-e-tema-da-assembleia-da-conferencia-africana-no-4o-dia.html#primaryimage"},"datePublished":"2023-09-22T09:52:46+00:00","dateModified":"2023-09-22T09:56:06+00:00","author":{"@id":"https:\/\/franciscanos.org.br\/noticias\/#\/schema\/person\/b5c8cba458c330ccff548b056e95a5d4"},"breadcrumb":{"@id":"https:\/\/franciscanos.org.br\/noticias\/formacao-e-estudos-e-tema-da-assembleia-da-conferencia-africana-no-4o-dia.html#breadcrumb"},"inLanguage":"pt-BR","potentialAction":[{"@type":"ReadAction","target":["https:\/\/franciscanos.org.br\/noticias\/formacao-e-estudos-e-tema-da-assembleia-da-conferencia-africana-no-4o-dia.html"]}]},{"@type":"BreadcrumbList","@id":"https:\/\/franciscanos.org.br\/noticias\/formacao-e-estudos-e-tema-da-assembleia-da-conferencia-africana-no-4o-dia.html#breadcrumb","itemListElement":[{"@type":"ListItem","position":1,"name":"Home","item":"https:\/\/franciscanos.org.br\/noticias"},{"@type":"ListItem","position":2,"name":"Forma\u00e7\u00e3o e Estudos \u00e9 tema da Assembleia da Confer\u00eancia Africana no 4\u00ba dia"}]},{"@type":"Person","@id":"https:\/\/franciscanos.org.br\/noticias\/#\/schema\/person\/b5c8cba458c330ccff548b056e95a5d4","name":"moacir","image":{"@type":"ImageObject","inLanguage":"pt-BR","@id":"https:\/\/franciscanos.org.br\/noticias\/#\/schema\/person\/image\/","url":"https:\/\/secure.gravatar.com\/avatar\/d08aa2ce4c8dd416d4479aa8536fcf64?s=96&d=mm&r=g","contentUrl":"https:\/\/secure.gravatar.com\/avatar\/d08aa2ce4c8dd416d4479aa8536fcf64?s=96&d=mm&r=g","caption":"moacir"},"url":"https:\/\/franciscanos.org.br\/noticias\/author\/moacir"}]}},"_links":{"self":[{"href":"https:\/\/franciscanos.org.br\/noticias\/wp-json\/wp\/v2\/posts\/244811"}],"collection":[{"href":"https:\/\/franciscanos.org.br\/noticias\/wp-json\/wp\/v2\/posts"}],"about":[{"href":"https:\/\/franciscanos.org.br\/noticias\/wp-json\/wp\/v2\/types\/post"}],"author":[{"embeddable":true,"href":"https:\/\/franciscanos.org.br\/noticias\/wp-json\/wp\/v2\/users\/3"}],"replies":[{"embeddable":true,"href":"https:\/\/franciscanos.org.br\/noticias\/wp-json\/wp\/v2\/comments?post=244811"}],"version-history":[{"count":6,"href":"https:\/\/franciscanos.org.br\/noticias\/wp-json\/wp\/v2\/posts\/244811\/revisions"}],"predecessor-version":[{"id":244819,"href":"https:\/\/franciscanos.org.br\/noticias\/wp-json\/wp\/v2\/posts\/244811\/revisions\/244819"}],"wp:featuredmedia":[{"embeddable":true,"href":"https:\/\/franciscanos.org.br\/noticias\/wp-json\/wp\/v2\/media\/244812"}],"wp:attachment":[{"href":"https:\/\/franciscanos.org.br\/noticias\/wp-json\/wp\/v2\/media?parent=244811"}],"wp:term":[{"taxonomy":"category","embeddable":true,"href":"https:\/\/franciscanos.org.br\/noticias\/wp-json\/wp\/v2\/categories?post=244811"},{"taxonomy":"post_tag","embeddable":true,"href":"https:\/\/franciscanos.org.br\/noticias\/wp-json\/wp\/v2\/tags?post=244811"}],"curies":[{"name":"wp","href":"https:\/\/api.w.org\/{rel}","templated":true}]}}