{"id":244802,"date":"2023-09-20T13:41:06","date_gmt":"2023-09-20T16:41:06","guid":{"rendered":"https:\/\/franciscanos.org.br\/noticias\/?p=244802"},"modified":"2023-09-20T13:43:19","modified_gmt":"2023-09-20T16:43:19","slug":"ministro-geral-esta-de-volta-ao-brasil","status":"publish","type":"post","link":"https:\/\/franciscanos.org.br\/noticias\/ministro-geral-esta-de-volta-ao-brasil.html","title":{"rendered":"Ministro Geral est\u00e1 de volta ao Brasil"},"content":{"rendered":"<div id=\"attachment_244803\" style=\"width: 1290px\" class=\"wp-caption alignnone\"><img aria-describedby=\"caption-attachment-244803\" loading=\"lazy\" class=\"wp-image-244803 size-full\" src=\"https:\/\/franciscanos.org.br\/noticias\/wp-content\/uploads\/2023\/09\/massimo_cesar_20.jpg\" alt=\"\" width=\"1280\" height=\"720\" srcset=\"https:\/\/franciscanos.org.br\/noticias\/wp-content\/uploads\/2023\/09\/massimo_cesar_20.jpg 1280w, https:\/\/franciscanos.org.br\/noticias\/wp-content\/uploads\/2023\/09\/massimo_cesar_20-450x253.jpg 450w, https:\/\/franciscanos.org.br\/noticias\/wp-content\/uploads\/2023\/09\/massimo_cesar_20-1024x576.jpg 1024w, https:\/\/franciscanos.org.br\/noticias\/wp-content\/uploads\/2023\/09\/massimo_cesar_20-768x432.jpg 768w, https:\/\/franciscanos.org.br\/noticias\/wp-content\/uploads\/2023\/09\/massimo_cesar_20-150x84.jpg 150w\" sizes=\"(max-width: 1280px) 100vw, 1280px\" \/><p id=\"caption-attachment-244803\" class=\"wp-caption-text\"><em>Imagem da Missa de encerramento da Assembleia da UCLAF<\/em><\/p><\/div>\n<p>Depois de visitar a Prov\u00edncia da Imaculada Concei\u00e7\u00e3o do Brasil no final de janeiro e in\u00edcio de fevereiro, o Ministro Geral da Ordem dos Frades Menores, Frei Massimo Fusarelli, est\u00e1 de volta ao Brasil. Desta vez, o 121\u00ba sucessor de S\u00e3o Francisco, acompanhado pelo Definidor Geral para a Am\u00e9rica Latina e o Caribe, Frei C\u00e9sar K\u00fclkamp, visitam a Prov\u00edncia do Sant\u00edssimo Nome de Jesus, com sede em An\u00e1polis (GO). Frei Massimo e Frei C\u00e9sar passaram nesta quarta-feira de manh\u00e3 na Sede Provincial da Prov\u00edncia da Imaculada, em S\u00e3o Paulo, antes de seguir viagem para participar da Semana de Forma\u00e7\u00e3o Permanente, at\u00e9 o dia 23 de setembro, em Goi\u00e1s.<\/p>\n<p>Sua visita celebra os 80 anos da presen\u00e7a dos Frades Franciscanos no Cora\u00e7\u00e3o do Brasil. Foi no dia 12 de setembro de 1943, um domingo \u00e0 noite, quando 14 frades, aut\u00eanticos bandeirantes da f\u00e9, migraram para o Brasil, com o intuito de escrever um novo cap\u00edtulo da hist\u00f3ria da Prov\u00edncia do Sant\u00edssimo Nome de Jesus e da igreja na Am\u00e9rica Latina.<\/p>\n<p>Segundo o site dos frades de Goi\u00e1s, o Ministro Geral representa a leg\u00edtima sucess\u00e3o de S\u00e3o Francisco de Assis e simboliza a unidade e comunh\u00e3o de toda a Fraternidade (CCGG 7, \u00a72). &#8220;Portanto, \u00e9 com imensa alegria que recebemos essa honrosa visita. Sua presen\u00e7a n\u00e3o apenas fortalecer\u00e1 nossos la\u00e7os fraternos e nossa comunh\u00e3o, mas tamb\u00e9m servir\u00e1 como um est\u00edmulo para refor\u00e7ar o esp\u00edrito carism\u00e1tico da vida franciscana, especialmente neste contexto especial do 80\u00ba anivers\u00e1rio da Prov\u00edncia do Sant\u00edssimo Nome de Jesus do Brasil e dos Centen\u00e1rios da OFM, que celebram 800 anos da Regra Bulada e do Pres\u00e9pio de Greccio&#8221;, escreve.<\/p>\n<p>Em 2004, a Vice Prov\u00edncia se tornou Prov\u00edncia do SS. Nome de Jesus no Brasil. Atualmente ela conta com 42 frades professos perp\u00e9tuos, 8 professos tempor\u00e1rios, 4 novi\u00e7os, 9 postulantes, 3 aspirantes e 1 Frade em Tempo de Prova\u00e7\u00e3o. A atua\u00e7\u00e3o dos frades se estende em 10 guardianatos e 1 filial, 8 par\u00f3quias, 3 escolas e 3 emissoras de r\u00e1dio. A Prov\u00edncia tem uma casa de acolhida de vocacionados, uma de Postulantado, o Noviciado interprovincial (juntamente com a Cust\u00f3dia do Sagrado Cora\u00e7\u00e3o e das Sete Alegrias de Nossa Senhora) e uma casa de P\u00f3s-noviciado.<\/p>\n<p>Em seguida, Frei Massimo e Frei C\u00e9sar viajam para a Argentina, onde visitar\u00e3o a Prov\u00edncia S\u00e3o Francisco Solano, em Salta, durante o Encontro Provincial Anual, de 23 a 27 de setembro, momento de celebra\u00e7\u00e3o, reflex\u00e3o e anima\u00e7\u00e3o da forma de vida no marco do 8\u00ba Centen\u00e1rio da Regra e do Natal de Greccio.<\/p>\n<p>Atualmente, a Prov\u00edncia San Francisco Solano tem 59 frades de votos solenes, distribu\u00eddos em 15 Fraternidades em todo o pa\u00eds: desde o norte de Salta e Jujuy at\u00e9 o sul da prov\u00edncia de Buenos Aires. e do mar \u00e0 serra.<\/p>\n<p>O primeiro antecedente que concluiria com a cria\u00e7\u00e3o da prov\u00edncia de S\u00e3o Francisco Solano na Argentina foi a constitui\u00e7\u00e3o da Federa\u00e7\u00e3o Franciscana de Nossa Senhora de Luj\u00e1n, por decreto assinado pelo Ministro Geral Frei John Vaughn, em 13 de fevereiro de 1985. Os primeiros passos para a ere\u00e7\u00e3o de uma nova Vice Prov\u00edncia que se concluiria com a decis\u00e3o do Conselho Geral informando \u2013 em carta de 6 de dezembro de 1988 \u2013 que havia sido tomada a decis\u00e3o de tornar a Federa\u00e7\u00e3o uma Vice Prov\u00edncia, decis\u00e3o que se tornou realidade em 26 de outubro de 1989.<\/p>\n<p>Finalmente, depois de quinze anos de progresso, em 8 de dezembro de 2014, por meio de um decreto da C\u00faria Geral, a Vice Prov\u00edncia passou a ser considerada Prov\u00edncia.<\/p>\n<p>Frei Massimo e Frei C\u00e9sar foram eleitos no Cap\u00edtulo Geral em julho de 2021.<\/p>\n","protected":false},"excerpt":{"rendered":"<p>Ordem dos Frades Menores<\/p>\n","protected":false},"author":3,"featured_media":244806,"comment_status":"open","ping_status":"open","sticky":false,"template":"","format":"standard","meta":[],"categories":[1],"tags":[397],"acf":[],"yoast_head":"<!-- This site is optimized with the Yoast SEO plugin v19.2 - https:\/\/yoast.com\/wordpress\/plugins\/seo\/ -->\n<title>Ministro Geral est\u00e1 de volta ao Brasil - Not\u00edcias - Franciscanos<\/title>\n<meta name=\"robots\" content=\"index, follow, max-snippet:-1, max-image-preview:large, max-video-preview:-1\" \/>\n<link rel=\"canonical\" href=\"https:\/\/franciscanos.org.br\/noticias\/ministro-geral-esta-de-volta-ao-brasil.html\" \/>\n<meta property=\"og:locale\" content=\"pt_BR\" \/>\n<meta property=\"og:type\" content=\"article\" \/>\n<meta property=\"og:title\" content=\"Ministro Geral est\u00e1 de volta ao Brasil - Not\u00edcias - Franciscanos\" \/>\n<meta property=\"og:description\" content=\"Ordem dos Frades Menores\" \/>\n<meta property=\"og:url\" content=\"https:\/\/franciscanos.org.br\/noticias\/ministro-geral-esta-de-volta-ao-brasil.html\" \/>\n<meta property=\"og:site_name\" content=\"Not\u00edcias - Franciscanos\" \/>\n<meta property=\"article:published_time\" content=\"2023-09-20T16:41:06+00:00\" \/>\n<meta property=\"article:modified_time\" content=\"2023-09-20T16:43:19+00:00\" \/>\n<meta property=\"og:image\" content=\"https:\/\/franciscanos.org.br\/noticias\/wp-content\/uploads\/2023\/09\/massimo_cesar_20d.jpg\" \/>\n\t<meta property=\"og:image:width\" content=\"800\" \/>\n\t<meta property=\"og:image:height\" content=\"500\" \/>\n\t<meta property=\"og:image:type\" content=\"image\/jpeg\" \/>\n<meta name=\"author\" content=\"moacir\" \/>\n<meta name=\"twitter:card\" content=\"summary_large_image\" \/>\n<meta name=\"twitter:label1\" content=\"Escrito por\" \/>\n\t<meta name=\"twitter:data1\" content=\"moacir\" \/>\n\t<meta name=\"twitter:label2\" content=\"Est. tempo de leitura\" \/>\n\t<meta name=\"twitter:data2\" content=\"3 minutos\" \/>\n<script type=\"application\/ld+json\" class=\"yoast-schema-graph\">{\"@context\":\"https:\/\/schema.org\",\"@graph\":[{\"@type\":\"WebSite\",\"@id\":\"https:\/\/franciscanos.org.br\/noticias\/#website\",\"url\":\"https:\/\/franciscanos.org.br\/noticias\/\",\"name\":\"Not\u00edcias - Franciscanos\",\"description\":\"Prov\u00edncia Franciscana da Imaculada Concei\u00e7\u00e3o do Brasil - Ordem dos Frades Menores - OFM\",\"potentialAction\":[{\"@type\":\"SearchAction\",\"target\":{\"@type\":\"EntryPoint\",\"urlTemplate\":\"https:\/\/franciscanos.org.br\/noticias\/?s={search_term_string}\"},\"query-input\":\"required name=search_term_string\"}],\"inLanguage\":\"pt-BR\"},{\"@type\":\"ImageObject\",\"inLanguage\":\"pt-BR\",\"@id\":\"https:\/\/franciscanos.org.br\/noticias\/ministro-geral-esta-de-volta-ao-brasil.html#primaryimage\",\"url\":\"https:\/\/franciscanos.org.br\/noticias\/wp-content\/uploads\/2023\/09\/massimo_cesar_20d.jpg\",\"contentUrl\":\"https:\/\/franciscanos.org.br\/noticias\/wp-content\/uploads\/2023\/09\/massimo_cesar_20d.jpg\",\"width\":800,\"height\":500},{\"@type\":\"WebPage\",\"@id\":\"https:\/\/franciscanos.org.br\/noticias\/ministro-geral-esta-de-volta-ao-brasil.html#webpage\",\"url\":\"https:\/\/franciscanos.org.br\/noticias\/ministro-geral-esta-de-volta-ao-brasil.html\",\"name\":\"Ministro Geral est\u00e1 de volta ao Brasil - Not\u00edcias - Franciscanos\",\"isPartOf\":{\"@id\":\"https:\/\/franciscanos.org.br\/noticias\/#website\"},\"primaryImageOfPage\":{\"@id\":\"https:\/\/franciscanos.org.br\/noticias\/ministro-geral-esta-de-volta-ao-brasil.html#primaryimage\"},\"datePublished\":\"2023-09-20T16:41:06+00:00\",\"dateModified\":\"2023-09-20T16:43:19+00:00\",\"author\":{\"@id\":\"https:\/\/franciscanos.org.br\/noticias\/#\/schema\/person\/b5c8cba458c330ccff548b056e95a5d4\"},\"breadcrumb\":{\"@id\":\"https:\/\/franciscanos.org.br\/noticias\/ministro-geral-esta-de-volta-ao-brasil.html#breadcrumb\"},\"inLanguage\":\"pt-BR\",\"potentialAction\":[{\"@type\":\"ReadAction\",\"target\":[\"https:\/\/franciscanos.org.br\/noticias\/ministro-geral-esta-de-volta-ao-brasil.html\"]}]},{\"@type\":\"BreadcrumbList\",\"@id\":\"https:\/\/franciscanos.org.br\/noticias\/ministro-geral-esta-de-volta-ao-brasil.html#breadcrumb\",\"itemListElement\":[{\"@type\":\"ListItem\",\"position\":1,\"name\":\"Home\",\"item\":\"https:\/\/franciscanos.org.br\/noticias\"},{\"@type\":\"ListItem\",\"position\":2,\"name\":\"Ministro Geral est\u00e1 de volta ao Brasil\"}]},{\"@type\":\"Person\",\"@id\":\"https:\/\/franciscanos.org.br\/noticias\/#\/schema\/person\/b5c8cba458c330ccff548b056e95a5d4\",\"name\":\"moacir\",\"image\":{\"@type\":\"ImageObject\",\"inLanguage\":\"pt-BR\",\"@id\":\"https:\/\/franciscanos.org.br\/noticias\/#\/schema\/person\/image\/\",\"url\":\"https:\/\/secure.gravatar.com\/avatar\/d08aa2ce4c8dd416d4479aa8536fcf64?s=96&d=mm&r=g\",\"contentUrl\":\"https:\/\/secure.gravatar.com\/avatar\/d08aa2ce4c8dd416d4479aa8536fcf64?s=96&d=mm&r=g\",\"caption\":\"moacir\"},\"url\":\"https:\/\/franciscanos.org.br\/noticias\/author\/moacir\"}]}<\/script>\n<!-- \/ Yoast SEO plugin. -->","yoast_head_json":{"title":"Ministro Geral est\u00e1 de volta ao Brasil - Not\u00edcias - Franciscanos","robots":{"index":"index","follow":"follow","max-snippet":"max-snippet:-1","max-image-preview":"max-image-preview:large","max-video-preview":"max-video-preview:-1"},"canonical":"https:\/\/franciscanos.org.br\/noticias\/ministro-geral-esta-de-volta-ao-brasil.html","og_locale":"pt_BR","og_type":"article","og_title":"Ministro Geral est\u00e1 de volta ao Brasil - Not\u00edcias - Franciscanos","og_description":"Ordem dos Frades Menores","og_url":"https:\/\/franciscanos.org.br\/noticias\/ministro-geral-esta-de-volta-ao-brasil.html","og_site_name":"Not\u00edcias - Franciscanos","article_published_time":"2023-09-20T16:41:06+00:00","article_modified_time":"2023-09-20T16:43:19+00:00","og_image":[{"width":800,"height":500,"url":"https:\/\/franciscanos.org.br\/noticias\/wp-content\/uploads\/2023\/09\/massimo_cesar_20d.jpg","type":"image\/jpeg"}],"author":"moacir","twitter_card":"summary_large_image","twitter_misc":{"Escrito por":"moacir","Est. tempo de leitura":"3 minutos"},"schema":{"@context":"https:\/\/schema.org","@graph":[{"@type":"WebSite","@id":"https:\/\/franciscanos.org.br\/noticias\/#website","url":"https:\/\/franciscanos.org.br\/noticias\/","name":"Not\u00edcias - Franciscanos","description":"Prov\u00edncia Franciscana da Imaculada Concei\u00e7\u00e3o do Brasil - Ordem dos Frades Menores - OFM","potentialAction":[{"@type":"SearchAction","target":{"@type":"EntryPoint","urlTemplate":"https:\/\/franciscanos.org.br\/noticias\/?s={search_term_string}"},"query-input":"required name=search_term_string"}],"inLanguage":"pt-BR"},{"@type":"ImageObject","inLanguage":"pt-BR","@id":"https:\/\/franciscanos.org.br\/noticias\/ministro-geral-esta-de-volta-ao-brasil.html#primaryimage","url":"https:\/\/franciscanos.org.br\/noticias\/wp-content\/uploads\/2023\/09\/massimo_cesar_20d.jpg","contentUrl":"https:\/\/franciscanos.org.br\/noticias\/wp-content\/uploads\/2023\/09\/massimo_cesar_20d.jpg","width":800,"height":500},{"@type":"WebPage","@id":"https:\/\/franciscanos.org.br\/noticias\/ministro-geral-esta-de-volta-ao-brasil.html#webpage","url":"https:\/\/franciscanos.org.br\/noticias\/ministro-geral-esta-de-volta-ao-brasil.html","name":"Ministro Geral est\u00e1 de volta ao Brasil - Not\u00edcias - Franciscanos","isPartOf":{"@id":"https:\/\/franciscanos.org.br\/noticias\/#website"},"primaryImageOfPage":{"@id":"https:\/\/franciscanos.org.br\/noticias\/ministro-geral-esta-de-volta-ao-brasil.html#primaryimage"},"datePublished":"2023-09-20T16:41:06+00:00","dateModified":"2023-09-20T16:43:19+00:00","author":{"@id":"https:\/\/franciscanos.org.br\/noticias\/#\/schema\/person\/b5c8cba458c330ccff548b056e95a5d4"},"breadcrumb":{"@id":"https:\/\/franciscanos.org.br\/noticias\/ministro-geral-esta-de-volta-ao-brasil.html#breadcrumb"},"inLanguage":"pt-BR","potentialAction":[{"@type":"ReadAction","target":["https:\/\/franciscanos.org.br\/noticias\/ministro-geral-esta-de-volta-ao-brasil.html"]}]},{"@type":"BreadcrumbList","@id":"https:\/\/franciscanos.org.br\/noticias\/ministro-geral-esta-de-volta-ao-brasil.html#breadcrumb","itemListElement":[{"@type":"ListItem","position":1,"name":"Home","item":"https:\/\/franciscanos.org.br\/noticias"},{"@type":"ListItem","position":2,"name":"Ministro Geral est\u00e1 de volta ao Brasil"}]},{"@type":"Person","@id":"https:\/\/franciscanos.org.br\/noticias\/#\/schema\/person\/b5c8cba458c330ccff548b056e95a5d4","name":"moacir","image":{"@type":"ImageObject","inLanguage":"pt-BR","@id":"https:\/\/franciscanos.org.br\/noticias\/#\/schema\/person\/image\/","url":"https:\/\/secure.gravatar.com\/avatar\/d08aa2ce4c8dd416d4479aa8536fcf64?s=96&d=mm&r=g","contentUrl":"https:\/\/secure.gravatar.com\/avatar\/d08aa2ce4c8dd416d4479aa8536fcf64?s=96&d=mm&r=g","caption":"moacir"},"url":"https:\/\/franciscanos.org.br\/noticias\/author\/moacir"}]}},"_links":{"self":[{"href":"https:\/\/franciscanos.org.br\/noticias\/wp-json\/wp\/v2\/posts\/244802"}],"collection":[{"href":"https:\/\/franciscanos.org.br\/noticias\/wp-json\/wp\/v2\/posts"}],"about":[{"href":"https:\/\/franciscanos.org.br\/noticias\/wp-json\/wp\/v2\/types\/post"}],"author":[{"embeddable":true,"href":"https:\/\/franciscanos.org.br\/noticias\/wp-json\/wp\/v2\/users\/3"}],"replies":[{"embeddable":true,"href":"https:\/\/franciscanos.org.br\/noticias\/wp-json\/wp\/v2\/comments?post=244802"}],"version-history":[{"count":2,"href":"https:\/\/franciscanos.org.br\/noticias\/wp-json\/wp\/v2\/posts\/244802\/revisions"}],"predecessor-version":[{"id":244805,"href":"https:\/\/franciscanos.org.br\/noticias\/wp-json\/wp\/v2\/posts\/244802\/revisions\/244805"}],"wp:featuredmedia":[{"embeddable":true,"href":"https:\/\/franciscanos.org.br\/noticias\/wp-json\/wp\/v2\/media\/244806"}],"wp:attachment":[{"href":"https:\/\/franciscanos.org.br\/noticias\/wp-json\/wp\/v2\/media?parent=244802"}],"wp:term":[{"taxonomy":"category","embeddable":true,"href":"https:\/\/franciscanos.org.br\/noticias\/wp-json\/wp\/v2\/categories?post=244802"},{"taxonomy":"post_tag","embeddable":true,"href":"https:\/\/franciscanos.org.br\/noticias\/wp-json\/wp\/v2\/tags?post=244802"}],"curies":[{"name":"wp","href":"https:\/\/api.w.org\/{rel}","templated":true}]}}