{"id":244798,"date":"2023-09-20T11:21:03","date_gmt":"2023-09-20T14:21:03","guid":{"rendered":"https:\/\/franciscanos.org.br\/noticias\/?p=244798"},"modified":"2023-09-20T11:21:25","modified_gmt":"2023-09-20T14:21:25","slug":"aos-90-ano-falece-frei-dalvino-munaretto-em-braganca-paulista","status":"publish","type":"post","link":"https:\/\/franciscanos.org.br\/noticias\/aos-90-ano-falece-frei-dalvino-munaretto-em-braganca-paulista.html","title":{"rendered":"Aos 90 anos, falece Frei Dalvino Munaretto em Bragan\u00e7a Paulista"},"content":{"rendered":"<p><img loading=\"lazy\" class=\"alignnone size-full wp-image-244799\" src=\"https:\/\/franciscanos.org.br\/noticias\/wp-content\/uploads\/2023\/09\/dalvino_01.gif\" alt=\"\" width=\"1280\" height=\"720\" \/><\/p>\n<p>Faleceu na noite da ter\u00e7a-feira, dia 19 de setembro, na Fraternidade S\u00e3o Francisco de Assis, em Bragan\u00e7a Paulista, Frei Dalvino Munaretto, aos 90 anos.<\/p>\n<p>Ele estava vivendo nesta Fraternidade para tratamento de sa\u00fade desde fevereiro de 2020. Devido a uma queda, ele teve hemorragia cerebral e traumatismo craniano.<\/p>\n<p>O seu sepultamento ser\u00e1 nesta quinta-feira (21\/9), \u00e0s 15h, no Jazigo da Prov\u00edncia da Imaculada Concei\u00e7\u00e3o, no Cemit\u00e9rio do Sant\u00edssimo Sacramento, em S\u00e3o Paulo, SP.<\/p>\n<p><strong>\u00a0<\/strong><strong>DADOS PESSOAIS, FORMA\u00c7\u00c3O E ATIVIDADES<\/strong><\/p>\n<p><strong>Nascimento<\/strong>: 03\/11\/1932 (90 anos)<br \/>\nNatural de Joa\u00e7aba, SC.<br \/>\n<strong>Vesti\u00e7\u00e3o:<\/strong> 22\/12\/1956<br \/>\n<strong>Primeira Profiss\u00e3o:<\/strong> 23\/12\/1957 (65 anos)<br \/>\n<strong>Profiss\u00e3o Solene:<\/strong> 23\/12\/1960<br \/>\n<strong>Ordena\u00e7\u00e3o Presbiteral:<\/strong> 15\/12\/1962 (60 anos)<br \/>\n<strong>1957<\/strong> \u2013 Fraternidade S\u00e3o Francisco de Assis (Rodeio, SC) \u2013 Noviciado.<br \/>\n<strong>1958-1959<\/strong> \u2013 Fraternidade Bom Jesus dos Perd\u00f5es (Curitiba, PR) \u2013 Estudante de Filosofia.<br \/>\n<strong>1960-1963<\/strong> \u2013 Fraternidade Sagrado Cora\u00e7\u00e3o de Jesus (Petr\u00f3polis, RJ) \u2013 Estudante de Teologia.<br \/>\n<strong>1964<\/strong> \u2013 Fraternidade Santo Ant\u00f4nio (Rio de Janeiro, RJ) \u2013 Curso de Teologia Pastoral.<br \/>\n<strong>1965<\/strong> \u2013 Fraternidade Santo Est\u00eav\u00e3o (Ituporanga, SC) \u2013 Primeira experi\u00eancia na vida pastoral.<br \/>\n<strong>28\/01\/1968<\/strong> \u2013 Fraternidade Santo Amaro (Santo Amaro da Imperatriz, SC) &#8211; Guardi\u00e3o.<br \/>\n<strong>28\/01\/1974<\/strong> \u2013 Fraternidade Santa Teresinha (Joa\u00e7aba, SC) &#8211; Vig\u00e1rio Paroquial.<br \/>\n<strong>05\/12\/1978<\/strong> \u2013 Fraternidade N. Senhora do Ros\u00e1rio (Porto Uni\u00e3o, SC) \u2013 Guardi\u00e3o e Vig\u00e1rio Paroquial.<br \/>\n<strong>07\/03\/1979<\/strong> \u2013 Fraternidade N. Senhora do Ros\u00e1rio (Porto Uni\u00e3o, SC) &#8211; Guardi\u00e3o e Vig\u00e1rio Paroquial.<br \/>\n<strong>18\/01\/1986<\/strong> \u2013 Fraternidade Santo Ant\u00f4nio (Blumenau, SC) &#8211; Guardi\u00e3o e P\u00e1roco.<br \/>\n<strong>18\/01\/1989<\/strong> \u2013 Fraternidade Santo Ant\u00f4nio (Blumenau, SC) &#8211; Reeleito Guardi\u00e3o e P\u00e1roco.<br \/>\n<strong>18\/01\/1992<\/strong> \u2013 Fraternidade Santo Ant\u00f4nio (Blumenau, SC) &#8211; P\u00e1roco.<br \/>\n<strong>10\/01\/1995<\/strong> \u2013 Fraternidade Santo Ant\u00f4nio (Blumenau, SC) &#8211; Vig\u00e1rio Paroquial.<br \/>\n<strong>05\/12\/1996<\/strong> \u2013 Fraternidade Santo Ant\u00f4nio (Florian\u00f3polis, SC) &#8211; Vig\u00e1rio Paroquial.<br \/>\n<strong>01\/12\/1997<\/strong> &#8211; \u00a0Fraternidade Santo Ant\u00f4nio (Florian\u00f3polis, SC) &#8211; Guardi\u00e3o e P\u00e1roco.<br \/>\n<strong>22\/11\/2000<\/strong> &#8211; \u00a0Fraternidade Santo Ant\u00f4nio (Florian\u00f3polis, SC) &#8211; Guardi\u00e3o e P\u00e1roco.<br \/>\n<strong>07\/11\/2003 <\/strong>\u2013 Fraternidade Patroc\u00ednio de S\u00e3o Jos\u00e9 (Lages, SC) &#8211; Atendente Conventual.<br \/>\n<strong>17\/12\/2009<\/strong> \u2013 Fraternidade S\u00e3o Boaventura (Campo Largo, PR) \u2013 Tratamento de sa\u00fade.<br \/>\n<strong>12\/12\/2012<\/strong> \u2013 Fraternidade Bom Jesus dos Perd\u00f5es (Curitiba, PR) &#8211; Atendente Conventual.<br \/>\n<strong>13\/02\/2020<\/strong> \u2013 Fraternidade S\u00e3o Francisco de Assis (Bragan\u00e7a Paulista, SP) &#8211; Tratamento de sa\u00fade.<\/p>\n<p><strong>O FRADE MENOR<\/strong><\/p>\n<p>Frei Dalvino nasceu em 3 de novembro de 1932, em Joa\u00e7aba (SC), mas viveu sua inf\u00e2ncia em Suruvi, na capela S\u00e3o Roque da Par\u00f3quia Nossa Senhora do Ros\u00e1rio, distante 8 Kms da cidade de Conc\u00f3rdia (SC).<\/p>\n<p>Seus pais, Jos\u00e9 e Magdalena Munaretto, eram imigrantes italianos, tiveram nove filhos (cinco homens e quatro mulheres), sendo Frei Dalvino o quarto deles. Dentre as lembran\u00e7as mais marcantes de sua vida, recordava que os pais guardavam a religiosidade tradicional dos italianos. &#8220;O ter\u00e7o era sagrado todas as noites&#8221;, dizia.<\/p>\n<p>Sem estudos, seus pais souberam educar com maestria os filhos. &#8220;Menos o irm\u00e3o mais velho, todos fizeram estudos superiores&#8221;, contou o frade, detalhando sua vida na ficha autobiogr\u00e1fica.<\/p>\n<p>Segundo Frei Dalvino, seu pai foi um desbravador no Oeste Catarinense, mais precisamente de Erechim at\u00e9 Conc\u00f3rdia: &#8220;Enfrentou os jagun\u00e7os. Come\u00e7ou a vida com muita luta e coragem. Tive uma fam\u00edlia agraciada por Deus, quer em sa\u00fade, quer na vida econ\u00f4mica. Sempre tivemos sorte nos empreendimentos. Meu pai foi colono, comerciante e industrial. Dos filhos, um \u00e9 fazendeiro, outro jurista, outro padre, outro dentista e um morreu no Semin\u00e1rio&#8221;.<\/p>\n<p><strong>A voca\u00e7\u00e3o<\/strong><\/p>\n<p>Para o frade, o maior desejo de seus pais era que um filho se consagrasse a Deus. &#8220;Sempre se fez ora\u00e7\u00f5es neste sentido&#8221;, observou. A influ\u00eancia tamb\u00e9m vinha de sua Comunidade profundamente religiosa. &#8220;Sem nenhuma mistura de outros credos ou religi\u00f5es, uma vez que nossa comunidade era quase s\u00f3 de ita1ianos&#8221;, disse ele, embora lamentasse &#8220;um certo bairrismo&#8221;.<\/p>\n<p>O despertar vocacional come\u00e7ou, segundo o frade, por &#8220;convites constantes dos padres franciscanos que nos visitavam e se hospedavam em nossa casa&#8221;. Al\u00e9m disso, havia o desejo dos pais e o exemplo de um colega que ingressou no semin\u00e1rio e o ajudou a tomar a decis\u00e3o. &#8220;Nas f\u00e9rias, este colega me impressionou pelo comportamento e piedade. Senti vontade de ser igual a ele&#8221;, confessou. Em 1947, Frei Dalvino ingressou no Juvenato de Luzerna, onde n\u00e3o perdia uma partida de futebol, seu esporte favorito.<\/p>\n<p><strong>\u00a0<\/strong><strong>Personalidade<\/strong><\/p>\n<p>Frei Dalvino se definia com &#8220;um tanto impositivo e, ao mesmo tempo, inseguro&#8221;, destacando sua espontaneidade e alegria. &#8220;\u00c9 verdade que tenho medo de iniciar um projeto, mas uma vez come\u00e7ado, levo-o at\u00e9 o fim. Sou um tipo disposto e sem pregui\u00e7a&#8221;, avalia, contando que gostava de se vestir bem, como era pr\u00f3prio na fam\u00edlia, &#8220;sem quebrar o esp\u00edrito de pobreza. Sou econ\u00f4mico e seguro como todo italiano&#8221;.<\/p>\n<p>Essa inseguran\u00e7a come\u00e7a a mudar no tempo da Filosofia, onde considera que amadureceu. &#8220;Recebi encargos entre os frades e, com isso, pude despertar a minha personalidade e comecei a assumir uma vida religiosa pessoal&#8221;, explicou.<\/p>\n<p>&#8220;Comecei a ser gente, religioso e sacerdote quando passei a fazer pastoral&#8221;, acrescentou. &#8220;Aprendi a rezar sem muitas f\u00f3rmulas, na espontaneidade. Quando comecei a viver o cristianismo, deixando de lado um pouco do moralismo, onde tudo se apresentava como pecado moral, aos poucos fui me definindo, acentuando minha identidade religiosa. Hoje, vivo a liberdade sadia do ser crist\u00e3o, religioso e presb\u00edtero&#8221;, considerou.<\/p>\n<p>Ele ressalta que no tempo de forma\u00e7\u00e3o, falava-se muito do sacerd\u00f3cio e menos da vida religiosa. &#8220;Hoje, penso antes em ser franciscano, viver a vida franciscana, baseada na vida de ora\u00e7\u00e3o e na conviv\u00eancia com os confrades. Se n\u00e3o fosse para ser franciscano n\u00e3o seria sacerdote&#8221;, explicou.<\/p>\n<p>Frei Dalvino gostava da pastoral do povo simples e se dedicava \u00e0s comunidades rurais. &#8220;Gosto da prega\u00e7\u00e3o, de falar ao povo. Gosto de uma liturgia bem vivida. Gosto de administra\u00e7\u00e3o, dirigir e encaminhar as comunidades, lidero sem absorver as lideran\u00e7as&#8221;, avaliava.<\/p>\n<p>Vivia sua vida religiosa, sustentada segundo ele, em ora\u00e7\u00e3o \u00edntima com Deus e uma constante &#8220;caridade generosa para com meu povo&#8221;. Para ele, a vida religiosa franciscana est\u00e1 em viver a alegria da gra\u00e7a diariamente.<\/p>\n<p><strong>R.I.P<\/strong><\/p>\n","protected":false},"excerpt":{"rendered":"<p>Prov\u00edncia de luto<\/p>\n","protected":false},"author":3,"featured_media":244799,"comment_status":"open","ping_status":"open","sticky":false,"template":"","format":"standard","meta":[],"categories":[1],"tags":[1160],"acf":[],"yoast_head":"<!-- This site is optimized with the Yoast SEO plugin v19.2 - https:\/\/yoast.com\/wordpress\/plugins\/seo\/ -->\n<title>Aos 90 anos, falece Frei Dalvino Munaretto em Bragan\u00e7a Paulista - Not\u00edcias - Franciscanos<\/title>\n<meta name=\"robots\" content=\"index, follow, max-snippet:-1, max-image-preview:large, max-video-preview:-1\" \/>\n<link rel=\"canonical\" href=\"https:\/\/franciscanos.org.br\/noticias\/aos-90-ano-falece-frei-dalvino-munaretto-em-braganca-paulista.html\" \/>\n<meta property=\"og:locale\" content=\"pt_BR\" \/>\n<meta property=\"og:type\" content=\"article\" \/>\n<meta property=\"og:title\" content=\"Aos 90 anos, falece Frei Dalvino Munaretto em Bragan\u00e7a Paulista - Not\u00edcias - Franciscanos\" \/>\n<meta property=\"og:description\" content=\"Prov\u00edncia de luto\" \/>\n<meta property=\"og:url\" content=\"https:\/\/franciscanos.org.br\/noticias\/aos-90-ano-falece-frei-dalvino-munaretto-em-braganca-paulista.html\" \/>\n<meta property=\"og:site_name\" content=\"Not\u00edcias - Franciscanos\" \/>\n<meta property=\"article:published_time\" content=\"2023-09-20T14:21:03+00:00\" \/>\n<meta property=\"article:modified_time\" content=\"2023-09-20T14:21:25+00:00\" \/>\n<meta property=\"og:image\" content=\"https:\/\/franciscanos.org.br\/noticias\/wp-content\/uploads\/2023\/09\/dalvino_01.gif\" \/>\n\t<meta property=\"og:image:width\" content=\"1280\" \/>\n\t<meta property=\"og:image:height\" content=\"720\" \/>\n\t<meta property=\"og:image:type\" content=\"image\/gif\" \/>\n<meta name=\"author\" content=\"moacir\" \/>\n<meta name=\"twitter:card\" content=\"summary_large_image\" \/>\n<meta name=\"twitter:label1\" content=\"Escrito por\" \/>\n\t<meta name=\"twitter:data1\" content=\"moacir\" \/>\n\t<meta name=\"twitter:label2\" content=\"Est. tempo de leitura\" \/>\n\t<meta name=\"twitter:data2\" content=\"5 minutos\" \/>\n<script type=\"application\/ld+json\" class=\"yoast-schema-graph\">{\"@context\":\"https:\/\/schema.org\",\"@graph\":[{\"@type\":\"WebSite\",\"@id\":\"https:\/\/franciscanos.org.br\/noticias\/#website\",\"url\":\"https:\/\/franciscanos.org.br\/noticias\/\",\"name\":\"Not\u00edcias - Franciscanos\",\"description\":\"Prov\u00edncia Franciscana da Imaculada Concei\u00e7\u00e3o do Brasil - Ordem dos Frades Menores - OFM\",\"potentialAction\":[{\"@type\":\"SearchAction\",\"target\":{\"@type\":\"EntryPoint\",\"urlTemplate\":\"https:\/\/franciscanos.org.br\/noticias\/?s={search_term_string}\"},\"query-input\":\"required name=search_term_string\"}],\"inLanguage\":\"pt-BR\"},{\"@type\":\"ImageObject\",\"inLanguage\":\"pt-BR\",\"@id\":\"https:\/\/franciscanos.org.br\/noticias\/aos-90-ano-falece-frei-dalvino-munaretto-em-braganca-paulista.html#primaryimage\",\"url\":\"https:\/\/franciscanos.org.br\/noticias\/wp-content\/uploads\/2023\/09\/dalvino_01.gif\",\"contentUrl\":\"https:\/\/franciscanos.org.br\/noticias\/wp-content\/uploads\/2023\/09\/dalvino_01.gif\",\"width\":1280,\"height\":720},{\"@type\":\"WebPage\",\"@id\":\"https:\/\/franciscanos.org.br\/noticias\/aos-90-ano-falece-frei-dalvino-munaretto-em-braganca-paulista.html#webpage\",\"url\":\"https:\/\/franciscanos.org.br\/noticias\/aos-90-ano-falece-frei-dalvino-munaretto-em-braganca-paulista.html\",\"name\":\"Aos 90 anos, falece Frei Dalvino Munaretto em Bragan\u00e7a Paulista - Not\u00edcias - Franciscanos\",\"isPartOf\":{\"@id\":\"https:\/\/franciscanos.org.br\/noticias\/#website\"},\"primaryImageOfPage\":{\"@id\":\"https:\/\/franciscanos.org.br\/noticias\/aos-90-ano-falece-frei-dalvino-munaretto-em-braganca-paulista.html#primaryimage\"},\"datePublished\":\"2023-09-20T14:21:03+00:00\",\"dateModified\":\"2023-09-20T14:21:25+00:00\",\"author\":{\"@id\":\"https:\/\/franciscanos.org.br\/noticias\/#\/schema\/person\/b5c8cba458c330ccff548b056e95a5d4\"},\"breadcrumb\":{\"@id\":\"https:\/\/franciscanos.org.br\/noticias\/aos-90-ano-falece-frei-dalvino-munaretto-em-braganca-paulista.html#breadcrumb\"},\"inLanguage\":\"pt-BR\",\"potentialAction\":[{\"@type\":\"ReadAction\",\"target\":[\"https:\/\/franciscanos.org.br\/noticias\/aos-90-ano-falece-frei-dalvino-munaretto-em-braganca-paulista.html\"]}]},{\"@type\":\"BreadcrumbList\",\"@id\":\"https:\/\/franciscanos.org.br\/noticias\/aos-90-ano-falece-frei-dalvino-munaretto-em-braganca-paulista.html#breadcrumb\",\"itemListElement\":[{\"@type\":\"ListItem\",\"position\":1,\"name\":\"Home\",\"item\":\"https:\/\/franciscanos.org.br\/noticias\"},{\"@type\":\"ListItem\",\"position\":2,\"name\":\"Aos 90 anos, falece Frei Dalvino Munaretto em Bragan\u00e7a Paulista\"}]},{\"@type\":\"Person\",\"@id\":\"https:\/\/franciscanos.org.br\/noticias\/#\/schema\/person\/b5c8cba458c330ccff548b056e95a5d4\",\"name\":\"moacir\",\"image\":{\"@type\":\"ImageObject\",\"inLanguage\":\"pt-BR\",\"@id\":\"https:\/\/franciscanos.org.br\/noticias\/#\/schema\/person\/image\/\",\"url\":\"https:\/\/secure.gravatar.com\/avatar\/d08aa2ce4c8dd416d4479aa8536fcf64?s=96&d=mm&r=g\",\"contentUrl\":\"https:\/\/secure.gravatar.com\/avatar\/d08aa2ce4c8dd416d4479aa8536fcf64?s=96&d=mm&r=g\",\"caption\":\"moacir\"},\"url\":\"https:\/\/franciscanos.org.br\/noticias\/author\/moacir\"}]}<\/script>\n<!-- \/ Yoast SEO plugin. -->","yoast_head_json":{"title":"Aos 90 anos, falece Frei Dalvino Munaretto em Bragan\u00e7a Paulista - Not\u00edcias - Franciscanos","robots":{"index":"index","follow":"follow","max-snippet":"max-snippet:-1","max-image-preview":"max-image-preview:large","max-video-preview":"max-video-preview:-1"},"canonical":"https:\/\/franciscanos.org.br\/noticias\/aos-90-ano-falece-frei-dalvino-munaretto-em-braganca-paulista.html","og_locale":"pt_BR","og_type":"article","og_title":"Aos 90 anos, falece Frei Dalvino Munaretto em Bragan\u00e7a Paulista - Not\u00edcias - Franciscanos","og_description":"Prov\u00edncia de luto","og_url":"https:\/\/franciscanos.org.br\/noticias\/aos-90-ano-falece-frei-dalvino-munaretto-em-braganca-paulista.html","og_site_name":"Not\u00edcias - Franciscanos","article_published_time":"2023-09-20T14:21:03+00:00","article_modified_time":"2023-09-20T14:21:25+00:00","og_image":[{"width":1280,"height":720,"url":"https:\/\/franciscanos.org.br\/noticias\/wp-content\/uploads\/2023\/09\/dalvino_01.gif","type":"image\/gif"}],"author":"moacir","twitter_card":"summary_large_image","twitter_misc":{"Escrito por":"moacir","Est. tempo de leitura":"5 minutos"},"schema":{"@context":"https:\/\/schema.org","@graph":[{"@type":"WebSite","@id":"https:\/\/franciscanos.org.br\/noticias\/#website","url":"https:\/\/franciscanos.org.br\/noticias\/","name":"Not\u00edcias - Franciscanos","description":"Prov\u00edncia Franciscana da Imaculada Concei\u00e7\u00e3o do Brasil - Ordem dos Frades Menores - OFM","potentialAction":[{"@type":"SearchAction","target":{"@type":"EntryPoint","urlTemplate":"https:\/\/franciscanos.org.br\/noticias\/?s={search_term_string}"},"query-input":"required name=search_term_string"}],"inLanguage":"pt-BR"},{"@type":"ImageObject","inLanguage":"pt-BR","@id":"https:\/\/franciscanos.org.br\/noticias\/aos-90-ano-falece-frei-dalvino-munaretto-em-braganca-paulista.html#primaryimage","url":"https:\/\/franciscanos.org.br\/noticias\/wp-content\/uploads\/2023\/09\/dalvino_01.gif","contentUrl":"https:\/\/franciscanos.org.br\/noticias\/wp-content\/uploads\/2023\/09\/dalvino_01.gif","width":1280,"height":720},{"@type":"WebPage","@id":"https:\/\/franciscanos.org.br\/noticias\/aos-90-ano-falece-frei-dalvino-munaretto-em-braganca-paulista.html#webpage","url":"https:\/\/franciscanos.org.br\/noticias\/aos-90-ano-falece-frei-dalvino-munaretto-em-braganca-paulista.html","name":"Aos 90 anos, falece Frei Dalvino Munaretto em Bragan\u00e7a Paulista - Not\u00edcias - Franciscanos","isPartOf":{"@id":"https:\/\/franciscanos.org.br\/noticias\/#website"},"primaryImageOfPage":{"@id":"https:\/\/franciscanos.org.br\/noticias\/aos-90-ano-falece-frei-dalvino-munaretto-em-braganca-paulista.html#primaryimage"},"datePublished":"2023-09-20T14:21:03+00:00","dateModified":"2023-09-20T14:21:25+00:00","author":{"@id":"https:\/\/franciscanos.org.br\/noticias\/#\/schema\/person\/b5c8cba458c330ccff548b056e95a5d4"},"breadcrumb":{"@id":"https:\/\/franciscanos.org.br\/noticias\/aos-90-ano-falece-frei-dalvino-munaretto-em-braganca-paulista.html#breadcrumb"},"inLanguage":"pt-BR","potentialAction":[{"@type":"ReadAction","target":["https:\/\/franciscanos.org.br\/noticias\/aos-90-ano-falece-frei-dalvino-munaretto-em-braganca-paulista.html"]}]},{"@type":"BreadcrumbList","@id":"https:\/\/franciscanos.org.br\/noticias\/aos-90-ano-falece-frei-dalvino-munaretto-em-braganca-paulista.html#breadcrumb","itemListElement":[{"@type":"ListItem","position":1,"name":"Home","item":"https:\/\/franciscanos.org.br\/noticias"},{"@type":"ListItem","position":2,"name":"Aos 90 anos, falece Frei Dalvino Munaretto em Bragan\u00e7a Paulista"}]},{"@type":"Person","@id":"https:\/\/franciscanos.org.br\/noticias\/#\/schema\/person\/b5c8cba458c330ccff548b056e95a5d4","name":"moacir","image":{"@type":"ImageObject","inLanguage":"pt-BR","@id":"https:\/\/franciscanos.org.br\/noticias\/#\/schema\/person\/image\/","url":"https:\/\/secure.gravatar.com\/avatar\/d08aa2ce4c8dd416d4479aa8536fcf64?s=96&d=mm&r=g","contentUrl":"https:\/\/secure.gravatar.com\/avatar\/d08aa2ce4c8dd416d4479aa8536fcf64?s=96&d=mm&r=g","caption":"moacir"},"url":"https:\/\/franciscanos.org.br\/noticias\/author\/moacir"}]}},"_links":{"self":[{"href":"https:\/\/franciscanos.org.br\/noticias\/wp-json\/wp\/v2\/posts\/244798"}],"collection":[{"href":"https:\/\/franciscanos.org.br\/noticias\/wp-json\/wp\/v2\/posts"}],"about":[{"href":"https:\/\/franciscanos.org.br\/noticias\/wp-json\/wp\/v2\/types\/post"}],"author":[{"embeddable":true,"href":"https:\/\/franciscanos.org.br\/noticias\/wp-json\/wp\/v2\/users\/3"}],"replies":[{"embeddable":true,"href":"https:\/\/franciscanos.org.br\/noticias\/wp-json\/wp\/v2\/comments?post=244798"}],"version-history":[{"count":2,"href":"https:\/\/franciscanos.org.br\/noticias\/wp-json\/wp\/v2\/posts\/244798\/revisions"}],"predecessor-version":[{"id":244801,"href":"https:\/\/franciscanos.org.br\/noticias\/wp-json\/wp\/v2\/posts\/244798\/revisions\/244801"}],"wp:featuredmedia":[{"embeddable":true,"href":"https:\/\/franciscanos.org.br\/noticias\/wp-json\/wp\/v2\/media\/244799"}],"wp:attachment":[{"href":"https:\/\/franciscanos.org.br\/noticias\/wp-json\/wp\/v2\/media?parent=244798"}],"wp:term":[{"taxonomy":"category","embeddable":true,"href":"https:\/\/franciscanos.org.br\/noticias\/wp-json\/wp\/v2\/categories?post=244798"},{"taxonomy":"post_tag","embeddable":true,"href":"https:\/\/franciscanos.org.br\/noticias\/wp-json\/wp\/v2\/tags?post=244798"}],"curies":[{"name":"wp","href":"https:\/\/api.w.org\/{rel}","templated":true}]}}