{"id":244791,"date":"2023-09-20T09:41:53","date_gmt":"2023-09-20T12:41:53","guid":{"rendered":"https:\/\/franciscanos.org.br\/noticias\/?p=244791"},"modified":"2023-09-20T09:41:53","modified_gmt":"2023-09-20T12:41:53","slug":"conferencia-africana-da-ordem-dos-frades-menores-se-reune-na-africa-do-sul","status":"publish","type":"post","link":"https:\/\/franciscanos.org.br\/noticias\/conferencia-africana-da-ordem-dos-frades-menores-se-reune-na-africa-do-sul.html","title":{"rendered":"Confer\u00eancia Africana da Ordem dos Frades Menores se re\u00fane na \u00c1frica do Sul"},"content":{"rendered":"<p><img loading=\"lazy\" class=\"alignnone size-full wp-image-244792\" src=\"https:\/\/franciscanos.org.br\/noticias\/wp-content\/uploads\/2023\/09\/conferencia_africana_2009.jpg\" alt=\"\" width=\"1280\" height=\"720\" srcset=\"https:\/\/franciscanos.org.br\/noticias\/wp-content\/uploads\/2023\/09\/conferencia_africana_2009.jpg 1280w, https:\/\/franciscanos.org.br\/noticias\/wp-content\/uploads\/2023\/09\/conferencia_africana_2009-450x253.jpg 450w, https:\/\/franciscanos.org.br\/noticias\/wp-content\/uploads\/2023\/09\/conferencia_africana_2009-1024x576.jpg 1024w, https:\/\/franciscanos.org.br\/noticias\/wp-content\/uploads\/2023\/09\/conferencia_africana_2009-768x432.jpg 768w, https:\/\/franciscanos.org.br\/noticias\/wp-content\/uploads\/2023\/09\/conferencia_africana_2009-150x84.jpg 150w\" sizes=\"(max-width: 1280px) 100vw, 1280px\" \/><\/p>\n<p><strong>Joanesburgo (AS) <\/strong>\u00a0&#8211; Decorre na \u00c1frica do Sul a 7\u00aa Sess\u00e3o da Confer\u00eancia Africana da Ordem dos Frades Menores. O encontro teve in\u00edcio nesta segunda-feira, dia 18, e termina dia 22 de Setembro. Conta com a presen\u00e7a do Definidor Geral para \u00c1frica, Frei Victor Quematcha, e representantes de 12 entidades.<\/p>\n<p>As exposi\u00e7\u00f5es e comunica\u00e7\u00f5es est\u00e3o sendo feitas em ingl\u00eas e franc\u00eas. Em momentos muito particulares tamb\u00e9m se usa o italiano. Os dois primeiros dias foram reservados \u00e0 partilha da Vida e Miss\u00e3o das entidades. Entre alegrias, desafios e esperan\u00e7as, de forma estat\u00edstica, \u00e9 vis\u00edvel o florescimento do Carisma Franciscano na \u00c1frica. Igualmente, os Ministros provinciais, Cust\u00f3dios e Presidentes das funda\u00e7\u00f5es se alegram com a Funda\u00e7\u00e3o Imaculada M\u00e3e de Deus de Angola (FIMDA). Os ministros d\u00e3o gra\u00e7as a Deus e enaltecem o esfor\u00e7o grandioso da Prov\u00edncia da Imaculada Concei\u00e7\u00e3o do Brasil pela partilha, crescimento e consolida\u00e7\u00e3o da Ordem Franciscana em Angola. A FIMDA est\u00e1 entre as entidades com maior n\u00famero de frades no Continente Africano.<\/p>\n<p>Durante a assembleia v\u00e3o merecer destaque assuntos como: a releitura das principais comemora\u00e7\u00f5es e Jubileus da Ordem, s\u00edntese da \u00faltima reuni\u00e3o da Confer\u00eancia Africana no Togo (Lom\u00e9) &#8211; 2022, prepara\u00e7\u00e3o do encontro do Definit\u00f3rio Geral com a Confer\u00eancia em janeiro do pr\u00f3ximo ano em Nair\u00f3bi (Qu\u00e9nia), prote\u00e7\u00e3o de menores e vulner\u00e1veis, autossustentabilidade financeira das entidades.<\/p>\n\n\t\t<style type=\"text\/css\">\n\t\t\t#gallery-1 {\n\t\t\t\tmargin: auto;\n\t\t\t}\n\t\t\t#gallery-1 .gallery-item {\n\t\t\t\tfloat: left;\n\t\t\t\tmargin-top: 10px;\n\t\t\t\ttext-align: center;\n\t\t\t\twidth: 25%;\n\t\t\t}\n\t\t\t#gallery-1 img {\n\t\t\t\tborder: 2px solid #cfcfcf;\n\t\t\t}\n\t\t\t#gallery-1 .gallery-caption {\n\t\t\t\tmargin-left: 0;\n\t\t\t}\n\t\t\t\/* see gallery_shortcode() in wp-includes\/media.php *\/\n\t\t<\/style>\n\t\t<div id='gallery-1' class='gallery galleryid-244791 gallery-columns-4 gallery-size-thumbnail'><dl class='gallery-item'>\n\t\t\t<dt class='gallery-icon landscape'>\n\t\t\t\t<a href='https:\/\/franciscanos.org.br\/noticias\/wp-content\/uploads\/2023\/09\/conferencia_01.jpg'><img width=\"300\" height=\"300\" src=\"https:\/\/franciscanos.org.br\/noticias\/wp-content\/uploads\/2023\/09\/conferencia_01-300x300.jpg\" class=\"attachment-thumbnail size-thumbnail\" alt=\"\" loading=\"lazy\" aria-describedby=\"gallery-1-244793\" srcset=\"https:\/\/franciscanos.org.br\/noticias\/wp-content\/uploads\/2023\/09\/conferencia_01-300x300.jpg 300w, https:\/\/franciscanos.org.br\/noticias\/wp-content\/uploads\/2023\/09\/conferencia_01-100x100.jpg 100w\" sizes=\"(max-width: 300px) 100vw, 300px\" \/><\/a>\n\t\t\t<\/dt>\n\t\t\t\t<dd class='wp-caption-text gallery-caption' id='gallery-1-244793'>\n\t\t\t\tFrei Victor &#8211; Definidor Geral para \u00c1frica\n\t\t\t\t<\/dd><\/dl><dl class='gallery-item'>\n\t\t\t<dt class='gallery-icon landscape'>\n\t\t\t\t<a href='https:\/\/franciscanos.org.br\/noticias\/wp-content\/uploads\/2023\/09\/conferencia_02.jpg'><img width=\"300\" height=\"300\" src=\"https:\/\/franciscanos.org.br\/noticias\/wp-content\/uploads\/2023\/09\/conferencia_02-300x300.jpg\" class=\"attachment-thumbnail size-thumbnail\" alt=\"\" loading=\"lazy\" aria-describedby=\"gallery-1-244794\" srcset=\"https:\/\/franciscanos.org.br\/noticias\/wp-content\/uploads\/2023\/09\/conferencia_02-300x300.jpg 300w, https:\/\/franciscanos.org.br\/noticias\/wp-content\/uploads\/2023\/09\/conferencia_02-100x100.jpg 100w\" sizes=\"(max-width: 300px) 100vw, 300px\" \/><\/a>\n\t\t\t<\/dt>\n\t\t\t\t<dd class='wp-caption-text gallery-caption' id='gallery-1-244794'>\n\t\t\t\tFrei Virgile Agbessi &#8211; Presidente da Confer\u00eancia Africana\u00a0\n\t\t\t\t<\/dd><\/dl><dl class='gallery-item'>\n\t\t\t<dt class='gallery-icon landscape'>\n\t\t\t\t<a href='https:\/\/franciscanos.org.br\/noticias\/wp-content\/uploads\/2023\/09\/conferencia_03.jpg'><img width=\"300\" height=\"300\" src=\"https:\/\/franciscanos.org.br\/noticias\/wp-content\/uploads\/2023\/09\/conferencia_03-300x300.jpg\" class=\"attachment-thumbnail size-thumbnail\" alt=\"\" loading=\"lazy\" aria-describedby=\"gallery-1-244795\" srcset=\"https:\/\/franciscanos.org.br\/noticias\/wp-content\/uploads\/2023\/09\/conferencia_03-300x300.jpg 300w, https:\/\/franciscanos.org.br\/noticias\/wp-content\/uploads\/2023\/09\/conferencia_03-150x149.jpg 150w, https:\/\/franciscanos.org.br\/noticias\/wp-content\/uploads\/2023\/09\/conferencia_03-100x100.jpg 100w\" sizes=\"(max-width: 300px) 100vw, 300px\" \/><\/a>\n\t\t\t<\/dt>\n\t\t\t\t<dd class='wp-caption-text gallery-caption' id='gallery-1-244795'>\n\t\t\t\tFrei Siphelele Paul &#8211; Vice Presidente da Confer\u00eancia\n\t\t\t\t<\/dd><\/dl><dl class='gallery-item'>\n\t\t\t<dt class='gallery-icon landscape'>\n\t\t\t\t<a href='https:\/\/franciscanos.org.br\/noticias\/wp-content\/uploads\/2023\/09\/conferencia_04.jpg'><img width=\"300\" height=\"300\" src=\"https:\/\/franciscanos.org.br\/noticias\/wp-content\/uploads\/2023\/09\/conferencia_04-300x300.jpg\" class=\"attachment-thumbnail size-thumbnail\" alt=\"\" loading=\"lazy\" aria-describedby=\"gallery-1-244796\" srcset=\"https:\/\/franciscanos.org.br\/noticias\/wp-content\/uploads\/2023\/09\/conferencia_04-300x300.jpg 300w, https:\/\/franciscanos.org.br\/noticias\/wp-content\/uploads\/2023\/09\/conferencia_04-100x100.jpg 100w\" sizes=\"(max-width: 300px) 100vw, 300px\" \/><\/a>\n\t\t\t<\/dt>\n\t\t\t\t<dd class='wp-caption-text gallery-caption' id='gallery-1-244796'>\n\t\t\t\tFrei Lage Afonso &#8211; secret\u00e1rio e ec\u00f4nomo da Confer\u00eancia\n\t\t\t\t<\/dd><\/dl><br style=\"clear: both\" \/>\n\t\t<\/div>\n\n<p><strong>Participam desta Confer\u00eancia<\/strong>: Frei Virgile Agbessi, da Prov\u00edncia do Verbo Encarnado &#8211; \u00c1frica Ocidental; Frei Fredick, Prov\u00edncia de S\u00e3o Francisco de Assis &#8211; \u00c1frica do Leste; Frei Gregoire Bowa-Kateta, da Prov\u00edncia de Santa Maria dos Anjos &#8211; Rep\u00fablica Democr\u00e1tica do Congo (RDC); Frei Andre Marhabale, da Prov\u00edncia de S\u00e3o Benedito Africano &#8211; Rep\u00fablica Democr\u00e1tica do Congo (RDC), Frei Siphelele Paul Gwanisheni, da Prov\u00edncia de Nossa Senhora Rainha da Paz &#8211; \u00c1frica do Sul; Frei St\u00e9phane Delaveue, da Cust\u00f3dia dos Santos M\u00e1rtires &#8211; Marrocos; Frei Lage Afonso, da Cust\u00f3dia de Santa Clara \u2013 Mo\u00e7ambique; Frei Armando Coss\u00e1, da Cust\u00f3dia de S\u00e3o Francisco de Assis &#8211; Guin\u00e9 Bissau; Frei Thomas Makamure, da Cust\u00f3dia do Bom Pastor \u2013 Zimb\u00e1bwe; Frei Canga Manuel Mazoa (representando Frei Ivair Bueno de Carvalho Presidente da FIMDA), da Funda\u00e7\u00e3o Imaculada M\u00e3e de Deus \u2013 Angola; Frei Jer\u00f4me, da Funda\u00e7\u00e3o da Rep\u00fablica Centro Africana; Frei Peter Tindo, da Funda\u00e7\u00e3o S\u00e3o Francisco de Assis \u2013 Sud\u00e3o Norte e Sul. Aus\u00eancias da Prov\u00edncia da Santa Sagrada Fam\u00edlia &#8211; Egito, Cust\u00f3dia da Imaculada Concei\u00e7\u00e3o \u2013 Madagascar; Funda\u00e7\u00e3o de Nossa Senhora da \u00c1frica \u2013 Congo Brazzaville.<\/p>\n<p>Outrossim, vale dizer que: por Confer\u00eancia da Ordem dos Frades Menores se entende o organismo da Ordem que re\u00fane Ministros Provinciais, Cust\u00f3dios e Presidentes de Funda\u00e7\u00e3o de uma certa regi\u00e3o geogr\u00e1fica. Para sua forma\u00e7\u00e3o e constitui\u00e7\u00e3o carece no m\u00ednimo de 5 entidades. Tem por objetivo favorecer encontros peri\u00f3dicos, partilha da miss\u00e3o evangelizadora, a sinodalidade entre os representantes das Prov\u00edncias, Cust\u00f3dias e Funda\u00e7\u00f5es e colaborar com a Ordem na anima\u00e7\u00e3o da fam\u00edlia franciscana na regi\u00e3o em quest\u00e3o. No caso de \u00c1frica, a Confer\u00eancia se re\u00fane uma vez por ano. Conta com 15 entidades, sendo 6 Prov\u00edncias, 5 Cust\u00f3dias, 4 Funda\u00e7\u00f5es, 3 Presen\u00e7as Franciscanas. \u00a0Dos 54 pa\u00edses que o Continente Africano tem, os fraades est\u00e3o presentes em 32 pa\u00edses.<\/p>\n<hr \/>\n<p><em>Frei Canga Manuel Mazoa<\/em><\/p>\n<p>&nbsp;<\/p>\n","protected":false},"excerpt":{"rendered":"<p>Confer\u00eancia Africana<\/p>\n","protected":false},"author":3,"featured_media":244792,"comment_status":"open","ping_status":"open","sticky":false,"template":"","format":"standard","meta":[],"categories":[1],"tags":[2167],"acf":[],"yoast_head":"<!-- This site is optimized with the Yoast SEO plugin v19.2 - https:\/\/yoast.com\/wordpress\/plugins\/seo\/ -->\n<title>Confer\u00eancia Africana da Ordem dos Frades Menores se re\u00fane na \u00c1frica do Sul - Not\u00edcias - Franciscanos<\/title>\n<meta name=\"robots\" content=\"index, follow, max-snippet:-1, max-image-preview:large, max-video-preview:-1\" \/>\n<link rel=\"canonical\" href=\"https:\/\/franciscanos.org.br\/noticias\/conferencia-africana-da-ordem-dos-frades-menores-se-reune-na-africa-do-sul.html\" \/>\n<meta property=\"og:locale\" content=\"pt_BR\" \/>\n<meta property=\"og:type\" content=\"article\" \/>\n<meta property=\"og:title\" content=\"Confer\u00eancia Africana da Ordem dos Frades Menores se re\u00fane na \u00c1frica do Sul - Not\u00edcias - Franciscanos\" \/>\n<meta property=\"og:description\" content=\"Confer\u00eancia Africana\" \/>\n<meta property=\"og:url\" content=\"https:\/\/franciscanos.org.br\/noticias\/conferencia-africana-da-ordem-dos-frades-menores-se-reune-na-africa-do-sul.html\" \/>\n<meta property=\"og:site_name\" content=\"Not\u00edcias - Franciscanos\" \/>\n<meta property=\"article:published_time\" content=\"2023-09-20T12:41:53+00:00\" \/>\n<meta property=\"og:image\" content=\"https:\/\/franciscanos.org.br\/noticias\/wp-content\/uploads\/2023\/09\/conferencia_africana_2009.jpg\" \/>\n\t<meta property=\"og:image:width\" content=\"1280\" \/>\n\t<meta property=\"og:image:height\" content=\"720\" \/>\n\t<meta property=\"og:image:type\" content=\"image\/jpeg\" \/>\n<meta name=\"author\" content=\"moacir\" \/>\n<meta name=\"twitter:card\" content=\"summary_large_image\" \/>\n<meta name=\"twitter:label1\" content=\"Escrito por\" \/>\n\t<meta name=\"twitter:data1\" content=\"moacir\" \/>\n\t<meta name=\"twitter:label2\" content=\"Est. tempo de leitura\" \/>\n\t<meta name=\"twitter:data2\" content=\"3 minutos\" \/>\n<script type=\"application\/ld+json\" class=\"yoast-schema-graph\">{\"@context\":\"https:\/\/schema.org\",\"@graph\":[{\"@type\":\"WebSite\",\"@id\":\"https:\/\/franciscanos.org.br\/noticias\/#website\",\"url\":\"https:\/\/franciscanos.org.br\/noticias\/\",\"name\":\"Not\u00edcias - Franciscanos\",\"description\":\"Prov\u00edncia Franciscana da Imaculada Concei\u00e7\u00e3o do Brasil - Ordem dos Frades Menores - OFM\",\"potentialAction\":[{\"@type\":\"SearchAction\",\"target\":{\"@type\":\"EntryPoint\",\"urlTemplate\":\"https:\/\/franciscanos.org.br\/noticias\/?s={search_term_string}\"},\"query-input\":\"required name=search_term_string\"}],\"inLanguage\":\"pt-BR\"},{\"@type\":\"ImageObject\",\"inLanguage\":\"pt-BR\",\"@id\":\"https:\/\/franciscanos.org.br\/noticias\/conferencia-africana-da-ordem-dos-frades-menores-se-reune-na-africa-do-sul.html#primaryimage\",\"url\":\"https:\/\/franciscanos.org.br\/noticias\/wp-content\/uploads\/2023\/09\/conferencia_africana_2009.jpg\",\"contentUrl\":\"https:\/\/franciscanos.org.br\/noticias\/wp-content\/uploads\/2023\/09\/conferencia_africana_2009.jpg\",\"width\":1280,\"height\":720},{\"@type\":\"WebPage\",\"@id\":\"https:\/\/franciscanos.org.br\/noticias\/conferencia-africana-da-ordem-dos-frades-menores-se-reune-na-africa-do-sul.html#webpage\",\"url\":\"https:\/\/franciscanos.org.br\/noticias\/conferencia-africana-da-ordem-dos-frades-menores-se-reune-na-africa-do-sul.html\",\"name\":\"Confer\u00eancia Africana da Ordem dos Frades Menores se re\u00fane na \u00c1frica do Sul - Not\u00edcias - Franciscanos\",\"isPartOf\":{\"@id\":\"https:\/\/franciscanos.org.br\/noticias\/#website\"},\"primaryImageOfPage\":{\"@id\":\"https:\/\/franciscanos.org.br\/noticias\/conferencia-africana-da-ordem-dos-frades-menores-se-reune-na-africa-do-sul.html#primaryimage\"},\"datePublished\":\"2023-09-20T12:41:53+00:00\",\"dateModified\":\"2023-09-20T12:41:53+00:00\",\"author\":{\"@id\":\"https:\/\/franciscanos.org.br\/noticias\/#\/schema\/person\/b5c8cba458c330ccff548b056e95a5d4\"},\"breadcrumb\":{\"@id\":\"https:\/\/franciscanos.org.br\/noticias\/conferencia-africana-da-ordem-dos-frades-menores-se-reune-na-africa-do-sul.html#breadcrumb\"},\"inLanguage\":\"pt-BR\",\"potentialAction\":[{\"@type\":\"ReadAction\",\"target\":[\"https:\/\/franciscanos.org.br\/noticias\/conferencia-africana-da-ordem-dos-frades-menores-se-reune-na-africa-do-sul.html\"]}]},{\"@type\":\"BreadcrumbList\",\"@id\":\"https:\/\/franciscanos.org.br\/noticias\/conferencia-africana-da-ordem-dos-frades-menores-se-reune-na-africa-do-sul.html#breadcrumb\",\"itemListElement\":[{\"@type\":\"ListItem\",\"position\":1,\"name\":\"Home\",\"item\":\"https:\/\/franciscanos.org.br\/noticias\"},{\"@type\":\"ListItem\",\"position\":2,\"name\":\"Confer\u00eancia Africana da Ordem dos Frades Menores se re\u00fane na \u00c1frica do Sul\"}]},{\"@type\":\"Person\",\"@id\":\"https:\/\/franciscanos.org.br\/noticias\/#\/schema\/person\/b5c8cba458c330ccff548b056e95a5d4\",\"name\":\"moacir\",\"image\":{\"@type\":\"ImageObject\",\"inLanguage\":\"pt-BR\",\"@id\":\"https:\/\/franciscanos.org.br\/noticias\/#\/schema\/person\/image\/\",\"url\":\"https:\/\/secure.gravatar.com\/avatar\/d08aa2ce4c8dd416d4479aa8536fcf64?s=96&d=mm&r=g\",\"contentUrl\":\"https:\/\/secure.gravatar.com\/avatar\/d08aa2ce4c8dd416d4479aa8536fcf64?s=96&d=mm&r=g\",\"caption\":\"moacir\"},\"url\":\"https:\/\/franciscanos.org.br\/noticias\/author\/moacir\"}]}<\/script>\n<!-- \/ Yoast SEO plugin. -->","yoast_head_json":{"title":"Confer\u00eancia Africana da Ordem dos Frades Menores se re\u00fane na \u00c1frica do Sul - Not\u00edcias - Franciscanos","robots":{"index":"index","follow":"follow","max-snippet":"max-snippet:-1","max-image-preview":"max-image-preview:large","max-video-preview":"max-video-preview:-1"},"canonical":"https:\/\/franciscanos.org.br\/noticias\/conferencia-africana-da-ordem-dos-frades-menores-se-reune-na-africa-do-sul.html","og_locale":"pt_BR","og_type":"article","og_title":"Confer\u00eancia Africana da Ordem dos Frades Menores se re\u00fane na \u00c1frica do Sul - Not\u00edcias - Franciscanos","og_description":"Confer\u00eancia Africana","og_url":"https:\/\/franciscanos.org.br\/noticias\/conferencia-africana-da-ordem-dos-frades-menores-se-reune-na-africa-do-sul.html","og_site_name":"Not\u00edcias - Franciscanos","article_published_time":"2023-09-20T12:41:53+00:00","og_image":[{"width":1280,"height":720,"url":"https:\/\/franciscanos.org.br\/noticias\/wp-content\/uploads\/2023\/09\/conferencia_africana_2009.jpg","type":"image\/jpeg"}],"author":"moacir","twitter_card":"summary_large_image","twitter_misc":{"Escrito por":"moacir","Est. tempo de leitura":"3 minutos"},"schema":{"@context":"https:\/\/schema.org","@graph":[{"@type":"WebSite","@id":"https:\/\/franciscanos.org.br\/noticias\/#website","url":"https:\/\/franciscanos.org.br\/noticias\/","name":"Not\u00edcias - Franciscanos","description":"Prov\u00edncia Franciscana da Imaculada Concei\u00e7\u00e3o do Brasil - Ordem dos Frades Menores - OFM","potentialAction":[{"@type":"SearchAction","target":{"@type":"EntryPoint","urlTemplate":"https:\/\/franciscanos.org.br\/noticias\/?s={search_term_string}"},"query-input":"required name=search_term_string"}],"inLanguage":"pt-BR"},{"@type":"ImageObject","inLanguage":"pt-BR","@id":"https:\/\/franciscanos.org.br\/noticias\/conferencia-africana-da-ordem-dos-frades-menores-se-reune-na-africa-do-sul.html#primaryimage","url":"https:\/\/franciscanos.org.br\/noticias\/wp-content\/uploads\/2023\/09\/conferencia_africana_2009.jpg","contentUrl":"https:\/\/franciscanos.org.br\/noticias\/wp-content\/uploads\/2023\/09\/conferencia_africana_2009.jpg","width":1280,"height":720},{"@type":"WebPage","@id":"https:\/\/franciscanos.org.br\/noticias\/conferencia-africana-da-ordem-dos-frades-menores-se-reune-na-africa-do-sul.html#webpage","url":"https:\/\/franciscanos.org.br\/noticias\/conferencia-africana-da-ordem-dos-frades-menores-se-reune-na-africa-do-sul.html","name":"Confer\u00eancia Africana da Ordem dos Frades Menores se re\u00fane na \u00c1frica do Sul - Not\u00edcias - Franciscanos","isPartOf":{"@id":"https:\/\/franciscanos.org.br\/noticias\/#website"},"primaryImageOfPage":{"@id":"https:\/\/franciscanos.org.br\/noticias\/conferencia-africana-da-ordem-dos-frades-menores-se-reune-na-africa-do-sul.html#primaryimage"},"datePublished":"2023-09-20T12:41:53+00:00","dateModified":"2023-09-20T12:41:53+00:00","author":{"@id":"https:\/\/franciscanos.org.br\/noticias\/#\/schema\/person\/b5c8cba458c330ccff548b056e95a5d4"},"breadcrumb":{"@id":"https:\/\/franciscanos.org.br\/noticias\/conferencia-africana-da-ordem-dos-frades-menores-se-reune-na-africa-do-sul.html#breadcrumb"},"inLanguage":"pt-BR","potentialAction":[{"@type":"ReadAction","target":["https:\/\/franciscanos.org.br\/noticias\/conferencia-africana-da-ordem-dos-frades-menores-se-reune-na-africa-do-sul.html"]}]},{"@type":"BreadcrumbList","@id":"https:\/\/franciscanos.org.br\/noticias\/conferencia-africana-da-ordem-dos-frades-menores-se-reune-na-africa-do-sul.html#breadcrumb","itemListElement":[{"@type":"ListItem","position":1,"name":"Home","item":"https:\/\/franciscanos.org.br\/noticias"},{"@type":"ListItem","position":2,"name":"Confer\u00eancia Africana da Ordem dos Frades Menores se re\u00fane na \u00c1frica do Sul"}]},{"@type":"Person","@id":"https:\/\/franciscanos.org.br\/noticias\/#\/schema\/person\/b5c8cba458c330ccff548b056e95a5d4","name":"moacir","image":{"@type":"ImageObject","inLanguage":"pt-BR","@id":"https:\/\/franciscanos.org.br\/noticias\/#\/schema\/person\/image\/","url":"https:\/\/secure.gravatar.com\/avatar\/d08aa2ce4c8dd416d4479aa8536fcf64?s=96&d=mm&r=g","contentUrl":"https:\/\/secure.gravatar.com\/avatar\/d08aa2ce4c8dd416d4479aa8536fcf64?s=96&d=mm&r=g","caption":"moacir"},"url":"https:\/\/franciscanos.org.br\/noticias\/author\/moacir"}]}},"_links":{"self":[{"href":"https:\/\/franciscanos.org.br\/noticias\/wp-json\/wp\/v2\/posts\/244791"}],"collection":[{"href":"https:\/\/franciscanos.org.br\/noticias\/wp-json\/wp\/v2\/posts"}],"about":[{"href":"https:\/\/franciscanos.org.br\/noticias\/wp-json\/wp\/v2\/types\/post"}],"author":[{"embeddable":true,"href":"https:\/\/franciscanos.org.br\/noticias\/wp-json\/wp\/v2\/users\/3"}],"replies":[{"embeddable":true,"href":"https:\/\/franciscanos.org.br\/noticias\/wp-json\/wp\/v2\/comments?post=244791"}],"version-history":[{"count":1,"href":"https:\/\/franciscanos.org.br\/noticias\/wp-json\/wp\/v2\/posts\/244791\/revisions"}],"predecessor-version":[{"id":244797,"href":"https:\/\/franciscanos.org.br\/noticias\/wp-json\/wp\/v2\/posts\/244791\/revisions\/244797"}],"wp:featuredmedia":[{"embeddable":true,"href":"https:\/\/franciscanos.org.br\/noticias\/wp-json\/wp\/v2\/media\/244792"}],"wp:attachment":[{"href":"https:\/\/franciscanos.org.br\/noticias\/wp-json\/wp\/v2\/media?parent=244791"}],"wp:term":[{"taxonomy":"category","embeddable":true,"href":"https:\/\/franciscanos.org.br\/noticias\/wp-json\/wp\/v2\/categories?post=244791"},{"taxonomy":"post_tag","embeddable":true,"href":"https:\/\/franciscanos.org.br\/noticias\/wp-json\/wp\/v2\/tags?post=244791"}],"curies":[{"name":"wp","href":"https:\/\/api.w.org\/{rel}","templated":true}]}}