{"id":244783,"date":"2023-09-20T06:38:50","date_gmt":"2023-09-20T09:38:50","guid":{"rendered":"https:\/\/franciscanos.org.br\/noticias\/?p=244783"},"modified":"2023-09-20T06:38:50","modified_gmt":"2023-09-20T09:38:50","slug":"papa-nao-esquecam-que-sao-os-pobres-que-nos-abrirao-a-porta-do-ceu","status":"publish","type":"post","link":"https:\/\/franciscanos.org.br\/noticias\/papa-nao-esquecam-que-sao-os-pobres-que-nos-abrirao-a-porta-do-ceu.html","title":{"rendered":"Papa: n\u00e3o esque\u00e7am que s\u00e3o os pobres que nos abrir\u00e3o a porta do c\u00e9u"},"content":{"rendered":"<div id=\"attachment_244784\" style=\"width: 1290px\" class=\"wp-caption alignnone\"><img aria-describedby=\"caption-attachment-244784\" loading=\"lazy\" class=\"wp-image-244784 size-full\" src=\"https:\/\/franciscanos.org.br\/noticias\/wp-content\/uploads\/2023\/09\/audiencia_20.jpg\" alt=\"\" width=\"1280\" height=\"720\" srcset=\"https:\/\/franciscanos.org.br\/noticias\/wp-content\/uploads\/2023\/09\/audiencia_20.jpg 1280w, https:\/\/franciscanos.org.br\/noticias\/wp-content\/uploads\/2023\/09\/audiencia_20-450x253.jpg 450w, https:\/\/franciscanos.org.br\/noticias\/wp-content\/uploads\/2023\/09\/audiencia_20-1024x576.jpg 1024w, https:\/\/franciscanos.org.br\/noticias\/wp-content\/uploads\/2023\/09\/audiencia_20-768x432.jpg 768w, https:\/\/franciscanos.org.br\/noticias\/wp-content\/uploads\/2023\/09\/audiencia_20-150x84.jpg 150w\" sizes=\"(max-width: 1280px) 100vw, 1280px\" \/><p id=\"caption-attachment-244784\" class=\"wp-caption-text\"><em>Papa Francisco durante a audi\u00eancia geral desta quarta-feira, 20 de setembro (VATICAN MEDIA Divisione Foto)<\/em><\/p><\/div>\n<p>Na audi\u00eancia geral desta quarta-feira, 20 de setembro, o Papa Francisco recebeu os fi\u00e9is na Pra\u00e7a S\u00e3o Pedro e, durante a catequese, deu continuidade ao ciclo de reflex\u00f5es sobre a paix\u00e3o pela evangeliza\u00e7\u00e3o. O Santo Padre apresentou o testemunho de S\u00e3o Daniel Comboni, que desenvolveu seu apostolado na \u00c1frica.<\/p>\n<p>Francisco iniciou destacando que S\u00e3o Daniel continuamente lutava contra o horror da escravid\u00e3o, da qual era testemunha. \u201cA escravid\u00e3o &#8216;coisifica&#8217; o homem, cujo valor se reduz a ser \u00fatil a algu\u00e9m ou a alguma coisa. Mas Jesus, Deus feito homem, elevou a dignidade de cada ser humano e desmascarou a falsidade da escravid\u00e3o. Comboni, \u00e0 luz de Cristo, tomou consci\u00eancia do mal da escravatura\u201d, sublinhou o Papa. \u201cE compreendeu, al\u00e9m disso, que a escravid\u00e3o social est\u00e1 enraizada em uma escravid\u00e3o mais profunda, a do cora\u00e7\u00e3o, a do pecado, da qual o Senhor nos liberta\u201d, acrescentou.<\/p>\n<p><strong>O apelo continuo contra a explora\u00e7\u00e3o<\/strong><br \/>\nO Pont\u00edfice afirmou que crist\u00e3os somos chamados a combater contra todas as formas de escravid\u00e3o, e ressaltou: \u201cA escravid\u00e3o, tal como o colonialismo, n\u00e3o \u00e9 uma recorda\u00e7\u00e3o do passado\u201d. O Papa sublinhou a atualidade deste tema, e disse que a \u00c1frica t\u00e3o amada por Comboni, ainda hoje dilacerada por muitos conflitos pol\u00edticos e econ\u00f4micos, que n\u00e3o deixam de ser tipos de escravid\u00e3o.<\/p>\n<p>Francisco renovou o seu apelo, como havia feito em Kinshasa, no inicio deste ano: \u201cBasta de sufocar a \u00c1frica: n\u00e3o \u00e9 uma mina a ser explorada ou um solo a ser saqueado\u201d.<\/p>\n<p><strong>Os protagonistas da evangeliza\u00e7\u00e3o<\/strong><br \/>\nAo aprofundar na hist\u00f3ria de S\u00e3o Daniel, o Papa recordou os mission\u00e1rios depois de passar um per\u00edodo inicial na \u00c1frica, teve que deixar a miss\u00e3o por motivos de sa\u00fade: \u201cMuitos mission\u00e1rios morreriam ap\u00f3s contra\u00edrem doen\u00e7as, aliado \u00e0 falta de conhecimento da situa\u00e7\u00e3o local. Contudo, se outros abandonavam a \u00c1frica, Comboni n\u00e3o o fez\u201d. Depois de um tempo de discernimento, sentiu que o Senhor o inspirava com um novo caminho de evangeliza\u00e7\u00e3o, que ele sintetizou nestas palavras: \u201cSalvar a \u00c1frica com a \u00c1frica\u201d.<\/p>\n<p>Para Francisco, esta \u00e9 uma intui\u00e7\u00e3o poderosa que contribuiu para renovar o compromisso mission\u00e1rio: as pessoas evangelizadas n\u00e3o eram apenas \u201cobjetos\u201d, mas \u201csujeitos\u201d da miss\u00e3o e S\u00e3o Daniel desejava tornar todos os crist\u00e3os protagonistas da a\u00e7\u00e3o evangelizadora, e assim com este esp\u00edrito, destacou o Papa, \u201cpensou e agiu de forma integral, envolvendo o clero local e promovendo o servi\u00e7o leigo dos catequistas, que s\u00e3o um tesouro da Igreja: os catequistas s\u00e3o aqueles que v\u00e3o adiante na evangeliza\u00e7\u00e3o\u201d, sublinhou Francisco.<\/p>\n<p>\u201cQu\u00e3o importante \u00e9, ainda hoje, fazer progredir a f\u00e9 e o desenvolvimento humano a partir de contextos de miss\u00e3o, em vez de transplantar modelos externos ou limitar-se a um est\u00e9ril assistencialismo! Nem modelos externos nem assistencialismo. Extrair da cultura dos povos o caminho para a evangeliza\u00e7\u00e3o. Evangelizar a cultura e inculturar o Evangelho andam juntos.\u201d<\/p>\n<p><strong>A paix\u00e3o mission\u00e1ria<\/strong><br \/>\nO Papa afirmou que a miss\u00e3o de Comboni, todavia, n\u00e3o foi fruto de seu esfor\u00e7o humano, mas foi movido pela sua coragem e motivado somente por valores importantes, como a liberdade, a justi\u00e7a e a paz; o seu zelo nasceu da alegria do Evangelho, inspirava-se no amor de Cristo e levava ao amor por Cristo.<\/p>\n<p>\u201cA fonte da capacidade mission\u00e1ria, para Comboni, \u00e9, portanto, a caridade, em particular o zelo em fazer pr\u00f3prios os sofrimentos dos outros, em senti-los na pr\u00f3pria pele e em saber alivi\u00e1-los, como bons cireneus da humanidade.\u201d<\/p>\n<p>Sobre a miss\u00e3o de S\u00e3o Daniel, o Santo Padre disse que sua paix\u00e3o pela evangeliza\u00e7\u00e3o nunca o levou a agir como solista, mas sempre em comunh\u00e3o, e alertou para o drama do Clericalismo, onde se formam sujeitos de \u201cpesco\u00e7o torto\u201d, cheios de ego\u00edsmo e de si mesmos, que n\u00e3o cuida como se deve da salva\u00e7\u00e3o e convers\u00e3o das almas.<\/p>\n<p><strong>Os crucificados dos dias atuais<\/strong><br \/>\nFrancisco afirmou que Comboni \u00e9 testemunha do amor do Bom Pastor, que vai procurar quem est\u00e1 perdido e d\u00e1 a vida pelo rebanho. \u201cSeu zelo foi en\u00e9rgico e prof\u00e9tico em opor-se \u00e0 indiferen\u00e7a e \u00e0 exclus\u00e3o. Nas suas cartas recordava com tristeza a sua amada Igreja, que durante demasiado tempo se esqueceu de \u00c1frica\u201d, lembrou o Santo Padre.<\/p>\n<p>O Papa tamb\u00e9m destacou que o sonho de Comboni era ver uma Igreja que fa\u00e7a causa comum com os crucificados da hist\u00f3ria, para experimentar com eles a ressurrei\u00e7\u00e3o.<\/p>\n<p>\u201cNeste momento, eu lhe dou uma sugest\u00e3o. Pensem nos crucificados da hist\u00f3ria de hoje: homens, mulheres, crian\u00e7as, idosos que s\u00e3o crucificados por hist\u00f3rias de injusti\u00e7a e domina\u00e7\u00e3o. Vamos pensar neles e rezar por eles.\u201d<\/p>\n<p><strong>Um testemunho vindo do Brasil<\/strong><br \/>\n\u201cAntes de vir para c\u00e1, tive uma reuni\u00e3o com legisladores brasileiros que trabalham para os pobres, que tentam promover os pobres com assist\u00eancia e justi\u00e7a social. E eles n\u00e3o se esquecem dos pobres: eles trabalham para os pobres\u201d, contou Francisco, ao concluir a catequese ao dizer da import\u00e2ncia do testemunho que escutou do trabalho que este grupo faz pelos mais necessitados, e fez um convite: \u201cn\u00e3o se esque\u00e7am dos pobres, porque ser\u00e3o eles que abrir\u00e3o a porta do c\u00e9u.<\/p>\n<p>Os brasileiros que encontraram com o Papa Francisco vieram ao Vaticano para entregarem ao Papa o pr\u00eamio Zilda Arns. A audi\u00eancia privada durou cerca de trinta minutos e aconteceu na Sala Paulo VI. O grupo \u00e9 composto por sete Deputados Federais que que fazem parte da Comiss\u00e3o em Defesa dos Direitos da Pessoa Idosa (Cidoso): Aliel Machado Bark, Jos\u00e9 Dias de Castro Neto, Reimont Luiz Otoni Santa Barbara, Fl\u00e1via Carreiro Albuquerque Morais, Simone Aparecida Curraladas dos Santos, Leandre dal Ponte e Jos\u00e9 Haroldo Figueiredo Campo.<\/p>\n<p>O pr\u00eamio Zilda Arns \u00e9 uma forma de reconhecimento \u00e0s pessoas e institui\u00e7\u00f5es que contribu\u00edram ou t\u00eam contribu\u00eddo ativamente na defesa dos direitos das pessoas idosas. O pr\u00eamio consiste em um diploma de men\u00e7\u00e3o honrosa, concedido anualmente a at\u00e9 cinco homenageados.<\/p>\n<hr \/>\n<p><em>Fonte: Vatican News (texto de Thulio Fonseca)<\/em><\/p>\n","protected":false},"excerpt":{"rendered":"<p>Audi\u00eancia Geral<\/p>\n","protected":false},"author":3,"featured_media":244784,"comment_status":"open","ping_status":"open","sticky":false,"template":"","format":"standard","meta":[],"categories":[1428],"tags":[487],"acf":[],"yoast_head":"<!-- This site is optimized with the Yoast SEO plugin v19.2 - https:\/\/yoast.com\/wordpress\/plugins\/seo\/ -->\n<title>Papa: n\u00e3o esque\u00e7am que s\u00e3o os pobres que nos abrir\u00e3o a porta do c\u00e9u - Not\u00edcias - Franciscanos<\/title>\n<meta name=\"robots\" content=\"index, follow, max-snippet:-1, max-image-preview:large, max-video-preview:-1\" \/>\n<link rel=\"canonical\" href=\"https:\/\/franciscanos.org.br\/noticias\/papa-nao-esquecam-que-sao-os-pobres-que-nos-abrirao-a-porta-do-ceu.html\" \/>\n<meta property=\"og:locale\" content=\"pt_BR\" \/>\n<meta property=\"og:type\" content=\"article\" \/>\n<meta property=\"og:title\" content=\"Papa: n\u00e3o esque\u00e7am que s\u00e3o os pobres que nos abrir\u00e3o a porta do c\u00e9u - Not\u00edcias - Franciscanos\" \/>\n<meta property=\"og:description\" content=\"Audi\u00eancia Geral\" \/>\n<meta property=\"og:url\" content=\"https:\/\/franciscanos.org.br\/noticias\/papa-nao-esquecam-que-sao-os-pobres-que-nos-abrirao-a-porta-do-ceu.html\" \/>\n<meta property=\"og:site_name\" content=\"Not\u00edcias - Franciscanos\" \/>\n<meta property=\"article:published_time\" content=\"2023-09-20T09:38:50+00:00\" \/>\n<meta property=\"og:image\" content=\"https:\/\/franciscanos.org.br\/noticias\/wp-content\/uploads\/2023\/09\/audiencia_20.jpg\" \/>\n\t<meta property=\"og:image:width\" content=\"1280\" \/>\n\t<meta property=\"og:image:height\" content=\"720\" \/>\n\t<meta property=\"og:image:type\" content=\"image\/jpeg\" \/>\n<meta name=\"author\" content=\"moacir\" \/>\n<meta name=\"twitter:card\" content=\"summary_large_image\" \/>\n<meta name=\"twitter:label1\" content=\"Escrito por\" \/>\n\t<meta name=\"twitter:data1\" content=\"moacir\" \/>\n\t<meta name=\"twitter:label2\" content=\"Est. tempo de leitura\" \/>\n\t<meta name=\"twitter:data2\" content=\"5 minutos\" \/>\n<script type=\"application\/ld+json\" class=\"yoast-schema-graph\">{\"@context\":\"https:\/\/schema.org\",\"@graph\":[{\"@type\":\"WebSite\",\"@id\":\"https:\/\/franciscanos.org.br\/noticias\/#website\",\"url\":\"https:\/\/franciscanos.org.br\/noticias\/\",\"name\":\"Not\u00edcias - Franciscanos\",\"description\":\"Prov\u00edncia Franciscana da Imaculada Concei\u00e7\u00e3o do Brasil - Ordem dos Frades Menores - OFM\",\"potentialAction\":[{\"@type\":\"SearchAction\",\"target\":{\"@type\":\"EntryPoint\",\"urlTemplate\":\"https:\/\/franciscanos.org.br\/noticias\/?s={search_term_string}\"},\"query-input\":\"required name=search_term_string\"}],\"inLanguage\":\"pt-BR\"},{\"@type\":\"ImageObject\",\"inLanguage\":\"pt-BR\",\"@id\":\"https:\/\/franciscanos.org.br\/noticias\/papa-nao-esquecam-que-sao-os-pobres-que-nos-abrirao-a-porta-do-ceu.html#primaryimage\",\"url\":\"https:\/\/franciscanos.org.br\/noticias\/wp-content\/uploads\/2023\/09\/audiencia_20.jpg\",\"contentUrl\":\"https:\/\/franciscanos.org.br\/noticias\/wp-content\/uploads\/2023\/09\/audiencia_20.jpg\",\"width\":1280,\"height\":720},{\"@type\":\"WebPage\",\"@id\":\"https:\/\/franciscanos.org.br\/noticias\/papa-nao-esquecam-que-sao-os-pobres-que-nos-abrirao-a-porta-do-ceu.html#webpage\",\"url\":\"https:\/\/franciscanos.org.br\/noticias\/papa-nao-esquecam-que-sao-os-pobres-que-nos-abrirao-a-porta-do-ceu.html\",\"name\":\"Papa: n\u00e3o esque\u00e7am que s\u00e3o os pobres que nos abrir\u00e3o a porta do c\u00e9u - Not\u00edcias - Franciscanos\",\"isPartOf\":{\"@id\":\"https:\/\/franciscanos.org.br\/noticias\/#website\"},\"primaryImageOfPage\":{\"@id\":\"https:\/\/franciscanos.org.br\/noticias\/papa-nao-esquecam-que-sao-os-pobres-que-nos-abrirao-a-porta-do-ceu.html#primaryimage\"},\"datePublished\":\"2023-09-20T09:38:50+00:00\",\"dateModified\":\"2023-09-20T09:38:50+00:00\",\"author\":{\"@id\":\"https:\/\/franciscanos.org.br\/noticias\/#\/schema\/person\/b5c8cba458c330ccff548b056e95a5d4\"},\"breadcrumb\":{\"@id\":\"https:\/\/franciscanos.org.br\/noticias\/papa-nao-esquecam-que-sao-os-pobres-que-nos-abrirao-a-porta-do-ceu.html#breadcrumb\"},\"inLanguage\":\"pt-BR\",\"potentialAction\":[{\"@type\":\"ReadAction\",\"target\":[\"https:\/\/franciscanos.org.br\/noticias\/papa-nao-esquecam-que-sao-os-pobres-que-nos-abrirao-a-porta-do-ceu.html\"]}]},{\"@type\":\"BreadcrumbList\",\"@id\":\"https:\/\/franciscanos.org.br\/noticias\/papa-nao-esquecam-que-sao-os-pobres-que-nos-abrirao-a-porta-do-ceu.html#breadcrumb\",\"itemListElement\":[{\"@type\":\"ListItem\",\"position\":1,\"name\":\"Home\",\"item\":\"https:\/\/franciscanos.org.br\/noticias\"},{\"@type\":\"ListItem\",\"position\":2,\"name\":\"Papa: n\u00e3o esque\u00e7am que s\u00e3o os pobres que nos abrir\u00e3o a porta do c\u00e9u\"}]},{\"@type\":\"Person\",\"@id\":\"https:\/\/franciscanos.org.br\/noticias\/#\/schema\/person\/b5c8cba458c330ccff548b056e95a5d4\",\"name\":\"moacir\",\"image\":{\"@type\":\"ImageObject\",\"inLanguage\":\"pt-BR\",\"@id\":\"https:\/\/franciscanos.org.br\/noticias\/#\/schema\/person\/image\/\",\"url\":\"https:\/\/secure.gravatar.com\/avatar\/d08aa2ce4c8dd416d4479aa8536fcf64?s=96&d=mm&r=g\",\"contentUrl\":\"https:\/\/secure.gravatar.com\/avatar\/d08aa2ce4c8dd416d4479aa8536fcf64?s=96&d=mm&r=g\",\"caption\":\"moacir\"},\"url\":\"https:\/\/franciscanos.org.br\/noticias\/author\/moacir\"}]}<\/script>\n<!-- \/ Yoast SEO plugin. -->","yoast_head_json":{"title":"Papa: n\u00e3o esque\u00e7am que s\u00e3o os pobres que nos abrir\u00e3o a porta do c\u00e9u - Not\u00edcias - Franciscanos","robots":{"index":"index","follow":"follow","max-snippet":"max-snippet:-1","max-image-preview":"max-image-preview:large","max-video-preview":"max-video-preview:-1"},"canonical":"https:\/\/franciscanos.org.br\/noticias\/papa-nao-esquecam-que-sao-os-pobres-que-nos-abrirao-a-porta-do-ceu.html","og_locale":"pt_BR","og_type":"article","og_title":"Papa: n\u00e3o esque\u00e7am que s\u00e3o os pobres que nos abrir\u00e3o a porta do c\u00e9u - Not\u00edcias - Franciscanos","og_description":"Audi\u00eancia Geral","og_url":"https:\/\/franciscanos.org.br\/noticias\/papa-nao-esquecam-que-sao-os-pobres-que-nos-abrirao-a-porta-do-ceu.html","og_site_name":"Not\u00edcias - Franciscanos","article_published_time":"2023-09-20T09:38:50+00:00","og_image":[{"width":1280,"height":720,"url":"https:\/\/franciscanos.org.br\/noticias\/wp-content\/uploads\/2023\/09\/audiencia_20.jpg","type":"image\/jpeg"}],"author":"moacir","twitter_card":"summary_large_image","twitter_misc":{"Escrito por":"moacir","Est. tempo de leitura":"5 minutos"},"schema":{"@context":"https:\/\/schema.org","@graph":[{"@type":"WebSite","@id":"https:\/\/franciscanos.org.br\/noticias\/#website","url":"https:\/\/franciscanos.org.br\/noticias\/","name":"Not\u00edcias - Franciscanos","description":"Prov\u00edncia Franciscana da Imaculada Concei\u00e7\u00e3o do Brasil - Ordem dos Frades Menores - OFM","potentialAction":[{"@type":"SearchAction","target":{"@type":"EntryPoint","urlTemplate":"https:\/\/franciscanos.org.br\/noticias\/?s={search_term_string}"},"query-input":"required name=search_term_string"}],"inLanguage":"pt-BR"},{"@type":"ImageObject","inLanguage":"pt-BR","@id":"https:\/\/franciscanos.org.br\/noticias\/papa-nao-esquecam-que-sao-os-pobres-que-nos-abrirao-a-porta-do-ceu.html#primaryimage","url":"https:\/\/franciscanos.org.br\/noticias\/wp-content\/uploads\/2023\/09\/audiencia_20.jpg","contentUrl":"https:\/\/franciscanos.org.br\/noticias\/wp-content\/uploads\/2023\/09\/audiencia_20.jpg","width":1280,"height":720},{"@type":"WebPage","@id":"https:\/\/franciscanos.org.br\/noticias\/papa-nao-esquecam-que-sao-os-pobres-que-nos-abrirao-a-porta-do-ceu.html#webpage","url":"https:\/\/franciscanos.org.br\/noticias\/papa-nao-esquecam-que-sao-os-pobres-que-nos-abrirao-a-porta-do-ceu.html","name":"Papa: n\u00e3o esque\u00e7am que s\u00e3o os pobres que nos abrir\u00e3o a porta do c\u00e9u - Not\u00edcias - Franciscanos","isPartOf":{"@id":"https:\/\/franciscanos.org.br\/noticias\/#website"},"primaryImageOfPage":{"@id":"https:\/\/franciscanos.org.br\/noticias\/papa-nao-esquecam-que-sao-os-pobres-que-nos-abrirao-a-porta-do-ceu.html#primaryimage"},"datePublished":"2023-09-20T09:38:50+00:00","dateModified":"2023-09-20T09:38:50+00:00","author":{"@id":"https:\/\/franciscanos.org.br\/noticias\/#\/schema\/person\/b5c8cba458c330ccff548b056e95a5d4"},"breadcrumb":{"@id":"https:\/\/franciscanos.org.br\/noticias\/papa-nao-esquecam-que-sao-os-pobres-que-nos-abrirao-a-porta-do-ceu.html#breadcrumb"},"inLanguage":"pt-BR","potentialAction":[{"@type":"ReadAction","target":["https:\/\/franciscanos.org.br\/noticias\/papa-nao-esquecam-que-sao-os-pobres-que-nos-abrirao-a-porta-do-ceu.html"]}]},{"@type":"BreadcrumbList","@id":"https:\/\/franciscanos.org.br\/noticias\/papa-nao-esquecam-que-sao-os-pobres-que-nos-abrirao-a-porta-do-ceu.html#breadcrumb","itemListElement":[{"@type":"ListItem","position":1,"name":"Home","item":"https:\/\/franciscanos.org.br\/noticias"},{"@type":"ListItem","position":2,"name":"Papa: n\u00e3o esque\u00e7am que s\u00e3o os pobres que nos abrir\u00e3o a porta do c\u00e9u"}]},{"@type":"Person","@id":"https:\/\/franciscanos.org.br\/noticias\/#\/schema\/person\/b5c8cba458c330ccff548b056e95a5d4","name":"moacir","image":{"@type":"ImageObject","inLanguage":"pt-BR","@id":"https:\/\/franciscanos.org.br\/noticias\/#\/schema\/person\/image\/","url":"https:\/\/secure.gravatar.com\/avatar\/d08aa2ce4c8dd416d4479aa8536fcf64?s=96&d=mm&r=g","contentUrl":"https:\/\/secure.gravatar.com\/avatar\/d08aa2ce4c8dd416d4479aa8536fcf64?s=96&d=mm&r=g","caption":"moacir"},"url":"https:\/\/franciscanos.org.br\/noticias\/author\/moacir"}]}},"_links":{"self":[{"href":"https:\/\/franciscanos.org.br\/noticias\/wp-json\/wp\/v2\/posts\/244783"}],"collection":[{"href":"https:\/\/franciscanos.org.br\/noticias\/wp-json\/wp\/v2\/posts"}],"about":[{"href":"https:\/\/franciscanos.org.br\/noticias\/wp-json\/wp\/v2\/types\/post"}],"author":[{"embeddable":true,"href":"https:\/\/franciscanos.org.br\/noticias\/wp-json\/wp\/v2\/users\/3"}],"replies":[{"embeddable":true,"href":"https:\/\/franciscanos.org.br\/noticias\/wp-json\/wp\/v2\/comments?post=244783"}],"version-history":[{"count":1,"href":"https:\/\/franciscanos.org.br\/noticias\/wp-json\/wp\/v2\/posts\/244783\/revisions"}],"predecessor-version":[{"id":244785,"href":"https:\/\/franciscanos.org.br\/noticias\/wp-json\/wp\/v2\/posts\/244783\/revisions\/244785"}],"wp:featuredmedia":[{"embeddable":true,"href":"https:\/\/franciscanos.org.br\/noticias\/wp-json\/wp\/v2\/media\/244784"}],"wp:attachment":[{"href":"https:\/\/franciscanos.org.br\/noticias\/wp-json\/wp\/v2\/media?parent=244783"}],"wp:term":[{"taxonomy":"category","embeddable":true,"href":"https:\/\/franciscanos.org.br\/noticias\/wp-json\/wp\/v2\/categories?post=244783"},{"taxonomy":"post_tag","embeddable":true,"href":"https:\/\/franciscanos.org.br\/noticias\/wp-json\/wp\/v2\/tags?post=244783"}],"curies":[{"name":"wp","href":"https:\/\/api.w.org\/{rel}","templated":true}]}}