{"id":244776,"date":"2023-09-19T12:49:12","date_gmt":"2023-09-19T15:49:12","guid":{"rendered":"https:\/\/franciscanos.org.br\/noticias\/?p=244776"},"modified":"2023-09-19T12:54:08","modified_gmt":"2023-09-19T15:54:08","slug":"em-angola-dia-de-alegria-na-ordem-fanciscana-secular-e-jufra","status":"publish","type":"post","link":"https:\/\/franciscanos.org.br\/noticias\/em-angola-dia-de-alegria-na-ordem-fanciscana-secular-e-jufra.html","title":{"rendered":"Em Angola, dia de alegria na Ordem Fanciscana Secular e Jufra"},"content":{"rendered":"<p><img loading=\"lazy\" class=\"alignnone size-full wp-image-244777\" src=\"https:\/\/franciscanos.org.br\/noticias\/wp-content\/uploads\/2023\/09\/angola_ofs_01.jpg\" alt=\"\" width=\"1280\" height=\"720\" srcset=\"https:\/\/franciscanos.org.br\/noticias\/wp-content\/uploads\/2023\/09\/angola_ofs_01.jpg 1280w, https:\/\/franciscanos.org.br\/noticias\/wp-content\/uploads\/2023\/09\/angola_ofs_01-450x253.jpg 450w, https:\/\/franciscanos.org.br\/noticias\/wp-content\/uploads\/2023\/09\/angola_ofs_01-1024x576.jpg 1024w, https:\/\/franciscanos.org.br\/noticias\/wp-content\/uploads\/2023\/09\/angola_ofs_01-768x432.jpg 768w, https:\/\/franciscanos.org.br\/noticias\/wp-content\/uploads\/2023\/09\/angola_ofs_01-150x84.jpg 150w\" sizes=\"(max-width: 1280px) 100vw, 1280px\" \/><\/p>\n<p>No amanhecer do dia 17 de setembro deste ano, em comemora\u00e7\u00e3o da Impress\u00e3o das Chagas do nosso Pai Ser\u00e1fico S\u00e3o Francisco de Assis, o conselho Regional de Luanda (Luanda, Viana e Caxito) reuniu todas as Fraternidades e Casas de forma\u00e7\u00e3o para, em comunh\u00e3o fraterna, celebrar a data.<br \/>\nEstavam presentes as fraternidades: Santa Isabel da Hungria, Palanca; N. Sra. de F\u00e1tima, Rangel; Santo Ant\u00f3nio, Cuca; Santo Andr\u00e9, Mabor; Santa Clara de Assis, Viana; e Santa Clara de Assis, Kikolo.<\/p>\n<p><img loading=\"lazy\" class=\"alignnone size-full wp-image-244780\" src=\"https:\/\/franciscanos.org.br\/noticias\/wp-content\/uploads\/2023\/09\/ANGOLA_ofs_03.jpg\" alt=\"\" width=\"890\" height=\"478\" srcset=\"https:\/\/franciscanos.org.br\/noticias\/wp-content\/uploads\/2023\/09\/ANGOLA_ofs_03.jpg 890w, https:\/\/franciscanos.org.br\/noticias\/wp-content\/uploads\/2023\/09\/ANGOLA_ofs_03-450x242.jpg 450w, https:\/\/franciscanos.org.br\/noticias\/wp-content\/uploads\/2023\/09\/ANGOLA_ofs_03-768x412.jpg 768w, https:\/\/franciscanos.org.br\/noticias\/wp-content\/uploads\/2023\/09\/ANGOLA_ofs_03-150x81.jpg 150w\" sizes=\"(max-width: 890px) 100vw, 890px\" \/><\/p>\n<p>Num Esp\u00edrito de alegria que brotava no cora\u00e7\u00e3o de cada irm\u00e3o e irm\u00e3. Nesta mesma euforia, a Fam\u00edlia Franciscana, OFS e JUFRA, da Santa Isabel da Hungria, em Palanca, acolheu os irm\u00e3os e irm\u00e3s das Fraternidades acima referidas. A celebra\u00e7\u00e3o lit\u00fargica decorreu na Par\u00f3quia de S\u00e3o Lucas, Palanca, tendo como celebrante Frei Laurindo Lauro da Silva J\u00fanior. Durante a celebra\u00e7\u00e3o lit\u00fargica, cinco irm\u00e3os emitiram os seus primeiros votos, nomeadamente: Pascoal Chilala, Lucas Manuel Filipe, Maria Nazar\u00e9 Fernandes, Sez\u00e1rio Segunda Ngongo, Teresa Germano Hele Soares. Os irm\u00e3os que renovaram: Ad\u00e3o Jos\u00e9 R. Palmira, Julia Denis P. Rodrigues e Jos\u00e9 Paulo Soares.<\/p>\n<p>Os irm\u00e3os que professoram pela primeira vez bem como os que renovaram pertencem \u00e0 Fraternidade SS. Luqu\u00e9sio e Bernadone, da S\u00e9 Catedral de Viana. No mesmo louvor de j\u00fabilo, os irm\u00e3os se comprometem a vivenciarem o compromisso de vida evang\u00e9lica na Ordem Franciscana Secular. A Profiss\u00e3o franciscana Secular \u00e9 uma entrega livre, dos irm\u00e3os e irm\u00e3s, uma consagra\u00e7\u00e3o consciente e total da pessoa a Cristo, no Esp\u00edrito de S\u00e3o Francisco, e esta entrega \u00e9 vivida na fam\u00edlia, no trabalho, no lazer, no Apostolado, na a\u00e7\u00e3o Pastoral e na promo\u00e7\u00e3o da justi\u00e7a em todos os n\u00edveis, na ora\u00e7\u00e3o, na leitura e na reflex\u00e3o do Evangelho e na pr\u00e1tica de servi\u00e7o aos irm\u00e3os.<\/p>\n<p><img loading=\"lazy\" class=\"alignnone size-full wp-image-244778\" src=\"https:\/\/franciscanos.org.br\/noticias\/wp-content\/uploads\/2023\/09\/angola_ofs_02.jpg\" alt=\"\" width=\"1156\" height=\"531\" srcset=\"https:\/\/franciscanos.org.br\/noticias\/wp-content\/uploads\/2023\/09\/angola_ofs_02.jpg 1156w, https:\/\/franciscanos.org.br\/noticias\/wp-content\/uploads\/2023\/09\/angola_ofs_02-450x207.jpg 450w, https:\/\/franciscanos.org.br\/noticias\/wp-content\/uploads\/2023\/09\/angola_ofs_02-1024x470.jpg 1024w, https:\/\/franciscanos.org.br\/noticias\/wp-content\/uploads\/2023\/09\/angola_ofs_02-768x353.jpg 768w, https:\/\/franciscanos.org.br\/noticias\/wp-content\/uploads\/2023\/09\/angola_ofs_02-150x69.jpg 150w\" sizes=\"(max-width: 1156px) 100vw, 1156px\" \/><\/p>\n<p>A JUFRA \u00e9 um movimento juvenil da OFS, e existe em Luanda e no Pa\u00eds em geral h\u00e1 mais de 10 anos. O movimento \u00e9 bastante din\u00e2mico tem um conselho pr\u00f3prio e \u00e9 acompanhado pelos conselhos das Fraternidades e pelo Conselho Regional e Nacional.<\/p>\n<hr \/>\n<p><em>Frei Domingos Macuva Paulo<\/em><\/p>\n","protected":false},"excerpt":{"rendered":"<p>Miss\u00e3o de Angola<\/p>\n","protected":false},"author":3,"featured_media":244777,"comment_status":"open","ping_status":"open","sticky":false,"template":"","format":"standard","meta":[],"categories":[1],"tags":[360],"acf":[],"yoast_head":"<!-- This site is optimized with the Yoast SEO plugin v19.2 - https:\/\/yoast.com\/wordpress\/plugins\/seo\/ -->\n<title>Em Angola, dia de alegria na Ordem Fanciscana Secular e Jufra - Not\u00edcias - Franciscanos<\/title>\n<meta name=\"robots\" content=\"index, follow, max-snippet:-1, max-image-preview:large, max-video-preview:-1\" \/>\n<link rel=\"canonical\" href=\"https:\/\/franciscanos.org.br\/noticias\/em-angola-dia-de-alegria-na-ordem-fanciscana-secular-e-jufra.html\" \/>\n<meta property=\"og:locale\" content=\"pt_BR\" \/>\n<meta property=\"og:type\" content=\"article\" \/>\n<meta property=\"og:title\" content=\"Em Angola, dia de alegria na Ordem Fanciscana Secular e Jufra - Not\u00edcias - Franciscanos\" \/>\n<meta property=\"og:description\" content=\"Miss\u00e3o de Angola\" \/>\n<meta property=\"og:url\" content=\"https:\/\/franciscanos.org.br\/noticias\/em-angola-dia-de-alegria-na-ordem-fanciscana-secular-e-jufra.html\" \/>\n<meta property=\"og:site_name\" content=\"Not\u00edcias - Franciscanos\" \/>\n<meta property=\"article:published_time\" content=\"2023-09-19T15:49:12+00:00\" \/>\n<meta property=\"article:modified_time\" content=\"2023-09-19T15:54:08+00:00\" \/>\n<meta property=\"og:image\" content=\"https:\/\/franciscanos.org.br\/noticias\/wp-content\/uploads\/2023\/09\/angola_ofs_01.jpg\" \/>\n\t<meta property=\"og:image:width\" content=\"1280\" \/>\n\t<meta property=\"og:image:height\" content=\"720\" \/>\n\t<meta property=\"og:image:type\" content=\"image\/jpeg\" \/>\n<meta name=\"author\" content=\"moacir\" \/>\n<meta name=\"twitter:card\" content=\"summary_large_image\" \/>\n<meta name=\"twitter:label1\" content=\"Escrito por\" \/>\n\t<meta name=\"twitter:data1\" content=\"moacir\" \/>\n\t<meta name=\"twitter:label2\" content=\"Est. tempo de leitura\" \/>\n\t<meta name=\"twitter:data2\" content=\"2 minutos\" \/>\n<script type=\"application\/ld+json\" class=\"yoast-schema-graph\">{\"@context\":\"https:\/\/schema.org\",\"@graph\":[{\"@type\":\"WebSite\",\"@id\":\"https:\/\/franciscanos.org.br\/noticias\/#website\",\"url\":\"https:\/\/franciscanos.org.br\/noticias\/\",\"name\":\"Not\u00edcias - Franciscanos\",\"description\":\"Prov\u00edncia Franciscana da Imaculada Concei\u00e7\u00e3o do Brasil - Ordem dos Frades Menores - OFM\",\"potentialAction\":[{\"@type\":\"SearchAction\",\"target\":{\"@type\":\"EntryPoint\",\"urlTemplate\":\"https:\/\/franciscanos.org.br\/noticias\/?s={search_term_string}\"},\"query-input\":\"required name=search_term_string\"}],\"inLanguage\":\"pt-BR\"},{\"@type\":\"ImageObject\",\"inLanguage\":\"pt-BR\",\"@id\":\"https:\/\/franciscanos.org.br\/noticias\/em-angola-dia-de-alegria-na-ordem-fanciscana-secular-e-jufra.html#primaryimage\",\"url\":\"https:\/\/franciscanos.org.br\/noticias\/wp-content\/uploads\/2023\/09\/angola_ofs_01.jpg\",\"contentUrl\":\"https:\/\/franciscanos.org.br\/noticias\/wp-content\/uploads\/2023\/09\/angola_ofs_01.jpg\",\"width\":1280,\"height\":720},{\"@type\":\"WebPage\",\"@id\":\"https:\/\/franciscanos.org.br\/noticias\/em-angola-dia-de-alegria-na-ordem-fanciscana-secular-e-jufra.html#webpage\",\"url\":\"https:\/\/franciscanos.org.br\/noticias\/em-angola-dia-de-alegria-na-ordem-fanciscana-secular-e-jufra.html\",\"name\":\"Em Angola, dia de alegria na Ordem Fanciscana Secular e Jufra - Not\u00edcias - Franciscanos\",\"isPartOf\":{\"@id\":\"https:\/\/franciscanos.org.br\/noticias\/#website\"},\"primaryImageOfPage\":{\"@id\":\"https:\/\/franciscanos.org.br\/noticias\/em-angola-dia-de-alegria-na-ordem-fanciscana-secular-e-jufra.html#primaryimage\"},\"datePublished\":\"2023-09-19T15:49:12+00:00\",\"dateModified\":\"2023-09-19T15:54:08+00:00\",\"author\":{\"@id\":\"https:\/\/franciscanos.org.br\/noticias\/#\/schema\/person\/b5c8cba458c330ccff548b056e95a5d4\"},\"breadcrumb\":{\"@id\":\"https:\/\/franciscanos.org.br\/noticias\/em-angola-dia-de-alegria-na-ordem-fanciscana-secular-e-jufra.html#breadcrumb\"},\"inLanguage\":\"pt-BR\",\"potentialAction\":[{\"@type\":\"ReadAction\",\"target\":[\"https:\/\/franciscanos.org.br\/noticias\/em-angola-dia-de-alegria-na-ordem-fanciscana-secular-e-jufra.html\"]}]},{\"@type\":\"BreadcrumbList\",\"@id\":\"https:\/\/franciscanos.org.br\/noticias\/em-angola-dia-de-alegria-na-ordem-fanciscana-secular-e-jufra.html#breadcrumb\",\"itemListElement\":[{\"@type\":\"ListItem\",\"position\":1,\"name\":\"Home\",\"item\":\"https:\/\/franciscanos.org.br\/noticias\"},{\"@type\":\"ListItem\",\"position\":2,\"name\":\"Em Angola, dia de alegria na Ordem Fanciscana Secular e Jufra\"}]},{\"@type\":\"Person\",\"@id\":\"https:\/\/franciscanos.org.br\/noticias\/#\/schema\/person\/b5c8cba458c330ccff548b056e95a5d4\",\"name\":\"moacir\",\"image\":{\"@type\":\"ImageObject\",\"inLanguage\":\"pt-BR\",\"@id\":\"https:\/\/franciscanos.org.br\/noticias\/#\/schema\/person\/image\/\",\"url\":\"https:\/\/secure.gravatar.com\/avatar\/d08aa2ce4c8dd416d4479aa8536fcf64?s=96&d=mm&r=g\",\"contentUrl\":\"https:\/\/secure.gravatar.com\/avatar\/d08aa2ce4c8dd416d4479aa8536fcf64?s=96&d=mm&r=g\",\"caption\":\"moacir\"},\"url\":\"https:\/\/franciscanos.org.br\/noticias\/author\/moacir\"}]}<\/script>\n<!-- \/ Yoast SEO plugin. -->","yoast_head_json":{"title":"Em Angola, dia de alegria na Ordem Fanciscana Secular e Jufra - Not\u00edcias - Franciscanos","robots":{"index":"index","follow":"follow","max-snippet":"max-snippet:-1","max-image-preview":"max-image-preview:large","max-video-preview":"max-video-preview:-1"},"canonical":"https:\/\/franciscanos.org.br\/noticias\/em-angola-dia-de-alegria-na-ordem-fanciscana-secular-e-jufra.html","og_locale":"pt_BR","og_type":"article","og_title":"Em Angola, dia de alegria na Ordem Fanciscana Secular e Jufra - Not\u00edcias - Franciscanos","og_description":"Miss\u00e3o de Angola","og_url":"https:\/\/franciscanos.org.br\/noticias\/em-angola-dia-de-alegria-na-ordem-fanciscana-secular-e-jufra.html","og_site_name":"Not\u00edcias - Franciscanos","article_published_time":"2023-09-19T15:49:12+00:00","article_modified_time":"2023-09-19T15:54:08+00:00","og_image":[{"width":1280,"height":720,"url":"https:\/\/franciscanos.org.br\/noticias\/wp-content\/uploads\/2023\/09\/angola_ofs_01.jpg","type":"image\/jpeg"}],"author":"moacir","twitter_card":"summary_large_image","twitter_misc":{"Escrito por":"moacir","Est. tempo de leitura":"2 minutos"},"schema":{"@context":"https:\/\/schema.org","@graph":[{"@type":"WebSite","@id":"https:\/\/franciscanos.org.br\/noticias\/#website","url":"https:\/\/franciscanos.org.br\/noticias\/","name":"Not\u00edcias - Franciscanos","description":"Prov\u00edncia Franciscana da Imaculada Concei\u00e7\u00e3o do Brasil - Ordem dos Frades Menores - OFM","potentialAction":[{"@type":"SearchAction","target":{"@type":"EntryPoint","urlTemplate":"https:\/\/franciscanos.org.br\/noticias\/?s={search_term_string}"},"query-input":"required name=search_term_string"}],"inLanguage":"pt-BR"},{"@type":"ImageObject","inLanguage":"pt-BR","@id":"https:\/\/franciscanos.org.br\/noticias\/em-angola-dia-de-alegria-na-ordem-fanciscana-secular-e-jufra.html#primaryimage","url":"https:\/\/franciscanos.org.br\/noticias\/wp-content\/uploads\/2023\/09\/angola_ofs_01.jpg","contentUrl":"https:\/\/franciscanos.org.br\/noticias\/wp-content\/uploads\/2023\/09\/angola_ofs_01.jpg","width":1280,"height":720},{"@type":"WebPage","@id":"https:\/\/franciscanos.org.br\/noticias\/em-angola-dia-de-alegria-na-ordem-fanciscana-secular-e-jufra.html#webpage","url":"https:\/\/franciscanos.org.br\/noticias\/em-angola-dia-de-alegria-na-ordem-fanciscana-secular-e-jufra.html","name":"Em Angola, dia de alegria na Ordem Fanciscana Secular e Jufra - Not\u00edcias - Franciscanos","isPartOf":{"@id":"https:\/\/franciscanos.org.br\/noticias\/#website"},"primaryImageOfPage":{"@id":"https:\/\/franciscanos.org.br\/noticias\/em-angola-dia-de-alegria-na-ordem-fanciscana-secular-e-jufra.html#primaryimage"},"datePublished":"2023-09-19T15:49:12+00:00","dateModified":"2023-09-19T15:54:08+00:00","author":{"@id":"https:\/\/franciscanos.org.br\/noticias\/#\/schema\/person\/b5c8cba458c330ccff548b056e95a5d4"},"breadcrumb":{"@id":"https:\/\/franciscanos.org.br\/noticias\/em-angola-dia-de-alegria-na-ordem-fanciscana-secular-e-jufra.html#breadcrumb"},"inLanguage":"pt-BR","potentialAction":[{"@type":"ReadAction","target":["https:\/\/franciscanos.org.br\/noticias\/em-angola-dia-de-alegria-na-ordem-fanciscana-secular-e-jufra.html"]}]},{"@type":"BreadcrumbList","@id":"https:\/\/franciscanos.org.br\/noticias\/em-angola-dia-de-alegria-na-ordem-fanciscana-secular-e-jufra.html#breadcrumb","itemListElement":[{"@type":"ListItem","position":1,"name":"Home","item":"https:\/\/franciscanos.org.br\/noticias"},{"@type":"ListItem","position":2,"name":"Em Angola, dia de alegria na Ordem Fanciscana Secular e Jufra"}]},{"@type":"Person","@id":"https:\/\/franciscanos.org.br\/noticias\/#\/schema\/person\/b5c8cba458c330ccff548b056e95a5d4","name":"moacir","image":{"@type":"ImageObject","inLanguage":"pt-BR","@id":"https:\/\/franciscanos.org.br\/noticias\/#\/schema\/person\/image\/","url":"https:\/\/secure.gravatar.com\/avatar\/d08aa2ce4c8dd416d4479aa8536fcf64?s=96&d=mm&r=g","contentUrl":"https:\/\/secure.gravatar.com\/avatar\/d08aa2ce4c8dd416d4479aa8536fcf64?s=96&d=mm&r=g","caption":"moacir"},"url":"https:\/\/franciscanos.org.br\/noticias\/author\/moacir"}]}},"_links":{"self":[{"href":"https:\/\/franciscanos.org.br\/noticias\/wp-json\/wp\/v2\/posts\/244776"}],"collection":[{"href":"https:\/\/franciscanos.org.br\/noticias\/wp-json\/wp\/v2\/posts"}],"about":[{"href":"https:\/\/franciscanos.org.br\/noticias\/wp-json\/wp\/v2\/types\/post"}],"author":[{"embeddable":true,"href":"https:\/\/franciscanos.org.br\/noticias\/wp-json\/wp\/v2\/users\/3"}],"replies":[{"embeddable":true,"href":"https:\/\/franciscanos.org.br\/noticias\/wp-json\/wp\/v2\/comments?post=244776"}],"version-history":[{"count":3,"href":"https:\/\/franciscanos.org.br\/noticias\/wp-json\/wp\/v2\/posts\/244776\/revisions"}],"predecessor-version":[{"id":244782,"href":"https:\/\/franciscanos.org.br\/noticias\/wp-json\/wp\/v2\/posts\/244776\/revisions\/244782"}],"wp:featuredmedia":[{"embeddable":true,"href":"https:\/\/franciscanos.org.br\/noticias\/wp-json\/wp\/v2\/media\/244777"}],"wp:attachment":[{"href":"https:\/\/franciscanos.org.br\/noticias\/wp-json\/wp\/v2\/media?parent=244776"}],"wp:term":[{"taxonomy":"category","embeddable":true,"href":"https:\/\/franciscanos.org.br\/noticias\/wp-json\/wp\/v2\/categories?post=244776"},{"taxonomy":"post_tag","embeddable":true,"href":"https:\/\/franciscanos.org.br\/noticias\/wp-json\/wp\/v2\/tags?post=244776"}],"curies":[{"name":"wp","href":"https:\/\/api.w.org\/{rel}","templated":true}]}}