{"id":244769,"date":"2023-09-18T08:00:04","date_gmt":"2023-09-18T11:00:04","guid":{"rendered":"https:\/\/franciscanos.org.br\/noticias\/?p=244769"},"modified":"2025-03-10T15:45:42","modified_gmt":"2025-03-10T18:45:42","slug":"aspirantado-de-angola-acolhe-21-jovens","status":"publish","type":"post","link":"https:\/\/franciscanos.org.br\/noticias\/aspirantado-de-angola-acolhe-21-jovens.html","title":{"rendered":"Aspirantado de Angola acolhe 21 jovens"},"content":{"rendered":"<p><img loading=\"lazy\" class=\"alignnone size-full wp-image-244771\" src=\"https:\/\/franciscanos.org.br\/noticias\/wp-content\/uploads\/2023\/09\/angola_18_5.jpg\" alt=\"\" width=\"1280\" height=\"656\" srcset=\"https:\/\/franciscanos.org.br\/noticias\/wp-content\/uploads\/2023\/09\/angola_18_5.jpg 1280w, https:\/\/franciscanos.org.br\/noticias\/wp-content\/uploads\/2023\/09\/angola_18_5-450x231.jpg 450w, https:\/\/franciscanos.org.br\/noticias\/wp-content\/uploads\/2023\/09\/angola_18_5-1024x525.jpg 1024w, https:\/\/franciscanos.org.br\/noticias\/wp-content\/uploads\/2023\/09\/angola_18_5-768x394.jpg 768w, https:\/\/franciscanos.org.br\/noticias\/wp-content\/uploads\/2023\/09\/angola_18_5-150x77.jpg 150w\" sizes=\"(max-width: 1280px) 100vw, 1280px\" \/><\/p>\n<p>A Funda\u00e7\u00e3o Imaculada M\u00e3e de Deus de Angola (FIMDA) teve a gra\u00e7a de acolher 21 aspirantes, na Fraternidade Monte Alverne neste in\u00edcio de semestre. Ao contr\u00e1rio do Brasil, em Angola, o ano letivo come\u00e7a no meio do ano, como na Europa.<\/p>\n<p>Nesta etapa, os jovens buscam, com ardor, trilhar os passos de Jesus Cristo a exemplo de S\u00e3o Francisco de Assis. Neste dia, o presidente da FIMDA, Frei Ivair Bueno de Carvalho, fez a acolhida e agradeceu em nome da Ordem dos Frades Menores, \u00a0da Prov\u00edncia Franciscana da Imaculada Concei\u00e7\u00e3o e da Funda\u00e7\u00e3o Imaculada M\u00e3e de Deus\u00a0 pelo sim de cada irm\u00e3o.<\/p>\n<p><img loading=\"lazy\" class=\"alignnone size-full wp-image-244772\" src=\"https:\/\/franciscanos.org.br\/noticias\/wp-content\/uploads\/2023\/09\/angola_18_6.jpg\" alt=\"\" width=\"1280\" height=\"796\" srcset=\"https:\/\/franciscanos.org.br\/noticias\/wp-content\/uploads\/2023\/09\/angola_18_6.jpg 1280w, https:\/\/franciscanos.org.br\/noticias\/wp-content\/uploads\/2023\/09\/angola_18_6-450x280.jpg 450w, https:\/\/franciscanos.org.br\/noticias\/wp-content\/uploads\/2023\/09\/angola_18_6-1024x637.jpg 1024w, https:\/\/franciscanos.org.br\/noticias\/wp-content\/uploads\/2023\/09\/angola_18_6-768x478.jpg 768w, https:\/\/franciscanos.org.br\/noticias\/wp-content\/uploads\/2023\/09\/angola_18_6-150x93.jpg 150w\" sizes=\"(max-width: 1280px) 100vw, 1280px\" \/><\/p>\n<p>E completou dizendo: \u201cN\u00f3s agradeceremos mais a perseveran\u00e7a no sim de cada um, porque aquele que perseverar at\u00e9 ao fim ser\u00e1 salvo\u201d. Nesta mesma alegria, o Orientador e Reitor do Semin\u00e1rio Monte Alverne, Frei Afonso Katchekele, dirigindo-se aos candidatos, disse: \u201cO que deve nos alegrar n\u00e3o \u00e9 o simples rito, mas a verdadeira voca\u00e7\u00e3o, que aos olhos do mundo n\u00e3o passa de uma loucura. E esta voca\u00e7\u00e3o acarreta consigo sustos e medos, mas tenhamos a plena certeza de que Deus n\u00e3o chama a partir da estatura f\u00edsica ou material, social ou pol\u00edtica, mas sim, a grandeza da f\u00e9 e \u00e9 esta f\u00e9 que vai nos assegurar a busca constante do verdadeiro amor\u201d.<\/p>\n<p>Foi neste esp\u00edrito jubiloso que a FIMDA acolheu os seus filhos que aspiram servir em esp\u00edrito de pobreza, obedi\u00eancia e sem nada de pr\u00f3prio \u00e0 santa M\u00e3e Igreja e a Ordem dos Frades Menores.<\/p>\n<hr \/>\n<p><em>Frei Domingos Macuva Paulo<\/em><\/p>\n<p>&nbsp;<\/p>\n","protected":false},"excerpt":{"rendered":"<p>Miss\u00e3o de Angola<\/p>\n","protected":false},"author":3,"featured_media":244771,"comment_status":"open","ping_status":"open","sticky":false,"template":"","format":"standard","meta":[],"categories":[1],"tags":[360,2056],"acf":[],"yoast_head":"<!-- This site is optimized with the Yoast SEO plugin v19.2 - https:\/\/yoast.com\/wordpress\/plugins\/seo\/ -->\n<title>Aspirantado de Angola acolhe 21 jovens - Not\u00edcias - Franciscanos<\/title>\n<meta name=\"robots\" content=\"index, follow, max-snippet:-1, max-image-preview:large, max-video-preview:-1\" \/>\n<link rel=\"canonical\" href=\"https:\/\/franciscanos.org.br\/noticias\/aspirantado-de-angola-acolhe-21-jovens.html\" \/>\n<meta property=\"og:locale\" content=\"pt_BR\" \/>\n<meta property=\"og:type\" content=\"article\" \/>\n<meta property=\"og:title\" content=\"Aspirantado de Angola acolhe 21 jovens - Not\u00edcias - Franciscanos\" \/>\n<meta property=\"og:description\" content=\"Miss\u00e3o de Angola\" \/>\n<meta property=\"og:url\" content=\"https:\/\/franciscanos.org.br\/noticias\/aspirantado-de-angola-acolhe-21-jovens.html\" \/>\n<meta property=\"og:site_name\" content=\"Not\u00edcias - Franciscanos\" \/>\n<meta property=\"article:published_time\" content=\"2023-09-18T11:00:04+00:00\" \/>\n<meta property=\"article:modified_time\" content=\"2025-03-10T18:45:42+00:00\" \/>\n<meta property=\"og:image\" content=\"https:\/\/franciscanos.org.br\/noticias\/wp-content\/uploads\/2023\/09\/angola_18_5.jpg\" \/>\n\t<meta property=\"og:image:width\" content=\"1280\" \/>\n\t<meta property=\"og:image:height\" content=\"656\" \/>\n\t<meta property=\"og:image:type\" content=\"image\/jpeg\" \/>\n<meta name=\"author\" content=\"moacir\" \/>\n<meta name=\"twitter:card\" content=\"summary_large_image\" \/>\n<meta name=\"twitter:label1\" content=\"Escrito por\" \/>\n\t<meta name=\"twitter:data1\" content=\"moacir\" \/>\n\t<meta name=\"twitter:label2\" content=\"Est. tempo de leitura\" \/>\n\t<meta name=\"twitter:data2\" content=\"1 minuto\" \/>\n<script type=\"application\/ld+json\" class=\"yoast-schema-graph\">{\"@context\":\"https:\/\/schema.org\",\"@graph\":[{\"@type\":\"WebSite\",\"@id\":\"https:\/\/franciscanos.org.br\/noticias\/#website\",\"url\":\"https:\/\/franciscanos.org.br\/noticias\/\",\"name\":\"Not\u00edcias - Franciscanos\",\"description\":\"Prov\u00edncia Franciscana da Imaculada Concei\u00e7\u00e3o do Brasil - Ordem dos Frades Menores - OFM\",\"potentialAction\":[{\"@type\":\"SearchAction\",\"target\":{\"@type\":\"EntryPoint\",\"urlTemplate\":\"https:\/\/franciscanos.org.br\/noticias\/?s={search_term_string}\"},\"query-input\":\"required name=search_term_string\"}],\"inLanguage\":\"pt-BR\"},{\"@type\":\"ImageObject\",\"inLanguage\":\"pt-BR\",\"@id\":\"https:\/\/franciscanos.org.br\/noticias\/aspirantado-de-angola-acolhe-21-jovens.html#primaryimage\",\"url\":\"https:\/\/franciscanos.org.br\/noticias\/wp-content\/uploads\/2023\/09\/angola_18_5.jpg\",\"contentUrl\":\"https:\/\/franciscanos.org.br\/noticias\/wp-content\/uploads\/2023\/09\/angola_18_5.jpg\",\"width\":1280,\"height\":656},{\"@type\":\"WebPage\",\"@id\":\"https:\/\/franciscanos.org.br\/noticias\/aspirantado-de-angola-acolhe-21-jovens.html#webpage\",\"url\":\"https:\/\/franciscanos.org.br\/noticias\/aspirantado-de-angola-acolhe-21-jovens.html\",\"name\":\"Aspirantado de Angola acolhe 21 jovens - Not\u00edcias - Franciscanos\",\"isPartOf\":{\"@id\":\"https:\/\/franciscanos.org.br\/noticias\/#website\"},\"primaryImageOfPage\":{\"@id\":\"https:\/\/franciscanos.org.br\/noticias\/aspirantado-de-angola-acolhe-21-jovens.html#primaryimage\"},\"datePublished\":\"2023-09-18T11:00:04+00:00\",\"dateModified\":\"2025-03-10T18:45:42+00:00\",\"author\":{\"@id\":\"https:\/\/franciscanos.org.br\/noticias\/#\/schema\/person\/b5c8cba458c330ccff548b056e95a5d4\"},\"breadcrumb\":{\"@id\":\"https:\/\/franciscanos.org.br\/noticias\/aspirantado-de-angola-acolhe-21-jovens.html#breadcrumb\"},\"inLanguage\":\"pt-BR\",\"potentialAction\":[{\"@type\":\"ReadAction\",\"target\":[\"https:\/\/franciscanos.org.br\/noticias\/aspirantado-de-angola-acolhe-21-jovens.html\"]}]},{\"@type\":\"BreadcrumbList\",\"@id\":\"https:\/\/franciscanos.org.br\/noticias\/aspirantado-de-angola-acolhe-21-jovens.html#breadcrumb\",\"itemListElement\":[{\"@type\":\"ListItem\",\"position\":1,\"name\":\"Home\",\"item\":\"https:\/\/franciscanos.org.br\/noticias\"},{\"@type\":\"ListItem\",\"position\":2,\"name\":\"Aspirantado de Angola acolhe 21 jovens\"}]},{\"@type\":\"Person\",\"@id\":\"https:\/\/franciscanos.org.br\/noticias\/#\/schema\/person\/b5c8cba458c330ccff548b056e95a5d4\",\"name\":\"moacir\",\"image\":{\"@type\":\"ImageObject\",\"inLanguage\":\"pt-BR\",\"@id\":\"https:\/\/franciscanos.org.br\/noticias\/#\/schema\/person\/image\/\",\"url\":\"https:\/\/secure.gravatar.com\/avatar\/d08aa2ce4c8dd416d4479aa8536fcf64?s=96&d=mm&r=g\",\"contentUrl\":\"https:\/\/secure.gravatar.com\/avatar\/d08aa2ce4c8dd416d4479aa8536fcf64?s=96&d=mm&r=g\",\"caption\":\"moacir\"},\"url\":\"https:\/\/franciscanos.org.br\/noticias\/author\/moacir\"}]}<\/script>\n<!-- \/ Yoast SEO plugin. -->","yoast_head_json":{"title":"Aspirantado de Angola acolhe 21 jovens - Not\u00edcias - Franciscanos","robots":{"index":"index","follow":"follow","max-snippet":"max-snippet:-1","max-image-preview":"max-image-preview:large","max-video-preview":"max-video-preview:-1"},"canonical":"https:\/\/franciscanos.org.br\/noticias\/aspirantado-de-angola-acolhe-21-jovens.html","og_locale":"pt_BR","og_type":"article","og_title":"Aspirantado de Angola acolhe 21 jovens - Not\u00edcias - Franciscanos","og_description":"Miss\u00e3o de Angola","og_url":"https:\/\/franciscanos.org.br\/noticias\/aspirantado-de-angola-acolhe-21-jovens.html","og_site_name":"Not\u00edcias - Franciscanos","article_published_time":"2023-09-18T11:00:04+00:00","article_modified_time":"2025-03-10T18:45:42+00:00","og_image":[{"width":1280,"height":656,"url":"https:\/\/franciscanos.org.br\/noticias\/wp-content\/uploads\/2023\/09\/angola_18_5.jpg","type":"image\/jpeg"}],"author":"moacir","twitter_card":"summary_large_image","twitter_misc":{"Escrito por":"moacir","Est. tempo de leitura":"1 minuto"},"schema":{"@context":"https:\/\/schema.org","@graph":[{"@type":"WebSite","@id":"https:\/\/franciscanos.org.br\/noticias\/#website","url":"https:\/\/franciscanos.org.br\/noticias\/","name":"Not\u00edcias - Franciscanos","description":"Prov\u00edncia Franciscana da Imaculada Concei\u00e7\u00e3o do Brasil - Ordem dos Frades Menores - OFM","potentialAction":[{"@type":"SearchAction","target":{"@type":"EntryPoint","urlTemplate":"https:\/\/franciscanos.org.br\/noticias\/?s={search_term_string}"},"query-input":"required name=search_term_string"}],"inLanguage":"pt-BR"},{"@type":"ImageObject","inLanguage":"pt-BR","@id":"https:\/\/franciscanos.org.br\/noticias\/aspirantado-de-angola-acolhe-21-jovens.html#primaryimage","url":"https:\/\/franciscanos.org.br\/noticias\/wp-content\/uploads\/2023\/09\/angola_18_5.jpg","contentUrl":"https:\/\/franciscanos.org.br\/noticias\/wp-content\/uploads\/2023\/09\/angola_18_5.jpg","width":1280,"height":656},{"@type":"WebPage","@id":"https:\/\/franciscanos.org.br\/noticias\/aspirantado-de-angola-acolhe-21-jovens.html#webpage","url":"https:\/\/franciscanos.org.br\/noticias\/aspirantado-de-angola-acolhe-21-jovens.html","name":"Aspirantado de Angola acolhe 21 jovens - Not\u00edcias - Franciscanos","isPartOf":{"@id":"https:\/\/franciscanos.org.br\/noticias\/#website"},"primaryImageOfPage":{"@id":"https:\/\/franciscanos.org.br\/noticias\/aspirantado-de-angola-acolhe-21-jovens.html#primaryimage"},"datePublished":"2023-09-18T11:00:04+00:00","dateModified":"2025-03-10T18:45:42+00:00","author":{"@id":"https:\/\/franciscanos.org.br\/noticias\/#\/schema\/person\/b5c8cba458c330ccff548b056e95a5d4"},"breadcrumb":{"@id":"https:\/\/franciscanos.org.br\/noticias\/aspirantado-de-angola-acolhe-21-jovens.html#breadcrumb"},"inLanguage":"pt-BR","potentialAction":[{"@type":"ReadAction","target":["https:\/\/franciscanos.org.br\/noticias\/aspirantado-de-angola-acolhe-21-jovens.html"]}]},{"@type":"BreadcrumbList","@id":"https:\/\/franciscanos.org.br\/noticias\/aspirantado-de-angola-acolhe-21-jovens.html#breadcrumb","itemListElement":[{"@type":"ListItem","position":1,"name":"Home","item":"https:\/\/franciscanos.org.br\/noticias"},{"@type":"ListItem","position":2,"name":"Aspirantado de Angola acolhe 21 jovens"}]},{"@type":"Person","@id":"https:\/\/franciscanos.org.br\/noticias\/#\/schema\/person\/b5c8cba458c330ccff548b056e95a5d4","name":"moacir","image":{"@type":"ImageObject","inLanguage":"pt-BR","@id":"https:\/\/franciscanos.org.br\/noticias\/#\/schema\/person\/image\/","url":"https:\/\/secure.gravatar.com\/avatar\/d08aa2ce4c8dd416d4479aa8536fcf64?s=96&d=mm&r=g","contentUrl":"https:\/\/secure.gravatar.com\/avatar\/d08aa2ce4c8dd416d4479aa8536fcf64?s=96&d=mm&r=g","caption":"moacir"},"url":"https:\/\/franciscanos.org.br\/noticias\/author\/moacir"}]}},"_links":{"self":[{"href":"https:\/\/franciscanos.org.br\/noticias\/wp-json\/wp\/v2\/posts\/244769"}],"collection":[{"href":"https:\/\/franciscanos.org.br\/noticias\/wp-json\/wp\/v2\/posts"}],"about":[{"href":"https:\/\/franciscanos.org.br\/noticias\/wp-json\/wp\/v2\/types\/post"}],"author":[{"embeddable":true,"href":"https:\/\/franciscanos.org.br\/noticias\/wp-json\/wp\/v2\/users\/3"}],"replies":[{"embeddable":true,"href":"https:\/\/franciscanos.org.br\/noticias\/wp-json\/wp\/v2\/comments?post=244769"}],"version-history":[{"count":2,"href":"https:\/\/franciscanos.org.br\/noticias\/wp-json\/wp\/v2\/posts\/244769\/revisions"}],"predecessor-version":[{"id":244774,"href":"https:\/\/franciscanos.org.br\/noticias\/wp-json\/wp\/v2\/posts\/244769\/revisions\/244774"}],"wp:featuredmedia":[{"embeddable":true,"href":"https:\/\/franciscanos.org.br\/noticias\/wp-json\/wp\/v2\/media\/244771"}],"wp:attachment":[{"href":"https:\/\/franciscanos.org.br\/noticias\/wp-json\/wp\/v2\/media?parent=244769"}],"wp:term":[{"taxonomy":"category","embeddable":true,"href":"https:\/\/franciscanos.org.br\/noticias\/wp-json\/wp\/v2\/categories?post=244769"},{"taxonomy":"post_tag","embeddable":true,"href":"https:\/\/franciscanos.org.br\/noticias\/wp-json\/wp\/v2\/tags?post=244769"}],"curies":[{"name":"wp","href":"https:\/\/api.w.org\/{rel}","templated":true}]}}