{"id":244762,"date":"2023-09-18T07:42:27","date_gmt":"2023-09-18T10:42:27","guid":{"rendered":"https:\/\/franciscanos.org.br\/noticias\/?p=244762"},"modified":"2023-09-18T07:44:08","modified_gmt":"2023-09-18T10:44:08","slug":"missao-de-angola-celebra-o-tempo-da-criacao-2","status":"publish","type":"post","link":"https:\/\/franciscanos.org.br\/noticias\/missao-de-angola-celebra-o-tempo-da-criacao-2.html","title":{"rendered":"Miss\u00e3o de Angola celebra o Tempo da Cria\u00e7\u00e3o"},"content":{"rendered":"<p><img loading=\"lazy\" class=\"alignnone size-full wp-image-244763\" src=\"https:\/\/franciscanos.org.br\/noticias\/wp-content\/uploads\/2023\/09\/angola_18_01.jpg\" alt=\"\" width=\"1280\" height=\"720\" srcset=\"https:\/\/franciscanos.org.br\/noticias\/wp-content\/uploads\/2023\/09\/angola_18_01.jpg 1280w, https:\/\/franciscanos.org.br\/noticias\/wp-content\/uploads\/2023\/09\/angola_18_01-450x253.jpg 450w, https:\/\/franciscanos.org.br\/noticias\/wp-content\/uploads\/2023\/09\/angola_18_01-1024x576.jpg 1024w, https:\/\/franciscanos.org.br\/noticias\/wp-content\/uploads\/2023\/09\/angola_18_01-768x432.jpg 768w, https:\/\/franciscanos.org.br\/noticias\/wp-content\/uploads\/2023\/09\/angola_18_01-150x84.jpg 150w\" sizes=\"(max-width: 1280px) 100vw, 1280px\" \/><\/p>\n<p>Frades, postulantes e as crian\u00e7as do Projeto Bola da paz se reuniram para celebrar o in\u00edcio do Tempo da Cria\u00e7\u00e3o, que come\u00e7ou em 1\u00ba de setembro e vai at\u00e9 o dia de S\u00e3o Francisco de Assis, 4 de outubro. Tempo da cria\u00e7\u00e3o \u00e9 um tempo de gra\u00e7a, onde a humanidade tem a oportunidade de renovar sua rela\u00e7\u00e3o com toda a Cria\u00e7\u00e3o, atrav\u00e9s da celebra\u00e7\u00e3o, de uma convers\u00e3o e de um sincero compromisso fraterno.<\/p>\n<p>Frei Jeferson Max Nunes Maciel acolheu a todos com um canto franciscano e, em seguida, nos colocou no esp\u00edrito do Tempo da Cria\u00e7\u00e3o. Convidou-nos a perceber a presen\u00e7a de Deus \u00e0 nossa volta, nas pessoas, nos animais, nas plantas, em tudo. Os postulantes entoaram o C\u00e2ntico de Daniel \/C\u00e2nticos das criaturas.<\/p>\n<p>Leu-se, ent\u00e3o, um trecho do livro do G\u00eanesis sobre a origem da cria\u00e7\u00e3o. Meditamos a Palavra de Deus, rezamos pela nossa m\u00e3e Terra e por cada um de n\u00f3s com a ora\u00e7\u00e3o do Pai-nosso. Assim, fomos motivados a cuidar do nosso pr\u00f3prio bairro atrav\u00e9s de gestos simples, como n\u00e3o jogar lixo no ch\u00e3o, limpar a rua, cuidar das plantas e das \u00e1rvores.<\/p>\n<p>Concluindo este momento fraterno de ora\u00e7\u00e3o e de contempla\u00e7\u00e3o, cantamos juntos ao som do batuque, o C\u00e2ntico \u201cLouvado sejas meu Senhor&#8230;\u201d, e fomos saudando-nos uns aos outros com Paz e Bem! Rendemos gra\u00e7as ao Criador por todas as suas criaturas!<\/p>\n<p><img loading=\"lazy\" class=\"alignnone size-full wp-image-244764\" src=\"https:\/\/franciscanos.org.br\/noticias\/wp-content\/uploads\/2023\/09\/angola_18_02.jpg\" alt=\"\" width=\"1032\" height=\"488\" srcset=\"https:\/\/franciscanos.org.br\/noticias\/wp-content\/uploads\/2023\/09\/angola_18_02.jpg 1032w, https:\/\/franciscanos.org.br\/noticias\/wp-content\/uploads\/2023\/09\/angola_18_02-450x213.jpg 450w, https:\/\/franciscanos.org.br\/noticias\/wp-content\/uploads\/2023\/09\/angola_18_02-1024x484.jpg 1024w, https:\/\/franciscanos.org.br\/noticias\/wp-content\/uploads\/2023\/09\/angola_18_02-768x363.jpg 768w, https:\/\/franciscanos.org.br\/noticias\/wp-content\/uploads\/2023\/09\/angola_18_02-150x71.jpg 150w\" sizes=\"(max-width: 1032px) 100vw, 1032px\" \/><\/p>\n<h3><strong>Tempo da Cria\u00e7\u00e3o 2023<\/strong><\/h3>\n<p>O tema para 2023 do Tempo da Cria\u00e7\u00e3o \u00e9: &#8220;Deixe a Justi\u00e7a e a Paz fluir&#8221;.\u00a0O profeta Am\u00f3s clama: \u201cMas antes, que jorre a equidade como uma fonte e a justi\u00e7a como torrente que n\u00e3o seca\u201d (Am\u00f3s 5, 24). O s\u00edmbolo para 2023 \u00e9 um Rio Poderoso.<\/p>\n<p>Portanto, somos chamados a nos juntar ao rio da justi\u00e7a e da paz para abra\u00e7ar a justi\u00e7a clim\u00e1tica e ecol\u00f3gica e falar com e pelas comunidades mais afetadas pela injusti\u00e7a clim\u00e1tica e perda da biodiversidade.<\/p>\n<p>Como povo de Deus, devemos trabalhar juntos em nome de toda a Cria\u00e7\u00e3o, como parte deste poderoso rio de paz e justi\u00e7a.<\/p>\n<hr \/>\n<h3><strong>No M\u00eas da B\u00edblia, Par\u00f3quia de S\u00e3o Lucas oferece forma\u00e7\u00e3o b\u00edblica<\/strong><\/h3>\n<h3><img loading=\"lazy\" class=\"alignnone size-full wp-image-244765\" src=\"https:\/\/franciscanos.org.br\/noticias\/wp-content\/uploads\/2023\/09\/angola_18_04.jpg\" alt=\"\" width=\"1280\" height=\"720\" srcset=\"https:\/\/franciscanos.org.br\/noticias\/wp-content\/uploads\/2023\/09\/angola_18_04.jpg 1280w, https:\/\/franciscanos.org.br\/noticias\/wp-content\/uploads\/2023\/09\/angola_18_04-450x253.jpg 450w, https:\/\/franciscanos.org.br\/noticias\/wp-content\/uploads\/2023\/09\/angola_18_04-1024x576.jpg 1024w, https:\/\/franciscanos.org.br\/noticias\/wp-content\/uploads\/2023\/09\/angola_18_04-768x432.jpg 768w, https:\/\/franciscanos.org.br\/noticias\/wp-content\/uploads\/2023\/09\/angola_18_04-150x84.jpg 150w\" sizes=\"(max-width: 1280px) 100vw, 1280px\" \/><\/h3>\n<h3><\/h3>\n<h2><strong>A VIDA NASCE DA B\u00cdBLIA: A B\u00cdBLIA NASCEU DA VIDA<\/strong><\/h2>\n<p>A Par\u00f3quia de S\u00e3o Lucas, da Funda\u00e7\u00e3o Imaculada M\u00e3e de Deus de Angola, promoveu forma\u00e7\u00e3o b\u00edblica em setembro, o M\u00eas da B\u00edblia, tendo como palestrante o p\u00e1roco, Frei Andr\u00e9 Luiz da Rocha Henriques, que fez as seguintes observa\u00e7\u00f5es no in\u00edcio do Retiro: \u201cCaros jovens, papais e mam\u00e3es, celebramos o M\u00eas da B\u00edblia, e \u00e9 importante tomar consci\u00eancia de que a B\u00edblia, antes de ser Livro, foi vida de um povo; e esse povo continua presente na hist\u00f3ria (a Igreja). Lendo a B\u00edblia, o povo de Deus sente-se identificado com ela e aceita-a com norma de vida e fonte de crescimento\u201d.<\/p>\n<p>As palavras das Escrituras s\u00e3o as palavras pelas quais nutrimos nossa vida espiritual. Portanto, podemos reafirmar o coment\u00e1rio de Mois\u00e9s ao povo de Israel a respeito da lei de Deus: &#8220;Porque esta palavra n\u00e3o \u00e9 para v\u00f3s coisa v\u0101; antes, \u00e9 a vossa vida; e, por esta mesma palavra, prolongareis os dias na terra \u00e0 qual, passando o Jord\u00e3o, ides para a possuir&#8221; (Dt 32,47).<\/p>\n<p><img loading=\"lazy\" class=\"alignnone size-full wp-image-244766\" src=\"https:\/\/franciscanos.org.br\/noticias\/wp-content\/uploads\/2023\/09\/angola_18_03.jpg\" alt=\"\" width=\"1280\" height=\"720\" srcset=\"https:\/\/franciscanos.org.br\/noticias\/wp-content\/uploads\/2023\/09\/angola_18_03.jpg 1280w, https:\/\/franciscanos.org.br\/noticias\/wp-content\/uploads\/2023\/09\/angola_18_03-450x253.jpg 450w, https:\/\/franciscanos.org.br\/noticias\/wp-content\/uploads\/2023\/09\/angola_18_03-1024x576.jpg 1024w, https:\/\/franciscanos.org.br\/noticias\/wp-content\/uploads\/2023\/09\/angola_18_03-768x432.jpg 768w, https:\/\/franciscanos.org.br\/noticias\/wp-content\/uploads\/2023\/09\/angola_18_03-150x84.jpg 150w\" sizes=\"(max-width: 1280px) 100vw, 1280px\" \/><\/p>\n<p><strong>&#8220;Vossa palavra \u00e9 um facho que ilumina meus passos, uma luz em meu caminho&#8221; (Sl 118\/119, 105).<\/strong><\/p>\n<p>J\u00e1 no final do Retiro, Frei Andr\u00e9, admoestou a juventude com o que diz o Salmista: &#8220;A tua palavra \u00e9 farol para os meus passos, e luz para os meus caminhos&#8221;. Desde os Santos Patriarcas, a humanidade tenta se conduzir pela Palavra do Senhor. Com seguran\u00e7a podemos distinguir duas formas de se orientar por ela. Uma, geral, que serve para todos os momentos de nossa vida. A outra, particular, que se aplica a determinadas situa\u00e7\u00f5es. Para ser bem conduzido pela Palavra de Deus, de forma geral e em todas as situa\u00e7\u00f5es, necessitamos conhec\u00ea-la. Conhecendo-a poderemos experimentar o que o salmista diz: &#8220;Feliz o homem que n\u00e3o procede conforme o conselho dos \u00edmpios. Feliz o homem a quem ensinais, Senhor, e instru\u00eds em vossa lei&#8221;. (Sl 1,1; 93,12;). Para conhec\u00ea-la \u00e9 necess\u00e1rio ler a B\u00edblia, estud\u00e1- la e meditar no que se leu ou estudou. Assim nossa mentalidade come\u00e7ar\u00e1 a pensar como Jesus. Ele tinha a mente imbu\u00edda da Palavra do Pai, por isso, mesmo nos momentos de dificuldades, conseguia conduzir-se por ela. Foi assim que derrotou Satan\u00e1s e venceu suas tenta\u00e7\u00f5es no deserto, no Horto das Oliveiras e na cruz. Com efeito, no deserto, ante \u00e0s tentativas de sedu\u00e7\u00e3o do dem\u00f4nio, Jesus respondeu-lhe, usando o conhecimento que tinha da Palavra de Deus, dizendo: &#8220;N\u00e3o s\u00f3 de p\u00e3o vive o homem, mas de toda palavra que procede da boca de Deus\u201d (Dt 8,3).<\/p>\n<hr \/>\n<p><em>Frei Domingos Macuva Paulo<\/em><\/p>\n","protected":false},"excerpt":{"rendered":"<p>Miss\u00e3o de Angola<\/p>\n","protected":false},"author":3,"featured_media":244763,"comment_status":"open","ping_status":"open","sticky":false,"template":"","format":"standard","meta":[],"categories":[1],"tags":[360],"acf":[],"yoast_head":"<!-- This site is optimized with the Yoast SEO plugin v19.2 - https:\/\/yoast.com\/wordpress\/plugins\/seo\/ -->\n<title>Miss\u00e3o de Angola celebra o Tempo da Cria\u00e7\u00e3o - Not\u00edcias - Franciscanos<\/title>\n<meta name=\"robots\" content=\"index, follow, max-snippet:-1, max-image-preview:large, max-video-preview:-1\" \/>\n<link rel=\"canonical\" href=\"https:\/\/franciscanos.org.br\/noticias\/missao-de-angola-celebra-o-tempo-da-criacao-2.html\" \/>\n<meta property=\"og:locale\" content=\"pt_BR\" \/>\n<meta property=\"og:type\" content=\"article\" \/>\n<meta property=\"og:title\" content=\"Miss\u00e3o de Angola celebra o Tempo da Cria\u00e7\u00e3o - Not\u00edcias - Franciscanos\" \/>\n<meta property=\"og:description\" content=\"Miss\u00e3o de Angola\" \/>\n<meta property=\"og:url\" content=\"https:\/\/franciscanos.org.br\/noticias\/missao-de-angola-celebra-o-tempo-da-criacao-2.html\" \/>\n<meta property=\"og:site_name\" content=\"Not\u00edcias - Franciscanos\" \/>\n<meta property=\"article:published_time\" content=\"2023-09-18T10:42:27+00:00\" \/>\n<meta property=\"article:modified_time\" content=\"2023-09-18T10:44:08+00:00\" \/>\n<meta property=\"og:image\" content=\"https:\/\/franciscanos.org.br\/noticias\/wp-content\/uploads\/2023\/09\/angola_18_01.jpg\" \/>\n\t<meta property=\"og:image:width\" content=\"1280\" \/>\n\t<meta property=\"og:image:height\" content=\"720\" \/>\n\t<meta property=\"og:image:type\" content=\"image\/jpeg\" \/>\n<meta name=\"author\" content=\"moacir\" \/>\n<meta name=\"twitter:card\" content=\"summary_large_image\" \/>\n<meta name=\"twitter:label1\" content=\"Escrito por\" \/>\n\t<meta name=\"twitter:data1\" content=\"moacir\" \/>\n\t<meta name=\"twitter:label2\" content=\"Est. tempo de leitura\" \/>\n\t<meta name=\"twitter:data2\" content=\"4 minutos\" \/>\n<script type=\"application\/ld+json\" class=\"yoast-schema-graph\">{\"@context\":\"https:\/\/schema.org\",\"@graph\":[{\"@type\":\"WebSite\",\"@id\":\"https:\/\/franciscanos.org.br\/noticias\/#website\",\"url\":\"https:\/\/franciscanos.org.br\/noticias\/\",\"name\":\"Not\u00edcias - Franciscanos\",\"description\":\"Prov\u00edncia Franciscana da Imaculada Concei\u00e7\u00e3o do Brasil - Ordem dos Frades Menores - OFM\",\"potentialAction\":[{\"@type\":\"SearchAction\",\"target\":{\"@type\":\"EntryPoint\",\"urlTemplate\":\"https:\/\/franciscanos.org.br\/noticias\/?s={search_term_string}\"},\"query-input\":\"required name=search_term_string\"}],\"inLanguage\":\"pt-BR\"},{\"@type\":\"ImageObject\",\"inLanguage\":\"pt-BR\",\"@id\":\"https:\/\/franciscanos.org.br\/noticias\/missao-de-angola-celebra-o-tempo-da-criacao-2.html#primaryimage\",\"url\":\"https:\/\/franciscanos.org.br\/noticias\/wp-content\/uploads\/2023\/09\/angola_18_01.jpg\",\"contentUrl\":\"https:\/\/franciscanos.org.br\/noticias\/wp-content\/uploads\/2023\/09\/angola_18_01.jpg\",\"width\":1280,\"height\":720},{\"@type\":\"WebPage\",\"@id\":\"https:\/\/franciscanos.org.br\/noticias\/missao-de-angola-celebra-o-tempo-da-criacao-2.html#webpage\",\"url\":\"https:\/\/franciscanos.org.br\/noticias\/missao-de-angola-celebra-o-tempo-da-criacao-2.html\",\"name\":\"Miss\u00e3o de Angola celebra o Tempo da Cria\u00e7\u00e3o - Not\u00edcias - Franciscanos\",\"isPartOf\":{\"@id\":\"https:\/\/franciscanos.org.br\/noticias\/#website\"},\"primaryImageOfPage\":{\"@id\":\"https:\/\/franciscanos.org.br\/noticias\/missao-de-angola-celebra-o-tempo-da-criacao-2.html#primaryimage\"},\"datePublished\":\"2023-09-18T10:42:27+00:00\",\"dateModified\":\"2023-09-18T10:44:08+00:00\",\"author\":{\"@id\":\"https:\/\/franciscanos.org.br\/noticias\/#\/schema\/person\/b5c8cba458c330ccff548b056e95a5d4\"},\"breadcrumb\":{\"@id\":\"https:\/\/franciscanos.org.br\/noticias\/missao-de-angola-celebra-o-tempo-da-criacao-2.html#breadcrumb\"},\"inLanguage\":\"pt-BR\",\"potentialAction\":[{\"@type\":\"ReadAction\",\"target\":[\"https:\/\/franciscanos.org.br\/noticias\/missao-de-angola-celebra-o-tempo-da-criacao-2.html\"]}]},{\"@type\":\"BreadcrumbList\",\"@id\":\"https:\/\/franciscanos.org.br\/noticias\/missao-de-angola-celebra-o-tempo-da-criacao-2.html#breadcrumb\",\"itemListElement\":[{\"@type\":\"ListItem\",\"position\":1,\"name\":\"Home\",\"item\":\"https:\/\/franciscanos.org.br\/noticias\"},{\"@type\":\"ListItem\",\"position\":2,\"name\":\"Miss\u00e3o de Angola celebra o Tempo da Cria\u00e7\u00e3o\"}]},{\"@type\":\"Person\",\"@id\":\"https:\/\/franciscanos.org.br\/noticias\/#\/schema\/person\/b5c8cba458c330ccff548b056e95a5d4\",\"name\":\"moacir\",\"image\":{\"@type\":\"ImageObject\",\"inLanguage\":\"pt-BR\",\"@id\":\"https:\/\/franciscanos.org.br\/noticias\/#\/schema\/person\/image\/\",\"url\":\"https:\/\/secure.gravatar.com\/avatar\/d08aa2ce4c8dd416d4479aa8536fcf64?s=96&d=mm&r=g\",\"contentUrl\":\"https:\/\/secure.gravatar.com\/avatar\/d08aa2ce4c8dd416d4479aa8536fcf64?s=96&d=mm&r=g\",\"caption\":\"moacir\"},\"url\":\"https:\/\/franciscanos.org.br\/noticias\/author\/moacir\"}]}<\/script>\n<!-- \/ Yoast SEO plugin. -->","yoast_head_json":{"title":"Miss\u00e3o de Angola celebra o Tempo da Cria\u00e7\u00e3o - Not\u00edcias - Franciscanos","robots":{"index":"index","follow":"follow","max-snippet":"max-snippet:-1","max-image-preview":"max-image-preview:large","max-video-preview":"max-video-preview:-1"},"canonical":"https:\/\/franciscanos.org.br\/noticias\/missao-de-angola-celebra-o-tempo-da-criacao-2.html","og_locale":"pt_BR","og_type":"article","og_title":"Miss\u00e3o de Angola celebra o Tempo da Cria\u00e7\u00e3o - Not\u00edcias - Franciscanos","og_description":"Miss\u00e3o de Angola","og_url":"https:\/\/franciscanos.org.br\/noticias\/missao-de-angola-celebra-o-tempo-da-criacao-2.html","og_site_name":"Not\u00edcias - Franciscanos","article_published_time":"2023-09-18T10:42:27+00:00","article_modified_time":"2023-09-18T10:44:08+00:00","og_image":[{"width":1280,"height":720,"url":"https:\/\/franciscanos.org.br\/noticias\/wp-content\/uploads\/2023\/09\/angola_18_01.jpg","type":"image\/jpeg"}],"author":"moacir","twitter_card":"summary_large_image","twitter_misc":{"Escrito por":"moacir","Est. tempo de leitura":"4 minutos"},"schema":{"@context":"https:\/\/schema.org","@graph":[{"@type":"WebSite","@id":"https:\/\/franciscanos.org.br\/noticias\/#website","url":"https:\/\/franciscanos.org.br\/noticias\/","name":"Not\u00edcias - Franciscanos","description":"Prov\u00edncia Franciscana da Imaculada Concei\u00e7\u00e3o do Brasil - Ordem dos Frades Menores - OFM","potentialAction":[{"@type":"SearchAction","target":{"@type":"EntryPoint","urlTemplate":"https:\/\/franciscanos.org.br\/noticias\/?s={search_term_string}"},"query-input":"required name=search_term_string"}],"inLanguage":"pt-BR"},{"@type":"ImageObject","inLanguage":"pt-BR","@id":"https:\/\/franciscanos.org.br\/noticias\/missao-de-angola-celebra-o-tempo-da-criacao-2.html#primaryimage","url":"https:\/\/franciscanos.org.br\/noticias\/wp-content\/uploads\/2023\/09\/angola_18_01.jpg","contentUrl":"https:\/\/franciscanos.org.br\/noticias\/wp-content\/uploads\/2023\/09\/angola_18_01.jpg","width":1280,"height":720},{"@type":"WebPage","@id":"https:\/\/franciscanos.org.br\/noticias\/missao-de-angola-celebra-o-tempo-da-criacao-2.html#webpage","url":"https:\/\/franciscanos.org.br\/noticias\/missao-de-angola-celebra-o-tempo-da-criacao-2.html","name":"Miss\u00e3o de Angola celebra o Tempo da Cria\u00e7\u00e3o - Not\u00edcias - Franciscanos","isPartOf":{"@id":"https:\/\/franciscanos.org.br\/noticias\/#website"},"primaryImageOfPage":{"@id":"https:\/\/franciscanos.org.br\/noticias\/missao-de-angola-celebra-o-tempo-da-criacao-2.html#primaryimage"},"datePublished":"2023-09-18T10:42:27+00:00","dateModified":"2023-09-18T10:44:08+00:00","author":{"@id":"https:\/\/franciscanos.org.br\/noticias\/#\/schema\/person\/b5c8cba458c330ccff548b056e95a5d4"},"breadcrumb":{"@id":"https:\/\/franciscanos.org.br\/noticias\/missao-de-angola-celebra-o-tempo-da-criacao-2.html#breadcrumb"},"inLanguage":"pt-BR","potentialAction":[{"@type":"ReadAction","target":["https:\/\/franciscanos.org.br\/noticias\/missao-de-angola-celebra-o-tempo-da-criacao-2.html"]}]},{"@type":"BreadcrumbList","@id":"https:\/\/franciscanos.org.br\/noticias\/missao-de-angola-celebra-o-tempo-da-criacao-2.html#breadcrumb","itemListElement":[{"@type":"ListItem","position":1,"name":"Home","item":"https:\/\/franciscanos.org.br\/noticias"},{"@type":"ListItem","position":2,"name":"Miss\u00e3o de Angola celebra o Tempo da Cria\u00e7\u00e3o"}]},{"@type":"Person","@id":"https:\/\/franciscanos.org.br\/noticias\/#\/schema\/person\/b5c8cba458c330ccff548b056e95a5d4","name":"moacir","image":{"@type":"ImageObject","inLanguage":"pt-BR","@id":"https:\/\/franciscanos.org.br\/noticias\/#\/schema\/person\/image\/","url":"https:\/\/secure.gravatar.com\/avatar\/d08aa2ce4c8dd416d4479aa8536fcf64?s=96&d=mm&r=g","contentUrl":"https:\/\/secure.gravatar.com\/avatar\/d08aa2ce4c8dd416d4479aa8536fcf64?s=96&d=mm&r=g","caption":"moacir"},"url":"https:\/\/franciscanos.org.br\/noticias\/author\/moacir"}]}},"_links":{"self":[{"href":"https:\/\/franciscanos.org.br\/noticias\/wp-json\/wp\/v2\/posts\/244762"}],"collection":[{"href":"https:\/\/franciscanos.org.br\/noticias\/wp-json\/wp\/v2\/posts"}],"about":[{"href":"https:\/\/franciscanos.org.br\/noticias\/wp-json\/wp\/v2\/types\/post"}],"author":[{"embeddable":true,"href":"https:\/\/franciscanos.org.br\/noticias\/wp-json\/wp\/v2\/users\/3"}],"replies":[{"embeddable":true,"href":"https:\/\/franciscanos.org.br\/noticias\/wp-json\/wp\/v2\/comments?post=244762"}],"version-history":[{"count":2,"href":"https:\/\/franciscanos.org.br\/noticias\/wp-json\/wp\/v2\/posts\/244762\/revisions"}],"predecessor-version":[{"id":244768,"href":"https:\/\/franciscanos.org.br\/noticias\/wp-json\/wp\/v2\/posts\/244762\/revisions\/244768"}],"wp:featuredmedia":[{"embeddable":true,"href":"https:\/\/franciscanos.org.br\/noticias\/wp-json\/wp\/v2\/media\/244763"}],"wp:attachment":[{"href":"https:\/\/franciscanos.org.br\/noticias\/wp-json\/wp\/v2\/media?parent=244762"}],"wp:term":[{"taxonomy":"category","embeddable":true,"href":"https:\/\/franciscanos.org.br\/noticias\/wp-json\/wp\/v2\/categories?post=244762"},{"taxonomy":"post_tag","embeddable":true,"href":"https:\/\/franciscanos.org.br\/noticias\/wp-json\/wp\/v2\/tags?post=244762"}],"curies":[{"name":"wp","href":"https:\/\/api.w.org\/{rel}","templated":true}]}}