{"id":244752,"date":"2023-09-18T06:55:44","date_gmt":"2023-09-18T09:55:44","guid":{"rendered":"https:\/\/franciscanos.org.br\/noticias\/?p=244752"},"modified":"2023-09-18T09:30:09","modified_gmt":"2023-09-18T12:30:09","slug":"dia-historico-em-colatina-primeiro-grupo-de-acolitos-e-instituido-na-paroquia-santa-clara","status":"publish","type":"post","link":"https:\/\/franciscanos.org.br\/noticias\/dia-historico-em-colatina-primeiro-grupo-de-acolitos-e-instituido-na-paroquia-santa-clara.html","title":{"rendered":"Dia hist\u00f3rico em Colatina: primeiro grupo de Ac\u00f3litos \u00e9 institu\u00eddo na Par\u00f3quia Santa Clara"},"content":{"rendered":"<p><img loading=\"lazy\" class=\"alignnone size-full wp-image-244753\" src=\"https:\/\/franciscanos.org.br\/noticias\/wp-content\/uploads\/2023\/09\/acolitos_18.jpg\" alt=\"\" width=\"1280\" height=\"720\" srcset=\"https:\/\/franciscanos.org.br\/noticias\/wp-content\/uploads\/2023\/09\/acolitos_18.jpg 1280w, https:\/\/franciscanos.org.br\/noticias\/wp-content\/uploads\/2023\/09\/acolitos_18-450x253.jpg 450w, https:\/\/franciscanos.org.br\/noticias\/wp-content\/uploads\/2023\/09\/acolitos_18-1024x576.jpg 1024w, https:\/\/franciscanos.org.br\/noticias\/wp-content\/uploads\/2023\/09\/acolitos_18-768x432.jpg 768w, https:\/\/franciscanos.org.br\/noticias\/wp-content\/uploads\/2023\/09\/acolitos_18-150x84.jpg 150w\" sizes=\"(max-width: 1280px) 100vw, 1280px\" \/><\/p>\n<p><strong>Colatina (ES) \u2013<\/strong> A Par\u00f3quia Santa Clara de Colatina (ES) viveu um dia hist\u00f3rico no \u00faltimo domingo, 17 de setembro, data em que a Fam\u00edlia Franciscana celebrou a Festa das Chagas de S\u00e3o Francisco. Com solenidade e festa, o primeiro grupo de ac\u00f3litos foi institu\u00eddo na Par\u00f3quia que neste ano completou 15 anos de cria\u00e7\u00e3o, s\u00e3o eles: Henrique Costa Bissa, Maria Lara Silva Monteiro, Diego Contadine Garozi, Maria Clara Torezani Pertel, Jos\u00e9 Augusto Paula Moreira e Andr\u00e9 Rossi.<\/p>\n<p>Ap\u00f3s muitos anos servindo como coroinhas, estes jovens deram mais um importante passo na sua caminhada de f\u00e9. Com forma\u00e7\u00f5es e encontros, os novos ac\u00f3litos trilharam um caminho de prepara\u00e7\u00e3o, que contou com a orienta\u00e7\u00e3o e condu\u00e7\u00e3o de Frei Augusto Luiz Gabriel e Janaina Zanetti. No entanto, com a institui\u00e7\u00e3o o caminho n\u00e3o se d\u00e1 por encerrado, pelo contr\u00e1rio, \u00e9 apenas um novo come\u00e7o.<\/p>\n<p><img loading=\"lazy\" class=\"alignnone size-full wp-image-244754\" src=\"https:\/\/franciscanos.org.br\/noticias\/wp-content\/uploads\/2023\/09\/acolitos_18_1.jpg\" alt=\"\" width=\"1280\" height=\"696\" srcset=\"https:\/\/franciscanos.org.br\/noticias\/wp-content\/uploads\/2023\/09\/acolitos_18_1.jpg 1280w, https:\/\/franciscanos.org.br\/noticias\/wp-content\/uploads\/2023\/09\/acolitos_18_1-450x245.jpg 450w, https:\/\/franciscanos.org.br\/noticias\/wp-content\/uploads\/2023\/09\/acolitos_18_1-1024x557.jpg 1024w, https:\/\/franciscanos.org.br\/noticias\/wp-content\/uploads\/2023\/09\/acolitos_18_1-768x418.jpg 768w, https:\/\/franciscanos.org.br\/noticias\/wp-content\/uploads\/2023\/09\/acolitos_18_1-150x82.jpg 150w\" sizes=\"(max-width: 1280px) 100vw, 1280px\" \/><\/p>\n<p>Ap\u00f3s a homilia feita pelo p\u00e1roco Frei Pedro de Oliveira Rodrigues, presidente da Celebra\u00e7\u00e3o Eucar\u00edstica das 19h, na Comunidade S\u00e3o Vicente de Paulo, teve in\u00edcio o Rito de Institui\u00e7\u00e3o de Ac\u00f3litos. A coordenadora Janaina apresentou os candidatos habilitados a prestarem o seu servi\u00e7o na liturgia ao p\u00e1roco e a toda comunidade, chamando cada um pelo nome, que prontamente responderam \u201caqui estou\u201d. Em seguida, Frei Pedro interrogou Frei Augusto: \u201cPodes dizer-me se eles est\u00e3o aptos a exercerem o of\u00edcio de Ac\u00f3litos em nossa Comunidade Paroquial\u201d.<\/p>\n<p>\u201cEstimado Frei Pedro, posso afirmar que eles est\u00e3o aptos para desempenhar os servi\u00e7os de Ac\u00f3litos pois demonstraram, no per\u00edodo de prepara\u00e7\u00e3o, consci\u00eancia e maturidade, dedica\u00e7\u00e3o e zelo pela Eucaristia, pelos objetos e ritos lit\u00fargicos e demais servi\u00e7os da comunidade. Enfim, demonstraram o desejo de exercerem bem o servi\u00e7o que est\u00e3o para assumir. Todos j\u00e1 foram coroinhas por muitos anos e isso \u00e9 mais uma prova de alegria e disponibilidade de suas vidas entregues \u00e0 esta bonita miss\u00e3o de serem servidores de Cristo\u201d, disse Frei Augusto<\/p>\n<p><img loading=\"lazy\" class=\"alignnone size-full wp-image-244755\" src=\"https:\/\/franciscanos.org.br\/noticias\/wp-content\/uploads\/2023\/09\/acolitos_18_2.jpg\" alt=\"\" width=\"1280\" height=\"1651\" srcset=\"https:\/\/franciscanos.org.br\/noticias\/wp-content\/uploads\/2023\/09\/acolitos_18_2.jpg 837w, https:\/\/franciscanos.org.br\/noticias\/wp-content\/uploads\/2023\/09\/acolitos_18_2-349x450.jpg 349w, https:\/\/franciscanos.org.br\/noticias\/wp-content\/uploads\/2023\/09\/acolitos_18_2-794x1024.jpg 794w, https:\/\/franciscanos.org.br\/noticias\/wp-content\/uploads\/2023\/09\/acolitos_18_2-768x991.jpg 768w, https:\/\/franciscanos.org.br\/noticias\/wp-content\/uploads\/2023\/09\/acolitos_18_2-1191x1536.jpg 1191w, https:\/\/franciscanos.org.br\/noticias\/wp-content\/uploads\/2023\/09\/acolitos_18_2-150x193.jpg 150w\" sizes=\"(max-width: 1280px) 100vw, 1280px\" \/><\/p>\n<p>Assim, Frei Pedro interrogou os candidatos sobre suas disposi\u00e7\u00f5es para assumirem este minist\u00e9rio e proferiu: \u201cEstimados jovens e adolescentes, V\u00f3s escolhestes livremente e com exemplar generosidade servir a comunidade em todos os momentos de culto e de ora\u00e7\u00e3o a Deus. V\u00f3s fostes preparados para este servi\u00e7o, portanto, sejais fi\u00e9is e perseverantes no compromisso assumido. E eu, em nome da Igreja aqui reunida, acolho-vos oficialmente como Ac\u00f3litos desta Par\u00f3quia Santa Clara de Assis. Deus, que vos inspirou este bom prop\u00f3sito, vos conceda a gra\u00e7a da perseveran\u00e7a e vos una mais perfeitamente a Cristo atrav\u00e9s dos servi\u00e7os a esta comunidade\u201d.<\/p>\n<p>O rito teve continuidade com a b\u00ean\u00e7\u00e3o das vestes lit\u00fargicas, sinal do servi\u00e7o que prestar\u00e3o ao culto divino, junto ao altar, em suas Comunidades da Par\u00f3quia Santa Clara de Assis. Em seguida os familiares e respons\u00e1veis os revestiram com a sobrepeliz, veste pr\u00f3pria de Ac\u00f3litos. E por fim, Frei Pedro tamb\u00e9m \u201crevestiu\u201d os jovens ac\u00f3litos com o Tau Franciscano, s\u00edmbolo do carisma franciscano. A comunidade acompanhou este momento com muita aten\u00e7\u00e3o e emo\u00e7\u00e3o, enquanto se cantava \u201creveste-me Senhor com a tua gra\u00e7a, eu quero meu irm\u00e3o servir melhor! Que teu Esp\u00edrito em mim se fa\u00e7a, que eu possa caminhar no teu amor\u201d.<\/p>\n<p><img loading=\"lazy\" class=\"alignnone size-full wp-image-244756\" src=\"https:\/\/franciscanos.org.br\/noticias\/wp-content\/uploads\/2023\/09\/acolitos_18_3.jpg\" alt=\"\" width=\"1280\" height=\"685\" srcset=\"https:\/\/franciscanos.org.br\/noticias\/wp-content\/uploads\/2023\/09\/acolitos_18_3.jpg 1280w, https:\/\/franciscanos.org.br\/noticias\/wp-content\/uploads\/2023\/09\/acolitos_18_3-450x241.jpg 450w, https:\/\/franciscanos.org.br\/noticias\/wp-content\/uploads\/2023\/09\/acolitos_18_3-1024x548.jpg 1024w, https:\/\/franciscanos.org.br\/noticias\/wp-content\/uploads\/2023\/09\/acolitos_18_3-768x411.jpg 768w, https:\/\/franciscanos.org.br\/noticias\/wp-content\/uploads\/2023\/09\/acolitos_18_3-150x80.jpg 150w\" sizes=\"(max-width: 1280px) 100vw, 1280px\" \/><\/p>\n<p>Na homilia do 24\u00ba Domingo do Tempo Comum, Frei Pedro refletiu sobre a tem\u00e1tica do perd\u00e3o. \u201cDiante do Senhor o que importa \u00e9: qual a d\u00edvida de perd\u00e3o que eu tenho com o outro? O pagamento \u00e9 \u00e0 vista, n\u00e3o \u00e9 parcelado em suaves presta\u00e7\u00f5es. Por isso, recorremos a S\u00e3o Francisco de Assis que nos lembra que \u2018\u00e9 perdoando que se \u00e9 perdoado\u2019. N\u00f3s sabemos disso e continuamos insistindo em sermos irredut\u00edveis no perd\u00e3o, irredut\u00edveis na compaix\u00e3o, irredut\u00edveis na miseric\u00f3rdia. \u2018\u00c9 dando que se recebe\u2019; \u2018\u00e9 morrendo que viveremos para a vida eterna\u2019, citou o religioso, evidenciando a figura de S\u00e3o Francisco que chegou em um grau de compreens\u00e3o profundo sobre o perd\u00e3o.<\/p>\n<p>Fez men\u00e7\u00e3o de um vers\u00edculo do final do Evangelho: \u2018\u00c9 assim que o meu Pai que est\u00e1 nos c\u00e9us far\u00e1 convosco, se cada um n\u00e3o perdoar de cora\u00e7\u00e3o ao seu irm\u00e3o\u201d (Mt 18,35). Assim, Frei Pedro lembrou que o perd\u00e3o n\u00e3o se d\u00e1 apenas da boca para fora ou com um tapinha no ombro. \u201cQue o Senhor nos ajude, que de fato, assim como Ele \u00e9, complacente, misericordioso e benigno, que Ele nos ajude a tamb\u00e9m sermos assim para com o outro. Por isso, vamos recordar o refr\u00e3o do salmo: \u2018O Senhor \u00e9 bondoso, compassivo e carinhoso\u2019, esta \u00e9 a forma com o qual Ele nos trata e nos quer tamb\u00e9m\u201d, ensinou Frei Pedro.<\/p>\n<p><img loading=\"lazy\" class=\"alignnone size-full wp-image-244757\" src=\"https:\/\/franciscanos.org.br\/noticias\/wp-content\/uploads\/2023\/09\/acolitos_18_4.jpg\" alt=\"\" width=\"1280\" height=\"863\" srcset=\"https:\/\/franciscanos.org.br\/noticias\/wp-content\/uploads\/2023\/09\/acolitos_18_4.jpg 1280w, https:\/\/franciscanos.org.br\/noticias\/wp-content\/uploads\/2023\/09\/acolitos_18_4-450x303.jpg 450w, https:\/\/franciscanos.org.br\/noticias\/wp-content\/uploads\/2023\/09\/acolitos_18_4-1024x690.jpg 1024w, https:\/\/franciscanos.org.br\/noticias\/wp-content\/uploads\/2023\/09\/acolitos_18_4-768x518.jpg 768w, https:\/\/franciscanos.org.br\/noticias\/wp-content\/uploads\/2023\/09\/acolitos_18_4-150x101.jpg 150w\" sizes=\"(max-width: 1280px) 100vw, 1280px\" \/><\/p>\n<p>No ofert\u00f3rio, dois ac\u00f3litos j\u00e1 institu\u00eddos cuidaram do servi\u00e7o do altar. Ap\u00f3s a celebra\u00e7\u00e3o, Frei Pedro agradeceu pela presen\u00e7a de todos, bem como da prepara\u00e7\u00e3o e organiza\u00e7\u00e3o da celebra\u00e7\u00e3o e do Tr\u00edduo das Chagas de S\u00e3o Francisco de Assis.<\/p>\n<hr \/>\n<p><em>Frei Augusto Luiz Gabriel<\/em><\/p>\n","protected":false},"excerpt":{"rendered":"<p>Par\u00f3quia Santa Clara de Colatina<\/p>\n","protected":false},"author":3,"featured_media":244759,"comment_status":"open","ping_status":"open","sticky":false,"template":"","format":"standard","meta":[],"categories":[1],"tags":[1896],"acf":[],"yoast_head":"<!-- This site is optimized with the Yoast SEO plugin v19.2 - https:\/\/yoast.com\/wordpress\/plugins\/seo\/ -->\n<title>Dia hist\u00f3rico em Colatina: primeiro grupo de Ac\u00f3litos \u00e9 institu\u00eddo na Par\u00f3quia Santa Clara - Not\u00edcias - Franciscanos<\/title>\n<meta name=\"robots\" content=\"index, follow, max-snippet:-1, max-image-preview:large, max-video-preview:-1\" \/>\n<link rel=\"canonical\" href=\"https:\/\/franciscanos.org.br\/noticias\/dia-historico-em-colatina-primeiro-grupo-de-acolitos-e-instituido-na-paroquia-santa-clara.html\" \/>\n<meta property=\"og:locale\" content=\"pt_BR\" \/>\n<meta property=\"og:type\" content=\"article\" \/>\n<meta property=\"og:title\" content=\"Dia hist\u00f3rico em Colatina: primeiro grupo de Ac\u00f3litos \u00e9 institu\u00eddo na Par\u00f3quia Santa Clara - Not\u00edcias - Franciscanos\" \/>\n<meta property=\"og:description\" content=\"Par\u00f3quia Santa Clara de Colatina\" \/>\n<meta property=\"og:url\" content=\"https:\/\/franciscanos.org.br\/noticias\/dia-historico-em-colatina-primeiro-grupo-de-acolitos-e-instituido-na-paroquia-santa-clara.html\" \/>\n<meta property=\"og:site_name\" content=\"Not\u00edcias - Franciscanos\" \/>\n<meta property=\"article:published_time\" content=\"2023-09-18T09:55:44+00:00\" \/>\n<meta property=\"article:modified_time\" content=\"2023-09-18T12:30:09+00:00\" \/>\n<meta property=\"og:image\" content=\"https:\/\/franciscanos.org.br\/noticias\/wp-content\/uploads\/2023\/09\/acolitos_d.jpg\" \/>\n\t<meta property=\"og:image:width\" content=\"800\" \/>\n\t<meta property=\"og:image:height\" content=\"619\" \/>\n\t<meta property=\"og:image:type\" content=\"image\/jpeg\" \/>\n<meta name=\"author\" content=\"moacir\" \/>\n<meta name=\"twitter:card\" content=\"summary_large_image\" \/>\n<meta name=\"twitter:label1\" content=\"Escrito por\" \/>\n\t<meta name=\"twitter:data1\" content=\"moacir\" \/>\n\t<meta name=\"twitter:label2\" content=\"Est. tempo de leitura\" \/>\n\t<meta name=\"twitter:data2\" content=\"6 minutos\" \/>\n<script type=\"application\/ld+json\" class=\"yoast-schema-graph\">{\"@context\":\"https:\/\/schema.org\",\"@graph\":[{\"@type\":\"WebSite\",\"@id\":\"https:\/\/franciscanos.org.br\/noticias\/#website\",\"url\":\"https:\/\/franciscanos.org.br\/noticias\/\",\"name\":\"Not\u00edcias - Franciscanos\",\"description\":\"Prov\u00edncia Franciscana da Imaculada Concei\u00e7\u00e3o do Brasil - Ordem dos Frades Menores - OFM\",\"potentialAction\":[{\"@type\":\"SearchAction\",\"target\":{\"@type\":\"EntryPoint\",\"urlTemplate\":\"https:\/\/franciscanos.org.br\/noticias\/?s={search_term_string}\"},\"query-input\":\"required name=search_term_string\"}],\"inLanguage\":\"pt-BR\"},{\"@type\":\"ImageObject\",\"inLanguage\":\"pt-BR\",\"@id\":\"https:\/\/franciscanos.org.br\/noticias\/dia-historico-em-colatina-primeiro-grupo-de-acolitos-e-instituido-na-paroquia-santa-clara.html#primaryimage\",\"url\":\"https:\/\/franciscanos.org.br\/noticias\/wp-content\/uploads\/2023\/09\/acolitos_d.jpg\",\"contentUrl\":\"https:\/\/franciscanos.org.br\/noticias\/wp-content\/uploads\/2023\/09\/acolitos_d.jpg\",\"width\":800,\"height\":619},{\"@type\":\"WebPage\",\"@id\":\"https:\/\/franciscanos.org.br\/noticias\/dia-historico-em-colatina-primeiro-grupo-de-acolitos-e-instituido-na-paroquia-santa-clara.html#webpage\",\"url\":\"https:\/\/franciscanos.org.br\/noticias\/dia-historico-em-colatina-primeiro-grupo-de-acolitos-e-instituido-na-paroquia-santa-clara.html\",\"name\":\"Dia hist\u00f3rico em Colatina: primeiro grupo de Ac\u00f3litos \u00e9 institu\u00eddo na Par\u00f3quia Santa Clara - Not\u00edcias - Franciscanos\",\"isPartOf\":{\"@id\":\"https:\/\/franciscanos.org.br\/noticias\/#website\"},\"primaryImageOfPage\":{\"@id\":\"https:\/\/franciscanos.org.br\/noticias\/dia-historico-em-colatina-primeiro-grupo-de-acolitos-e-instituido-na-paroquia-santa-clara.html#primaryimage\"},\"datePublished\":\"2023-09-18T09:55:44+00:00\",\"dateModified\":\"2023-09-18T12:30:09+00:00\",\"author\":{\"@id\":\"https:\/\/franciscanos.org.br\/noticias\/#\/schema\/person\/b5c8cba458c330ccff548b056e95a5d4\"},\"breadcrumb\":{\"@id\":\"https:\/\/franciscanos.org.br\/noticias\/dia-historico-em-colatina-primeiro-grupo-de-acolitos-e-instituido-na-paroquia-santa-clara.html#breadcrumb\"},\"inLanguage\":\"pt-BR\",\"potentialAction\":[{\"@type\":\"ReadAction\",\"target\":[\"https:\/\/franciscanos.org.br\/noticias\/dia-historico-em-colatina-primeiro-grupo-de-acolitos-e-instituido-na-paroquia-santa-clara.html\"]}]},{\"@type\":\"BreadcrumbList\",\"@id\":\"https:\/\/franciscanos.org.br\/noticias\/dia-historico-em-colatina-primeiro-grupo-de-acolitos-e-instituido-na-paroquia-santa-clara.html#breadcrumb\",\"itemListElement\":[{\"@type\":\"ListItem\",\"position\":1,\"name\":\"Home\",\"item\":\"https:\/\/franciscanos.org.br\/noticias\"},{\"@type\":\"ListItem\",\"position\":2,\"name\":\"Dia hist\u00f3rico em Colatina: primeiro grupo de Ac\u00f3litos \u00e9 institu\u00eddo na Par\u00f3quia Santa Clara\"}]},{\"@type\":\"Person\",\"@id\":\"https:\/\/franciscanos.org.br\/noticias\/#\/schema\/person\/b5c8cba458c330ccff548b056e95a5d4\",\"name\":\"moacir\",\"image\":{\"@type\":\"ImageObject\",\"inLanguage\":\"pt-BR\",\"@id\":\"https:\/\/franciscanos.org.br\/noticias\/#\/schema\/person\/image\/\",\"url\":\"https:\/\/secure.gravatar.com\/avatar\/d08aa2ce4c8dd416d4479aa8536fcf64?s=96&d=mm&r=g\",\"contentUrl\":\"https:\/\/secure.gravatar.com\/avatar\/d08aa2ce4c8dd416d4479aa8536fcf64?s=96&d=mm&r=g\",\"caption\":\"moacir\"},\"url\":\"https:\/\/franciscanos.org.br\/noticias\/author\/moacir\"}]}<\/script>\n<!-- \/ Yoast SEO plugin. -->","yoast_head_json":{"title":"Dia hist\u00f3rico em Colatina: primeiro grupo de Ac\u00f3litos \u00e9 institu\u00eddo na Par\u00f3quia Santa Clara - Not\u00edcias - Franciscanos","robots":{"index":"index","follow":"follow","max-snippet":"max-snippet:-1","max-image-preview":"max-image-preview:large","max-video-preview":"max-video-preview:-1"},"canonical":"https:\/\/franciscanos.org.br\/noticias\/dia-historico-em-colatina-primeiro-grupo-de-acolitos-e-instituido-na-paroquia-santa-clara.html","og_locale":"pt_BR","og_type":"article","og_title":"Dia hist\u00f3rico em Colatina: primeiro grupo de Ac\u00f3litos \u00e9 institu\u00eddo na Par\u00f3quia Santa Clara - Not\u00edcias - Franciscanos","og_description":"Par\u00f3quia Santa Clara de Colatina","og_url":"https:\/\/franciscanos.org.br\/noticias\/dia-historico-em-colatina-primeiro-grupo-de-acolitos-e-instituido-na-paroquia-santa-clara.html","og_site_name":"Not\u00edcias - Franciscanos","article_published_time":"2023-09-18T09:55:44+00:00","article_modified_time":"2023-09-18T12:30:09+00:00","og_image":[{"width":800,"height":619,"url":"https:\/\/franciscanos.org.br\/noticias\/wp-content\/uploads\/2023\/09\/acolitos_d.jpg","type":"image\/jpeg"}],"author":"moacir","twitter_card":"summary_large_image","twitter_misc":{"Escrito por":"moacir","Est. tempo de leitura":"6 minutos"},"schema":{"@context":"https:\/\/schema.org","@graph":[{"@type":"WebSite","@id":"https:\/\/franciscanos.org.br\/noticias\/#website","url":"https:\/\/franciscanos.org.br\/noticias\/","name":"Not\u00edcias - Franciscanos","description":"Prov\u00edncia Franciscana da Imaculada Concei\u00e7\u00e3o do Brasil - Ordem dos Frades Menores - OFM","potentialAction":[{"@type":"SearchAction","target":{"@type":"EntryPoint","urlTemplate":"https:\/\/franciscanos.org.br\/noticias\/?s={search_term_string}"},"query-input":"required name=search_term_string"}],"inLanguage":"pt-BR"},{"@type":"ImageObject","inLanguage":"pt-BR","@id":"https:\/\/franciscanos.org.br\/noticias\/dia-historico-em-colatina-primeiro-grupo-de-acolitos-e-instituido-na-paroquia-santa-clara.html#primaryimage","url":"https:\/\/franciscanos.org.br\/noticias\/wp-content\/uploads\/2023\/09\/acolitos_d.jpg","contentUrl":"https:\/\/franciscanos.org.br\/noticias\/wp-content\/uploads\/2023\/09\/acolitos_d.jpg","width":800,"height":619},{"@type":"WebPage","@id":"https:\/\/franciscanos.org.br\/noticias\/dia-historico-em-colatina-primeiro-grupo-de-acolitos-e-instituido-na-paroquia-santa-clara.html#webpage","url":"https:\/\/franciscanos.org.br\/noticias\/dia-historico-em-colatina-primeiro-grupo-de-acolitos-e-instituido-na-paroquia-santa-clara.html","name":"Dia hist\u00f3rico em Colatina: primeiro grupo de Ac\u00f3litos \u00e9 institu\u00eddo na Par\u00f3quia Santa Clara - Not\u00edcias - Franciscanos","isPartOf":{"@id":"https:\/\/franciscanos.org.br\/noticias\/#website"},"primaryImageOfPage":{"@id":"https:\/\/franciscanos.org.br\/noticias\/dia-historico-em-colatina-primeiro-grupo-de-acolitos-e-instituido-na-paroquia-santa-clara.html#primaryimage"},"datePublished":"2023-09-18T09:55:44+00:00","dateModified":"2023-09-18T12:30:09+00:00","author":{"@id":"https:\/\/franciscanos.org.br\/noticias\/#\/schema\/person\/b5c8cba458c330ccff548b056e95a5d4"},"breadcrumb":{"@id":"https:\/\/franciscanos.org.br\/noticias\/dia-historico-em-colatina-primeiro-grupo-de-acolitos-e-instituido-na-paroquia-santa-clara.html#breadcrumb"},"inLanguage":"pt-BR","potentialAction":[{"@type":"ReadAction","target":["https:\/\/franciscanos.org.br\/noticias\/dia-historico-em-colatina-primeiro-grupo-de-acolitos-e-instituido-na-paroquia-santa-clara.html"]}]},{"@type":"BreadcrumbList","@id":"https:\/\/franciscanos.org.br\/noticias\/dia-historico-em-colatina-primeiro-grupo-de-acolitos-e-instituido-na-paroquia-santa-clara.html#breadcrumb","itemListElement":[{"@type":"ListItem","position":1,"name":"Home","item":"https:\/\/franciscanos.org.br\/noticias"},{"@type":"ListItem","position":2,"name":"Dia hist\u00f3rico em Colatina: primeiro grupo de Ac\u00f3litos \u00e9 institu\u00eddo na Par\u00f3quia Santa Clara"}]},{"@type":"Person","@id":"https:\/\/franciscanos.org.br\/noticias\/#\/schema\/person\/b5c8cba458c330ccff548b056e95a5d4","name":"moacir","image":{"@type":"ImageObject","inLanguage":"pt-BR","@id":"https:\/\/franciscanos.org.br\/noticias\/#\/schema\/person\/image\/","url":"https:\/\/secure.gravatar.com\/avatar\/d08aa2ce4c8dd416d4479aa8536fcf64?s=96&d=mm&r=g","contentUrl":"https:\/\/secure.gravatar.com\/avatar\/d08aa2ce4c8dd416d4479aa8536fcf64?s=96&d=mm&r=g","caption":"moacir"},"url":"https:\/\/franciscanos.org.br\/noticias\/author\/moacir"}]}},"_links":{"self":[{"href":"https:\/\/franciscanos.org.br\/noticias\/wp-json\/wp\/v2\/posts\/244752"}],"collection":[{"href":"https:\/\/franciscanos.org.br\/noticias\/wp-json\/wp\/v2\/posts"}],"about":[{"href":"https:\/\/franciscanos.org.br\/noticias\/wp-json\/wp\/v2\/types\/post"}],"author":[{"embeddable":true,"href":"https:\/\/franciscanos.org.br\/noticias\/wp-json\/wp\/v2\/users\/3"}],"replies":[{"embeddable":true,"href":"https:\/\/franciscanos.org.br\/noticias\/wp-json\/wp\/v2\/comments?post=244752"}],"version-history":[{"count":3,"href":"https:\/\/franciscanos.org.br\/noticias\/wp-json\/wp\/v2\/posts\/244752\/revisions"}],"predecessor-version":[{"id":244761,"href":"https:\/\/franciscanos.org.br\/noticias\/wp-json\/wp\/v2\/posts\/244752\/revisions\/244761"}],"wp:featuredmedia":[{"embeddable":true,"href":"https:\/\/franciscanos.org.br\/noticias\/wp-json\/wp\/v2\/media\/244759"}],"wp:attachment":[{"href":"https:\/\/franciscanos.org.br\/noticias\/wp-json\/wp\/v2\/media?parent=244752"}],"wp:term":[{"taxonomy":"category","embeddable":true,"href":"https:\/\/franciscanos.org.br\/noticias\/wp-json\/wp\/v2\/categories?post=244752"},{"taxonomy":"post_tag","embeddable":true,"href":"https:\/\/franciscanos.org.br\/noticias\/wp-json\/wp\/v2\/tags?post=244752"}],"curies":[{"name":"wp","href":"https:\/\/api.w.org\/{rel}","templated":true}]}}