{"id":244732,"date":"2023-09-17T09:01:21","date_gmt":"2023-09-17T12:01:21","guid":{"rendered":"https:\/\/franciscanos.org.br\/noticias\/?p=244732"},"modified":"2025-03-10T15:43:45","modified_gmt":"2025-03-10T18:43:45","slug":"profsoleneempetropolis","status":"publish","type":"post","link":"https:\/\/franciscanos.org.br\/noticias\/profsoleneempetropolis.html","title":{"rendered":"Frei Paulo exorta aos professos: o fundamento da nossa vida \u00e9 sermos irm\u00e3os e menores!"},"content":{"rendered":"<p><strong> <img loading=\"lazy\" class=\"alignnone size-full wp-image-244733\" src=\"https:\/\/franciscanos.org.br\/noticias\/wp-content\/uploads\/2023\/09\/profissao_14.jpg\" alt=\"\" width=\"1280\" height=\"720\" srcset=\"https:\/\/franciscanos.org.br\/noticias\/wp-content\/uploads\/2023\/09\/profissao_14.jpg 1280w, https:\/\/franciscanos.org.br\/noticias\/wp-content\/uploads\/2023\/09\/profissao_14-450x253.jpg 450w, https:\/\/franciscanos.org.br\/noticias\/wp-content\/uploads\/2023\/09\/profissao_14-1024x576.jpg 1024w, https:\/\/franciscanos.org.br\/noticias\/wp-content\/uploads\/2023\/09\/profissao_14-768x432.jpg 768w, https:\/\/franciscanos.org.br\/noticias\/wp-content\/uploads\/2023\/09\/profissao_14-150x84.jpg 150w\" sizes=\"(max-width: 1280px) 100vw, 1280px\" \/><\/strong><\/p>\n<p><strong>Petr\u00f3polis (RJ) <\/strong>\u2013\u00a0 \u201cFrei Bruno e Frei Ruan, a partir do sim que voc\u00eas, hoje, ir\u00e3o dar, o que podemos vos oferecer \u00e9 a gra\u00e7a de viver como irm\u00e3os e menores. A Vida Franciscana est\u00e1 fundamentada nestas duas pilastras: a fraternidade e a minoridade. O fundamento da nossa vida \u00e9 sermos irm\u00e3os e menores! E buscando viver isso, tenham a certeza de que estar\u00e3o tamb\u00e9m nos ajudando a sermos mais irm\u00e3os e menores!\u201d Esta mensagem, na profunda homilia do Ministro Provincial, Frei Paulo Roberto Pereira, foi o grande conselho dado aos dois jovens \u2013 Frei Bruno Gon\u00e7alves Cez\u00e1rio e Frei Ruan Felipe Sguissardi \u2013 que, neste s\u00e1bado (16\/09), confirmaram, para sempre, o seu compromisso a Deus junto \u00e0 Ordem dos Frades Menores, vivendo o Evangelho de Nosso Senhor em pobreza, obedi\u00eancia e castidade.<\/p>\n<p><img loading=\"lazy\" class=\"alignnone size-full wp-image-244734\" src=\"https:\/\/franciscanos.org.br\/noticias\/wp-content\/uploads\/2023\/09\/profissao_12.jpg\" alt=\"\" width=\"1280\" height=\"656\" srcset=\"https:\/\/franciscanos.org.br\/noticias\/wp-content\/uploads\/2023\/09\/profissao_12.jpg 1280w, https:\/\/franciscanos.org.br\/noticias\/wp-content\/uploads\/2023\/09\/profissao_12-450x231.jpg 450w, https:\/\/franciscanos.org.br\/noticias\/wp-content\/uploads\/2023\/09\/profissao_12-1024x525.jpg 1024w, https:\/\/franciscanos.org.br\/noticias\/wp-content\/uploads\/2023\/09\/profissao_12-768x394.jpg 768w, https:\/\/franciscanos.org.br\/noticias\/wp-content\/uploads\/2023\/09\/profissao_12-150x77.jpg 150w\" sizes=\"(max-width: 1280px) 100vw, 1280px\" \/><\/p>\n\n\t\t<style type=\"text\/css\">\n\t\t\t#gallery-1 {\n\t\t\t\tmargin: auto;\n\t\t\t}\n\t\t\t#gallery-1 .gallery-item {\n\t\t\t\tfloat: left;\n\t\t\t\tmargin-top: 10px;\n\t\t\t\ttext-align: center;\n\t\t\t\twidth: 25%;\n\t\t\t}\n\t\t\t#gallery-1 img {\n\t\t\t\tborder: 2px solid #cfcfcf;\n\t\t\t}\n\t\t\t#gallery-1 .gallery-caption {\n\t\t\t\tmargin-left: 0;\n\t\t\t}\n\t\t\t\/* see gallery_shortcode() in wp-includes\/media.php *\/\n\t\t<\/style>\n\t\t<div id='gallery-1' class='gallery galleryid-244732 gallery-columns-4 gallery-size-thumbnail'><dl class='gallery-item'>\n\t\t\t<dt class='gallery-icon landscape'>\n\t\t\t\t<a href='https:\/\/franciscanos.org.br\/noticias\/wp-content\/uploads\/2023\/09\/profissa_08.jpg'><img width=\"300\" height=\"300\" src=\"https:\/\/franciscanos.org.br\/noticias\/wp-content\/uploads\/2023\/09\/profissa_08-300x300.jpg\" class=\"attachment-thumbnail size-thumbnail\" alt=\"\" loading=\"lazy\" srcset=\"https:\/\/franciscanos.org.br\/noticias\/wp-content\/uploads\/2023\/09\/profissa_08-300x300.jpg 300w, https:\/\/franciscanos.org.br\/noticias\/wp-content\/uploads\/2023\/09\/profissa_08-100x100.jpg 100w\" sizes=\"(max-width: 300px) 100vw, 300px\" \/><\/a>\n\t\t\t<\/dt><\/dl><dl class='gallery-item'>\n\t\t\t<dt class='gallery-icon landscape'>\n\t\t\t\t<a href='https:\/\/franciscanos.org.br\/noticias\/wp-content\/uploads\/2023\/09\/profissao_09.jpg'><img width=\"300\" height=\"300\" src=\"https:\/\/franciscanos.org.br\/noticias\/wp-content\/uploads\/2023\/09\/profissao_09-300x300.jpg\" class=\"attachment-thumbnail size-thumbnail\" alt=\"\" loading=\"lazy\" srcset=\"https:\/\/franciscanos.org.br\/noticias\/wp-content\/uploads\/2023\/09\/profissao_09-300x300.jpg 300w, https:\/\/franciscanos.org.br\/noticias\/wp-content\/uploads\/2023\/09\/profissao_09-100x100.jpg 100w\" sizes=\"(max-width: 300px) 100vw, 300px\" \/><\/a>\n\t\t\t<\/dt><\/dl><dl class='gallery-item'>\n\t\t\t<dt class='gallery-icon landscape'>\n\t\t\t\t<a href='https:\/\/franciscanos.org.br\/noticias\/wp-content\/uploads\/2023\/09\/profissao_10.jpg'><img width=\"300\" height=\"300\" src=\"https:\/\/franciscanos.org.br\/noticias\/wp-content\/uploads\/2023\/09\/profissao_10-300x300.jpg\" class=\"attachment-thumbnail size-thumbnail\" alt=\"\" loading=\"lazy\" srcset=\"https:\/\/franciscanos.org.br\/noticias\/wp-content\/uploads\/2023\/09\/profissao_10-300x300.jpg 300w, https:\/\/franciscanos.org.br\/noticias\/wp-content\/uploads\/2023\/09\/profissao_10-100x100.jpg 100w\" sizes=\"(max-width: 300px) 100vw, 300px\" \/><\/a>\n\t\t\t<\/dt><\/dl><dl class='gallery-item'>\n\t\t\t<dt class='gallery-icon landscape'>\n\t\t\t\t<a href='https:\/\/franciscanos.org.br\/noticias\/wp-content\/uploads\/2023\/09\/profissao_11.jpg'><img width=\"300\" height=\"300\" src=\"https:\/\/franciscanos.org.br\/noticias\/wp-content\/uploads\/2023\/09\/profissao_11-300x300.jpg\" class=\"attachment-thumbnail size-thumbnail\" alt=\"\" loading=\"lazy\" srcset=\"https:\/\/franciscanos.org.br\/noticias\/wp-content\/uploads\/2023\/09\/profissao_11-300x300.jpg 300w, https:\/\/franciscanos.org.br\/noticias\/wp-content\/uploads\/2023\/09\/profissao_11-100x100.jpg 100w\" sizes=\"(max-width: 300px) 100vw, 300px\" \/><\/a>\n\t\t\t<\/dt><\/dl><br style=\"clear: both\" \/>\n\t\t<\/div>\n\n<p><em>(toque nas imagens menores para ampli\u00e1-las)<\/em><\/p>\n<p>Neste mesmo s\u00e1bado, a hist\u00f3rica Igreja do Sagrado Cora\u00e7\u00e3o de Jesus, que h\u00e1 d\u00e9cadas, abriga a celebra\u00e7\u00e3o da Profiss\u00e3o Solene dos frades, fez mem\u00f3ria do dia da dedica\u00e7\u00e3o deste Templo, ocorrido no ano de 2007, ap\u00f3s as grandes obras do restauro da Igreja. Essa celebra\u00e7\u00e3o reuniu frades de toda a Prov\u00edncia Franciscana da Imaculada Concei\u00e7\u00e3o do Brasil, familiares, amigos e fi\u00e9is que vieram de v\u00e1rias localidades para, reunidos, celebrarem esse importante momento na caminhada vocacional desses dois jovens frades. A celebra\u00e7\u00e3o ocorreu \u00e0s 16h15 e foi transmitida pelas plataformas digitais da Par\u00f3quia do Sagrado e pela TvFranciscanos, contou tamb\u00e9m com a participa\u00e7\u00e3o especial do Coral dos Canarinhos de Petr\u00f3polis, regidos pelo seu Maestro, Marco Aur\u00e9lio Lischt.<\/p>\n<p>O rito da Profiss\u00e3o Solene come\u00e7ou depois da Proclama\u00e7\u00e3o do Evangelho. O mestre, Frei Marcos Antonio de Andrade, fez um pequeno hist\u00f3rico dos dois frades e, depois, chamou-os pelo nome. Em p\u00e9, diante do Ministro Provincial, eles responderam: \u201cAqui estou!\u201d. E juntos, eles fizeram o pedido para serem admitidos definitivamente na Ordem dos Frades Menores.<\/p>\n<p><img loading=\"lazy\" class=\"alignnone size-full wp-image-244739\" src=\"https:\/\/franciscanos.org.br\/noticias\/wp-content\/uploads\/2023\/09\/profissao_13.jpg\" alt=\"\" width=\"1280\" height=\"853\" srcset=\"https:\/\/franciscanos.org.br\/noticias\/wp-content\/uploads\/2023\/09\/profissao_13.jpg 1280w, https:\/\/franciscanos.org.br\/noticias\/wp-content\/uploads\/2023\/09\/profissao_13-450x300.jpg 450w, https:\/\/franciscanos.org.br\/noticias\/wp-content\/uploads\/2023\/09\/profissao_13-1024x682.jpg 1024w, https:\/\/franciscanos.org.br\/noticias\/wp-content\/uploads\/2023\/09\/profissao_13-768x512.jpg 768w, https:\/\/franciscanos.org.br\/noticias\/wp-content\/uploads\/2023\/09\/profissao_13-150x100.jpg 150w\" sizes=\"(max-width: 1280px) 100vw, 1280px\" \/><\/p>\n<p><img loading=\"lazy\" class=\"alignnone size-full wp-image-244740\" src=\"https:\/\/franciscanos.org.br\/noticias\/wp-content\/uploads\/2023\/09\/profissao_16.jpg\" alt=\"\" width=\"1280\" height=\"853\" srcset=\"https:\/\/franciscanos.org.br\/noticias\/wp-content\/uploads\/2023\/09\/profissao_16.jpg 1280w, https:\/\/franciscanos.org.br\/noticias\/wp-content\/uploads\/2023\/09\/profissao_16-450x300.jpg 450w, https:\/\/franciscanos.org.br\/noticias\/wp-content\/uploads\/2023\/09\/profissao_16-1024x682.jpg 1024w, https:\/\/franciscanos.org.br\/noticias\/wp-content\/uploads\/2023\/09\/profissao_16-768x512.jpg 768w, https:\/\/franciscanos.org.br\/noticias\/wp-content\/uploads\/2023\/09\/profissao_16-150x100.jpg 150w\" sizes=\"(max-width: 1280px) 100vw, 1280px\" \/><\/p>\n<p>Frei Paulo, iniciou sua homilia lembrando que os olhos de toda a Prov\u00edncia se voltam para este santo lugar, neste s\u00e1bado de alegria e de festa. \u201cA nossa Fraternidade Provincial congrega em torno de trezentos e tantos frades, espalhados em diversas Fraternidades, tanto aqui no Brasil como tamb\u00e9m em Angola. E a Profiss\u00e3o Solene, celebrada aqui hoje, nos recorda e nos estimula a olharmos para o nosso compromisso com o Evangelho de Nosso Senhor Jesus Cristo\u201d. O Ministro saudou na pessoa do guardi\u00e3o desta Fraternidade, Frei Jorge Paulo Schiavini, todos os frades que residem nesse local e fazem um grande trabalho em diversas Frentes de Evangeliza\u00e7\u00e3o. Estendeu sua sauda\u00e7\u00e3o a todos os que vieram de perto ou de longe para participar desta celebra\u00e7\u00e3o. Saudou tamb\u00e9m os formadores, Frei Marcos Antonio de Andrade e Frei Gilberto da Silva \u2013 \u201cfrades escolhidos pela Prov\u00edncia para serem os mestres. N\u00e3o aqueles que t\u00eam tudo a ensinar, por j\u00e1 serem os irm\u00e3os mais velhos. Mas na caminhada junto aos nossos jovens frades formandos ele aprendem, e aprendem muito!\u201d<\/p>\n<p>Segundo o Ministro Provincial, \u201ctodos n\u00f3s, somos, de alguma maneira, formandos e formadores, estamos na mesma din\u00e2mica do aprendizado, do discipulado e do caminho fecundo que s\u00e3o apontados por Nosso Senhor\u201d. E disse: \u201cEsta celebra\u00e7\u00e3o \u00e9 a celebra\u00e7\u00e3o da fam\u00edlia, nossa fam\u00edlia consangu\u00ednea e nossa fam\u00edlia religiosa que se unem e se estendem, ainda mais, na grande fam\u00edlia dos filhos de Deus. Nunca podemos nos esquecer que somos a fam\u00edlia da esperan\u00e7a e da alegria e \u00e9 por isso que nos reunimos, porque congregados e unidos \u00e9 que essa fam\u00edlia adquire e expressa o seu profundo sentido. E \u00e9 este o pedido; singular, simples e despojado que o Bruno e o Ruan fazem: experimentar os la\u00e7os que nos unem em fam\u00edlia! A fam\u00edlia de sangue e a fam\u00edlia franciscana. Esse senso de familiaridade nos motiva a viver essa celebra\u00e7\u00e3o no dom e na gra\u00e7a de sermos irm\u00e3os e irm\u00e3s de todas a criaturas. Todos membros desta grande fam\u00edlia das criaturas de Deus\u201d.<\/p>\n<p><img loading=\"lazy\" class=\"alignnone size-full wp-image-244741\" src=\"https:\/\/franciscanos.org.br\/noticias\/wp-content\/uploads\/2023\/09\/profissao_18.jpg\" alt=\"\" width=\"1280\" height=\"853\" srcset=\"https:\/\/franciscanos.org.br\/noticias\/wp-content\/uploads\/2023\/09\/profissao_18.jpg 1280w, https:\/\/franciscanos.org.br\/noticias\/wp-content\/uploads\/2023\/09\/profissao_18-450x300.jpg 450w, https:\/\/franciscanos.org.br\/noticias\/wp-content\/uploads\/2023\/09\/profissao_18-1024x682.jpg 1024w, https:\/\/franciscanos.org.br\/noticias\/wp-content\/uploads\/2023\/09\/profissao_18-768x512.jpg 768w, https:\/\/franciscanos.org.br\/noticias\/wp-content\/uploads\/2023\/09\/profissao_18-150x100.jpg 150w\" sizes=\"(max-width: 1280px) 100vw, 1280px\" \/><\/p>\n<p><img loading=\"lazy\" class=\"alignnone size-full wp-image-244742\" src=\"https:\/\/franciscanos.org.br\/noticias\/wp-content\/uploads\/2023\/09\/profissao_19.jpg\" alt=\"\" width=\"1280\" height=\"853\" srcset=\"https:\/\/franciscanos.org.br\/noticias\/wp-content\/uploads\/2023\/09\/profissao_19.jpg 1280w, https:\/\/franciscanos.org.br\/noticias\/wp-content\/uploads\/2023\/09\/profissao_19-450x300.jpg 450w, https:\/\/franciscanos.org.br\/noticias\/wp-content\/uploads\/2023\/09\/profissao_19-1024x682.jpg 1024w, https:\/\/franciscanos.org.br\/noticias\/wp-content\/uploads\/2023\/09\/profissao_19-768x512.jpg 768w, https:\/\/franciscanos.org.br\/noticias\/wp-content\/uploads\/2023\/09\/profissao_19-150x100.jpg 150w\" sizes=\"(max-width: 1280px) 100vw, 1280px\" \/><\/p>\n<p>Frei Paulo continuou sua reflex\u00e3o lembrando o lema da Profiss\u00e3o dos dois frades: \u201cOutra coisa n\u00e3o desejemos, nem queiramos, nem nos agrade, sen\u00e3o o nosso Criador e Redentor\u201d (Regra n\u00e3o Bulada, 23,27). \u201cA op\u00e7\u00e3o por Jesus Cristo \u00e9 uma op\u00e7\u00e3o plenificante e totalizante. Ela deve encher de sentido toda a nossa exist\u00eancia. Desejar Jesus Cristo \u00e9 muito mais do que desejar alguma coisa, mas \u00e9 sim, desejar viver a partir do seu Esp\u00edrito. E na caminhada franciscana, desejar a Jesus Cristo \u00e9 desejar experenciar o seu despojamento na tr\u00edade: cruz, pres\u00e9pio e altar. Desejar a Jesus Cristo \u00e9 estar intimamente ligado a Ele. \u00c9 uma decis\u00e3o pessoal e fraterna, porque nossa vida \u00e9 sempre abertura \u00e0 imperiosa necessidade de ser em Deus, com Deus e a partir de Deus, para assim, vivermos nossa voca\u00e7\u00e3o. Por isso, meus irm\u00e3os, outra coisa n\u00e3o queiram a n\u00e3o ser viver o Evangelho!\u201d<\/p>\n<p><img loading=\"lazy\" class=\"alignnone size-full wp-image-244746\" src=\"https:\/\/franciscanos.org.br\/noticias\/wp-content\/uploads\/2023\/09\/profissao_20.jpg\" alt=\"\" width=\"1280\" height=\"853\" srcset=\"https:\/\/franciscanos.org.br\/noticias\/wp-content\/uploads\/2023\/09\/profissao_20.jpg 1280w, https:\/\/franciscanos.org.br\/noticias\/wp-content\/uploads\/2023\/09\/profissao_20-450x300.jpg 450w, https:\/\/franciscanos.org.br\/noticias\/wp-content\/uploads\/2023\/09\/profissao_20-1024x682.jpg 1024w, https:\/\/franciscanos.org.br\/noticias\/wp-content\/uploads\/2023\/09\/profissao_20-768x512.jpg 768w, https:\/\/franciscanos.org.br\/noticias\/wp-content\/uploads\/2023\/09\/profissao_20-150x100.jpg 150w\" sizes=\"(max-width: 1280px) 100vw, 1280px\" \/><\/p>\n<p>O Provincial lembrou tamb\u00e9m que nessa data comemora-se o anivers\u00e1rio da dedica\u00e7\u00e3o desta Igreja do Sagrado, embora seja uma constru\u00e7\u00e3o de mais de cem anos, a dedica\u00e7\u00e3o ocorreu em 2007, ap\u00f3s uma grande obra de reforma. \u201cIgreja do Sagrado! Esse \u00e9 um nome caro ao povo de Petr\u00f3polis e aos frades da nossa Prov\u00edncia. E \u00e9 um nome muito apropriado para identificar o espa\u00e7o de encontro com o Senhor: Igreja do Sagrado, um lugar sagrado! O Templo onde nos reunimos, constru\u00eddo por empresa humana, antes de ser habita\u00e7\u00e3o do pr\u00f3prio Senhor, converte-se em terreno fecundo para a manifesta\u00e7\u00e3o da f\u00e9 e da confian\u00e7a; em espa\u00e7o ideal para a prece em di\u00e1logo com o Senhor\u201d.<\/p>\n<p><img loading=\"lazy\" class=\"alignnone size-full wp-image-244747\" src=\"https:\/\/franciscanos.org.br\/noticias\/wp-content\/uploads\/2023\/09\/profissao_22.jpg\" alt=\"\" width=\"1280\" height=\"815\" srcset=\"https:\/\/franciscanos.org.br\/noticias\/wp-content\/uploads\/2023\/09\/profissao_22.jpg 1280w, https:\/\/franciscanos.org.br\/noticias\/wp-content\/uploads\/2023\/09\/profissao_22-450x287.jpg 450w, https:\/\/franciscanos.org.br\/noticias\/wp-content\/uploads\/2023\/09\/profissao_22-1024x652.jpg 1024w, https:\/\/franciscanos.org.br\/noticias\/wp-content\/uploads\/2023\/09\/profissao_22-768x489.jpg 768w, https:\/\/franciscanos.org.br\/noticias\/wp-content\/uploads\/2023\/09\/profissao_22-150x96.jpg 150w\" sizes=\"(max-width: 1280px) 100vw, 1280px\" \/><\/p>\n<p>J\u00e1 no final da homilia, Frei Paulo fez uma alus\u00e3o \u00e0 Festa das Chagas de S\u00e3o Francisco que seria celebrada no dia posterior \u00e0 celebra\u00e7\u00e3o da Profiss\u00e3o Solene: \u201cEsta celebra\u00e7\u00e3o, al\u00e9m de coincidir com a consagra\u00e7\u00e3o deste templo acontece na v\u00e9spera da recorda\u00e7\u00e3o das Chagas de S\u00e3o Francisco, ocorridas h\u00e1 800 anos no Monte Alverne. Francisco recebeu no seu pr\u00f3prio corpo as marcas da Paix\u00e3o do Senhor. M\u00e3os, p\u00e9s e o seu lado foram assinalados com os sinais dos pregos que sustentaram na cruz o fr\u00e1gil corpo do Senhor que deu a vida por n\u00f3s. Muito se fala da predile\u00e7\u00e3o de S\u00e3o Francisco pelos lugares afastados para demorados encontros com o Senhor. Assim, a estigmatiza\u00e7ao n\u00e3o \u00e9 um evento isolado, mas resultado de um processo intenso de obedi\u00eancia, ou seja, de escuta atenta daquilo que o Senhor tem a nos dizer\u201d. E concluiu: \u201cFranciso \u00e9 marcado, profundamente, pela Paix\u00e3o do Senhor, dali ele sai transformado. Nossa miss\u00e3o \u00e9 que tamb\u00e9m n\u00f3s, possamos, com insist\u00eancia e persist\u00eancia, revelarmos ao mundo as marcas da Paix\u00e3o de Nosso Senhor\u201d.<\/p>\n\n\t\t<style type=\"text\/css\">\n\t\t\t#gallery-2 {\n\t\t\t\tmargin: auto;\n\t\t\t}\n\t\t\t#gallery-2 .gallery-item {\n\t\t\t\tfloat: left;\n\t\t\t\tmargin-top: 10px;\n\t\t\t\ttext-align: center;\n\t\t\t\twidth: 50%;\n\t\t\t}\n\t\t\t#gallery-2 img {\n\t\t\t\tborder: 2px solid #cfcfcf;\n\t\t\t}\n\t\t\t#gallery-2 .gallery-caption {\n\t\t\t\tmargin-left: 0;\n\t\t\t}\n\t\t\t\/* see gallery_shortcode() in wp-includes\/media.php *\/\n\t\t<\/style>\n\t\t<div id='gallery-2' class='gallery galleryid-244732 gallery-columns-2 gallery-size-thumbnail'><dl class='gallery-item'>\n\t\t\t<dt class='gallery-icon landscape'>\n\t\t\t\t<a href='https:\/\/franciscanos.org.br\/noticias\/wp-content\/uploads\/2023\/09\/profissao_23.jpg'><img width=\"300\" height=\"300\" src=\"https:\/\/franciscanos.org.br\/noticias\/wp-content\/uploads\/2023\/09\/profissao_23-300x300.jpg\" class=\"attachment-thumbnail size-thumbnail\" alt=\"\" loading=\"lazy\" srcset=\"https:\/\/franciscanos.org.br\/noticias\/wp-content\/uploads\/2023\/09\/profissao_23-300x300.jpg 300w, https:\/\/franciscanos.org.br\/noticias\/wp-content\/uploads\/2023\/09\/profissao_23-100x100.jpg 100w\" sizes=\"(max-width: 300px) 100vw, 300px\" \/><\/a>\n\t\t\t<\/dt><\/dl><dl class='gallery-item'>\n\t\t\t<dt class='gallery-icon landscape'>\n\t\t\t\t<a href='https:\/\/franciscanos.org.br\/noticias\/wp-content\/uploads\/2023\/09\/profissao_24.jpg'><img width=\"300\" height=\"300\" src=\"https:\/\/franciscanos.org.br\/noticias\/wp-content\/uploads\/2023\/09\/profissao_24-300x300.jpg\" class=\"attachment-thumbnail size-thumbnail\" alt=\"\" loading=\"lazy\" srcset=\"https:\/\/franciscanos.org.br\/noticias\/wp-content\/uploads\/2023\/09\/profissao_24-300x300.jpg 300w, https:\/\/franciscanos.org.br\/noticias\/wp-content\/uploads\/2023\/09\/profissao_24-100x100.jpg 100w\" sizes=\"(max-width: 300px) 100vw, 300px\" \/><\/a>\n\t\t\t<\/dt><\/dl><br style=\"clear: both\" \/>\n\t\t<\/div>\n\n<p>&nbsp;<\/p>\n<p>Terminada a homilia, os frades receberam uma vela, acesa no C\u00edrio Pascal, pr\u00f3ximo \u00e0 Pia Batismal. Esta vela lembra a primeira consagra\u00e7\u00e3o feita no Batismo e sua chama remete ao fogo da f\u00e9, cultivado no cora\u00e7\u00e3o e na vida desses jovens frades. Frei Paulo perguntou aos professandos pelas motiva\u00e7\u00f5es que eles trouxeram ao pedir a admiss\u00e3o definitiva na Ordem dos Frades Menores. Terminado o di\u00e1logo do Ministro com Frei Bruno e Frei Ruan, toda a assembleia se levantou para rogar a intercess\u00e3o do Santos e Santas de Deus para os professos; estes, se prostaram ao ch\u00e3o.<\/p>\n<p>Com o t\u00e9rmino da Ladainha de Todos os Santos, os professandos ficaram de joelhos diante do Ministro Provincial, colocaram as suas m\u00e3os nas m\u00e3os do Ministro, num gesto de entrega total e seriedade, e leram a formula de Profiss\u00e3o definitiva na Ordem dos Frades Menores. Em seguida, os neoprofessos, ajoelhados, recebem a Solene B\u00ean\u00e7\u00e3o feita pelo Ministro Provincial. Depois, todos os frades presentes os acolheram na Fraternidade Provincial com um caloroso abra\u00e7o. Enquanto eram cumprimentados pelos confrades, o Coral dos Canarinhos cantou a tradicional m\u00fasica \u201cSalve, \u00f3 S\u00e3o Francisco\u201d.<\/p>\n<p>&nbsp;<\/p>\n<p><img loading=\"lazy\" class=\"alignnone size-full wp-image-244748\" src=\"https:\/\/franciscanos.org.br\/noticias\/wp-content\/uploads\/2023\/09\/profissao_25.jpg\" alt=\"\" width=\"1280\" height=\"995\" srcset=\"https:\/\/franciscanos.org.br\/noticias\/wp-content\/uploads\/2023\/09\/profissao_25.jpg 1280w, https:\/\/franciscanos.org.br\/noticias\/wp-content\/uploads\/2023\/09\/profissao_25-450x350.jpg 450w, https:\/\/franciscanos.org.br\/noticias\/wp-content\/uploads\/2023\/09\/profissao_25-1024x796.jpg 1024w, https:\/\/franciscanos.org.br\/noticias\/wp-content\/uploads\/2023\/09\/profissao_25-768x597.jpg 768w, https:\/\/franciscanos.org.br\/noticias\/wp-content\/uploads\/2023\/09\/profissao_25-150x117.jpg 150w\" sizes=\"(max-width: 1280px) 100vw, 1280px\" \/><\/p>\n<p>A celebra\u00e7\u00e3o prosseguiu com a Liturgia Eucar\u00edstica. Ap\u00f3s a comunh\u00e3o, Frei Bruno fez os agradecimentos.<\/p>\n<p>\u201cHoje, n\u00e3o estamos simplesmente fazendo a Profiss\u00e3o Solene, ou professando os votos perp\u00e9tuos na Ordem dos Frades Menores. Hoje, n\u00e3o conclu\u00edmos um processo de forma\u00e7\u00e3o inicial, t\u00e3o menos iniciamos o processo da forma\u00e7\u00e3o permanente. Hoje, n\u00f3s confirmamos que estamos em busca, queremos ser. Desejamos ser parte da fam\u00edlia iniciada por Francisco de Assis. [&#8230;] As nossas fam\u00edlias foram base e fonte de valores fundamentais para o in\u00edcio desta trajet\u00f3ria e, ao longo dela, esta outra fam\u00edlia criou em n\u00f3s la\u00e7os espirituais t\u00e3o indissol\u00faveis quanto os sangu\u00edneos. Valores criados n\u00e3o somente pela conviv\u00eancia ou com o passar dos anos. Mas valores aprendidos, repetidos e exortados! Dito isso, queremos expressar a nossa gratid\u00e3o \u00e0queles que de maneira direta e indireta nos introduziram e nos cativaram aos grandes ideais da vida franciscana\u201d.<\/p>\n<p><img loading=\"lazy\" class=\"alignnone size-full wp-image-244744\" src=\"https:\/\/franciscanos.org.br\/noticias\/wp-content\/uploads\/2023\/09\/profissao_21.jpg\" alt=\"\" width=\"1280\" height=\"853\" srcset=\"https:\/\/franciscanos.org.br\/noticias\/wp-content\/uploads\/2023\/09\/profissao_21.jpg 1280w, https:\/\/franciscanos.org.br\/noticias\/wp-content\/uploads\/2023\/09\/profissao_21-450x300.jpg 450w, https:\/\/franciscanos.org.br\/noticias\/wp-content\/uploads\/2023\/09\/profissao_21-1024x682.jpg 1024w, https:\/\/franciscanos.org.br\/noticias\/wp-content\/uploads\/2023\/09\/profissao_21-768x512.jpg 768w, https:\/\/franciscanos.org.br\/noticias\/wp-content\/uploads\/2023\/09\/profissao_21-150x100.jpg 150w\" sizes=\"(max-width: 1280px) 100vw, 1280px\" \/><\/p>\n<p>Por fim, concluiu: \u201cagradecemos \u00c0quele que \u00e9 fonte e origem de nossa voca\u00e7\u00e3o, for\u00e7a motriz e principal ponto de apoio, ao Alt\u00edssimo, Onipotente e Bom Senhor, a quem conv\u00e9m todo louvor, gl\u00f3ria, honra e ben\u00e7\u00e3o, a nossa gratid\u00e3o por grandes e belas experi\u00eancias que nos proporcionou ao longo da caminhada, experi\u00eancias estas que nos fazem exclamar como Francisco: \u2018outra coisa n\u00e3o desejemos, nem queiramos, nem nos agrade, sen\u00e3o o nosso Criador e Redentor\u201d (RnB 23,27).<\/p>\n<p><img loading=\"lazy\" class=\"alignnone size-full wp-image-244743\" src=\"https:\/\/franciscanos.org.br\/noticias\/wp-content\/uploads\/2023\/09\/profissao_03.jpg\" alt=\"\" width=\"1280\" height=\"853\" srcset=\"https:\/\/franciscanos.org.br\/noticias\/wp-content\/uploads\/2023\/09\/profissao_03.jpg 1280w, https:\/\/franciscanos.org.br\/noticias\/wp-content\/uploads\/2023\/09\/profissao_03-450x300.jpg 450w, https:\/\/franciscanos.org.br\/noticias\/wp-content\/uploads\/2023\/09\/profissao_03-1024x682.jpg 1024w, https:\/\/franciscanos.org.br\/noticias\/wp-content\/uploads\/2023\/09\/profissao_03-768x512.jpg 768w, https:\/\/franciscanos.org.br\/noticias\/wp-content\/uploads\/2023\/09\/profissao_03-150x100.jpg 150w\" sizes=\"(max-width: 1280px) 100vw, 1280px\" \/><\/p>\n<p>No final da celebra\u00e7\u00e3o, Frei Paulo convidou todos os frades para, juntos, darem a B\u00ean\u00e7\u00e3o aos neoprofessos e a todo o povo. Terminada a Missa, todos os presentes foram convidados para um coquetel no antigo Col\u00e9gio dos Canarinhos.<\/p>\n<hr \/>\n<p><em>Frei Jo\u00e3o Manoel Zechinatto<\/em><\/p>\n","protected":false},"excerpt":{"rendered":"<p>Profiss\u00e3o Solene<\/p>\n","protected":false},"author":3,"featured_media":244733,"comment_status":"open","ping_status":"open","sticky":false,"template":"","format":"standard","meta":[],"categories":[1],"tags":[418,2056],"acf":[],"yoast_head":"<!-- This site is optimized with the Yoast SEO plugin v19.2 - https:\/\/yoast.com\/wordpress\/plugins\/seo\/ -->\n<title>Frei Paulo exorta aos professos: o fundamento da nossa vida \u00e9 sermos irm\u00e3os e menores! - Not\u00edcias - Franciscanos<\/title>\n<meta name=\"robots\" content=\"index, follow, max-snippet:-1, max-image-preview:large, max-video-preview:-1\" \/>\n<link rel=\"canonical\" href=\"https:\/\/franciscanos.org.br\/noticias\/profsoleneempetropolis.html\" \/>\n<meta property=\"og:locale\" content=\"pt_BR\" \/>\n<meta property=\"og:type\" content=\"article\" \/>\n<meta property=\"og:title\" content=\"Frei Paulo exorta aos professos: o fundamento da nossa vida \u00e9 sermos irm\u00e3os e menores! - Not\u00edcias - Franciscanos\" \/>\n<meta property=\"og:description\" content=\"Profiss\u00e3o Solene\" \/>\n<meta property=\"og:url\" content=\"https:\/\/franciscanos.org.br\/noticias\/profsoleneempetropolis.html\" \/>\n<meta property=\"og:site_name\" content=\"Not\u00edcias - Franciscanos\" \/>\n<meta property=\"article:published_time\" content=\"2023-09-17T12:01:21+00:00\" \/>\n<meta property=\"article:modified_time\" content=\"2025-03-10T18:43:45+00:00\" \/>\n<meta property=\"og:image\" content=\"https:\/\/franciscanos.org.br\/noticias\/wp-content\/uploads\/2023\/09\/profissao_14.jpg\" \/>\n\t<meta property=\"og:image:width\" content=\"1280\" \/>\n\t<meta property=\"og:image:height\" content=\"720\" \/>\n\t<meta property=\"og:image:type\" content=\"image\/jpeg\" \/>\n<meta name=\"author\" content=\"moacir\" \/>\n<meta name=\"twitter:card\" content=\"summary_large_image\" \/>\n<meta name=\"twitter:label1\" content=\"Escrito por\" \/>\n\t<meta name=\"twitter:data1\" content=\"moacir\" \/>\n\t<meta name=\"twitter:label2\" content=\"Est. tempo de leitura\" \/>\n\t<meta name=\"twitter:data2\" content=\"8 minutos\" \/>\n<script type=\"application\/ld+json\" class=\"yoast-schema-graph\">{\"@context\":\"https:\/\/schema.org\",\"@graph\":[{\"@type\":\"WebSite\",\"@id\":\"https:\/\/franciscanos.org.br\/noticias\/#website\",\"url\":\"https:\/\/franciscanos.org.br\/noticias\/\",\"name\":\"Not\u00edcias - Franciscanos\",\"description\":\"Prov\u00edncia Franciscana da Imaculada Concei\u00e7\u00e3o do Brasil - Ordem dos Frades Menores - OFM\",\"potentialAction\":[{\"@type\":\"SearchAction\",\"target\":{\"@type\":\"EntryPoint\",\"urlTemplate\":\"https:\/\/franciscanos.org.br\/noticias\/?s={search_term_string}\"},\"query-input\":\"required name=search_term_string\"}],\"inLanguage\":\"pt-BR\"},{\"@type\":\"ImageObject\",\"inLanguage\":\"pt-BR\",\"@id\":\"https:\/\/franciscanos.org.br\/noticias\/profsoleneempetropolis.html#primaryimage\",\"url\":\"https:\/\/franciscanos.org.br\/noticias\/wp-content\/uploads\/2023\/09\/profissao_14.jpg\",\"contentUrl\":\"https:\/\/franciscanos.org.br\/noticias\/wp-content\/uploads\/2023\/09\/profissao_14.jpg\",\"width\":1280,\"height\":720},{\"@type\":\"WebPage\",\"@id\":\"https:\/\/franciscanos.org.br\/noticias\/profsoleneempetropolis.html#webpage\",\"url\":\"https:\/\/franciscanos.org.br\/noticias\/profsoleneempetropolis.html\",\"name\":\"Frei Paulo exorta aos professos: o fundamento da nossa vida \u00e9 sermos irm\u00e3os e menores! - Not\u00edcias - Franciscanos\",\"isPartOf\":{\"@id\":\"https:\/\/franciscanos.org.br\/noticias\/#website\"},\"primaryImageOfPage\":{\"@id\":\"https:\/\/franciscanos.org.br\/noticias\/profsoleneempetropolis.html#primaryimage\"},\"datePublished\":\"2023-09-17T12:01:21+00:00\",\"dateModified\":\"2025-03-10T18:43:45+00:00\",\"author\":{\"@id\":\"https:\/\/franciscanos.org.br\/noticias\/#\/schema\/person\/b5c8cba458c330ccff548b056e95a5d4\"},\"breadcrumb\":{\"@id\":\"https:\/\/franciscanos.org.br\/noticias\/profsoleneempetropolis.html#breadcrumb\"},\"inLanguage\":\"pt-BR\",\"potentialAction\":[{\"@type\":\"ReadAction\",\"target\":[\"https:\/\/franciscanos.org.br\/noticias\/profsoleneempetropolis.html\"]}]},{\"@type\":\"BreadcrumbList\",\"@id\":\"https:\/\/franciscanos.org.br\/noticias\/profsoleneempetropolis.html#breadcrumb\",\"itemListElement\":[{\"@type\":\"ListItem\",\"position\":1,\"name\":\"Home\",\"item\":\"https:\/\/franciscanos.org.br\/noticias\"},{\"@type\":\"ListItem\",\"position\":2,\"name\":\"Frei Paulo exorta aos professos: o fundamento da nossa vida \u00e9 sermos irm\u00e3os e menores!\"}]},{\"@type\":\"Person\",\"@id\":\"https:\/\/franciscanos.org.br\/noticias\/#\/schema\/person\/b5c8cba458c330ccff548b056e95a5d4\",\"name\":\"moacir\",\"image\":{\"@type\":\"ImageObject\",\"inLanguage\":\"pt-BR\",\"@id\":\"https:\/\/franciscanos.org.br\/noticias\/#\/schema\/person\/image\/\",\"url\":\"https:\/\/secure.gravatar.com\/avatar\/d08aa2ce4c8dd416d4479aa8536fcf64?s=96&d=mm&r=g\",\"contentUrl\":\"https:\/\/secure.gravatar.com\/avatar\/d08aa2ce4c8dd416d4479aa8536fcf64?s=96&d=mm&r=g\",\"caption\":\"moacir\"},\"url\":\"https:\/\/franciscanos.org.br\/noticias\/author\/moacir\"}]}<\/script>\n<!-- \/ Yoast SEO plugin. -->","yoast_head_json":{"title":"Frei Paulo exorta aos professos: o fundamento da nossa vida \u00e9 sermos irm\u00e3os e menores! - Not\u00edcias - Franciscanos","robots":{"index":"index","follow":"follow","max-snippet":"max-snippet:-1","max-image-preview":"max-image-preview:large","max-video-preview":"max-video-preview:-1"},"canonical":"https:\/\/franciscanos.org.br\/noticias\/profsoleneempetropolis.html","og_locale":"pt_BR","og_type":"article","og_title":"Frei Paulo exorta aos professos: o fundamento da nossa vida \u00e9 sermos irm\u00e3os e menores! - Not\u00edcias - Franciscanos","og_description":"Profiss\u00e3o Solene","og_url":"https:\/\/franciscanos.org.br\/noticias\/profsoleneempetropolis.html","og_site_name":"Not\u00edcias - Franciscanos","article_published_time":"2023-09-17T12:01:21+00:00","article_modified_time":"2025-03-10T18:43:45+00:00","og_image":[{"width":1280,"height":720,"url":"https:\/\/franciscanos.org.br\/noticias\/wp-content\/uploads\/2023\/09\/profissao_14.jpg","type":"image\/jpeg"}],"author":"moacir","twitter_card":"summary_large_image","twitter_misc":{"Escrito por":"moacir","Est. tempo de leitura":"8 minutos"},"schema":{"@context":"https:\/\/schema.org","@graph":[{"@type":"WebSite","@id":"https:\/\/franciscanos.org.br\/noticias\/#website","url":"https:\/\/franciscanos.org.br\/noticias\/","name":"Not\u00edcias - Franciscanos","description":"Prov\u00edncia Franciscana da Imaculada Concei\u00e7\u00e3o do Brasil - Ordem dos Frades Menores - OFM","potentialAction":[{"@type":"SearchAction","target":{"@type":"EntryPoint","urlTemplate":"https:\/\/franciscanos.org.br\/noticias\/?s={search_term_string}"},"query-input":"required name=search_term_string"}],"inLanguage":"pt-BR"},{"@type":"ImageObject","inLanguage":"pt-BR","@id":"https:\/\/franciscanos.org.br\/noticias\/profsoleneempetropolis.html#primaryimage","url":"https:\/\/franciscanos.org.br\/noticias\/wp-content\/uploads\/2023\/09\/profissao_14.jpg","contentUrl":"https:\/\/franciscanos.org.br\/noticias\/wp-content\/uploads\/2023\/09\/profissao_14.jpg","width":1280,"height":720},{"@type":"WebPage","@id":"https:\/\/franciscanos.org.br\/noticias\/profsoleneempetropolis.html#webpage","url":"https:\/\/franciscanos.org.br\/noticias\/profsoleneempetropolis.html","name":"Frei Paulo exorta aos professos: o fundamento da nossa vida \u00e9 sermos irm\u00e3os e menores! - Not\u00edcias - Franciscanos","isPartOf":{"@id":"https:\/\/franciscanos.org.br\/noticias\/#website"},"primaryImageOfPage":{"@id":"https:\/\/franciscanos.org.br\/noticias\/profsoleneempetropolis.html#primaryimage"},"datePublished":"2023-09-17T12:01:21+00:00","dateModified":"2025-03-10T18:43:45+00:00","author":{"@id":"https:\/\/franciscanos.org.br\/noticias\/#\/schema\/person\/b5c8cba458c330ccff548b056e95a5d4"},"breadcrumb":{"@id":"https:\/\/franciscanos.org.br\/noticias\/profsoleneempetropolis.html#breadcrumb"},"inLanguage":"pt-BR","potentialAction":[{"@type":"ReadAction","target":["https:\/\/franciscanos.org.br\/noticias\/profsoleneempetropolis.html"]}]},{"@type":"BreadcrumbList","@id":"https:\/\/franciscanos.org.br\/noticias\/profsoleneempetropolis.html#breadcrumb","itemListElement":[{"@type":"ListItem","position":1,"name":"Home","item":"https:\/\/franciscanos.org.br\/noticias"},{"@type":"ListItem","position":2,"name":"Frei Paulo exorta aos professos: o fundamento da nossa vida \u00e9 sermos irm\u00e3os e menores!"}]},{"@type":"Person","@id":"https:\/\/franciscanos.org.br\/noticias\/#\/schema\/person\/b5c8cba458c330ccff548b056e95a5d4","name":"moacir","image":{"@type":"ImageObject","inLanguage":"pt-BR","@id":"https:\/\/franciscanos.org.br\/noticias\/#\/schema\/person\/image\/","url":"https:\/\/secure.gravatar.com\/avatar\/d08aa2ce4c8dd416d4479aa8536fcf64?s=96&d=mm&r=g","contentUrl":"https:\/\/secure.gravatar.com\/avatar\/d08aa2ce4c8dd416d4479aa8536fcf64?s=96&d=mm&r=g","caption":"moacir"},"url":"https:\/\/franciscanos.org.br\/noticias\/author\/moacir"}]}},"_links":{"self":[{"href":"https:\/\/franciscanos.org.br\/noticias\/wp-json\/wp\/v2\/posts\/244732"}],"collection":[{"href":"https:\/\/franciscanos.org.br\/noticias\/wp-json\/wp\/v2\/posts"}],"about":[{"href":"https:\/\/franciscanos.org.br\/noticias\/wp-json\/wp\/v2\/types\/post"}],"author":[{"embeddable":true,"href":"https:\/\/franciscanos.org.br\/noticias\/wp-json\/wp\/v2\/users\/3"}],"replies":[{"embeddable":true,"href":"https:\/\/franciscanos.org.br\/noticias\/wp-json\/wp\/v2\/comments?post=244732"}],"version-history":[{"count":1,"href":"https:\/\/franciscanos.org.br\/noticias\/wp-json\/wp\/v2\/posts\/244732\/revisions"}],"predecessor-version":[{"id":244751,"href":"https:\/\/franciscanos.org.br\/noticias\/wp-json\/wp\/v2\/posts\/244732\/revisions\/244751"}],"wp:featuredmedia":[{"embeddable":true,"href":"https:\/\/franciscanos.org.br\/noticias\/wp-json\/wp\/v2\/media\/244733"}],"wp:attachment":[{"href":"https:\/\/franciscanos.org.br\/noticias\/wp-json\/wp\/v2\/media?parent=244732"}],"wp:term":[{"taxonomy":"category","embeddable":true,"href":"https:\/\/franciscanos.org.br\/noticias\/wp-json\/wp\/v2\/categories?post=244732"},{"taxonomy":"post_tag","embeddable":true,"href":"https:\/\/franciscanos.org.br\/noticias\/wp-json\/wp\/v2\/tags?post=244732"}],"curies":[{"name":"wp","href":"https:\/\/api.w.org\/{rel}","templated":true}]}}