{"id":244701,"date":"2023-09-12T10:12:42","date_gmt":"2023-09-12T13:12:42","guid":{"rendered":"https:\/\/franciscanos.org.br\/noticias\/?p=244701"},"modified":"2023-09-12T10:12:42","modified_gmt":"2023-09-12T13:12:42","slug":"ministro-geral-sobre-o-tempo-da-criacao-2023-o-cuidado-da-criacao-e-uma-conversao-cultural-mental-e-humana","status":"publish","type":"post","link":"https:\/\/franciscanos.org.br\/noticias\/ministro-geral-sobre-o-tempo-da-criacao-2023-o-cuidado-da-criacao-e-uma-conversao-cultural-mental-e-humana.html","title":{"rendered":"Ministro Geral sobre o Tempo da Cria\u00e7\u00e3o 2023:  O cuidado da cria\u00e7\u00e3o \u00e9 uma convers\u00e3o cultural, mental e humana"},"content":{"rendered":"<p><img loading=\"lazy\" class=\"alignnone size-full wp-image-244703\" src=\"https:\/\/franciscanos.org.br\/noticias\/wp-content\/uploads\/2023\/09\/GERAL-1.jpg\" alt=\"\" width=\"1280\" height=\"720\" srcset=\"https:\/\/franciscanos.org.br\/noticias\/wp-content\/uploads\/2023\/09\/GERAL-1.jpg 1280w, https:\/\/franciscanos.org.br\/noticias\/wp-content\/uploads\/2023\/09\/GERAL-1-450x253.jpg 450w, https:\/\/franciscanos.org.br\/noticias\/wp-content\/uploads\/2023\/09\/GERAL-1-1024x576.jpg 1024w, https:\/\/franciscanos.org.br\/noticias\/wp-content\/uploads\/2023\/09\/GERAL-1-768x432.jpg 768w, https:\/\/franciscanos.org.br\/noticias\/wp-content\/uploads\/2023\/09\/GERAL-1-150x84.jpg 150w\" sizes=\"(max-width: 1280px) 100vw, 1280px\" \/><\/p>\n<p><em>Por ocasi\u00e3o do Tempo da Cria\u00e7\u00e3o 2023, a<\/em> <strong>R\u00e1dio Vaticano<\/strong><em> entrevistou Frei Massimo Fusarelli, Ministro Geral da Ordem dos Frades Menores. Publicamos um trecho.<\/em><\/p>\n<p><strong>Na sua mensagem, o Pont\u00edfice convida todos a ouvir o apelo para estar ao lado das v\u00edtimas da injusti\u00e7a ambiental e clim\u00e1tica e para p\u00f4r fim a esta guerra sem sentido contra a Cria\u00e7\u00e3o.<\/strong><\/p>\n<p>Posso constatar a realidade destas palavras do Santo Padre nas minhas viagens para visitar os frades de todo o mundo; nos diferentes continentes noto a dura realidade desta injusti\u00e7a ambiental e clim\u00e1tica, que \u00e9 uma injusti\u00e7a humana porque todos pagam as consequ\u00eancias. Parece-me que esta perspectiva \u201cintegral\u201d \u00e9 a mais inovadora da <em>Laudato Si\u2019<\/em>, que encontra tantas resist\u00eancias em muitos n\u00edveis e em v\u00e1rios ambientes, porque n\u00e3o somos capazes de fazer esta convers\u00e3o cultural, que para n\u00f3s crist\u00e3os \u00e9 tamb\u00e9m religiosa, de considerar o homem e o meio ambiente como parte desta cria\u00e7\u00e3o \u00fanica desejada por Deus. Portanto, a guerra sem sentido contra a cria\u00e7\u00e3o \u00e9 uma guerra sem sentido contra o homem e vice-versa.<\/p>\n<p><strong>O Pont\u00edfice convida-nos tamb\u00e9m a voltar a escutar a terra, porque dela somos parte e n\u00e3o seus donos.<\/strong><\/p>\n<p>Sabemos que um certo mundo secular \u201cacusou\u201d a B\u00edblia de ter criado esta mentalidade, a saber, que o homem seria o dominador da cria\u00e7\u00e3o. Em vez disso, n\u00f3s, crist\u00e3os, lemos o G\u00eanesis com mais profundidade: Deus nos pediu para sermos os guardi\u00e3es da cria\u00e7\u00e3o, os guardi\u00e3es de uma realidade que n\u00e3o nos pertence. Como franciscano, gostaria de dizer que S\u00e3o Francisco descobriu que nada \u00e9 nosso, mas tudo \u00e9 dom de Deus. Parece-me que este \u00e9 um grande caminho de convers\u00e3o cultural, mental e humana que nos espera e que devemos fazer.<\/p>\n<p><strong>\u00a0<\/strong><strong>Como o sr. disse, somos os colaboradores da conserva\u00e7\u00e3o e do desenvolvimento do ser e da biodiversidade do planeta e da vida humana neste presente.<\/strong><\/p>\n<p>A vida humana e todas as formas de vida presentes no meio ambiente, na biodiversidade do planeta, fazem parte de um \u00fanico sistema integral e integrado: se destru\u00edmos parte dele, destru\u00edmos tudo. Esta sim \u00e9 uma convers\u00e3o profunda! Voc\u00ea disse \u201ccolaboradores da conserva\u00e7\u00e3o\u201d: eu diria que somos verdadeiramente os protagonistas no cuidado da cria\u00e7\u00e3o. Para n\u00f3s, crist\u00e3os, isso tem a ver com escatologia, com o fato de que o meio ambiente, a cria\u00e7\u00e3o, n\u00e3o \u00e9 um fim em si mesmo, n\u00e3o est\u00e1 fechado em si mesmo, mas est\u00e1 aberto at\u00e9 o \u00faltimo dia, est\u00e1 aberto \u00e0 conclus\u00e3o que Deus dar\u00e1 a toda a cria\u00e7\u00e3o. E estamos nesta grande jornada. Portanto, para n\u00f3s, crist\u00e3os, \u00e9 tamb\u00e9m uma convers\u00e3o teol\u00f3gica, mas tamb\u00e9m antropol\u00f3gica e ambiental, mas propomo-la ao mundo, para al\u00e9m de qualquer f\u00e9, como uma grande chave de leitura e interpreta\u00e7\u00e3o da realidade.<\/p>\n<p><strong>\u201cOuvir o clamor da terra\u201d, o que isso significa para voc\u00ea?<\/strong><\/p>\n<p>Ouvir o grito da terra \u00e9 uma express\u00e3o muito bonita e nos faz sentir que a terra, a cria\u00e7\u00e3o, \u00e9 uma realidade, \u00e9 um ser vivo, e n\u00e3o \u00e9 apenas algo que utilizamos; \u00e9 uma realidade viva com a qual devemos interagir numa rela\u00e7\u00e3o harmoniosa e, portanto, sentir-nos parte deste todo. Entre junho e agosto estive em 8 estados africanos e vi \u00e1reas inteiras de agricultura abandonadas porque j\u00e1 n\u00e3o era conveniente para os agricultores cultivar (tamb\u00e9m comprovei isso em alguns pa\u00edses europeus) porque as condi\u00e7\u00f5es n\u00e3o eram favor\u00e1veis, porque se pode conseguir o mesmo de outra forma, pois sabemos que esses produtos n\u00e3o ser\u00e3o vendidos como deveriam. Ouvir o grito da terra significa tamb\u00e9m continuar a cuidar e a cultivar a terra e os seres vivos que nela habitam, para que torne a nossa vida e a nossa passagem na terra mais harmoniosa e mais humana. Em breve estarei na Amaz\u00f4nia e acredito que l\u00e1 verei isso com ainda mais for\u00e7a, mas estive na Calif\u00f3rnia e mesmo l\u00e1 a mudan\u00e7a clim\u00e1tica \u00e9 evidente e est\u00e1 realmente afetando a partir de dentro os tipos de presen\u00e7a do ser humano em nossa realidade. O Papa lan\u00e7a este grito n\u00e3o por uma tend\u00eancia, mas porque \u00e9 verdadeiramente urgente e, ao visitar o mundo, se pode ver isso.<strong>\u00a0<\/strong><\/p>\n<p><strong>O Papa Francisco n\u00e3o se cansa de repetir que somos chamados a acolher mais uma vez o plano original e amoroso de Deus para a cria\u00e7\u00e3o como uma heran\u00e7a comum a ser partilhada com todos os nossos irm\u00e3os e irm\u00e3s, sobretudo, a faz\u00ea-lo com grande alegria.<\/strong><\/p>\n<p>Voltar a abra\u00e7ar o plano original e amoroso de Deus para a cria\u00e7\u00e3o significa que a cria\u00e7\u00e3o n\u00e3o veio por acaso \u2013 para n\u00f3s, crist\u00e3os, claramente \u2013 \u00e9 algo que verdadeiramente nos precede. Sempre me pergunto como podemos compartilhar essa leitura da realidade com quem n\u00e3o tem uma refer\u00eancia religiosa, mas se maravilha com a beleza da cria\u00e7\u00e3o. A cria\u00e7\u00e3o \u00e9 realmente uma oportunidade de evangeliza\u00e7\u00e3o! O plano original e amoroso de Deus est\u00e1 impresso na cria\u00e7\u00e3o como um elemento din\u00e2mico e em desenvolvimento; n\u00e3o \u00e9 apenas algo que precisa ser realizado, \u00e9 algo que precisa crescer. Penso que falar deste projeto original como uma heran\u00e7a comum a partilhar com todos nos coloca nesta dimens\u00e3o: o pensamento crist\u00e3o medieval falava de um poder de Deus impresso na cria\u00e7\u00e3o e que, para n\u00f3s, franciscanos, na nossa reflex\u00e3o filos\u00f3fica e teol\u00f3gica, tomou a face de Cristo. Esta imensa obra de constru\u00e7\u00e3o da cria\u00e7\u00e3o, do universo, n\u00e3o \u00e9 s\u00f3 para si ou para alguns, mas para todos. E esta tamb\u00e9m \u00e9 outra grande convers\u00e3o a ser feita.<\/p>\n<p><strong>O \u201cC\u00e2ntico das Criaturas\u201d de S\u00e3o Francisco de Assis \u00e9 o louvor mais sublime de toda a cria\u00e7\u00e3o divina.<\/strong><\/p>\n<p>Francisco de Assis escreveu a parte mais significativa do C\u00e2ntico das Criaturas quando estava cego e, portanto, n\u00e3o podia mais ver a cria\u00e7\u00e3o. Portanto \u00e9 uma vis\u00e3o interior que ele desenvolveu da cria\u00e7\u00e3o \u00e0 luz da f\u00e9. Na vis\u00e3o teol\u00f3gica franciscana, Cristo \u00e9 o modelo, \u00e9 o arqu\u00e9tipo para o qual olha toda a cria\u00e7\u00e3o, do qual procede toda a cria\u00e7\u00e3o e ao qual retorna toda a cria\u00e7\u00e3o. Portanto, danificar verdadeiramente a cria\u00e7\u00e3o significa envolver-se neste projeto de Deus, significa n\u00e3o querer mais reconhecer esta presen\u00e7a profunda; reduzimos a cria\u00e7\u00e3o a uma quest\u00e3o de explora\u00e7\u00e3o, explora\u00e7\u00e3o e uso. Somos donos, n\u00e3o somos guardi\u00e3es. Francisco de Assis est\u00e1 diante da cria\u00e7\u00e3o com atitude de louvor, de agradecimento; \u00e9, sempre para n\u00f3s, crentes, uma atitude eucar\u00edstica. N\u00e3o consideramos a cria\u00e7\u00e3o apenas para us\u00e1-la: antes de tudo, na l\u00f3gica b\u00edblica, bendizemos a Deus, que \u00e9 o pai, pelos dons da cria\u00e7\u00e3o. N\u00f3s os devolvemos a ele, eles n\u00e3o s\u00e3o nossos, eles nos s\u00e3o dados, eles nos s\u00e3o confiados, e n\u00f3s colaboramos na obra de Deus. Evidentemente, tudo o que suja, se n\u00e3o quebra esse grande \u201cespelho\u201d que \u00e9 a cria\u00e7\u00e3o, n\u00e3o s\u00f3 n\u00e3o nos permite ver o reflexo de Deus, mas n\u00e3o nos permite ler a nossa pr\u00f3pria vida como o mist\u00e9rio que ela \u00e9 e que clama por algo mais do que a sobreviv\u00eancia ou a integridade biol\u00f3gica, mas anseia por algo mais que n\u00f3s chamamos alma, esp\u00edrito, vida eterna. Se aceitarmos que existe esta abertura e, em vez disso, nem tudo est\u00e1 fechado para n\u00f3s mesmos, ent\u00e3o poderemos salvar a cria\u00e7\u00e3o. Aqui, Francisco com o seu louvor, nos diz isso.<\/p>\n<p><em>Fonte: <a href=\"http:\/\/www.ofm.org\">www.ofm.org<\/a><\/em><\/p>\n","protected":false},"excerpt":{"rendered":"<p>Entrevista<\/p>\n","protected":false},"author":3,"featured_media":244702,"comment_status":"open","ping_status":"open","sticky":false,"template":"","format":"standard","meta":[],"categories":[1],"tags":[184],"acf":[],"yoast_head":"<!-- This site is optimized with the Yoast SEO plugin v19.2 - https:\/\/yoast.com\/wordpress\/plugins\/seo\/ -->\n<title>Ministro Geral sobre o Tempo da Cria\u00e7\u00e3o 2023: O cuidado da cria\u00e7\u00e3o \u00e9 uma convers\u00e3o cultural, mental e humana - Not\u00edcias - Franciscanos<\/title>\n<meta name=\"robots\" content=\"index, follow, max-snippet:-1, max-image-preview:large, max-video-preview:-1\" \/>\n<link rel=\"canonical\" href=\"https:\/\/franciscanos.org.br\/noticias\/ministro-geral-sobre-o-tempo-da-criacao-2023-o-cuidado-da-criacao-e-uma-conversao-cultural-mental-e-humana.html\" \/>\n<meta property=\"og:locale\" content=\"pt_BR\" \/>\n<meta property=\"og:type\" content=\"article\" \/>\n<meta property=\"og:title\" content=\"Ministro Geral sobre o Tempo da Cria\u00e7\u00e3o 2023: O cuidado da cria\u00e7\u00e3o \u00e9 uma convers\u00e3o cultural, mental e humana - Not\u00edcias - Franciscanos\" \/>\n<meta property=\"og:description\" content=\"Entrevista\" \/>\n<meta property=\"og:url\" content=\"https:\/\/franciscanos.org.br\/noticias\/ministro-geral-sobre-o-tempo-da-criacao-2023-o-cuidado-da-criacao-e-uma-conversao-cultural-mental-e-humana.html\" \/>\n<meta property=\"og:site_name\" content=\"Not\u00edcias - Franciscanos\" \/>\n<meta property=\"article:published_time\" content=\"2023-09-12T13:12:42+00:00\" \/>\n<meta property=\"og:image\" content=\"https:\/\/franciscanos.org.br\/noticias\/wp-content\/uploads\/2023\/09\/GERAL.jpg\" \/>\n\t<meta property=\"og:image:width\" content=\"1280\" \/>\n\t<meta property=\"og:image:height\" content=\"720\" \/>\n\t<meta property=\"og:image:type\" content=\"image\/jpeg\" \/>\n<meta name=\"author\" content=\"moacir\" \/>\n<meta name=\"twitter:card\" content=\"summary_large_image\" \/>\n<meta name=\"twitter:label1\" content=\"Escrito por\" \/>\n\t<meta name=\"twitter:data1\" content=\"moacir\" \/>\n\t<meta name=\"twitter:label2\" content=\"Est. tempo de leitura\" \/>\n\t<meta name=\"twitter:data2\" content=\"7 minutos\" \/>\n<script type=\"application\/ld+json\" class=\"yoast-schema-graph\">{\"@context\":\"https:\/\/schema.org\",\"@graph\":[{\"@type\":\"WebSite\",\"@id\":\"https:\/\/franciscanos.org.br\/noticias\/#website\",\"url\":\"https:\/\/franciscanos.org.br\/noticias\/\",\"name\":\"Not\u00edcias - Franciscanos\",\"description\":\"Prov\u00edncia Franciscana da Imaculada Concei\u00e7\u00e3o do Brasil - Ordem dos Frades Menores - OFM\",\"potentialAction\":[{\"@type\":\"SearchAction\",\"target\":{\"@type\":\"EntryPoint\",\"urlTemplate\":\"https:\/\/franciscanos.org.br\/noticias\/?s={search_term_string}\"},\"query-input\":\"required name=search_term_string\"}],\"inLanguage\":\"pt-BR\"},{\"@type\":\"ImageObject\",\"inLanguage\":\"pt-BR\",\"@id\":\"https:\/\/franciscanos.org.br\/noticias\/ministro-geral-sobre-o-tempo-da-criacao-2023-o-cuidado-da-criacao-e-uma-conversao-cultural-mental-e-humana.html#primaryimage\",\"url\":\"https:\/\/franciscanos.org.br\/noticias\/wp-content\/uploads\/2023\/09\/GERAL.jpg\",\"contentUrl\":\"https:\/\/franciscanos.org.br\/noticias\/wp-content\/uploads\/2023\/09\/GERAL.jpg\",\"width\":1280,\"height\":720},{\"@type\":\"WebPage\",\"@id\":\"https:\/\/franciscanos.org.br\/noticias\/ministro-geral-sobre-o-tempo-da-criacao-2023-o-cuidado-da-criacao-e-uma-conversao-cultural-mental-e-humana.html#webpage\",\"url\":\"https:\/\/franciscanos.org.br\/noticias\/ministro-geral-sobre-o-tempo-da-criacao-2023-o-cuidado-da-criacao-e-uma-conversao-cultural-mental-e-humana.html\",\"name\":\"Ministro Geral sobre o Tempo da Cria\u00e7\u00e3o 2023: O cuidado da cria\u00e7\u00e3o \u00e9 uma convers\u00e3o cultural, mental e humana - Not\u00edcias - Franciscanos\",\"isPartOf\":{\"@id\":\"https:\/\/franciscanos.org.br\/noticias\/#website\"},\"primaryImageOfPage\":{\"@id\":\"https:\/\/franciscanos.org.br\/noticias\/ministro-geral-sobre-o-tempo-da-criacao-2023-o-cuidado-da-criacao-e-uma-conversao-cultural-mental-e-humana.html#primaryimage\"},\"datePublished\":\"2023-09-12T13:12:42+00:00\",\"dateModified\":\"2023-09-12T13:12:42+00:00\",\"author\":{\"@id\":\"https:\/\/franciscanos.org.br\/noticias\/#\/schema\/person\/b5c8cba458c330ccff548b056e95a5d4\"},\"breadcrumb\":{\"@id\":\"https:\/\/franciscanos.org.br\/noticias\/ministro-geral-sobre-o-tempo-da-criacao-2023-o-cuidado-da-criacao-e-uma-conversao-cultural-mental-e-humana.html#breadcrumb\"},\"inLanguage\":\"pt-BR\",\"potentialAction\":[{\"@type\":\"ReadAction\",\"target\":[\"https:\/\/franciscanos.org.br\/noticias\/ministro-geral-sobre-o-tempo-da-criacao-2023-o-cuidado-da-criacao-e-uma-conversao-cultural-mental-e-humana.html\"]}]},{\"@type\":\"BreadcrumbList\",\"@id\":\"https:\/\/franciscanos.org.br\/noticias\/ministro-geral-sobre-o-tempo-da-criacao-2023-o-cuidado-da-criacao-e-uma-conversao-cultural-mental-e-humana.html#breadcrumb\",\"itemListElement\":[{\"@type\":\"ListItem\",\"position\":1,\"name\":\"Home\",\"item\":\"https:\/\/franciscanos.org.br\/noticias\"},{\"@type\":\"ListItem\",\"position\":2,\"name\":\"Ministro Geral sobre o Tempo da Cria\u00e7\u00e3o 2023: O cuidado da cria\u00e7\u00e3o \u00e9 uma convers\u00e3o cultural, mental e humana\"}]},{\"@type\":\"Person\",\"@id\":\"https:\/\/franciscanos.org.br\/noticias\/#\/schema\/person\/b5c8cba458c330ccff548b056e95a5d4\",\"name\":\"moacir\",\"image\":{\"@type\":\"ImageObject\",\"inLanguage\":\"pt-BR\",\"@id\":\"https:\/\/franciscanos.org.br\/noticias\/#\/schema\/person\/image\/\",\"url\":\"https:\/\/secure.gravatar.com\/avatar\/d08aa2ce4c8dd416d4479aa8536fcf64?s=96&d=mm&r=g\",\"contentUrl\":\"https:\/\/secure.gravatar.com\/avatar\/d08aa2ce4c8dd416d4479aa8536fcf64?s=96&d=mm&r=g\",\"caption\":\"moacir\"},\"url\":\"https:\/\/franciscanos.org.br\/noticias\/author\/moacir\"}]}<\/script>\n<!-- \/ Yoast SEO plugin. -->","yoast_head_json":{"title":"Ministro Geral sobre o Tempo da Cria\u00e7\u00e3o 2023: O cuidado da cria\u00e7\u00e3o \u00e9 uma convers\u00e3o cultural, mental e humana - Not\u00edcias - Franciscanos","robots":{"index":"index","follow":"follow","max-snippet":"max-snippet:-1","max-image-preview":"max-image-preview:large","max-video-preview":"max-video-preview:-1"},"canonical":"https:\/\/franciscanos.org.br\/noticias\/ministro-geral-sobre-o-tempo-da-criacao-2023-o-cuidado-da-criacao-e-uma-conversao-cultural-mental-e-humana.html","og_locale":"pt_BR","og_type":"article","og_title":"Ministro Geral sobre o Tempo da Cria\u00e7\u00e3o 2023: O cuidado da cria\u00e7\u00e3o \u00e9 uma convers\u00e3o cultural, mental e humana - Not\u00edcias - Franciscanos","og_description":"Entrevista","og_url":"https:\/\/franciscanos.org.br\/noticias\/ministro-geral-sobre-o-tempo-da-criacao-2023-o-cuidado-da-criacao-e-uma-conversao-cultural-mental-e-humana.html","og_site_name":"Not\u00edcias - Franciscanos","article_published_time":"2023-09-12T13:12:42+00:00","og_image":[{"width":1280,"height":720,"url":"https:\/\/franciscanos.org.br\/noticias\/wp-content\/uploads\/2023\/09\/GERAL.jpg","type":"image\/jpeg"}],"author":"moacir","twitter_card":"summary_large_image","twitter_misc":{"Escrito por":"moacir","Est. tempo de leitura":"7 minutos"},"schema":{"@context":"https:\/\/schema.org","@graph":[{"@type":"WebSite","@id":"https:\/\/franciscanos.org.br\/noticias\/#website","url":"https:\/\/franciscanos.org.br\/noticias\/","name":"Not\u00edcias - Franciscanos","description":"Prov\u00edncia Franciscana da Imaculada Concei\u00e7\u00e3o do Brasil - Ordem dos Frades Menores - OFM","potentialAction":[{"@type":"SearchAction","target":{"@type":"EntryPoint","urlTemplate":"https:\/\/franciscanos.org.br\/noticias\/?s={search_term_string}"},"query-input":"required name=search_term_string"}],"inLanguage":"pt-BR"},{"@type":"ImageObject","inLanguage":"pt-BR","@id":"https:\/\/franciscanos.org.br\/noticias\/ministro-geral-sobre-o-tempo-da-criacao-2023-o-cuidado-da-criacao-e-uma-conversao-cultural-mental-e-humana.html#primaryimage","url":"https:\/\/franciscanos.org.br\/noticias\/wp-content\/uploads\/2023\/09\/GERAL.jpg","contentUrl":"https:\/\/franciscanos.org.br\/noticias\/wp-content\/uploads\/2023\/09\/GERAL.jpg","width":1280,"height":720},{"@type":"WebPage","@id":"https:\/\/franciscanos.org.br\/noticias\/ministro-geral-sobre-o-tempo-da-criacao-2023-o-cuidado-da-criacao-e-uma-conversao-cultural-mental-e-humana.html#webpage","url":"https:\/\/franciscanos.org.br\/noticias\/ministro-geral-sobre-o-tempo-da-criacao-2023-o-cuidado-da-criacao-e-uma-conversao-cultural-mental-e-humana.html","name":"Ministro Geral sobre o Tempo da Cria\u00e7\u00e3o 2023: O cuidado da cria\u00e7\u00e3o \u00e9 uma convers\u00e3o cultural, mental e humana - Not\u00edcias - Franciscanos","isPartOf":{"@id":"https:\/\/franciscanos.org.br\/noticias\/#website"},"primaryImageOfPage":{"@id":"https:\/\/franciscanos.org.br\/noticias\/ministro-geral-sobre-o-tempo-da-criacao-2023-o-cuidado-da-criacao-e-uma-conversao-cultural-mental-e-humana.html#primaryimage"},"datePublished":"2023-09-12T13:12:42+00:00","dateModified":"2023-09-12T13:12:42+00:00","author":{"@id":"https:\/\/franciscanos.org.br\/noticias\/#\/schema\/person\/b5c8cba458c330ccff548b056e95a5d4"},"breadcrumb":{"@id":"https:\/\/franciscanos.org.br\/noticias\/ministro-geral-sobre-o-tempo-da-criacao-2023-o-cuidado-da-criacao-e-uma-conversao-cultural-mental-e-humana.html#breadcrumb"},"inLanguage":"pt-BR","potentialAction":[{"@type":"ReadAction","target":["https:\/\/franciscanos.org.br\/noticias\/ministro-geral-sobre-o-tempo-da-criacao-2023-o-cuidado-da-criacao-e-uma-conversao-cultural-mental-e-humana.html"]}]},{"@type":"BreadcrumbList","@id":"https:\/\/franciscanos.org.br\/noticias\/ministro-geral-sobre-o-tempo-da-criacao-2023-o-cuidado-da-criacao-e-uma-conversao-cultural-mental-e-humana.html#breadcrumb","itemListElement":[{"@type":"ListItem","position":1,"name":"Home","item":"https:\/\/franciscanos.org.br\/noticias"},{"@type":"ListItem","position":2,"name":"Ministro Geral sobre o Tempo da Cria\u00e7\u00e3o 2023: O cuidado da cria\u00e7\u00e3o \u00e9 uma convers\u00e3o cultural, mental e humana"}]},{"@type":"Person","@id":"https:\/\/franciscanos.org.br\/noticias\/#\/schema\/person\/b5c8cba458c330ccff548b056e95a5d4","name":"moacir","image":{"@type":"ImageObject","inLanguage":"pt-BR","@id":"https:\/\/franciscanos.org.br\/noticias\/#\/schema\/person\/image\/","url":"https:\/\/secure.gravatar.com\/avatar\/d08aa2ce4c8dd416d4479aa8536fcf64?s=96&d=mm&r=g","contentUrl":"https:\/\/secure.gravatar.com\/avatar\/d08aa2ce4c8dd416d4479aa8536fcf64?s=96&d=mm&r=g","caption":"moacir"},"url":"https:\/\/franciscanos.org.br\/noticias\/author\/moacir"}]}},"_links":{"self":[{"href":"https:\/\/franciscanos.org.br\/noticias\/wp-json\/wp\/v2\/posts\/244701"}],"collection":[{"href":"https:\/\/franciscanos.org.br\/noticias\/wp-json\/wp\/v2\/posts"}],"about":[{"href":"https:\/\/franciscanos.org.br\/noticias\/wp-json\/wp\/v2\/types\/post"}],"author":[{"embeddable":true,"href":"https:\/\/franciscanos.org.br\/noticias\/wp-json\/wp\/v2\/users\/3"}],"replies":[{"embeddable":true,"href":"https:\/\/franciscanos.org.br\/noticias\/wp-json\/wp\/v2\/comments?post=244701"}],"version-history":[{"count":1,"href":"https:\/\/franciscanos.org.br\/noticias\/wp-json\/wp\/v2\/posts\/244701\/revisions"}],"predecessor-version":[{"id":244704,"href":"https:\/\/franciscanos.org.br\/noticias\/wp-json\/wp\/v2\/posts\/244701\/revisions\/244704"}],"wp:featuredmedia":[{"embeddable":true,"href":"https:\/\/franciscanos.org.br\/noticias\/wp-json\/wp\/v2\/media\/244702"}],"wp:attachment":[{"href":"https:\/\/franciscanos.org.br\/noticias\/wp-json\/wp\/v2\/media?parent=244701"}],"wp:term":[{"taxonomy":"category","embeddable":true,"href":"https:\/\/franciscanos.org.br\/noticias\/wp-json\/wp\/v2\/categories?post=244701"},{"taxonomy":"post_tag","embeddable":true,"href":"https:\/\/franciscanos.org.br\/noticias\/wp-json\/wp\/v2\/tags?post=244701"}],"curies":[{"name":"wp","href":"https:\/\/api.w.org\/{rel}","templated":true}]}}