{"id":244698,"date":"2023-09-12T09:58:31","date_gmt":"2023-09-12T12:58:31","guid":{"rendered":"https:\/\/franciscanos.org.br\/noticias\/?p=244698"},"modified":"2023-09-12T09:58:31","modified_gmt":"2023-09-12T12:58:31","slug":"economia-de-francisco-o-quarto-encontro-global-em-assis-e-em-6-de-outubro","status":"publish","type":"post","link":"https:\/\/franciscanos.org.br\/noticias\/economia-de-francisco-o-quarto-encontro-global-em-assis-e-em-6-de-outubro.html","title":{"rendered":"Economia de Francisco: o quarto encontro global em Assis \u00e9 em 6 de outubro"},"content":{"rendered":"<div id=\"attachment_244699\" style=\"width: 1210px\" class=\"wp-caption alignnone\"><img aria-describedby=\"caption-attachment-244699\" loading=\"lazy\" class=\"wp-image-244699 size-full\" src=\"https:\/\/franciscanos.org.br\/noticias\/wp-content\/uploads\/2023\/09\/papa_12.jpg\" alt=\"\" width=\"1200\" height=\"675\" srcset=\"https:\/\/franciscanos.org.br\/noticias\/wp-content\/uploads\/2023\/09\/papa_12.jpg 1200w, https:\/\/franciscanos.org.br\/noticias\/wp-content\/uploads\/2023\/09\/papa_12-450x253.jpg 450w, https:\/\/franciscanos.org.br\/noticias\/wp-content\/uploads\/2023\/09\/papa_12-1024x576.jpg 1024w, https:\/\/franciscanos.org.br\/noticias\/wp-content\/uploads\/2023\/09\/papa_12-768x432.jpg 768w, https:\/\/franciscanos.org.br\/noticias\/wp-content\/uploads\/2023\/09\/papa_12-150x84.jpg 150w\" sizes=\"(max-width: 1200px) 100vw, 1200px\" \/><p id=\"caption-attachment-244699\" class=\"wp-caption-text\"><em>Imagem: Vatican Media<\/em><\/p><\/div>\n<p>O quarto encontro anual global dos jovens economistas, agentes de mudan\u00e7a e empreendedores da Economia de Francisco (EdF) ser\u00e1 realizado no dia 6 de outubro, transmitido ao vivo da cidade italiana de Assis, com conex\u00f5es on-line de todo o mundo, para reunir e relatar iniciativas, ideias e processos lan\u00e7ados e amadurecidos ao longo do tempo e para estabelecer metas para 2024. Cerca de um ano ap\u00f3s o evento em Assis (22-24 de setembro de 2022), o encontro intitulado &#8220;The 25th hour. EoF (on air) Global Gathering&#8221; tentar\u00e1, explicam os organizadores, &#8220;transmitir hist\u00f3rias, sonhos, voca\u00e7\u00f5es e experi\u00eancias que fazem parte do capital da Economia de Francisco e que t\u00eam uma voz e um rosto em cada um dos jovens protagonistas dessa comunidade global&#8221;.<\/p>\n<p><strong>O desafio de transformar experi\u00eancias em hist\u00f3rias<\/strong><br \/>\nA economia global est\u00e1 vivendo um momento dif\u00edcil, argumentam eles, &#8220;a guerra na Europa e as muitas guerras no mundo, o agravamento da crise ambiental, as crescentes e novas desigualdades s\u00e3o desafios que est\u00e3o se tornando cada vez mais s\u00e9rios e urgentes, sobre os quais precisamos nos confrontar para encontrar e propor solu\u00e7\u00f5es&#8221;. Um dos principais desafios, para os promotores da EdF, &#8220;\u00e9 a necessidade de novas narrativas. A reflex\u00e3o sobre a import\u00e2ncia de refundar os capitais espirituais e narrativos do nosso tempo acompanhou a comunidade Economia de Francisco ao longo de 2023, porque, lembram os organizadores: &#8220;sem transformar as experi\u00eancias em hist\u00f3rias, os fatos n\u00e3o se tornam fen\u00f4menos sociais, correm o risco de permanecer fatos mudos. Os eventos coletivos come\u00e7am quando tentamos cont\u00e1-los a algu\u00e9m que queira nos ouvir&#8221;.<\/p>\n<p>Em prepara\u00e7\u00e3o para o evento de outubro, os jovens tamb\u00e9m foram convidados a se envolver em um exerc\u00edcio narrativo por meio de um concurso intitulado &#8220;As hist\u00f3rias que somos&#8221;, abertos a uma variedade de express\u00f5es narrativas e art\u00edsticas. Como \u00e9 tradi\u00e7\u00e3o, o evento ser\u00e1 transmitido da cidade do Pobrezinho, a sede ideal da EdF, e precisamente do Teatro do Instituto Serafico em Assis, na forma de uma web-r\u00e1dio. O programa contar\u00e1 com a participa\u00e7\u00e3o de jovens conectados de todo o mundo que compartilhar\u00e3o suas hist\u00f3rias e talentos a servi\u00e7o de &#8220;uma economia com alma&#8221;.<\/p>\n<p><strong>Nos olhos e no cora\u00e7\u00e3o, os rostos de quem precisa de ajuda<\/strong><br \/>\n&#8220;A Ordem Serafica, na EoF, levanta a voz dos mais fr\u00e1geis, porque \u00e9 justamente atrav\u00e9s de suas dificuldades que amadurecem novas vis\u00f5es capazes de dar impulso e renova\u00e7\u00e3o \u00e0 sociedade e \u00e0 economia&#8221;, sublinha Francesca Di Maolo, presidente do Instituto de Assis. &#8220;Aos jovens da EdF&#8221;, esclarece, &#8220;pedimos exatamente isso: manter nos olhos e no cora\u00e7\u00e3o os rostos daqueles que mais precisam de ajuda, para redesenhar um mundo justo, equitativo e n\u00e3o mais excludente&#8221;.<\/p>\n<p><strong>Construindo uma economia integral com uma nova ecologia<\/strong><br \/>\nA Economia de Francisco \u00e9 um dos processos desejados e iniciados pelo Papa Francisco (em 1\u00ba de maio de 2019), que publicar\u00e1 uma segunda parte da Laudato Si&#8217; em 4 de outubro deste ano. &#8220;Uma enc\u00edclica&#8221;, lembram os organizadores, &#8220;que para muitos jovens da EdF representou um marco cultural e espiritual de grande refer\u00eancia. No dia 6 de outubro, portanto, ser\u00e1 interessante para a &#8216;gera\u00e7\u00e3o EdF&#8217; reunir suas primeiras reflex\u00f5es para discutir e destacar os passos dados no compromisso de construir uma economia integral junto com uma nova ecologia&#8221;.<\/p>\n<p><em>Fonte: Vatican News<\/em><\/p>\n","protected":false},"excerpt":{"rendered":"<p>Economia de Francisco<\/p>\n","protected":false},"author":3,"featured_media":244699,"comment_status":"open","ping_status":"open","sticky":false,"template":"","format":"standard","meta":[],"categories":[1428],"tags":[1775],"acf":[],"yoast_head":"<!-- This site is optimized with the Yoast SEO plugin v19.2 - https:\/\/yoast.com\/wordpress\/plugins\/seo\/ -->\n<title>Economia de Francisco: o quarto encontro global em Assis \u00e9 em 6 de outubro - Not\u00edcias - Franciscanos<\/title>\n<meta name=\"robots\" content=\"index, follow, max-snippet:-1, max-image-preview:large, max-video-preview:-1\" \/>\n<link rel=\"canonical\" href=\"https:\/\/franciscanos.org.br\/noticias\/economia-de-francisco-o-quarto-encontro-global-em-assis-e-em-6-de-outubro.html\" \/>\n<meta property=\"og:locale\" content=\"pt_BR\" \/>\n<meta property=\"og:type\" content=\"article\" \/>\n<meta property=\"og:title\" content=\"Economia de Francisco: o quarto encontro global em Assis \u00e9 em 6 de outubro - Not\u00edcias - Franciscanos\" \/>\n<meta property=\"og:description\" content=\"Economia de Francisco\" \/>\n<meta property=\"og:url\" content=\"https:\/\/franciscanos.org.br\/noticias\/economia-de-francisco-o-quarto-encontro-global-em-assis-e-em-6-de-outubro.html\" \/>\n<meta property=\"og:site_name\" content=\"Not\u00edcias - Franciscanos\" \/>\n<meta property=\"article:published_time\" content=\"2023-09-12T12:58:31+00:00\" \/>\n<meta property=\"og:image\" content=\"https:\/\/franciscanos.org.br\/noticias\/wp-content\/uploads\/2023\/09\/papa_12.jpg\" \/>\n\t<meta property=\"og:image:width\" content=\"1200\" \/>\n\t<meta property=\"og:image:height\" content=\"675\" \/>\n\t<meta property=\"og:image:type\" content=\"image\/jpeg\" \/>\n<meta name=\"author\" content=\"moacir\" \/>\n<meta name=\"twitter:card\" content=\"summary_large_image\" \/>\n<meta name=\"twitter:label1\" content=\"Escrito por\" \/>\n\t<meta name=\"twitter:data1\" content=\"moacir\" \/>\n\t<meta name=\"twitter:label2\" content=\"Est. tempo de leitura\" \/>\n\t<meta name=\"twitter:data2\" content=\"3 minutos\" \/>\n<script type=\"application\/ld+json\" class=\"yoast-schema-graph\">{\"@context\":\"https:\/\/schema.org\",\"@graph\":[{\"@type\":\"WebSite\",\"@id\":\"https:\/\/franciscanos.org.br\/noticias\/#website\",\"url\":\"https:\/\/franciscanos.org.br\/noticias\/\",\"name\":\"Not\u00edcias - Franciscanos\",\"description\":\"Prov\u00edncia Franciscana da Imaculada Concei\u00e7\u00e3o do Brasil - Ordem dos Frades Menores - OFM\",\"potentialAction\":[{\"@type\":\"SearchAction\",\"target\":{\"@type\":\"EntryPoint\",\"urlTemplate\":\"https:\/\/franciscanos.org.br\/noticias\/?s={search_term_string}\"},\"query-input\":\"required name=search_term_string\"}],\"inLanguage\":\"pt-BR\"},{\"@type\":\"ImageObject\",\"inLanguage\":\"pt-BR\",\"@id\":\"https:\/\/franciscanos.org.br\/noticias\/economia-de-francisco-o-quarto-encontro-global-em-assis-e-em-6-de-outubro.html#primaryimage\",\"url\":\"https:\/\/franciscanos.org.br\/noticias\/wp-content\/uploads\/2023\/09\/papa_12.jpg\",\"contentUrl\":\"https:\/\/franciscanos.org.br\/noticias\/wp-content\/uploads\/2023\/09\/papa_12.jpg\",\"width\":1200,\"height\":675},{\"@type\":\"WebPage\",\"@id\":\"https:\/\/franciscanos.org.br\/noticias\/economia-de-francisco-o-quarto-encontro-global-em-assis-e-em-6-de-outubro.html#webpage\",\"url\":\"https:\/\/franciscanos.org.br\/noticias\/economia-de-francisco-o-quarto-encontro-global-em-assis-e-em-6-de-outubro.html\",\"name\":\"Economia de Francisco: o quarto encontro global em Assis \u00e9 em 6 de outubro - Not\u00edcias - Franciscanos\",\"isPartOf\":{\"@id\":\"https:\/\/franciscanos.org.br\/noticias\/#website\"},\"primaryImageOfPage\":{\"@id\":\"https:\/\/franciscanos.org.br\/noticias\/economia-de-francisco-o-quarto-encontro-global-em-assis-e-em-6-de-outubro.html#primaryimage\"},\"datePublished\":\"2023-09-12T12:58:31+00:00\",\"dateModified\":\"2023-09-12T12:58:31+00:00\",\"author\":{\"@id\":\"https:\/\/franciscanos.org.br\/noticias\/#\/schema\/person\/b5c8cba458c330ccff548b056e95a5d4\"},\"breadcrumb\":{\"@id\":\"https:\/\/franciscanos.org.br\/noticias\/economia-de-francisco-o-quarto-encontro-global-em-assis-e-em-6-de-outubro.html#breadcrumb\"},\"inLanguage\":\"pt-BR\",\"potentialAction\":[{\"@type\":\"ReadAction\",\"target\":[\"https:\/\/franciscanos.org.br\/noticias\/economia-de-francisco-o-quarto-encontro-global-em-assis-e-em-6-de-outubro.html\"]}]},{\"@type\":\"BreadcrumbList\",\"@id\":\"https:\/\/franciscanos.org.br\/noticias\/economia-de-francisco-o-quarto-encontro-global-em-assis-e-em-6-de-outubro.html#breadcrumb\",\"itemListElement\":[{\"@type\":\"ListItem\",\"position\":1,\"name\":\"Home\",\"item\":\"https:\/\/franciscanos.org.br\/noticias\"},{\"@type\":\"ListItem\",\"position\":2,\"name\":\"Economia de Francisco: o quarto encontro global em Assis \u00e9 em 6 de outubro\"}]},{\"@type\":\"Person\",\"@id\":\"https:\/\/franciscanos.org.br\/noticias\/#\/schema\/person\/b5c8cba458c330ccff548b056e95a5d4\",\"name\":\"moacir\",\"image\":{\"@type\":\"ImageObject\",\"inLanguage\":\"pt-BR\",\"@id\":\"https:\/\/franciscanos.org.br\/noticias\/#\/schema\/person\/image\/\",\"url\":\"https:\/\/secure.gravatar.com\/avatar\/d08aa2ce4c8dd416d4479aa8536fcf64?s=96&d=mm&r=g\",\"contentUrl\":\"https:\/\/secure.gravatar.com\/avatar\/d08aa2ce4c8dd416d4479aa8536fcf64?s=96&d=mm&r=g\",\"caption\":\"moacir\"},\"url\":\"https:\/\/franciscanos.org.br\/noticias\/author\/moacir\"}]}<\/script>\n<!-- \/ Yoast SEO plugin. -->","yoast_head_json":{"title":"Economia de Francisco: o quarto encontro global em Assis \u00e9 em 6 de outubro - Not\u00edcias - Franciscanos","robots":{"index":"index","follow":"follow","max-snippet":"max-snippet:-1","max-image-preview":"max-image-preview:large","max-video-preview":"max-video-preview:-1"},"canonical":"https:\/\/franciscanos.org.br\/noticias\/economia-de-francisco-o-quarto-encontro-global-em-assis-e-em-6-de-outubro.html","og_locale":"pt_BR","og_type":"article","og_title":"Economia de Francisco: o quarto encontro global em Assis \u00e9 em 6 de outubro - Not\u00edcias - Franciscanos","og_description":"Economia de Francisco","og_url":"https:\/\/franciscanos.org.br\/noticias\/economia-de-francisco-o-quarto-encontro-global-em-assis-e-em-6-de-outubro.html","og_site_name":"Not\u00edcias - Franciscanos","article_published_time":"2023-09-12T12:58:31+00:00","og_image":[{"width":1200,"height":675,"url":"https:\/\/franciscanos.org.br\/noticias\/wp-content\/uploads\/2023\/09\/papa_12.jpg","type":"image\/jpeg"}],"author":"moacir","twitter_card":"summary_large_image","twitter_misc":{"Escrito por":"moacir","Est. tempo de leitura":"3 minutos"},"schema":{"@context":"https:\/\/schema.org","@graph":[{"@type":"WebSite","@id":"https:\/\/franciscanos.org.br\/noticias\/#website","url":"https:\/\/franciscanos.org.br\/noticias\/","name":"Not\u00edcias - Franciscanos","description":"Prov\u00edncia Franciscana da Imaculada Concei\u00e7\u00e3o do Brasil - Ordem dos Frades Menores - OFM","potentialAction":[{"@type":"SearchAction","target":{"@type":"EntryPoint","urlTemplate":"https:\/\/franciscanos.org.br\/noticias\/?s={search_term_string}"},"query-input":"required name=search_term_string"}],"inLanguage":"pt-BR"},{"@type":"ImageObject","inLanguage":"pt-BR","@id":"https:\/\/franciscanos.org.br\/noticias\/economia-de-francisco-o-quarto-encontro-global-em-assis-e-em-6-de-outubro.html#primaryimage","url":"https:\/\/franciscanos.org.br\/noticias\/wp-content\/uploads\/2023\/09\/papa_12.jpg","contentUrl":"https:\/\/franciscanos.org.br\/noticias\/wp-content\/uploads\/2023\/09\/papa_12.jpg","width":1200,"height":675},{"@type":"WebPage","@id":"https:\/\/franciscanos.org.br\/noticias\/economia-de-francisco-o-quarto-encontro-global-em-assis-e-em-6-de-outubro.html#webpage","url":"https:\/\/franciscanos.org.br\/noticias\/economia-de-francisco-o-quarto-encontro-global-em-assis-e-em-6-de-outubro.html","name":"Economia de Francisco: o quarto encontro global em Assis \u00e9 em 6 de outubro - Not\u00edcias - Franciscanos","isPartOf":{"@id":"https:\/\/franciscanos.org.br\/noticias\/#website"},"primaryImageOfPage":{"@id":"https:\/\/franciscanos.org.br\/noticias\/economia-de-francisco-o-quarto-encontro-global-em-assis-e-em-6-de-outubro.html#primaryimage"},"datePublished":"2023-09-12T12:58:31+00:00","dateModified":"2023-09-12T12:58:31+00:00","author":{"@id":"https:\/\/franciscanos.org.br\/noticias\/#\/schema\/person\/b5c8cba458c330ccff548b056e95a5d4"},"breadcrumb":{"@id":"https:\/\/franciscanos.org.br\/noticias\/economia-de-francisco-o-quarto-encontro-global-em-assis-e-em-6-de-outubro.html#breadcrumb"},"inLanguage":"pt-BR","potentialAction":[{"@type":"ReadAction","target":["https:\/\/franciscanos.org.br\/noticias\/economia-de-francisco-o-quarto-encontro-global-em-assis-e-em-6-de-outubro.html"]}]},{"@type":"BreadcrumbList","@id":"https:\/\/franciscanos.org.br\/noticias\/economia-de-francisco-o-quarto-encontro-global-em-assis-e-em-6-de-outubro.html#breadcrumb","itemListElement":[{"@type":"ListItem","position":1,"name":"Home","item":"https:\/\/franciscanos.org.br\/noticias"},{"@type":"ListItem","position":2,"name":"Economia de Francisco: o quarto encontro global em Assis \u00e9 em 6 de outubro"}]},{"@type":"Person","@id":"https:\/\/franciscanos.org.br\/noticias\/#\/schema\/person\/b5c8cba458c330ccff548b056e95a5d4","name":"moacir","image":{"@type":"ImageObject","inLanguage":"pt-BR","@id":"https:\/\/franciscanos.org.br\/noticias\/#\/schema\/person\/image\/","url":"https:\/\/secure.gravatar.com\/avatar\/d08aa2ce4c8dd416d4479aa8536fcf64?s=96&d=mm&r=g","contentUrl":"https:\/\/secure.gravatar.com\/avatar\/d08aa2ce4c8dd416d4479aa8536fcf64?s=96&d=mm&r=g","caption":"moacir"},"url":"https:\/\/franciscanos.org.br\/noticias\/author\/moacir"}]}},"_links":{"self":[{"href":"https:\/\/franciscanos.org.br\/noticias\/wp-json\/wp\/v2\/posts\/244698"}],"collection":[{"href":"https:\/\/franciscanos.org.br\/noticias\/wp-json\/wp\/v2\/posts"}],"about":[{"href":"https:\/\/franciscanos.org.br\/noticias\/wp-json\/wp\/v2\/types\/post"}],"author":[{"embeddable":true,"href":"https:\/\/franciscanos.org.br\/noticias\/wp-json\/wp\/v2\/users\/3"}],"replies":[{"embeddable":true,"href":"https:\/\/franciscanos.org.br\/noticias\/wp-json\/wp\/v2\/comments?post=244698"}],"version-history":[{"count":1,"href":"https:\/\/franciscanos.org.br\/noticias\/wp-json\/wp\/v2\/posts\/244698\/revisions"}],"predecessor-version":[{"id":244700,"href":"https:\/\/franciscanos.org.br\/noticias\/wp-json\/wp\/v2\/posts\/244698\/revisions\/244700"}],"wp:featuredmedia":[{"embeddable":true,"href":"https:\/\/franciscanos.org.br\/noticias\/wp-json\/wp\/v2\/media\/244699"}],"wp:attachment":[{"href":"https:\/\/franciscanos.org.br\/noticias\/wp-json\/wp\/v2\/media?parent=244698"}],"wp:term":[{"taxonomy":"category","embeddable":true,"href":"https:\/\/franciscanos.org.br\/noticias\/wp-json\/wp\/v2\/categories?post=244698"},{"taxonomy":"post_tag","embeddable":true,"href":"https:\/\/franciscanos.org.br\/noticias\/wp-json\/wp\/v2\/tags?post=244698"}],"curies":[{"name":"wp","href":"https:\/\/api.w.org\/{rel}","templated":true}]}}