{"id":244674,"date":"2023-09-10T10:08:46","date_gmt":"2023-09-10T13:08:46","guid":{"rendered":"https:\/\/franciscanos.org.br\/noticias\/?p=244674"},"modified":"2025-03-10T15:44:46","modified_gmt":"2025-03-10T18:44:46","slug":"jovens-desfilam-evangelizando","status":"publish","type":"post","link":"https:\/\/franciscanos.org.br\/noticias\/jovens-desfilam-evangelizando.html","title":{"rendered":"Jovens desfilam evangelizando"},"content":{"rendered":"<p><img loading=\"lazy\" class=\"alignnone size-full wp-image-244675\" src=\"https:\/\/franciscanos.org.br\/noticias\/wp-content\/uploads\/2023\/09\/blumenau_10.jpg\" alt=\"\" width=\"1280\" height=\"721\" srcset=\"https:\/\/franciscanos.org.br\/noticias\/wp-content\/uploads\/2023\/09\/blumenau_10.jpg 1280w, https:\/\/franciscanos.org.br\/noticias\/wp-content\/uploads\/2023\/09\/blumenau_10-450x253.jpg 450w, https:\/\/franciscanos.org.br\/noticias\/wp-content\/uploads\/2023\/09\/blumenau_10-1024x577.jpg 1024w, https:\/\/franciscanos.org.br\/noticias\/wp-content\/uploads\/2023\/09\/blumenau_10-768x433.jpg 768w, https:\/\/franciscanos.org.br\/noticias\/wp-content\/uploads\/2023\/09\/blumenau_10-150x84.jpg 150w\" sizes=\"(max-width: 1280px) 100vw, 1280px\" \/><\/p>\n<p>No dia 07 de setembro de 2023, a JUFRA Filhos de Maria, do Santu\u00e1rio Nossa Senhora Aparecida, em Blumenau (SC) participou do desfile c\u00edvico na cidade de Blumenau, junto com outros grupos de jovens cat\u00f3licos, testemunhando a f\u00e9, destacando o valor da ora\u00e7\u00e3o e da alegria de ser presen\u00e7a na vida da igreja. Mais de 150 jovens sa\u00edram em miss\u00e3o, acompanhados de um sacerdote e um di\u00e1cono.<\/p>\n<p>A participa\u00e7\u00e3o no desfile teve como objetivo: a evangeliza\u00e7\u00e3o. Motivar mais jovens ao discernimento da vida crist\u00e3, da participa\u00e7\u00e3o nos encontros de jovens, na busca de viver o Evangelho de Nosso Senhor Jesus Cristo no jeito de S\u00e3o Franciso de Assis, ser na comunidade participantes nas demais pastorais e movimentos. Durante o percurso foi realizado momentos de ora\u00e7\u00e3o e coreografias, dan\u00e7as, para mostrar a devo\u00e7\u00e3o a Nossa Senhora, tamb\u00e9m, a energia e alegria da juventude cat\u00f3lica!<\/p>\n<p><img loading=\"lazy\" class=\"alignnone size-full wp-image-244676\" src=\"https:\/\/franciscanos.org.br\/noticias\/wp-content\/uploads\/2023\/09\/blumenau_1002.jpg\" alt=\"\" width=\"980\" height=\"472\" srcset=\"https:\/\/franciscanos.org.br\/noticias\/wp-content\/uploads\/2023\/09\/blumenau_1002.jpg 980w, https:\/\/franciscanos.org.br\/noticias\/wp-content\/uploads\/2023\/09\/blumenau_1002-450x217.jpg 450w, https:\/\/franciscanos.org.br\/noticias\/wp-content\/uploads\/2023\/09\/blumenau_1002-768x370.jpg 768w, https:\/\/franciscanos.org.br\/noticias\/wp-content\/uploads\/2023\/09\/blumenau_1002-150x72.jpg 150w\" sizes=\"(max-width: 980px) 100vw, 980px\" \/><\/p>\n<p>O Grupo de jovens JUFRA se re\u00fane todos os primeiros domingos do m\u00eas, \u00e0s 16h, no Santu\u00e1rio Nossa Senhora Aparecida para encontro de forma\u00e7\u00e3o e entretenimentos. \u00c0s 19h, participam e animam a Missa junto com a comunidade chamada de Missa da Juventude.<\/p>\n<p>A JUFRA se tornou um referencial de Grupo de Jovens na nossa Diocese, pela espiritualidade, envolvimento com a comunidade e a\u00e7\u00f5es de solidariedade.<\/p>\n<hr \/>\n<h3>GRUPO DE JOVENS: COMANDO JOVEM<\/h3>\n<p><img loading=\"lazy\" class=\"alignright wp-image-244677\" src=\"https:\/\/franciscanos.org.br\/noticias\/wp-content\/uploads\/2023\/09\/blumenau_03.jpg\" alt=\"\" width=\"387\" height=\"387\" srcset=\"https:\/\/franciscanos.org.br\/noticias\/wp-content\/uploads\/2023\/09\/blumenau_03.jpg 700w, https:\/\/franciscanos.org.br\/noticias\/wp-content\/uploads\/2023\/09\/blumenau_03-450x450.jpg 450w, https:\/\/franciscanos.org.br\/noticias\/wp-content\/uploads\/2023\/09\/blumenau_03-300x300.jpg 300w, https:\/\/franciscanos.org.br\/noticias\/wp-content\/uploads\/2023\/09\/blumenau_03-150x150.jpg 150w, https:\/\/franciscanos.org.br\/noticias\/wp-content\/uploads\/2023\/09\/blumenau_03-100x100.jpg 100w\" sizes=\"(max-width: 387px) 100vw, 387px\" \/>O Santu\u00e1rio Nossa Senhora Aparecida de Blumenau tem dois Grupos de Jovens: Juventude Franciscana (JUFRA) e Comando Jovem da comunidade S\u00e3o Jos\u00e9.<\/p>\n<p>Em alguns momentos os dois grupos se unem para encontros e servi\u00e7os na par\u00f3quia e nas comunidades.<\/p>\n<p>Nos dias 25, 26 e 27 de agosto aconteceu o segundo Encontro de Forma\u00e7\u00e3o de Jovens, com mais de 50 participantes de 13 a 17 anos. S\u00e3o jovens que est\u00e3o<br \/>\nbuscando se inserir no Grupo de Jovens, com o objetivo de fortalecer a espiritualidade, a supera\u00e7\u00e3o dos desvalores do mundo, dos v\u00edcios e, sobretudo, revigorar o Sentido da Vida.<\/p>\n<p>A Missa de encerramento aconteceu na comunidade S\u00e3o Jos\u00e9 com a presen\u00e7a dos familiares e amigos. Momento muito rico de renova\u00e7\u00e3o do sentimento de perten\u00e7a \u00e0 fam\u00edlia, aos valores crist\u00e3o e \u00e0 Igreja.<\/p>\n<p>A juventude quando acolhida, participa e se integra no Grupo de Jovens e na Igreja. Ela quer participar tendo o seu espa\u00e7o e apoio nas suas formas de<br \/>\ncelebrar a f\u00e9, a vida e a partilha.<\/p>\n<p>Nosso apoio aos jovens quer leva-los tamb\u00e9m, ao despertar vocacional.<\/p>\n<p>Que Nossa Senhora Aparecida nos ajude a despertar em nossos jovens o seguimento de Jesus Cristo, o amor \u00e0 Maria e santas voca\u00e7\u00f5es para a Igreja e<br \/>\npara o mundo. Paz e bem!<\/p>\n<hr \/>\n<p><em>Frei Nelson Hillesheim, p\u00e1roco<\/em><\/p>\n","protected":false},"excerpt":{"rendered":"<p>Juventudes<\/p>\n","protected":false},"author":3,"featured_media":244675,"comment_status":"open","ping_status":"open","sticky":false,"template":"","format":"standard","meta":[],"categories":[1],"tags":[187,2056],"acf":[],"yoast_head":"<!-- This site is optimized with the Yoast SEO plugin v19.2 - https:\/\/yoast.com\/wordpress\/plugins\/seo\/ -->\n<title>Jovens desfilam evangelizando - Not\u00edcias - Franciscanos<\/title>\n<meta name=\"robots\" content=\"index, follow, max-snippet:-1, max-image-preview:large, max-video-preview:-1\" \/>\n<link rel=\"canonical\" href=\"https:\/\/franciscanos.org.br\/noticias\/jovens-desfilam-evangelizando.html\" \/>\n<meta property=\"og:locale\" content=\"pt_BR\" \/>\n<meta property=\"og:type\" content=\"article\" \/>\n<meta property=\"og:title\" content=\"Jovens desfilam evangelizando - Not\u00edcias - Franciscanos\" \/>\n<meta property=\"og:description\" content=\"Juventudes\" \/>\n<meta property=\"og:url\" content=\"https:\/\/franciscanos.org.br\/noticias\/jovens-desfilam-evangelizando.html\" \/>\n<meta property=\"og:site_name\" content=\"Not\u00edcias - Franciscanos\" \/>\n<meta property=\"article:published_time\" content=\"2023-09-10T13:08:46+00:00\" \/>\n<meta property=\"article:modified_time\" content=\"2025-03-10T18:44:46+00:00\" \/>\n<meta property=\"og:image\" content=\"https:\/\/franciscanos.org.br\/noticias\/wp-content\/uploads\/2023\/09\/blumenau_10.jpg\" \/>\n\t<meta property=\"og:image:width\" content=\"1280\" \/>\n\t<meta property=\"og:image:height\" content=\"721\" \/>\n\t<meta property=\"og:image:type\" content=\"image\/jpeg\" \/>\n<meta name=\"author\" content=\"moacir\" \/>\n<meta name=\"twitter:card\" content=\"summary_large_image\" \/>\n<meta name=\"twitter:label1\" content=\"Escrito por\" \/>\n\t<meta name=\"twitter:data1\" content=\"moacir\" \/>\n\t<meta name=\"twitter:label2\" content=\"Est. tempo de leitura\" \/>\n\t<meta name=\"twitter:data2\" content=\"2 minutos\" \/>\n<script type=\"application\/ld+json\" class=\"yoast-schema-graph\">{\"@context\":\"https:\/\/schema.org\",\"@graph\":[{\"@type\":\"WebSite\",\"@id\":\"https:\/\/franciscanos.org.br\/noticias\/#website\",\"url\":\"https:\/\/franciscanos.org.br\/noticias\/\",\"name\":\"Not\u00edcias - Franciscanos\",\"description\":\"Prov\u00edncia Franciscana da Imaculada Concei\u00e7\u00e3o do Brasil - Ordem dos Frades Menores - OFM\",\"potentialAction\":[{\"@type\":\"SearchAction\",\"target\":{\"@type\":\"EntryPoint\",\"urlTemplate\":\"https:\/\/franciscanos.org.br\/noticias\/?s={search_term_string}\"},\"query-input\":\"required name=search_term_string\"}],\"inLanguage\":\"pt-BR\"},{\"@type\":\"ImageObject\",\"inLanguage\":\"pt-BR\",\"@id\":\"https:\/\/franciscanos.org.br\/noticias\/jovens-desfilam-evangelizando.html#primaryimage\",\"url\":\"https:\/\/franciscanos.org.br\/noticias\/wp-content\/uploads\/2023\/09\/blumenau_10.jpg\",\"contentUrl\":\"https:\/\/franciscanos.org.br\/noticias\/wp-content\/uploads\/2023\/09\/blumenau_10.jpg\",\"width\":1280,\"height\":721},{\"@type\":\"WebPage\",\"@id\":\"https:\/\/franciscanos.org.br\/noticias\/jovens-desfilam-evangelizando.html#webpage\",\"url\":\"https:\/\/franciscanos.org.br\/noticias\/jovens-desfilam-evangelizando.html\",\"name\":\"Jovens desfilam evangelizando - Not\u00edcias - Franciscanos\",\"isPartOf\":{\"@id\":\"https:\/\/franciscanos.org.br\/noticias\/#website\"},\"primaryImageOfPage\":{\"@id\":\"https:\/\/franciscanos.org.br\/noticias\/jovens-desfilam-evangelizando.html#primaryimage\"},\"datePublished\":\"2023-09-10T13:08:46+00:00\",\"dateModified\":\"2025-03-10T18:44:46+00:00\",\"author\":{\"@id\":\"https:\/\/franciscanos.org.br\/noticias\/#\/schema\/person\/b5c8cba458c330ccff548b056e95a5d4\"},\"breadcrumb\":{\"@id\":\"https:\/\/franciscanos.org.br\/noticias\/jovens-desfilam-evangelizando.html#breadcrumb\"},\"inLanguage\":\"pt-BR\",\"potentialAction\":[{\"@type\":\"ReadAction\",\"target\":[\"https:\/\/franciscanos.org.br\/noticias\/jovens-desfilam-evangelizando.html\"]}]},{\"@type\":\"BreadcrumbList\",\"@id\":\"https:\/\/franciscanos.org.br\/noticias\/jovens-desfilam-evangelizando.html#breadcrumb\",\"itemListElement\":[{\"@type\":\"ListItem\",\"position\":1,\"name\":\"Home\",\"item\":\"https:\/\/franciscanos.org.br\/noticias\"},{\"@type\":\"ListItem\",\"position\":2,\"name\":\"Jovens desfilam evangelizando\"}]},{\"@type\":\"Person\",\"@id\":\"https:\/\/franciscanos.org.br\/noticias\/#\/schema\/person\/b5c8cba458c330ccff548b056e95a5d4\",\"name\":\"moacir\",\"image\":{\"@type\":\"ImageObject\",\"inLanguage\":\"pt-BR\",\"@id\":\"https:\/\/franciscanos.org.br\/noticias\/#\/schema\/person\/image\/\",\"url\":\"https:\/\/secure.gravatar.com\/avatar\/d08aa2ce4c8dd416d4479aa8536fcf64?s=96&d=mm&r=g\",\"contentUrl\":\"https:\/\/secure.gravatar.com\/avatar\/d08aa2ce4c8dd416d4479aa8536fcf64?s=96&d=mm&r=g\",\"caption\":\"moacir\"},\"url\":\"https:\/\/franciscanos.org.br\/noticias\/author\/moacir\"}]}<\/script>\n<!-- \/ Yoast SEO plugin. -->","yoast_head_json":{"title":"Jovens desfilam evangelizando - Not\u00edcias - Franciscanos","robots":{"index":"index","follow":"follow","max-snippet":"max-snippet:-1","max-image-preview":"max-image-preview:large","max-video-preview":"max-video-preview:-1"},"canonical":"https:\/\/franciscanos.org.br\/noticias\/jovens-desfilam-evangelizando.html","og_locale":"pt_BR","og_type":"article","og_title":"Jovens desfilam evangelizando - Not\u00edcias - Franciscanos","og_description":"Juventudes","og_url":"https:\/\/franciscanos.org.br\/noticias\/jovens-desfilam-evangelizando.html","og_site_name":"Not\u00edcias - Franciscanos","article_published_time":"2023-09-10T13:08:46+00:00","article_modified_time":"2025-03-10T18:44:46+00:00","og_image":[{"width":1280,"height":721,"url":"https:\/\/franciscanos.org.br\/noticias\/wp-content\/uploads\/2023\/09\/blumenau_10.jpg","type":"image\/jpeg"}],"author":"moacir","twitter_card":"summary_large_image","twitter_misc":{"Escrito por":"moacir","Est. tempo de leitura":"2 minutos"},"schema":{"@context":"https:\/\/schema.org","@graph":[{"@type":"WebSite","@id":"https:\/\/franciscanos.org.br\/noticias\/#website","url":"https:\/\/franciscanos.org.br\/noticias\/","name":"Not\u00edcias - Franciscanos","description":"Prov\u00edncia Franciscana da Imaculada Concei\u00e7\u00e3o do Brasil - Ordem dos Frades Menores - OFM","potentialAction":[{"@type":"SearchAction","target":{"@type":"EntryPoint","urlTemplate":"https:\/\/franciscanos.org.br\/noticias\/?s={search_term_string}"},"query-input":"required name=search_term_string"}],"inLanguage":"pt-BR"},{"@type":"ImageObject","inLanguage":"pt-BR","@id":"https:\/\/franciscanos.org.br\/noticias\/jovens-desfilam-evangelizando.html#primaryimage","url":"https:\/\/franciscanos.org.br\/noticias\/wp-content\/uploads\/2023\/09\/blumenau_10.jpg","contentUrl":"https:\/\/franciscanos.org.br\/noticias\/wp-content\/uploads\/2023\/09\/blumenau_10.jpg","width":1280,"height":721},{"@type":"WebPage","@id":"https:\/\/franciscanos.org.br\/noticias\/jovens-desfilam-evangelizando.html#webpage","url":"https:\/\/franciscanos.org.br\/noticias\/jovens-desfilam-evangelizando.html","name":"Jovens desfilam evangelizando - Not\u00edcias - Franciscanos","isPartOf":{"@id":"https:\/\/franciscanos.org.br\/noticias\/#website"},"primaryImageOfPage":{"@id":"https:\/\/franciscanos.org.br\/noticias\/jovens-desfilam-evangelizando.html#primaryimage"},"datePublished":"2023-09-10T13:08:46+00:00","dateModified":"2025-03-10T18:44:46+00:00","author":{"@id":"https:\/\/franciscanos.org.br\/noticias\/#\/schema\/person\/b5c8cba458c330ccff548b056e95a5d4"},"breadcrumb":{"@id":"https:\/\/franciscanos.org.br\/noticias\/jovens-desfilam-evangelizando.html#breadcrumb"},"inLanguage":"pt-BR","potentialAction":[{"@type":"ReadAction","target":["https:\/\/franciscanos.org.br\/noticias\/jovens-desfilam-evangelizando.html"]}]},{"@type":"BreadcrumbList","@id":"https:\/\/franciscanos.org.br\/noticias\/jovens-desfilam-evangelizando.html#breadcrumb","itemListElement":[{"@type":"ListItem","position":1,"name":"Home","item":"https:\/\/franciscanos.org.br\/noticias"},{"@type":"ListItem","position":2,"name":"Jovens desfilam evangelizando"}]},{"@type":"Person","@id":"https:\/\/franciscanos.org.br\/noticias\/#\/schema\/person\/b5c8cba458c330ccff548b056e95a5d4","name":"moacir","image":{"@type":"ImageObject","inLanguage":"pt-BR","@id":"https:\/\/franciscanos.org.br\/noticias\/#\/schema\/person\/image\/","url":"https:\/\/secure.gravatar.com\/avatar\/d08aa2ce4c8dd416d4479aa8536fcf64?s=96&d=mm&r=g","contentUrl":"https:\/\/secure.gravatar.com\/avatar\/d08aa2ce4c8dd416d4479aa8536fcf64?s=96&d=mm&r=g","caption":"moacir"},"url":"https:\/\/franciscanos.org.br\/noticias\/author\/moacir"}]}},"_links":{"self":[{"href":"https:\/\/franciscanos.org.br\/noticias\/wp-json\/wp\/v2\/posts\/244674"}],"collection":[{"href":"https:\/\/franciscanos.org.br\/noticias\/wp-json\/wp\/v2\/posts"}],"about":[{"href":"https:\/\/franciscanos.org.br\/noticias\/wp-json\/wp\/v2\/types\/post"}],"author":[{"embeddable":true,"href":"https:\/\/franciscanos.org.br\/noticias\/wp-json\/wp\/v2\/users\/3"}],"replies":[{"embeddable":true,"href":"https:\/\/franciscanos.org.br\/noticias\/wp-json\/wp\/v2\/comments?post=244674"}],"version-history":[{"count":1,"href":"https:\/\/franciscanos.org.br\/noticias\/wp-json\/wp\/v2\/posts\/244674\/revisions"}],"predecessor-version":[{"id":244678,"href":"https:\/\/franciscanos.org.br\/noticias\/wp-json\/wp\/v2\/posts\/244674\/revisions\/244678"}],"wp:featuredmedia":[{"embeddable":true,"href":"https:\/\/franciscanos.org.br\/noticias\/wp-json\/wp\/v2\/media\/244675"}],"wp:attachment":[{"href":"https:\/\/franciscanos.org.br\/noticias\/wp-json\/wp\/v2\/media?parent=244674"}],"wp:term":[{"taxonomy":"category","embeddable":true,"href":"https:\/\/franciscanos.org.br\/noticias\/wp-json\/wp\/v2\/categories?post=244674"},{"taxonomy":"post_tag","embeddable":true,"href":"https:\/\/franciscanos.org.br\/noticias\/wp-json\/wp\/v2\/tags?post=244674"}],"curies":[{"name":"wp","href":"https:\/\/api.w.org\/{rel}","templated":true}]}}