{"id":244667,"date":"2023-09-10T09:50:00","date_gmt":"2023-09-10T12:50:00","guid":{"rendered":"https:\/\/franciscanos.org.br\/noticias\/?p=244667"},"modified":"2023-09-18T09:31:10","modified_gmt":"2023-09-18T12:31:10","slug":"grito-dos-excluidos-em-colatina-denuncia-a-dura-realidade-da-comunidade-maria-ortiz-da-paroquia-santa-clara","status":"publish","type":"post","link":"https:\/\/franciscanos.org.br\/noticias\/grito-dos-excluidos-em-colatina-denuncia-a-dura-realidade-da-comunidade-maria-ortiz-da-paroquia-santa-clara.html","title":{"rendered":"Grito dos Exclu\u00eddos em Colatina denuncia a dura realidade da Comunidade Maria Ortiz, da Par\u00f3quia Santa Clara"},"content":{"rendered":"<p><img loading=\"lazy\" class=\"alignnone size-full wp-image-244668\" src=\"https:\/\/franciscanos.org.br\/noticias\/wp-content\/uploads\/2023\/09\/grito_10.jpg\" alt=\"\" width=\"1280\" height=\"720\" srcset=\"https:\/\/franciscanos.org.br\/noticias\/wp-content\/uploads\/2023\/09\/grito_10.jpg 1280w, https:\/\/franciscanos.org.br\/noticias\/wp-content\/uploads\/2023\/09\/grito_10-450x253.jpg 450w, https:\/\/franciscanos.org.br\/noticias\/wp-content\/uploads\/2023\/09\/grito_10-1024x576.jpg 1024w, https:\/\/franciscanos.org.br\/noticias\/wp-content\/uploads\/2023\/09\/grito_10-768x432.jpg 768w, https:\/\/franciscanos.org.br\/noticias\/wp-content\/uploads\/2023\/09\/grito_10-150x84.jpg 150w\" sizes=\"(max-width: 1280px) 100vw, 1280px\" \/><\/p>\n<p><strong>\u00a0<\/strong><strong>Colatina (ES) &#8211; <\/strong>Este 7 de setembro, Dia da Independ\u00eancia do Brasil, foi marcado pela retomada do Grito dos Exclu\u00eddos e Exclu\u00eddas na Diocese de Colatina. Cerca de 120 pessoas sa\u00edram do centro de Colatina rumo \u00e0 comunidade Maria Ortiz, pertencente \u00e0 Par\u00f3quia Santa Clara, que fica no distrito de Baunilha. Fi\u00e9is e frades da Par\u00f3quia Santa Clara fizeram-se presentes e contribu\u00edram com a organiza\u00e7\u00e3o e condu\u00e7\u00e3o do evento.<\/p>\n<p>No local, os participantes constataram uma realidade desafiadora. A pequena vila de pescadores, que fica a 23 quil\u00f4metros do centro, aguardava ansiosa a chegada do grupo e, durante o ato, expuseram sua situa\u00e7\u00e3o de completo abandono. O local fica \u00e0s margens do Rio Doce e da linha f\u00e9rrea. Ap\u00f3s o rompimento da barragem com rejeitos de min\u00e9rio, em Mariana (MG), os ribeirinhos e pescadores locais tiveram sua principal fonte de subsist\u00eancia interrompida, gerando graves problemas sociais e emocionais que persistem at\u00e9 hoje, quase nove anos depois desse crime ambiental.<\/p>\n<p>\u201cFizemos o movimento inverso: sa\u00edmos do centro em dire\u00e7\u00e3o \u00e0 periferia, \u00e0 minoria para perceber a realidade de um povo esquecido e invis\u00edvel aos olhos da sociedade. Contemplamos a situa\u00e7\u00e3o com nossos pr\u00f3prios olhos e deixamos que aquela comunidade \u2018gritasse\u2019 as suas dores e ang\u00fastias\u201d, relatou o coordenador diocesano da A\u00e7\u00e3o Evangelizadora, padre Marinaldo Serafim.<\/p>\n<p><img loading=\"lazy\" class=\"alignnone size-full wp-image-244669\" src=\"https:\/\/franciscanos.org.br\/noticias\/wp-content\/uploads\/2023\/09\/grito_1004.jpg\" alt=\"\" width=\"1280\" height=\"780\" srcset=\"https:\/\/franciscanos.org.br\/noticias\/wp-content\/uploads\/2023\/09\/grito_1004.jpg 1280w, https:\/\/franciscanos.org.br\/noticias\/wp-content\/uploads\/2023\/09\/grito_1004-450x274.jpg 450w, https:\/\/franciscanos.org.br\/noticias\/wp-content\/uploads\/2023\/09\/grito_1004-1024x624.jpg 1024w, https:\/\/franciscanos.org.br\/noticias\/wp-content\/uploads\/2023\/09\/grito_1004-768x468.jpg 768w, https:\/\/franciscanos.org.br\/noticias\/wp-content\/uploads\/2023\/09\/grito_1004-150x91.jpg 150w\" sizes=\"(max-width: 1280px) 100vw, 1280px\" \/><\/p>\n<p>O bispo diocesano de Colatina, Dom Lauro S\u00e9rgio Versiani Barbosa, ficou indignado com o que encontrou em Maria Ortiz: uma comunidade fragilizada e que teve sua identidade religiosa comprometida por n\u00e3o poder acessar os templos locais. \u201cAs capelas foram interditadas. Precisamos agir r\u00e1pido para melhorar a realidade desse povo sofrido\u201d, disse dom Lauro.<\/p>\n<p>Segundo Genivaldo Lievore, membro da Comiss\u00e3o Justi\u00e7a e Paz da Diocese de Colatina, h\u00e1 duas igrejinhas na comunidade. Uma delas \u00e9 hist\u00f3rica, tendo sido constru\u00edda em 1916 e dedicada a Nossa Senhora da Cabe\u00e7a, cujos devotos a ela recorrem para a cura de doen\u00e7as da cabe\u00e7a, como tumores e depress\u00e3o.<\/p>\n<p>Genivaldo explicou que o acesso a essa capela foi isolado em 2006 por uma muralha de blocos de granito, toras de madeira e a linha do trem, em decorr\u00eancia da abertura do Porto Seco de Colatina. Trata-se da \u00fanica igreja capixaba dedicada a Nossa Senhora da Cabe\u00e7a e que padece pelo abandono em meio ao mato e \u00e0 intensa atividade empresarial de transporte de cargas. Com isso, um im\u00f3vel localizado \u00e0s margens do Rio Doce foi adaptado, em 2008, para que pudesse ser usado como templo. Mas a reforma realizada neste im\u00f3vel comprometeu a estrutura da constru\u00e7\u00e3o e por isso foi interditada pela Defesa Civil, h\u00e1 mais de dez anos.<\/p>\n<p><img loading=\"lazy\" class=\"alignnone size-full wp-image-244670\" src=\"https:\/\/franciscanos.org.br\/noticias\/wp-content\/uploads\/2023\/09\/grito_1003.jpg\" alt=\"\" width=\"1280\" height=\"800\" srcset=\"https:\/\/franciscanos.org.br\/noticias\/wp-content\/uploads\/2023\/09\/grito_1003.jpg 1280w, https:\/\/franciscanos.org.br\/noticias\/wp-content\/uploads\/2023\/09\/grito_1003-450x281.jpg 450w, https:\/\/franciscanos.org.br\/noticias\/wp-content\/uploads\/2023\/09\/grito_1003-1024x640.jpg 1024w, https:\/\/franciscanos.org.br\/noticias\/wp-content\/uploads\/2023\/09\/grito_1003-768x480.jpg 768w, https:\/\/franciscanos.org.br\/noticias\/wp-content\/uploads\/2023\/09\/grito_1003-150x94.jpg 150w\" sizes=\"(max-width: 1280px) 100vw, 1280px\" \/><\/p>\n<p><strong>A\u00c7\u00d5ES IMEDIATAS<\/strong><\/p>\n<p>Diante dessa situa\u00e7\u00e3o, os moradores manifestaram abertamente sua indigna\u00e7\u00e3o ao bispo de Colatina que, junto \u00e0 Comiss\u00e3o Justi\u00e7a de Paz, tomou duas decis\u00f5es que ser\u00e3o aplicadas o quanto antes: solicitar uma an\u00e1lise de engenharia estrutural do templo novo, seguida da obra necess\u00e1ria para sua recupera\u00e7\u00e3o; e buscar o di\u00e1logo com as empresas e os propriet\u00e1rios do entorno para dar condi\u00e7\u00f5es de acesso \u00e0 capela hist\u00f3rica. \u201cNesse momento, n\u00e3o devemos apontar culpados, mas procurar as melhores e mais r\u00e1pidas solu\u00e7\u00f5es para esse caso\u201d, informou Genivaldo.<\/p>\n<p><strong>CELEBRA\u00c7\u00c3O ECUM\u00caNICA<\/strong><\/p>\n<p>Sem acesso aos templos, o grupo de participantes do Grito dos Exclu\u00eddos, entre idosos, crian\u00e7as, jovens, religiosas, religiosos, padres, pastores e lideran\u00e7as civis e de movimentos sociais, participaram de uma celebra\u00e7\u00e3o ecum\u00eanica ao ar livre. Al\u00e9m de membros da comunidade, tamb\u00e9m tomaram a palavra o bispo diocesano, dom Lauro S\u00e9rgio, e os pastores das Igrejas Presbiteriana e Luterana presentes. \u201cTodas as falas apontaram para a mesma dire\u00e7\u00e3o e expressaram a mesma ang\u00fastia e indigna\u00e7\u00e3o\u201d, observou padre Marinaldo.<\/p>\n<p><img loading=\"lazy\" class=\"alignnone size-full wp-image-244672\" src=\"https:\/\/franciscanos.org.br\/noticias\/wp-content\/uploads\/2023\/09\/grito_1005.jpg\" alt=\"\" width=\"1280\" height=\"960\" srcset=\"https:\/\/franciscanos.org.br\/noticias\/wp-content\/uploads\/2023\/09\/grito_1005.jpg 1280w, https:\/\/franciscanos.org.br\/noticias\/wp-content\/uploads\/2023\/09\/grito_1005-450x338.jpg 450w, https:\/\/franciscanos.org.br\/noticias\/wp-content\/uploads\/2023\/09\/grito_1005-1024x768.jpg 1024w, https:\/\/franciscanos.org.br\/noticias\/wp-content\/uploads\/2023\/09\/grito_1005-768x576.jpg 768w, https:\/\/franciscanos.org.br\/noticias\/wp-content\/uploads\/2023\/09\/grito_1005-150x113.jpg 150w, https:\/\/franciscanos.org.br\/noticias\/wp-content\/uploads\/2023\/09\/grito_1005-600x450.jpg 600w\" sizes=\"(max-width: 1280px) 100vw, 1280px\" \/><\/p>\n<p>\u201cN\u00f3s temos que dar voz aos que n\u00e3o tem voz. A Comunidade de Maria Ortiz precisa ser ouvida. N\u00e3o s\u00f3 est\u00e1, mas toda a voz dos pobres, dos sofredores. As alegrias, e as esperan\u00e7as, as tristeza e as ang\u00fastias dos homens e das mulheres de hoje, sobretudo dos pobres s\u00e3o tamb\u00e9m as alegrias e as esperan\u00e7as, as tristezas e as ang\u00fastias dos disc\u00edpulos de Jesus Cristo\u201d, disse Dom Lauro, citando o Documenta da Igreja, <em>Gaudium et spes. <\/em>\u201cSe as alegrias e tristezas dos homens e mulheres de hoje n\u00e3o s\u00e3o nossas, n\u00f3s n\u00e3o somos disc\u00edpulos de Jesus Cristo\u201d, alertou.<\/p>\n<p>Segundo Dom Lauro, o Grito dos Exclu\u00eddos que j\u00e1 chega em sua 29\u00aa edi\u00e7\u00e3o, \u00e9 uma decorr\u00eancia da f\u00e9 crist\u00e3 em Jesus Cristo, do mist\u00e9rio pascal, do Filho de Deus que veio a este mundo e assumiu sua realidade humana para resgatar, para dar vida e vida em abund\u00e2ncia.<\/p>\n<p>\u201c\u00c9 importante que n\u00f3s tenhamos um espa\u00e7o para sermos uma casa da palavra, casa do p\u00e3o, casa da a\u00e7\u00e3o mission\u00e1ria, da caridade. Vamos sair da superficialidade e lan\u00e7ar as redes em nossa vida, buscando algo mais profundo, mais consistente. Este \u00e9 um trabalho sinodal, caminhando juntos. \u00c9 o que o Papa Francisco nos prop\u00f5e\u201d, afirmou dom Lauro!<\/p>\n<p>A comunidade de Maria Ortiz ficou satisfeita com a presen\u00e7a de tantas lideran\u00e7as e pessoas de boa vontade, o que reavivou a esperan\u00e7a de que a vida pode melhorar na regi\u00e3o. \u201cVamos lutar e acompanhar de perto essa situa\u00e7\u00e3o, envolvendo n\u00e3o apenas a Diocese de Colatina, como tamb\u00e9m as nossas Igrejas irm\u00e3s e todos os \u00f3rg\u00e3os competentes para mudarmos esse quadro\u201d, enfatizou padre Marinaldo.<\/p>\n<p><img loading=\"lazy\" class=\"alignnone size-full wp-image-244671\" src=\"https:\/\/franciscanos.org.br\/noticias\/wp-content\/uploads\/2023\/09\/grito_1002.jpg\" alt=\"\" width=\"1280\" height=\"686\" srcset=\"https:\/\/franciscanos.org.br\/noticias\/wp-content\/uploads\/2023\/09\/grito_1002.jpg 1280w, https:\/\/franciscanos.org.br\/noticias\/wp-content\/uploads\/2023\/09\/grito_1002-450x241.jpg 450w, https:\/\/franciscanos.org.br\/noticias\/wp-content\/uploads\/2023\/09\/grito_1002-1024x549.jpg 1024w, https:\/\/franciscanos.org.br\/noticias\/wp-content\/uploads\/2023\/09\/grito_1002-768x412.jpg 768w, https:\/\/franciscanos.org.br\/noticias\/wp-content\/uploads\/2023\/09\/grito_1002-150x80.jpg 150w\" sizes=\"(max-width: 1280px) 100vw, 1280px\" \/><\/p>\n<p><strong>VOC\u00ca TEM SEDE E FOME DE QU\u00ca?<\/strong><\/p>\n<p>No final do evento, o poeta Ledesmar Jose Walger, proferiu uma carta que fez especialmente para o evento. Leia na \u00edntegra:<\/p>\n<p><em>Ouviram do Ipiranga as margens pl\u00e1cidas. Vivemos em um pa\u00eds sem ordem, sem progresso e sem gra\u00e7a. Onde tem pobres morando nas ruas e pra\u00e7as. Em Colatina temos lugares, raiz. Um deles \u00e9 o vilarejo de Maria Ortiz. Que sofre por ver a comunidade infeliz! O grito \u00e9 pela justi\u00e7a, \u00e9 a voz do povo que diz! O trem da Vale que corre veloz, com o barulho que faz, em casa n\u00e3o se ouve nossa voz. Vidas ceifadas nos trilhos malditos, ser\u00e1 que ningu\u00e9m pode ouvir nossos gritos? Vida em primeiro lugar para o povo que tem fome! Voc\u00ea tem sede e fome de qu\u00ea? Fome de respeito e igualdade, sede de trabalho e justi\u00e7a, fome de direito de viver! Sede de ver as \u00e1guas do Rio Doce limpas para beber, de ver nelas a vida renascer! Temos direitos a ter saneamento b\u00e1sico, sa\u00fade e lazer. E entusiasmados podermos cantar o nosso hino, quando o dia da Paz renascer! Um grito pela fome do pescador que amanhece no leito do rio e volta para casa sem peixes com o cesto vazio. <\/em><\/p>\n<p><em>\u00a0<\/em><em>Era 5 de novembro, 15h, um estrondo, um grito de morte pairava no ar. Iniciava a morte do Rio Doce com destino \u00e0 Reg\u00eancia ao encontro do mar. Em Mariana, pessoas morriam na lama da barragem. Onde est\u00e1 a justi\u00e7a? Que a ningu\u00e9m conseguiu prender, nem da Vale, nem da BHP! Um grito pela Paz se faz necess\u00e1rio. Ent\u00e3o gritemos, mesmo n\u00e3o sendo fariseus, rezemos o nosso grito aqui nesta pra\u00e7a, para escutarem nossa voz que ecoa por justi\u00e7a, liberdade, igualdade, paz e fraternidade. Portanto, grito eu, grite voc\u00ea, gritemos n\u00f3s, que ningu\u00e9m cale a nossa voz, ent\u00e3o que se cumpra a profecia, que as pedras gritem por n\u00f3s. Com Francisco, gritemos pelos tr\u00eas &#8220;T&#8221;: Terra, Teto e Trabalho! <\/em><\/p>\n<p><em>\u00a0<\/em><em>Chega de ver o povo escravizado, mas que sejamos organizados. Voc\u00ea tem sede e fome de qu\u00ea? Que nenhuma pessoa fique sem ter comida no prato! Que ningu\u00e9m fique sem lugar para morar e orar, o templo sagrado que \u00e9 o nosso lar. O asfalto e o cimento constr\u00f3i o progresso, mas, porque negam o nosso direito \u00e0 sa\u00fade e saneamento? Gritemos por aqueles que disputam as marquises para dormir, tamb\u00e9m pelos lavradores e os oper\u00e1rios que n\u00e3o tem seus direitos respeitados. Pela juventude escravizada e sem instru\u00e7\u00e3o, perdida sem rumo nesta na\u00e7\u00e3o. Hoje o grito \u00e9 por todos n\u00f3s, somos todos atingidos! <\/em><\/p>\n<p><em>\u00a0<\/em><em>Depois de 8 anos do crime acontecido, nada foi feito em prol da ecologia e do rio. Grito, pelas irm\u00e3s trabalhadoras, que s\u00e3o oper\u00e1rias e m\u00e3es tamb\u00e9m, que se saem de casa, o filho chora, e se ficam, o p\u00e3o n\u00e3o vem. Grito, pelos impostos que pagamos que deviam ser para a vida melhorar, mas, em Maria Ortiz, n\u00e3o tem doutor e nem posto, porque o que tinham, fechado est\u00e1. Gritemos pelas mulheres, negras, louras, brancas, morenas e mulatas, as &#8220;Marias&#8221; cheias de f\u00e9, que trabalham fora, cuidam dos filhos, e na Igreja, tem a miss\u00e3o de anunciar Jesus de Nazar\u00e9. Entoemos um grito de miseric\u00f3rdia por todas as mesas sem p\u00e3o: Rasguemos nossos cora\u00e7\u00f5es! Agora, sem voz para gritar, vamos terminar, e os Direitos dos exclu\u00eddos (as), coloquemos aqui no altar, para o Senhor aben\u00e7oar.<\/em><\/p>\n<hr \/>\n<p><em>\u00a0<\/em><em>Frei Augusto Luiz Gabriel, com informa\u00e7\u00f5es da Diocese de Colatina<\/em><\/p>\n<p>&nbsp;<\/p>\n<p>&nbsp;<\/p>\n","protected":false},"excerpt":{"rendered":"<p>Grito dos Exclu\u00eddos e Exclu\u00eddas na Diocese de Colatina.<\/p>\n","protected":false},"author":3,"featured_media":244668,"comment_status":"open","ping_status":"open","sticky":false,"template":"","format":"standard","meta":[],"categories":[1],"tags":[1747,1896],"acf":[],"yoast_head":"<!-- This site is optimized with the Yoast SEO plugin v19.2 - https:\/\/yoast.com\/wordpress\/plugins\/seo\/ -->\n<title>Grito dos Exclu\u00eddos em Colatina denuncia a dura realidade da Comunidade Maria Ortiz, da Par\u00f3quia Santa Clara - Not\u00edcias - Franciscanos<\/title>\n<meta name=\"robots\" content=\"index, follow, max-snippet:-1, max-image-preview:large, max-video-preview:-1\" \/>\n<link rel=\"canonical\" href=\"https:\/\/franciscanos.org.br\/noticias\/grito-dos-excluidos-em-colatina-denuncia-a-dura-realidade-da-comunidade-maria-ortiz-da-paroquia-santa-clara.html\" \/>\n<meta property=\"og:locale\" content=\"pt_BR\" \/>\n<meta property=\"og:type\" content=\"article\" \/>\n<meta property=\"og:title\" content=\"Grito dos Exclu\u00eddos em Colatina denuncia a dura realidade da Comunidade Maria Ortiz, da Par\u00f3quia Santa Clara - Not\u00edcias - Franciscanos\" \/>\n<meta property=\"og:description\" content=\"Grito dos Exclu\u00eddos e Exclu\u00eddas na Diocese de Colatina.\" \/>\n<meta property=\"og:url\" content=\"https:\/\/franciscanos.org.br\/noticias\/grito-dos-excluidos-em-colatina-denuncia-a-dura-realidade-da-comunidade-maria-ortiz-da-paroquia-santa-clara.html\" \/>\n<meta property=\"og:site_name\" content=\"Not\u00edcias - Franciscanos\" \/>\n<meta property=\"article:published_time\" content=\"2023-09-10T12:50:00+00:00\" \/>\n<meta property=\"article:modified_time\" content=\"2023-09-18T12:31:10+00:00\" \/>\n<meta property=\"og:image\" content=\"https:\/\/franciscanos.org.br\/noticias\/wp-content\/uploads\/2023\/09\/grito_10.jpg\" \/>\n\t<meta property=\"og:image:width\" content=\"1280\" \/>\n\t<meta property=\"og:image:height\" content=\"720\" \/>\n\t<meta property=\"og:image:type\" content=\"image\/jpeg\" \/>\n<meta name=\"author\" content=\"moacir\" \/>\n<meta name=\"twitter:card\" content=\"summary_large_image\" \/>\n<meta name=\"twitter:label1\" content=\"Escrito por\" \/>\n\t<meta name=\"twitter:data1\" content=\"moacir\" \/>\n\t<meta name=\"twitter:label2\" content=\"Est. tempo de leitura\" \/>\n\t<meta name=\"twitter:data2\" content=\"8 minutos\" \/>\n<script type=\"application\/ld+json\" class=\"yoast-schema-graph\">{\"@context\":\"https:\/\/schema.org\",\"@graph\":[{\"@type\":\"WebSite\",\"@id\":\"https:\/\/franciscanos.org.br\/noticias\/#website\",\"url\":\"https:\/\/franciscanos.org.br\/noticias\/\",\"name\":\"Not\u00edcias - Franciscanos\",\"description\":\"Prov\u00edncia Franciscana da Imaculada Concei\u00e7\u00e3o do Brasil - Ordem dos Frades Menores - OFM\",\"potentialAction\":[{\"@type\":\"SearchAction\",\"target\":{\"@type\":\"EntryPoint\",\"urlTemplate\":\"https:\/\/franciscanos.org.br\/noticias\/?s={search_term_string}\"},\"query-input\":\"required name=search_term_string\"}],\"inLanguage\":\"pt-BR\"},{\"@type\":\"ImageObject\",\"inLanguage\":\"pt-BR\",\"@id\":\"https:\/\/franciscanos.org.br\/noticias\/grito-dos-excluidos-em-colatina-denuncia-a-dura-realidade-da-comunidade-maria-ortiz-da-paroquia-santa-clara.html#primaryimage\",\"url\":\"https:\/\/franciscanos.org.br\/noticias\/wp-content\/uploads\/2023\/09\/grito_10.jpg\",\"contentUrl\":\"https:\/\/franciscanos.org.br\/noticias\/wp-content\/uploads\/2023\/09\/grito_10.jpg\",\"width\":1280,\"height\":720},{\"@type\":\"WebPage\",\"@id\":\"https:\/\/franciscanos.org.br\/noticias\/grito-dos-excluidos-em-colatina-denuncia-a-dura-realidade-da-comunidade-maria-ortiz-da-paroquia-santa-clara.html#webpage\",\"url\":\"https:\/\/franciscanos.org.br\/noticias\/grito-dos-excluidos-em-colatina-denuncia-a-dura-realidade-da-comunidade-maria-ortiz-da-paroquia-santa-clara.html\",\"name\":\"Grito dos Exclu\u00eddos em Colatina denuncia a dura realidade da Comunidade Maria Ortiz, da Par\u00f3quia Santa Clara - Not\u00edcias - Franciscanos\",\"isPartOf\":{\"@id\":\"https:\/\/franciscanos.org.br\/noticias\/#website\"},\"primaryImageOfPage\":{\"@id\":\"https:\/\/franciscanos.org.br\/noticias\/grito-dos-excluidos-em-colatina-denuncia-a-dura-realidade-da-comunidade-maria-ortiz-da-paroquia-santa-clara.html#primaryimage\"},\"datePublished\":\"2023-09-10T12:50:00+00:00\",\"dateModified\":\"2023-09-18T12:31:10+00:00\",\"author\":{\"@id\":\"https:\/\/franciscanos.org.br\/noticias\/#\/schema\/person\/b5c8cba458c330ccff548b056e95a5d4\"},\"breadcrumb\":{\"@id\":\"https:\/\/franciscanos.org.br\/noticias\/grito-dos-excluidos-em-colatina-denuncia-a-dura-realidade-da-comunidade-maria-ortiz-da-paroquia-santa-clara.html#breadcrumb\"},\"inLanguage\":\"pt-BR\",\"potentialAction\":[{\"@type\":\"ReadAction\",\"target\":[\"https:\/\/franciscanos.org.br\/noticias\/grito-dos-excluidos-em-colatina-denuncia-a-dura-realidade-da-comunidade-maria-ortiz-da-paroquia-santa-clara.html\"]}]},{\"@type\":\"BreadcrumbList\",\"@id\":\"https:\/\/franciscanos.org.br\/noticias\/grito-dos-excluidos-em-colatina-denuncia-a-dura-realidade-da-comunidade-maria-ortiz-da-paroquia-santa-clara.html#breadcrumb\",\"itemListElement\":[{\"@type\":\"ListItem\",\"position\":1,\"name\":\"Home\",\"item\":\"https:\/\/franciscanos.org.br\/noticias\"},{\"@type\":\"ListItem\",\"position\":2,\"name\":\"Grito dos Exclu\u00eddos em Colatina denuncia a dura realidade da Comunidade Maria Ortiz, da Par\u00f3quia Santa Clara\"}]},{\"@type\":\"Person\",\"@id\":\"https:\/\/franciscanos.org.br\/noticias\/#\/schema\/person\/b5c8cba458c330ccff548b056e95a5d4\",\"name\":\"moacir\",\"image\":{\"@type\":\"ImageObject\",\"inLanguage\":\"pt-BR\",\"@id\":\"https:\/\/franciscanos.org.br\/noticias\/#\/schema\/person\/image\/\",\"url\":\"https:\/\/secure.gravatar.com\/avatar\/d08aa2ce4c8dd416d4479aa8536fcf64?s=96&d=mm&r=g\",\"contentUrl\":\"https:\/\/secure.gravatar.com\/avatar\/d08aa2ce4c8dd416d4479aa8536fcf64?s=96&d=mm&r=g\",\"caption\":\"moacir\"},\"url\":\"https:\/\/franciscanos.org.br\/noticias\/author\/moacir\"}]}<\/script>\n<!-- \/ Yoast SEO plugin. -->","yoast_head_json":{"title":"Grito dos Exclu\u00eddos em Colatina denuncia a dura realidade da Comunidade Maria Ortiz, da Par\u00f3quia Santa Clara - Not\u00edcias - Franciscanos","robots":{"index":"index","follow":"follow","max-snippet":"max-snippet:-1","max-image-preview":"max-image-preview:large","max-video-preview":"max-video-preview:-1"},"canonical":"https:\/\/franciscanos.org.br\/noticias\/grito-dos-excluidos-em-colatina-denuncia-a-dura-realidade-da-comunidade-maria-ortiz-da-paroquia-santa-clara.html","og_locale":"pt_BR","og_type":"article","og_title":"Grito dos Exclu\u00eddos em Colatina denuncia a dura realidade da Comunidade Maria Ortiz, da Par\u00f3quia Santa Clara - Not\u00edcias - Franciscanos","og_description":"Grito dos Exclu\u00eddos e Exclu\u00eddas na Diocese de Colatina.","og_url":"https:\/\/franciscanos.org.br\/noticias\/grito-dos-excluidos-em-colatina-denuncia-a-dura-realidade-da-comunidade-maria-ortiz-da-paroquia-santa-clara.html","og_site_name":"Not\u00edcias - Franciscanos","article_published_time":"2023-09-10T12:50:00+00:00","article_modified_time":"2023-09-18T12:31:10+00:00","og_image":[{"width":1280,"height":720,"url":"https:\/\/franciscanos.org.br\/noticias\/wp-content\/uploads\/2023\/09\/grito_10.jpg","type":"image\/jpeg"}],"author":"moacir","twitter_card":"summary_large_image","twitter_misc":{"Escrito por":"moacir","Est. tempo de leitura":"8 minutos"},"schema":{"@context":"https:\/\/schema.org","@graph":[{"@type":"WebSite","@id":"https:\/\/franciscanos.org.br\/noticias\/#website","url":"https:\/\/franciscanos.org.br\/noticias\/","name":"Not\u00edcias - Franciscanos","description":"Prov\u00edncia Franciscana da Imaculada Concei\u00e7\u00e3o do Brasil - Ordem dos Frades Menores - OFM","potentialAction":[{"@type":"SearchAction","target":{"@type":"EntryPoint","urlTemplate":"https:\/\/franciscanos.org.br\/noticias\/?s={search_term_string}"},"query-input":"required name=search_term_string"}],"inLanguage":"pt-BR"},{"@type":"ImageObject","inLanguage":"pt-BR","@id":"https:\/\/franciscanos.org.br\/noticias\/grito-dos-excluidos-em-colatina-denuncia-a-dura-realidade-da-comunidade-maria-ortiz-da-paroquia-santa-clara.html#primaryimage","url":"https:\/\/franciscanos.org.br\/noticias\/wp-content\/uploads\/2023\/09\/grito_10.jpg","contentUrl":"https:\/\/franciscanos.org.br\/noticias\/wp-content\/uploads\/2023\/09\/grito_10.jpg","width":1280,"height":720},{"@type":"WebPage","@id":"https:\/\/franciscanos.org.br\/noticias\/grito-dos-excluidos-em-colatina-denuncia-a-dura-realidade-da-comunidade-maria-ortiz-da-paroquia-santa-clara.html#webpage","url":"https:\/\/franciscanos.org.br\/noticias\/grito-dos-excluidos-em-colatina-denuncia-a-dura-realidade-da-comunidade-maria-ortiz-da-paroquia-santa-clara.html","name":"Grito dos Exclu\u00eddos em Colatina denuncia a dura realidade da Comunidade Maria Ortiz, da Par\u00f3quia Santa Clara - Not\u00edcias - Franciscanos","isPartOf":{"@id":"https:\/\/franciscanos.org.br\/noticias\/#website"},"primaryImageOfPage":{"@id":"https:\/\/franciscanos.org.br\/noticias\/grito-dos-excluidos-em-colatina-denuncia-a-dura-realidade-da-comunidade-maria-ortiz-da-paroquia-santa-clara.html#primaryimage"},"datePublished":"2023-09-10T12:50:00+00:00","dateModified":"2023-09-18T12:31:10+00:00","author":{"@id":"https:\/\/franciscanos.org.br\/noticias\/#\/schema\/person\/b5c8cba458c330ccff548b056e95a5d4"},"breadcrumb":{"@id":"https:\/\/franciscanos.org.br\/noticias\/grito-dos-excluidos-em-colatina-denuncia-a-dura-realidade-da-comunidade-maria-ortiz-da-paroquia-santa-clara.html#breadcrumb"},"inLanguage":"pt-BR","potentialAction":[{"@type":"ReadAction","target":["https:\/\/franciscanos.org.br\/noticias\/grito-dos-excluidos-em-colatina-denuncia-a-dura-realidade-da-comunidade-maria-ortiz-da-paroquia-santa-clara.html"]}]},{"@type":"BreadcrumbList","@id":"https:\/\/franciscanos.org.br\/noticias\/grito-dos-excluidos-em-colatina-denuncia-a-dura-realidade-da-comunidade-maria-ortiz-da-paroquia-santa-clara.html#breadcrumb","itemListElement":[{"@type":"ListItem","position":1,"name":"Home","item":"https:\/\/franciscanos.org.br\/noticias"},{"@type":"ListItem","position":2,"name":"Grito dos Exclu\u00eddos em Colatina denuncia a dura realidade da Comunidade Maria Ortiz, da Par\u00f3quia Santa Clara"}]},{"@type":"Person","@id":"https:\/\/franciscanos.org.br\/noticias\/#\/schema\/person\/b5c8cba458c330ccff548b056e95a5d4","name":"moacir","image":{"@type":"ImageObject","inLanguage":"pt-BR","@id":"https:\/\/franciscanos.org.br\/noticias\/#\/schema\/person\/image\/","url":"https:\/\/secure.gravatar.com\/avatar\/d08aa2ce4c8dd416d4479aa8536fcf64?s=96&d=mm&r=g","contentUrl":"https:\/\/secure.gravatar.com\/avatar\/d08aa2ce4c8dd416d4479aa8536fcf64?s=96&d=mm&r=g","caption":"moacir"},"url":"https:\/\/franciscanos.org.br\/noticias\/author\/moacir"}]}},"_links":{"self":[{"href":"https:\/\/franciscanos.org.br\/noticias\/wp-json\/wp\/v2\/posts\/244667"}],"collection":[{"href":"https:\/\/franciscanos.org.br\/noticias\/wp-json\/wp\/v2\/posts"}],"about":[{"href":"https:\/\/franciscanos.org.br\/noticias\/wp-json\/wp\/v2\/types\/post"}],"author":[{"embeddable":true,"href":"https:\/\/franciscanos.org.br\/noticias\/wp-json\/wp\/v2\/users\/3"}],"replies":[{"embeddable":true,"href":"https:\/\/franciscanos.org.br\/noticias\/wp-json\/wp\/v2\/comments?post=244667"}],"version-history":[{"count":1,"href":"https:\/\/franciscanos.org.br\/noticias\/wp-json\/wp\/v2\/posts\/244667\/revisions"}],"predecessor-version":[{"id":244673,"href":"https:\/\/franciscanos.org.br\/noticias\/wp-json\/wp\/v2\/posts\/244667\/revisions\/244673"}],"wp:featuredmedia":[{"embeddable":true,"href":"https:\/\/franciscanos.org.br\/noticias\/wp-json\/wp\/v2\/media\/244668"}],"wp:attachment":[{"href":"https:\/\/franciscanos.org.br\/noticias\/wp-json\/wp\/v2\/media?parent=244667"}],"wp:term":[{"taxonomy":"category","embeddable":true,"href":"https:\/\/franciscanos.org.br\/noticias\/wp-json\/wp\/v2\/categories?post=244667"},{"taxonomy":"post_tag","embeddable":true,"href":"https:\/\/franciscanos.org.br\/noticias\/wp-json\/wp\/v2\/tags?post=244667"}],"curies":[{"name":"wp","href":"https:\/\/api.w.org\/{rel}","templated":true}]}}