{"id":244651,"date":"2023-09-15T00:13:32","date_gmt":"2023-09-15T03:13:32","guid":{"rendered":"https:\/\/franciscanos.org.br\/noticias\/?p=244651"},"modified":"2025-03-10T15:44:09","modified_gmt":"2025-03-10T18:44:09","slug":"frei-bruno-e-frei-ruan-fazem-a-profissao-solene-no-dia-16","status":"publish","type":"post","link":"https:\/\/franciscanos.org.br\/noticias\/frei-bruno-e-frei-ruan-fazem-a-profissao-solene-no-dia-16.html","title":{"rendered":"Frei Bruno e Frei Ruan fazem a Profiss\u00e3o Solene neste s\u00e1bado"},"content":{"rendered":"<p><img loading=\"lazy\" class=\"alignnone size-full wp-image-244653\" src=\"https:\/\/franciscanos.org.br\/noticias\/wp-content\/uploads\/2023\/09\/professos_05.jpg\" alt=\"\" width=\"1280\" height=\"720\" srcset=\"https:\/\/franciscanos.org.br\/noticias\/wp-content\/uploads\/2023\/09\/professos_05.jpg 1280w, https:\/\/franciscanos.org.br\/noticias\/wp-content\/uploads\/2023\/09\/professos_05-450x253.jpg 450w, https:\/\/franciscanos.org.br\/noticias\/wp-content\/uploads\/2023\/09\/professos_05-1024x576.jpg 1024w, https:\/\/franciscanos.org.br\/noticias\/wp-content\/uploads\/2023\/09\/professos_05-768x432.jpg 768w, https:\/\/franciscanos.org.br\/noticias\/wp-content\/uploads\/2023\/09\/professos_05-150x84.jpg 150w\" sizes=\"(max-width: 1280px) 100vw, 1280px\" \/><\/p>\n<p>Na vida religiosa franciscana, a Profiss\u00e3o Solene refere-se ao compromisso definitivo e irrevog\u00e1vel de um membro da Ordem Frades Menores, com os votos de nada de pr\u00f3prio, castidade e obedi\u00eancia. Durante o tempo de profiss\u00e3o tempor\u00e1ria, o qual os frades do per\u00edodo da forma\u00e7\u00e3o inicial renovam, anualmente, os seus votos com a vida religiosa, realizam sua experi\u00eancia vocacional a fim de um dia confirmar esta ades\u00e3o por toda a vida.<\/p>\n<p>A profiss\u00e3o solene \u00e9 uma express\u00e3o de total dedica\u00e7\u00e3o \u00e0 espiritualidade franciscana, ao servi\u00e7o aos outros e \u00e0 imita\u00e7\u00e3o dos ensinamentos de S\u00e3o Francisco de Assis. \u00c9 um ato solene que marca o compromisso permanente de um frade com a busca da santidade e a miss\u00e3o de viver o Evangelho, sem nada de pr\u00f3prio, em obedi\u00eancia.<\/p>\n<p>\u00c9 com essa certeza que Frei Bruno Gon\u00e7alves Cez\u00e1rio e Frei Ruan Felipe Sguissardi far\u00e3o a Profiss\u00e3o Solene durante a Celebra\u00e7\u00e3o Eucar\u00edstica, que acontecer\u00e1 na Igreja do Sagrado Cora\u00e7\u00e3o de Jesus, em Petr\u00f3polis (RJ), no 16 de setembro de 2023, \u00e0s 16h15. \u201cConvidamos todos para participarem, e pedimos as vossas ora\u00e7\u00f5es por esse importante passo que daremos no seguimento de S\u00e3o Francisco de Assis na imita\u00e7\u00e3o do Cristo pobre, humilde e crucificado\u201d, acrescentam os professandos. A celebra\u00e7\u00e3o da profiss\u00e3o poder\u00e1 tamb\u00e9m ser acompanhada por meio das redes sociais.<\/p>\n<p><strong>Retiro<\/strong><br \/>\nA prepara\u00e7\u00e3o para a Profiss\u00e3o Solene foi no Noviciado de Rodeio (SC). Cinco frades fizeram o retiro para a Profiss\u00e3o Solene. Da Prov\u00edncia da Imaculada Concei\u00e7\u00e3o, Frei Bruno Gon\u00e7alves Cez\u00e1rio, Frei Ruan Felipe Sguissardi e Frei Elias Hebo Lu\u00eds (FIMDA); pela Prov\u00edncia do Sant\u00edssimo Nome, Frei Raylan das Chagas e Frei Vanderley e Silva. V\u00e1rios momentos marcaram esse tempo de prepara\u00e7\u00e3o, a come\u00e7ar o lugar escolhido: o Noviciado, recordando e revivendo o Ano da Gra\u00e7a de cada professando, a conviv\u00eancia com os novi\u00e7os e a Fraternidade Permanente, e a experi\u00eancia no Eremit\u00e9rio Frei Eg\u00eddio.<\/p>\n<p>A abertura do retiro se deu na manh\u00e3 do dia 3\/7 com Frei Jo\u00e3o Miguel Silva da Cruz. Seguiram-se as reflex\u00f5es em grupo e pessoal, terminando com a partilha. Importa lembrar que, durante este tempo, segu\u00edamos o hor\u00e1rio do Noviciado.<\/p>\n<p>Os frades da Prov\u00edncia da Imaculada fazem a profiss\u00e3o solene no pr\u00f3ximo dia 16 de setembro, sendo que Frei Elias professar\u00e1 em janeiro de 2024, em Angola. Os frades da Prov\u00edncia do Sant\u00edssimo Nome far\u00e3o a profiss\u00e3o solene no dia 2 de fevereiro de 2024.<\/p>\n<p><strong>O tema<\/strong><br \/>\nDurante o m\u00eas de julho, est\u00e1vamos em retiro para a Profiss\u00e3o Solene, e entre as muitas reflex\u00f5es realizadas ao longo daquele m\u00eas, o confrade que nos acompanhava em certo dia, Frei Marcos Ant\u00f4nio Andrade, tamb\u00e9m nosso mestre do tempo da Teologia, ressaltava que este momento para o qual est\u00e1vamos nos preparando n\u00e3o era \u201cnada mais nada menos do que a confirma\u00e7\u00e3o daquela primeira promessa, da primeira profiss\u00e3o que realizamos ao findar o tempo do noviciado\u201d.<\/p>\n<p>Inspirados, portanto, nesta fala retomamos o mesmo tema de nossa primeira profiss\u00e3o: \u201cOutra coisa n\u00e3o desejemos, nem queiramos, nem nos agrade, sen\u00e3o o nosso Criador e Redentor\u201d (RnB 23,27), para que relembrarmos e continuarmos a cultivar esse desejo dia ap\u00f3s dia.<\/p>\n<p><strong>A ilustra\u00e7\u00e3o<\/strong><br \/>\n\u00c9 uma releitura do bras\u00e3o da Ordem dos Frades Menores, por\u00e9m, com as m\u00e3os do Cristo e de S\u00e3o Francisco dadas, cumprimentando-se, firmando um compromisso, expressando a ades\u00e3o que tamb\u00e9m n\u00f3s daremos a esse ideal de vida, agora de modo perp\u00e9tuo. Ilustrando tamb\u00e9m est\u00e1 a frase escolhida como lema, como express\u00e3o desse desejo de querer caminhar e estar sempre unido a Cristo, tal como S\u00e3o Francisco expressava na ora\u00e7\u00e3o ao final da Regra n\u00e3o Bulada.<\/p>\n<p>Cristo simbolizado tamb\u00e9m na cruz, composta em mosaico para destacar o sinal das chagas, presentes tamb\u00e9m na m\u00e3o de S\u00e3o Francisco, pois estaremos na v\u00e9spera da festa da Impress\u00e3o das Chagas de S\u00e3o Francisco. O mosaico tamb\u00e9m relembra os muitos irm\u00e3os que aderiram\/aderem a essa forma de vida.<\/p>\n<hr \/>\n<p><strong><img loading=\"lazy\" class=\"wp-image-244654 alignright\" src=\"https:\/\/franciscanos.org.br\/noticias\/wp-content\/uploads\/2023\/09\/ruan_05.jpg\" alt=\"\" width=\"331\" height=\"300\" srcset=\"https:\/\/franciscanos.org.br\/noticias\/wp-content\/uploads\/2023\/09\/ruan_05.jpg 500w, https:\/\/franciscanos.org.br\/noticias\/wp-content\/uploads\/2023\/09\/ruan_05-450x407.jpg 450w, https:\/\/franciscanos.org.br\/noticias\/wp-content\/uploads\/2023\/09\/ruan_05-150x136.jpg 150w\" sizes=\"(max-width: 331px) 100vw, 331px\" \/><\/strong><\/p>\n<h3 style=\"text-align: center;\">OS PROFESSANDOS<\/h3>\n<p><strong>Frei Ruan Felipe Sguissardi<\/strong><\/p>\n<p>Filho de Eliane Sguissardi, ambos naturais de Chopinzinho (PR), nasceu em 19 de janeiro de 1998. Frei Ruan possui apenas um irm\u00e3o mais velho, Glauco. \u00c9 de uma fam\u00edlia bastante cat\u00f3lica e ativa na comunidade. Desde a inf\u00e2ncia, o contato com os frades da par\u00f3quia era muito pr\u00f3ximo. No final do ano de 2011, foi convidado para participar dos encontros vocacionais que come\u00e7ariam em fevereiro do ano seguinte, em 2012. Em 2013 ingressou no Semin\u00e1rio S\u00e3o Francisco de Assis, em Ituporanga (SC), cursando o Ensino M\u00e9dio. Em 2016, fez o Postulantado em Guaratinguet\u00e1 (SP). Vestiu o h\u00e1bito franciscano no dia 15 de janeiro de 2017 e fez sua primeira profiss\u00e3o no dia 8 de janeiro de 2018 em Rodeio (SC). Entre os anos de 2018 e 2020 fez o curso de Filosofia morando em Campo Largo (PR). Em 2021, fez o seu Ano Mission\u00e1rio no Postulantado Frei Galv\u00e3o em Guaratinguet\u00e1 e ajudou no SAV provincial. Em 2022, foi transferido para Petr\u00f3polis (RJ), onde atualmente est\u00e1 no 2\u00ba ano de Teologia e vivendo na Fraternidade do Sagrado Cora\u00e7\u00e3o de Jesus.<\/p>\n<p>&nbsp;<\/p>\n<p><strong><img loading=\"lazy\" class=\" wp-image-244655 alignleft\" src=\"https:\/\/franciscanos.org.br\/noticias\/wp-content\/uploads\/2023\/09\/bruno_05.jpg\" alt=\"\" width=\"344\" height=\"341\" srcset=\"https:\/\/franciscanos.org.br\/noticias\/wp-content\/uploads\/2023\/09\/bruno_05.jpg 500w, https:\/\/franciscanos.org.br\/noticias\/wp-content\/uploads\/2023\/09\/bruno_05-450x446.jpg 450w, https:\/\/franciscanos.org.br\/noticias\/wp-content\/uploads\/2023\/09\/bruno_05-150x149.jpg 150w, https:\/\/franciscanos.org.br\/noticias\/wp-content\/uploads\/2023\/09\/bruno_05-100x100.jpg 100w\" sizes=\"(max-width: 344px) 100vw, 344px\" \/>Frei Bruno Gon\u00e7alves Cez\u00e1rio<\/strong><\/p>\n<p>Filho de Mar\u00edlia e Mauricio Porf\u00edrio Cez\u00e1rio, nascido em 20 de julho de 1997, em Rio Pomba (MG), tem um \u00fanico irm\u00e3o mais velho: Julio. Prestes a completar um ano de idade, a fam\u00edlia se mudou para Nil\u00f3polis (RJ), crescendo ali. De fam\u00edlia tradicionalmente cat\u00f3lica, sempre teve forte participa\u00e7\u00e3o na vida de f\u00e9 na Comunidade de S\u00e3o Jos\u00e9 da Par\u00f3quia Nossa Senhora da Imaculada Concei\u00e7\u00e3o, que era assistida, ent\u00e3o, pelos frades com quem tinha bastante proximidade. Findando o Ensino M\u00e9dio, em 2014, j\u00e1 estava decidido a entrar no processo formativo da Ordem dos Frades Menores na Prov\u00edncia da Imaculada Concei\u00e7\u00e3o. Em 2015, iniciou a experi\u00eancia do \u201cVinde e Vede\u201d na Fraternidade de Santo Amaro da Imperatriz (SC) e no Aspirantado em Ituporanga (SC). Admitido ao Postulantado em 2016, em Guaratinguet\u00e1 (SP) e, em 2017, ingressou no Noviciado, em Rodeio (SC). Feita primeira profiss\u00e3o em 8 de janeiro de 2018, iniciou os estudos de Filosofia neste mesmo ano, vindo a conclu\u00ed-lo em meados de 2021. Fez uma experi\u00eancia mission\u00e1ria junto \u00e0 Fraternidade Nossa Senhora da Boa Viagem, na comunidade da Rocinha, no Rio de Janeiro (RJ). Cursa o 2\u00ba ano de Teologia e reside na Fraternidade do Sagrado Cora\u00e7\u00e3o de Jesus desde 2022.<\/p>\n<hr \/>\n<p><img loading=\"lazy\" class=\"alignnone size-full wp-image-244652\" src=\"https:\/\/franciscanos.org.br\/noticias\/wp-content\/uploads\/2023\/09\/convite_05.jpg\" alt=\"\" width=\"1280\" height=\"749\" srcset=\"https:\/\/franciscanos.org.br\/noticias\/wp-content\/uploads\/2023\/09\/convite_05.jpg 1280w, https:\/\/franciscanos.org.br\/noticias\/wp-content\/uploads\/2023\/09\/convite_05-450x263.jpg 450w, https:\/\/franciscanos.org.br\/noticias\/wp-content\/uploads\/2023\/09\/convite_05-1024x599.jpg 1024w, https:\/\/franciscanos.org.br\/noticias\/wp-content\/uploads\/2023\/09\/convite_05-768x449.jpg 768w, https:\/\/franciscanos.org.br\/noticias\/wp-content\/uploads\/2023\/09\/convite_05-150x88.jpg 150w\" sizes=\"(max-width: 1280px) 100vw, 1280px\" \/><\/p>\n","protected":false},"excerpt":{"rendered":"<p>Forma\u00e7\u00e3o e Estudos<\/p>\n","protected":false},"author":3,"featured_media":244653,"comment_status":"open","ping_status":"open","sticky":false,"template":"","format":"standard","meta":[],"categories":[1],"tags":[418,2056],"acf":[],"yoast_head":"<!-- This site is optimized with the Yoast SEO plugin v19.2 - https:\/\/yoast.com\/wordpress\/plugins\/seo\/ -->\n<title>Frei Bruno e Frei Ruan fazem a Profiss\u00e3o Solene neste s\u00e1bado - Not\u00edcias - Franciscanos<\/title>\n<meta name=\"robots\" content=\"index, follow, max-snippet:-1, max-image-preview:large, max-video-preview:-1\" \/>\n<link rel=\"canonical\" href=\"https:\/\/franciscanos.org.br\/noticias\/frei-bruno-e-frei-ruan-fazem-a-profissao-solene-no-dia-16.html\" \/>\n<meta property=\"og:locale\" content=\"pt_BR\" \/>\n<meta property=\"og:type\" content=\"article\" \/>\n<meta property=\"og:title\" content=\"Frei Bruno e Frei Ruan fazem a Profiss\u00e3o Solene neste s\u00e1bado - Not\u00edcias - Franciscanos\" \/>\n<meta property=\"og:description\" content=\"Forma\u00e7\u00e3o e Estudos\" \/>\n<meta property=\"og:url\" content=\"https:\/\/franciscanos.org.br\/noticias\/frei-bruno-e-frei-ruan-fazem-a-profissao-solene-no-dia-16.html\" \/>\n<meta property=\"og:site_name\" content=\"Not\u00edcias - Franciscanos\" \/>\n<meta property=\"article:published_time\" content=\"2023-09-15T03:13:32+00:00\" \/>\n<meta property=\"article:modified_time\" content=\"2025-03-10T18:44:09+00:00\" \/>\n<meta property=\"og:image\" content=\"https:\/\/franciscanos.org.br\/noticias\/wp-content\/uploads\/2023\/09\/professos_05.jpg\" \/>\n\t<meta property=\"og:image:width\" content=\"1280\" \/>\n\t<meta property=\"og:image:height\" content=\"720\" \/>\n\t<meta property=\"og:image:type\" content=\"image\/jpeg\" \/>\n<meta name=\"author\" content=\"moacir\" \/>\n<meta name=\"twitter:card\" content=\"summary_large_image\" \/>\n<meta name=\"twitter:label1\" content=\"Escrito por\" \/>\n\t<meta name=\"twitter:data1\" content=\"moacir\" \/>\n\t<meta name=\"twitter:label2\" content=\"Est. tempo de leitura\" \/>\n\t<meta name=\"twitter:data2\" content=\"6 minutos\" \/>\n<script type=\"application\/ld+json\" class=\"yoast-schema-graph\">{\"@context\":\"https:\/\/schema.org\",\"@graph\":[{\"@type\":\"WebSite\",\"@id\":\"https:\/\/franciscanos.org.br\/noticias\/#website\",\"url\":\"https:\/\/franciscanos.org.br\/noticias\/\",\"name\":\"Not\u00edcias - Franciscanos\",\"description\":\"Prov\u00edncia Franciscana da Imaculada Concei\u00e7\u00e3o do Brasil - Ordem dos Frades Menores - OFM\",\"potentialAction\":[{\"@type\":\"SearchAction\",\"target\":{\"@type\":\"EntryPoint\",\"urlTemplate\":\"https:\/\/franciscanos.org.br\/noticias\/?s={search_term_string}\"},\"query-input\":\"required name=search_term_string\"}],\"inLanguage\":\"pt-BR\"},{\"@type\":\"ImageObject\",\"inLanguage\":\"pt-BR\",\"@id\":\"https:\/\/franciscanos.org.br\/noticias\/frei-bruno-e-frei-ruan-fazem-a-profissao-solene-no-dia-16.html#primaryimage\",\"url\":\"https:\/\/franciscanos.org.br\/noticias\/wp-content\/uploads\/2023\/09\/professos_05.jpg\",\"contentUrl\":\"https:\/\/franciscanos.org.br\/noticias\/wp-content\/uploads\/2023\/09\/professos_05.jpg\",\"width\":1280,\"height\":720},{\"@type\":\"WebPage\",\"@id\":\"https:\/\/franciscanos.org.br\/noticias\/frei-bruno-e-frei-ruan-fazem-a-profissao-solene-no-dia-16.html#webpage\",\"url\":\"https:\/\/franciscanos.org.br\/noticias\/frei-bruno-e-frei-ruan-fazem-a-profissao-solene-no-dia-16.html\",\"name\":\"Frei Bruno e Frei Ruan fazem a Profiss\u00e3o Solene neste s\u00e1bado - Not\u00edcias - Franciscanos\",\"isPartOf\":{\"@id\":\"https:\/\/franciscanos.org.br\/noticias\/#website\"},\"primaryImageOfPage\":{\"@id\":\"https:\/\/franciscanos.org.br\/noticias\/frei-bruno-e-frei-ruan-fazem-a-profissao-solene-no-dia-16.html#primaryimage\"},\"datePublished\":\"2023-09-15T03:13:32+00:00\",\"dateModified\":\"2025-03-10T18:44:09+00:00\",\"author\":{\"@id\":\"https:\/\/franciscanos.org.br\/noticias\/#\/schema\/person\/b5c8cba458c330ccff548b056e95a5d4\"},\"breadcrumb\":{\"@id\":\"https:\/\/franciscanos.org.br\/noticias\/frei-bruno-e-frei-ruan-fazem-a-profissao-solene-no-dia-16.html#breadcrumb\"},\"inLanguage\":\"pt-BR\",\"potentialAction\":[{\"@type\":\"ReadAction\",\"target\":[\"https:\/\/franciscanos.org.br\/noticias\/frei-bruno-e-frei-ruan-fazem-a-profissao-solene-no-dia-16.html\"]}]},{\"@type\":\"BreadcrumbList\",\"@id\":\"https:\/\/franciscanos.org.br\/noticias\/frei-bruno-e-frei-ruan-fazem-a-profissao-solene-no-dia-16.html#breadcrumb\",\"itemListElement\":[{\"@type\":\"ListItem\",\"position\":1,\"name\":\"Home\",\"item\":\"https:\/\/franciscanos.org.br\/noticias\"},{\"@type\":\"ListItem\",\"position\":2,\"name\":\"Frei Bruno e Frei Ruan fazem a Profiss\u00e3o Solene neste s\u00e1bado\"}]},{\"@type\":\"Person\",\"@id\":\"https:\/\/franciscanos.org.br\/noticias\/#\/schema\/person\/b5c8cba458c330ccff548b056e95a5d4\",\"name\":\"moacir\",\"image\":{\"@type\":\"ImageObject\",\"inLanguage\":\"pt-BR\",\"@id\":\"https:\/\/franciscanos.org.br\/noticias\/#\/schema\/person\/image\/\",\"url\":\"https:\/\/secure.gravatar.com\/avatar\/d08aa2ce4c8dd416d4479aa8536fcf64?s=96&d=mm&r=g\",\"contentUrl\":\"https:\/\/secure.gravatar.com\/avatar\/d08aa2ce4c8dd416d4479aa8536fcf64?s=96&d=mm&r=g\",\"caption\":\"moacir\"},\"url\":\"https:\/\/franciscanos.org.br\/noticias\/author\/moacir\"}]}<\/script>\n<!-- \/ Yoast SEO plugin. -->","yoast_head_json":{"title":"Frei Bruno e Frei Ruan fazem a Profiss\u00e3o Solene neste s\u00e1bado - Not\u00edcias - Franciscanos","robots":{"index":"index","follow":"follow","max-snippet":"max-snippet:-1","max-image-preview":"max-image-preview:large","max-video-preview":"max-video-preview:-1"},"canonical":"https:\/\/franciscanos.org.br\/noticias\/frei-bruno-e-frei-ruan-fazem-a-profissao-solene-no-dia-16.html","og_locale":"pt_BR","og_type":"article","og_title":"Frei Bruno e Frei Ruan fazem a Profiss\u00e3o Solene neste s\u00e1bado - Not\u00edcias - Franciscanos","og_description":"Forma\u00e7\u00e3o e Estudos","og_url":"https:\/\/franciscanos.org.br\/noticias\/frei-bruno-e-frei-ruan-fazem-a-profissao-solene-no-dia-16.html","og_site_name":"Not\u00edcias - Franciscanos","article_published_time":"2023-09-15T03:13:32+00:00","article_modified_time":"2025-03-10T18:44:09+00:00","og_image":[{"width":1280,"height":720,"url":"https:\/\/franciscanos.org.br\/noticias\/wp-content\/uploads\/2023\/09\/professos_05.jpg","type":"image\/jpeg"}],"author":"moacir","twitter_card":"summary_large_image","twitter_misc":{"Escrito por":"moacir","Est. tempo de leitura":"6 minutos"},"schema":{"@context":"https:\/\/schema.org","@graph":[{"@type":"WebSite","@id":"https:\/\/franciscanos.org.br\/noticias\/#website","url":"https:\/\/franciscanos.org.br\/noticias\/","name":"Not\u00edcias - Franciscanos","description":"Prov\u00edncia Franciscana da Imaculada Concei\u00e7\u00e3o do Brasil - Ordem dos Frades Menores - OFM","potentialAction":[{"@type":"SearchAction","target":{"@type":"EntryPoint","urlTemplate":"https:\/\/franciscanos.org.br\/noticias\/?s={search_term_string}"},"query-input":"required name=search_term_string"}],"inLanguage":"pt-BR"},{"@type":"ImageObject","inLanguage":"pt-BR","@id":"https:\/\/franciscanos.org.br\/noticias\/frei-bruno-e-frei-ruan-fazem-a-profissao-solene-no-dia-16.html#primaryimage","url":"https:\/\/franciscanos.org.br\/noticias\/wp-content\/uploads\/2023\/09\/professos_05.jpg","contentUrl":"https:\/\/franciscanos.org.br\/noticias\/wp-content\/uploads\/2023\/09\/professos_05.jpg","width":1280,"height":720},{"@type":"WebPage","@id":"https:\/\/franciscanos.org.br\/noticias\/frei-bruno-e-frei-ruan-fazem-a-profissao-solene-no-dia-16.html#webpage","url":"https:\/\/franciscanos.org.br\/noticias\/frei-bruno-e-frei-ruan-fazem-a-profissao-solene-no-dia-16.html","name":"Frei Bruno e Frei Ruan fazem a Profiss\u00e3o Solene neste s\u00e1bado - Not\u00edcias - Franciscanos","isPartOf":{"@id":"https:\/\/franciscanos.org.br\/noticias\/#website"},"primaryImageOfPage":{"@id":"https:\/\/franciscanos.org.br\/noticias\/frei-bruno-e-frei-ruan-fazem-a-profissao-solene-no-dia-16.html#primaryimage"},"datePublished":"2023-09-15T03:13:32+00:00","dateModified":"2025-03-10T18:44:09+00:00","author":{"@id":"https:\/\/franciscanos.org.br\/noticias\/#\/schema\/person\/b5c8cba458c330ccff548b056e95a5d4"},"breadcrumb":{"@id":"https:\/\/franciscanos.org.br\/noticias\/frei-bruno-e-frei-ruan-fazem-a-profissao-solene-no-dia-16.html#breadcrumb"},"inLanguage":"pt-BR","potentialAction":[{"@type":"ReadAction","target":["https:\/\/franciscanos.org.br\/noticias\/frei-bruno-e-frei-ruan-fazem-a-profissao-solene-no-dia-16.html"]}]},{"@type":"BreadcrumbList","@id":"https:\/\/franciscanos.org.br\/noticias\/frei-bruno-e-frei-ruan-fazem-a-profissao-solene-no-dia-16.html#breadcrumb","itemListElement":[{"@type":"ListItem","position":1,"name":"Home","item":"https:\/\/franciscanos.org.br\/noticias"},{"@type":"ListItem","position":2,"name":"Frei Bruno e Frei Ruan fazem a Profiss\u00e3o Solene neste s\u00e1bado"}]},{"@type":"Person","@id":"https:\/\/franciscanos.org.br\/noticias\/#\/schema\/person\/b5c8cba458c330ccff548b056e95a5d4","name":"moacir","image":{"@type":"ImageObject","inLanguage":"pt-BR","@id":"https:\/\/franciscanos.org.br\/noticias\/#\/schema\/person\/image\/","url":"https:\/\/secure.gravatar.com\/avatar\/d08aa2ce4c8dd416d4479aa8536fcf64?s=96&d=mm&r=g","contentUrl":"https:\/\/secure.gravatar.com\/avatar\/d08aa2ce4c8dd416d4479aa8536fcf64?s=96&d=mm&r=g","caption":"moacir"},"url":"https:\/\/franciscanos.org.br\/noticias\/author\/moacir"}]}},"_links":{"self":[{"href":"https:\/\/franciscanos.org.br\/noticias\/wp-json\/wp\/v2\/posts\/244651"}],"collection":[{"href":"https:\/\/franciscanos.org.br\/noticias\/wp-json\/wp\/v2\/posts"}],"about":[{"href":"https:\/\/franciscanos.org.br\/noticias\/wp-json\/wp\/v2\/types\/post"}],"author":[{"embeddable":true,"href":"https:\/\/franciscanos.org.br\/noticias\/wp-json\/wp\/v2\/users\/3"}],"replies":[{"embeddable":true,"href":"https:\/\/franciscanos.org.br\/noticias\/wp-json\/wp\/v2\/comments?post=244651"}],"version-history":[{"count":8,"href":"https:\/\/franciscanos.org.br\/noticias\/wp-json\/wp\/v2\/posts\/244651\/revisions"}],"predecessor-version":[{"id":244731,"href":"https:\/\/franciscanos.org.br\/noticias\/wp-json\/wp\/v2\/posts\/244651\/revisions\/244731"}],"wp:featuredmedia":[{"embeddable":true,"href":"https:\/\/franciscanos.org.br\/noticias\/wp-json\/wp\/v2\/media\/244653"}],"wp:attachment":[{"href":"https:\/\/franciscanos.org.br\/noticias\/wp-json\/wp\/v2\/media?parent=244651"}],"wp:term":[{"taxonomy":"category","embeddable":true,"href":"https:\/\/franciscanos.org.br\/noticias\/wp-json\/wp\/v2\/categories?post=244651"},{"taxonomy":"post_tag","embeddable":true,"href":"https:\/\/franciscanos.org.br\/noticias\/wp-json\/wp\/v2\/tags?post=244651"}],"curies":[{"name":"wp","href":"https:\/\/api.w.org\/{rel}","templated":true}]}}