{"id":244644,"date":"2023-09-05T10:30:22","date_gmt":"2023-09-05T13:30:22","guid":{"rendered":"https:\/\/franciscanos.org.br\/noticias\/?p=244644"},"modified":"2023-09-05T14:28:02","modified_gmt":"2023-09-05T17:28:02","slug":"aos-86-anos-falece-frei-joao-spohn-em-coronel-vivida","status":"publish","type":"post","link":"https:\/\/franciscanos.org.br\/noticias\/aos-86-anos-falece-frei-joao-spohn-em-coronel-vivida.html","title":{"rendered":"Aos 86 anos, falece Frei Jo\u00e3o Spohn em Coronel Vivida"},"content":{"rendered":"<p><img loading=\"lazy\" class=\" wp-image-244645 alignright\" src=\"https:\/\/franciscanos.org.br\/noticias\/wp-content\/uploads\/2023\/09\/Joao-Gualberto-Spon.jpg\" alt=\"\" width=\"468\" height=\"554\" srcset=\"https:\/\/franciscanos.org.br\/noticias\/wp-content\/uploads\/2023\/09\/Joao-Gualberto-Spon.jpg 1030w, https:\/\/franciscanos.org.br\/noticias\/wp-content\/uploads\/2023\/09\/Joao-Gualberto-Spon-380x450.jpg 380w, https:\/\/franciscanos.org.br\/noticias\/wp-content\/uploads\/2023\/09\/Joao-Gualberto-Spon-865x1024.jpg 865w, https:\/\/franciscanos.org.br\/noticias\/wp-content\/uploads\/2023\/09\/Joao-Gualberto-Spon-768x909.jpg 768w, https:\/\/franciscanos.org.br\/noticias\/wp-content\/uploads\/2023\/09\/Joao-Gualberto-Spon-150x178.jpg 150w\" sizes=\"(max-width: 468px) 100vw, 468px\" \/>Aos 86 anos, faleceu na manh\u00e3 desta ter\u00e7a-feira (05) Frei Jo\u00e3o Spohn. Ele estava internado na cidade de Coronel Vivida devido a complica\u00e7\u00f5es nos rins e cora\u00e7\u00e3o. Segundo Frei Junior Mendes, falando em nome do guardi\u00e3o da Fraternidade, Frei Olivo Marafon, o frade j\u00e1 fazia tratamento do cora\u00e7\u00e3o h\u00e1 mais tempo. &#8220;Ultimamente ele vinha se sentindo fraco e, na semana passada, o levamos \u00e0 sua m\u00e9dica, que constatou infec\u00e7\u00e3o nos rins. Internado, o seu quadro s\u00f3 foi se agravando at\u00e9 vir a \u00f3bito nesta manh\u00e3&#8221;, explicou Frei Junior Mendes.<\/p>\n<p>Frei Jo\u00e3o \u00e9 muito conhecido em Chopinzinho e regi\u00e3o pelo seu trabalho na educa\u00e7\u00e3o. Com seis cursos superiores, sendo cinco reconhecidos pelo Minist\u00e9rio da Educa\u00e7\u00e3o (MEC), foi diretor de duas escolas municipais e Inspetor Regional de Ensino, abrangendo os munic\u00edpios de Chopinzinho, Coronel Vivida, S\u00e3o Jo\u00e3o e S\u00e3o Jorge do Oeste, durante quatorze anos.<\/p>\n<p>No dia 15 de dezembro de 2023 completaria 58 anos de sacerd\u00f3cio, sendo 57 anos somente na Par\u00f3quia S\u00e3o Francisco de Assis de Chopinzinho, sudoeste do Paran\u00e1.<\/p>\n<p>O corpo de Frei Jo\u00e3o ser\u00e1 velado a partir das 14h30 desta ter\u00e7a-feira (05) na Igreja Matriz, haver\u00e1 missa as 15 horas. A missa de despedida ser\u00e1 na quarta-feira (06), as 9 horas na Igreja Matriz.<\/p>\n<div><strong>HIST\u00d3RICO<\/strong><\/div>\n<div><b>Nascimento:<\/b>\u00a031\/05\/1937 (86 anos)<\/div>\n<div><b>Natural de:\u00a0<\/b>Erechim, RS<\/div>\n<div><b>Vesti\u00e7\u00e3o:\u00a0<\/b>19\/12\/1959<\/div>\n<div><b>Primeira Profiss\u00e3o:\u00a0<\/b>20\/12\/1960 (62 anos)<\/div>\n<div><b>Profiss\u00e3o Solene:<\/b>\u00a001\/02\/1964<\/div>\n<div><b>Ordena\u00e7\u00e3o Presbiteral:<\/b>\u00a015\/12\/1965 (57 anos)<\/div>\n<div>\n<b>1960 \u2013\u00a0<\/b>Fraternidade S\u00e3o Francisco de Assis (Rodeio, SC) como novi\u00e7o.<br \/>\n<b>1961-1962 \u2013<\/b>\u00a0Fraternidade Bom Jesus dos Perd\u00f5es (Curitiba, PR), para estudos filos\u00f3ficos.<br \/>\n<b>1963-1966 \u2013<\/b>\u00a0Fraternidade Franciscana Sagrado Cora\u00e7\u00e3o de Jesus (Petr\u00f3polis, RJ) para estudos teol\u00f3gicos.<br \/>\n<b>1967-2023 \u2013\u00a0<\/b>Fraternidade Franciscana S\u00e3o Francisco (Chopinzinho, PR), tendo sido p\u00e1roco e vig\u00e1rio.<\/div>\n<div><\/div>\n<div><strong>O FRADE MENOR<\/strong><\/div>\n<div>Em 17 de dezembro de 1966, Frei Jo\u00e3o foi transferido de Petr\u00f3polis (RJ) para Chopinzinho (PR) onde residia at\u00e9 hoje perfazendo um total de 57 anos. A chegada de Frei Jo\u00e3o na Par\u00f3quia S\u00e3o Francisco de Assis coincidiu com o final do Conc\u00edlio Vaticano II e trouxe a Liturgia Renovada. Dedicou-se intensamente na catequese de adultos e de crian\u00e7as e na forma\u00e7\u00e3o de catequistas e demais trabalhos pastorais junto com Frei Vito Berscheid.<\/p>\n<p>Em Chopinzinho, continuou a estudar e aperfei\u00e7oar-se nos estudos. Estudou Filosofia e Letras, Portugu\u00eas-Franc\u00eas, em Palmas (PR). Estudou Pedagogia com habilita\u00e7\u00e3o em Orienta\u00e7\u00e3o Educacional, em Passo Fundo (RS). Estudou Pedagogia com habilita\u00e7\u00e3o Inspe\u00e7\u00e3o Escolar e Administra\u00e7\u00e3o Escolar em S\u00e3o Jo\u00e3o Del Rey (MG). Portanto, s\u00e3o seis cursos superiores, cinco com Registros no MEC.<\/p>\n<p>Em 25 de janeiro de 1969, pelo Decreto n\u00ba. 14019, foi nomeado Inspetor Regional de Ensino, abrangendo os munic\u00edpios de Chopinzinho, Coronel Vivida, S\u00e3o Jo\u00e3o e S\u00e3o Jorge do Oeste, assumindo esta fun\u00e7\u00e3o no dia 10\/02\/1969, exercendo at\u00e9 06\/06\/1983, durante 14 anos. Em 1980 fez e passou em concurso p\u00fablico da Rede Estadual de ensino na disciplina de Portugu\u00eas.<\/p>\n<p>Em 1983 assumiu a Secretaria da Escola Coronel Santiago Dantas, deixando esta Secretaria em 13\/01\/1988 para assumir, no dia 14 de janeiro, a Dire\u00e7\u00e3o da Escola Estadual Santiago Dantas at\u00e9 o dia 01\/02\/1993. De fevereiro de 1993 at\u00e9 novembro de 2012 foi Diretor da Escola Municipal Tasso Azevedo da Silveira.<\/p>\n<p>Durante todos esses anos al\u00e9m de atender a Educa\u00e7\u00e3o, nunca deixou de ajudar na Par\u00f3quia: nas Missas, \u00a0batizados, casamentos, b\u00ean\u00e7\u00e3os, Primeira Eucaristia, anivers\u00e1rios de casamento, confiss\u00f5es, un\u00e7\u00e3o dos enfermos e outros tantos trabalhos, sempre pronto a atender a popula\u00e7\u00e3o, com seu carisma e humildade. Frei Jo\u00e3o dos filminhos em slides, dos pequenos fatos e historinhas. S\u00e3o 58 anos de trabalho, lutas, vit\u00f3rias, de altos e baixos, mas sempre tendo Deus acima de tudo.<\/p>\n<p>No domingo (13\/12\/2015) aconteceu a Missa e almo\u00e7o para celebrar os 50 anos de sacerd\u00f3cio. A Matriz ficou pequena para o alto n\u00famero de pessoas presentes para agradecer o frade.<\/p>\n<p>Depois de tantas homenagens e carinho dos mun\u00edcipes, Frei Jo\u00e3o deixou um recado de agradecimento: &#8220;Eu s\u00f3 posso agradecer a todo povo de Chopinzinho. Diz a hist\u00f3ria, quem faz o bem, esse bem retorna em dobro, ent\u00e3o que todos recebam em dobro tudo o que fizeram de maravilhoso para a gente\u201d.<\/p>\n<p>Em 4 de dezembro de 1996, recebeu da C\u00e2mara Municipal de Chopinzinho o t\u00edtulo de Cidad\u00e3o Honor\u00e1rio pelos &#8220;relevantes servi\u00e7os prestados \u00e0 comunidade chopinzinhense na \u00e1rea religiosa, social e educacional&#8221;.<\/p><\/div>\n<div>\nQue este confrade, pela miseric\u00f3rdia de Deus, descanse em paz!<\/div>\n<hr \/>\n<p><em>Com informa\u00e7\u00f5es do Grupo RBJ de Comunica\u00e7\u00e3o (<a href=\"https:\/\/rbj.com.br\">https:\/\/rbj.com.br<\/a>)<\/em><\/p>\n<p>&nbsp;<\/p>\n","protected":false},"excerpt":{"rendered":"<p>Prov\u00edncia de luto<\/p>\n","protected":false},"author":3,"featured_media":244646,"comment_status":"open","ping_status":"open","sticky":false,"template":"","format":"standard","meta":[],"categories":[1],"tags":[1160],"acf":[],"yoast_head":"<!-- This site is optimized with the Yoast SEO plugin v19.2 - https:\/\/yoast.com\/wordpress\/plugins\/seo\/ -->\n<title>Aos 86 anos, falece Frei Jo\u00e3o Spohn em Coronel Vivida - Not\u00edcias - Franciscanos<\/title>\n<meta name=\"robots\" content=\"index, follow, max-snippet:-1, max-image-preview:large, max-video-preview:-1\" \/>\n<link rel=\"canonical\" href=\"https:\/\/franciscanos.org.br\/noticias\/aos-86-anos-falece-frei-joao-spohn-em-coronel-vivida.html\" \/>\n<meta property=\"og:locale\" content=\"pt_BR\" \/>\n<meta property=\"og:type\" content=\"article\" \/>\n<meta property=\"og:title\" content=\"Aos 86 anos, falece Frei Jo\u00e3o Spohn em Coronel Vivida - Not\u00edcias - Franciscanos\" \/>\n<meta property=\"og:description\" content=\"Prov\u00edncia de luto\" \/>\n<meta property=\"og:url\" content=\"https:\/\/franciscanos.org.br\/noticias\/aos-86-anos-falece-frei-joao-spohn-em-coronel-vivida.html\" \/>\n<meta property=\"og:site_name\" content=\"Not\u00edcias - Franciscanos\" \/>\n<meta property=\"article:published_time\" content=\"2023-09-05T13:30:22+00:00\" \/>\n<meta property=\"article:modified_time\" content=\"2023-09-05T17:28:02+00:00\" \/>\n<meta property=\"og:image\" content=\"https:\/\/franciscanos.org.br\/noticias\/wp-content\/uploads\/2023\/09\/joao_d.jpg\" \/>\n\t<meta property=\"og:image:width\" content=\"800\" \/>\n\t<meta property=\"og:image:height\" content=\"550\" \/>\n\t<meta property=\"og:image:type\" content=\"image\/jpeg\" \/>\n<meta name=\"author\" content=\"moacir\" \/>\n<meta name=\"twitter:card\" content=\"summary_large_image\" \/>\n<meta name=\"twitter:label1\" content=\"Escrito por\" \/>\n\t<meta name=\"twitter:data1\" content=\"moacir\" \/>\n\t<meta name=\"twitter:label2\" content=\"Est. tempo de leitura\" \/>\n\t<meta name=\"twitter:data2\" content=\"4 minutos\" \/>\n<script type=\"application\/ld+json\" class=\"yoast-schema-graph\">{\"@context\":\"https:\/\/schema.org\",\"@graph\":[{\"@type\":\"WebSite\",\"@id\":\"https:\/\/franciscanos.org.br\/noticias\/#website\",\"url\":\"https:\/\/franciscanos.org.br\/noticias\/\",\"name\":\"Not\u00edcias - Franciscanos\",\"description\":\"Prov\u00edncia Franciscana da Imaculada Concei\u00e7\u00e3o do Brasil - Ordem dos Frades Menores - OFM\",\"potentialAction\":[{\"@type\":\"SearchAction\",\"target\":{\"@type\":\"EntryPoint\",\"urlTemplate\":\"https:\/\/franciscanos.org.br\/noticias\/?s={search_term_string}\"},\"query-input\":\"required name=search_term_string\"}],\"inLanguage\":\"pt-BR\"},{\"@type\":\"ImageObject\",\"inLanguage\":\"pt-BR\",\"@id\":\"https:\/\/franciscanos.org.br\/noticias\/aos-86-anos-falece-frei-joao-spohn-em-coronel-vivida.html#primaryimage\",\"url\":\"https:\/\/franciscanos.org.br\/noticias\/wp-content\/uploads\/2023\/09\/joao_d.jpg\",\"contentUrl\":\"https:\/\/franciscanos.org.br\/noticias\/wp-content\/uploads\/2023\/09\/joao_d.jpg\",\"width\":800,\"height\":550},{\"@type\":\"WebPage\",\"@id\":\"https:\/\/franciscanos.org.br\/noticias\/aos-86-anos-falece-frei-joao-spohn-em-coronel-vivida.html#webpage\",\"url\":\"https:\/\/franciscanos.org.br\/noticias\/aos-86-anos-falece-frei-joao-spohn-em-coronel-vivida.html\",\"name\":\"Aos 86 anos, falece Frei Jo\u00e3o Spohn em Coronel Vivida - Not\u00edcias - Franciscanos\",\"isPartOf\":{\"@id\":\"https:\/\/franciscanos.org.br\/noticias\/#website\"},\"primaryImageOfPage\":{\"@id\":\"https:\/\/franciscanos.org.br\/noticias\/aos-86-anos-falece-frei-joao-spohn-em-coronel-vivida.html#primaryimage\"},\"datePublished\":\"2023-09-05T13:30:22+00:00\",\"dateModified\":\"2023-09-05T17:28:02+00:00\",\"author\":{\"@id\":\"https:\/\/franciscanos.org.br\/noticias\/#\/schema\/person\/b5c8cba458c330ccff548b056e95a5d4\"},\"breadcrumb\":{\"@id\":\"https:\/\/franciscanos.org.br\/noticias\/aos-86-anos-falece-frei-joao-spohn-em-coronel-vivida.html#breadcrumb\"},\"inLanguage\":\"pt-BR\",\"potentialAction\":[{\"@type\":\"ReadAction\",\"target\":[\"https:\/\/franciscanos.org.br\/noticias\/aos-86-anos-falece-frei-joao-spohn-em-coronel-vivida.html\"]}]},{\"@type\":\"BreadcrumbList\",\"@id\":\"https:\/\/franciscanos.org.br\/noticias\/aos-86-anos-falece-frei-joao-spohn-em-coronel-vivida.html#breadcrumb\",\"itemListElement\":[{\"@type\":\"ListItem\",\"position\":1,\"name\":\"Home\",\"item\":\"https:\/\/franciscanos.org.br\/noticias\"},{\"@type\":\"ListItem\",\"position\":2,\"name\":\"Aos 86 anos, falece Frei Jo\u00e3o Spohn em Coronel Vivida\"}]},{\"@type\":\"Person\",\"@id\":\"https:\/\/franciscanos.org.br\/noticias\/#\/schema\/person\/b5c8cba458c330ccff548b056e95a5d4\",\"name\":\"moacir\",\"image\":{\"@type\":\"ImageObject\",\"inLanguage\":\"pt-BR\",\"@id\":\"https:\/\/franciscanos.org.br\/noticias\/#\/schema\/person\/image\/\",\"url\":\"https:\/\/secure.gravatar.com\/avatar\/d08aa2ce4c8dd416d4479aa8536fcf64?s=96&d=mm&r=g\",\"contentUrl\":\"https:\/\/secure.gravatar.com\/avatar\/d08aa2ce4c8dd416d4479aa8536fcf64?s=96&d=mm&r=g\",\"caption\":\"moacir\"},\"url\":\"https:\/\/franciscanos.org.br\/noticias\/author\/moacir\"}]}<\/script>\n<!-- \/ Yoast SEO plugin. -->","yoast_head_json":{"title":"Aos 86 anos, falece Frei Jo\u00e3o Spohn em Coronel Vivida - Not\u00edcias - Franciscanos","robots":{"index":"index","follow":"follow","max-snippet":"max-snippet:-1","max-image-preview":"max-image-preview:large","max-video-preview":"max-video-preview:-1"},"canonical":"https:\/\/franciscanos.org.br\/noticias\/aos-86-anos-falece-frei-joao-spohn-em-coronel-vivida.html","og_locale":"pt_BR","og_type":"article","og_title":"Aos 86 anos, falece Frei Jo\u00e3o Spohn em Coronel Vivida - Not\u00edcias - Franciscanos","og_description":"Prov\u00edncia de luto","og_url":"https:\/\/franciscanos.org.br\/noticias\/aos-86-anos-falece-frei-joao-spohn-em-coronel-vivida.html","og_site_name":"Not\u00edcias - Franciscanos","article_published_time":"2023-09-05T13:30:22+00:00","article_modified_time":"2023-09-05T17:28:02+00:00","og_image":[{"width":800,"height":550,"url":"https:\/\/franciscanos.org.br\/noticias\/wp-content\/uploads\/2023\/09\/joao_d.jpg","type":"image\/jpeg"}],"author":"moacir","twitter_card":"summary_large_image","twitter_misc":{"Escrito por":"moacir","Est. tempo de leitura":"4 minutos"},"schema":{"@context":"https:\/\/schema.org","@graph":[{"@type":"WebSite","@id":"https:\/\/franciscanos.org.br\/noticias\/#website","url":"https:\/\/franciscanos.org.br\/noticias\/","name":"Not\u00edcias - Franciscanos","description":"Prov\u00edncia Franciscana da Imaculada Concei\u00e7\u00e3o do Brasil - Ordem dos Frades Menores - OFM","potentialAction":[{"@type":"SearchAction","target":{"@type":"EntryPoint","urlTemplate":"https:\/\/franciscanos.org.br\/noticias\/?s={search_term_string}"},"query-input":"required name=search_term_string"}],"inLanguage":"pt-BR"},{"@type":"ImageObject","inLanguage":"pt-BR","@id":"https:\/\/franciscanos.org.br\/noticias\/aos-86-anos-falece-frei-joao-spohn-em-coronel-vivida.html#primaryimage","url":"https:\/\/franciscanos.org.br\/noticias\/wp-content\/uploads\/2023\/09\/joao_d.jpg","contentUrl":"https:\/\/franciscanos.org.br\/noticias\/wp-content\/uploads\/2023\/09\/joao_d.jpg","width":800,"height":550},{"@type":"WebPage","@id":"https:\/\/franciscanos.org.br\/noticias\/aos-86-anos-falece-frei-joao-spohn-em-coronel-vivida.html#webpage","url":"https:\/\/franciscanos.org.br\/noticias\/aos-86-anos-falece-frei-joao-spohn-em-coronel-vivida.html","name":"Aos 86 anos, falece Frei Jo\u00e3o Spohn em Coronel Vivida - Not\u00edcias - Franciscanos","isPartOf":{"@id":"https:\/\/franciscanos.org.br\/noticias\/#website"},"primaryImageOfPage":{"@id":"https:\/\/franciscanos.org.br\/noticias\/aos-86-anos-falece-frei-joao-spohn-em-coronel-vivida.html#primaryimage"},"datePublished":"2023-09-05T13:30:22+00:00","dateModified":"2023-09-05T17:28:02+00:00","author":{"@id":"https:\/\/franciscanos.org.br\/noticias\/#\/schema\/person\/b5c8cba458c330ccff548b056e95a5d4"},"breadcrumb":{"@id":"https:\/\/franciscanos.org.br\/noticias\/aos-86-anos-falece-frei-joao-spohn-em-coronel-vivida.html#breadcrumb"},"inLanguage":"pt-BR","potentialAction":[{"@type":"ReadAction","target":["https:\/\/franciscanos.org.br\/noticias\/aos-86-anos-falece-frei-joao-spohn-em-coronel-vivida.html"]}]},{"@type":"BreadcrumbList","@id":"https:\/\/franciscanos.org.br\/noticias\/aos-86-anos-falece-frei-joao-spohn-em-coronel-vivida.html#breadcrumb","itemListElement":[{"@type":"ListItem","position":1,"name":"Home","item":"https:\/\/franciscanos.org.br\/noticias"},{"@type":"ListItem","position":2,"name":"Aos 86 anos, falece Frei Jo\u00e3o Spohn em Coronel Vivida"}]},{"@type":"Person","@id":"https:\/\/franciscanos.org.br\/noticias\/#\/schema\/person\/b5c8cba458c330ccff548b056e95a5d4","name":"moacir","image":{"@type":"ImageObject","inLanguage":"pt-BR","@id":"https:\/\/franciscanos.org.br\/noticias\/#\/schema\/person\/image\/","url":"https:\/\/secure.gravatar.com\/avatar\/d08aa2ce4c8dd416d4479aa8536fcf64?s=96&d=mm&r=g","contentUrl":"https:\/\/secure.gravatar.com\/avatar\/d08aa2ce4c8dd416d4479aa8536fcf64?s=96&d=mm&r=g","caption":"moacir"},"url":"https:\/\/franciscanos.org.br\/noticias\/author\/moacir"}]}},"_links":{"self":[{"href":"https:\/\/franciscanos.org.br\/noticias\/wp-json\/wp\/v2\/posts\/244644"}],"collection":[{"href":"https:\/\/franciscanos.org.br\/noticias\/wp-json\/wp\/v2\/posts"}],"about":[{"href":"https:\/\/franciscanos.org.br\/noticias\/wp-json\/wp\/v2\/types\/post"}],"author":[{"embeddable":true,"href":"https:\/\/franciscanos.org.br\/noticias\/wp-json\/wp\/v2\/users\/3"}],"replies":[{"embeddable":true,"href":"https:\/\/franciscanos.org.br\/noticias\/wp-json\/wp\/v2\/comments?post=244644"}],"version-history":[{"count":5,"href":"https:\/\/franciscanos.org.br\/noticias\/wp-json\/wp\/v2\/posts\/244644\/revisions"}],"predecessor-version":[{"id":244663,"href":"https:\/\/franciscanos.org.br\/noticias\/wp-json\/wp\/v2\/posts\/244644\/revisions\/244663"}],"wp:featuredmedia":[{"embeddable":true,"href":"https:\/\/franciscanos.org.br\/noticias\/wp-json\/wp\/v2\/media\/244646"}],"wp:attachment":[{"href":"https:\/\/franciscanos.org.br\/noticias\/wp-json\/wp\/v2\/media?parent=244644"}],"wp:term":[{"taxonomy":"category","embeddable":true,"href":"https:\/\/franciscanos.org.br\/noticias\/wp-json\/wp\/v2\/categories?post=244644"},{"taxonomy":"post_tag","embeddable":true,"href":"https:\/\/franciscanos.org.br\/noticias\/wp-json\/wp\/v2\/tags?post=244644"}],"curies":[{"name":"wp","href":"https:\/\/api.w.org\/{rel}","templated":true}]}}