{"id":244641,"date":"2023-09-05T08:20:33","date_gmt":"2023-09-05T11:20:33","guid":{"rendered":"https:\/\/franciscanos.org.br\/noticias\/?p=244641"},"modified":"2023-09-05T08:20:33","modified_gmt":"2023-09-05T11:20:33","slug":"a-internacionalidade-e-a-interculturalidade-sao-nossas-caracteristicas-diz-ministro-geral-em-sua-coluna","status":"publish","type":"post","link":"https:\/\/franciscanos.org.br\/noticias\/a-internacionalidade-e-a-interculturalidade-sao-nossas-caracteristicas-diz-ministro-geral-em-sua-coluna.html","title":{"rendered":"&#8220;A internacionalidade e a interculturalidade s\u00e3o nossas caracter\u00edsticas&#8221;, diz Ministro Geral em sua coluna"},"content":{"rendered":"<p><img loading=\"lazy\" class=\"alignnone size-full wp-image-244642\" src=\"https:\/\/franciscanos.org.br\/noticias\/wp-content\/uploads\/2023\/09\/ponto_geral.jpg\" alt=\"\" width=\"1280\" height=\"720\" srcset=\"https:\/\/franciscanos.org.br\/noticias\/wp-content\/uploads\/2023\/09\/ponto_geral.jpg 1280w, https:\/\/franciscanos.org.br\/noticias\/wp-content\/uploads\/2023\/09\/ponto_geral-450x253.jpg 450w, https:\/\/franciscanos.org.br\/noticias\/wp-content\/uploads\/2023\/09\/ponto_geral-1024x576.jpg 1024w, https:\/\/franciscanos.org.br\/noticias\/wp-content\/uploads\/2023\/09\/ponto_geral-768x432.jpg 768w, https:\/\/franciscanos.org.br\/noticias\/wp-content\/uploads\/2023\/09\/ponto_geral-150x84.jpg 150w\" sizes=\"(max-width: 1280px) 100vw, 1280px\" \/><\/p>\n<p style=\"background: white;\"><span style=\"font-size: 13.5pt; font-family: 'Arial',sans-serif; color: #212529;\">Nas visitas aos frades em diversas partes do mundo, experimento em primeira m\u00e3o como muitas das nossas Entidades re\u00fanem irm\u00e3os que v\u00eam de diferentes culturas, l\u00ednguas, povos, etnias. Muitas vezes, nos respectivos pa\u00edses, estas diferen\u00e7as s\u00e3o para os povos uma fonte de conflitos muito fortes, que em alguns casos conduzem mesmo \u00e0 viol\u00eancia.<\/span><\/p>\n<p style=\"background: white;\"><span style=\"font-size: 13.5pt; font-family: 'Arial',sans-serif; color: #212529;\">Este mosaico de \u00abpessoas de todas as tribos, l\u00ednguas, povos e na\u00e7\u00f5es\u00bb (Ap 5,9) oferece-nos a oportunidade de <strong>um testemunho prof\u00e9tico do Evangelho<\/strong>, que \u00e9 dirigido a todos os povos, sem exclus\u00e3o.<\/span><\/p>\n<p style=\"background: white;\"><span style=\"font-size: 13.5pt; font-family: 'Arial',sans-serif; color: #212529;\">Na sua hist\u00f3ria mission\u00e1ria, a Ordem n\u00e3o formou Entidades com base na filia\u00e7\u00e3o \u00e9tnica ou tribal, mesmo ao custo de ter menos voca\u00e7\u00f5es por este motivo. A <strong>internacionalidade e a interculturalidade<\/strong> s\u00e3o, portanto, as nossas caracter\u00edsticas desde o in\u00edcio e precisamos valoriz\u00e1-las e aprender a pratic\u00e1-las novamente.<\/span><\/p>\n<p style=\"background: white;\"><span style=\"font-size: 13.5pt; font-family: 'Arial',sans-serif; color: #212529;\">H\u00e1 aqui um apelo a \u201campliar o espa\u00e7o da nossa tenda\u201d, tornando-nos uma fraternidade cada vez mais hospitaleira.<\/span><\/p>\n<p style=\"background: white;\"><span style=\"font-size: 13.5pt; font-family: 'Arial',sans-serif; color: #212529;\">A vida segundo o Evangelho \u00e9 o que nos une como irm\u00e3os e menores e nos permite viver em comunh\u00e3o com muitos.<\/span><\/p>\n<p style=\"background: white;\"><span style=\"font-size: 13.5pt; font-family: 'Arial',sans-serif; color: #212529;\">O Esp\u00edrito do Senhor faz crescer a nossa unidade atrav\u00e9s das muitas diferen\u00e7as que nos caracterizam: <strong>da Babel a Pentecostes.<\/strong><\/span><\/p>\n<p style=\"background: white;\"><span style=\"font-size: 13.5pt; font-family: 'Arial',sans-serif; color: #212529;\"><strong>Ultrapassar fronteiras e barreiras<\/strong> foi o caminho do nosso Irm\u00e3o Francisco, dos leprosos aos infi\u00e9is, dos pecadores aos mais distantes. Num mundo em que tantos migram e atravessam barreiras e muitos outros se fecham nelas, podemos nos tornar sinal de uma fraternidade evang\u00e9lica que abre portas, onde todos possam sentir-se em casa, onde o Esp\u00edrito cria incansavelmente uma nova realidade de comunh\u00e3o.<\/span><\/p>\n<p style=\"margin-top: 0cm; background: white;\"><span style=\"font-size: 13.5pt; font-family: 'Arial',sans-serif; color: #212529;\">O S\u00ednodo que se aproxima \u00e9 uma oportunidade para crescer nesta sensibilidade se, ouvindo as diferentes vozes,<strong> estivermos dispostos a aprender com os outros e n\u00e3o apenas a ensinar.<\/strong> Desta forma daremos a nossa contribui\u00e7\u00e3o \u00e0 Igreja, que \u00e9 peregrina entre os homens e as mulheres do nosso tempo.<\/span><\/p>\n<hr \/>\n<p style=\"padding-left: 40px;\"><strong>Frei Massimo Fusarelli, OFM<\/strong><\/p>\n<p style=\"padding-left: 40px;\"><em>Ministro Geral<\/em><\/p>\n<p style=\"padding-left: 40px;\">Ordem dos Frades Menores<\/p>\n","protected":false},"excerpt":{"rendered":"<p>OFM<\/p>\n","protected":false},"author":3,"featured_media":244642,"comment_status":"open","ping_status":"open","sticky":false,"template":"","format":"standard","meta":[],"categories":[1],"tags":[397],"acf":[],"yoast_head":"<!-- This site is optimized with the Yoast SEO plugin v19.2 - https:\/\/yoast.com\/wordpress\/plugins\/seo\/ -->\n<title>&quot;A internacionalidade e a interculturalidade s\u00e3o nossas caracter\u00edsticas&quot;, diz Ministro Geral em sua coluna - Not\u00edcias - Franciscanos<\/title>\n<meta name=\"robots\" content=\"index, follow, max-snippet:-1, max-image-preview:large, max-video-preview:-1\" \/>\n<link rel=\"canonical\" href=\"https:\/\/franciscanos.org.br\/noticias\/a-internacionalidade-e-a-interculturalidade-sao-nossas-caracteristicas-diz-ministro-geral-em-sua-coluna.html\" \/>\n<meta property=\"og:locale\" content=\"pt_BR\" \/>\n<meta property=\"og:type\" content=\"article\" \/>\n<meta property=\"og:title\" content=\"&quot;A internacionalidade e a interculturalidade s\u00e3o nossas caracter\u00edsticas&quot;, diz Ministro Geral em sua coluna - Not\u00edcias - Franciscanos\" \/>\n<meta property=\"og:description\" content=\"OFM\" \/>\n<meta property=\"og:url\" content=\"https:\/\/franciscanos.org.br\/noticias\/a-internacionalidade-e-a-interculturalidade-sao-nossas-caracteristicas-diz-ministro-geral-em-sua-coluna.html\" \/>\n<meta property=\"og:site_name\" content=\"Not\u00edcias - Franciscanos\" \/>\n<meta property=\"article:published_time\" content=\"2023-09-05T11:20:33+00:00\" \/>\n<meta property=\"og:image\" content=\"https:\/\/franciscanos.org.br\/noticias\/wp-content\/uploads\/2023\/09\/ponto_geral.jpg\" \/>\n\t<meta property=\"og:image:width\" content=\"1280\" \/>\n\t<meta property=\"og:image:height\" content=\"720\" \/>\n\t<meta property=\"og:image:type\" content=\"image\/jpeg\" \/>\n<meta name=\"author\" content=\"moacir\" \/>\n<meta name=\"twitter:card\" content=\"summary_large_image\" \/>\n<meta name=\"twitter:label1\" content=\"Escrito por\" \/>\n\t<meta name=\"twitter:data1\" content=\"moacir\" \/>\n\t<meta name=\"twitter:label2\" content=\"Est. tempo de leitura\" \/>\n\t<meta name=\"twitter:data2\" content=\"2 minutos\" \/>\n<script type=\"application\/ld+json\" class=\"yoast-schema-graph\">{\"@context\":\"https:\/\/schema.org\",\"@graph\":[{\"@type\":\"WebSite\",\"@id\":\"https:\/\/franciscanos.org.br\/noticias\/#website\",\"url\":\"https:\/\/franciscanos.org.br\/noticias\/\",\"name\":\"Not\u00edcias - Franciscanos\",\"description\":\"Prov\u00edncia Franciscana da Imaculada Concei\u00e7\u00e3o do Brasil - Ordem dos Frades Menores - OFM\",\"potentialAction\":[{\"@type\":\"SearchAction\",\"target\":{\"@type\":\"EntryPoint\",\"urlTemplate\":\"https:\/\/franciscanos.org.br\/noticias\/?s={search_term_string}\"},\"query-input\":\"required name=search_term_string\"}],\"inLanguage\":\"pt-BR\"},{\"@type\":\"ImageObject\",\"inLanguage\":\"pt-BR\",\"@id\":\"https:\/\/franciscanos.org.br\/noticias\/a-internacionalidade-e-a-interculturalidade-sao-nossas-caracteristicas-diz-ministro-geral-em-sua-coluna.html#primaryimage\",\"url\":\"https:\/\/franciscanos.org.br\/noticias\/wp-content\/uploads\/2023\/09\/ponto_geral.jpg\",\"contentUrl\":\"https:\/\/franciscanos.org.br\/noticias\/wp-content\/uploads\/2023\/09\/ponto_geral.jpg\",\"width\":1280,\"height\":720},{\"@type\":\"WebPage\",\"@id\":\"https:\/\/franciscanos.org.br\/noticias\/a-internacionalidade-e-a-interculturalidade-sao-nossas-caracteristicas-diz-ministro-geral-em-sua-coluna.html#webpage\",\"url\":\"https:\/\/franciscanos.org.br\/noticias\/a-internacionalidade-e-a-interculturalidade-sao-nossas-caracteristicas-diz-ministro-geral-em-sua-coluna.html\",\"name\":\"\\\"A internacionalidade e a interculturalidade s\u00e3o nossas caracter\u00edsticas\\\", diz Ministro Geral em sua coluna - Not\u00edcias - Franciscanos\",\"isPartOf\":{\"@id\":\"https:\/\/franciscanos.org.br\/noticias\/#website\"},\"primaryImageOfPage\":{\"@id\":\"https:\/\/franciscanos.org.br\/noticias\/a-internacionalidade-e-a-interculturalidade-sao-nossas-caracteristicas-diz-ministro-geral-em-sua-coluna.html#primaryimage\"},\"datePublished\":\"2023-09-05T11:20:33+00:00\",\"dateModified\":\"2023-09-05T11:20:33+00:00\",\"author\":{\"@id\":\"https:\/\/franciscanos.org.br\/noticias\/#\/schema\/person\/b5c8cba458c330ccff548b056e95a5d4\"},\"breadcrumb\":{\"@id\":\"https:\/\/franciscanos.org.br\/noticias\/a-internacionalidade-e-a-interculturalidade-sao-nossas-caracteristicas-diz-ministro-geral-em-sua-coluna.html#breadcrumb\"},\"inLanguage\":\"pt-BR\",\"potentialAction\":[{\"@type\":\"ReadAction\",\"target\":[\"https:\/\/franciscanos.org.br\/noticias\/a-internacionalidade-e-a-interculturalidade-sao-nossas-caracteristicas-diz-ministro-geral-em-sua-coluna.html\"]}]},{\"@type\":\"BreadcrumbList\",\"@id\":\"https:\/\/franciscanos.org.br\/noticias\/a-internacionalidade-e-a-interculturalidade-sao-nossas-caracteristicas-diz-ministro-geral-em-sua-coluna.html#breadcrumb\",\"itemListElement\":[{\"@type\":\"ListItem\",\"position\":1,\"name\":\"Home\",\"item\":\"https:\/\/franciscanos.org.br\/noticias\"},{\"@type\":\"ListItem\",\"position\":2,\"name\":\"&#8220;A internacionalidade e a interculturalidade s\u00e3o nossas caracter\u00edsticas&#8221;, diz Ministro Geral em sua coluna\"}]},{\"@type\":\"Person\",\"@id\":\"https:\/\/franciscanos.org.br\/noticias\/#\/schema\/person\/b5c8cba458c330ccff548b056e95a5d4\",\"name\":\"moacir\",\"image\":{\"@type\":\"ImageObject\",\"inLanguage\":\"pt-BR\",\"@id\":\"https:\/\/franciscanos.org.br\/noticias\/#\/schema\/person\/image\/\",\"url\":\"https:\/\/secure.gravatar.com\/avatar\/d08aa2ce4c8dd416d4479aa8536fcf64?s=96&d=mm&r=g\",\"contentUrl\":\"https:\/\/secure.gravatar.com\/avatar\/d08aa2ce4c8dd416d4479aa8536fcf64?s=96&d=mm&r=g\",\"caption\":\"moacir\"},\"url\":\"https:\/\/franciscanos.org.br\/noticias\/author\/moacir\"}]}<\/script>\n<!-- \/ Yoast SEO plugin. -->","yoast_head_json":{"title":"\"A internacionalidade e a interculturalidade s\u00e3o nossas caracter\u00edsticas\", diz Ministro Geral em sua coluna - Not\u00edcias - Franciscanos","robots":{"index":"index","follow":"follow","max-snippet":"max-snippet:-1","max-image-preview":"max-image-preview:large","max-video-preview":"max-video-preview:-1"},"canonical":"https:\/\/franciscanos.org.br\/noticias\/a-internacionalidade-e-a-interculturalidade-sao-nossas-caracteristicas-diz-ministro-geral-em-sua-coluna.html","og_locale":"pt_BR","og_type":"article","og_title":"\"A internacionalidade e a interculturalidade s\u00e3o nossas caracter\u00edsticas\", diz Ministro Geral em sua coluna - Not\u00edcias - Franciscanos","og_description":"OFM","og_url":"https:\/\/franciscanos.org.br\/noticias\/a-internacionalidade-e-a-interculturalidade-sao-nossas-caracteristicas-diz-ministro-geral-em-sua-coluna.html","og_site_name":"Not\u00edcias - Franciscanos","article_published_time":"2023-09-05T11:20:33+00:00","og_image":[{"width":1280,"height":720,"url":"https:\/\/franciscanos.org.br\/noticias\/wp-content\/uploads\/2023\/09\/ponto_geral.jpg","type":"image\/jpeg"}],"author":"moacir","twitter_card":"summary_large_image","twitter_misc":{"Escrito por":"moacir","Est. tempo de leitura":"2 minutos"},"schema":{"@context":"https:\/\/schema.org","@graph":[{"@type":"WebSite","@id":"https:\/\/franciscanos.org.br\/noticias\/#website","url":"https:\/\/franciscanos.org.br\/noticias\/","name":"Not\u00edcias - Franciscanos","description":"Prov\u00edncia Franciscana da Imaculada Concei\u00e7\u00e3o do Brasil - Ordem dos Frades Menores - OFM","potentialAction":[{"@type":"SearchAction","target":{"@type":"EntryPoint","urlTemplate":"https:\/\/franciscanos.org.br\/noticias\/?s={search_term_string}"},"query-input":"required name=search_term_string"}],"inLanguage":"pt-BR"},{"@type":"ImageObject","inLanguage":"pt-BR","@id":"https:\/\/franciscanos.org.br\/noticias\/a-internacionalidade-e-a-interculturalidade-sao-nossas-caracteristicas-diz-ministro-geral-em-sua-coluna.html#primaryimage","url":"https:\/\/franciscanos.org.br\/noticias\/wp-content\/uploads\/2023\/09\/ponto_geral.jpg","contentUrl":"https:\/\/franciscanos.org.br\/noticias\/wp-content\/uploads\/2023\/09\/ponto_geral.jpg","width":1280,"height":720},{"@type":"WebPage","@id":"https:\/\/franciscanos.org.br\/noticias\/a-internacionalidade-e-a-interculturalidade-sao-nossas-caracteristicas-diz-ministro-geral-em-sua-coluna.html#webpage","url":"https:\/\/franciscanos.org.br\/noticias\/a-internacionalidade-e-a-interculturalidade-sao-nossas-caracteristicas-diz-ministro-geral-em-sua-coluna.html","name":"\"A internacionalidade e a interculturalidade s\u00e3o nossas caracter\u00edsticas\", diz Ministro Geral em sua coluna - Not\u00edcias - Franciscanos","isPartOf":{"@id":"https:\/\/franciscanos.org.br\/noticias\/#website"},"primaryImageOfPage":{"@id":"https:\/\/franciscanos.org.br\/noticias\/a-internacionalidade-e-a-interculturalidade-sao-nossas-caracteristicas-diz-ministro-geral-em-sua-coluna.html#primaryimage"},"datePublished":"2023-09-05T11:20:33+00:00","dateModified":"2023-09-05T11:20:33+00:00","author":{"@id":"https:\/\/franciscanos.org.br\/noticias\/#\/schema\/person\/b5c8cba458c330ccff548b056e95a5d4"},"breadcrumb":{"@id":"https:\/\/franciscanos.org.br\/noticias\/a-internacionalidade-e-a-interculturalidade-sao-nossas-caracteristicas-diz-ministro-geral-em-sua-coluna.html#breadcrumb"},"inLanguage":"pt-BR","potentialAction":[{"@type":"ReadAction","target":["https:\/\/franciscanos.org.br\/noticias\/a-internacionalidade-e-a-interculturalidade-sao-nossas-caracteristicas-diz-ministro-geral-em-sua-coluna.html"]}]},{"@type":"BreadcrumbList","@id":"https:\/\/franciscanos.org.br\/noticias\/a-internacionalidade-e-a-interculturalidade-sao-nossas-caracteristicas-diz-ministro-geral-em-sua-coluna.html#breadcrumb","itemListElement":[{"@type":"ListItem","position":1,"name":"Home","item":"https:\/\/franciscanos.org.br\/noticias"},{"@type":"ListItem","position":2,"name":"&#8220;A internacionalidade e a interculturalidade s\u00e3o nossas caracter\u00edsticas&#8221;, diz Ministro Geral em sua coluna"}]},{"@type":"Person","@id":"https:\/\/franciscanos.org.br\/noticias\/#\/schema\/person\/b5c8cba458c330ccff548b056e95a5d4","name":"moacir","image":{"@type":"ImageObject","inLanguage":"pt-BR","@id":"https:\/\/franciscanos.org.br\/noticias\/#\/schema\/person\/image\/","url":"https:\/\/secure.gravatar.com\/avatar\/d08aa2ce4c8dd416d4479aa8536fcf64?s=96&d=mm&r=g","contentUrl":"https:\/\/secure.gravatar.com\/avatar\/d08aa2ce4c8dd416d4479aa8536fcf64?s=96&d=mm&r=g","caption":"moacir"},"url":"https:\/\/franciscanos.org.br\/noticias\/author\/moacir"}]}},"_links":{"self":[{"href":"https:\/\/franciscanos.org.br\/noticias\/wp-json\/wp\/v2\/posts\/244641"}],"collection":[{"href":"https:\/\/franciscanos.org.br\/noticias\/wp-json\/wp\/v2\/posts"}],"about":[{"href":"https:\/\/franciscanos.org.br\/noticias\/wp-json\/wp\/v2\/types\/post"}],"author":[{"embeddable":true,"href":"https:\/\/franciscanos.org.br\/noticias\/wp-json\/wp\/v2\/users\/3"}],"replies":[{"embeddable":true,"href":"https:\/\/franciscanos.org.br\/noticias\/wp-json\/wp\/v2\/comments?post=244641"}],"version-history":[{"count":1,"href":"https:\/\/franciscanos.org.br\/noticias\/wp-json\/wp\/v2\/posts\/244641\/revisions"}],"predecessor-version":[{"id":244643,"href":"https:\/\/franciscanos.org.br\/noticias\/wp-json\/wp\/v2\/posts\/244641\/revisions\/244643"}],"wp:featuredmedia":[{"embeddable":true,"href":"https:\/\/franciscanos.org.br\/noticias\/wp-json\/wp\/v2\/media\/244642"}],"wp:attachment":[{"href":"https:\/\/franciscanos.org.br\/noticias\/wp-json\/wp\/v2\/media?parent=244641"}],"wp:term":[{"taxonomy":"category","embeddable":true,"href":"https:\/\/franciscanos.org.br\/noticias\/wp-json\/wp\/v2\/categories?post=244641"},{"taxonomy":"post_tag","embeddable":true,"href":"https:\/\/franciscanos.org.br\/noticias\/wp-json\/wp\/v2\/tags?post=244641"}],"curies":[{"name":"wp","href":"https:\/\/api.w.org\/{rel}","templated":true}]}}