{"id":244603,"date":"2023-08-29T14:18:52","date_gmt":"2023-08-29T17:18:52","guid":{"rendered":"https:\/\/franciscanos.org.br\/noticias\/?p=244603"},"modified":"2023-08-29T14:48:53","modified_gmt":"2023-08-29T17:48:53","slug":"usf-vive-um-dia-de-inauguracoes-ampliacao-da-clinica-odontologica-e-clinica-veterinaria","status":"publish","type":"post","link":"https:\/\/franciscanos.org.br\/noticias\/usf-vive-um-dia-de-inauguracoes-ampliacao-da-clinica-odontologica-e-clinica-veterinaria.html","title":{"rendered":"USF vive um dia de inaugura\u00e7\u00f5es: amplia\u00e7\u00e3o da Cl\u00ednica Odontol\u00f3gica e Cl\u00ednica Veterin\u00e1ria"},"content":{"rendered":"<p><img loading=\"lazy\" class=\"alignnone size-full wp-image-244604\" src=\"https:\/\/franciscanos.org.br\/noticias\/wp-content\/uploads\/2023\/08\/usf_05.jpg\" alt=\"\" width=\"1280\" height=\"750\" srcset=\"https:\/\/franciscanos.org.br\/noticias\/wp-content\/uploads\/2023\/08\/usf_05.jpg 1280w, https:\/\/franciscanos.org.br\/noticias\/wp-content\/uploads\/2023\/08\/usf_05-450x264.jpg 450w, https:\/\/franciscanos.org.br\/noticias\/wp-content\/uploads\/2023\/08\/usf_05-1024x600.jpg 1024w, https:\/\/franciscanos.org.br\/noticias\/wp-content\/uploads\/2023\/08\/usf_05-768x450.jpg 768w, https:\/\/franciscanos.org.br\/noticias\/wp-content\/uploads\/2023\/08\/usf_05-150x88.jpg 150w\" sizes=\"(max-width: 1280px) 100vw, 1280px\" \/><\/p>\n<p>A Universidade S\u00e3o Francisco (USF) inaugurou nesta segunda-feira, dia 28 de agosto, a amplia\u00e7\u00e3o da Cl\u00ednica Odontol\u00f3gica de Alta Tecnologia, no C\u00e2mpus Bragan\u00e7a Paulista. O evento d\u00e1 continuidade \u00e0s celebra\u00e7\u00f5es dos 50 anos do Curso de Odontologia.<\/p>\n<p>A abertura contou com a presen\u00e7a do Reitor da USF, Frei Gilberto Gon\u00e7alves Garcia, al\u00e9m da participa\u00e7\u00e3o do Diretor-Presidente da Casa Nossa Senhora da Paz, Vice-Reitor e coordenador do N\u00facleo de Extens\u00e3o Universit\u00e1ria, Frei Thiago Alexandre Hayakawa; Diretor Geral da Mantenedora e do Grupo Educacional Bom Jesus, Jorge Ap\u00f3stolos Siarcos; do Pr\u00f3-Reitor de Administra\u00e7\u00e3o e Planejamento, professor Adriel Moura Cabral; do Pr\u00f3-Reitor de Ensino, Pesquisa e Extens\u00e3o, professor Dilnei Lorenzi; Diretor do C\u00e2mpus Itatiba, professor Renato Pezenti; Diretora C\u00e2mpus Bragan\u00e7a Paulista, professora Patr\u00edcia Teixeira Costa; o coordenador do N\u00facleo de Pastoral Universit\u00e1ria, Frei Vit\u00f3rio Mazzuco Filho. O prefeito de Bragan\u00e7a Paulista, Amauri Sodr\u00e9, a Secretaria de Sa\u00fade, Marina de F\u00e1tima de Oliveira, a articuladora do COAPES regional, Lisamara Dias de Oliveira Negrini, o professor Miguel Sim\u00e3o Haddad, representando o Presidente da Associa\u00e7\u00e3o Brasileira de Cirurgi\u00f5es Dentistas e representando a presid\u00eancia da Associa\u00e7\u00e3o Paulista de Cirurgi\u00f5es Dentista (APCD), Thais Bonilha. Al\u00e9m do Frei Tadeu Oliveira, e Andr\u00e9 Aparecido de Oliveira, representando a diretoria do HUSF.<\/p>\n<div id=\"attachment_244605\" style=\"width: 460px\" class=\"wp-caption alignright\"><img aria-describedby=\"caption-attachment-244605\" loading=\"lazy\" class=\"wp-image-244605 size-full\" src=\"https:\/\/franciscanos.org.br\/noticias\/wp-content\/uploads\/2023\/08\/usf_08.jpg\" alt=\"\" width=\"450\" height=\"477\" srcset=\"https:\/\/franciscanos.org.br\/noticias\/wp-content\/uploads\/2023\/08\/usf_08.jpg 450w, https:\/\/franciscanos.org.br\/noticias\/wp-content\/uploads\/2023\/08\/usf_08-425x450.jpg 425w, https:\/\/franciscanos.org.br\/noticias\/wp-content\/uploads\/2023\/08\/usf_08-150x159.jpg 150w\" sizes=\"(max-width: 450px) 100vw, 450px\" \/><p id=\"caption-attachment-244605\" class=\"wp-caption-text\"><em>Frei Gilberto Gon\u00e7alves Garcia, o Reitor da USF<\/em><\/p><\/div>\n<p>O Reitor destacou o compromisso da Universidade com os diferentes atores sociais. &#8220;Este investimento destina-se \u00e0 forma\u00e7\u00e3o estudantil, ao aprimoramento da doc\u00eancia aqui na Universidade, e juntamente a isso, \u00e0 presta\u00e7\u00e3o de servi\u00e7o \u00e0 popula\u00e7\u00e3o local e regional. Esse \u00e9 o papel da academia. Se uma academia n\u00e3o une pesquisa, ensino e extens\u00e3o em di\u00e1logo permanente com os setores da sociedade, ela n\u00e3o pode ser considerada uma academia, n\u00e3o desempenhando o papel de transforma\u00e7\u00e3o social das pessoas e dela pr\u00f3pria. Este momento de hoje traduz de maneira profunda esse pacto com o poder p\u00fablico, a sociedade, os docentes e os discentes&#8221;, detalhou o reitor da USF.<\/p>\n<p>Durante o evento, o Prefeito de Bragan\u00e7a destacou o compromisso da USF com \u00e0 popula\u00e7\u00e3o da cidade e regi\u00e3o. \u201cHoje estamos aqui aumentando esse n\u00famero de cadeiras para atender a popula\u00e7\u00e3o bragantina. S\u00f3 temos a agradecer a USF por estar em nosso munic\u00edpio\u201d, afirmou.<\/p>\n<p>Assim como ressaltou a secret\u00e1ria de Sa\u00fade. \u201cCertamente contribuir\u00e1 muito para a forma\u00e7\u00e3o do aluno e sociedade. A USF \u00e9 parceira do poder p\u00fablico. \u00c9 uma felicidade estarmos aqui, contem sempre com a Secret\u00e1ria de Sa\u00fade\u201d.<\/p>\n<p>Foram inaugurados novos consult\u00f3rios, totalmente equipados para atendimento \u00e0 popula\u00e7\u00e3o, com espa\u00e7os amplos, equipamentos diferenciados e de alta tecnologia para a realiza\u00e7\u00e3o das atividades do Curso. \u201cNo dia de hoje, 26 novos consult\u00f3rios come\u00e7am a fazer parte da rotina dos nossos acad\u00eamicos, que potencializa os atendimentos a popula\u00e7\u00e3o bragantina e proporciona possibilidades de aprendizado. Unindo excel\u00eancia do nosso corpo docente a uma infraestrutura de alta tecnologia\u201d, explicou a coordenadora de Curso.<\/p>\n<p>O Curso de Odontologia da USF completa cinco d\u00e9cadas de hist\u00f3ria, a cada semestre apresenta um aumento no n\u00famero de novos estudantes matriculados, al\u00e9m de contribui\u00e7\u00e3o \u00e0 sa\u00fade regional. Em 2023 temos mais de 700 estudantes em atividades cl\u00ednicas de atendimentos direto \u00e0 popula\u00e7\u00e3o e apenas no 1\u00ba semestre de 2023 foram realizados mais de 10 mil atendimentos. A expans\u00e3o da infraestrutura, totalizando 677m\u00b2 de \u00e1rea constru\u00edda, possibilitar\u00e1 a amplia\u00e7\u00e3o no atendimento assistencial \u00e0 popula\u00e7\u00e3o. \u201cO investimento na amplia\u00e7\u00e3o e infraestrutura na melhoria da nossa Cl\u00ednica de Alta Tecnologia vem ao encontro do compromisso compactuado pela USF com os Objetivos do Desenvolvimento Sustent\u00e1vel (ODS), de maneira especial a ODS, n\u00famero 3, que trata sobre sa\u00fade e bem-estar. Dessa forma, portanto, ampliamos a capacidade de atendimento as nossas cl\u00ednicas\u201d, salientou Frei Thiago.<\/p>\n<p><img loading=\"lazy\" class=\"size-full wp-image-244606 alignleft\" src=\"https:\/\/franciscanos.org.br\/noticias\/wp-content\/uploads\/2023\/08\/usf_4.jpg\" alt=\"\" width=\"1280\" height=\"853\" srcset=\"https:\/\/franciscanos.org.br\/noticias\/wp-content\/uploads\/2023\/08\/usf_4.jpg 1280w, https:\/\/franciscanos.org.br\/noticias\/wp-content\/uploads\/2023\/08\/usf_4-450x300.jpg 450w, https:\/\/franciscanos.org.br\/noticias\/wp-content\/uploads\/2023\/08\/usf_4-1024x682.jpg 1024w, https:\/\/franciscanos.org.br\/noticias\/wp-content\/uploads\/2023\/08\/usf_4-768x512.jpg 768w, https:\/\/franciscanos.org.br\/noticias\/wp-content\/uploads\/2023\/08\/usf_4-150x100.jpg 150w\" sizes=\"(max-width: 1280px) 100vw, 1280px\" \/><\/p>\n<p><img loading=\"lazy\" class=\"alignnone size-full wp-image-244607\" src=\"https:\/\/franciscanos.org.br\/noticias\/wp-content\/uploads\/2023\/08\/usf_07.jpg\" alt=\"\" width=\"1280\" height=\"762\" srcset=\"https:\/\/franciscanos.org.br\/noticias\/wp-content\/uploads\/2023\/08\/usf_07.jpg 1280w, https:\/\/franciscanos.org.br\/noticias\/wp-content\/uploads\/2023\/08\/usf_07-450x268.jpg 450w, https:\/\/franciscanos.org.br\/noticias\/wp-content\/uploads\/2023\/08\/usf_07-1024x610.jpg 1024w, https:\/\/franciscanos.org.br\/noticias\/wp-content\/uploads\/2023\/08\/usf_07-768x457.jpg 768w, https:\/\/franciscanos.org.br\/noticias\/wp-content\/uploads\/2023\/08\/usf_07-150x89.jpg 150w\" sizes=\"(max-width: 1280px) 100vw, 1280px\" \/><\/p>\n<p>O estudante de Odontologia da USF, desde o primeiro semestre do curso, tem viv\u00eancias pr\u00e1ticas em sua \u00e1rea de atua\u00e7\u00e3o profissional e em diversos ambientes que permitem o pleno desenvolvimento do processo de ensino-aprendizagem. Assim, a USF sempre atenta \u00e0s constantes demandas e necessidades, investe na expans\u00e3o de infraestrutura para que o curso mantenha sua excel\u00eancia e tradi\u00e7\u00e3o. A b\u00ean\u00e7\u00e3o do espa\u00e7o foi realizada pelo Frei Vit\u00f3rio e na sequ\u00eancia os convidados puderam conhecer os espa\u00e7os.<\/p>\n<hr \/>\n<h2><img loading=\"lazy\" class=\"alignnone size-full wp-image-244608\" src=\"https:\/\/franciscanos.org.br\/noticias\/wp-content\/uploads\/2023\/08\/usf.jpg\" alt=\"\" width=\"1280\" height=\"720\" srcset=\"https:\/\/franciscanos.org.br\/noticias\/wp-content\/uploads\/2023\/08\/usf.jpg 1280w, https:\/\/franciscanos.org.br\/noticias\/wp-content\/uploads\/2023\/08\/usf-450x253.jpg 450w, https:\/\/franciscanos.org.br\/noticias\/wp-content\/uploads\/2023\/08\/usf-1024x576.jpg 1024w, https:\/\/franciscanos.org.br\/noticias\/wp-content\/uploads\/2023\/08\/usf-768x432.jpg 768w, https:\/\/franciscanos.org.br\/noticias\/wp-content\/uploads\/2023\/08\/usf-150x84.jpg 150w\" sizes=\"(max-width: 1280px) 100vw, 1280px\" \/><\/h2>\n<h2>USF inaugura Cl\u00ednica Veterin\u00e1ria e Centro Diagn\u00f3stico VETUSF, no C\u00e2mpus Itatiba<\/h2>\n<p>No dia 28 de agosto, a Universidade S\u00e3o Francisco (USF) promoveu a solenidade de inaugura\u00e7\u00e3o das instala\u00e7\u00f5es da Cl\u00ednica Veterin\u00e1ria e Centro Diagn\u00f3stico VETUSF, no C\u00e2mpus Itatiba.<\/p>\n<p>A abertura contou com a presen\u00e7a do Reitor da USF, Frei Gilberto Gon\u00e7alves Garcia, al\u00e9m da participa\u00e7\u00e3o do Diretor-Presidente da Casa Nossa Senhora da Paz , Vice-Reitor e coordenador do N\u00facleo de Extens\u00e3o Universit\u00e1ria, Frei Thiago Alexandre Hayakawa; Diretor Geral da Mantenedora e do Grupo Educacional Bom Jesus, Jorge Ap\u00f3stolos Siarcos; do Pr\u00f3-Reitor de Administra\u00e7\u00e3o e Planejamento, professor Adriel Moura Cabral; do Pr\u00f3-Reitor de Ensino, Pesquisa e Extens\u00e3o, professor Dilnei Lorenzi; Diretor do C\u00e2mpus Itatiba, professor Renato Pezenti; Diretora C\u00e2mpus Bragan\u00e7a Paulista, professora Patr\u00edcia Teixeira Costa; Diretor do C\u00e2mpus Campinas, professor Paulo Silveira, o coordenador do N\u00facleo de Pastoral Universit\u00e1ria, Frei Vit\u00f3rio Mazzuco Filho. A coordenado do Curso de Medicina Veterin\u00e1ria, Cristina Freitas Nunes, assessor da Coordena\u00e7\u00e3o do Curso, Tony Picoli e a Gestora da Cl\u00ednica VET USF, Ana Maria Rita Moraes Nardi. O prefeito de Itatiba, Thomas Antonio Capelatto de Oliveira, o Secretario de Meio Ambiente e Agricultura, Alberto Hiroshi Bando, Secretario de Sa\u00fade, Renan Dias Irabi, Secretaria de Governo, Jackeline Roberta Boava, Secretario Jur\u00eddico, Ant\u00f4nio Carvalho e Coordenador de Gabinete e Assuntos Estrat\u00e9gicos, Gustavo Cosenza. \u201cSe n\u00e3o houver uma integra\u00e7\u00e3o com os diferentes setores da sociedade, nada disso teria a import\u00e2ncia que tem, al\u00e9m do ensino e aprendizagem. A Universidade s\u00f3 tem sentido se estiver integrada com a sociedade. Por isso, que destaco o que pode ser feito na pesquisa, na extens\u00e3o e no ensino ser\u00e3o importantes para nossos estudantes e para a regi\u00e3o\u201d, declarou o Reitor da USF.<\/p>\n<p><img loading=\"lazy\" class=\"alignnone size-full wp-image-244609\" src=\"https:\/\/franciscanos.org.br\/noticias\/wp-content\/uploads\/2023\/08\/usf_2.jpg\" alt=\"\" width=\"1280\" height=\"720\" srcset=\"https:\/\/franciscanos.org.br\/noticias\/wp-content\/uploads\/2023\/08\/usf_2.jpg 1280w, https:\/\/franciscanos.org.br\/noticias\/wp-content\/uploads\/2023\/08\/usf_2-450x253.jpg 450w, https:\/\/franciscanos.org.br\/noticias\/wp-content\/uploads\/2023\/08\/usf_2-1024x576.jpg 1024w, https:\/\/franciscanos.org.br\/noticias\/wp-content\/uploads\/2023\/08\/usf_2-768x432.jpg 768w, https:\/\/franciscanos.org.br\/noticias\/wp-content\/uploads\/2023\/08\/usf_2-150x84.jpg 150w\" sizes=\"(max-width: 1280px) 100vw, 1280px\" \/><\/p>\n<p>Para o prefeito, o novo espa\u00e7o contribuir\u00e1 para a cidade e refor\u00e7a a parceria hist\u00f3rica da USF com o poder p\u00fablico. \u201cVer pronto para ser utilizado \u00e9 motivo de orgulho para Itatiba, cidade privilegiada por ter um espa\u00e7o como esse. Agradecer a parceria que a Universidade tem com o munic\u00edpio, sempre uma hist\u00f3ria de parceria\u201d, disse o Prefeito.<\/p>\n<p>Com cerca de 1.000 m\u00b2, o espa\u00e7o conta com infraestrutura e tecnologia de ponta para o atendimento cl\u00ednico de animais de pequeno e grande porte, al\u00e9m de ser um centro de diagn\u00f3stico para atender aos tutores e m\u00e9dicos veterin\u00e1rios parceiros, oferecendo desde an\u00e1lises cl\u00ednicas de rotina at\u00e9 testes mais complexos como de biologia molecular (PCR) e histopatologia, os quais representam um grande diferencial. \u201cA Cl\u00ednica representa nosso compromisso cont\u00ednuo com a excel\u00eancia acad\u00eamica. Os alunos t\u00eam um ambiente pr\u00e1tico e real. Estamos abrindo portas para tratamentos e protocolos que beneficiam a sa\u00fade animal e tamb\u00e9m humana\u201d, ressaltou a coordenadora do Curso.<\/p>\n<p><img loading=\"lazy\" class=\"alignnone size-full wp-image-244610\" src=\"https:\/\/franciscanos.org.br\/noticias\/wp-content\/uploads\/2023\/08\/usf_3.jpg\" alt=\"\" width=\"1280\" height=\"378\" srcset=\"https:\/\/franciscanos.org.br\/noticias\/wp-content\/uploads\/2023\/08\/usf_3.jpg 1280w, https:\/\/franciscanos.org.br\/noticias\/wp-content\/uploads\/2023\/08\/usf_3-450x133.jpg 450w, https:\/\/franciscanos.org.br\/noticias\/wp-content\/uploads\/2023\/08\/usf_3-1024x302.jpg 1024w, https:\/\/franciscanos.org.br\/noticias\/wp-content\/uploads\/2023\/08\/usf_3-768x227.jpg 768w, https:\/\/franciscanos.org.br\/noticias\/wp-content\/uploads\/2023\/08\/usf_3-150x44.jpg 150w\" sizes=\"(max-width: 1280px) 100vw, 1280px\" \/><\/p>\n<p>Todo o atendimento ser\u00e1 realizado pelos m\u00e9dicos veterin\u00e1rios da Cl\u00ednica, que contam com ampla experi\u00eancia nas respectivas \u00e1reas de atua\u00e7\u00e3o, acompanhados pelos estudantes do Curso. Assim, os estudantes ter\u00e3o a oportunidade de vivenciar cen\u00e1rios de consultas cl\u00ednicas, an\u00e1lises laboratoriais, exames de imagem (ultrassom e raio-x), cirurgias e atendimentos a animais de pequeno e grande porte, al\u00e9m de selvagens e ex\u00f3ticos.<\/p>\n<p>Nesta primeira fase do programa de atendimento, a VETUSF desenvolver\u00e1 as atividades voltadas para as rotinas de est\u00e1gio curricular do Curso de Medicina Veterin\u00e1ria. Em breve, h\u00e1 planos de expans\u00e3o do atendimento, uma vez que a cl\u00ednica conta com amplos recursos de diagn\u00f3stico. \u201cNa perceptiva franciscana, \u00e9 fundamental a dimens\u00e3o de fraternidade, que expressa o desejo de Francisco de Assis em construir em fraternidade com seus irm\u00e3os e irm\u00e3s. Assim, o projeto da nossa Cl\u00ednica Veterin\u00e1ria que foi discutido para chegar ao melhor projeto\u201d, disse o vice-reitor.<\/p>\n<p>Os participantes da cerim\u00f4nia tiveram a oportunidade de visitar os espa\u00e7os e conhecer toda a infraestrutura. \u201cO Patrono dessa institui\u00e7\u00e3o inovou quando teve uma sensibilidade ecol\u00f3gica. A USF oferece uma resposta concreta ao seu carisma franciscano, que a move diariamente\u201d, explicou o Diretor do C\u00e2mpus, professor Renato Pezenti.<\/p>\n<hr \/>\n<p><em>Ana Paula Moreira<\/em><\/p>\n","protected":false},"excerpt":{"rendered":"<p>Universidade S\u00e3o Francisco<\/p>\n","protected":false},"author":3,"featured_media":244604,"comment_status":"open","ping_status":"open","sticky":false,"template":"","format":"standard","meta":[],"categories":[1],"tags":[354],"acf":[],"yoast_head":"<!-- This site is optimized with the Yoast SEO plugin v19.2 - https:\/\/yoast.com\/wordpress\/plugins\/seo\/ -->\n<title>USF vive um dia de inaugura\u00e7\u00f5es: amplia\u00e7\u00e3o da Cl\u00ednica Odontol\u00f3gica e Cl\u00ednica Veterin\u00e1ria - Not\u00edcias - Franciscanos<\/title>\n<meta name=\"robots\" content=\"index, follow, max-snippet:-1, max-image-preview:large, max-video-preview:-1\" \/>\n<link rel=\"canonical\" href=\"https:\/\/franciscanos.org.br\/noticias\/usf-vive-um-dia-de-inauguracoes-ampliacao-da-clinica-odontologica-e-clinica-veterinaria.html\" \/>\n<meta property=\"og:locale\" content=\"pt_BR\" \/>\n<meta property=\"og:type\" content=\"article\" \/>\n<meta property=\"og:title\" content=\"USF vive um dia de inaugura\u00e7\u00f5es: amplia\u00e7\u00e3o da Cl\u00ednica Odontol\u00f3gica e Cl\u00ednica Veterin\u00e1ria - Not\u00edcias - Franciscanos\" \/>\n<meta property=\"og:description\" content=\"Universidade S\u00e3o Francisco\" \/>\n<meta property=\"og:url\" content=\"https:\/\/franciscanos.org.br\/noticias\/usf-vive-um-dia-de-inauguracoes-ampliacao-da-clinica-odontologica-e-clinica-veterinaria.html\" \/>\n<meta property=\"og:site_name\" content=\"Not\u00edcias - Franciscanos\" \/>\n<meta property=\"article:published_time\" content=\"2023-08-29T17:18:52+00:00\" \/>\n<meta property=\"article:modified_time\" content=\"2023-08-29T17:48:53+00:00\" \/>\n<meta property=\"og:image\" content=\"https:\/\/franciscanos.org.br\/noticias\/wp-content\/uploads\/2023\/08\/usf_05.jpg\" \/>\n\t<meta property=\"og:image:width\" content=\"1280\" \/>\n\t<meta property=\"og:image:height\" content=\"750\" \/>\n\t<meta property=\"og:image:type\" content=\"image\/jpeg\" \/>\n<meta name=\"author\" content=\"moacir\" \/>\n<meta name=\"twitter:card\" content=\"summary_large_image\" \/>\n<meta name=\"twitter:label1\" content=\"Escrito por\" \/>\n\t<meta name=\"twitter:data1\" content=\"moacir\" \/>\n\t<meta name=\"twitter:label2\" content=\"Est. tempo de leitura\" \/>\n\t<meta name=\"twitter:data2\" content=\"7 minutos\" \/>\n<script type=\"application\/ld+json\" class=\"yoast-schema-graph\">{\"@context\":\"https:\/\/schema.org\",\"@graph\":[{\"@type\":\"WebSite\",\"@id\":\"https:\/\/franciscanos.org.br\/noticias\/#website\",\"url\":\"https:\/\/franciscanos.org.br\/noticias\/\",\"name\":\"Not\u00edcias - Franciscanos\",\"description\":\"Prov\u00edncia Franciscana da Imaculada Concei\u00e7\u00e3o do Brasil - Ordem dos Frades Menores - OFM\",\"potentialAction\":[{\"@type\":\"SearchAction\",\"target\":{\"@type\":\"EntryPoint\",\"urlTemplate\":\"https:\/\/franciscanos.org.br\/noticias\/?s={search_term_string}\"},\"query-input\":\"required name=search_term_string\"}],\"inLanguage\":\"pt-BR\"},{\"@type\":\"ImageObject\",\"inLanguage\":\"pt-BR\",\"@id\":\"https:\/\/franciscanos.org.br\/noticias\/usf-vive-um-dia-de-inauguracoes-ampliacao-da-clinica-odontologica-e-clinica-veterinaria.html#primaryimage\",\"url\":\"https:\/\/franciscanos.org.br\/noticias\/wp-content\/uploads\/2023\/08\/usf_05.jpg\",\"contentUrl\":\"https:\/\/franciscanos.org.br\/noticias\/wp-content\/uploads\/2023\/08\/usf_05.jpg\",\"width\":1280,\"height\":750},{\"@type\":\"WebPage\",\"@id\":\"https:\/\/franciscanos.org.br\/noticias\/usf-vive-um-dia-de-inauguracoes-ampliacao-da-clinica-odontologica-e-clinica-veterinaria.html#webpage\",\"url\":\"https:\/\/franciscanos.org.br\/noticias\/usf-vive-um-dia-de-inauguracoes-ampliacao-da-clinica-odontologica-e-clinica-veterinaria.html\",\"name\":\"USF vive um dia de inaugura\u00e7\u00f5es: amplia\u00e7\u00e3o da Cl\u00ednica Odontol\u00f3gica e Cl\u00ednica Veterin\u00e1ria - Not\u00edcias - Franciscanos\",\"isPartOf\":{\"@id\":\"https:\/\/franciscanos.org.br\/noticias\/#website\"},\"primaryImageOfPage\":{\"@id\":\"https:\/\/franciscanos.org.br\/noticias\/usf-vive-um-dia-de-inauguracoes-ampliacao-da-clinica-odontologica-e-clinica-veterinaria.html#primaryimage\"},\"datePublished\":\"2023-08-29T17:18:52+00:00\",\"dateModified\":\"2023-08-29T17:48:53+00:00\",\"author\":{\"@id\":\"https:\/\/franciscanos.org.br\/noticias\/#\/schema\/person\/b5c8cba458c330ccff548b056e95a5d4\"},\"breadcrumb\":{\"@id\":\"https:\/\/franciscanos.org.br\/noticias\/usf-vive-um-dia-de-inauguracoes-ampliacao-da-clinica-odontologica-e-clinica-veterinaria.html#breadcrumb\"},\"inLanguage\":\"pt-BR\",\"potentialAction\":[{\"@type\":\"ReadAction\",\"target\":[\"https:\/\/franciscanos.org.br\/noticias\/usf-vive-um-dia-de-inauguracoes-ampliacao-da-clinica-odontologica-e-clinica-veterinaria.html\"]}]},{\"@type\":\"BreadcrumbList\",\"@id\":\"https:\/\/franciscanos.org.br\/noticias\/usf-vive-um-dia-de-inauguracoes-ampliacao-da-clinica-odontologica-e-clinica-veterinaria.html#breadcrumb\",\"itemListElement\":[{\"@type\":\"ListItem\",\"position\":1,\"name\":\"Home\",\"item\":\"https:\/\/franciscanos.org.br\/noticias\"},{\"@type\":\"ListItem\",\"position\":2,\"name\":\"USF vive um dia de inaugura\u00e7\u00f5es: amplia\u00e7\u00e3o da Cl\u00ednica Odontol\u00f3gica e Cl\u00ednica Veterin\u00e1ria\"}]},{\"@type\":\"Person\",\"@id\":\"https:\/\/franciscanos.org.br\/noticias\/#\/schema\/person\/b5c8cba458c330ccff548b056e95a5d4\",\"name\":\"moacir\",\"image\":{\"@type\":\"ImageObject\",\"inLanguage\":\"pt-BR\",\"@id\":\"https:\/\/franciscanos.org.br\/noticias\/#\/schema\/person\/image\/\",\"url\":\"https:\/\/secure.gravatar.com\/avatar\/d08aa2ce4c8dd416d4479aa8536fcf64?s=96&d=mm&r=g\",\"contentUrl\":\"https:\/\/secure.gravatar.com\/avatar\/d08aa2ce4c8dd416d4479aa8536fcf64?s=96&d=mm&r=g\",\"caption\":\"moacir\"},\"url\":\"https:\/\/franciscanos.org.br\/noticias\/author\/moacir\"}]}<\/script>\n<!-- \/ Yoast SEO plugin. -->","yoast_head_json":{"title":"USF vive um dia de inaugura\u00e7\u00f5es: amplia\u00e7\u00e3o da Cl\u00ednica Odontol\u00f3gica e Cl\u00ednica Veterin\u00e1ria - Not\u00edcias - Franciscanos","robots":{"index":"index","follow":"follow","max-snippet":"max-snippet:-1","max-image-preview":"max-image-preview:large","max-video-preview":"max-video-preview:-1"},"canonical":"https:\/\/franciscanos.org.br\/noticias\/usf-vive-um-dia-de-inauguracoes-ampliacao-da-clinica-odontologica-e-clinica-veterinaria.html","og_locale":"pt_BR","og_type":"article","og_title":"USF vive um dia de inaugura\u00e7\u00f5es: amplia\u00e7\u00e3o da Cl\u00ednica Odontol\u00f3gica e Cl\u00ednica Veterin\u00e1ria - Not\u00edcias - Franciscanos","og_description":"Universidade S\u00e3o Francisco","og_url":"https:\/\/franciscanos.org.br\/noticias\/usf-vive-um-dia-de-inauguracoes-ampliacao-da-clinica-odontologica-e-clinica-veterinaria.html","og_site_name":"Not\u00edcias - Franciscanos","article_published_time":"2023-08-29T17:18:52+00:00","article_modified_time":"2023-08-29T17:48:53+00:00","og_image":[{"width":1280,"height":750,"url":"https:\/\/franciscanos.org.br\/noticias\/wp-content\/uploads\/2023\/08\/usf_05.jpg","type":"image\/jpeg"}],"author":"moacir","twitter_card":"summary_large_image","twitter_misc":{"Escrito por":"moacir","Est. tempo de leitura":"7 minutos"},"schema":{"@context":"https:\/\/schema.org","@graph":[{"@type":"WebSite","@id":"https:\/\/franciscanos.org.br\/noticias\/#website","url":"https:\/\/franciscanos.org.br\/noticias\/","name":"Not\u00edcias - Franciscanos","description":"Prov\u00edncia Franciscana da Imaculada Concei\u00e7\u00e3o do Brasil - Ordem dos Frades Menores - OFM","potentialAction":[{"@type":"SearchAction","target":{"@type":"EntryPoint","urlTemplate":"https:\/\/franciscanos.org.br\/noticias\/?s={search_term_string}"},"query-input":"required name=search_term_string"}],"inLanguage":"pt-BR"},{"@type":"ImageObject","inLanguage":"pt-BR","@id":"https:\/\/franciscanos.org.br\/noticias\/usf-vive-um-dia-de-inauguracoes-ampliacao-da-clinica-odontologica-e-clinica-veterinaria.html#primaryimage","url":"https:\/\/franciscanos.org.br\/noticias\/wp-content\/uploads\/2023\/08\/usf_05.jpg","contentUrl":"https:\/\/franciscanos.org.br\/noticias\/wp-content\/uploads\/2023\/08\/usf_05.jpg","width":1280,"height":750},{"@type":"WebPage","@id":"https:\/\/franciscanos.org.br\/noticias\/usf-vive-um-dia-de-inauguracoes-ampliacao-da-clinica-odontologica-e-clinica-veterinaria.html#webpage","url":"https:\/\/franciscanos.org.br\/noticias\/usf-vive-um-dia-de-inauguracoes-ampliacao-da-clinica-odontologica-e-clinica-veterinaria.html","name":"USF vive um dia de inaugura\u00e7\u00f5es: amplia\u00e7\u00e3o da Cl\u00ednica Odontol\u00f3gica e Cl\u00ednica Veterin\u00e1ria - Not\u00edcias - Franciscanos","isPartOf":{"@id":"https:\/\/franciscanos.org.br\/noticias\/#website"},"primaryImageOfPage":{"@id":"https:\/\/franciscanos.org.br\/noticias\/usf-vive-um-dia-de-inauguracoes-ampliacao-da-clinica-odontologica-e-clinica-veterinaria.html#primaryimage"},"datePublished":"2023-08-29T17:18:52+00:00","dateModified":"2023-08-29T17:48:53+00:00","author":{"@id":"https:\/\/franciscanos.org.br\/noticias\/#\/schema\/person\/b5c8cba458c330ccff548b056e95a5d4"},"breadcrumb":{"@id":"https:\/\/franciscanos.org.br\/noticias\/usf-vive-um-dia-de-inauguracoes-ampliacao-da-clinica-odontologica-e-clinica-veterinaria.html#breadcrumb"},"inLanguage":"pt-BR","potentialAction":[{"@type":"ReadAction","target":["https:\/\/franciscanos.org.br\/noticias\/usf-vive-um-dia-de-inauguracoes-ampliacao-da-clinica-odontologica-e-clinica-veterinaria.html"]}]},{"@type":"BreadcrumbList","@id":"https:\/\/franciscanos.org.br\/noticias\/usf-vive-um-dia-de-inauguracoes-ampliacao-da-clinica-odontologica-e-clinica-veterinaria.html#breadcrumb","itemListElement":[{"@type":"ListItem","position":1,"name":"Home","item":"https:\/\/franciscanos.org.br\/noticias"},{"@type":"ListItem","position":2,"name":"USF vive um dia de inaugura\u00e7\u00f5es: amplia\u00e7\u00e3o da Cl\u00ednica Odontol\u00f3gica e Cl\u00ednica Veterin\u00e1ria"}]},{"@type":"Person","@id":"https:\/\/franciscanos.org.br\/noticias\/#\/schema\/person\/b5c8cba458c330ccff548b056e95a5d4","name":"moacir","image":{"@type":"ImageObject","inLanguage":"pt-BR","@id":"https:\/\/franciscanos.org.br\/noticias\/#\/schema\/person\/image\/","url":"https:\/\/secure.gravatar.com\/avatar\/d08aa2ce4c8dd416d4479aa8536fcf64?s=96&d=mm&r=g","contentUrl":"https:\/\/secure.gravatar.com\/avatar\/d08aa2ce4c8dd416d4479aa8536fcf64?s=96&d=mm&r=g","caption":"moacir"},"url":"https:\/\/franciscanos.org.br\/noticias\/author\/moacir"}]}},"_links":{"self":[{"href":"https:\/\/franciscanos.org.br\/noticias\/wp-json\/wp\/v2\/posts\/244603"}],"collection":[{"href":"https:\/\/franciscanos.org.br\/noticias\/wp-json\/wp\/v2\/posts"}],"about":[{"href":"https:\/\/franciscanos.org.br\/noticias\/wp-json\/wp\/v2\/types\/post"}],"author":[{"embeddable":true,"href":"https:\/\/franciscanos.org.br\/noticias\/wp-json\/wp\/v2\/users\/3"}],"replies":[{"embeddable":true,"href":"https:\/\/franciscanos.org.br\/noticias\/wp-json\/wp\/v2\/comments?post=244603"}],"version-history":[{"count":3,"href":"https:\/\/franciscanos.org.br\/noticias\/wp-json\/wp\/v2\/posts\/244603\/revisions"}],"predecessor-version":[{"id":244613,"href":"https:\/\/franciscanos.org.br\/noticias\/wp-json\/wp\/v2\/posts\/244603\/revisions\/244613"}],"wp:featuredmedia":[{"embeddable":true,"href":"https:\/\/franciscanos.org.br\/noticias\/wp-json\/wp\/v2\/media\/244604"}],"wp:attachment":[{"href":"https:\/\/franciscanos.org.br\/noticias\/wp-json\/wp\/v2\/media?parent=244603"}],"wp:term":[{"taxonomy":"category","embeddable":true,"href":"https:\/\/franciscanos.org.br\/noticias\/wp-json\/wp\/v2\/categories?post=244603"},{"taxonomy":"post_tag","embeddable":true,"href":"https:\/\/franciscanos.org.br\/noticias\/wp-json\/wp\/v2\/tags?post=244603"}],"curies":[{"name":"wp","href":"https:\/\/api.w.org\/{rel}","templated":true}]}}