{"id":244585,"date":"2023-08-28T10:45:30","date_gmt":"2023-08-28T13:45:30","guid":{"rendered":"https:\/\/franciscanos.org.br\/noticias\/?p=244585"},"modified":"2023-08-28T10:45:37","modified_gmt":"2023-08-28T13:45:37","slug":"papa-a-jornalistas-desinformacao-e-um-dos-pecados-do-jornalismo","status":"publish","type":"post","link":"https:\/\/franciscanos.org.br\/noticias\/papa-a-jornalistas-desinformacao-e-um-dos-pecados-do-jornalismo.html","title":{"rendered":"Papa a jornalistas: desinforma\u00e7\u00e3o \u00e9 um dos pecados do jornalismo"},"content":{"rendered":"<p><img loading=\"lazy\" class=\"alignnone wp-image-244586 size-full\" src=\"https:\/\/franciscanos.org.br\/noticias\/wp-content\/uploads\/2023\/08\/jornalista_papa.jpeg\" alt=\"\" width=\"1000\" height=\"563\" srcset=\"https:\/\/franciscanos.org.br\/noticias\/wp-content\/uploads\/2023\/08\/jornalista_papa.jpeg 1000w, https:\/\/franciscanos.org.br\/noticias\/wp-content\/uploads\/2023\/08\/jornalista_papa-450x253.jpeg 450w, https:\/\/franciscanos.org.br\/noticias\/wp-content\/uploads\/2023\/08\/jornalista_papa-768x432.jpeg 768w, https:\/\/franciscanos.org.br\/noticias\/wp-content\/uploads\/2023\/08\/jornalista_papa-150x84.jpeg 150w\" sizes=\"(max-width: 1000px) 100vw, 1000px\" \/><\/p>\n<p>O Santo Padre recebeu no Vaticano, na manh\u00e3 deste s\u00e1bado, 26, uma delega\u00e7\u00e3o que lhe conferiu o Pr\u00eamio &#8220;Jornalismo&#8221;. Em sua sauda\u00e7\u00e3o, o Papa confessou aos presentes que \u201cantes de se tornar Bispo de Roma, recusava o oferecimento de pr\u00eamios, que continuou a faz\u00ea-lo tamb\u00e9m como Papa\u201d. No entanto, explicou o motivo que o levou a aceitar este pr\u00eamio: \u201cA urg\u00eancia de uma comunica\u00e7\u00e3o construtiva que favore\u00e7a a cultura do encontro e n\u00e3o do desencontro, da paz e n\u00e3o da guerra, da abertura aos outros e n\u00e3o do preconceito\u201d.<\/p>\n<p><strong>&#8220;Princ\u00edpio da realidade&#8221; seja cada vez mais redescoberto<\/strong><br \/>\nAos ilustres expoentes do jornalismo italiano, Francisco confiou sua esperan\u00e7a e, ao mesmo tempo, fez-lhes um pedido de ajuda. Sobre a esperan\u00e7a, disse:<\/p>\n<p>\u201cA esperan\u00e7a \u00e9 que, hoje &#8211; um tempo em que todos parecem comentar tudo, prescindindo dos fatos e, muitas vezes, at\u00e9 antes de se informar, &#8211; o \u2018princ\u00edpio da realidade\u2019 seja cada vez mais redescoberto e cultivado: a realidade e o dinamismo dos fatos, que nunca s\u00e3o im\u00f3veis, mas evoluem sempre para o bem ou para o mal, para n\u00e3o correr o risco de a sociedade da informa\u00e7\u00e3o se transformar em uma sociedade da desinforma\u00e7\u00e3o\u201d.<\/p>\n<p><strong>Desinforma\u00e7\u00e3o, cal\u00fania, difama\u00e7\u00e3o e coprofilia<\/strong><br \/>\nA desinforma\u00e7\u00e3o \u00e9 um dos pecados do jornalismo, que s\u00e3o quatro, acrescentou o Santo Padre: a desinforma\u00e7\u00e3o, quando o jornalismo n\u00e3o informa ou informa mal; a cal\u00fania &#8211; tantas vezes usada; a difama\u00e7\u00e3o, que \u00e9 diferente da cal\u00fania, mas destr\u00f3i; e o quarto \u00e9 a coprofilia, ou seja, o amor pelo esc\u00e2ndalo, pela sujeira. O esc\u00e2ndalo vende. E a desinforma\u00e7\u00e3o \u00e9 o primeiro dos pecados, os erros &#8211; digamos assim &#8211; do jornalismo.<\/p>\n<p>\u00c9 preciso difundir uma cultura do encontro, do di\u00e1logo, da escuta do outro e das suas raz\u00f5es. A cultura digital oferece-nos tantas novas possibilidades de interc\u00e2mbio, mas tamb\u00e9m corre o risco de transformar a comunica\u00e7\u00e3o em slogans. Aqui, Francisco expressou sua preocupa\u00e7\u00e3o, por exemplo, pelas manipula\u00e7\u00f5es dos que propagam, de modo ego\u00edstico, falsas not\u00edcias para orientar a opini\u00e3o p\u00fablica. Por isso, pediu, encarecidamente, o favor de n\u00e3o ceder \u00e0 l\u00f3gica da contraposi\u00e7\u00e3o e n\u00e3o se deixar condicionar pelas linguagens do \u00f3dio. E acrescentou:<\/p>\n<p>\u201cNa atual conjuntura dram\u00e1tica, atravessada pela Europa, devido \u00e0 continua\u00e7\u00e3o da guerra na Ucr\u00e2nia, somos chamados a um salto de responsabilidade. A minha esperan\u00e7a \u00e9 que seja dado mais espa\u00e7o aos que defendem a paz; aos que est\u00e3o comprometidos em p\u00f4r um ponto final neste, mas tamb\u00e9m em tantos outros conflitos; aos que n\u00e3o se rendem \u00e0 l\u00f3gica perversa da guerra, mas continuam a acreditar, apesar de tudo, na paz, no di\u00e1logo e na diplomacia\u201d.<\/p>\n<p><strong>Sinodalidade que possa se tornar um costume di\u00e1rio<\/strong><br \/>\nAp\u00f3s expressar a sua \u201cesperan\u00e7a\u201d aos l\u00edderes do jornalismo italiano, Francisco referiu-se ao seu \u201cpedido de ajuda\u201d, sobretudo, neste tempo, em que se fala muito e se escuta pouco, em que o sentido do bem comum corre o risco de enfraquecer. E o Papa explicou:<\/p>\n<p>\u201cToda a Igreja empreendeu um caminho para redescobrir a palavra \u2018juntos: caminhar juntos, interrogar-se juntos, assumir juntos um discernimento comunit\u00e1rio, que, para n\u00f3s, \u00e9 ora\u00e7\u00e3o, como fizeram os primeiros Ap\u00f3stolos: sinodalidade, que pudesse se tornar um costume di\u00e1rio, em todas as suas express\u00f5es. Por isso, em um pouco mais de um m\u00eas, Bispos e leigos do mundo inteiro v\u00e3o se reunir aqui em Roma para a realiza\u00e7\u00e3o de um S\u00ednodo sobre a sinodalidade\u201d.<\/p>\n<p><strong>Contar o S\u00ednodo deixando de lado a l\u00f3gica dos slogans<\/strong><br \/>\nFalar de um \u201cS\u00ednodo sobre a sinodalidade\u201d, disse o Papa, pode parecer algo complicado, autorreferencial, excessivamente t\u00e9cnico e pouco interessante para o p\u00fablico em geral. Mas, o que aconteceu no ano passado, que continuar\u00e1 com a Assembleia sinodal no pr\u00f3ximo m\u00eas de outubro e, depois, com a segunda etapa do S\u00ednodo em 2024, \u00e9 algo muito importante para a Igreja. A Igreja prop\u00f5e este evento ao mundo, por vezes, incapaz de tomar decis\u00f5es, mesmo quando a nossa sobreviv\u00eancia est\u00e1 em jogo. E Francisco acrescentou:<\/p>\n<p>\u201cEstamos tentando aprender um novo modo de nos relacionar, ouvir uns aos outros para ouvir e seguir a voz do Esp\u00edrito. Por isso, abrimos as portas, oferecendo a todos a oportunidade de participar, levando em conta as diversas necessidades e sugest\u00f5es de todos. Queremos contribuir juntos para a constru\u00e7\u00e3o de uma Igreja, onde todos se sintam em casa, onde ningu\u00e9m esteja exclu\u00eddo\u201d.<\/p>\n<p>Para que isso seja poss\u00edvel, o Santo Padre pediu a ajuda dos mestres do jornalismo: ajud\u00e1-lo a falar deste processo como ele realmente \u00e9, deixando de lado a l\u00f3gica dos slogans e das hist\u00f3rias pr\u00e9-confeccionadas. Todos trar\u00e3o benef\u00edcio disso; isso tamb\u00e9m \u201c\u00e9 jornalismo\u201d!<\/p>\n<hr \/>\n<p><em>Fonte &#8211; Vatican News (texto deManuel Tavares\/Raimundo de Lima)<\/em><\/p>\n","protected":false},"excerpt":{"rendered":"<p>Papa Francisco<\/p>\n","protected":false},"author":3,"featured_media":244586,"comment_status":"open","ping_status":"open","sticky":false,"template":"","format":"standard","meta":[],"categories":[1428],"tags":[55],"acf":[],"yoast_head":"<!-- This site is optimized with the Yoast SEO plugin v19.2 - https:\/\/yoast.com\/wordpress\/plugins\/seo\/ -->\n<title>Papa a jornalistas: desinforma\u00e7\u00e3o \u00e9 um dos pecados do jornalismo - Not\u00edcias - Franciscanos<\/title>\n<meta name=\"robots\" content=\"index, follow, max-snippet:-1, max-image-preview:large, max-video-preview:-1\" \/>\n<link rel=\"canonical\" href=\"https:\/\/franciscanos.org.br\/noticias\/papa-a-jornalistas-desinformacao-e-um-dos-pecados-do-jornalismo.html\" \/>\n<meta property=\"og:locale\" content=\"pt_BR\" \/>\n<meta property=\"og:type\" content=\"article\" \/>\n<meta property=\"og:title\" content=\"Papa a jornalistas: desinforma\u00e7\u00e3o \u00e9 um dos pecados do jornalismo - Not\u00edcias - Franciscanos\" \/>\n<meta property=\"og:description\" content=\"Papa Francisco\" \/>\n<meta property=\"og:url\" content=\"https:\/\/franciscanos.org.br\/noticias\/papa-a-jornalistas-desinformacao-e-um-dos-pecados-do-jornalismo.html\" \/>\n<meta property=\"og:site_name\" content=\"Not\u00edcias - Franciscanos\" \/>\n<meta property=\"article:published_time\" content=\"2023-08-28T13:45:30+00:00\" \/>\n<meta property=\"article:modified_time\" content=\"2023-08-28T13:45:37+00:00\" \/>\n<meta property=\"og:image\" content=\"https:\/\/franciscanos.org.br\/noticias\/wp-content\/uploads\/2023\/08\/jornalista_papa.jpeg\" \/>\n\t<meta property=\"og:image:width\" content=\"1000\" \/>\n\t<meta property=\"og:image:height\" content=\"563\" \/>\n\t<meta property=\"og:image:type\" content=\"image\/jpeg\" \/>\n<meta name=\"author\" content=\"moacir\" \/>\n<meta name=\"twitter:card\" content=\"summary_large_image\" \/>\n<meta name=\"twitter:label1\" content=\"Escrito por\" \/>\n\t<meta name=\"twitter:data1\" content=\"moacir\" \/>\n\t<meta name=\"twitter:label2\" content=\"Est. tempo de leitura\" \/>\n\t<meta name=\"twitter:data2\" content=\"4 minutos\" \/>\n<script type=\"application\/ld+json\" class=\"yoast-schema-graph\">{\"@context\":\"https:\/\/schema.org\",\"@graph\":[{\"@type\":\"WebSite\",\"@id\":\"https:\/\/franciscanos.org.br\/noticias\/#website\",\"url\":\"https:\/\/franciscanos.org.br\/noticias\/\",\"name\":\"Not\u00edcias - Franciscanos\",\"description\":\"Prov\u00edncia Franciscana da Imaculada Concei\u00e7\u00e3o do Brasil - Ordem dos Frades Menores - OFM\",\"potentialAction\":[{\"@type\":\"SearchAction\",\"target\":{\"@type\":\"EntryPoint\",\"urlTemplate\":\"https:\/\/franciscanos.org.br\/noticias\/?s={search_term_string}\"},\"query-input\":\"required name=search_term_string\"}],\"inLanguage\":\"pt-BR\"},{\"@type\":\"ImageObject\",\"inLanguage\":\"pt-BR\",\"@id\":\"https:\/\/franciscanos.org.br\/noticias\/papa-a-jornalistas-desinformacao-e-um-dos-pecados-do-jornalismo.html#primaryimage\",\"url\":\"https:\/\/franciscanos.org.br\/noticias\/wp-content\/uploads\/2023\/08\/jornalista_papa.jpeg\",\"contentUrl\":\"https:\/\/franciscanos.org.br\/noticias\/wp-content\/uploads\/2023\/08\/jornalista_papa.jpeg\",\"width\":1000,\"height\":563},{\"@type\":\"WebPage\",\"@id\":\"https:\/\/franciscanos.org.br\/noticias\/papa-a-jornalistas-desinformacao-e-um-dos-pecados-do-jornalismo.html#webpage\",\"url\":\"https:\/\/franciscanos.org.br\/noticias\/papa-a-jornalistas-desinformacao-e-um-dos-pecados-do-jornalismo.html\",\"name\":\"Papa a jornalistas: desinforma\u00e7\u00e3o \u00e9 um dos pecados do jornalismo - Not\u00edcias - Franciscanos\",\"isPartOf\":{\"@id\":\"https:\/\/franciscanos.org.br\/noticias\/#website\"},\"primaryImageOfPage\":{\"@id\":\"https:\/\/franciscanos.org.br\/noticias\/papa-a-jornalistas-desinformacao-e-um-dos-pecados-do-jornalismo.html#primaryimage\"},\"datePublished\":\"2023-08-28T13:45:30+00:00\",\"dateModified\":\"2023-08-28T13:45:37+00:00\",\"author\":{\"@id\":\"https:\/\/franciscanos.org.br\/noticias\/#\/schema\/person\/b5c8cba458c330ccff548b056e95a5d4\"},\"breadcrumb\":{\"@id\":\"https:\/\/franciscanos.org.br\/noticias\/papa-a-jornalistas-desinformacao-e-um-dos-pecados-do-jornalismo.html#breadcrumb\"},\"inLanguage\":\"pt-BR\",\"potentialAction\":[{\"@type\":\"ReadAction\",\"target\":[\"https:\/\/franciscanos.org.br\/noticias\/papa-a-jornalistas-desinformacao-e-um-dos-pecados-do-jornalismo.html\"]}]},{\"@type\":\"BreadcrumbList\",\"@id\":\"https:\/\/franciscanos.org.br\/noticias\/papa-a-jornalistas-desinformacao-e-um-dos-pecados-do-jornalismo.html#breadcrumb\",\"itemListElement\":[{\"@type\":\"ListItem\",\"position\":1,\"name\":\"Home\",\"item\":\"https:\/\/franciscanos.org.br\/noticias\"},{\"@type\":\"ListItem\",\"position\":2,\"name\":\"Papa a jornalistas: desinforma\u00e7\u00e3o \u00e9 um dos pecados do jornalismo\"}]},{\"@type\":\"Person\",\"@id\":\"https:\/\/franciscanos.org.br\/noticias\/#\/schema\/person\/b5c8cba458c330ccff548b056e95a5d4\",\"name\":\"moacir\",\"image\":{\"@type\":\"ImageObject\",\"inLanguage\":\"pt-BR\",\"@id\":\"https:\/\/franciscanos.org.br\/noticias\/#\/schema\/person\/image\/\",\"url\":\"https:\/\/secure.gravatar.com\/avatar\/d08aa2ce4c8dd416d4479aa8536fcf64?s=96&d=mm&r=g\",\"contentUrl\":\"https:\/\/secure.gravatar.com\/avatar\/d08aa2ce4c8dd416d4479aa8536fcf64?s=96&d=mm&r=g\",\"caption\":\"moacir\"},\"url\":\"https:\/\/franciscanos.org.br\/noticias\/author\/moacir\"}]}<\/script>\n<!-- \/ Yoast SEO plugin. -->","yoast_head_json":{"title":"Papa a jornalistas: desinforma\u00e7\u00e3o \u00e9 um dos pecados do jornalismo - Not\u00edcias - Franciscanos","robots":{"index":"index","follow":"follow","max-snippet":"max-snippet:-1","max-image-preview":"max-image-preview:large","max-video-preview":"max-video-preview:-1"},"canonical":"https:\/\/franciscanos.org.br\/noticias\/papa-a-jornalistas-desinformacao-e-um-dos-pecados-do-jornalismo.html","og_locale":"pt_BR","og_type":"article","og_title":"Papa a jornalistas: desinforma\u00e7\u00e3o \u00e9 um dos pecados do jornalismo - Not\u00edcias - Franciscanos","og_description":"Papa Francisco","og_url":"https:\/\/franciscanos.org.br\/noticias\/papa-a-jornalistas-desinformacao-e-um-dos-pecados-do-jornalismo.html","og_site_name":"Not\u00edcias - Franciscanos","article_published_time":"2023-08-28T13:45:30+00:00","article_modified_time":"2023-08-28T13:45:37+00:00","og_image":[{"width":1000,"height":563,"url":"https:\/\/franciscanos.org.br\/noticias\/wp-content\/uploads\/2023\/08\/jornalista_papa.jpeg","type":"image\/jpeg"}],"author":"moacir","twitter_card":"summary_large_image","twitter_misc":{"Escrito por":"moacir","Est. tempo de leitura":"4 minutos"},"schema":{"@context":"https:\/\/schema.org","@graph":[{"@type":"WebSite","@id":"https:\/\/franciscanos.org.br\/noticias\/#website","url":"https:\/\/franciscanos.org.br\/noticias\/","name":"Not\u00edcias - Franciscanos","description":"Prov\u00edncia Franciscana da Imaculada Concei\u00e7\u00e3o do Brasil - Ordem dos Frades Menores - OFM","potentialAction":[{"@type":"SearchAction","target":{"@type":"EntryPoint","urlTemplate":"https:\/\/franciscanos.org.br\/noticias\/?s={search_term_string}"},"query-input":"required name=search_term_string"}],"inLanguage":"pt-BR"},{"@type":"ImageObject","inLanguage":"pt-BR","@id":"https:\/\/franciscanos.org.br\/noticias\/papa-a-jornalistas-desinformacao-e-um-dos-pecados-do-jornalismo.html#primaryimage","url":"https:\/\/franciscanos.org.br\/noticias\/wp-content\/uploads\/2023\/08\/jornalista_papa.jpeg","contentUrl":"https:\/\/franciscanos.org.br\/noticias\/wp-content\/uploads\/2023\/08\/jornalista_papa.jpeg","width":1000,"height":563},{"@type":"WebPage","@id":"https:\/\/franciscanos.org.br\/noticias\/papa-a-jornalistas-desinformacao-e-um-dos-pecados-do-jornalismo.html#webpage","url":"https:\/\/franciscanos.org.br\/noticias\/papa-a-jornalistas-desinformacao-e-um-dos-pecados-do-jornalismo.html","name":"Papa a jornalistas: desinforma\u00e7\u00e3o \u00e9 um dos pecados do jornalismo - Not\u00edcias - Franciscanos","isPartOf":{"@id":"https:\/\/franciscanos.org.br\/noticias\/#website"},"primaryImageOfPage":{"@id":"https:\/\/franciscanos.org.br\/noticias\/papa-a-jornalistas-desinformacao-e-um-dos-pecados-do-jornalismo.html#primaryimage"},"datePublished":"2023-08-28T13:45:30+00:00","dateModified":"2023-08-28T13:45:37+00:00","author":{"@id":"https:\/\/franciscanos.org.br\/noticias\/#\/schema\/person\/b5c8cba458c330ccff548b056e95a5d4"},"breadcrumb":{"@id":"https:\/\/franciscanos.org.br\/noticias\/papa-a-jornalistas-desinformacao-e-um-dos-pecados-do-jornalismo.html#breadcrumb"},"inLanguage":"pt-BR","potentialAction":[{"@type":"ReadAction","target":["https:\/\/franciscanos.org.br\/noticias\/papa-a-jornalistas-desinformacao-e-um-dos-pecados-do-jornalismo.html"]}]},{"@type":"BreadcrumbList","@id":"https:\/\/franciscanos.org.br\/noticias\/papa-a-jornalistas-desinformacao-e-um-dos-pecados-do-jornalismo.html#breadcrumb","itemListElement":[{"@type":"ListItem","position":1,"name":"Home","item":"https:\/\/franciscanos.org.br\/noticias"},{"@type":"ListItem","position":2,"name":"Papa a jornalistas: desinforma\u00e7\u00e3o \u00e9 um dos pecados do jornalismo"}]},{"@type":"Person","@id":"https:\/\/franciscanos.org.br\/noticias\/#\/schema\/person\/b5c8cba458c330ccff548b056e95a5d4","name":"moacir","image":{"@type":"ImageObject","inLanguage":"pt-BR","@id":"https:\/\/franciscanos.org.br\/noticias\/#\/schema\/person\/image\/","url":"https:\/\/secure.gravatar.com\/avatar\/d08aa2ce4c8dd416d4479aa8536fcf64?s=96&d=mm&r=g","contentUrl":"https:\/\/secure.gravatar.com\/avatar\/d08aa2ce4c8dd416d4479aa8536fcf64?s=96&d=mm&r=g","caption":"moacir"},"url":"https:\/\/franciscanos.org.br\/noticias\/author\/moacir"}]}},"_links":{"self":[{"href":"https:\/\/franciscanos.org.br\/noticias\/wp-json\/wp\/v2\/posts\/244585"}],"collection":[{"href":"https:\/\/franciscanos.org.br\/noticias\/wp-json\/wp\/v2\/posts"}],"about":[{"href":"https:\/\/franciscanos.org.br\/noticias\/wp-json\/wp\/v2\/types\/post"}],"author":[{"embeddable":true,"href":"https:\/\/franciscanos.org.br\/noticias\/wp-json\/wp\/v2\/users\/3"}],"replies":[{"embeddable":true,"href":"https:\/\/franciscanos.org.br\/noticias\/wp-json\/wp\/v2\/comments?post=244585"}],"version-history":[{"count":1,"href":"https:\/\/franciscanos.org.br\/noticias\/wp-json\/wp\/v2\/posts\/244585\/revisions"}],"predecessor-version":[{"id":244587,"href":"https:\/\/franciscanos.org.br\/noticias\/wp-json\/wp\/v2\/posts\/244585\/revisions\/244587"}],"wp:featuredmedia":[{"embeddable":true,"href":"https:\/\/franciscanos.org.br\/noticias\/wp-json\/wp\/v2\/media\/244586"}],"wp:attachment":[{"href":"https:\/\/franciscanos.org.br\/noticias\/wp-json\/wp\/v2\/media?parent=244585"}],"wp:term":[{"taxonomy":"category","embeddable":true,"href":"https:\/\/franciscanos.org.br\/noticias\/wp-json\/wp\/v2\/categories?post=244585"},{"taxonomy":"post_tag","embeddable":true,"href":"https:\/\/franciscanos.org.br\/noticias\/wp-json\/wp\/v2\/tags?post=244585"}],"curies":[{"name":"wp","href":"https:\/\/api.w.org\/{rel}","templated":true}]}}