{"id":244564,"date":"2023-08-23T09:54:51","date_gmt":"2023-08-23T12:54:51","guid":{"rendered":"https:\/\/franciscanos.org.br\/noticias\/?p=244564"},"modified":"2023-08-23T09:56:04","modified_gmt":"2023-08-23T12:56:04","slug":"livro-de-frei-clarencio-traz-os-dois-sermoes-do-pe-antonio-vieira-sobre-as-chagas-de-sao-francisco","status":"publish","type":"post","link":"https:\/\/franciscanos.org.br\/noticias\/livro-de-frei-clarencio-traz-os-dois-sermoes-do-pe-antonio-vieira-sobre-as-chagas-de-sao-francisco.html","title":{"rendered":"Livro de Frei Clar\u00eancio traz os dois serm\u00f5es do Pe. Ant\u00f4nio Vieira sobre as Chagas de S\u00e3o Francisco"},"content":{"rendered":"<p><img loading=\"lazy\" class=\"alignnone wp-image-244565 size-full\" src=\"https:\/\/franciscanos.org.br\/noticias\/wp-content\/uploads\/2023\/08\/chagas_livro_2308.jpg\" alt=\"\" width=\"1280\" height=\"720\" srcset=\"https:\/\/franciscanos.org.br\/noticias\/wp-content\/uploads\/2023\/08\/chagas_livro_2308.jpg 1280w, https:\/\/franciscanos.org.br\/noticias\/wp-content\/uploads\/2023\/08\/chagas_livro_2308-450x253.jpg 450w, https:\/\/franciscanos.org.br\/noticias\/wp-content\/uploads\/2023\/08\/chagas_livro_2308-1024x576.jpg 1024w, https:\/\/franciscanos.org.br\/noticias\/wp-content\/uploads\/2023\/08\/chagas_livro_2308-768x432.jpg 768w, https:\/\/franciscanos.org.br\/noticias\/wp-content\/uploads\/2023\/08\/chagas_livro_2308-150x84.jpg 150w\" sizes=\"(max-width: 1280px) 100vw, 1280px\" \/><\/p>\n<p>S\u00e3o Francisco das Chagas &#8211; Dois serm\u00f5es do Pe. Ant\u00f4nio Vieira&#8221; \u00e9 o novo livro de Frei Clar\u00eancio Neotti. A obra \u00e9 publicada em um momento oportuno, j\u00e1 que a Ordem Franciscana vai celebrar 800 anos da Impress\u00e3o das Chagas de S\u00e3o Francisco de Assis no ano que vem. Os franciscanos celebram o fato no dia 17 de setembro.<\/p>\n<p>Frei Clar\u00eancio \u00a0traduziu dois serm\u00f5es do Padre Ant\u00f4nio Vieira sobre a Festa de S\u00e3o Francisco das Chagas.\u00a0 &#8220;Um proferido em Lisboa, em 1646, e outro proferido em italiano, em Roma, em 1672. Ambos publicados por ele em portugu\u00eas. S\u00e3o os dois serm\u00f5es que publicamos aqui, com algumas notas did\u00e1ticas no rodap\u00e9. Tomamos os textos da edi\u00e7\u00e3o Obras Completas, Lello e Irm\u00e3os Editores, Porto 1951&#8221;, explica o frade. Na introdu\u00e7\u00e3o, Frei Clar\u00eancio recolhe tamb\u00e9m textos emblem\u00e1ticos sobre o epis\u00f3dio extra\u00eddos das Fontes Franciscanas.<\/p>\n<p><img loading=\"lazy\" class=\"size-medium wp-image-244566 alignleft\" src=\"https:\/\/franciscanos.org.br\/noticias\/wp-content\/uploads\/2023\/08\/chagas_livro_01-296x450.jpg\" alt=\"\" width=\"296\" height=\"450\" srcset=\"https:\/\/franciscanos.org.br\/noticias\/wp-content\/uploads\/2023\/08\/chagas_livro_01-296x450.jpg 296w, https:\/\/franciscanos.org.br\/noticias\/wp-content\/uploads\/2023\/08\/chagas_livro_01-150x228.jpg 150w, https:\/\/franciscanos.org.br\/noticias\/wp-content\/uploads\/2023\/08\/chagas_livro_01.jpg 500w\" sizes=\"(max-width: 296px) 100vw, 296px\" \/>Segundo o frade, muitos oradores sacros, sobretudo franciscanos, pregaram sobre o milagre das chagas de Cristo em S\u00e3o Francisco. Frei Francisco do Monte Alverne, considerado pela cr\u00edtica o maior orador sacro nascido no Brasil, publicou ao menos dois de seus serm\u00f5es, que ele chamou de paneg\u00edricos, sobre as Chagas de S\u00e3o Francisco. Ambos partem da frase de Jesus: &#8220;Aquele que me sacrificar a sua vida, obter\u00e1 em troca a imortalidade&#8221; (Mateus 16,25). &#8220;Mas cl\u00e1ssicos, em todo o sentido da palavra, s\u00e3o os dois serm\u00f5es do Padre Jesu\u00edta Ant\u00f4nio Vieira&#8221;, enfatiza o frade na introdu\u00e7\u00e3o do seu livro.<\/p>\n<p>Ele tamb\u00e9m lembra que S\u00e3o Francisco de Assis \u00e9 um dos santos mais venerados pelo povo brasileiro: &#8220;N\u00e3o estranha, porque os franciscanos foram os \u00fanicos mission\u00e1rios nos primeiros 50 anos de Brasil. Vieram com Pedro \u00c1lvares Cabral, aqui celebraram a primeira missa, aqui plantaram a primeira cruz, e aqui est\u00e3o numerosos at\u00e9 hoje. Na verdade, a est\u00e1tua de S\u00e3o Francisco mais conhecida e mais venerada \u00e9 a de S\u00e3o Francisco das Chagas. \u00c0s Chagas de S\u00e3o Francisco \u00e9 consagrado o Santu\u00e1rio de Canind\u00e9, no Cear\u00e1, o maior santu\u00e1rio dedicado a S\u00e3o Francisco no Brasil. A Ordem Franciscana Secular (nos s\u00e9culos passados chamada Ordem Terceira de S\u00e3o Francisco) costumava dedicar sua igreja a S\u00e3o Francisco das Chagas&#8221;.<\/p>\n<p>O Padre Ant\u00f4nio Vieira nasceu em Lisboa, no dia 6 de fevereiro de 1608. Em 1614, a fam\u00edlia migrou para o Brasil e se fixou em Salvador da Bahia. Em 1623, entrou na Ordem dos Jesu\u00edtas. A esta altura aprendeu a l\u00edngua dos \u00edndios e dos negros angolanos. De 1627 a 1630, lecionou Ret\u00f3rica no Semin\u00e1rio de Olinda. No dia 6 de mar\u00e7o de 1633, estreou no p\u00falpito, sendo ainda di\u00e1cono. No dia 10 de dezembro de 1634 ordenou-se padre. Em 1635, elaborou um manual de Filosofia, que foi usado durante mais de um s\u00e9culo nos semin\u00e1rios brasileiros. No dia 13 de junho de 1638, pronunciou seu famoso serm\u00e3o sobre Santo Ant\u00f4nio, afirmando que fora o Santo a expulsar os holandeses da Bahia. Em fevereiro de 1641, embarcou para Portugal, integrando a embaixada brasileira que levou obedi\u00eancia e apoio a Dom Jo\u00e3o IV, que conseguira separar Portugal da Espanha. Permaneceu na Europa at\u00e9 novembro de 1652, a servi\u00e7o da pol\u00edtica portuguesa na Fran\u00e7a, Holanda e It\u00e1lia.<\/p>\n<p>Em 1646, na Igreja da Natividade, em Lisboa, pregou o primeiro serm\u00e3o sobre as Chagas de S\u00e3o Francisco, aquele que parte das palavras de Jesus, no Evangelho de Mateus: &#8220;Se algu\u00e9m quiser alistar-se debaixo das minhas bandeiras, h\u00e1 de negar-se a si mesmo, tomar a sua cruz \u00e0s costas, e seguir-me&#8221;.<\/p>\n<p>Em novembro de 1652, retornou ao Brasil e foi para as miss\u00f5es do Maranh\u00e3o, Cear\u00e1, Par\u00e1 e Amazonas. No dia 13 de junho de 1654, pregou em S\u00e3o Lu\u00eds do Maranh\u00e3o o famoso Serm\u00e3o aos Peixes. Tr\u00eas dias depois, embarcou secretamente a Portugal para pedir seguran\u00e7a e prote\u00e7\u00e3o para os \u00edndios.<\/p>\n<p>Em abril de 1655, retornou ao Maranh\u00e3o e durante seis anos percorreu as aldeias do Maranh\u00e3o \u00e0 ilha do Maraj\u00f3 e de Maraj\u00f3 \u00e0s corredeiras do Tocantins. O Padre Vieira fizera, ao ordenar-se padre, voto de se dedicar aos \u00edndios.<\/p>\n<p>Em 1661, foi expulso do Maranh\u00e3o juntamente com outros jesu\u00edtas e embarcado para Portugal. Sofreu um processo, foi condenado e confinado ao Porto, depois a Coimbra e proibido de pregar. Em 1669, conseguiu licen\u00e7a de ir a Roma. Queria um Breve do Papa que o inocentasse de todas as acusa\u00e7\u00f5es. Em pouco tempo, sua fama de pregador encheu a cidade eterna. Pregou, inclusive, diante do Papa, da C\u00faria Romana, do padre geral. Aprendeu t\u00e3o bem o italiano, que pregava com flu\u00eancia nessa l\u00edngua. Em 1672, pregou em italiano, na igreja da Arquiconfraria das Chagas, o segundo serm\u00e3o sobre as Chagas de S\u00e3o Francisco, aquele que come\u00e7a com a frase de S\u00e3o Paulo aos Colossenses (1,24): &#8220;Completo em minha carne as coisas que faltaram \u00e0 Paix\u00e3o de Cristo&#8221;.<\/p>\n<p>Em abril de 1675, consegue o Breve do Papa, absolvendo-o de todas as acusa\u00e7\u00f5es. Voltou a Lisboa com o prop\u00f3sito de publicar seus numerosos serm\u00f5es. N\u00e3o encontrando ambiente favor\u00e1vel, embarcou novamente para o Brasil e passou a viver em Salvador, cuidando da publica\u00e7\u00e3o de suas obras. Morreu aos quase 90 anos, em Salvador, na noite de 18 para 19 de julho de 1697.<\/p>\n<p>O livro foi publicado pela Editora Santu\u00e1rio<\/p>\n<hr \/>\n<h3><strong>Para adquiri-lo, acesse:<\/strong><\/h3>\n<h3><strong> <a href=\"https:\/\/www.editorasantuario.com.br\/livros\/vida-dos-santos\/sao-francisco-das-chagas\">https:\/\/www.editorasantuario.com.br\/livros\/vida-dos-santos\/sao-francisco-das-chagas<\/a><\/strong><\/h3>\n<p>&nbsp;<\/p>\n<p>&nbsp;<\/p>\n","protected":false},"excerpt":{"rendered":"<p>Lan\u00e7amento<\/p>\n","protected":false},"author":3,"featured_media":244565,"comment_status":"open","ping_status":"open","sticky":false,"template":"","format":"standard","meta":[],"categories":[1],"tags":[1245],"acf":[],"yoast_head":"<!-- This site is optimized with the Yoast SEO plugin v19.2 - https:\/\/yoast.com\/wordpress\/plugins\/seo\/ -->\n<title>Livro de Frei Clar\u00eancio traz os dois serm\u00f5es do Pe. Ant\u00f4nio Vieira sobre as Chagas de S\u00e3o Francisco - Not\u00edcias - Franciscanos<\/title>\n<meta name=\"robots\" content=\"index, follow, max-snippet:-1, max-image-preview:large, max-video-preview:-1\" \/>\n<link rel=\"canonical\" href=\"https:\/\/franciscanos.org.br\/noticias\/livro-de-frei-clarencio-traz-os-dois-sermoes-do-pe-antonio-vieira-sobre-as-chagas-de-sao-francisco.html\" \/>\n<meta property=\"og:locale\" content=\"pt_BR\" \/>\n<meta property=\"og:type\" content=\"article\" \/>\n<meta property=\"og:title\" content=\"Livro de Frei Clar\u00eancio traz os dois serm\u00f5es do Pe. Ant\u00f4nio Vieira sobre as Chagas de S\u00e3o Francisco - Not\u00edcias - Franciscanos\" \/>\n<meta property=\"og:description\" content=\"Lan\u00e7amento\" \/>\n<meta property=\"og:url\" content=\"https:\/\/franciscanos.org.br\/noticias\/livro-de-frei-clarencio-traz-os-dois-sermoes-do-pe-antonio-vieira-sobre-as-chagas-de-sao-francisco.html\" \/>\n<meta property=\"og:site_name\" content=\"Not\u00edcias - Franciscanos\" \/>\n<meta property=\"article:published_time\" content=\"2023-08-23T12:54:51+00:00\" \/>\n<meta property=\"article:modified_time\" content=\"2023-08-23T12:56:04+00:00\" \/>\n<meta property=\"og:image\" content=\"https:\/\/franciscanos.org.br\/noticias\/wp-content\/uploads\/2023\/08\/chagas_livro_2308.jpg\" \/>\n\t<meta property=\"og:image:width\" content=\"1280\" \/>\n\t<meta property=\"og:image:height\" content=\"720\" \/>\n\t<meta property=\"og:image:type\" content=\"image\/jpeg\" \/>\n<meta name=\"author\" content=\"moacir\" \/>\n<meta name=\"twitter:card\" content=\"summary_large_image\" \/>\n<meta name=\"twitter:label1\" content=\"Escrito por\" \/>\n\t<meta name=\"twitter:data1\" content=\"moacir\" \/>\n\t<meta name=\"twitter:label2\" content=\"Est. tempo de leitura\" \/>\n\t<meta name=\"twitter:data2\" content=\"5 minutos\" \/>\n<script type=\"application\/ld+json\" class=\"yoast-schema-graph\">{\"@context\":\"https:\/\/schema.org\",\"@graph\":[{\"@type\":\"WebSite\",\"@id\":\"https:\/\/franciscanos.org.br\/noticias\/#website\",\"url\":\"https:\/\/franciscanos.org.br\/noticias\/\",\"name\":\"Not\u00edcias - Franciscanos\",\"description\":\"Prov\u00edncia Franciscana da Imaculada Concei\u00e7\u00e3o do Brasil - Ordem dos Frades Menores - OFM\",\"potentialAction\":[{\"@type\":\"SearchAction\",\"target\":{\"@type\":\"EntryPoint\",\"urlTemplate\":\"https:\/\/franciscanos.org.br\/noticias\/?s={search_term_string}\"},\"query-input\":\"required name=search_term_string\"}],\"inLanguage\":\"pt-BR\"},{\"@type\":\"ImageObject\",\"inLanguage\":\"pt-BR\",\"@id\":\"https:\/\/franciscanos.org.br\/noticias\/livro-de-frei-clarencio-traz-os-dois-sermoes-do-pe-antonio-vieira-sobre-as-chagas-de-sao-francisco.html#primaryimage\",\"url\":\"https:\/\/franciscanos.org.br\/noticias\/wp-content\/uploads\/2023\/08\/chagas_livro_2308.jpg\",\"contentUrl\":\"https:\/\/franciscanos.org.br\/noticias\/wp-content\/uploads\/2023\/08\/chagas_livro_2308.jpg\",\"width\":1280,\"height\":720},{\"@type\":\"WebPage\",\"@id\":\"https:\/\/franciscanos.org.br\/noticias\/livro-de-frei-clarencio-traz-os-dois-sermoes-do-pe-antonio-vieira-sobre-as-chagas-de-sao-francisco.html#webpage\",\"url\":\"https:\/\/franciscanos.org.br\/noticias\/livro-de-frei-clarencio-traz-os-dois-sermoes-do-pe-antonio-vieira-sobre-as-chagas-de-sao-francisco.html\",\"name\":\"Livro de Frei Clar\u00eancio traz os dois serm\u00f5es do Pe. Ant\u00f4nio Vieira sobre as Chagas de S\u00e3o Francisco - Not\u00edcias - Franciscanos\",\"isPartOf\":{\"@id\":\"https:\/\/franciscanos.org.br\/noticias\/#website\"},\"primaryImageOfPage\":{\"@id\":\"https:\/\/franciscanos.org.br\/noticias\/livro-de-frei-clarencio-traz-os-dois-sermoes-do-pe-antonio-vieira-sobre-as-chagas-de-sao-francisco.html#primaryimage\"},\"datePublished\":\"2023-08-23T12:54:51+00:00\",\"dateModified\":\"2023-08-23T12:56:04+00:00\",\"author\":{\"@id\":\"https:\/\/franciscanos.org.br\/noticias\/#\/schema\/person\/b5c8cba458c330ccff548b056e95a5d4\"},\"breadcrumb\":{\"@id\":\"https:\/\/franciscanos.org.br\/noticias\/livro-de-frei-clarencio-traz-os-dois-sermoes-do-pe-antonio-vieira-sobre-as-chagas-de-sao-francisco.html#breadcrumb\"},\"inLanguage\":\"pt-BR\",\"potentialAction\":[{\"@type\":\"ReadAction\",\"target\":[\"https:\/\/franciscanos.org.br\/noticias\/livro-de-frei-clarencio-traz-os-dois-sermoes-do-pe-antonio-vieira-sobre-as-chagas-de-sao-francisco.html\"]}]},{\"@type\":\"BreadcrumbList\",\"@id\":\"https:\/\/franciscanos.org.br\/noticias\/livro-de-frei-clarencio-traz-os-dois-sermoes-do-pe-antonio-vieira-sobre-as-chagas-de-sao-francisco.html#breadcrumb\",\"itemListElement\":[{\"@type\":\"ListItem\",\"position\":1,\"name\":\"Home\",\"item\":\"https:\/\/franciscanos.org.br\/noticias\"},{\"@type\":\"ListItem\",\"position\":2,\"name\":\"Livro de Frei Clar\u00eancio traz os dois serm\u00f5es do Pe. Ant\u00f4nio Vieira sobre as Chagas de S\u00e3o Francisco\"}]},{\"@type\":\"Person\",\"@id\":\"https:\/\/franciscanos.org.br\/noticias\/#\/schema\/person\/b5c8cba458c330ccff548b056e95a5d4\",\"name\":\"moacir\",\"image\":{\"@type\":\"ImageObject\",\"inLanguage\":\"pt-BR\",\"@id\":\"https:\/\/franciscanos.org.br\/noticias\/#\/schema\/person\/image\/\",\"url\":\"https:\/\/secure.gravatar.com\/avatar\/d08aa2ce4c8dd416d4479aa8536fcf64?s=96&d=mm&r=g\",\"contentUrl\":\"https:\/\/secure.gravatar.com\/avatar\/d08aa2ce4c8dd416d4479aa8536fcf64?s=96&d=mm&r=g\",\"caption\":\"moacir\"},\"url\":\"https:\/\/franciscanos.org.br\/noticias\/author\/moacir\"}]}<\/script>\n<!-- \/ Yoast SEO plugin. -->","yoast_head_json":{"title":"Livro de Frei Clar\u00eancio traz os dois serm\u00f5es do Pe. Ant\u00f4nio Vieira sobre as Chagas de S\u00e3o Francisco - Not\u00edcias - Franciscanos","robots":{"index":"index","follow":"follow","max-snippet":"max-snippet:-1","max-image-preview":"max-image-preview:large","max-video-preview":"max-video-preview:-1"},"canonical":"https:\/\/franciscanos.org.br\/noticias\/livro-de-frei-clarencio-traz-os-dois-sermoes-do-pe-antonio-vieira-sobre-as-chagas-de-sao-francisco.html","og_locale":"pt_BR","og_type":"article","og_title":"Livro de Frei Clar\u00eancio traz os dois serm\u00f5es do Pe. Ant\u00f4nio Vieira sobre as Chagas de S\u00e3o Francisco - Not\u00edcias - Franciscanos","og_description":"Lan\u00e7amento","og_url":"https:\/\/franciscanos.org.br\/noticias\/livro-de-frei-clarencio-traz-os-dois-sermoes-do-pe-antonio-vieira-sobre-as-chagas-de-sao-francisco.html","og_site_name":"Not\u00edcias - Franciscanos","article_published_time":"2023-08-23T12:54:51+00:00","article_modified_time":"2023-08-23T12:56:04+00:00","og_image":[{"width":1280,"height":720,"url":"https:\/\/franciscanos.org.br\/noticias\/wp-content\/uploads\/2023\/08\/chagas_livro_2308.jpg","type":"image\/jpeg"}],"author":"moacir","twitter_card":"summary_large_image","twitter_misc":{"Escrito por":"moacir","Est. tempo de leitura":"5 minutos"},"schema":{"@context":"https:\/\/schema.org","@graph":[{"@type":"WebSite","@id":"https:\/\/franciscanos.org.br\/noticias\/#website","url":"https:\/\/franciscanos.org.br\/noticias\/","name":"Not\u00edcias - Franciscanos","description":"Prov\u00edncia Franciscana da Imaculada Concei\u00e7\u00e3o do Brasil - Ordem dos Frades Menores - OFM","potentialAction":[{"@type":"SearchAction","target":{"@type":"EntryPoint","urlTemplate":"https:\/\/franciscanos.org.br\/noticias\/?s={search_term_string}"},"query-input":"required name=search_term_string"}],"inLanguage":"pt-BR"},{"@type":"ImageObject","inLanguage":"pt-BR","@id":"https:\/\/franciscanos.org.br\/noticias\/livro-de-frei-clarencio-traz-os-dois-sermoes-do-pe-antonio-vieira-sobre-as-chagas-de-sao-francisco.html#primaryimage","url":"https:\/\/franciscanos.org.br\/noticias\/wp-content\/uploads\/2023\/08\/chagas_livro_2308.jpg","contentUrl":"https:\/\/franciscanos.org.br\/noticias\/wp-content\/uploads\/2023\/08\/chagas_livro_2308.jpg","width":1280,"height":720},{"@type":"WebPage","@id":"https:\/\/franciscanos.org.br\/noticias\/livro-de-frei-clarencio-traz-os-dois-sermoes-do-pe-antonio-vieira-sobre-as-chagas-de-sao-francisco.html#webpage","url":"https:\/\/franciscanos.org.br\/noticias\/livro-de-frei-clarencio-traz-os-dois-sermoes-do-pe-antonio-vieira-sobre-as-chagas-de-sao-francisco.html","name":"Livro de Frei Clar\u00eancio traz os dois serm\u00f5es do Pe. Ant\u00f4nio Vieira sobre as Chagas de S\u00e3o Francisco - Not\u00edcias - Franciscanos","isPartOf":{"@id":"https:\/\/franciscanos.org.br\/noticias\/#website"},"primaryImageOfPage":{"@id":"https:\/\/franciscanos.org.br\/noticias\/livro-de-frei-clarencio-traz-os-dois-sermoes-do-pe-antonio-vieira-sobre-as-chagas-de-sao-francisco.html#primaryimage"},"datePublished":"2023-08-23T12:54:51+00:00","dateModified":"2023-08-23T12:56:04+00:00","author":{"@id":"https:\/\/franciscanos.org.br\/noticias\/#\/schema\/person\/b5c8cba458c330ccff548b056e95a5d4"},"breadcrumb":{"@id":"https:\/\/franciscanos.org.br\/noticias\/livro-de-frei-clarencio-traz-os-dois-sermoes-do-pe-antonio-vieira-sobre-as-chagas-de-sao-francisco.html#breadcrumb"},"inLanguage":"pt-BR","potentialAction":[{"@type":"ReadAction","target":["https:\/\/franciscanos.org.br\/noticias\/livro-de-frei-clarencio-traz-os-dois-sermoes-do-pe-antonio-vieira-sobre-as-chagas-de-sao-francisco.html"]}]},{"@type":"BreadcrumbList","@id":"https:\/\/franciscanos.org.br\/noticias\/livro-de-frei-clarencio-traz-os-dois-sermoes-do-pe-antonio-vieira-sobre-as-chagas-de-sao-francisco.html#breadcrumb","itemListElement":[{"@type":"ListItem","position":1,"name":"Home","item":"https:\/\/franciscanos.org.br\/noticias"},{"@type":"ListItem","position":2,"name":"Livro de Frei Clar\u00eancio traz os dois serm\u00f5es do Pe. Ant\u00f4nio Vieira sobre as Chagas de S\u00e3o Francisco"}]},{"@type":"Person","@id":"https:\/\/franciscanos.org.br\/noticias\/#\/schema\/person\/b5c8cba458c330ccff548b056e95a5d4","name":"moacir","image":{"@type":"ImageObject","inLanguage":"pt-BR","@id":"https:\/\/franciscanos.org.br\/noticias\/#\/schema\/person\/image\/","url":"https:\/\/secure.gravatar.com\/avatar\/d08aa2ce4c8dd416d4479aa8536fcf64?s=96&d=mm&r=g","contentUrl":"https:\/\/secure.gravatar.com\/avatar\/d08aa2ce4c8dd416d4479aa8536fcf64?s=96&d=mm&r=g","caption":"moacir"},"url":"https:\/\/franciscanos.org.br\/noticias\/author\/moacir"}]}},"_links":{"self":[{"href":"https:\/\/franciscanos.org.br\/noticias\/wp-json\/wp\/v2\/posts\/244564"}],"collection":[{"href":"https:\/\/franciscanos.org.br\/noticias\/wp-json\/wp\/v2\/posts"}],"about":[{"href":"https:\/\/franciscanos.org.br\/noticias\/wp-json\/wp\/v2\/types\/post"}],"author":[{"embeddable":true,"href":"https:\/\/franciscanos.org.br\/noticias\/wp-json\/wp\/v2\/users\/3"}],"replies":[{"embeddable":true,"href":"https:\/\/franciscanos.org.br\/noticias\/wp-json\/wp\/v2\/comments?post=244564"}],"version-history":[{"count":3,"href":"https:\/\/franciscanos.org.br\/noticias\/wp-json\/wp\/v2\/posts\/244564\/revisions"}],"predecessor-version":[{"id":244569,"href":"https:\/\/franciscanos.org.br\/noticias\/wp-json\/wp\/v2\/posts\/244564\/revisions\/244569"}],"wp:featuredmedia":[{"embeddable":true,"href":"https:\/\/franciscanos.org.br\/noticias\/wp-json\/wp\/v2\/media\/244565"}],"wp:attachment":[{"href":"https:\/\/franciscanos.org.br\/noticias\/wp-json\/wp\/v2\/media?parent=244564"}],"wp:term":[{"taxonomy":"category","embeddable":true,"href":"https:\/\/franciscanos.org.br\/noticias\/wp-json\/wp\/v2\/categories?post=244564"},{"taxonomy":"post_tag","embeddable":true,"href":"https:\/\/franciscanos.org.br\/noticias\/wp-json\/wp\/v2\/tags?post=244564"}],"curies":[{"name":"wp","href":"https:\/\/api.w.org\/{rel}","templated":true}]}}