{"id":244555,"date":"2023-08-21T12:36:08","date_gmt":"2023-08-21T15:36:08","guid":{"rendered":"https:\/\/franciscanos.org.br\/noticias\/?p=244555"},"modified":"2023-08-21T12:37:02","modified_gmt":"2023-08-21T15:37:02","slug":"papa-estou-escrevendo-uma-2a-parte-da-laudato-si-para-atualizar-questoes","status":"publish","type":"post","link":"https:\/\/franciscanos.org.br\/noticias\/papa-estou-escrevendo-uma-2a-parte-da-laudato-si-para-atualizar-questoes.html","title":{"rendered":"Papa: estou escrevendo uma 2\u00aa parte da Laudato si\u2019 para atualizar quest\u00f5es"},"content":{"rendered":"<div id=\"attachment_244556\" style=\"width: 1510px\" class=\"wp-caption alignnone\"><img aria-describedby=\"caption-attachment-244556\" loading=\"lazy\" class=\"wp-image-244556 size-full\" src=\"https:\/\/franciscanos.org.br\/noticias\/wp-content\/uploads\/2023\/08\/papa_laudato.jpeg\" alt=\"\" width=\"1500\" height=\"844\" srcset=\"https:\/\/franciscanos.org.br\/noticias\/wp-content\/uploads\/2023\/08\/papa_laudato.jpeg 1500w, https:\/\/franciscanos.org.br\/noticias\/wp-content\/uploads\/2023\/08\/papa_laudato-450x253.jpeg 450w, https:\/\/franciscanos.org.br\/noticias\/wp-content\/uploads\/2023\/08\/papa_laudato-1024x576.jpeg 1024w, https:\/\/franciscanos.org.br\/noticias\/wp-content\/uploads\/2023\/08\/papa_laudato-768x432.jpeg 768w, https:\/\/franciscanos.org.br\/noticias\/wp-content\/uploads\/2023\/08\/papa_laudato-150x84.jpeg 150w\" sizes=\"(max-width: 1500px) 100vw, 1500px\" \/><p id=\"caption-attachment-244556\" class=\"wp-caption-text\"><em>Imagem: Vatican Media<\/em><\/p><\/div>\n<p>Estou escrevendo uma segunda parte da Laudato si\u2019 para atualizar as quest\u00f5es: foi o que disse o Papa Francisco ao receber em audi\u00eancia na manh\u00e3 deste segunda-feira, 21 de agosto, no Vaticano, uma delega\u00e7\u00e3o de advogados de pa\u00edses membros do Conselho da Europa signat\u00e1rios do Apelo de Viena <strong>(foto acima)<\/strong>, que pede aos Estados membros do Conselho que se comprometam com o Estado de direito e a independ\u00eancia da justi\u00e7a.<\/p>\n<p><strong>Guerra insensata na Ucr\u00e2nia<\/strong><br \/>\nEsse Apelo se insere no atual contexto europeu, que \u00e9 dif\u00edcil em muitos aspectos devido, entre outras coisas, \u00e0 guerra sem sentido no territ\u00f3rio da Ucr\u00e2nia, acrescentou o Santo Padre, agradecendo aos presentes por sua importante contribui\u00e7\u00e3o para a promo\u00e7\u00e3o da democracia e do respeito \u00e0 liberdade e \u00e0 dignidade humana.<\/p>\n<p>Francisco ressaltou que tempos de crises sociais, econ\u00f4micas, de identidade e de seguran\u00e7a desafiam as democracias ocidentais a responder de forma eficaz a elas, mantendo-se fi\u00e9is a seus princ\u00edpios; princ\u00edpios que devem ser continuamente recuperados e cuja defesa exige grande vigil\u00e2ncia, observou.<\/p>\n<p>A esse prop\u00f3sito, o Pont\u00edfice lembrou que o Estado de direito est\u00e1 a servi\u00e7o da pessoa humana e busca tutelar sua dignidade, e isso n\u00e3o admite nenhuma exce\u00e7\u00e3o. \u00c9 um princ\u00edpio.<\/p>\n<p><strong>Inviolabilidade da dignidade da pessoa humana<\/strong><br \/>\nDeve-se lembrar que o fundamento da dignidade da pessoa humana reside em sua origem transcendente, que, consequentemente, pro\u00edbe qualquer viola\u00e7\u00e3o da mesma; e essa transcend\u00eancia exige que, em toda atividade humana, a pessoa seja colocada no centro e n\u00e3o fique \u00e0 merc\u00ea das modas e dos poderes do momento.<\/p>\n<p>De fato, &#8220;uma Europa que n\u00e3o \u00e9 mais capaz de se abrir para a dimens\u00e3o transcendente da vida \u00e9 uma Europa que lentamente corre o risco de perder sua alma e tamb\u00e9m aquele &#8216;esp\u00edrito humanista&#8217; que ela ama e defende&#8221;, continuou o Papa.<\/p>\n<p>Francisco evidenciou que o respeito aos direitos humanos pode ser assegurado e um Estado de direito s\u00f3 pode encontrar solidez na medida em que os povos permanecem fi\u00e9is \u00e0s suas ra\u00edzes que s\u00e3o alimentadas pela verdade, que constitui a for\u00e7a vital de qualquer sociedade que aspira a ser verdadeiramente livre, humana e solid\u00e1ria. O Papa chamou a aten\u00e7\u00e3o para o fato de que sem essa busca pela verdade sobre o homem, de acordo com o plano de Deus, cada um se torna a medida de si mesmo e de suas pr\u00f3prias a\u00e7\u00f5es.<\/p>\n<p><strong>Responsabilidades para com a Cria\u00e7\u00e3o de Deus<\/strong><br \/>\nDirigindo-se diretamente aos signat\u00e1rios do Apelo de Viena, o Santo Padre acrescentou:<\/p>\n<p>Prezados advogados, apreciei em vosso Apelo, entre os aspectos a serem observados em rela\u00e7\u00e3o \u00e0 vossa profiss\u00e3o, a lembran\u00e7a do princ\u00edpio fundamental do segredo profissional, cuja viola\u00e7\u00e3o deplorais em alguns Estados-Membros. Entendo e compartilho vossa preocupa\u00e7\u00e3o e vos encorajo em vossa a\u00e7\u00e3o. \u00c9 essencial que os espa\u00e7os de confidencialidade sejam preservados em nossas sociedades, onde as pessoas podem se expressar e expor seus fardos. Isso \u00e9 muito importante.<\/p>\n<p>Por fim, o Santo Padre expressou sensibilidade ao cuidado com que eles t\u00eam pela casa comum e ao compromisso de participar do desenvolvimento de uma estrutura normativa em favor da prote\u00e7\u00e3o ambiental. Nunca devemos esquecer que as gera\u00e7\u00f5es mais jovens t\u00eam o direito de receber de n\u00f3s um mundo belo e habit\u00e1vel, e que isso nos investe de s\u00e9rios deveres para com a cria\u00e7\u00e3o que recebemos das m\u00e3os generosas de Deus. Obrigado por essa contribui\u00e7\u00e3o.<\/p>\n<hr \/>\n<p><em>Fonte: Vatican News (texto de Raimundo de Lima)<\/em><\/p>\n","protected":false},"excerpt":{"rendered":"<p>Papa Francisco<\/p>\n","protected":false},"author":3,"featured_media":244556,"comment_status":"open","ping_status":"open","sticky":false,"template":"","format":"standard","meta":[],"categories":[1428],"tags":[701],"acf":[],"yoast_head":"<!-- This site is optimized with the Yoast SEO plugin v19.2 - https:\/\/yoast.com\/wordpress\/plugins\/seo\/ -->\n<title>Papa: estou escrevendo uma 2\u00aa parte da Laudato si\u2019 para atualizar quest\u00f5es - Not\u00edcias - Franciscanos<\/title>\n<meta name=\"robots\" content=\"index, follow, max-snippet:-1, max-image-preview:large, max-video-preview:-1\" \/>\n<link rel=\"canonical\" href=\"https:\/\/franciscanos.org.br\/noticias\/papa-estou-escrevendo-uma-2a-parte-da-laudato-si-para-atualizar-questoes.html\" \/>\n<meta property=\"og:locale\" content=\"pt_BR\" \/>\n<meta property=\"og:type\" content=\"article\" \/>\n<meta property=\"og:title\" content=\"Papa: estou escrevendo uma 2\u00aa parte da Laudato si\u2019 para atualizar quest\u00f5es - Not\u00edcias - Franciscanos\" \/>\n<meta property=\"og:description\" content=\"Papa Francisco\" \/>\n<meta property=\"og:url\" content=\"https:\/\/franciscanos.org.br\/noticias\/papa-estou-escrevendo-uma-2a-parte-da-laudato-si-para-atualizar-questoes.html\" \/>\n<meta property=\"og:site_name\" content=\"Not\u00edcias - Franciscanos\" \/>\n<meta property=\"article:published_time\" content=\"2023-08-21T15:36:08+00:00\" \/>\n<meta property=\"article:modified_time\" content=\"2023-08-21T15:37:02+00:00\" \/>\n<meta property=\"og:image\" content=\"https:\/\/franciscanos.org.br\/noticias\/wp-content\/uploads\/2023\/08\/papa_laudato.jpeg\" \/>\n\t<meta property=\"og:image:width\" content=\"1500\" \/>\n\t<meta property=\"og:image:height\" content=\"844\" \/>\n\t<meta property=\"og:image:type\" content=\"image\/jpeg\" \/>\n<meta name=\"author\" content=\"moacir\" \/>\n<meta name=\"twitter:card\" content=\"summary_large_image\" \/>\n<meta name=\"twitter:label1\" content=\"Escrito por\" \/>\n\t<meta name=\"twitter:data1\" content=\"moacir\" \/>\n\t<meta name=\"twitter:label2\" content=\"Est. tempo de leitura\" \/>\n\t<meta name=\"twitter:data2\" content=\"3 minutos\" \/>\n<script type=\"application\/ld+json\" class=\"yoast-schema-graph\">{\"@context\":\"https:\/\/schema.org\",\"@graph\":[{\"@type\":\"WebSite\",\"@id\":\"https:\/\/franciscanos.org.br\/noticias\/#website\",\"url\":\"https:\/\/franciscanos.org.br\/noticias\/\",\"name\":\"Not\u00edcias - Franciscanos\",\"description\":\"Prov\u00edncia Franciscana da Imaculada Concei\u00e7\u00e3o do Brasil - Ordem dos Frades Menores - OFM\",\"potentialAction\":[{\"@type\":\"SearchAction\",\"target\":{\"@type\":\"EntryPoint\",\"urlTemplate\":\"https:\/\/franciscanos.org.br\/noticias\/?s={search_term_string}\"},\"query-input\":\"required name=search_term_string\"}],\"inLanguage\":\"pt-BR\"},{\"@type\":\"ImageObject\",\"inLanguage\":\"pt-BR\",\"@id\":\"https:\/\/franciscanos.org.br\/noticias\/papa-estou-escrevendo-uma-2a-parte-da-laudato-si-para-atualizar-questoes.html#primaryimage\",\"url\":\"https:\/\/franciscanos.org.br\/noticias\/wp-content\/uploads\/2023\/08\/papa_laudato.jpeg\",\"contentUrl\":\"https:\/\/franciscanos.org.br\/noticias\/wp-content\/uploads\/2023\/08\/papa_laudato.jpeg\",\"width\":1500,\"height\":844},{\"@type\":\"WebPage\",\"@id\":\"https:\/\/franciscanos.org.br\/noticias\/papa-estou-escrevendo-uma-2a-parte-da-laudato-si-para-atualizar-questoes.html#webpage\",\"url\":\"https:\/\/franciscanos.org.br\/noticias\/papa-estou-escrevendo-uma-2a-parte-da-laudato-si-para-atualizar-questoes.html\",\"name\":\"Papa: estou escrevendo uma 2\u00aa parte da Laudato si\u2019 para atualizar quest\u00f5es - Not\u00edcias - Franciscanos\",\"isPartOf\":{\"@id\":\"https:\/\/franciscanos.org.br\/noticias\/#website\"},\"primaryImageOfPage\":{\"@id\":\"https:\/\/franciscanos.org.br\/noticias\/papa-estou-escrevendo-uma-2a-parte-da-laudato-si-para-atualizar-questoes.html#primaryimage\"},\"datePublished\":\"2023-08-21T15:36:08+00:00\",\"dateModified\":\"2023-08-21T15:37:02+00:00\",\"author\":{\"@id\":\"https:\/\/franciscanos.org.br\/noticias\/#\/schema\/person\/b5c8cba458c330ccff548b056e95a5d4\"},\"breadcrumb\":{\"@id\":\"https:\/\/franciscanos.org.br\/noticias\/papa-estou-escrevendo-uma-2a-parte-da-laudato-si-para-atualizar-questoes.html#breadcrumb\"},\"inLanguage\":\"pt-BR\",\"potentialAction\":[{\"@type\":\"ReadAction\",\"target\":[\"https:\/\/franciscanos.org.br\/noticias\/papa-estou-escrevendo-uma-2a-parte-da-laudato-si-para-atualizar-questoes.html\"]}]},{\"@type\":\"BreadcrumbList\",\"@id\":\"https:\/\/franciscanos.org.br\/noticias\/papa-estou-escrevendo-uma-2a-parte-da-laudato-si-para-atualizar-questoes.html#breadcrumb\",\"itemListElement\":[{\"@type\":\"ListItem\",\"position\":1,\"name\":\"Home\",\"item\":\"https:\/\/franciscanos.org.br\/noticias\"},{\"@type\":\"ListItem\",\"position\":2,\"name\":\"Papa: estou escrevendo uma 2\u00aa parte da Laudato si\u2019 para atualizar quest\u00f5es\"}]},{\"@type\":\"Person\",\"@id\":\"https:\/\/franciscanos.org.br\/noticias\/#\/schema\/person\/b5c8cba458c330ccff548b056e95a5d4\",\"name\":\"moacir\",\"image\":{\"@type\":\"ImageObject\",\"inLanguage\":\"pt-BR\",\"@id\":\"https:\/\/franciscanos.org.br\/noticias\/#\/schema\/person\/image\/\",\"url\":\"https:\/\/secure.gravatar.com\/avatar\/d08aa2ce4c8dd416d4479aa8536fcf64?s=96&d=mm&r=g\",\"contentUrl\":\"https:\/\/secure.gravatar.com\/avatar\/d08aa2ce4c8dd416d4479aa8536fcf64?s=96&d=mm&r=g\",\"caption\":\"moacir\"},\"url\":\"https:\/\/franciscanos.org.br\/noticias\/author\/moacir\"}]}<\/script>\n<!-- \/ Yoast SEO plugin. -->","yoast_head_json":{"title":"Papa: estou escrevendo uma 2\u00aa parte da Laudato si\u2019 para atualizar quest\u00f5es - Not\u00edcias - Franciscanos","robots":{"index":"index","follow":"follow","max-snippet":"max-snippet:-1","max-image-preview":"max-image-preview:large","max-video-preview":"max-video-preview:-1"},"canonical":"https:\/\/franciscanos.org.br\/noticias\/papa-estou-escrevendo-uma-2a-parte-da-laudato-si-para-atualizar-questoes.html","og_locale":"pt_BR","og_type":"article","og_title":"Papa: estou escrevendo uma 2\u00aa parte da Laudato si\u2019 para atualizar quest\u00f5es - Not\u00edcias - Franciscanos","og_description":"Papa Francisco","og_url":"https:\/\/franciscanos.org.br\/noticias\/papa-estou-escrevendo-uma-2a-parte-da-laudato-si-para-atualizar-questoes.html","og_site_name":"Not\u00edcias - Franciscanos","article_published_time":"2023-08-21T15:36:08+00:00","article_modified_time":"2023-08-21T15:37:02+00:00","og_image":[{"width":1500,"height":844,"url":"https:\/\/franciscanos.org.br\/noticias\/wp-content\/uploads\/2023\/08\/papa_laudato.jpeg","type":"image\/jpeg"}],"author":"moacir","twitter_card":"summary_large_image","twitter_misc":{"Escrito por":"moacir","Est. tempo de leitura":"3 minutos"},"schema":{"@context":"https:\/\/schema.org","@graph":[{"@type":"WebSite","@id":"https:\/\/franciscanos.org.br\/noticias\/#website","url":"https:\/\/franciscanos.org.br\/noticias\/","name":"Not\u00edcias - Franciscanos","description":"Prov\u00edncia Franciscana da Imaculada Concei\u00e7\u00e3o do Brasil - Ordem dos Frades Menores - OFM","potentialAction":[{"@type":"SearchAction","target":{"@type":"EntryPoint","urlTemplate":"https:\/\/franciscanos.org.br\/noticias\/?s={search_term_string}"},"query-input":"required name=search_term_string"}],"inLanguage":"pt-BR"},{"@type":"ImageObject","inLanguage":"pt-BR","@id":"https:\/\/franciscanos.org.br\/noticias\/papa-estou-escrevendo-uma-2a-parte-da-laudato-si-para-atualizar-questoes.html#primaryimage","url":"https:\/\/franciscanos.org.br\/noticias\/wp-content\/uploads\/2023\/08\/papa_laudato.jpeg","contentUrl":"https:\/\/franciscanos.org.br\/noticias\/wp-content\/uploads\/2023\/08\/papa_laudato.jpeg","width":1500,"height":844},{"@type":"WebPage","@id":"https:\/\/franciscanos.org.br\/noticias\/papa-estou-escrevendo-uma-2a-parte-da-laudato-si-para-atualizar-questoes.html#webpage","url":"https:\/\/franciscanos.org.br\/noticias\/papa-estou-escrevendo-uma-2a-parte-da-laudato-si-para-atualizar-questoes.html","name":"Papa: estou escrevendo uma 2\u00aa parte da Laudato si\u2019 para atualizar quest\u00f5es - Not\u00edcias - Franciscanos","isPartOf":{"@id":"https:\/\/franciscanos.org.br\/noticias\/#website"},"primaryImageOfPage":{"@id":"https:\/\/franciscanos.org.br\/noticias\/papa-estou-escrevendo-uma-2a-parte-da-laudato-si-para-atualizar-questoes.html#primaryimage"},"datePublished":"2023-08-21T15:36:08+00:00","dateModified":"2023-08-21T15:37:02+00:00","author":{"@id":"https:\/\/franciscanos.org.br\/noticias\/#\/schema\/person\/b5c8cba458c330ccff548b056e95a5d4"},"breadcrumb":{"@id":"https:\/\/franciscanos.org.br\/noticias\/papa-estou-escrevendo-uma-2a-parte-da-laudato-si-para-atualizar-questoes.html#breadcrumb"},"inLanguage":"pt-BR","potentialAction":[{"@type":"ReadAction","target":["https:\/\/franciscanos.org.br\/noticias\/papa-estou-escrevendo-uma-2a-parte-da-laudato-si-para-atualizar-questoes.html"]}]},{"@type":"BreadcrumbList","@id":"https:\/\/franciscanos.org.br\/noticias\/papa-estou-escrevendo-uma-2a-parte-da-laudato-si-para-atualizar-questoes.html#breadcrumb","itemListElement":[{"@type":"ListItem","position":1,"name":"Home","item":"https:\/\/franciscanos.org.br\/noticias"},{"@type":"ListItem","position":2,"name":"Papa: estou escrevendo uma 2\u00aa parte da Laudato si\u2019 para atualizar quest\u00f5es"}]},{"@type":"Person","@id":"https:\/\/franciscanos.org.br\/noticias\/#\/schema\/person\/b5c8cba458c330ccff548b056e95a5d4","name":"moacir","image":{"@type":"ImageObject","inLanguage":"pt-BR","@id":"https:\/\/franciscanos.org.br\/noticias\/#\/schema\/person\/image\/","url":"https:\/\/secure.gravatar.com\/avatar\/d08aa2ce4c8dd416d4479aa8536fcf64?s=96&d=mm&r=g","contentUrl":"https:\/\/secure.gravatar.com\/avatar\/d08aa2ce4c8dd416d4479aa8536fcf64?s=96&d=mm&r=g","caption":"moacir"},"url":"https:\/\/franciscanos.org.br\/noticias\/author\/moacir"}]}},"_links":{"self":[{"href":"https:\/\/franciscanos.org.br\/noticias\/wp-json\/wp\/v2\/posts\/244555"}],"collection":[{"href":"https:\/\/franciscanos.org.br\/noticias\/wp-json\/wp\/v2\/posts"}],"about":[{"href":"https:\/\/franciscanos.org.br\/noticias\/wp-json\/wp\/v2\/types\/post"}],"author":[{"embeddable":true,"href":"https:\/\/franciscanos.org.br\/noticias\/wp-json\/wp\/v2\/users\/3"}],"replies":[{"embeddable":true,"href":"https:\/\/franciscanos.org.br\/noticias\/wp-json\/wp\/v2\/comments?post=244555"}],"version-history":[{"count":1,"href":"https:\/\/franciscanos.org.br\/noticias\/wp-json\/wp\/v2\/posts\/244555\/revisions"}],"predecessor-version":[{"id":244557,"href":"https:\/\/franciscanos.org.br\/noticias\/wp-json\/wp\/v2\/posts\/244555\/revisions\/244557"}],"wp:featuredmedia":[{"embeddable":true,"href":"https:\/\/franciscanos.org.br\/noticias\/wp-json\/wp\/v2\/media\/244556"}],"wp:attachment":[{"href":"https:\/\/franciscanos.org.br\/noticias\/wp-json\/wp\/v2\/media?parent=244555"}],"wp:term":[{"taxonomy":"category","embeddable":true,"href":"https:\/\/franciscanos.org.br\/noticias\/wp-json\/wp\/v2\/categories?post=244555"},{"taxonomy":"post_tag","embeddable":true,"href":"https:\/\/franciscanos.org.br\/noticias\/wp-json\/wp\/v2\/tags?post=244555"}],"curies":[{"name":"wp","href":"https:\/\/api.w.org\/{rel}","templated":true}]}}