{"id":244513,"date":"2023-08-21T09:03:43","date_gmt":"2023-08-21T12:03:43","guid":{"rendered":"https:\/\/franciscanos.org.br\/noticias\/?p=244513"},"modified":"2023-08-21T09:11:31","modified_gmt":"2023-08-21T12:11:31","slug":"coral-dos-canarinhos-de-petropolis-celebra-81-anos","status":"publish","type":"post","link":"https:\/\/franciscanos.org.br\/noticias\/coral-dos-canarinhos-de-petropolis-celebra-81-anos.html","title":{"rendered":"Coral dos Canarinhos de Petr\u00f3polis\u00a0celebra 81 anos"},"content":{"rendered":"<p><b><img loading=\"lazy\" class=\"alignnone wp-image-244514 size-full\" src=\"https:\/\/franciscanos.org.br\/noticias\/wp-content\/uploads\/2023\/08\/canarinhos_21_1.jpg\" alt=\"\" width=\"1280\" height=\"720\" srcset=\"https:\/\/franciscanos.org.br\/noticias\/wp-content\/uploads\/2023\/08\/canarinhos_21_1.jpg 1280w, https:\/\/franciscanos.org.br\/noticias\/wp-content\/uploads\/2023\/08\/canarinhos_21_1-450x253.jpg 450w, https:\/\/franciscanos.org.br\/noticias\/wp-content\/uploads\/2023\/08\/canarinhos_21_1-1024x576.jpg 1024w, https:\/\/franciscanos.org.br\/noticias\/wp-content\/uploads\/2023\/08\/canarinhos_21_1-768x432.jpg 768w, https:\/\/franciscanos.org.br\/noticias\/wp-content\/uploads\/2023\/08\/canarinhos_21_1-150x84.jpg 150w\" sizes=\"(max-width: 1280px) 100vw, 1280px\" \/>\u00a0<\/b><\/p>\n<p><span style=\"font-weight: 400;\">No dia 15 de agosto de 1942, um grupo de meninos da Escola Gratuita S\u00e3o Jos\u00e9 e alguns frades, sob a reg\u00eancia de Frei Leto Bienias, cantavam na Solenidade da Assun\u00e7\u00e3o de Nossa Senhora, na Igreja do Sagrado Cora\u00e7\u00e3o de Jesus, em Petr\u00f3polis \u2013 RJ. Foram quatro meses de intensos ensaios e aulas para aquela primeira missa em que esse grupo cantou.\u00a0\u00a0<\/span><\/p>\n<p><span style=\"font-weight: 400;\">Como canto inicial, cantaram o <\/span><i><span style=\"font-weight: 400;\">Introito <\/span><\/i><span style=\"font-weight: 400;\">dessa festa mariana, o famoso <\/span><i><span style=\"font-weight: 400;\">Signum Magnum, <\/span><\/i><span style=\"font-weight: 400;\">tirado do Livro do Apocalipse da S\u00e3o Jo\u00e3o: <\/span><i><span style=\"font-weight: 400;\">\u201cApareceu no c\u00e9u um grande sinal, uma mulher vestida de sol, tendo a lua debaixo dos p\u00e9s&#8230;\u201d (Ap 12, 1). <\/span><\/i><span style=\"font-weight: 400;\">O que eles n\u00e3o sabiam \u00e9 que havia um outro \u201cgrande sinal\u201d que surgia naquele dia. Essa data entraria para a hist\u00f3ria como dia da funda\u00e7\u00e3o do \u201cCoral dos Canarinhos de Petr\u00f3polis\u201d, o coral de meninos cantores mais antigo do Brasil.\u00a0\u00a0<\/span><\/p>\n<p><img loading=\"lazy\" class=\"alignnone size-full wp-image-244516\" src=\"https:\/\/franciscanos.org.br\/noticias\/wp-content\/uploads\/2023\/08\/canarinhos_21_5.jpg\" alt=\"\" width=\"1280\" height=\"736\" srcset=\"https:\/\/franciscanos.org.br\/noticias\/wp-content\/uploads\/2023\/08\/canarinhos_21_5.jpg 1280w, https:\/\/franciscanos.org.br\/noticias\/wp-content\/uploads\/2023\/08\/canarinhos_21_5-450x259.jpg 450w, https:\/\/franciscanos.org.br\/noticias\/wp-content\/uploads\/2023\/08\/canarinhos_21_5-1024x589.jpg 1024w, https:\/\/franciscanos.org.br\/noticias\/wp-content\/uploads\/2023\/08\/canarinhos_21_5-768x442.jpg 768w, https:\/\/franciscanos.org.br\/noticias\/wp-content\/uploads\/2023\/08\/canarinhos_21_5-150x86.jpg 150w\" sizes=\"(max-width: 1280px) 100vw, 1280px\" \/><\/p>\n\n\t\t<style type=\"text\/css\">\n\t\t\t#gallery-1 {\n\t\t\t\tmargin: auto;\n\t\t\t}\n\t\t\t#gallery-1 .gallery-item {\n\t\t\t\tfloat: left;\n\t\t\t\tmargin-top: 10px;\n\t\t\t\ttext-align: center;\n\t\t\t\twidth: 12%;\n\t\t\t}\n\t\t\t#gallery-1 img {\n\t\t\t\tborder: 2px solid #cfcfcf;\n\t\t\t}\n\t\t\t#gallery-1 .gallery-caption {\n\t\t\t\tmargin-left: 0;\n\t\t\t}\n\t\t\t\/* see gallery_shortcode() in wp-includes\/media.php *\/\n\t\t<\/style>\n\t\t<div id='gallery-1' class='gallery galleryid-244513 gallery-columns-8 gallery-size-thumbnail'><dl class='gallery-item'>\n\t\t\t<dt class='gallery-icon landscape'>\n\t\t\t\t<a href='https:\/\/franciscanos.org.br\/noticias\/wp-content\/uploads\/2023\/08\/canarinhos_01.jpg'><img width=\"300\" height=\"300\" src=\"https:\/\/franciscanos.org.br\/noticias\/wp-content\/uploads\/2023\/08\/canarinhos_01-300x300.jpg\" class=\"attachment-thumbnail size-thumbnail\" alt=\"\" loading=\"lazy\" srcset=\"https:\/\/franciscanos.org.br\/noticias\/wp-content\/uploads\/2023\/08\/canarinhos_01-300x300.jpg 300w, https:\/\/franciscanos.org.br\/noticias\/wp-content\/uploads\/2023\/08\/canarinhos_01-100x100.jpg 100w\" sizes=\"(max-width: 300px) 100vw, 300px\" \/><\/a>\n\t\t\t<\/dt><\/dl><dl class='gallery-item'>\n\t\t\t<dt class='gallery-icon landscape'>\n\t\t\t\t<a href='https:\/\/franciscanos.org.br\/noticias\/wp-content\/uploads\/2023\/08\/canarinhos_02.jpg'><img width=\"300\" height=\"300\" src=\"https:\/\/franciscanos.org.br\/noticias\/wp-content\/uploads\/2023\/08\/canarinhos_02-300x300.jpg\" class=\"attachment-thumbnail size-thumbnail\" alt=\"\" loading=\"lazy\" srcset=\"https:\/\/franciscanos.org.br\/noticias\/wp-content\/uploads\/2023\/08\/canarinhos_02-300x300.jpg 300w, https:\/\/franciscanos.org.br\/noticias\/wp-content\/uploads\/2023\/08\/canarinhos_02-100x100.jpg 100w\" sizes=\"(max-width: 300px) 100vw, 300px\" \/><\/a>\n\t\t\t<\/dt><\/dl><dl class='gallery-item'>\n\t\t\t<dt class='gallery-icon landscape'>\n\t\t\t\t<a href='https:\/\/franciscanos.org.br\/noticias\/wp-content\/uploads\/2023\/08\/canarinhos_04.jpg'><img width=\"300\" height=\"300\" src=\"https:\/\/franciscanos.org.br\/noticias\/wp-content\/uploads\/2023\/08\/canarinhos_04-300x300.jpg\" class=\"attachment-thumbnail size-thumbnail\" alt=\"\" loading=\"lazy\" srcset=\"https:\/\/franciscanos.org.br\/noticias\/wp-content\/uploads\/2023\/08\/canarinhos_04-300x300.jpg 300w, https:\/\/franciscanos.org.br\/noticias\/wp-content\/uploads\/2023\/08\/canarinhos_04-100x100.jpg 100w\" sizes=\"(max-width: 300px) 100vw, 300px\" \/><\/a>\n\t\t\t<\/dt><\/dl><dl class='gallery-item'>\n\t\t\t<dt class='gallery-icon landscape'>\n\t\t\t\t<a href='https:\/\/franciscanos.org.br\/noticias\/wp-content\/uploads\/2023\/08\/canarinhos_05.jpg'><img width=\"300\" height=\"300\" src=\"https:\/\/franciscanos.org.br\/noticias\/wp-content\/uploads\/2023\/08\/canarinhos_05-300x300.jpg\" class=\"attachment-thumbnail size-thumbnail\" alt=\"\" loading=\"lazy\" srcset=\"https:\/\/franciscanos.org.br\/noticias\/wp-content\/uploads\/2023\/08\/canarinhos_05-300x300.jpg 300w, https:\/\/franciscanos.org.br\/noticias\/wp-content\/uploads\/2023\/08\/canarinhos_05-100x100.jpg 100w\" sizes=\"(max-width: 300px) 100vw, 300px\" \/><\/a>\n\t\t\t<\/dt><\/dl><dl class='gallery-item'>\n\t\t\t<dt class='gallery-icon landscape'>\n\t\t\t\t<a href='https:\/\/franciscanos.org.br\/noticias\/wp-content\/uploads\/2023\/08\/canarinhos_06.jpg'><img width=\"300\" height=\"300\" src=\"https:\/\/franciscanos.org.br\/noticias\/wp-content\/uploads\/2023\/08\/canarinhos_06-300x300.jpg\" class=\"attachment-thumbnail size-thumbnail\" alt=\"\" loading=\"lazy\" srcset=\"https:\/\/franciscanos.org.br\/noticias\/wp-content\/uploads\/2023\/08\/canarinhos_06-300x300.jpg 300w, https:\/\/franciscanos.org.br\/noticias\/wp-content\/uploads\/2023\/08\/canarinhos_06-100x100.jpg 100w\" sizes=\"(max-width: 300px) 100vw, 300px\" \/><\/a>\n\t\t\t<\/dt><\/dl><dl class='gallery-item'>\n\t\t\t<dt class='gallery-icon landscape'>\n\t\t\t\t<a href='https:\/\/franciscanos.org.br\/noticias\/wp-content\/uploads\/2023\/08\/canarinhos_07.jpg'><img width=\"300\" height=\"300\" src=\"https:\/\/franciscanos.org.br\/noticias\/wp-content\/uploads\/2023\/08\/canarinhos_07-300x300.jpg\" class=\"attachment-thumbnail size-thumbnail\" alt=\"\" loading=\"lazy\" srcset=\"https:\/\/franciscanos.org.br\/noticias\/wp-content\/uploads\/2023\/08\/canarinhos_07-300x300.jpg 300w, https:\/\/franciscanos.org.br\/noticias\/wp-content\/uploads\/2023\/08\/canarinhos_07-100x100.jpg 100w\" sizes=\"(max-width: 300px) 100vw, 300px\" \/><\/a>\n\t\t\t<\/dt><\/dl><dl class='gallery-item'>\n\t\t\t<dt class='gallery-icon landscape'>\n\t\t\t\t<a href='https:\/\/franciscanos.org.br\/noticias\/wp-content\/uploads\/2023\/08\/canarinhos_08.jpg'><img width=\"300\" height=\"300\" src=\"https:\/\/franciscanos.org.br\/noticias\/wp-content\/uploads\/2023\/08\/canarinhos_08-300x300.jpg\" class=\"attachment-thumbnail size-thumbnail\" alt=\"\" loading=\"lazy\" srcset=\"https:\/\/franciscanos.org.br\/noticias\/wp-content\/uploads\/2023\/08\/canarinhos_08-300x300.jpg 300w, https:\/\/franciscanos.org.br\/noticias\/wp-content\/uploads\/2023\/08\/canarinhos_08-100x100.jpg 100w\" sizes=\"(max-width: 300px) 100vw, 300px\" \/><\/a>\n\t\t\t<\/dt><\/dl><dl class='gallery-item'>\n\t\t\t<dt class='gallery-icon landscape'>\n\t\t\t\t<a href='https:\/\/franciscanos.org.br\/noticias\/wp-content\/uploads\/2023\/08\/canarinhos_09.jpg'><img width=\"300\" height=\"300\" src=\"https:\/\/franciscanos.org.br\/noticias\/wp-content\/uploads\/2023\/08\/canarinhos_09-300x300.jpg\" class=\"attachment-thumbnail size-thumbnail\" alt=\"\" loading=\"lazy\" srcset=\"https:\/\/franciscanos.org.br\/noticias\/wp-content\/uploads\/2023\/08\/canarinhos_09-300x300.jpg 300w, https:\/\/franciscanos.org.br\/noticias\/wp-content\/uploads\/2023\/08\/canarinhos_09-100x100.jpg 100w\" sizes=\"(max-width: 300px) 100vw, 300px\" \/><\/a>\n\t\t\t<\/dt><\/dl><br style=\"clear: both\" \/>\n\t\t<\/div>\n\n<p><em>(toque nas imagens menores para ampli\u00e1-las)<\/em><\/p>\n<p><span style=\"font-weight: 400;\">Por quest\u00f5es pastorais, essa Solenidade \u00e9 celebrada pela Igreja do Brasil no domingo pr\u00f3ximo ao dia 15 de agosto e tornou-se a data lit\u00fargica de comemorar a vida e a hist\u00f3ria deste \u201cgrande sinal\u201d chamado Coral dos Canarinhos de Petr\u00f3polis! Hoje, 81 anos depois, os Canarinhos se reuniram para, na mesma prece e louvor, cantar ao Bom Deus por tantas gra\u00e7as recebidas em todas essas d\u00e9cadas e o mesmo canto, o <\/span><i><span style=\"font-weight: 400;\">Signum Magnum<\/span><\/i><span style=\"font-weight: 400;\">, ecoou nas vozes dos coralistas. A celebra\u00e7\u00e3o foi realizada na Igreja do Sagrado, ber\u00e7o e casa do coral; e foi presidida por um ex-canarinho, o Vig\u00e1rio Provincial da Prov\u00edncia da Imaculada Concei\u00e7\u00e3o do Brasil, Frei Gustavo W. Medella. Concelebrou um tamb\u00e9m ex-canarinho, Frei Marcos Antonio de Andrade, Definidor Provincial e Presidente do Instituto dos Meninos Cantores de Petr\u00f3polis.\u00a0<\/span><\/p>\n<p><span style=\"font-weight: 400;\">No in\u00edcio da celebra\u00e7\u00e3o, Frei Marcos, deu as boas vindas em nome do Coral e da Fraternidade Franciscana do Sagrado a todos os presentes. De modo especial, saudou os \u201cCanarinhos de Sempre\u201d que se uniram aos atuais coralistas nesta celebra\u00e7\u00e3o; e tamb\u00e9m ao Frei Gustavo, por representar a Prov\u00edncia Franciscana da Imaculada nesta data t\u00e3o especial.\u00a0<\/span><\/p>\n<p><span style=\"font-weight: 400;\">O Coral foi regido pelo seu Maestro, Marco Aur\u00e9lio Lischt. No programa, a Missa em Honra da Virgem Maria do frade americano, Owen da Silva, OFM, que foi executada, impecavelmente, pelo grande Coral.\u00a0<\/span><\/p>\n<p><img loading=\"lazy\" class=\"alignnone size-full wp-image-244515\" src=\"https:\/\/franciscanos.org.br\/noticias\/wp-content\/uploads\/2023\/08\/canarinhos_21_2.jpg\" alt=\"\" width=\"1280\" height=\"720\" srcset=\"https:\/\/franciscanos.org.br\/noticias\/wp-content\/uploads\/2023\/08\/canarinhos_21_2.jpg 1280w, https:\/\/franciscanos.org.br\/noticias\/wp-content\/uploads\/2023\/08\/canarinhos_21_2-450x253.jpg 450w, https:\/\/franciscanos.org.br\/noticias\/wp-content\/uploads\/2023\/08\/canarinhos_21_2-1024x576.jpg 1024w, https:\/\/franciscanos.org.br\/noticias\/wp-content\/uploads\/2023\/08\/canarinhos_21_2-768x432.jpg 768w, https:\/\/franciscanos.org.br\/noticias\/wp-content\/uploads\/2023\/08\/canarinhos_21_2-150x84.jpg 150w\" sizes=\"(max-width: 1280px) 100vw, 1280px\" \/><br \/>\n<b>Frei Gustavo: um encontro pode mudar o mundo!\u00a0<\/b><\/p>\n<p><span style=\"font-weight: 400;\">Em sua homilia, Frei Gustavo lembrou aos presentes que <\/span><i><span style=\"font-weight: 400;\">\u201cos grandes encontros t\u00eam a for\u00e7a de mudar e transformar o mundo. O maior encontro registrado na hist\u00f3ria foi aquele feito entre Deus e a humanidade. E ele se deu no ventre de Maria. Ali, ela recebeu o pr\u00f3prio c\u00e9u dentro de si e, por isso, nada mais justo do que o tamb\u00e9m o c\u00e9u se abrisse para receb\u00ea-la\u201d.\u00a0<\/span><\/i><\/p>\n<p><span style=\"font-weight: 400;\">Depois, referindo-se ao Coral dos Canarinhos lembrou que o Coral tamb\u00e9m nasceu de um encontro felic\u00edssimo: <\/span><i><span style=\"font-weight: 400;\">\u201cEm agosto de 1942, um franciscano, certamente iluminado pelo Esp\u00edrito de Deus, re\u00fane tr\u00eas paix\u00f5es do seu pai espiritual e fundador, S\u00e3o Francisco de Assis. Em primeiro lugar, o Coral nasce para animar uma missa de Primeira Eucaristia. Em segundo lugar, numa missa em honra \u00e0 Nossa Senhora. E por fim, todos reunidos numa eucaristia e numa festa mariana, para cantar. Francisco \u00e9 chamado o Arauto do Grande Rei, aquele que, segundo as legendas, usa gravetos de madeira para expressar a m\u00fasica que brota do seu ser. \u00c9 desse encontro que nasce os Canarinhos de Petr\u00f3polis: a Eucaristia, a Devo\u00e7\u00e3o Mariana e a Paix\u00e3o pela M\u00fasica. Um encontro profundo e prof\u00edcuo que une o canto coral, a conviv\u00eancia, a educa\u00e7\u00e3o e a arte numa linda sinfonia que perdura h\u00e1 tantos anos!\u201d\u00a0<\/span><\/i><\/p>\n<p><span style=\"font-weight: 400;\">Ao final de sua reflex\u00e3o, Frei Gustavo elencou como muito positiva a presen\u00e7a dos frades do tempo da teologia no trabalho e no conv\u00edvio com o Coral. Lembrou que esse v\u00ednculo entre a fraternidade franciscana e o Coral \u00e9 muito importante. Por fim, lembrou do v\u00ednculo e do encontro dessa comunidade local do Sagrado com o Coral e a ela quis elucidar muitos petropolitanos que, h\u00e1 gera\u00e7\u00f5es, foram, s\u00e3o e, com certeza, ser\u00e3o, coralistas do Coral dos Canarinhos. <\/span><i><span style=\"font-weight: 400;\">\u201cNossa gratid\u00e3o a todos que ajudam e s\u00e3o hist\u00f3ria no ontem e no hoje do nosso Coral. Que Nossa Senhora da Gl\u00f3ria interceda por cada um de voc\u00eas!\u201d <\/span><\/i><span style=\"font-weight: 400;\">\u00a0<\/span><i><span style=\"font-weight: 400;\">\u00a0<\/span><\/i><\/p>\n<p><img loading=\"lazy\" class=\"alignnone size-full wp-image-244518\" src=\"https:\/\/franciscanos.org.br\/noticias\/wp-content\/uploads\/2023\/08\/canarinhos_21_7.jpg\" alt=\"\" width=\"1280\" height=\"1156\" srcset=\"https:\/\/franciscanos.org.br\/noticias\/wp-content\/uploads\/2023\/08\/canarinhos_21_7.jpg 1196w, https:\/\/franciscanos.org.br\/noticias\/wp-content\/uploads\/2023\/08\/canarinhos_21_7-450x406.jpg 450w, https:\/\/franciscanos.org.br\/noticias\/wp-content\/uploads\/2023\/08\/canarinhos_21_7-1024x925.jpg 1024w, https:\/\/franciscanos.org.br\/noticias\/wp-content\/uploads\/2023\/08\/canarinhos_21_7-768x694.jpg 768w, https:\/\/franciscanos.org.br\/noticias\/wp-content\/uploads\/2023\/08\/canarinhos_21_7-150x135.jpg 150w\" sizes=\"(max-width: 1280px) 100vw, 1280px\" \/><\/p>\n<p><b>\u201cSalve Regina\u201d in\u00e9dito!\u00a0<\/b><\/p>\n<p><span style=\"font-weight: 400;\">Em 2019, o m\u00fasico Henrique Coe <strong>(foto acima)<\/strong> comp\u00f4s uma pe\u00e7a a quatro vozes intitulada \u201cSalve Regina\u201d, que se baseia no canto gregoriano solene da Salve Rainha. Essa pe\u00e7a foi composta, especialmente, para o Coral dos Canarinhos de Petr\u00f3polis, mas a estreia da obra foi adiada devido \u00e0 pandemia do coronav\u00edrus. Neste ano de 2023, os Canarinhos puderam cantar essa composi\u00e7\u00e3o in\u00e9dita em honra \u00e0 Nossa Senhora. A data da estreia n\u00e3o podia ser mais especial, no anivers\u00e1rio do Coral e nessa t\u00e3o bela Solenidade Mariana. Os Canarinhos cantaram a obra ap\u00f3s o momento da Comunh\u00e3o.<\/span><\/p>\n<p><span style=\"font-weight: 400;\">Henrique Coe \u00e9 natural de Niter\u00f3i-RJ e tem forma\u00e7\u00e3o musical em composi\u00e7\u00e3o e educa\u00e7\u00e3o musical. H\u00e1 10 anos, mudou-se para o Canad\u00e1, onde fez mestrado e doutorado em composi\u00e7\u00e3o e leciona m\u00fasica numa escola cat\u00f3lica de l\u00edngua francesa em Toronto, tendo desenvolvido um m\u00e9todo de teoria musical que ficou conhecido como M\u00e9todo Coe. Dentre suas composi\u00e7\u00f5es, encontram-se obras orquestrais, m\u00fasica de c\u00e2mara e obras corais, como as tr\u00eas composi\u00e7\u00f5es para a Dedica\u00e7\u00e3o da Catedral de Montreal. Estando, atualmente, no Brasil, o compositor fez-se presente na comemora\u00e7\u00e3o dos 81 anos do Coral dos Canarinhos.<\/span><\/p>\n<p><img loading=\"lazy\" class=\"alignnone size-full wp-image-244517\" src=\"https:\/\/franciscanos.org.br\/noticias\/wp-content\/uploads\/2023\/08\/canarinhos_21_6.jpg\" alt=\"\" width=\"1280\" height=\"639\" srcset=\"https:\/\/franciscanos.org.br\/noticias\/wp-content\/uploads\/2023\/08\/canarinhos_21_6.jpg 1280w, https:\/\/franciscanos.org.br\/noticias\/wp-content\/uploads\/2023\/08\/canarinhos_21_6-450x225.jpg 450w, https:\/\/franciscanos.org.br\/noticias\/wp-content\/uploads\/2023\/08\/canarinhos_21_6-1024x511.jpg 1024w, https:\/\/franciscanos.org.br\/noticias\/wp-content\/uploads\/2023\/08\/canarinhos_21_6-768x383.jpg 768w, https:\/\/franciscanos.org.br\/noticias\/wp-content\/uploads\/2023\/08\/canarinhos_21_6-150x75.jpg 150w\" sizes=\"(max-width: 1280px) 100vw, 1280px\" \/><\/p>\n<p><b>Agradecimentos\u00a0<\/b><\/p>\n<p><span style=\"font-weight: 400;\">Ao final da celebra\u00e7\u00e3o, o Diretor Art\u00edstico do IMCP e Maestro, Marco Aur\u00e9lio Lischt, fez os agradecimentos em nome do Coral: <\/span><i><span style=\"font-weight: 400;\">\u201cQuero aqui externar minha gratid\u00e3o aos atuais canarinhos do coro, aos canarinhos de sempre e a todos que aqui fazem-se presentes e que vieram celebrar conosco\u201d. <\/span><\/i><span style=\"font-weight: 400;\">O Maestro ressaltou que \u201c\u00e9<\/span><i><span style=\"font-weight: 400;\"> sempre uma alegria poder estarmos reunidos para celebrarmos esse Coral que \u00e9 parte da nossa hist\u00f3ria. No anivers\u00e1rio do Coral ou tamb\u00e9m nas Cerim\u00f4nias de Investidura de novos canarinhos, vem-me \u00e0 mem\u00f3ria os bons momentos da minha inf\u00e2ncia. As amizades cultivadas, as m\u00fasicas aprendidas, as boas lembran\u00e7as que cultivamos\u201d. <\/span><\/i><span style=\"font-weight: 400;\">Por fim, agradeceu a linda missa que puderam celebrar e finalizou <\/span><i><span style=\"font-weight: 400;\">\u201cfoi muito bom poder fazer m\u00fasica com todos voc\u00eas!\u201d\u00a0\u00a0<\/span><\/i><\/p>\n<p><img loading=\"lazy\" class=\"alignnone size-full wp-image-244519\" src=\"https:\/\/franciscanos.org.br\/noticias\/wp-content\/uploads\/2023\/08\/canarinhos_21_8.jpg\" alt=\"\" width=\"1280\" height=\"582\" srcset=\"https:\/\/franciscanos.org.br\/noticias\/wp-content\/uploads\/2023\/08\/canarinhos_21_8.jpg 1280w, https:\/\/franciscanos.org.br\/noticias\/wp-content\/uploads\/2023\/08\/canarinhos_21_8-450x205.jpg 450w, https:\/\/franciscanos.org.br\/noticias\/wp-content\/uploads\/2023\/08\/canarinhos_21_8-1024x466.jpg 1024w, https:\/\/franciscanos.org.br\/noticias\/wp-content\/uploads\/2023\/08\/canarinhos_21_8-768x349.jpg 768w, https:\/\/franciscanos.org.br\/noticias\/wp-content\/uploads\/2023\/08\/canarinhos_21_8-150x68.jpg 150w\" sizes=\"(max-width: 1280px) 100vw, 1280px\" \/><\/p>\n<p><b>Confraterniza\u00e7\u00e3o\u00a0<\/b><\/p>\n<p><span style=\"font-weight: 400;\">Terminada a Celebra\u00e7\u00e3o, a fam\u00edlia Canarinhos reuniu-se no Instituto Teol\u00f3gico Franciscano para um almo\u00e7o festivo dos 81 anos do Coral dos Meninos. Mais de 200 pessoas estiveram presentes nesse rico momento de partilha e de conviv\u00eancia. A alegria e a anima\u00e7\u00e3o n\u00e3o faltaram nessa confraterniza\u00e7\u00e3o. Depois de servido o almo\u00e7o, os Canarinhos reuniram-se para cantar uma variada sele\u00e7\u00e3o de m\u00fasicas que marcaram a hist\u00f3ria do Coral e habitam na rica mem\u00f3ria destes cantores de sempre.\u00a0<\/span><\/p>\n<p><span style=\"font-weight: 400;\">Se um \u201cencontro\u201d pode mudar o mundo, segundo o que nos levou a refletir Frei Gustavo em sua homilia. Ao final de um dia como este, temos a certeza de que a vida de mais de quatro mil jovens nunca mais foi a mesma depois de se encontrarem com o Coral Canarinhos de Petr\u00f3polis!\u00a0<\/span><\/p>\n<p><span style=\"font-weight: 400;\">Canarinhos para sempre! Feliz 81 anos!\u00a0\u00a0\u00a0\u00a0<\/span><\/p>\n<hr \/>\n<p><em>Frei Jo\u00e3o Manoel Zechinatto<\/em><\/p>\n","protected":false},"excerpt":{"rendered":"<p>Canarinhos de Petr\u00f3polis<\/p>\n","protected":false},"author":3,"featured_media":244514,"comment_status":"open","ping_status":"open","sticky":false,"template":"","format":"standard","meta":[],"categories":[1],"tags":[1378],"acf":[],"yoast_head":"<!-- This site is optimized with the Yoast SEO plugin v19.2 - https:\/\/yoast.com\/wordpress\/plugins\/seo\/ -->\n<title>Coral dos Canarinhos de Petr\u00f3polis\u00a0celebra 81 anos - Not\u00edcias - Franciscanos<\/title>\n<meta name=\"robots\" content=\"index, follow, max-snippet:-1, max-image-preview:large, max-video-preview:-1\" \/>\n<link rel=\"canonical\" href=\"https:\/\/franciscanos.org.br\/noticias\/coral-dos-canarinhos-de-petropolis-celebra-81-anos.html\" \/>\n<meta property=\"og:locale\" content=\"pt_BR\" \/>\n<meta property=\"og:type\" content=\"article\" \/>\n<meta property=\"og:title\" content=\"Coral dos Canarinhos de Petr\u00f3polis\u00a0celebra 81 anos - Not\u00edcias - Franciscanos\" \/>\n<meta property=\"og:description\" content=\"Canarinhos de Petr\u00f3polis\" \/>\n<meta property=\"og:url\" content=\"https:\/\/franciscanos.org.br\/noticias\/coral-dos-canarinhos-de-petropolis-celebra-81-anos.html\" \/>\n<meta property=\"og:site_name\" content=\"Not\u00edcias - Franciscanos\" \/>\n<meta property=\"article:published_time\" content=\"2023-08-21T12:03:43+00:00\" \/>\n<meta property=\"article:modified_time\" content=\"2023-08-21T12:11:31+00:00\" \/>\n<meta property=\"og:image\" content=\"https:\/\/franciscanos.org.br\/noticias\/wp-content\/uploads\/2023\/08\/canarinhos_21_1.jpg\" \/>\n\t<meta property=\"og:image:width\" content=\"1280\" \/>\n\t<meta property=\"og:image:height\" content=\"720\" \/>\n\t<meta property=\"og:image:type\" content=\"image\/jpeg\" \/>\n<meta name=\"author\" content=\"moacir\" \/>\n<meta name=\"twitter:card\" content=\"summary_large_image\" \/>\n<meta name=\"twitter:label1\" content=\"Escrito por\" \/>\n\t<meta name=\"twitter:data1\" content=\"moacir\" \/>\n\t<meta name=\"twitter:label2\" content=\"Est. tempo de leitura\" \/>\n\t<meta name=\"twitter:data2\" content=\"6 minutos\" \/>\n<script type=\"application\/ld+json\" class=\"yoast-schema-graph\">{\"@context\":\"https:\/\/schema.org\",\"@graph\":[{\"@type\":\"WebSite\",\"@id\":\"https:\/\/franciscanos.org.br\/noticias\/#website\",\"url\":\"https:\/\/franciscanos.org.br\/noticias\/\",\"name\":\"Not\u00edcias - Franciscanos\",\"description\":\"Prov\u00edncia Franciscana da Imaculada Concei\u00e7\u00e3o do Brasil - Ordem dos Frades Menores - OFM\",\"potentialAction\":[{\"@type\":\"SearchAction\",\"target\":{\"@type\":\"EntryPoint\",\"urlTemplate\":\"https:\/\/franciscanos.org.br\/noticias\/?s={search_term_string}\"},\"query-input\":\"required name=search_term_string\"}],\"inLanguage\":\"pt-BR\"},{\"@type\":\"ImageObject\",\"inLanguage\":\"pt-BR\",\"@id\":\"https:\/\/franciscanos.org.br\/noticias\/coral-dos-canarinhos-de-petropolis-celebra-81-anos.html#primaryimage\",\"url\":\"https:\/\/franciscanos.org.br\/noticias\/wp-content\/uploads\/2023\/08\/canarinhos_21_1.jpg\",\"contentUrl\":\"https:\/\/franciscanos.org.br\/noticias\/wp-content\/uploads\/2023\/08\/canarinhos_21_1.jpg\",\"width\":1280,\"height\":720},{\"@type\":\"WebPage\",\"@id\":\"https:\/\/franciscanos.org.br\/noticias\/coral-dos-canarinhos-de-petropolis-celebra-81-anos.html#webpage\",\"url\":\"https:\/\/franciscanos.org.br\/noticias\/coral-dos-canarinhos-de-petropolis-celebra-81-anos.html\",\"name\":\"Coral dos Canarinhos de Petr\u00f3polis\u00a0celebra 81 anos - Not\u00edcias - Franciscanos\",\"isPartOf\":{\"@id\":\"https:\/\/franciscanos.org.br\/noticias\/#website\"},\"primaryImageOfPage\":{\"@id\":\"https:\/\/franciscanos.org.br\/noticias\/coral-dos-canarinhos-de-petropolis-celebra-81-anos.html#primaryimage\"},\"datePublished\":\"2023-08-21T12:03:43+00:00\",\"dateModified\":\"2023-08-21T12:11:31+00:00\",\"author\":{\"@id\":\"https:\/\/franciscanos.org.br\/noticias\/#\/schema\/person\/b5c8cba458c330ccff548b056e95a5d4\"},\"breadcrumb\":{\"@id\":\"https:\/\/franciscanos.org.br\/noticias\/coral-dos-canarinhos-de-petropolis-celebra-81-anos.html#breadcrumb\"},\"inLanguage\":\"pt-BR\",\"potentialAction\":[{\"@type\":\"ReadAction\",\"target\":[\"https:\/\/franciscanos.org.br\/noticias\/coral-dos-canarinhos-de-petropolis-celebra-81-anos.html\"]}]},{\"@type\":\"BreadcrumbList\",\"@id\":\"https:\/\/franciscanos.org.br\/noticias\/coral-dos-canarinhos-de-petropolis-celebra-81-anos.html#breadcrumb\",\"itemListElement\":[{\"@type\":\"ListItem\",\"position\":1,\"name\":\"Home\",\"item\":\"https:\/\/franciscanos.org.br\/noticias\"},{\"@type\":\"ListItem\",\"position\":2,\"name\":\"Coral dos Canarinhos de Petr\u00f3polis\u00a0celebra 81 anos\"}]},{\"@type\":\"Person\",\"@id\":\"https:\/\/franciscanos.org.br\/noticias\/#\/schema\/person\/b5c8cba458c330ccff548b056e95a5d4\",\"name\":\"moacir\",\"image\":{\"@type\":\"ImageObject\",\"inLanguage\":\"pt-BR\",\"@id\":\"https:\/\/franciscanos.org.br\/noticias\/#\/schema\/person\/image\/\",\"url\":\"https:\/\/secure.gravatar.com\/avatar\/d08aa2ce4c8dd416d4479aa8536fcf64?s=96&d=mm&r=g\",\"contentUrl\":\"https:\/\/secure.gravatar.com\/avatar\/d08aa2ce4c8dd416d4479aa8536fcf64?s=96&d=mm&r=g\",\"caption\":\"moacir\"},\"url\":\"https:\/\/franciscanos.org.br\/noticias\/author\/moacir\"}]}<\/script>\n<!-- \/ Yoast SEO plugin. -->","yoast_head_json":{"title":"Coral dos Canarinhos de Petr\u00f3polis\u00a0celebra 81 anos - Not\u00edcias - Franciscanos","robots":{"index":"index","follow":"follow","max-snippet":"max-snippet:-1","max-image-preview":"max-image-preview:large","max-video-preview":"max-video-preview:-1"},"canonical":"https:\/\/franciscanos.org.br\/noticias\/coral-dos-canarinhos-de-petropolis-celebra-81-anos.html","og_locale":"pt_BR","og_type":"article","og_title":"Coral dos Canarinhos de Petr\u00f3polis\u00a0celebra 81 anos - Not\u00edcias - Franciscanos","og_description":"Canarinhos de Petr\u00f3polis","og_url":"https:\/\/franciscanos.org.br\/noticias\/coral-dos-canarinhos-de-petropolis-celebra-81-anos.html","og_site_name":"Not\u00edcias - Franciscanos","article_published_time":"2023-08-21T12:03:43+00:00","article_modified_time":"2023-08-21T12:11:31+00:00","og_image":[{"width":1280,"height":720,"url":"https:\/\/franciscanos.org.br\/noticias\/wp-content\/uploads\/2023\/08\/canarinhos_21_1.jpg","type":"image\/jpeg"}],"author":"moacir","twitter_card":"summary_large_image","twitter_misc":{"Escrito por":"moacir","Est. tempo de leitura":"6 minutos"},"schema":{"@context":"https:\/\/schema.org","@graph":[{"@type":"WebSite","@id":"https:\/\/franciscanos.org.br\/noticias\/#website","url":"https:\/\/franciscanos.org.br\/noticias\/","name":"Not\u00edcias - Franciscanos","description":"Prov\u00edncia Franciscana da Imaculada Concei\u00e7\u00e3o do Brasil - Ordem dos Frades Menores - OFM","potentialAction":[{"@type":"SearchAction","target":{"@type":"EntryPoint","urlTemplate":"https:\/\/franciscanos.org.br\/noticias\/?s={search_term_string}"},"query-input":"required name=search_term_string"}],"inLanguage":"pt-BR"},{"@type":"ImageObject","inLanguage":"pt-BR","@id":"https:\/\/franciscanos.org.br\/noticias\/coral-dos-canarinhos-de-petropolis-celebra-81-anos.html#primaryimage","url":"https:\/\/franciscanos.org.br\/noticias\/wp-content\/uploads\/2023\/08\/canarinhos_21_1.jpg","contentUrl":"https:\/\/franciscanos.org.br\/noticias\/wp-content\/uploads\/2023\/08\/canarinhos_21_1.jpg","width":1280,"height":720},{"@type":"WebPage","@id":"https:\/\/franciscanos.org.br\/noticias\/coral-dos-canarinhos-de-petropolis-celebra-81-anos.html#webpage","url":"https:\/\/franciscanos.org.br\/noticias\/coral-dos-canarinhos-de-petropolis-celebra-81-anos.html","name":"Coral dos Canarinhos de Petr\u00f3polis\u00a0celebra 81 anos - Not\u00edcias - Franciscanos","isPartOf":{"@id":"https:\/\/franciscanos.org.br\/noticias\/#website"},"primaryImageOfPage":{"@id":"https:\/\/franciscanos.org.br\/noticias\/coral-dos-canarinhos-de-petropolis-celebra-81-anos.html#primaryimage"},"datePublished":"2023-08-21T12:03:43+00:00","dateModified":"2023-08-21T12:11:31+00:00","author":{"@id":"https:\/\/franciscanos.org.br\/noticias\/#\/schema\/person\/b5c8cba458c330ccff548b056e95a5d4"},"breadcrumb":{"@id":"https:\/\/franciscanos.org.br\/noticias\/coral-dos-canarinhos-de-petropolis-celebra-81-anos.html#breadcrumb"},"inLanguage":"pt-BR","potentialAction":[{"@type":"ReadAction","target":["https:\/\/franciscanos.org.br\/noticias\/coral-dos-canarinhos-de-petropolis-celebra-81-anos.html"]}]},{"@type":"BreadcrumbList","@id":"https:\/\/franciscanos.org.br\/noticias\/coral-dos-canarinhos-de-petropolis-celebra-81-anos.html#breadcrumb","itemListElement":[{"@type":"ListItem","position":1,"name":"Home","item":"https:\/\/franciscanos.org.br\/noticias"},{"@type":"ListItem","position":2,"name":"Coral dos Canarinhos de Petr\u00f3polis\u00a0celebra 81 anos"}]},{"@type":"Person","@id":"https:\/\/franciscanos.org.br\/noticias\/#\/schema\/person\/b5c8cba458c330ccff548b056e95a5d4","name":"moacir","image":{"@type":"ImageObject","inLanguage":"pt-BR","@id":"https:\/\/franciscanos.org.br\/noticias\/#\/schema\/person\/image\/","url":"https:\/\/secure.gravatar.com\/avatar\/d08aa2ce4c8dd416d4479aa8536fcf64?s=96&d=mm&r=g","contentUrl":"https:\/\/secure.gravatar.com\/avatar\/d08aa2ce4c8dd416d4479aa8536fcf64?s=96&d=mm&r=g","caption":"moacir"},"url":"https:\/\/franciscanos.org.br\/noticias\/author\/moacir"}]}},"_links":{"self":[{"href":"https:\/\/franciscanos.org.br\/noticias\/wp-json\/wp\/v2\/posts\/244513"}],"collection":[{"href":"https:\/\/franciscanos.org.br\/noticias\/wp-json\/wp\/v2\/posts"}],"about":[{"href":"https:\/\/franciscanos.org.br\/noticias\/wp-json\/wp\/v2\/types\/post"}],"author":[{"embeddable":true,"href":"https:\/\/franciscanos.org.br\/noticias\/wp-json\/wp\/v2\/users\/3"}],"replies":[{"embeddable":true,"href":"https:\/\/franciscanos.org.br\/noticias\/wp-json\/wp\/v2\/comments?post=244513"}],"version-history":[{"count":3,"href":"https:\/\/franciscanos.org.br\/noticias\/wp-json\/wp\/v2\/posts\/244513\/revisions"}],"predecessor-version":[{"id":244530,"href":"https:\/\/franciscanos.org.br\/noticias\/wp-json\/wp\/v2\/posts\/244513\/revisions\/244530"}],"wp:featuredmedia":[{"embeddable":true,"href":"https:\/\/franciscanos.org.br\/noticias\/wp-json\/wp\/v2\/media\/244514"}],"wp:attachment":[{"href":"https:\/\/franciscanos.org.br\/noticias\/wp-json\/wp\/v2\/media?parent=244513"}],"wp:term":[{"taxonomy":"category","embeddable":true,"href":"https:\/\/franciscanos.org.br\/noticias\/wp-json\/wp\/v2\/categories?post=244513"},{"taxonomy":"post_tag","embeddable":true,"href":"https:\/\/franciscanos.org.br\/noticias\/wp-json\/wp\/v2\/tags?post=244513"}],"curies":[{"name":"wp","href":"https:\/\/api.w.org\/{rel}","templated":true}]}}