{"id":244504,"date":"2023-08-21T09:16:10","date_gmt":"2023-08-21T12:16:10","guid":{"rendered":"https:\/\/franciscanos.org.br\/noticias\/?p=244504"},"modified":"2023-08-21T09:16:10","modified_gmt":"2023-08-21T12:16:10","slug":"quem-e-meu-mestre-entre-os-lancamentos-da-editora-vozes","status":"publish","type":"post","link":"https:\/\/franciscanos.org.br\/noticias\/quem-e-meu-mestre-entre-os-lancamentos-da-editora-vozes.html","title":{"rendered":"&#8220;Quem \u00e9 meu mestre?&#8221; entre os lan\u00e7amentos da Editora Vozes"},"content":{"rendered":"<p><img loading=\"lazy\" src=\"https:\/\/franciscanos.org.br\/noticias\/wp-content\/uploads\/2023\/08\/Vozes-1280-21-08.jpg\" alt=\"\" width=\"1280\" height=\"720\" \/><\/p>\n<h3><strong>Quem \u00e9 meu mestre?<\/strong><\/h3>\n<p><strong>\u00c0 escuta do mestre interior<\/strong><\/p>\n<p>O que me leva a agir de uma maneira ao inv\u00e9s de outra? O que me convida ao sil\u00eancio ou, pelo contr\u00e1rio, impele-me \u00e0 a\u00e7\u00e3o? Dois grandes mestres parecem nos dirigir: o medo e o desejo, que est\u00e3o frequentemente na raiz dos nossos atos, ao inv\u00e9s da serenidade e do amor. Perguntarmo-nos sobre o mestre \u00e9 interrogarmo-nos sobre o que somos. N\u00e3o s\u00e3o quest\u00f5es v\u00e3s e talvez dev\u00eassemos dar-nos o tempo necess\u00e1rio para escutarmos de onde v\u00eam nossas atra\u00e7\u00f5es e nossas repulsas e compreender que nosso mestre, na maior parte dos casos, \u00e9 o nosso passado, ou seja, nosso inconsciente.<\/p>\n<p>Mas qual inconsciente? Em qual n\u00edvel de profundidade ele est\u00e1 enraizado? \u00c9 o que, em um primeiro momento, teremos que descobrir antes de nos interrogarmos sobre a fun\u00e7\u00e3o do mestre nas grandes tradi\u00e7\u00f5es espirituais da humanidade, e o despertar poss\u00edvel daquilo que chamamos de mestre interior, ao mesmo tempo \u201cmais eu do que eu mesmo e completamente diferente de mim mesmo\u201d, imanente e transcendente, capaz de iluminar, esclarecer e confortar o que h\u00e1 de mais humano e de mais divino no homem.<\/p>\n<hr \/>\n<h3><strong>O caminho tolteca da grande liberdade<\/strong><\/h3>\n<p>Os quatro elementos s\u00e3o guias poderosos de como viver em alinhamento com o seu verdadeiro eu. Cada sopro de ar pode trazer mais amplitude para o seu ser. O fogo convida-o a queimar o que j\u00e1 n\u00e3o serve. A \u00e1gua mostra como ser fluido e aberto ao que a vida traz. A terra sob os seus p\u00e9s lembra-o de se nutrir e se sustentar sempre e de todas as maneiras. Cada elemento oferece uma ferramenta de transforma\u00e7\u00e3o, e juntos representam um caminho para a Grande Liberdade.<\/p>\n<p>Em algum momento, cada um de n\u00f3s experimentou um profundo sentimento de conex\u00e3o com a natureza. Sabemos que \u00e9 a nossa casa e desejamos voltar a ela. Isso levanta algumas quest\u00f5es: Que ensinamentos secretos e antigos nos esperam nos blocos de constru\u00e7\u00e3o elementares da natureza? Como eles inspiram uma compreens\u00e3o mais profunda de n\u00f3s mesmos e guiam-nos pelo mundo cada vez mais complexo em que vivemos? As respostas a essas perguntas ir\u00e3o formar a estrutura deste livro.<\/p>\n<hr \/>\n<h3><strong>Orienta\u00e7\u00e3o Espiritual<\/strong><\/h3>\n<p><strong>Encontrando uma vida plena<\/strong><\/p>\n<p>O texto pode servir de inspira\u00e7\u00e3o para todos aqueles que est\u00e3o em busca de orienta\u00e7\u00e3o. E isso, em nossos tempos confusos, \u00e9 muita gente. Esta primeira parte mais longa do livro lista ainda as palavras-chave mais importantes, de acordo com sua ordem interna. Ela invoca reiteradamente a experi\u00eancia pessoal dos leitores e leitoras, incentiva suas pr\u00f3prias reflex\u00f5es e sugere perspectivas e atitudes \u00fateis \u00e0 vida. Muitos v\u00e3o querer tamb\u00e9m ler, em sua totalidade, a segunda metade do livro, especialmente todos os entusiastas da l\u00edngua e todos aqueles que simplesmente t\u00eam prazer em se expressar claramente. Voc\u00ea conhecer\u00e1 aqui distin\u00e7\u00f5es importantes, muitas vezes negligenciadas, infelizmente.<\/p>\n<p>Mesmo depois da leitura, muitos provavelmente v\u00e3o querer manter este guia \u00e0 m\u00e3o na prateleira para obter e dar conselhos em quest\u00f5es espirituais.<\/p>\n<p>Como podemos encontrar estabilidade em um mundo em r\u00e1pida mudan\u00e7a? Aos 95 anos, David Steindl-Rast pergunta sobre os pontos de refer\u00eancia centrais que moldaram sua vida \u2013 \u201cToda a minha vida eu quis sobretudo saber como tudo est\u00e1 conectado a tudo o mais\u201d. A vida lhe aparece como uma dan\u00e7a sagrada que gira em torno de um centro misterioso, o grande voc\u00ea. Quem se abre para esse grande voc\u00ea em uma escuta atenta ver\u00e1 que tudo o que acontece na vida \u00e9 uma conversa ininterrupta que fala da plenitude da vida. Nesta atitude, cada momento se torna um presente que podemos aceitar livremente. David Steindl-Rast dedicou sua vida ao di\u00e1logo entre as religi\u00f5es e \u00e0 descoberta de sua sabedoria. Ele v\u00ea nas religi\u00f5es po\u00e7os que levam \u00e0 profundidade da vida, e ele extrai desses po\u00e7os para este livro. Termos centrais como: eu, voc\u00ea, isso, vida, Deus, confian\u00e7a, chamado ou gratid\u00e3o tornam-se pontos de refer\u00eancia inovadores que encorajam uma vida consciente no agora.<\/p>\n<hr \/>\n<h3><strong>TOD &#8211; Transtorno de oposi\u00e7\u00e3o desafiante<\/strong><\/h3>\n<p><strong>O que fazer e o que evitar &#8211; <\/strong><strong>Guia r\u00e1pido para professores do Ensino Fundamental e M\u00e9dio<\/strong><\/p>\n<p>Voc\u00ea j\u00e1 pensou nas estrat\u00e9gias mais eficazes para lidar com uma crian\u00e7a rebelde na escola? Este livro, no estilo de um caderno de treinamento de professores, apresenta sugest\u00f5es e indica\u00e7\u00f5es \u00fateis para enfrentar com sucesso 12 problemas de comportamento t\u00edpicos do Transtorno de Oposi\u00e7\u00e3o Desafiante (TOD).<\/p>\n<p>O livro n\u00e3o trata da \u201cadministra\u00e7\u00e3o ordin\u00e1ria\u201d, mas de casos complexos de crian\u00e7as que n\u00e3o apenas p\u00f5em em pr\u00e1tica comportamentos que poder\u00edamos definir como inapropriados, mas que tamb\u00e9m apresentam dificuldades de autocontrole t\u00e3o importantes e explosivas a ponto de serem classificadas como transtorno.<\/p>\n<hr \/>\n<p style=\"padding-left: 40px;\">Todos esses produtos podem ser adquiridos pelos sites<br \/>\n<a href=\"http:\/\/www.livrariavozes.com.br\/\">www.livrariavozes.com.br<\/a><br \/>\n<a href=\"http:\/\/vozes.com.br\/\">http:\/\/vozes.com.br<\/a><\/p>\n<p style=\"padding-left: 40px;\">E-mail:\u00a0<a href=\"mailto:contato@vozes.com.br\">contato@vozes.com.br<\/a><\/p>\n<p style=\"padding-left: 40px;\">Tel.\u00a011 3101 8451<\/p>\n<p style=\"padding-left: 40px;\"><em><strong>Editora Vozes<\/strong><\/em><\/p>\n<p style=\"padding-left: 40px;\">\n","protected":false},"excerpt":{"rendered":"<p>Editora Vozes<\/p>\n","protected":false},"author":7,"featured_media":244506,"comment_status":"open","ping_status":"open","sticky":false,"template":"","format":"standard","meta":[],"categories":[1],"tags":[238],"acf":[],"yoast_head":"<!-- This site is optimized with the Yoast SEO plugin v19.2 - https:\/\/yoast.com\/wordpress\/plugins\/seo\/ -->\n<title>&quot;Quem \u00e9 meu mestre?&quot; entre os lan\u00e7amentos da Editora Vozes - Not\u00edcias - Franciscanos<\/title>\n<meta name=\"robots\" content=\"index, follow, max-snippet:-1, max-image-preview:large, max-video-preview:-1\" \/>\n<link rel=\"canonical\" href=\"https:\/\/franciscanos.org.br\/noticias\/quem-e-meu-mestre-entre-os-lancamentos-da-editora-vozes.html\" \/>\n<meta property=\"og:locale\" content=\"pt_BR\" \/>\n<meta property=\"og:type\" content=\"article\" \/>\n<meta property=\"og:title\" content=\"&quot;Quem \u00e9 meu mestre?&quot; entre os lan\u00e7amentos da Editora Vozes - Not\u00edcias - Franciscanos\" \/>\n<meta property=\"og:description\" content=\"Editora Vozes\" \/>\n<meta property=\"og:url\" content=\"https:\/\/franciscanos.org.br\/noticias\/quem-e-meu-mestre-entre-os-lancamentos-da-editora-vozes.html\" \/>\n<meta property=\"og:site_name\" content=\"Not\u00edcias - Franciscanos\" \/>\n<meta property=\"article:published_time\" content=\"2023-08-21T12:16:10+00:00\" \/>\n<meta property=\"og:image\" content=\"https:\/\/franciscanos.org.br\/noticias\/wp-content\/uploads\/2023\/08\/Vozes-800-21-08.jpg\" \/>\n\t<meta property=\"og:image:width\" content=\"800\" \/>\n\t<meta property=\"og:image:height\" content=\"550\" \/>\n\t<meta property=\"og:image:type\" content=\"image\/jpeg\" \/>\n<meta name=\"author\" content=\"jovenal\" \/>\n<meta name=\"twitter:card\" content=\"summary_large_image\" \/>\n<meta name=\"twitter:label1\" content=\"Escrito por\" \/>\n\t<meta name=\"twitter:data1\" content=\"jovenal\" \/>\n\t<meta name=\"twitter:label2\" content=\"Est. tempo de leitura\" \/>\n\t<meta name=\"twitter:data2\" content=\"4 minutos\" \/>\n<script type=\"application\/ld+json\" class=\"yoast-schema-graph\">{\"@context\":\"https:\/\/schema.org\",\"@graph\":[{\"@type\":\"WebSite\",\"@id\":\"https:\/\/franciscanos.org.br\/noticias\/#website\",\"url\":\"https:\/\/franciscanos.org.br\/noticias\/\",\"name\":\"Not\u00edcias - Franciscanos\",\"description\":\"Prov\u00edncia Franciscana da Imaculada Concei\u00e7\u00e3o do Brasil - Ordem dos Frades Menores - OFM\",\"potentialAction\":[{\"@type\":\"SearchAction\",\"target\":{\"@type\":\"EntryPoint\",\"urlTemplate\":\"https:\/\/franciscanos.org.br\/noticias\/?s={search_term_string}\"},\"query-input\":\"required name=search_term_string\"}],\"inLanguage\":\"pt-BR\"},{\"@type\":\"ImageObject\",\"inLanguage\":\"pt-BR\",\"@id\":\"https:\/\/franciscanos.org.br\/noticias\/quem-e-meu-mestre-entre-os-lancamentos-da-editora-vozes.html#primaryimage\",\"url\":\"https:\/\/franciscanos.org.br\/noticias\/wp-content\/uploads\/2023\/08\/Vozes-800-21-08.jpg\",\"contentUrl\":\"https:\/\/franciscanos.org.br\/noticias\/wp-content\/uploads\/2023\/08\/Vozes-800-21-08.jpg\",\"width\":800,\"height\":550},{\"@type\":\"WebPage\",\"@id\":\"https:\/\/franciscanos.org.br\/noticias\/quem-e-meu-mestre-entre-os-lancamentos-da-editora-vozes.html#webpage\",\"url\":\"https:\/\/franciscanos.org.br\/noticias\/quem-e-meu-mestre-entre-os-lancamentos-da-editora-vozes.html\",\"name\":\"\\\"Quem \u00e9 meu mestre?\\\" entre os lan\u00e7amentos da Editora Vozes - Not\u00edcias - Franciscanos\",\"isPartOf\":{\"@id\":\"https:\/\/franciscanos.org.br\/noticias\/#website\"},\"primaryImageOfPage\":{\"@id\":\"https:\/\/franciscanos.org.br\/noticias\/quem-e-meu-mestre-entre-os-lancamentos-da-editora-vozes.html#primaryimage\"},\"datePublished\":\"2023-08-21T12:16:10+00:00\",\"dateModified\":\"2023-08-21T12:16:10+00:00\",\"author\":{\"@id\":\"https:\/\/franciscanos.org.br\/noticias\/#\/schema\/person\/c3a26b08313dd1772495ce300ab257cc\"},\"breadcrumb\":{\"@id\":\"https:\/\/franciscanos.org.br\/noticias\/quem-e-meu-mestre-entre-os-lancamentos-da-editora-vozes.html#breadcrumb\"},\"inLanguage\":\"pt-BR\",\"potentialAction\":[{\"@type\":\"ReadAction\",\"target\":[\"https:\/\/franciscanos.org.br\/noticias\/quem-e-meu-mestre-entre-os-lancamentos-da-editora-vozes.html\"]}]},{\"@type\":\"BreadcrumbList\",\"@id\":\"https:\/\/franciscanos.org.br\/noticias\/quem-e-meu-mestre-entre-os-lancamentos-da-editora-vozes.html#breadcrumb\",\"itemListElement\":[{\"@type\":\"ListItem\",\"position\":1,\"name\":\"Home\",\"item\":\"https:\/\/franciscanos.org.br\/noticias\"},{\"@type\":\"ListItem\",\"position\":2,\"name\":\"&#8220;Quem \u00e9 meu mestre?&#8221; entre os lan\u00e7amentos da Editora Vozes\"}]},{\"@type\":\"Person\",\"@id\":\"https:\/\/franciscanos.org.br\/noticias\/#\/schema\/person\/c3a26b08313dd1772495ce300ab257cc\",\"name\":\"jovenal\",\"image\":{\"@type\":\"ImageObject\",\"inLanguage\":\"pt-BR\",\"@id\":\"https:\/\/franciscanos.org.br\/noticias\/#\/schema\/person\/image\/\",\"url\":\"https:\/\/secure.gravatar.com\/avatar\/e94509f531086e2eaf97e72f29ea00f9?s=96&d=mm&r=g\",\"contentUrl\":\"https:\/\/secure.gravatar.com\/avatar\/e94509f531086e2eaf97e72f29ea00f9?s=96&d=mm&r=g\",\"caption\":\"jovenal\"},\"url\":\"https:\/\/franciscanos.org.br\/noticias\/author\/jovenal\"}]}<\/script>\n<!-- \/ Yoast SEO plugin. -->","yoast_head_json":{"title":"\"Quem \u00e9 meu mestre?\" entre os lan\u00e7amentos da Editora Vozes - Not\u00edcias - Franciscanos","robots":{"index":"index","follow":"follow","max-snippet":"max-snippet:-1","max-image-preview":"max-image-preview:large","max-video-preview":"max-video-preview:-1"},"canonical":"https:\/\/franciscanos.org.br\/noticias\/quem-e-meu-mestre-entre-os-lancamentos-da-editora-vozes.html","og_locale":"pt_BR","og_type":"article","og_title":"\"Quem \u00e9 meu mestre?\" entre os lan\u00e7amentos da Editora Vozes - Not\u00edcias - Franciscanos","og_description":"Editora Vozes","og_url":"https:\/\/franciscanos.org.br\/noticias\/quem-e-meu-mestre-entre-os-lancamentos-da-editora-vozes.html","og_site_name":"Not\u00edcias - Franciscanos","article_published_time":"2023-08-21T12:16:10+00:00","og_image":[{"width":800,"height":550,"url":"https:\/\/franciscanos.org.br\/noticias\/wp-content\/uploads\/2023\/08\/Vozes-800-21-08.jpg","type":"image\/jpeg"}],"author":"jovenal","twitter_card":"summary_large_image","twitter_misc":{"Escrito por":"jovenal","Est. tempo de leitura":"4 minutos"},"schema":{"@context":"https:\/\/schema.org","@graph":[{"@type":"WebSite","@id":"https:\/\/franciscanos.org.br\/noticias\/#website","url":"https:\/\/franciscanos.org.br\/noticias\/","name":"Not\u00edcias - Franciscanos","description":"Prov\u00edncia Franciscana da Imaculada Concei\u00e7\u00e3o do Brasil - Ordem dos Frades Menores - OFM","potentialAction":[{"@type":"SearchAction","target":{"@type":"EntryPoint","urlTemplate":"https:\/\/franciscanos.org.br\/noticias\/?s={search_term_string}"},"query-input":"required name=search_term_string"}],"inLanguage":"pt-BR"},{"@type":"ImageObject","inLanguage":"pt-BR","@id":"https:\/\/franciscanos.org.br\/noticias\/quem-e-meu-mestre-entre-os-lancamentos-da-editora-vozes.html#primaryimage","url":"https:\/\/franciscanos.org.br\/noticias\/wp-content\/uploads\/2023\/08\/Vozes-800-21-08.jpg","contentUrl":"https:\/\/franciscanos.org.br\/noticias\/wp-content\/uploads\/2023\/08\/Vozes-800-21-08.jpg","width":800,"height":550},{"@type":"WebPage","@id":"https:\/\/franciscanos.org.br\/noticias\/quem-e-meu-mestre-entre-os-lancamentos-da-editora-vozes.html#webpage","url":"https:\/\/franciscanos.org.br\/noticias\/quem-e-meu-mestre-entre-os-lancamentos-da-editora-vozes.html","name":"\"Quem \u00e9 meu mestre?\" entre os lan\u00e7amentos da Editora Vozes - Not\u00edcias - Franciscanos","isPartOf":{"@id":"https:\/\/franciscanos.org.br\/noticias\/#website"},"primaryImageOfPage":{"@id":"https:\/\/franciscanos.org.br\/noticias\/quem-e-meu-mestre-entre-os-lancamentos-da-editora-vozes.html#primaryimage"},"datePublished":"2023-08-21T12:16:10+00:00","dateModified":"2023-08-21T12:16:10+00:00","author":{"@id":"https:\/\/franciscanos.org.br\/noticias\/#\/schema\/person\/c3a26b08313dd1772495ce300ab257cc"},"breadcrumb":{"@id":"https:\/\/franciscanos.org.br\/noticias\/quem-e-meu-mestre-entre-os-lancamentos-da-editora-vozes.html#breadcrumb"},"inLanguage":"pt-BR","potentialAction":[{"@type":"ReadAction","target":["https:\/\/franciscanos.org.br\/noticias\/quem-e-meu-mestre-entre-os-lancamentos-da-editora-vozes.html"]}]},{"@type":"BreadcrumbList","@id":"https:\/\/franciscanos.org.br\/noticias\/quem-e-meu-mestre-entre-os-lancamentos-da-editora-vozes.html#breadcrumb","itemListElement":[{"@type":"ListItem","position":1,"name":"Home","item":"https:\/\/franciscanos.org.br\/noticias"},{"@type":"ListItem","position":2,"name":"&#8220;Quem \u00e9 meu mestre?&#8221; entre os lan\u00e7amentos da Editora Vozes"}]},{"@type":"Person","@id":"https:\/\/franciscanos.org.br\/noticias\/#\/schema\/person\/c3a26b08313dd1772495ce300ab257cc","name":"jovenal","image":{"@type":"ImageObject","inLanguage":"pt-BR","@id":"https:\/\/franciscanos.org.br\/noticias\/#\/schema\/person\/image\/","url":"https:\/\/secure.gravatar.com\/avatar\/e94509f531086e2eaf97e72f29ea00f9?s=96&d=mm&r=g","contentUrl":"https:\/\/secure.gravatar.com\/avatar\/e94509f531086e2eaf97e72f29ea00f9?s=96&d=mm&r=g","caption":"jovenal"},"url":"https:\/\/franciscanos.org.br\/noticias\/author\/jovenal"}]}},"_links":{"self":[{"href":"https:\/\/franciscanos.org.br\/noticias\/wp-json\/wp\/v2\/posts\/244504"}],"collection":[{"href":"https:\/\/franciscanos.org.br\/noticias\/wp-json\/wp\/v2\/posts"}],"about":[{"href":"https:\/\/franciscanos.org.br\/noticias\/wp-json\/wp\/v2\/types\/post"}],"author":[{"embeddable":true,"href":"https:\/\/franciscanos.org.br\/noticias\/wp-json\/wp\/v2\/users\/7"}],"replies":[{"embeddable":true,"href":"https:\/\/franciscanos.org.br\/noticias\/wp-json\/wp\/v2\/comments?post=244504"}],"version-history":[{"count":2,"href":"https:\/\/franciscanos.org.br\/noticias\/wp-json\/wp\/v2\/posts\/244504\/revisions"}],"predecessor-version":[{"id":244508,"href":"https:\/\/franciscanos.org.br\/noticias\/wp-json\/wp\/v2\/posts\/244504\/revisions\/244508"}],"wp:featuredmedia":[{"embeddable":true,"href":"https:\/\/franciscanos.org.br\/noticias\/wp-json\/wp\/v2\/media\/244506"}],"wp:attachment":[{"href":"https:\/\/franciscanos.org.br\/noticias\/wp-json\/wp\/v2\/media?parent=244504"}],"wp:term":[{"taxonomy":"category","embeddable":true,"href":"https:\/\/franciscanos.org.br\/noticias\/wp-json\/wp\/v2\/categories?post=244504"},{"taxonomy":"post_tag","embeddable":true,"href":"https:\/\/franciscanos.org.br\/noticias\/wp-json\/wp\/v2\/tags?post=244504"}],"curies":[{"name":"wp","href":"https:\/\/api.w.org\/{rel}","templated":true}]}}