{"id":244499,"date":"2023-08-20T10:28:58","date_gmt":"2023-08-20T13:28:58","guid":{"rendered":"https:\/\/franciscanos.org.br\/noticias\/?p=244499"},"modified":"2023-08-20T10:33:43","modified_gmt":"2023-08-20T13:33:43","slug":"papa-francisco-quem-ama-sabe-mudar-se-deixa-mover-e-se-comove","status":"publish","type":"post","link":"https:\/\/franciscanos.org.br\/noticias\/papa-francisco-quem-ama-sabe-mudar-se-deixa-mover-e-se-comove.html","title":{"rendered":"Papa: \u201cQuem ama sabe mudar, se deixa mover e se comove&#8221;"},"content":{"rendered":"<div id=\"attachment_244500\" style=\"width: 1510px\" class=\"wp-caption alignnone\"><img aria-describedby=\"caption-attachment-244500\" loading=\"lazy\" class=\"wp-image-244500 size-full\" src=\"https:\/\/franciscanos.org.br\/noticias\/wp-content\/uploads\/2023\/08\/papa_200823.jpeg\" alt=\"\" width=\"1500\" height=\"844\" srcset=\"https:\/\/franciscanos.org.br\/noticias\/wp-content\/uploads\/2023\/08\/papa_200823.jpeg 1500w, https:\/\/franciscanos.org.br\/noticias\/wp-content\/uploads\/2023\/08\/papa_200823-450x253.jpeg 450w, https:\/\/franciscanos.org.br\/noticias\/wp-content\/uploads\/2023\/08\/papa_200823-1024x576.jpeg 1024w, https:\/\/franciscanos.org.br\/noticias\/wp-content\/uploads\/2023\/08\/papa_200823-768x432.jpeg 768w, https:\/\/franciscanos.org.br\/noticias\/wp-content\/uploads\/2023\/08\/papa_200823-150x84.jpeg 150w\" sizes=\"(max-width: 1500px) 100vw, 1500px\" \/><p id=\"caption-attachment-244500\" class=\"wp-caption-text\"><em>Imagem: Vatican Media<\/em><\/p><\/div>\n<p>&#8220;Quem ama n\u00e3o permanece nas pr\u00f3prias posi\u00e7\u00f5es, mas se deixa mover e comover; sabe como mudar seus programas. O amor \u00e9 criativo. E n\u00f3s, crist\u00e3os, se quisermos imitar Cristo, somos convidados \u00e0 disponibilidade da mudan\u00e7a\u201d. Foi o que disse o Papa Francisco no Angelus deste domingo na Pra\u00e7a S\u00e3o Pedro, repleta de fi\u00e9is e peregrinos de todas as partes do mundo, apesar do forte calor europeu. Na sua alocu\u00e7\u00e3o comentou o epis\u00f3dio evang\u00e9lico da mulher cananeia.<\/p>\n<p>Como faz bem em nossos relacionamentos, &#8211; disse Francisco &#8211; mas tamb\u00e9m na vida de f\u00e9, ser d\u00f3cil, realmente ouvir, ser carinhoso em nome da compaix\u00e3o e do bem dos outros, como Jesus fez com a mulher cananeia. \u201cA docilidade para mudar&#8221;.<\/p>\n<p>A esse respeito, o Pont\u00edfice enfatizou: &#8220;aqui est\u00e1 a concretude da f\u00e9, que n\u00e3o \u00e9 uma etiqueta religiosa, mas um relacionamento pessoal com o Senhor. Quantas vezes ca\u00edmos na tenta\u00e7\u00e3o de confundir a f\u00e9 com uma etiqueta. A f\u00e9 da mulher cananeia n\u00e3o \u00e9 feita de etiqueta teol\u00f3gica, mas de insist\u00eancia; n\u00e3o de palavras, mas de ora\u00e7\u00e3o. E Deus n\u00e3o resiste quando se reza a ele&#8221;.<\/p>\n<p>Vemos que Jesus muda sua atitude, &#8211; disse o Papa &#8211; e o que o faz mudar \u00e9 a for\u00e7a da f\u00e9 da mulher. Francisco se det\u00e9m ent\u00e3o brevemente em dois aspectos: a mudan\u00e7a de Jesus e a f\u00e9 da mulher.<\/p>\n<p>A mudan\u00e7a de Jesus. Ele estava dirigindo sua prega\u00e7\u00e3o ao povo eleito; depois, o Esp\u00edrito Santo levaria a Igreja at\u00e9 os confins da terra. Mas aqui, poder\u00edamos dizer, ocorre uma antecipa\u00e7\u00e3o, pela qual, no epis\u00f3dio da mulher cananeia, a universalidade da obra de Deus j\u00e1 se manifesta. E n\u00f3s, crist\u00e3os, se quisermos imitar Cristo, somos convidados a estar prontos para a mudan\u00e7a.<\/p>\n<p>Vejamos ent\u00e3o a f\u00e9 da mulher, que o Senhor elogia, dizendo que \u00e9 &#8220;grande&#8221;. Para os disc\u00edpulos, apenas a insist\u00eancia dela parece grande; em vez disso, Jesus v\u00ea a f\u00e9. Se pensarmos bem,\u00a0 &#8211; disse ainda o Papa &#8211; aquela mulher estrangeira provavelmente sabia pouco, ou quase nada, sobre as leis e os preceitos religiosos de Israel. Em que, ent\u00e3o, consiste a sua f\u00e9? Ela n\u00e3o \u00e9 rica de conceitos, mas de fatos: a mulher cananeia se aproxima, prostra-se, insiste, mant\u00e9m um di\u00e1logo \u00edntimo com Jesus, supera todos os obst\u00e1culos para falar com ele.<\/p>\n<p>&#8220;\u00c0 luz de tudo isso, podemos nos fazer algumas perguntas&#8221;, acrescentou Francisco. Come\u00e7ando com a mudan\u00e7a de Jesus: sou capaz de mudar opini\u00e3o? Sou capaz de ser compreensivo e compassivo ou permane\u00e7o r\u00edgido em minhas posi\u00e7\u00f5es? E a partir da f\u00e9 da mulher, disse ainda o Papa: como est\u00e1 a minha f\u00e9? Ela se limita a conceitos e palavras, ou \u00e9 realmente vivida, com a ora\u00e7\u00e3o e as a\u00e7\u00f5es? Sei dialogar com o Senhor, insistir com Ele, ou me contento em recitar alguma f\u00f3rmula bonita?&#8221;.<\/p>\n<p>\u201cQue Nossa Senhora nos torne dispon\u00edveis ao bem e concretos na f\u00e9&#8221;, finalizou o Papa.<\/p>\n<hr \/>\n<p><em>Fonte: Vatican News (texto de Silvonei Jos\u00e9)<\/em><\/p>\n","protected":false},"excerpt":{"rendered":"<p>Angelus<\/p>\n","protected":false},"author":3,"featured_media":244500,"comment_status":"open","ping_status":"open","sticky":false,"template":"","format":"standard","meta":[],"categories":[1428],"tags":[403,55],"acf":[],"yoast_head":"<!-- This site is optimized with the Yoast SEO plugin v19.2 - https:\/\/yoast.com\/wordpress\/plugins\/seo\/ -->\n<title>Papa: \u201cQuem ama sabe mudar, se deixa mover e se comove&quot; - Not\u00edcias - Franciscanos<\/title>\n<meta name=\"robots\" content=\"index, follow, max-snippet:-1, max-image-preview:large, max-video-preview:-1\" \/>\n<link rel=\"canonical\" href=\"https:\/\/franciscanos.org.br\/noticias\/papa-francisco-quem-ama-sabe-mudar-se-deixa-mover-e-se-comove.html\" \/>\n<meta property=\"og:locale\" content=\"pt_BR\" \/>\n<meta property=\"og:type\" content=\"article\" \/>\n<meta property=\"og:title\" content=\"Papa: \u201cQuem ama sabe mudar, se deixa mover e se comove&quot; - Not\u00edcias - Franciscanos\" \/>\n<meta property=\"og:description\" content=\"Angelus\" \/>\n<meta property=\"og:url\" content=\"https:\/\/franciscanos.org.br\/noticias\/papa-francisco-quem-ama-sabe-mudar-se-deixa-mover-e-se-comove.html\" \/>\n<meta property=\"og:site_name\" content=\"Not\u00edcias - Franciscanos\" \/>\n<meta property=\"article:published_time\" content=\"2023-08-20T13:28:58+00:00\" \/>\n<meta property=\"article:modified_time\" content=\"2023-08-20T13:33:43+00:00\" \/>\n<meta property=\"og:image\" content=\"https:\/\/franciscanos.org.br\/noticias\/wp-content\/uploads\/2023\/08\/papa_200823.jpeg\" \/>\n\t<meta property=\"og:image:width\" content=\"1500\" \/>\n\t<meta property=\"og:image:height\" content=\"844\" \/>\n\t<meta property=\"og:image:type\" content=\"image\/jpeg\" \/>\n<meta name=\"author\" content=\"moacir\" \/>\n<meta name=\"twitter:card\" content=\"summary_large_image\" \/>\n<meta name=\"twitter:label1\" content=\"Escrito por\" \/>\n\t<meta name=\"twitter:data1\" content=\"moacir\" \/>\n\t<meta name=\"twitter:label2\" content=\"Est. tempo de leitura\" \/>\n\t<meta name=\"twitter:data2\" content=\"3 minutos\" \/>\n<script type=\"application\/ld+json\" class=\"yoast-schema-graph\">{\"@context\":\"https:\/\/schema.org\",\"@graph\":[{\"@type\":\"WebSite\",\"@id\":\"https:\/\/franciscanos.org.br\/noticias\/#website\",\"url\":\"https:\/\/franciscanos.org.br\/noticias\/\",\"name\":\"Not\u00edcias - Franciscanos\",\"description\":\"Prov\u00edncia Franciscana da Imaculada Concei\u00e7\u00e3o do Brasil - Ordem dos Frades Menores - OFM\",\"potentialAction\":[{\"@type\":\"SearchAction\",\"target\":{\"@type\":\"EntryPoint\",\"urlTemplate\":\"https:\/\/franciscanos.org.br\/noticias\/?s={search_term_string}\"},\"query-input\":\"required name=search_term_string\"}],\"inLanguage\":\"pt-BR\"},{\"@type\":\"ImageObject\",\"inLanguage\":\"pt-BR\",\"@id\":\"https:\/\/franciscanos.org.br\/noticias\/papa-francisco-quem-ama-sabe-mudar-se-deixa-mover-e-se-comove.html#primaryimage\",\"url\":\"https:\/\/franciscanos.org.br\/noticias\/wp-content\/uploads\/2023\/08\/papa_200823.jpeg\",\"contentUrl\":\"https:\/\/franciscanos.org.br\/noticias\/wp-content\/uploads\/2023\/08\/papa_200823.jpeg\",\"width\":1500,\"height\":844},{\"@type\":\"WebPage\",\"@id\":\"https:\/\/franciscanos.org.br\/noticias\/papa-francisco-quem-ama-sabe-mudar-se-deixa-mover-e-se-comove.html#webpage\",\"url\":\"https:\/\/franciscanos.org.br\/noticias\/papa-francisco-quem-ama-sabe-mudar-se-deixa-mover-e-se-comove.html\",\"name\":\"Papa: \u201cQuem ama sabe mudar, se deixa mover e se comove\\\" - Not\u00edcias - Franciscanos\",\"isPartOf\":{\"@id\":\"https:\/\/franciscanos.org.br\/noticias\/#website\"},\"primaryImageOfPage\":{\"@id\":\"https:\/\/franciscanos.org.br\/noticias\/papa-francisco-quem-ama-sabe-mudar-se-deixa-mover-e-se-comove.html#primaryimage\"},\"datePublished\":\"2023-08-20T13:28:58+00:00\",\"dateModified\":\"2023-08-20T13:33:43+00:00\",\"author\":{\"@id\":\"https:\/\/franciscanos.org.br\/noticias\/#\/schema\/person\/b5c8cba458c330ccff548b056e95a5d4\"},\"breadcrumb\":{\"@id\":\"https:\/\/franciscanos.org.br\/noticias\/papa-francisco-quem-ama-sabe-mudar-se-deixa-mover-e-se-comove.html#breadcrumb\"},\"inLanguage\":\"pt-BR\",\"potentialAction\":[{\"@type\":\"ReadAction\",\"target\":[\"https:\/\/franciscanos.org.br\/noticias\/papa-francisco-quem-ama-sabe-mudar-se-deixa-mover-e-se-comove.html\"]}]},{\"@type\":\"BreadcrumbList\",\"@id\":\"https:\/\/franciscanos.org.br\/noticias\/papa-francisco-quem-ama-sabe-mudar-se-deixa-mover-e-se-comove.html#breadcrumb\",\"itemListElement\":[{\"@type\":\"ListItem\",\"position\":1,\"name\":\"Home\",\"item\":\"https:\/\/franciscanos.org.br\/noticias\"},{\"@type\":\"ListItem\",\"position\":2,\"name\":\"Papa: \u201cQuem ama sabe mudar, se deixa mover e se comove&#8221;\"}]},{\"@type\":\"Person\",\"@id\":\"https:\/\/franciscanos.org.br\/noticias\/#\/schema\/person\/b5c8cba458c330ccff548b056e95a5d4\",\"name\":\"moacir\",\"image\":{\"@type\":\"ImageObject\",\"inLanguage\":\"pt-BR\",\"@id\":\"https:\/\/franciscanos.org.br\/noticias\/#\/schema\/person\/image\/\",\"url\":\"https:\/\/secure.gravatar.com\/avatar\/d08aa2ce4c8dd416d4479aa8536fcf64?s=96&d=mm&r=g\",\"contentUrl\":\"https:\/\/secure.gravatar.com\/avatar\/d08aa2ce4c8dd416d4479aa8536fcf64?s=96&d=mm&r=g\",\"caption\":\"moacir\"},\"url\":\"https:\/\/franciscanos.org.br\/noticias\/author\/moacir\"}]}<\/script>\n<!-- \/ Yoast SEO plugin. -->","yoast_head_json":{"title":"Papa: \u201cQuem ama sabe mudar, se deixa mover e se comove\" - Not\u00edcias - Franciscanos","robots":{"index":"index","follow":"follow","max-snippet":"max-snippet:-1","max-image-preview":"max-image-preview:large","max-video-preview":"max-video-preview:-1"},"canonical":"https:\/\/franciscanos.org.br\/noticias\/papa-francisco-quem-ama-sabe-mudar-se-deixa-mover-e-se-comove.html","og_locale":"pt_BR","og_type":"article","og_title":"Papa: \u201cQuem ama sabe mudar, se deixa mover e se comove\" - Not\u00edcias - Franciscanos","og_description":"Angelus","og_url":"https:\/\/franciscanos.org.br\/noticias\/papa-francisco-quem-ama-sabe-mudar-se-deixa-mover-e-se-comove.html","og_site_name":"Not\u00edcias - Franciscanos","article_published_time":"2023-08-20T13:28:58+00:00","article_modified_time":"2023-08-20T13:33:43+00:00","og_image":[{"width":1500,"height":844,"url":"https:\/\/franciscanos.org.br\/noticias\/wp-content\/uploads\/2023\/08\/papa_200823.jpeg","type":"image\/jpeg"}],"author":"moacir","twitter_card":"summary_large_image","twitter_misc":{"Escrito por":"moacir","Est. tempo de leitura":"3 minutos"},"schema":{"@context":"https:\/\/schema.org","@graph":[{"@type":"WebSite","@id":"https:\/\/franciscanos.org.br\/noticias\/#website","url":"https:\/\/franciscanos.org.br\/noticias\/","name":"Not\u00edcias - Franciscanos","description":"Prov\u00edncia Franciscana da Imaculada Concei\u00e7\u00e3o do Brasil - Ordem dos Frades Menores - OFM","potentialAction":[{"@type":"SearchAction","target":{"@type":"EntryPoint","urlTemplate":"https:\/\/franciscanos.org.br\/noticias\/?s={search_term_string}"},"query-input":"required name=search_term_string"}],"inLanguage":"pt-BR"},{"@type":"ImageObject","inLanguage":"pt-BR","@id":"https:\/\/franciscanos.org.br\/noticias\/papa-francisco-quem-ama-sabe-mudar-se-deixa-mover-e-se-comove.html#primaryimage","url":"https:\/\/franciscanos.org.br\/noticias\/wp-content\/uploads\/2023\/08\/papa_200823.jpeg","contentUrl":"https:\/\/franciscanos.org.br\/noticias\/wp-content\/uploads\/2023\/08\/papa_200823.jpeg","width":1500,"height":844},{"@type":"WebPage","@id":"https:\/\/franciscanos.org.br\/noticias\/papa-francisco-quem-ama-sabe-mudar-se-deixa-mover-e-se-comove.html#webpage","url":"https:\/\/franciscanos.org.br\/noticias\/papa-francisco-quem-ama-sabe-mudar-se-deixa-mover-e-se-comove.html","name":"Papa: \u201cQuem ama sabe mudar, se deixa mover e se comove\" - Not\u00edcias - Franciscanos","isPartOf":{"@id":"https:\/\/franciscanos.org.br\/noticias\/#website"},"primaryImageOfPage":{"@id":"https:\/\/franciscanos.org.br\/noticias\/papa-francisco-quem-ama-sabe-mudar-se-deixa-mover-e-se-comove.html#primaryimage"},"datePublished":"2023-08-20T13:28:58+00:00","dateModified":"2023-08-20T13:33:43+00:00","author":{"@id":"https:\/\/franciscanos.org.br\/noticias\/#\/schema\/person\/b5c8cba458c330ccff548b056e95a5d4"},"breadcrumb":{"@id":"https:\/\/franciscanos.org.br\/noticias\/papa-francisco-quem-ama-sabe-mudar-se-deixa-mover-e-se-comove.html#breadcrumb"},"inLanguage":"pt-BR","potentialAction":[{"@type":"ReadAction","target":["https:\/\/franciscanos.org.br\/noticias\/papa-francisco-quem-ama-sabe-mudar-se-deixa-mover-e-se-comove.html"]}]},{"@type":"BreadcrumbList","@id":"https:\/\/franciscanos.org.br\/noticias\/papa-francisco-quem-ama-sabe-mudar-se-deixa-mover-e-se-comove.html#breadcrumb","itemListElement":[{"@type":"ListItem","position":1,"name":"Home","item":"https:\/\/franciscanos.org.br\/noticias"},{"@type":"ListItem","position":2,"name":"Papa: \u201cQuem ama sabe mudar, se deixa mover e se comove&#8221;"}]},{"@type":"Person","@id":"https:\/\/franciscanos.org.br\/noticias\/#\/schema\/person\/b5c8cba458c330ccff548b056e95a5d4","name":"moacir","image":{"@type":"ImageObject","inLanguage":"pt-BR","@id":"https:\/\/franciscanos.org.br\/noticias\/#\/schema\/person\/image\/","url":"https:\/\/secure.gravatar.com\/avatar\/d08aa2ce4c8dd416d4479aa8536fcf64?s=96&d=mm&r=g","contentUrl":"https:\/\/secure.gravatar.com\/avatar\/d08aa2ce4c8dd416d4479aa8536fcf64?s=96&d=mm&r=g","caption":"moacir"},"url":"https:\/\/franciscanos.org.br\/noticias\/author\/moacir"}]}},"_links":{"self":[{"href":"https:\/\/franciscanos.org.br\/noticias\/wp-json\/wp\/v2\/posts\/244499"}],"collection":[{"href":"https:\/\/franciscanos.org.br\/noticias\/wp-json\/wp\/v2\/posts"}],"about":[{"href":"https:\/\/franciscanos.org.br\/noticias\/wp-json\/wp\/v2\/types\/post"}],"author":[{"embeddable":true,"href":"https:\/\/franciscanos.org.br\/noticias\/wp-json\/wp\/v2\/users\/3"}],"replies":[{"embeddable":true,"href":"https:\/\/franciscanos.org.br\/noticias\/wp-json\/wp\/v2\/comments?post=244499"}],"version-history":[{"count":3,"href":"https:\/\/franciscanos.org.br\/noticias\/wp-json\/wp\/v2\/posts\/244499\/revisions"}],"predecessor-version":[{"id":244503,"href":"https:\/\/franciscanos.org.br\/noticias\/wp-json\/wp\/v2\/posts\/244499\/revisions\/244503"}],"wp:featuredmedia":[{"embeddable":true,"href":"https:\/\/franciscanos.org.br\/noticias\/wp-json\/wp\/v2\/media\/244500"}],"wp:attachment":[{"href":"https:\/\/franciscanos.org.br\/noticias\/wp-json\/wp\/v2\/media?parent=244499"}],"wp:term":[{"taxonomy":"category","embeddable":true,"href":"https:\/\/franciscanos.org.br\/noticias\/wp-json\/wp\/v2\/categories?post=244499"},{"taxonomy":"post_tag","embeddable":true,"href":"https:\/\/franciscanos.org.br\/noticias\/wp-json\/wp\/v2\/tags?post=244499"}],"curies":[{"name":"wp","href":"https:\/\/api.w.org\/{rel}","templated":true}]}}