{"id":244494,"date":"2023-08-15T09:43:11","date_gmt":"2023-08-15T12:43:11","guid":{"rendered":"https:\/\/franciscanos.org.br\/noticias\/?p=244494"},"modified":"2023-08-15T09:43:11","modified_gmt":"2023-08-15T12:43:11","slug":"vida-de-santa-clara-processo-bula-legendas-entre-os-lancamentos-da-vozes","status":"publish","type":"post","link":"https:\/\/franciscanos.org.br\/noticias\/vida-de-santa-clara-processo-bula-legendas-entre-os-lancamentos-da-vozes.html","title":{"rendered":"&#8220;Vida de Santa Clara &#8211; Processo, bula, legendas&#8221; entre os lan\u00e7amentos da Vozes"},"content":{"rendered":"<h3><img loading=\"lazy\" class=\"alignnone size-full wp-image-244495\" src=\"https:\/\/franciscanos.org.br\/noticias\/wp-content\/uploads\/2023\/08\/Vozes-1280.png\" alt=\"\" width=\"1280\" height=\"720\" srcset=\"https:\/\/franciscanos.org.br\/noticias\/wp-content\/uploads\/2023\/08\/Vozes-1280.png 1280w, https:\/\/franciscanos.org.br\/noticias\/wp-content\/uploads\/2023\/08\/Vozes-1280-450x253.png 450w, https:\/\/franciscanos.org.br\/noticias\/wp-content\/uploads\/2023\/08\/Vozes-1280-1024x576.png 1024w, https:\/\/franciscanos.org.br\/noticias\/wp-content\/uploads\/2023\/08\/Vozes-1280-768x432.png 768w, https:\/\/franciscanos.org.br\/noticias\/wp-content\/uploads\/2023\/08\/Vozes-1280-150x84.png 150w\" sizes=\"(max-width: 1280px) 100vw, 1280px\" \/><\/h3>\n<h3><strong>Vida de Santa Clara &#8211; <\/strong><strong>Processo, bula, legendas<\/strong><\/h3>\n<p>Os acontecimentos que envolvem a vida e a morte de Santa Clara s\u00e3o cheios de poesia, espiritualidade e tamb\u00e9m de reconhecimento em rela\u00e7\u00e3o \u00e0 sua santidade. No dia seguinte \u00e0 sua morte e sepultamento, em agosto de 1253, o Papa Inoc\u00eancio IV prop\u00f4s a substitui\u00e7\u00e3o da celebra\u00e7\u00e3o do Of\u00edcio dos Defuntos pelo Of\u00edcio das Virgens, o que poderia ser compreendido como uma canoniza\u00e7\u00e3o imediata de Clara.<\/p>\n<p>Apesar de o Papa Inoc\u00eancio IV ter controlado sua \u00e2nsia de canonizar Santa Clara, pode-se dizer que os encaminhamentos foram de enorme rapidez, pois dois anos ap\u00f3s sua morte ela j\u00e1 estava solenemente canonizada; provavelmente em agosto de 1255. A r\u00e1pida canoniza\u00e7\u00e3o de Santa Clara mostra n\u00e3o apenas sua aura de santidade, mas o quanto o franciscanismo gozava de reconhecimento na hierarquia da Igreja.<\/p>\n<p>N\u00e3o se sabe ao certo a data de sua canoniza\u00e7\u00e3o, embora se acredite que tenha acontecido antes do dia 11 de agosto.<\/p>\n<p><strong>Resumo:<\/strong><\/p>\n<p>Os cl\u00e1ssicos textos que nos contam a hist\u00f3ria e os testemunhos de Clara de Assis est\u00e3o reunidos nesta obra: processo e bula de canoniza\u00e7\u00e3o, al\u00e9m de duas legendas. Clara exalava de tal forma a santidade, que sua canoniza\u00e7\u00e3o aconteceu rapidamente, dando origem a uma bula de beleza liter\u00e1ria.<\/p>\n<hr \/>\n<h3><strong>Solil\u00f3quios &amp; Da imortalidade da alma<\/strong><\/h3>\n<p>Agostinho pretendia que os Solil\u00f3quios &amp; Da imortalidade da alma formassem um \u00fanico livro. Para aqueles que n\u00e3o est\u00e3o familiarizados com Agostinho, \u00e9 um bom livro para come\u00e7ar. Trata-se, como ele diz, dos assuntos sobre os quais ele mais queria saber neste momento; ou seja, entre sua convers\u00e3o no ver\u00e3o de 386 e seu batismo na P\u00e1scoa de 387.<\/p>\n<p>Sobre o autor:<\/p>\n<p>Aur\u00e9lio Agostinho de Hipona, conhecido universalmente como Santo Agostinho, foi um dos mais importantes te\u00f3logos e fil\u00f3sofos nos primeiros s\u00e9culos do cristianismo, cujas obras foram muito influentes no desenvolvimento do cristianismo e filosofia ocidental. Foi Bispo de Hipona, uma cidade na prov\u00edncia romana da \u00c1frica.<\/p>\n<hr \/>\n<h3><strong>O v\u00e9u do sil\u00eancio &#8211; A<\/strong><strong>busos, viol\u00eancias, frustra\u00e7\u00f5es na vida religiosa feminina<\/strong><\/h3>\n<p>Esta \u00e9 uma reflex\u00e3o de um grupo de mulheres de diversos continentes e de diferentes idades que, depois de anos de sil\u00eancio, por medo ou por estar sob press\u00e3o psicol\u00f3gica, decidiram fazer ouvir a sua voz para ajudar quem ainda n\u00e3o tem coragem de falar. S\u00e3o gritos e sofrimentos calados de religiosas consagradas feridas. O nome do livro diz tudo: v\u00e9u e sil\u00eancio.<\/p>\n<p>O v\u00e9u \u00e9 cobertura ou coura\u00e7a para esconder os cabelos, parte sensualizada do corpo feminino. O sil\u00eancio \u00e9 aus\u00eancia de express\u00e3o da fala. Voto de sil\u00eancio obsequioso: calar os sentimentos de culpa, ser colocada em posi\u00e7\u00e3o de submiss\u00e3o, ser oprimida. Silenciar \u00e9 humilhar, estigmatizar, desonrar e abandonar.<\/p>\n<p>Com profunda humanidade, sem sensacionalismo, Salvatore Cernuzio prop\u00f5e uma alquimia de \u201cdiamante bruto\u201d que visa a humaniza\u00e7\u00e3o de atores religiosos situados entre a fragilidade humana e o ideal de santidade.<\/p>\n<p>O abuso de poder e sexual \u00e9 uma quest\u00e3o psicossocial. N\u00e3o \u00e9 uma doen\u00e7a individual. \u00c9 um problema de todos. \u00c9 um fen\u00f4meno socioantropol\u00f3gico. \u00c9 uma patologia social que atinge pessoas devido \u00e0 forma de lidar com o poder, o prazer, o prest\u00edgio e as leis institucionais.<\/p>\n<p>\u00c9 importante que as institui\u00e7\u00f5es religiosas mantenham uma estrutura de poder saud\u00e1vel e equilibrada, onde os l\u00edderes religiosos sejam respons\u00e1veis perante os membros da comunidade. Al\u00e9m disso, \u00e9 importante que as institui\u00e7\u00f5es religiosas promovam a igualdade e a justi\u00e7a, e que protejam as pessoas contra abusos focando a acolhida e a compreens\u00e3o do sofrimento das pessoas violentadas. \u00c9 digno desenvolver programas de \u201cposven\u00e7\u00e3o\u201d nas institui\u00e7\u00f5es: espa\u00e7os de acolhimento, primeiros cuidados terap\u00eauticos e rodas de conversas.<\/p>\n<p>Salvatore Cernuzio n\u00e3o escreveu apenas um livro sobre abuso e viol\u00eancia de poder e sexual. Ele congregou a aten\u00e7\u00e3o social e eclesial para esse grave problema. Este livro reflete sua maneira de pensar e viver a f\u00e9 crist\u00e3. Cont\u00e9m o que \u00e9 importante para prevenir o grave problema da viol\u00eancia de g\u00eanero, mas cont\u00e9m a experi\u00eancia \u00edmpar de um leigo crist\u00e3o e sua sabedoria.<\/p>\n<p>(Do pref\u00e1cio de William Cesar Castilho Pereira)<\/p>\n<p><strong>Sobre o autor:<\/strong><\/p>\n<p>Salvatore Cernuzio nasceu em Crotone em 1987. Vaticanista da ag\u00eancia cat\u00f3lica Zenit e do Vatican Insider, ligado ao jornal La Stampa, colabora com jornais italianos e internacionais e faz parte da reda\u00e7\u00e3o do Vatican News da R\u00e1dio Vaticano. Acompanhou o papa em diversas viagens pela It\u00e1lia e por v\u00e1rias partes do mundo.<\/p>\n<hr \/>\n<h3><strong>Isso tudo \u00e9 encantado &#8211; <\/strong><strong>Hist\u00f3ria, mem\u00f3rias e conhecimentos dos povos amaz\u00f4nicos<\/strong><\/h3>\n<p>Uma das principais caracter\u00edsticas dos ind\u00edgenas e moradores do interior da Amaz\u00f4nia \u00e9 gostar de contar e de ouvir hist\u00f3rias. Basta que algu\u00e9m comece para que um grupinho se re\u00fana para escutar e \u2013 pronto! \u2013 a conversa vai longe. Pode ser na frente da casa ou na cozinha, debaixo de uma \u00e1rvore ou na beira do rio. Uma hist\u00f3ria lembra e puxa outra. A\u00ed se v\u00ea que quase todos t\u00eam alguma experi\u00eancia para relatar. Claro que normalmente se referem a terceiros que teriam vivido o fato e que lhes teriam contado. N\u00e3o importa, pois, de alguma forma, contar e ouvir hist\u00f3rias j\u00e1 \u00e9 uma prazerosa experi\u00eancia. Porque o momento dos relatos, que tradicionalmente ocorre no in\u00edcio da noite, com pouca luz e algo de medo e mist\u00e9rio, envolve a todos no clima m\u00e1gico das pr\u00f3prias hist\u00f3rias.<\/p>\n<p>Os temas das hist\u00f3rias relatadas neste livro s\u00e3o familiares para a maioria dos leitores da regi\u00e3o amaz\u00f4nica. Boto, Cobra Grande e Curupira, entre outros, s\u00e3o temas recorrentes no imagin\u00e1rio local. E s\u00e3o contados e recontados porque eles t\u00eam uma grande import\u00e2ncia dentro do conjunto das cren\u00e7as dos ind\u00edgenas e moradores da Amaz\u00f4nia. As pessoas gostam e desejam ouvir e contar hist\u00f3rias, porque estas refletem a sua vis\u00e3o de mundo e ao mesmo tempo refor\u00e7am a mem\u00f3ria local e os seus la\u00e7os de perten\u00e7a a um territ\u00f3rio e a uma comunidade. \u00c9 interessante que tais hist\u00f3rias n\u00e3o s\u00e3o aprendidas na escola, mas todos as conhecem em algumas das suas varia\u00e7\u00f5es.<\/p>\n<p>\u00c9 que esta tradi\u00e7\u00e3o \u00e9 repassada principalmente pela mem\u00f3ria oral e n\u00e3o pelos livros. Digo mesmo que estas hist\u00f3rias persistem e se reproduzem apesar da escola, que as joga numa caixa com a classifica\u00e7\u00e3o \u201csupersti\u00e7\u00f5es e crendices\u201d, ou ainda \u201clendas\u201d, termos que significam algo que n\u00e3o merece cr\u00e9dito, que n\u00e3o \u00e9 verdadeiro. As hist\u00f3rias de encantados s\u00e3o importantes tamb\u00e9m devido a sua caracter\u00edstica essencialmente coletiva. Os relatos, feitos em grupos, sup\u00f5em uma cren\u00e7a partilhada entre quem conta e quem escuta.<\/p>\n<p>No fundo todos j\u00e1 sabem sobre bichos que viram gente e gente que vira bicho, ou sobre a exist\u00eancia de uma cidade encantada no fundo das \u00e1guas, e \u00e9 isso que torna prazeroso escutar mais um relato particular que traz novas confirma\u00e7\u00f5es sobre o j\u00e1 acreditado. E quem escuta n\u00e3o fica passivo, apenas ouvindo, mas tem participa\u00e7\u00e3o ativa e direciona os relatos.<\/p>\n<hr \/>\n<h3><strong>Tende o Senhor no cora\u00e7\u00e3o<\/strong><\/h3>\n<p>\u201cMeu caro filho no Senhor, pensei em colocar por escrito alguns pontos que podem te ajudar em teu progresso espiritual, assim como eles ajudaram no meu. Estas s\u00e3o coisas que j\u00e1 ouviste em muitas ocasi\u00f5es e nada de novo te ser\u00e1 dito. Al\u00e9m disso, n\u00e3o faltam, nem faltar\u00e3o, mestres que possam iluminar teu caminho com uma sabedoria mais pura. Que isto te sirva para come\u00e7ar e sustentar o in\u00edcio da santa jornada (cf. Sl 83,6).\u201d<\/p>\n<p>\u201cO que se pode obter destas notas \u00e9, a meu ver, uma sabedoria de bom-senso, mas n\u00e3o sem interesse. Coisas que certamente s\u00e3o datadas, n\u00e3o menos que a linguagem, mas que documentam uma sensibilidade e experi\u00eancia da Igreja na orienta\u00e7\u00e3o espiritual. Onde quer que haja textos b\u00edblicos \u2013 geralmente apenas insinuados \u2013 preferi cit\u00e1-los na \u00edntegra na tradu\u00e7\u00e3o italiana em uso comum hoje. Tamb\u00e9m tentei coloc\u00e1-los em alguma ordem, mudando o lugar de v\u00e1rias passagens com a inten\u00e7\u00e3o de agrup\u00e1-las de acordo com o tema que tratam.<\/p>\n<p>H\u00e1 tamb\u00e9m um pequeno tratado sobre os pecados mortais, que talvez pudesse ter ficado separado: a isto achei correto acrescentar algumas notas, a fim de me referir a Santo Tom\u00e1s. Agora decide o que fazer com elas, talvez possam ser \u00fateis a algu\u00e9m para ajudar-te a vencer a ti mesmo e avan\u00e7ar mais rapidamente em dire\u00e7\u00e3o a Deus.\u201d<\/p>\n<p>O autor do manuscrito que originou esta obra \u00e9 desconhecido. Pode ser um monge do mosteiro cisterciense de S\u00e3o Bartolo, em Ferrara, que teria vivido no s\u00e9culo XVII. Por esse motivo, no livro, ele \u00e9 referido como Mestre de S\u00e3o Bartolo.<\/p>\n<hr \/>\n<h3><strong>Religi\u00f5es Africanas &#8211; Uma brev\u00edssima introdu\u00e7\u00e3o<\/strong><\/h3>\n<p>Esta obra oferece um panorama das tradi\u00e7\u00f5es religiosas do continente africano, assim como do cristianismo e do islamismo ali presentes. Concentra-se na diversidade de grupos \u00e9tnicos, l\u00ednguas, culturas e vis\u00f5es de mundo, enfatizando a diversidade regional do continente. O autor examina uma ampla gama de tradi\u00e7\u00f5es religiosas africanas em seus pr\u00f3prios termos e em seus contextos sociais, culturais e pol\u00edticos. Assim, o livro vai al\u00e9m das descri\u00e7\u00f5es etnogr\u00e1ficas e interpreta\u00e7\u00f5es de cren\u00e7as e pr\u00e1ticas centrais para observar como a religi\u00e3o africana tem engajado quest\u00f5es de desenvolvimento socioecon\u00f4mico e rela\u00e7\u00f5es de poder.<\/p>\n<p>Religi\u00f5es africanas \u2013 Uma brev\u00edssima introdu\u00e7\u00e3o discute uma ampla variedade de pr\u00e1ticas religiosas, incluindo m\u00fasica e dan\u00e7a, rituais e festivais de calend\u00e1rio, celebra\u00e7\u00f5es dos anivers\u00e1rios dos deuses e rituais que acompanham as fases da vida, como nascimento, puberdade, casamento, velhice e morte. Al\u00e9m de explorar as religi\u00f5es ind\u00edgenas, o autor examina as formas como o islamismo e o cristianismo, como tradi\u00e7\u00f5es externas, encontraram a religi\u00e3o ind\u00edgena africana. Ele mostra como essas novas tradi\u00e7\u00f5es de f\u00e9 alteraram a face e o futuro das religi\u00f5es ind\u00edgenas africanas, bem como as religi\u00f5es ind\u00edgenas moldaram duas religi\u00f5es mundiais na \u00c1frica e na di\u00e1spora.<\/p>\n<p><strong>Sobre o autor:<\/strong><\/p>\n<p>Jacob K. Olupo\u0323na \u00e9 professor de Tradi\u00e7\u00f5es Religiosas Africanas na Harvard Divinity School, com uma nomea\u00e7\u00e3o conjunta como professor de Estudos Africanos e Afro-\u2011Americanos na Faculdade de Artes e Ci\u00eancias de Harvard. Um estudioso not\u00e1vel das religi\u00f5es ind\u00edgenas africanas, com diversos livros publicados na \u00e1rea. Em 2007, ele foi premiado com a Ordem Nacional do M\u00e9rito da Nig\u00e9ria, uma das honras mais prestigiadas da Nig\u00e9ria.<\/p>\n<hr \/>\n<h3><strong>Padres exaustos<\/strong><\/h3>\n<p><strong>A s\u00edndrome de burnout no contexto eclesial brasileiro<\/strong><\/p>\n<p>A s\u00edndrome de burnout tem se mostrado cada vez mais presente.<\/p>\n<p>Nos \u00faltimos tempos ela tamb\u00e9m acomete o clero; seja o diocesano, seja o religioso.<\/p>\n<p>A presente obra aborda as quest\u00f5es relativas \u00e0 sa\u00fade mental do clero, ao mesmo tempo em que entende que o minist\u00e9rio eclesial tem caracter\u00edsticas religiosas \u00edmpares.<\/p>\n<p>Vagner Sanagiotto \u00e9 frade carmelita, psic\u00f3logo, doutor em Psicologia pela Universit\u00e0 Pontificia Salesiana (Roma). Estuda a tem\u00e1tica \u201cPsicopatologia na vida religiosa consagrada e presbiteral, com diversos artigos sobre ela. \u00c9 membro-associado do Instituto Acolher (ITA), professor em diversos cursos de p\u00f3s-gradua\u00e7\u00e3o para formadores. Trabalha no acompanhamento psicol\u00f3gico e na forma\u00e7\u00e3o permanente da vida religiosa consagrada e presbiteral. \u00c9 autor de v\u00e1rios livros, entre os quais: Aspectos psicol\u00f3gicos do discernimento vocacional.<\/p>\n<hr \/>\n<h3><strong>Exerc\u00edcios pr\u00e1ticos para estimular a mem\u00f3ria \u2013 Vol. 4<\/strong><\/h3>\n<p>\u00c9 comum que os idosos se queixem de perda de mem\u00f3ria. Por\u00e9m, apesar de o envelhecimento afetar progressivamente os processos cognitivos, \u00e9 poss\u00edvel estimular e manter a mente em forma para retardar sua deteriora\u00e7\u00e3o. A participa\u00e7\u00e3o em oficinas de treinamento da mem\u00f3ria ou a resolu\u00e7\u00e3o de exerc\u00edcios voltados para esse fim favorece a agilidade mental, al\u00e9m de proporcionar entretenimento criativo.<\/p>\n<p>Exerc\u00edcios pr\u00e1ticos para estimular a mem\u00f3ria 4 \u00e9 um livro pr\u00e1tico, desenvolvido para estimular a atividade mental. Os 200 exerc\u00edcios propostos trabalham as diferentes capacidades cognitivas: aten\u00e7\u00e3o, mem\u00f3ria, c\u00e1lculo, racioc\u00ednio, linguagem, orienta\u00e7\u00e3o e praxias. Um recurso \u00fatil para prevenir, deter a deteriora\u00e7\u00e3o da mem\u00f3ria ou mesmo melhorar esta capacidade.<\/p>\n<p><strong>Sobre a autora:<\/strong><\/p>\n<p>M\u00f3nica Palomo Berjaga \u00e9 formada em Psicologia pela Universidade de Girona, especializou-se em Psicologia Cl\u00ednica e da Sa\u00fade e, posteriormente, no \u00e2mbito da terceira idade. Desenvolveu sua atividade profissional em v\u00e1rios centros para pessoas idosas (centro de dia e resid\u00eancia); tamb\u00e9m realizou v\u00e1rias oficinas de mem\u00f3ria dirigidas a idosos com deteriora\u00e7\u00e3o cognitiva leve e moderada. Sobre esta tem\u00e1tica, publicou Exerc\u00edcios pr\u00e1ticos para estimular a mem\u00f3ria 1, 2 e 3, tamb\u00e9m pela Editora Vozes.<\/p>\n<hr \/>\n<p style=\"padding-left: 40px;\">Todos esses produtos podem ser adquiridos pelos sites<br \/>\n<a href=\"http:\/\/www.livrariavozes.com.br\/\">www.livrariavozes.com.br<\/a><br \/>\n<a href=\"http:\/\/vozes.com.br\/\">http:\/\/vozes.com.br<\/a><\/p>\n<p style=\"padding-left: 40px;\">E-mail:\u00a0<a href=\"mailto:contato@vozes.com.br\">contato@vozes.com.br<\/a><\/p>\n<p style=\"padding-left: 40px;\">Tel.\u00a011 3101 8451<\/p>\n<p style=\"padding-left: 40px;\"><em><strong>Editora Vozes<\/strong><\/em><\/p>\n","protected":false},"excerpt":{"rendered":"<p>Editora Vozes<\/p>\n","protected":false},"author":3,"featured_media":244496,"comment_status":"open","ping_status":"open","sticky":false,"template":"","format":"standard","meta":[],"categories":[1],"tags":[238],"acf":[],"yoast_head":"<!-- This site is optimized with the Yoast SEO plugin v19.2 - https:\/\/yoast.com\/wordpress\/plugins\/seo\/ -->\n<title>&quot;Vida de Santa Clara - Processo, bula, legendas&quot; entre os lan\u00e7amentos da Vozes - Not\u00edcias - Franciscanos<\/title>\n<meta name=\"robots\" content=\"index, follow, max-snippet:-1, max-image-preview:large, max-video-preview:-1\" \/>\n<link rel=\"canonical\" href=\"https:\/\/franciscanos.org.br\/noticias\/vida-de-santa-clara-processo-bula-legendas-entre-os-lancamentos-da-vozes.html\" \/>\n<meta property=\"og:locale\" content=\"pt_BR\" \/>\n<meta property=\"og:type\" content=\"article\" \/>\n<meta property=\"og:title\" content=\"&quot;Vida de Santa Clara - Processo, bula, legendas&quot; entre os lan\u00e7amentos da Vozes - Not\u00edcias - Franciscanos\" \/>\n<meta property=\"og:description\" content=\"Editora Vozes\" \/>\n<meta property=\"og:url\" content=\"https:\/\/franciscanos.org.br\/noticias\/vida-de-santa-clara-processo-bula-legendas-entre-os-lancamentos-da-vozes.html\" \/>\n<meta property=\"og:site_name\" content=\"Not\u00edcias - Franciscanos\" \/>\n<meta property=\"article:published_time\" content=\"2023-08-15T12:43:11+00:00\" \/>\n<meta property=\"og:image\" content=\"https:\/\/franciscanos.org.br\/noticias\/wp-content\/uploads\/2023\/08\/Vozes-800.png\" \/>\n\t<meta property=\"og:image:width\" content=\"800\" \/>\n\t<meta property=\"og:image:height\" content=\"550\" \/>\n\t<meta property=\"og:image:type\" content=\"image\/png\" \/>\n<meta name=\"author\" content=\"moacir\" \/>\n<meta name=\"twitter:card\" content=\"summary_large_image\" \/>\n<meta name=\"twitter:label1\" content=\"Escrito por\" \/>\n\t<meta name=\"twitter:data1\" content=\"moacir\" \/>\n\t<meta name=\"twitter:label2\" content=\"Est. tempo de leitura\" \/>\n\t<meta name=\"twitter:data2\" content=\"11 minutos\" \/>\n<script type=\"application\/ld+json\" class=\"yoast-schema-graph\">{\"@context\":\"https:\/\/schema.org\",\"@graph\":[{\"@type\":\"WebSite\",\"@id\":\"https:\/\/franciscanos.org.br\/noticias\/#website\",\"url\":\"https:\/\/franciscanos.org.br\/noticias\/\",\"name\":\"Not\u00edcias - Franciscanos\",\"description\":\"Prov\u00edncia Franciscana da Imaculada Concei\u00e7\u00e3o do Brasil - Ordem dos Frades Menores - OFM\",\"potentialAction\":[{\"@type\":\"SearchAction\",\"target\":{\"@type\":\"EntryPoint\",\"urlTemplate\":\"https:\/\/franciscanos.org.br\/noticias\/?s={search_term_string}\"},\"query-input\":\"required name=search_term_string\"}],\"inLanguage\":\"pt-BR\"},{\"@type\":\"ImageObject\",\"inLanguage\":\"pt-BR\",\"@id\":\"https:\/\/franciscanos.org.br\/noticias\/vida-de-santa-clara-processo-bula-legendas-entre-os-lancamentos-da-vozes.html#primaryimage\",\"url\":\"https:\/\/franciscanos.org.br\/noticias\/wp-content\/uploads\/2023\/08\/Vozes-800.png\",\"contentUrl\":\"https:\/\/franciscanos.org.br\/noticias\/wp-content\/uploads\/2023\/08\/Vozes-800.png\",\"width\":800,\"height\":550},{\"@type\":\"WebPage\",\"@id\":\"https:\/\/franciscanos.org.br\/noticias\/vida-de-santa-clara-processo-bula-legendas-entre-os-lancamentos-da-vozes.html#webpage\",\"url\":\"https:\/\/franciscanos.org.br\/noticias\/vida-de-santa-clara-processo-bula-legendas-entre-os-lancamentos-da-vozes.html\",\"name\":\"\\\"Vida de Santa Clara - Processo, bula, legendas\\\" entre os lan\u00e7amentos da Vozes - Not\u00edcias - Franciscanos\",\"isPartOf\":{\"@id\":\"https:\/\/franciscanos.org.br\/noticias\/#website\"},\"primaryImageOfPage\":{\"@id\":\"https:\/\/franciscanos.org.br\/noticias\/vida-de-santa-clara-processo-bula-legendas-entre-os-lancamentos-da-vozes.html#primaryimage\"},\"datePublished\":\"2023-08-15T12:43:11+00:00\",\"dateModified\":\"2023-08-15T12:43:11+00:00\",\"author\":{\"@id\":\"https:\/\/franciscanos.org.br\/noticias\/#\/schema\/person\/b5c8cba458c330ccff548b056e95a5d4\"},\"breadcrumb\":{\"@id\":\"https:\/\/franciscanos.org.br\/noticias\/vida-de-santa-clara-processo-bula-legendas-entre-os-lancamentos-da-vozes.html#breadcrumb\"},\"inLanguage\":\"pt-BR\",\"potentialAction\":[{\"@type\":\"ReadAction\",\"target\":[\"https:\/\/franciscanos.org.br\/noticias\/vida-de-santa-clara-processo-bula-legendas-entre-os-lancamentos-da-vozes.html\"]}]},{\"@type\":\"BreadcrumbList\",\"@id\":\"https:\/\/franciscanos.org.br\/noticias\/vida-de-santa-clara-processo-bula-legendas-entre-os-lancamentos-da-vozes.html#breadcrumb\",\"itemListElement\":[{\"@type\":\"ListItem\",\"position\":1,\"name\":\"Home\",\"item\":\"https:\/\/franciscanos.org.br\/noticias\"},{\"@type\":\"ListItem\",\"position\":2,\"name\":\"&#8220;Vida de Santa Clara &#8211; Processo, bula, legendas&#8221; entre os lan\u00e7amentos da Vozes\"}]},{\"@type\":\"Person\",\"@id\":\"https:\/\/franciscanos.org.br\/noticias\/#\/schema\/person\/b5c8cba458c330ccff548b056e95a5d4\",\"name\":\"moacir\",\"image\":{\"@type\":\"ImageObject\",\"inLanguage\":\"pt-BR\",\"@id\":\"https:\/\/franciscanos.org.br\/noticias\/#\/schema\/person\/image\/\",\"url\":\"https:\/\/secure.gravatar.com\/avatar\/d08aa2ce4c8dd416d4479aa8536fcf64?s=96&d=mm&r=g\",\"contentUrl\":\"https:\/\/secure.gravatar.com\/avatar\/d08aa2ce4c8dd416d4479aa8536fcf64?s=96&d=mm&r=g\",\"caption\":\"moacir\"},\"url\":\"https:\/\/franciscanos.org.br\/noticias\/author\/moacir\"}]}<\/script>\n<!-- \/ Yoast SEO plugin. -->","yoast_head_json":{"title":"\"Vida de Santa Clara - Processo, bula, legendas\" entre os lan\u00e7amentos da Vozes - Not\u00edcias - Franciscanos","robots":{"index":"index","follow":"follow","max-snippet":"max-snippet:-1","max-image-preview":"max-image-preview:large","max-video-preview":"max-video-preview:-1"},"canonical":"https:\/\/franciscanos.org.br\/noticias\/vida-de-santa-clara-processo-bula-legendas-entre-os-lancamentos-da-vozes.html","og_locale":"pt_BR","og_type":"article","og_title":"\"Vida de Santa Clara - Processo, bula, legendas\" entre os lan\u00e7amentos da Vozes - Not\u00edcias - Franciscanos","og_description":"Editora Vozes","og_url":"https:\/\/franciscanos.org.br\/noticias\/vida-de-santa-clara-processo-bula-legendas-entre-os-lancamentos-da-vozes.html","og_site_name":"Not\u00edcias - Franciscanos","article_published_time":"2023-08-15T12:43:11+00:00","og_image":[{"width":800,"height":550,"url":"https:\/\/franciscanos.org.br\/noticias\/wp-content\/uploads\/2023\/08\/Vozes-800.png","type":"image\/png"}],"author":"moacir","twitter_card":"summary_large_image","twitter_misc":{"Escrito por":"moacir","Est. tempo de leitura":"11 minutos"},"schema":{"@context":"https:\/\/schema.org","@graph":[{"@type":"WebSite","@id":"https:\/\/franciscanos.org.br\/noticias\/#website","url":"https:\/\/franciscanos.org.br\/noticias\/","name":"Not\u00edcias - Franciscanos","description":"Prov\u00edncia Franciscana da Imaculada Concei\u00e7\u00e3o do Brasil - Ordem dos Frades Menores - OFM","potentialAction":[{"@type":"SearchAction","target":{"@type":"EntryPoint","urlTemplate":"https:\/\/franciscanos.org.br\/noticias\/?s={search_term_string}"},"query-input":"required name=search_term_string"}],"inLanguage":"pt-BR"},{"@type":"ImageObject","inLanguage":"pt-BR","@id":"https:\/\/franciscanos.org.br\/noticias\/vida-de-santa-clara-processo-bula-legendas-entre-os-lancamentos-da-vozes.html#primaryimage","url":"https:\/\/franciscanos.org.br\/noticias\/wp-content\/uploads\/2023\/08\/Vozes-800.png","contentUrl":"https:\/\/franciscanos.org.br\/noticias\/wp-content\/uploads\/2023\/08\/Vozes-800.png","width":800,"height":550},{"@type":"WebPage","@id":"https:\/\/franciscanos.org.br\/noticias\/vida-de-santa-clara-processo-bula-legendas-entre-os-lancamentos-da-vozes.html#webpage","url":"https:\/\/franciscanos.org.br\/noticias\/vida-de-santa-clara-processo-bula-legendas-entre-os-lancamentos-da-vozes.html","name":"\"Vida de Santa Clara - Processo, bula, legendas\" entre os lan\u00e7amentos da Vozes - Not\u00edcias - Franciscanos","isPartOf":{"@id":"https:\/\/franciscanos.org.br\/noticias\/#website"},"primaryImageOfPage":{"@id":"https:\/\/franciscanos.org.br\/noticias\/vida-de-santa-clara-processo-bula-legendas-entre-os-lancamentos-da-vozes.html#primaryimage"},"datePublished":"2023-08-15T12:43:11+00:00","dateModified":"2023-08-15T12:43:11+00:00","author":{"@id":"https:\/\/franciscanos.org.br\/noticias\/#\/schema\/person\/b5c8cba458c330ccff548b056e95a5d4"},"breadcrumb":{"@id":"https:\/\/franciscanos.org.br\/noticias\/vida-de-santa-clara-processo-bula-legendas-entre-os-lancamentos-da-vozes.html#breadcrumb"},"inLanguage":"pt-BR","potentialAction":[{"@type":"ReadAction","target":["https:\/\/franciscanos.org.br\/noticias\/vida-de-santa-clara-processo-bula-legendas-entre-os-lancamentos-da-vozes.html"]}]},{"@type":"BreadcrumbList","@id":"https:\/\/franciscanos.org.br\/noticias\/vida-de-santa-clara-processo-bula-legendas-entre-os-lancamentos-da-vozes.html#breadcrumb","itemListElement":[{"@type":"ListItem","position":1,"name":"Home","item":"https:\/\/franciscanos.org.br\/noticias"},{"@type":"ListItem","position":2,"name":"&#8220;Vida de Santa Clara &#8211; Processo, bula, legendas&#8221; entre os lan\u00e7amentos da Vozes"}]},{"@type":"Person","@id":"https:\/\/franciscanos.org.br\/noticias\/#\/schema\/person\/b5c8cba458c330ccff548b056e95a5d4","name":"moacir","image":{"@type":"ImageObject","inLanguage":"pt-BR","@id":"https:\/\/franciscanos.org.br\/noticias\/#\/schema\/person\/image\/","url":"https:\/\/secure.gravatar.com\/avatar\/d08aa2ce4c8dd416d4479aa8536fcf64?s=96&d=mm&r=g","contentUrl":"https:\/\/secure.gravatar.com\/avatar\/d08aa2ce4c8dd416d4479aa8536fcf64?s=96&d=mm&r=g","caption":"moacir"},"url":"https:\/\/franciscanos.org.br\/noticias\/author\/moacir"}]}},"_links":{"self":[{"href":"https:\/\/franciscanos.org.br\/noticias\/wp-json\/wp\/v2\/posts\/244494"}],"collection":[{"href":"https:\/\/franciscanos.org.br\/noticias\/wp-json\/wp\/v2\/posts"}],"about":[{"href":"https:\/\/franciscanos.org.br\/noticias\/wp-json\/wp\/v2\/types\/post"}],"author":[{"embeddable":true,"href":"https:\/\/franciscanos.org.br\/noticias\/wp-json\/wp\/v2\/users\/3"}],"replies":[{"embeddable":true,"href":"https:\/\/franciscanos.org.br\/noticias\/wp-json\/wp\/v2\/comments?post=244494"}],"version-history":[{"count":2,"href":"https:\/\/franciscanos.org.br\/noticias\/wp-json\/wp\/v2\/posts\/244494\/revisions"}],"predecessor-version":[{"id":244498,"href":"https:\/\/franciscanos.org.br\/noticias\/wp-json\/wp\/v2\/posts\/244494\/revisions\/244498"}],"wp:featuredmedia":[{"embeddable":true,"href":"https:\/\/franciscanos.org.br\/noticias\/wp-json\/wp\/v2\/media\/244496"}],"wp:attachment":[{"href":"https:\/\/franciscanos.org.br\/noticias\/wp-json\/wp\/v2\/media?parent=244494"}],"wp:term":[{"taxonomy":"category","embeddable":true,"href":"https:\/\/franciscanos.org.br\/noticias\/wp-json\/wp\/v2\/categories?post=244494"},{"taxonomy":"post_tag","embeddable":true,"href":"https:\/\/franciscanos.org.br\/noticias\/wp-json\/wp\/v2\/tags?post=244494"}],"curies":[{"name":"wp","href":"https:\/\/api.w.org\/{rel}","templated":true}]}}