{"id":244491,"date":"2023-08-15T07:37:23","date_gmt":"2023-08-15T10:37:23","guid":{"rendered":"https:\/\/franciscanos.org.br\/noticias\/?p=244491"},"modified":"2023-08-15T07:37:23","modified_gmt":"2023-08-15T10:37:23","slug":"papa-como-maria-sirvo-ao-proximo-sem-queixas-e-louvando-a-deus","status":"publish","type":"post","link":"https:\/\/franciscanos.org.br\/noticias\/papa-como-maria-sirvo-ao-proximo-sem-queixas-e-louvando-a-deus.html","title":{"rendered":"Papa: como Maria, sirvo ao pr\u00f3ximo sem queixas e louvando a Deus?"},"content":{"rendered":"<div id=\"attachment_244492\" style=\"width: 963px\" class=\"wp-caption alignnone\"><img aria-describedby=\"caption-attachment-244492\" loading=\"lazy\" class=\"wp-image-244492\" src=\"https:\/\/franciscanos.org.br\/noticias\/wp-content\/uploads\/2023\/08\/angelus_15.jpeg\" alt=\"\" width=\"953\" height=\"536\" srcset=\"https:\/\/franciscanos.org.br\/noticias\/wp-content\/uploads\/2023\/08\/angelus_15.jpeg 750w, https:\/\/franciscanos.org.br\/noticias\/wp-content\/uploads\/2023\/08\/angelus_15-450x253.jpeg 450w, https:\/\/franciscanos.org.br\/noticias\/wp-content\/uploads\/2023\/08\/angelus_15-150x84.jpeg 150w\" sizes=\"(max-width: 953px) 100vw, 953px\" \/><p id=\"caption-attachment-244492\" class=\"wp-caption-text\"><em>Imagem: Vatican Media<\/em><\/p><\/div>\n<p>Neste 15 de agosto, de Solenidade da Assun\u00e7\u00e3o da Virgem Maria que, no Brasil, ser\u00e1 celebrada no domingo (20), Francisco refletiu sobre &#8220;o servi\u00e7o e o louvor&#8221;, inspirando-se em Nossa Senhora quando visitou a prima Isabel: &#8220;que nossa M\u00e3e, Assunta ao C\u00e9u, nos ajude a subir cada dia mais alto por meio do servi\u00e7o e do louvor&#8221;, disse o Papa na alocu\u00e7\u00e3o que precedeu a ora\u00e7\u00e3o mariana do Angelus.<\/p>\n<p>\u201cHoje, Solenidade da Assun\u00e7\u00e3o da Virgem Maria, contemplamos sua ascens\u00e3o em corpo e alma \u00e0 gl\u00f3ria do C\u00e9u.\u201d<\/p>\n<p>Neste 15 de agosto, como bem indicou o Papa Francisco na alocu\u00e7\u00e3o que precedeu a ora\u00e7\u00e3o mariana do Angelus, a Igreja celebra o mist\u00e9rio da Assun\u00e7\u00e3o ao C\u00e9u da M\u00e3e de Jesus, festa lit\u00fargica que no Brasil ser\u00e1 celebrada no pr\u00f3ximo domingo, 20 de agosto. O fato dela ter sido elevada ao c\u00e9u \u00e9 motivo de j\u00fabilo, alegria e esperan\u00e7a para n\u00f3s.<\/p>\n<p><strong>O caminho compartilhado por Jesus e Maria<\/strong><br \/>\nE o Evangelho do dia (Lc 1:39), como comentou o Pont\u00edfice, nos motiva a refletir sobre a grandeza do &#8220;alegre c\u00e2ntico do Magnificat&#8221;, proclamado quando Nossa Senhora se colocou como servidora para ajudar sua prima Isabel ap\u00f3s &#8220;subir&#8221; por uma regi\u00e3o montanhosa. Um caminho de &#8220;servi\u00e7o ao pr\u00f3ximo e louvor a Deus&#8221; de Maria, que o evangelista Lucas tamb\u00e9m narra sobre a vida de Cristo em dire\u00e7\u00e3o a Jerusal\u00e9m, &#8220;lugar da doa\u00e7\u00e3o de si mesmo na cruz&#8221;:<\/p>\n<p>\u201cJesus e Maria, em suma, percorrem a mesma estrada: duas vidas que sobem em dire\u00e7\u00e3o do alto, glorificando a Deus e servindo aos irm\u00e3os; duas vidas que vencem a morte e ressuscitam; duas vidas cujos segredos s\u00e3o o servi\u00e7o e o louvor.\u201d<\/p>\n<p><strong>O servi\u00e7o ao pr\u00f3ximo e o louvor a Deus<\/strong><br \/>\nO Papa Francisco, ent\u00e3o, procurou se deter nesses dois aspectos: do servi\u00e7o e do louvor. O primeiro o Pont\u00edfice descreveu como sendo &#8220;o amor que eleva a vida&#8221;, j\u00e1 que quando nos abaixamos para servir algu\u00e9m \u00e9 que acabamos nos elevando. Uma tarefa que &#8220;n\u00e3o \u00e9 f\u00e1cil&#8221; e n\u00e3o o foi nem mesmo para Nossa Senhora, bem lembrou o Papa, porque mesmo gr\u00e1vida chegou a viajar quase 150 Km at\u00e9 Nazar\u00e9 na casa de Isabel.<\/p>\n<p>&#8220;Ajudar custa! N\u00f3s tamb\u00e9m experimentamos isso, na fadiga, na paci\u00eancia e nas preocupa\u00e7\u00f5es que o cuidado com os outros acarreta. Pensemos, por exemplo, nos quil\u00f4metros que muitas pessoas percorrem todos os dias para ir e voltar do trabalho e realizar tarefas em prol do pr\u00f3ximo; pensemos nos sacrif\u00edcios de tempo e sono para cuidar de um rec\u00e9m-nascido ou de uma pessoa idosa; e no compromisso de servir \u00e0queles que n\u00e3o t\u00eam como retribuir, na Igreja como no voluntariado. \u00c9 fadigoso, mas \u00e9 subir em dire\u00e7\u00e3o do alto, \u00e9 ganhar o c\u00e9u!&#8221;<\/p>\n<p>&#8220;Mas o servi\u00e7o corre o risco de ser est\u00e9ril sem o louvor a Deus&#8221;, afirmou Francisco. Basta observar a atitude de Maria que, mesmo cansada da viagem, louvou ao Senhor com o &#8220;c\u00e2ntico de j\u00fabilo&#8221; proclamando o Magnificat (cf. Lc 1,46-55). Louvor tamb\u00e9m expresso do ventre de Isabel, recordou o Papa:<\/p>\n<p>&#8220;O louvor aumenta a alegria. O louvor \u00e9 como uma escada: eleva os cora\u00e7\u00f5es. O louvor eleva o esp\u00edrito e supera a tenta\u00e7\u00e3o de se abater. Como \u00e9 bom louvar a Deus todos os dias, e tamb\u00e9m os outros! Como \u00e9 bom viver de gratid\u00e3o e de b\u00ean\u00e7\u00e3o em vez de lamenta\u00e7\u00f5es e queixas, levantar o olhar em dire\u00e7\u00e3o do alto ao inv\u00e9s de ficar de mau humor!&#8221;<\/p>\n<p>Assim o Papa nos orientou a discernir sobre o melhor caminho a ser tomado, a exemplo de Maria que se colocou como servidora e, amando a Deus, sabia como louv\u00e1-Lo, reconhecendo e proclamando a Sua grandeza. Conseguimos nos inspirar diariamente na M\u00e3e de Jesus?<\/p>\n<p>\u201cVamos nos perguntar: vivo meu trabalho e minhas ocupa\u00e7\u00f5es di\u00e1rias em um esp\u00edrito de servi\u00e7o? Dedico-me a algu\u00e9m gratuitamente, sem buscar benef\u00edcios imediatos? Em suma, fa\u00e7o do servi\u00e7o o &#8216;trampolim&#8217; da minha vida? E pensando no louvor: sei, como Maria, exultar em Deus (cf. Lc 1:47)? Eu rezo aben\u00e7oando o Senhor? E, depois de louv\u00e1-lo, espalho sua alegria entre as pessoas que encontro? Que nossa M\u00e3e, Assunta ao C\u00e9u, nos ajude a subir cada dia mais alto por meio do servi\u00e7o e do louvor.\u201d<\/p>\n<hr \/>\n<p><em>Fonte: Vatican News (texto de Andressa Collet)<\/em><\/p>\n","protected":false},"excerpt":{"rendered":"<p>Angelus da Assun\u00e7\u00e3o da Virgem Maria<\/p>\n","protected":false},"author":3,"featured_media":244492,"comment_status":"open","ping_status":"open","sticky":false,"template":"","format":"standard","meta":[],"categories":[1428],"tags":[403],"acf":[],"yoast_head":"<!-- This site is optimized with the Yoast SEO plugin v19.2 - https:\/\/yoast.com\/wordpress\/plugins\/seo\/ -->\n<title>Papa: como Maria, sirvo ao pr\u00f3ximo sem queixas e louvando a Deus? - Not\u00edcias - Franciscanos<\/title>\n<meta name=\"robots\" content=\"index, follow, max-snippet:-1, max-image-preview:large, max-video-preview:-1\" \/>\n<link rel=\"canonical\" href=\"https:\/\/franciscanos.org.br\/noticias\/papa-como-maria-sirvo-ao-proximo-sem-queixas-e-louvando-a-deus.html\" \/>\n<meta property=\"og:locale\" content=\"pt_BR\" \/>\n<meta property=\"og:type\" content=\"article\" \/>\n<meta property=\"og:title\" content=\"Papa: como Maria, sirvo ao pr\u00f3ximo sem queixas e louvando a Deus? - Not\u00edcias - Franciscanos\" \/>\n<meta property=\"og:description\" content=\"Angelus da Assun\u00e7\u00e3o da Virgem Maria\" \/>\n<meta property=\"og:url\" content=\"https:\/\/franciscanos.org.br\/noticias\/papa-como-maria-sirvo-ao-proximo-sem-queixas-e-louvando-a-deus.html\" \/>\n<meta property=\"og:site_name\" content=\"Not\u00edcias - Franciscanos\" \/>\n<meta property=\"article:published_time\" content=\"2023-08-15T10:37:23+00:00\" \/>\n<meta property=\"og:image\" content=\"https:\/\/franciscanos.org.br\/noticias\/wp-content\/uploads\/2023\/08\/angelus_15.jpeg\" \/>\n\t<meta property=\"og:image:width\" content=\"750\" \/>\n\t<meta property=\"og:image:height\" content=\"422\" \/>\n\t<meta property=\"og:image:type\" content=\"image\/jpeg\" \/>\n<meta name=\"author\" content=\"moacir\" \/>\n<meta name=\"twitter:card\" content=\"summary_large_image\" \/>\n<meta name=\"twitter:label1\" content=\"Escrito por\" \/>\n\t<meta name=\"twitter:data1\" content=\"moacir\" \/>\n\t<meta name=\"twitter:label2\" content=\"Est. tempo de leitura\" \/>\n\t<meta name=\"twitter:data2\" content=\"4 minutos\" \/>\n<script type=\"application\/ld+json\" class=\"yoast-schema-graph\">{\"@context\":\"https:\/\/schema.org\",\"@graph\":[{\"@type\":\"WebSite\",\"@id\":\"https:\/\/franciscanos.org.br\/noticias\/#website\",\"url\":\"https:\/\/franciscanos.org.br\/noticias\/\",\"name\":\"Not\u00edcias - Franciscanos\",\"description\":\"Prov\u00edncia Franciscana da Imaculada Concei\u00e7\u00e3o do Brasil - Ordem dos Frades Menores - OFM\",\"potentialAction\":[{\"@type\":\"SearchAction\",\"target\":{\"@type\":\"EntryPoint\",\"urlTemplate\":\"https:\/\/franciscanos.org.br\/noticias\/?s={search_term_string}\"},\"query-input\":\"required name=search_term_string\"}],\"inLanguage\":\"pt-BR\"},{\"@type\":\"ImageObject\",\"inLanguage\":\"pt-BR\",\"@id\":\"https:\/\/franciscanos.org.br\/noticias\/papa-como-maria-sirvo-ao-proximo-sem-queixas-e-louvando-a-deus.html#primaryimage\",\"url\":\"https:\/\/franciscanos.org.br\/noticias\/wp-content\/uploads\/2023\/08\/angelus_15.jpeg\",\"contentUrl\":\"https:\/\/franciscanos.org.br\/noticias\/wp-content\/uploads\/2023\/08\/angelus_15.jpeg\",\"width\":750,\"height\":422},{\"@type\":\"WebPage\",\"@id\":\"https:\/\/franciscanos.org.br\/noticias\/papa-como-maria-sirvo-ao-proximo-sem-queixas-e-louvando-a-deus.html#webpage\",\"url\":\"https:\/\/franciscanos.org.br\/noticias\/papa-como-maria-sirvo-ao-proximo-sem-queixas-e-louvando-a-deus.html\",\"name\":\"Papa: como Maria, sirvo ao pr\u00f3ximo sem queixas e louvando a Deus? - Not\u00edcias - Franciscanos\",\"isPartOf\":{\"@id\":\"https:\/\/franciscanos.org.br\/noticias\/#website\"},\"primaryImageOfPage\":{\"@id\":\"https:\/\/franciscanos.org.br\/noticias\/papa-como-maria-sirvo-ao-proximo-sem-queixas-e-louvando-a-deus.html#primaryimage\"},\"datePublished\":\"2023-08-15T10:37:23+00:00\",\"dateModified\":\"2023-08-15T10:37:23+00:00\",\"author\":{\"@id\":\"https:\/\/franciscanos.org.br\/noticias\/#\/schema\/person\/b5c8cba458c330ccff548b056e95a5d4\"},\"breadcrumb\":{\"@id\":\"https:\/\/franciscanos.org.br\/noticias\/papa-como-maria-sirvo-ao-proximo-sem-queixas-e-louvando-a-deus.html#breadcrumb\"},\"inLanguage\":\"pt-BR\",\"potentialAction\":[{\"@type\":\"ReadAction\",\"target\":[\"https:\/\/franciscanos.org.br\/noticias\/papa-como-maria-sirvo-ao-proximo-sem-queixas-e-louvando-a-deus.html\"]}]},{\"@type\":\"BreadcrumbList\",\"@id\":\"https:\/\/franciscanos.org.br\/noticias\/papa-como-maria-sirvo-ao-proximo-sem-queixas-e-louvando-a-deus.html#breadcrumb\",\"itemListElement\":[{\"@type\":\"ListItem\",\"position\":1,\"name\":\"Home\",\"item\":\"https:\/\/franciscanos.org.br\/noticias\"},{\"@type\":\"ListItem\",\"position\":2,\"name\":\"Papa: como Maria, sirvo ao pr\u00f3ximo sem queixas e louvando a Deus?\"}]},{\"@type\":\"Person\",\"@id\":\"https:\/\/franciscanos.org.br\/noticias\/#\/schema\/person\/b5c8cba458c330ccff548b056e95a5d4\",\"name\":\"moacir\",\"image\":{\"@type\":\"ImageObject\",\"inLanguage\":\"pt-BR\",\"@id\":\"https:\/\/franciscanos.org.br\/noticias\/#\/schema\/person\/image\/\",\"url\":\"https:\/\/secure.gravatar.com\/avatar\/d08aa2ce4c8dd416d4479aa8536fcf64?s=96&d=mm&r=g\",\"contentUrl\":\"https:\/\/secure.gravatar.com\/avatar\/d08aa2ce4c8dd416d4479aa8536fcf64?s=96&d=mm&r=g\",\"caption\":\"moacir\"},\"url\":\"https:\/\/franciscanos.org.br\/noticias\/author\/moacir\"}]}<\/script>\n<!-- \/ Yoast SEO plugin. -->","yoast_head_json":{"title":"Papa: como Maria, sirvo ao pr\u00f3ximo sem queixas e louvando a Deus? - Not\u00edcias - Franciscanos","robots":{"index":"index","follow":"follow","max-snippet":"max-snippet:-1","max-image-preview":"max-image-preview:large","max-video-preview":"max-video-preview:-1"},"canonical":"https:\/\/franciscanos.org.br\/noticias\/papa-como-maria-sirvo-ao-proximo-sem-queixas-e-louvando-a-deus.html","og_locale":"pt_BR","og_type":"article","og_title":"Papa: como Maria, sirvo ao pr\u00f3ximo sem queixas e louvando a Deus? - Not\u00edcias - Franciscanos","og_description":"Angelus da Assun\u00e7\u00e3o da Virgem Maria","og_url":"https:\/\/franciscanos.org.br\/noticias\/papa-como-maria-sirvo-ao-proximo-sem-queixas-e-louvando-a-deus.html","og_site_name":"Not\u00edcias - Franciscanos","article_published_time":"2023-08-15T10:37:23+00:00","og_image":[{"width":750,"height":422,"url":"https:\/\/franciscanos.org.br\/noticias\/wp-content\/uploads\/2023\/08\/angelus_15.jpeg","type":"image\/jpeg"}],"author":"moacir","twitter_card":"summary_large_image","twitter_misc":{"Escrito por":"moacir","Est. tempo de leitura":"4 minutos"},"schema":{"@context":"https:\/\/schema.org","@graph":[{"@type":"WebSite","@id":"https:\/\/franciscanos.org.br\/noticias\/#website","url":"https:\/\/franciscanos.org.br\/noticias\/","name":"Not\u00edcias - Franciscanos","description":"Prov\u00edncia Franciscana da Imaculada Concei\u00e7\u00e3o do Brasil - Ordem dos Frades Menores - OFM","potentialAction":[{"@type":"SearchAction","target":{"@type":"EntryPoint","urlTemplate":"https:\/\/franciscanos.org.br\/noticias\/?s={search_term_string}"},"query-input":"required name=search_term_string"}],"inLanguage":"pt-BR"},{"@type":"ImageObject","inLanguage":"pt-BR","@id":"https:\/\/franciscanos.org.br\/noticias\/papa-como-maria-sirvo-ao-proximo-sem-queixas-e-louvando-a-deus.html#primaryimage","url":"https:\/\/franciscanos.org.br\/noticias\/wp-content\/uploads\/2023\/08\/angelus_15.jpeg","contentUrl":"https:\/\/franciscanos.org.br\/noticias\/wp-content\/uploads\/2023\/08\/angelus_15.jpeg","width":750,"height":422},{"@type":"WebPage","@id":"https:\/\/franciscanos.org.br\/noticias\/papa-como-maria-sirvo-ao-proximo-sem-queixas-e-louvando-a-deus.html#webpage","url":"https:\/\/franciscanos.org.br\/noticias\/papa-como-maria-sirvo-ao-proximo-sem-queixas-e-louvando-a-deus.html","name":"Papa: como Maria, sirvo ao pr\u00f3ximo sem queixas e louvando a Deus? - Not\u00edcias - Franciscanos","isPartOf":{"@id":"https:\/\/franciscanos.org.br\/noticias\/#website"},"primaryImageOfPage":{"@id":"https:\/\/franciscanos.org.br\/noticias\/papa-como-maria-sirvo-ao-proximo-sem-queixas-e-louvando-a-deus.html#primaryimage"},"datePublished":"2023-08-15T10:37:23+00:00","dateModified":"2023-08-15T10:37:23+00:00","author":{"@id":"https:\/\/franciscanos.org.br\/noticias\/#\/schema\/person\/b5c8cba458c330ccff548b056e95a5d4"},"breadcrumb":{"@id":"https:\/\/franciscanos.org.br\/noticias\/papa-como-maria-sirvo-ao-proximo-sem-queixas-e-louvando-a-deus.html#breadcrumb"},"inLanguage":"pt-BR","potentialAction":[{"@type":"ReadAction","target":["https:\/\/franciscanos.org.br\/noticias\/papa-como-maria-sirvo-ao-proximo-sem-queixas-e-louvando-a-deus.html"]}]},{"@type":"BreadcrumbList","@id":"https:\/\/franciscanos.org.br\/noticias\/papa-como-maria-sirvo-ao-proximo-sem-queixas-e-louvando-a-deus.html#breadcrumb","itemListElement":[{"@type":"ListItem","position":1,"name":"Home","item":"https:\/\/franciscanos.org.br\/noticias"},{"@type":"ListItem","position":2,"name":"Papa: como Maria, sirvo ao pr\u00f3ximo sem queixas e louvando a Deus?"}]},{"@type":"Person","@id":"https:\/\/franciscanos.org.br\/noticias\/#\/schema\/person\/b5c8cba458c330ccff548b056e95a5d4","name":"moacir","image":{"@type":"ImageObject","inLanguage":"pt-BR","@id":"https:\/\/franciscanos.org.br\/noticias\/#\/schema\/person\/image\/","url":"https:\/\/secure.gravatar.com\/avatar\/d08aa2ce4c8dd416d4479aa8536fcf64?s=96&d=mm&r=g","contentUrl":"https:\/\/secure.gravatar.com\/avatar\/d08aa2ce4c8dd416d4479aa8536fcf64?s=96&d=mm&r=g","caption":"moacir"},"url":"https:\/\/franciscanos.org.br\/noticias\/author\/moacir"}]}},"_links":{"self":[{"href":"https:\/\/franciscanos.org.br\/noticias\/wp-json\/wp\/v2\/posts\/244491"}],"collection":[{"href":"https:\/\/franciscanos.org.br\/noticias\/wp-json\/wp\/v2\/posts"}],"about":[{"href":"https:\/\/franciscanos.org.br\/noticias\/wp-json\/wp\/v2\/types\/post"}],"author":[{"embeddable":true,"href":"https:\/\/franciscanos.org.br\/noticias\/wp-json\/wp\/v2\/users\/3"}],"replies":[{"embeddable":true,"href":"https:\/\/franciscanos.org.br\/noticias\/wp-json\/wp\/v2\/comments?post=244491"}],"version-history":[{"count":1,"href":"https:\/\/franciscanos.org.br\/noticias\/wp-json\/wp\/v2\/posts\/244491\/revisions"}],"predecessor-version":[{"id":244493,"href":"https:\/\/franciscanos.org.br\/noticias\/wp-json\/wp\/v2\/posts\/244491\/revisions\/244493"}],"wp:featuredmedia":[{"embeddable":true,"href":"https:\/\/franciscanos.org.br\/noticias\/wp-json\/wp\/v2\/media\/244492"}],"wp:attachment":[{"href":"https:\/\/franciscanos.org.br\/noticias\/wp-json\/wp\/v2\/media?parent=244491"}],"wp:term":[{"taxonomy":"category","embeddable":true,"href":"https:\/\/franciscanos.org.br\/noticias\/wp-json\/wp\/v2\/categories?post=244491"},{"taxonomy":"post_tag","embeddable":true,"href":"https:\/\/franciscanos.org.br\/noticias\/wp-json\/wp\/v2\/tags?post=244491"}],"curies":[{"name":"wp","href":"https:\/\/api.w.org\/{rel}","templated":true}]}}