{"id":244476,"date":"2023-08-13T11:11:29","date_gmt":"2023-08-13T14:11:29","guid":{"rendered":"https:\/\/franciscanos.org.br\/noticias\/?p=244476"},"modified":"2023-08-13T11:11:29","modified_gmt":"2023-08-13T14:11:29","slug":"papa-confiemos-em-jesus-o-unico-que-pode-nos-salvar-das-tempestades-da-vida","status":"publish","type":"post","link":"https:\/\/franciscanos.org.br\/noticias\/papa-confiemos-em-jesus-o-unico-que-pode-nos-salvar-das-tempestades-da-vida.html","title":{"rendered":"Papa: Confiemos em Jesus, o \u00fanico que pode nos salvar das tempestades da vida"},"content":{"rendered":"<div id=\"attachment_244477\" style=\"width: 1510px\" class=\"wp-caption alignnone\"><img aria-describedby=\"caption-attachment-244477\" loading=\"lazy\" class=\"wp-image-244477 size-full\" src=\"https:\/\/franciscanos.org.br\/noticias\/wp-content\/uploads\/2023\/08\/angelus_1308.jpg\" alt=\"\" width=\"1500\" height=\"844\" srcset=\"https:\/\/franciscanos.org.br\/noticias\/wp-content\/uploads\/2023\/08\/angelus_1308.jpg 1500w, https:\/\/franciscanos.org.br\/noticias\/wp-content\/uploads\/2023\/08\/angelus_1308-450x253.jpg 450w, https:\/\/franciscanos.org.br\/noticias\/wp-content\/uploads\/2023\/08\/angelus_1308-1024x576.jpg 1024w, https:\/\/franciscanos.org.br\/noticias\/wp-content\/uploads\/2023\/08\/angelus_1308-768x432.jpg 768w, https:\/\/franciscanos.org.br\/noticias\/wp-content\/uploads\/2023\/08\/angelus_1308-150x84.jpg 150w\" sizes=\"(max-width: 1500px) 100vw, 1500px\" \/><p id=\"caption-attachment-244477\" class=\"wp-caption-text\"><em>Imagem; Vatican Media<\/em><\/p><\/div>\n<p>Eu entrego o tim\u00e3o da minha vida a Jesus? Foi a pergunta que o Papa Francisco fez aos fi\u00e9is reunidos na Pra\u00e7a S\u00e3o Pedro para o Angelus dominical.<\/p>\n<p>O Pont\u00edfice comentou o Evangelho do XIX Domingo do Tempo Comum, que narra um prod\u00edgio &#8220;especial&#8221; de Jesus: Ele, de noite, caminha sobre as \u00e1guas do lago da Galileia ao encontro dos disc\u00edpulos que est\u00e3o realizando a travessia no barco.<\/p>\n<p>Por tr\u00e1s desse caminhar sobre as \u00e1guas h\u00e1 uma mensagem n\u00e3o imediata a ser compreendida, explicou o Papa. Naquele tempo, com efeito, as grandes extens\u00f5es de \u00e1gua eram consideradas moradas de for\u00e7as malignas n\u00e3o domin\u00e1veis pelo homem; especialmente se agitadas pela tempestade, os abismos eram s\u00edmbolo do caos e evocavam as obscuridades dos \u00ednferos.<\/p>\n<p>Ao se encontrarem bem no meio do lago, no escuro, os disc\u00edpulos sentiram medo de afundar, de serem aspirados pelo mal. Eis ent\u00e3o que chega Jesus, caminhando sobre as \u00e1guas, ou seja, sobre aquelas for\u00e7as do mal, e diz aos seus: \u00abCoragem, sou eu, n\u00e3o tenhais medo!\u00bb.<\/p>\n<p>&#8220;Eis o sentido do gesto: as pot\u00eancias malignas, que nos assustam e n\u00e3o conseguimos dominar, com Jesus s\u00e3o imediamente redimensionadas. Ele, caminhando sobre as \u00e1guas, quer nos dizer: &#8216;N\u00e3o tenham medo, eu domino seus inimigos&#8217;. Bela mensagem, domino os seus inimigos, n\u00e3o as pessoas! N\u00e3o s\u00e3o elas os inimigos, mas a morte, o pecado, o diabo: esses s\u00e3o inimigos das pessoas, os nossos inimigos. E Jesus espezinha esses inimigos por n\u00f3s.&#8221;<\/p>\n<p>Francisco ressaltou que hoje Cristo repete a cada um de n\u00f3s: \u201cCoragem, sou eu, n\u00e3o tenham medo!\u201d. Coragem, ou seja, porque estou aqui, porque voc\u00ea n\u00e3o est\u00e1 mais sozinho nas \u00e1guas agitadas da vida. Aos nos depararmos em mar aberto e \u00e0 merc\u00ea de ventos contr\u00e1rios, acrescentou o Papa, devemos fazer duas coisas que os disc\u00edpulos fazem no Evangelho: eles invocam e acolhem Jesus.<\/p>\n<p><strong>Invocar e acolher Jesus<\/strong><br \/>\nNa narra\u00e7\u00e3o, Pedro caminha brevemente sobre as \u00e1guas em dire\u00e7\u00e3o a Jesus, mas depois se assusta, afunda e grita: \u00abSenhor, salva-me!\u00bb.<\/p>\n<p>&#8220;\u00c9 bela esta ora\u00e7\u00e3o, com a qual se expressa a certeza de que o Senhor pode nos salvar, que Ele vence o nosso mal e os nossos medos, disse ainda o Papa, convidando os fi\u00e9is a repeti-la todos juntos tr\u00eas vezes: &#8220;Senhor, salva-me!&#8221;.<\/p>\n<p>Depois, os disc\u00edpulos acolhem Jesus no barco. Diz o texto que, assim que entrou a bordo, \u00abo vento se acalmou\u00bb. O Senhor sabe que o barco da vida, assim como o barco da Igreja, est\u00e1 amea\u00e7ada por ventos contr\u00e1rios e que o mar no qual navegamos est\u00e1 com frequ\u00eancia agitado.<\/p>\n<p>Ele n\u00e3o nos preserva da fadiga de navegar, pelo contr\u00e1rio \u2013 destaca o Evangelho \u2013 impulsiona os seus a partir: isto \u00e9, nos convida a enfrentar as dificuldades, para que tamb\u00e9m essas se tornem locais de salva\u00e7\u00e3o, ocasi\u00f5es para encontr\u00e1-Lo. Ele, com efeito, nos nossos momentos de escurid\u00e3o vem ao nosso encontro, pedindo para ser acolhido, assim como aquela noite no lago.<br \/>\n\u201cPerguntemo-nos ent\u00e3o: nos medos, nas dificuldades, como me comporto? Vou adiante sozinho, com as minhas for\u00e7as, ou invoco o Senhor com confian\u00e7a? E como vai a minha f\u00e9? Creio que Cristo \u00e9 mais forte do que as ondas e os ventos contr\u00e1rios? Mas sobretudo: navego com Ele? Eu o acolho, lhe dou lugar no barco da minha vida, nunca s\u00f3, sempre com Jesus, confio o tim\u00e3o a Jesus? Que Maria, m\u00e3e de Jesus, estrela do mar, nos ajude a procurar, nas travessias obscuras, a luz de Jesus.\u201d<\/p>\n<hr \/>\n<h3>Drama dos migrantes, chaga aberta na humanidade, diz Papa no Angelus<\/h3>\n<p>&#8220;Dor e vergonha&#8221;: duas palavras usadas pelo Papa no Angelus ao se referir aos quase dois mil migrantes mortos ao tentar chegar \u00e0s costas europeias somente em 2023:<\/p>\n<p>Outro tr\u00e1gico naufr\u00e1gio ocorreu h\u00e1 poucos dias no Mediterr\u00e2neo: 41 pessoas perderam a vida. Eu rezei por eles. E com dor e vergonha devemos dizer que desde o in\u00edcio do ano quase dois mil homens, mulheres e crian\u00e7as j\u00e1 morreram neste mar tentando chegar \u00e0 Europa. \u00c9 uma chaga aberta da nossa humanidade. Encorajo os esfor\u00e7os pol\u00edticos e diplom\u00e1ticos que procuram cur\u00e1-la com esp\u00edrito de solidariedade e fraternidade, assim como o empenho de todos aqueles que trabalham para prevenir os naufr\u00e1gios e resgatar os migrantes.<\/p>\n<p>Na \u00faltima trag\u00e9dia do canal da Sic\u00edlia, ocorrida na \u00faltima ter\u00e7a-feira, 41 migrantes morreram quando a pequena embarca\u00e7\u00e3o em que viajavam h\u00e1 cinco dias, que saiu de Sfax, na Tun\u00edsia, foi atingida por uma onda e virou. Entre as v\u00edtimas tamb\u00e9m tr\u00eas crian\u00e7as. Quatro sobreviventes foram transferidos de Lampedusa no s\u00e1bado. \u201cPediram para continuar a viagem mantendo-se unidos e assim foi feito\u201d, precisou Pierluigi De Ascentiis, da \u00e1rea de Emerg\u00eancias da Cruz Vermelha Italiana em Lampedusa, acrescentando que para este domingo est\u00e7ao previstas cerca de mil transfer\u00eancias, enquanto os alojados na estrutura tem capacidade para 2.610.<\/p>\n<p>Os trag\u00e9dias ligadas \u00e0s migra\u00e7\u00f5es n\u00e3o conhecem pausas nos mares que banham a Europa: pelo menos seis pessoas morreram e duas continuam desaparecidas ap\u00f3s o naufr\u00e1gio de um barco que tentava atravessar o Canal da Mancha sa\u00eddo de Fran\u00e7a.<\/p>\n<p>Contemporaneamente, no sul do Mediterr\u00e2neo, pelo menos dois migrantes morreram, incluindo uma crian\u00e7a, e outros 5 est\u00e3o desaparecidos ap\u00f3s o naufr\u00e1gio de um barco com pelo menos 20 pessoas a bordo. O barco afundou a apenas 120 metros da costa de Gab\u00e9s, no sudeste da Tun\u00edsia. O an\u00fancio foi feito pela Guarda Nacional da Tun\u00edsia, especificando que as buscas est\u00e3o em andamento para encontrar os desaparecidos; mas no Golfo de Gabes as correntes s\u00e3o muito fortes e as esperan\u00e7as de encontrar algu\u00e9m vivo s\u00e3o m\u00ednimas.<\/p>\n<p>Enquanto isso, subiu para 17 o n\u00famero de mortos no naufr\u00e1gio na costa de Mianmar, que deixou um n\u00famero desconhecido de desaparecidos. Pelo menos 58 pessoas da etnia rohingya, etnia mu\u00e7ulmana que h\u00e1 anos sofre persegui\u00e7\u00e3o e viol\u00eancia em Mianmar, viajavam no barco com destino \u00e0 Mal\u00e1sia &#8211; que partiu no domingo de Sittwe, capital do estado de Rakhine, na ex-Birm\u00e2nia. Precisamente por isso, desde 2017 mais de 700 mil pessoas deixaram o pa\u00eds para se refugiar no vizinho Bangladesh.<\/p>\n<p>O tema da imigra\u00e7\u00e3o estar\u00e1 no centro do Med23 &#8220;Rencontres M\u00e9diterran\u00e9ennes&#8221; de Marselha, encontro no qual o Papa Francisco participar\u00e1 de 22 a 23 de setembro junto com representantes de todas as confiss\u00f5es e religi\u00f5es do Mediterr\u00e2neo. Os Encontros Mediterr\u00e2neos ser\u00e3o realizados na cidade francesa de 17 a 24 de setembro de 2023.<\/p>\n<hr \/>\n<p><em>Fonte: Vatican News (texto de Bianca Fraccalvieri)<\/em><\/p>\n","protected":false},"excerpt":{"rendered":"<p>Angelus<\/p>\n","protected":false},"author":3,"featured_media":244477,"comment_status":"open","ping_status":"open","sticky":false,"template":"","format":"standard","meta":[],"categories":[1428],"tags":[403],"acf":[],"yoast_head":"<!-- This site is optimized with the Yoast SEO plugin v19.2 - https:\/\/yoast.com\/wordpress\/plugins\/seo\/ -->\n<title>Papa: Confiemos em Jesus, o \u00fanico que pode nos salvar das tempestades da vida - Not\u00edcias - Franciscanos<\/title>\n<meta name=\"robots\" content=\"index, follow, max-snippet:-1, max-image-preview:large, max-video-preview:-1\" \/>\n<link rel=\"canonical\" href=\"https:\/\/franciscanos.org.br\/noticias\/papa-confiemos-em-jesus-o-unico-que-pode-nos-salvar-das-tempestades-da-vida.html\" \/>\n<meta property=\"og:locale\" content=\"pt_BR\" \/>\n<meta property=\"og:type\" content=\"article\" \/>\n<meta property=\"og:title\" content=\"Papa: Confiemos em Jesus, o \u00fanico que pode nos salvar das tempestades da vida - Not\u00edcias - Franciscanos\" \/>\n<meta property=\"og:description\" content=\"Angelus\" \/>\n<meta property=\"og:url\" content=\"https:\/\/franciscanos.org.br\/noticias\/papa-confiemos-em-jesus-o-unico-que-pode-nos-salvar-das-tempestades-da-vida.html\" \/>\n<meta property=\"og:site_name\" content=\"Not\u00edcias - Franciscanos\" \/>\n<meta property=\"article:published_time\" content=\"2023-08-13T14:11:29+00:00\" \/>\n<meta property=\"og:image\" content=\"https:\/\/franciscanos.org.br\/noticias\/wp-content\/uploads\/2023\/08\/angelus_1308.jpg\" \/>\n\t<meta property=\"og:image:width\" content=\"1500\" \/>\n\t<meta property=\"og:image:height\" content=\"844\" \/>\n\t<meta property=\"og:image:type\" content=\"image\/jpeg\" \/>\n<meta name=\"author\" content=\"moacir\" \/>\n<meta name=\"twitter:card\" content=\"summary_large_image\" \/>\n<meta name=\"twitter:label1\" content=\"Escrito por\" \/>\n\t<meta name=\"twitter:data1\" content=\"moacir\" \/>\n\t<meta name=\"twitter:label2\" content=\"Est. tempo de leitura\" \/>\n\t<meta name=\"twitter:data2\" content=\"7 minutos\" \/>\n<script type=\"application\/ld+json\" class=\"yoast-schema-graph\">{\"@context\":\"https:\/\/schema.org\",\"@graph\":[{\"@type\":\"WebSite\",\"@id\":\"https:\/\/franciscanos.org.br\/noticias\/#website\",\"url\":\"https:\/\/franciscanos.org.br\/noticias\/\",\"name\":\"Not\u00edcias - Franciscanos\",\"description\":\"Prov\u00edncia Franciscana da Imaculada Concei\u00e7\u00e3o do Brasil - Ordem dos Frades Menores - OFM\",\"potentialAction\":[{\"@type\":\"SearchAction\",\"target\":{\"@type\":\"EntryPoint\",\"urlTemplate\":\"https:\/\/franciscanos.org.br\/noticias\/?s={search_term_string}\"},\"query-input\":\"required name=search_term_string\"}],\"inLanguage\":\"pt-BR\"},{\"@type\":\"ImageObject\",\"inLanguage\":\"pt-BR\",\"@id\":\"https:\/\/franciscanos.org.br\/noticias\/papa-confiemos-em-jesus-o-unico-que-pode-nos-salvar-das-tempestades-da-vida.html#primaryimage\",\"url\":\"https:\/\/franciscanos.org.br\/noticias\/wp-content\/uploads\/2023\/08\/angelus_1308.jpg\",\"contentUrl\":\"https:\/\/franciscanos.org.br\/noticias\/wp-content\/uploads\/2023\/08\/angelus_1308.jpg\",\"width\":1500,\"height\":844},{\"@type\":\"WebPage\",\"@id\":\"https:\/\/franciscanos.org.br\/noticias\/papa-confiemos-em-jesus-o-unico-que-pode-nos-salvar-das-tempestades-da-vida.html#webpage\",\"url\":\"https:\/\/franciscanos.org.br\/noticias\/papa-confiemos-em-jesus-o-unico-que-pode-nos-salvar-das-tempestades-da-vida.html\",\"name\":\"Papa: Confiemos em Jesus, o \u00fanico que pode nos salvar das tempestades da vida - Not\u00edcias - Franciscanos\",\"isPartOf\":{\"@id\":\"https:\/\/franciscanos.org.br\/noticias\/#website\"},\"primaryImageOfPage\":{\"@id\":\"https:\/\/franciscanos.org.br\/noticias\/papa-confiemos-em-jesus-o-unico-que-pode-nos-salvar-das-tempestades-da-vida.html#primaryimage\"},\"datePublished\":\"2023-08-13T14:11:29+00:00\",\"dateModified\":\"2023-08-13T14:11:29+00:00\",\"author\":{\"@id\":\"https:\/\/franciscanos.org.br\/noticias\/#\/schema\/person\/b5c8cba458c330ccff548b056e95a5d4\"},\"breadcrumb\":{\"@id\":\"https:\/\/franciscanos.org.br\/noticias\/papa-confiemos-em-jesus-o-unico-que-pode-nos-salvar-das-tempestades-da-vida.html#breadcrumb\"},\"inLanguage\":\"pt-BR\",\"potentialAction\":[{\"@type\":\"ReadAction\",\"target\":[\"https:\/\/franciscanos.org.br\/noticias\/papa-confiemos-em-jesus-o-unico-que-pode-nos-salvar-das-tempestades-da-vida.html\"]}]},{\"@type\":\"BreadcrumbList\",\"@id\":\"https:\/\/franciscanos.org.br\/noticias\/papa-confiemos-em-jesus-o-unico-que-pode-nos-salvar-das-tempestades-da-vida.html#breadcrumb\",\"itemListElement\":[{\"@type\":\"ListItem\",\"position\":1,\"name\":\"Home\",\"item\":\"https:\/\/franciscanos.org.br\/noticias\"},{\"@type\":\"ListItem\",\"position\":2,\"name\":\"Papa: Confiemos em Jesus, o \u00fanico que pode nos salvar das tempestades da vida\"}]},{\"@type\":\"Person\",\"@id\":\"https:\/\/franciscanos.org.br\/noticias\/#\/schema\/person\/b5c8cba458c330ccff548b056e95a5d4\",\"name\":\"moacir\",\"image\":{\"@type\":\"ImageObject\",\"inLanguage\":\"pt-BR\",\"@id\":\"https:\/\/franciscanos.org.br\/noticias\/#\/schema\/person\/image\/\",\"url\":\"https:\/\/secure.gravatar.com\/avatar\/d08aa2ce4c8dd416d4479aa8536fcf64?s=96&d=mm&r=g\",\"contentUrl\":\"https:\/\/secure.gravatar.com\/avatar\/d08aa2ce4c8dd416d4479aa8536fcf64?s=96&d=mm&r=g\",\"caption\":\"moacir\"},\"url\":\"https:\/\/franciscanos.org.br\/noticias\/author\/moacir\"}]}<\/script>\n<!-- \/ Yoast SEO plugin. -->","yoast_head_json":{"title":"Papa: Confiemos em Jesus, o \u00fanico que pode nos salvar das tempestades da vida - Not\u00edcias - Franciscanos","robots":{"index":"index","follow":"follow","max-snippet":"max-snippet:-1","max-image-preview":"max-image-preview:large","max-video-preview":"max-video-preview:-1"},"canonical":"https:\/\/franciscanos.org.br\/noticias\/papa-confiemos-em-jesus-o-unico-que-pode-nos-salvar-das-tempestades-da-vida.html","og_locale":"pt_BR","og_type":"article","og_title":"Papa: Confiemos em Jesus, o \u00fanico que pode nos salvar das tempestades da vida - Not\u00edcias - Franciscanos","og_description":"Angelus","og_url":"https:\/\/franciscanos.org.br\/noticias\/papa-confiemos-em-jesus-o-unico-que-pode-nos-salvar-das-tempestades-da-vida.html","og_site_name":"Not\u00edcias - Franciscanos","article_published_time":"2023-08-13T14:11:29+00:00","og_image":[{"width":1500,"height":844,"url":"https:\/\/franciscanos.org.br\/noticias\/wp-content\/uploads\/2023\/08\/angelus_1308.jpg","type":"image\/jpeg"}],"author":"moacir","twitter_card":"summary_large_image","twitter_misc":{"Escrito por":"moacir","Est. tempo de leitura":"7 minutos"},"schema":{"@context":"https:\/\/schema.org","@graph":[{"@type":"WebSite","@id":"https:\/\/franciscanos.org.br\/noticias\/#website","url":"https:\/\/franciscanos.org.br\/noticias\/","name":"Not\u00edcias - Franciscanos","description":"Prov\u00edncia Franciscana da Imaculada Concei\u00e7\u00e3o do Brasil - Ordem dos Frades Menores - OFM","potentialAction":[{"@type":"SearchAction","target":{"@type":"EntryPoint","urlTemplate":"https:\/\/franciscanos.org.br\/noticias\/?s={search_term_string}"},"query-input":"required name=search_term_string"}],"inLanguage":"pt-BR"},{"@type":"ImageObject","inLanguage":"pt-BR","@id":"https:\/\/franciscanos.org.br\/noticias\/papa-confiemos-em-jesus-o-unico-que-pode-nos-salvar-das-tempestades-da-vida.html#primaryimage","url":"https:\/\/franciscanos.org.br\/noticias\/wp-content\/uploads\/2023\/08\/angelus_1308.jpg","contentUrl":"https:\/\/franciscanos.org.br\/noticias\/wp-content\/uploads\/2023\/08\/angelus_1308.jpg","width":1500,"height":844},{"@type":"WebPage","@id":"https:\/\/franciscanos.org.br\/noticias\/papa-confiemos-em-jesus-o-unico-que-pode-nos-salvar-das-tempestades-da-vida.html#webpage","url":"https:\/\/franciscanos.org.br\/noticias\/papa-confiemos-em-jesus-o-unico-que-pode-nos-salvar-das-tempestades-da-vida.html","name":"Papa: Confiemos em Jesus, o \u00fanico que pode nos salvar das tempestades da vida - Not\u00edcias - Franciscanos","isPartOf":{"@id":"https:\/\/franciscanos.org.br\/noticias\/#website"},"primaryImageOfPage":{"@id":"https:\/\/franciscanos.org.br\/noticias\/papa-confiemos-em-jesus-o-unico-que-pode-nos-salvar-das-tempestades-da-vida.html#primaryimage"},"datePublished":"2023-08-13T14:11:29+00:00","dateModified":"2023-08-13T14:11:29+00:00","author":{"@id":"https:\/\/franciscanos.org.br\/noticias\/#\/schema\/person\/b5c8cba458c330ccff548b056e95a5d4"},"breadcrumb":{"@id":"https:\/\/franciscanos.org.br\/noticias\/papa-confiemos-em-jesus-o-unico-que-pode-nos-salvar-das-tempestades-da-vida.html#breadcrumb"},"inLanguage":"pt-BR","potentialAction":[{"@type":"ReadAction","target":["https:\/\/franciscanos.org.br\/noticias\/papa-confiemos-em-jesus-o-unico-que-pode-nos-salvar-das-tempestades-da-vida.html"]}]},{"@type":"BreadcrumbList","@id":"https:\/\/franciscanos.org.br\/noticias\/papa-confiemos-em-jesus-o-unico-que-pode-nos-salvar-das-tempestades-da-vida.html#breadcrumb","itemListElement":[{"@type":"ListItem","position":1,"name":"Home","item":"https:\/\/franciscanos.org.br\/noticias"},{"@type":"ListItem","position":2,"name":"Papa: Confiemos em Jesus, o \u00fanico que pode nos salvar das tempestades da vida"}]},{"@type":"Person","@id":"https:\/\/franciscanos.org.br\/noticias\/#\/schema\/person\/b5c8cba458c330ccff548b056e95a5d4","name":"moacir","image":{"@type":"ImageObject","inLanguage":"pt-BR","@id":"https:\/\/franciscanos.org.br\/noticias\/#\/schema\/person\/image\/","url":"https:\/\/secure.gravatar.com\/avatar\/d08aa2ce4c8dd416d4479aa8536fcf64?s=96&d=mm&r=g","contentUrl":"https:\/\/secure.gravatar.com\/avatar\/d08aa2ce4c8dd416d4479aa8536fcf64?s=96&d=mm&r=g","caption":"moacir"},"url":"https:\/\/franciscanos.org.br\/noticias\/author\/moacir"}]}},"_links":{"self":[{"href":"https:\/\/franciscanos.org.br\/noticias\/wp-json\/wp\/v2\/posts\/244476"}],"collection":[{"href":"https:\/\/franciscanos.org.br\/noticias\/wp-json\/wp\/v2\/posts"}],"about":[{"href":"https:\/\/franciscanos.org.br\/noticias\/wp-json\/wp\/v2\/types\/post"}],"author":[{"embeddable":true,"href":"https:\/\/franciscanos.org.br\/noticias\/wp-json\/wp\/v2\/users\/3"}],"replies":[{"embeddable":true,"href":"https:\/\/franciscanos.org.br\/noticias\/wp-json\/wp\/v2\/comments?post=244476"}],"version-history":[{"count":1,"href":"https:\/\/franciscanos.org.br\/noticias\/wp-json\/wp\/v2\/posts\/244476\/revisions"}],"predecessor-version":[{"id":244478,"href":"https:\/\/franciscanos.org.br\/noticias\/wp-json\/wp\/v2\/posts\/244476\/revisions\/244478"}],"wp:featuredmedia":[{"embeddable":true,"href":"https:\/\/franciscanos.org.br\/noticias\/wp-json\/wp\/v2\/media\/244477"}],"wp:attachment":[{"href":"https:\/\/franciscanos.org.br\/noticias\/wp-json\/wp\/v2\/media?parent=244476"}],"wp:term":[{"taxonomy":"category","embeddable":true,"href":"https:\/\/franciscanos.org.br\/noticias\/wp-json\/wp\/v2\/categories?post=244476"},{"taxonomy":"post_tag","embeddable":true,"href":"https:\/\/franciscanos.org.br\/noticias\/wp-json\/wp\/v2\/tags?post=244476"}],"curies":[{"name":"wp","href":"https:\/\/api.w.org\/{rel}","templated":true}]}}