{"id":244463,"date":"2023-08-10T13:56:34","date_gmt":"2023-08-10T16:56:34","guid":{"rendered":"https:\/\/franciscanos.org.br\/noticias\/?p=244463"},"modified":"2023-08-14T13:52:45","modified_gmt":"2023-08-14T16:52:45","slug":"mensagem-do-ministro-provincial-por-ocasiao-das-festas-de-santa-clara-e-santa-beatriz","status":"publish","type":"post","link":"https:\/\/franciscanos.org.br\/noticias\/mensagem-do-ministro-provincial-por-ocasiao-das-festas-de-santa-clara-e-santa-beatriz.html","title":{"rendered":"Mensagem do Ministro Provincial por ocasi\u00e3o das Festas de Santa Clara e Santa Beatriz"},"content":{"rendered":"<p><img loading=\"lazy\" class=\"alignnone size-full wp-image-244464\" src=\"https:\/\/franciscanos.org.br\/noticias\/wp-content\/uploads\/2023\/08\/Clara-e-beatriz-1280x720-1.png\" alt=\"\" width=\"1280\" height=\"720\" srcset=\"https:\/\/franciscanos.org.br\/noticias\/wp-content\/uploads\/2023\/08\/Clara-e-beatriz-1280x720-1.png 1280w, https:\/\/franciscanos.org.br\/noticias\/wp-content\/uploads\/2023\/08\/Clara-e-beatriz-1280x720-1-450x253.png 450w, https:\/\/franciscanos.org.br\/noticias\/wp-content\/uploads\/2023\/08\/Clara-e-beatriz-1280x720-1-1024x576.png 1024w, https:\/\/franciscanos.org.br\/noticias\/wp-content\/uploads\/2023\/08\/Clara-e-beatriz-1280x720-1-768x432.png 768w, https:\/\/franciscanos.org.br\/noticias\/wp-content\/uploads\/2023\/08\/Clara-e-beatriz-1280x720-1-150x84.png 150w\" sizes=\"(max-width: 1280px) 100vw, 1280px\" \/><\/p>\n<p>Aprendi de um s\u00e1bio confrade que o m\u00eas de Agosto n\u00e3o deveria ser visto a partir da rima f\u00e1cil que o aproxima da desventura, do desgosto.<\/p>\n<p>Ao escolher Agosto como o tempo privilegiado para o Povo de Deus refletir sobre os diferentes minist\u00e9rios a servi\u00e7o do Evangelho, a Igreja contribuiu para afast\u00e1-lo da pecha de agourento.<\/p>\n<p>Um olhar atento vai descortinar ainda mais motivos para viver Agosto bem ao gosto do Senhor.<\/p>\n<p>Assim como fizeram Afonso, Jo\u00e3o Vianey, Domingos, Louren\u00e7o, Maximiliano, Bernardo, Helena, Rosa de Lima, Luiz da Fran\u00e7a, Bartolomeu, M\u00f4nica, Agostinho, Raimundo Nonato e, com destacado carinho e rever\u00eancia, Clara de Assis e Beatriz de Portugal.<\/p>\n<p>Nesta hora, quero me dirigir com especial aten\u00e7\u00e3o \u00e0s irm\u00e3s Clarissas e \u00e0s irm\u00e3s Concepcionistas, sobretudo aquelas que est\u00e3o no territ\u00f3rio da nossa Prov\u00edncia.<\/p>\n<p>Vou at\u00e9 voc\u00eas, queridas irm\u00e3s, com a palavra que tem o signo da gratid\u00e3o.<\/p>\n<p>Reverentemente, agrade\u00e7o a voc\u00eas por cultivarem aquela dimens\u00e3o da vida consagrada que se constitui fonte de infinitas gra\u00e7as para toda a Igreja.<\/p>\n<p>Sua vida e miss\u00e3o, atrav\u00e9s da Contempla\u00e7\u00e3o, apontam o caminho da imita\u00e7\u00e3o de Cristo em ora\u00e7\u00e3o no alto do monte e confirmam a imperiosa necessidade de viver a aut\u00eantica obedi\u00eancia \u00e0 vontade do Pai: \u201cSeja como tu queres\u201d.<\/p>\n<p>Al\u00e9m da obedi\u00eancia aut\u00eantica, a vida contemplativa que voc\u00eas testemunham tem o cond\u00e3o de antecipar os sinais do Reinado de Deus.<\/p>\n<p>Livres de qualquer apego \u00e0s vaidades, aos bens, e at\u00e9 \u00e0s pessoas, voc\u00eas como que ganham asas e, j\u00e1 aqui na terra, podem experimentar a amplid\u00e3o dos pa\u00e7os celestes.<\/p>\n<p>A solid\u00e3o habitada pelo Senhor, o sil\u00eancio eloquente na medita\u00e7\u00e3o das coisas que n\u00e3o passam, a escuta atenta da Palavra de Deus, a dedica\u00e7\u00e3o ao culto divino, a fecundidade da ora\u00e7\u00e3o, a comunh\u00e3o do amor fraterno, ocupam seus dias e d\u00e3o sentido \u00e0s suas vidas.<\/p>\n<p>Vidas dedicadas a alcan\u00e7ar a claridade t\u00e3o bela de Clara e a beleza t\u00e3o clara de Beatriz.<\/p>\n<p>Vidas que clareiam as d\u00favidas e incertezas que insistem em obscurecer nossa vis\u00e3o.<\/p>\n<p>Vidas que enchem de beleza os dias tristes que, volta e meia, nos fazem desacreditar e desesperan\u00e7ar.<\/p>\n<p>Al\u00e9m de agradecer a voc\u00eas, pe\u00e7o que rezem por n\u00f3s. A ora\u00e7\u00e3o das irm\u00e3s faz frutuosa a miss\u00e3o da Igreja.<\/p>\n<p>Al\u00e9m de rezar, que voc\u00eas nos ajudem a ter presente que a vida franciscana s\u00f3 ser\u00e1 mesmo significativa se reservar privilegiado espa\u00e7o para que a voz do Senhor seja ouvida.<\/p>\n<p>Cora\u00e7\u00e3o atento \u00e0 voz do Senhor, nosso amado, desapegados dos bens que passam, livres de todas as vaidades e paix\u00f5es, poderemos reencontrar a verdadeira riqueza da vida em pobreza.<\/p>\n<p>Do c\u00e9u, onde queremos um dia estar, Clara e Beatriz intercedam por n\u00f3s, para que sejamos fi\u00e9is \u00e0 nossa voca\u00e7\u00e3o e corajosos na nossa miss\u00e3o.<\/p>\n<p>Paz e Bem!<\/p>\n<p style=\"padding-left: 40px;\"><strong>FREI PAULO ROBERTO PEREIRA, OFM<\/strong><\/p>\n<p style=\"padding-left: 40px;\"><em>Ministro Provincial<\/em><\/p>\n<p style=\"padding-left: 40px;\">Prov\u00edncia Franciscana da Imaculada Concei\u00e7\u00e3o do Brasil<\/p>\n<p><iframe loading=\"lazy\" title=\"YouTube video player\" src=\"https:\/\/www.youtube.com\/embed\/EhtE7XqtK8o\" width=\"100%\" height=\"500\" frameborder=\"0\" allowfullscreen=\"allowfullscreen\"><span data-mce-type=\"bookmark\" style=\"display: inline-block; width: 0px; overflow: hidden; line-height: 0;\" class=\"mce_SELRES_start\">\ufeff<\/span><\/iframe><\/p>\n","protected":false},"excerpt":{"rendered":"<p>Festividades Franciscanas<\/p>\n","protected":false},"author":3,"featured_media":244465,"comment_status":"open","ping_status":"open","sticky":false,"template":"","format":"standard","meta":[],"categories":[1],"tags":[171,1844,1179,1263],"acf":[],"yoast_head":"<!-- This site is optimized with the Yoast SEO plugin v19.2 - https:\/\/yoast.com\/wordpress\/plugins\/seo\/ -->\n<title>Mensagem do Ministro Provincial por ocasi\u00e3o das Festas de Santa Clara e Santa Beatriz - Not\u00edcias - Franciscanos<\/title>\n<meta name=\"robots\" content=\"index, follow, max-snippet:-1, max-image-preview:large, max-video-preview:-1\" \/>\n<link rel=\"canonical\" href=\"https:\/\/franciscanos.org.br\/noticias\/mensagem-do-ministro-provincial-por-ocasiao-das-festas-de-santa-clara-e-santa-beatriz.html\" \/>\n<meta property=\"og:locale\" content=\"pt_BR\" \/>\n<meta property=\"og:type\" content=\"article\" \/>\n<meta property=\"og:title\" content=\"Mensagem do Ministro Provincial por ocasi\u00e3o das Festas de Santa Clara e Santa Beatriz - Not\u00edcias - Franciscanos\" \/>\n<meta property=\"og:description\" content=\"Festividades Franciscanas\" \/>\n<meta property=\"og:url\" content=\"https:\/\/franciscanos.org.br\/noticias\/mensagem-do-ministro-provincial-por-ocasiao-das-festas-de-santa-clara-e-santa-beatriz.html\" \/>\n<meta property=\"og:site_name\" content=\"Not\u00edcias - Franciscanos\" \/>\n<meta property=\"article:published_time\" content=\"2023-08-10T16:56:34+00:00\" \/>\n<meta property=\"article:modified_time\" content=\"2023-08-14T16:52:45+00:00\" \/>\n<meta property=\"og:image\" content=\"https:\/\/franciscanos.org.br\/noticias\/wp-content\/uploads\/2023\/08\/Clara-e-beatriz-800x550-1.png\" \/>\n\t<meta property=\"og:image:width\" content=\"800\" \/>\n\t<meta property=\"og:image:height\" content=\"550\" \/>\n\t<meta property=\"og:image:type\" content=\"image\/png\" \/>\n<meta name=\"author\" content=\"moacir\" \/>\n<meta name=\"twitter:card\" content=\"summary_large_image\" \/>\n<meta name=\"twitter:label1\" content=\"Escrito por\" \/>\n\t<meta name=\"twitter:data1\" content=\"moacir\" \/>\n\t<meta name=\"twitter:label2\" content=\"Est. tempo de leitura\" \/>\n\t<meta name=\"twitter:data2\" content=\"3 minutos\" \/>\n<script type=\"application\/ld+json\" class=\"yoast-schema-graph\">{\"@context\":\"https:\/\/schema.org\",\"@graph\":[{\"@type\":\"WebSite\",\"@id\":\"https:\/\/franciscanos.org.br\/noticias\/#website\",\"url\":\"https:\/\/franciscanos.org.br\/noticias\/\",\"name\":\"Not\u00edcias - Franciscanos\",\"description\":\"Prov\u00edncia Franciscana da Imaculada Concei\u00e7\u00e3o do Brasil - Ordem dos Frades Menores - OFM\",\"potentialAction\":[{\"@type\":\"SearchAction\",\"target\":{\"@type\":\"EntryPoint\",\"urlTemplate\":\"https:\/\/franciscanos.org.br\/noticias\/?s={search_term_string}\"},\"query-input\":\"required name=search_term_string\"}],\"inLanguage\":\"pt-BR\"},{\"@type\":\"ImageObject\",\"inLanguage\":\"pt-BR\",\"@id\":\"https:\/\/franciscanos.org.br\/noticias\/mensagem-do-ministro-provincial-por-ocasiao-das-festas-de-santa-clara-e-santa-beatriz.html#primaryimage\",\"url\":\"https:\/\/franciscanos.org.br\/noticias\/wp-content\/uploads\/2023\/08\/Clara-e-beatriz-800x550-1.png\",\"contentUrl\":\"https:\/\/franciscanos.org.br\/noticias\/wp-content\/uploads\/2023\/08\/Clara-e-beatriz-800x550-1.png\",\"width\":800,\"height\":550},{\"@type\":\"WebPage\",\"@id\":\"https:\/\/franciscanos.org.br\/noticias\/mensagem-do-ministro-provincial-por-ocasiao-das-festas-de-santa-clara-e-santa-beatriz.html#webpage\",\"url\":\"https:\/\/franciscanos.org.br\/noticias\/mensagem-do-ministro-provincial-por-ocasiao-das-festas-de-santa-clara-e-santa-beatriz.html\",\"name\":\"Mensagem do Ministro Provincial por ocasi\u00e3o das Festas de Santa Clara e Santa Beatriz - Not\u00edcias - Franciscanos\",\"isPartOf\":{\"@id\":\"https:\/\/franciscanos.org.br\/noticias\/#website\"},\"primaryImageOfPage\":{\"@id\":\"https:\/\/franciscanos.org.br\/noticias\/mensagem-do-ministro-provincial-por-ocasiao-das-festas-de-santa-clara-e-santa-beatriz.html#primaryimage\"},\"datePublished\":\"2023-08-10T16:56:34+00:00\",\"dateModified\":\"2023-08-14T16:52:45+00:00\",\"author\":{\"@id\":\"https:\/\/franciscanos.org.br\/noticias\/#\/schema\/person\/b5c8cba458c330ccff548b056e95a5d4\"},\"breadcrumb\":{\"@id\":\"https:\/\/franciscanos.org.br\/noticias\/mensagem-do-ministro-provincial-por-ocasiao-das-festas-de-santa-clara-e-santa-beatriz.html#breadcrumb\"},\"inLanguage\":\"pt-BR\",\"potentialAction\":[{\"@type\":\"ReadAction\",\"target\":[\"https:\/\/franciscanos.org.br\/noticias\/mensagem-do-ministro-provincial-por-ocasiao-das-festas-de-santa-clara-e-santa-beatriz.html\"]}]},{\"@type\":\"BreadcrumbList\",\"@id\":\"https:\/\/franciscanos.org.br\/noticias\/mensagem-do-ministro-provincial-por-ocasiao-das-festas-de-santa-clara-e-santa-beatriz.html#breadcrumb\",\"itemListElement\":[{\"@type\":\"ListItem\",\"position\":1,\"name\":\"Home\",\"item\":\"https:\/\/franciscanos.org.br\/noticias\"},{\"@type\":\"ListItem\",\"position\":2,\"name\":\"Mensagem do Ministro Provincial por ocasi\u00e3o das Festas de Santa Clara e Santa Beatriz\"}]},{\"@type\":\"Person\",\"@id\":\"https:\/\/franciscanos.org.br\/noticias\/#\/schema\/person\/b5c8cba458c330ccff548b056e95a5d4\",\"name\":\"moacir\",\"image\":{\"@type\":\"ImageObject\",\"inLanguage\":\"pt-BR\",\"@id\":\"https:\/\/franciscanos.org.br\/noticias\/#\/schema\/person\/image\/\",\"url\":\"https:\/\/secure.gravatar.com\/avatar\/d08aa2ce4c8dd416d4479aa8536fcf64?s=96&d=mm&r=g\",\"contentUrl\":\"https:\/\/secure.gravatar.com\/avatar\/d08aa2ce4c8dd416d4479aa8536fcf64?s=96&d=mm&r=g\",\"caption\":\"moacir\"},\"url\":\"https:\/\/franciscanos.org.br\/noticias\/author\/moacir\"}]}<\/script>\n<!-- \/ Yoast SEO plugin. -->","yoast_head_json":{"title":"Mensagem do Ministro Provincial por ocasi\u00e3o das Festas de Santa Clara e Santa Beatriz - Not\u00edcias - Franciscanos","robots":{"index":"index","follow":"follow","max-snippet":"max-snippet:-1","max-image-preview":"max-image-preview:large","max-video-preview":"max-video-preview:-1"},"canonical":"https:\/\/franciscanos.org.br\/noticias\/mensagem-do-ministro-provincial-por-ocasiao-das-festas-de-santa-clara-e-santa-beatriz.html","og_locale":"pt_BR","og_type":"article","og_title":"Mensagem do Ministro Provincial por ocasi\u00e3o das Festas de Santa Clara e Santa Beatriz - Not\u00edcias - Franciscanos","og_description":"Festividades Franciscanas","og_url":"https:\/\/franciscanos.org.br\/noticias\/mensagem-do-ministro-provincial-por-ocasiao-das-festas-de-santa-clara-e-santa-beatriz.html","og_site_name":"Not\u00edcias - Franciscanos","article_published_time":"2023-08-10T16:56:34+00:00","article_modified_time":"2023-08-14T16:52:45+00:00","og_image":[{"width":800,"height":550,"url":"https:\/\/franciscanos.org.br\/noticias\/wp-content\/uploads\/2023\/08\/Clara-e-beatriz-800x550-1.png","type":"image\/png"}],"author":"moacir","twitter_card":"summary_large_image","twitter_misc":{"Escrito por":"moacir","Est. tempo de leitura":"3 minutos"},"schema":{"@context":"https:\/\/schema.org","@graph":[{"@type":"WebSite","@id":"https:\/\/franciscanos.org.br\/noticias\/#website","url":"https:\/\/franciscanos.org.br\/noticias\/","name":"Not\u00edcias - Franciscanos","description":"Prov\u00edncia Franciscana da Imaculada Concei\u00e7\u00e3o do Brasil - Ordem dos Frades Menores - OFM","potentialAction":[{"@type":"SearchAction","target":{"@type":"EntryPoint","urlTemplate":"https:\/\/franciscanos.org.br\/noticias\/?s={search_term_string}"},"query-input":"required name=search_term_string"}],"inLanguage":"pt-BR"},{"@type":"ImageObject","inLanguage":"pt-BR","@id":"https:\/\/franciscanos.org.br\/noticias\/mensagem-do-ministro-provincial-por-ocasiao-das-festas-de-santa-clara-e-santa-beatriz.html#primaryimage","url":"https:\/\/franciscanos.org.br\/noticias\/wp-content\/uploads\/2023\/08\/Clara-e-beatriz-800x550-1.png","contentUrl":"https:\/\/franciscanos.org.br\/noticias\/wp-content\/uploads\/2023\/08\/Clara-e-beatriz-800x550-1.png","width":800,"height":550},{"@type":"WebPage","@id":"https:\/\/franciscanos.org.br\/noticias\/mensagem-do-ministro-provincial-por-ocasiao-das-festas-de-santa-clara-e-santa-beatriz.html#webpage","url":"https:\/\/franciscanos.org.br\/noticias\/mensagem-do-ministro-provincial-por-ocasiao-das-festas-de-santa-clara-e-santa-beatriz.html","name":"Mensagem do Ministro Provincial por ocasi\u00e3o das Festas de Santa Clara e Santa Beatriz - Not\u00edcias - Franciscanos","isPartOf":{"@id":"https:\/\/franciscanos.org.br\/noticias\/#website"},"primaryImageOfPage":{"@id":"https:\/\/franciscanos.org.br\/noticias\/mensagem-do-ministro-provincial-por-ocasiao-das-festas-de-santa-clara-e-santa-beatriz.html#primaryimage"},"datePublished":"2023-08-10T16:56:34+00:00","dateModified":"2023-08-14T16:52:45+00:00","author":{"@id":"https:\/\/franciscanos.org.br\/noticias\/#\/schema\/person\/b5c8cba458c330ccff548b056e95a5d4"},"breadcrumb":{"@id":"https:\/\/franciscanos.org.br\/noticias\/mensagem-do-ministro-provincial-por-ocasiao-das-festas-de-santa-clara-e-santa-beatriz.html#breadcrumb"},"inLanguage":"pt-BR","potentialAction":[{"@type":"ReadAction","target":["https:\/\/franciscanos.org.br\/noticias\/mensagem-do-ministro-provincial-por-ocasiao-das-festas-de-santa-clara-e-santa-beatriz.html"]}]},{"@type":"BreadcrumbList","@id":"https:\/\/franciscanos.org.br\/noticias\/mensagem-do-ministro-provincial-por-ocasiao-das-festas-de-santa-clara-e-santa-beatriz.html#breadcrumb","itemListElement":[{"@type":"ListItem","position":1,"name":"Home","item":"https:\/\/franciscanos.org.br\/noticias"},{"@type":"ListItem","position":2,"name":"Mensagem do Ministro Provincial por ocasi\u00e3o das Festas de Santa Clara e Santa Beatriz"}]},{"@type":"Person","@id":"https:\/\/franciscanos.org.br\/noticias\/#\/schema\/person\/b5c8cba458c330ccff548b056e95a5d4","name":"moacir","image":{"@type":"ImageObject","inLanguage":"pt-BR","@id":"https:\/\/franciscanos.org.br\/noticias\/#\/schema\/person\/image\/","url":"https:\/\/secure.gravatar.com\/avatar\/d08aa2ce4c8dd416d4479aa8536fcf64?s=96&d=mm&r=g","contentUrl":"https:\/\/secure.gravatar.com\/avatar\/d08aa2ce4c8dd416d4479aa8536fcf64?s=96&d=mm&r=g","caption":"moacir"},"url":"https:\/\/franciscanos.org.br\/noticias\/author\/moacir"}]}},"_links":{"self":[{"href":"https:\/\/franciscanos.org.br\/noticias\/wp-json\/wp\/v2\/posts\/244463"}],"collection":[{"href":"https:\/\/franciscanos.org.br\/noticias\/wp-json\/wp\/v2\/posts"}],"about":[{"href":"https:\/\/franciscanos.org.br\/noticias\/wp-json\/wp\/v2\/types\/post"}],"author":[{"embeddable":true,"href":"https:\/\/franciscanos.org.br\/noticias\/wp-json\/wp\/v2\/users\/3"}],"replies":[{"embeddable":true,"href":"https:\/\/franciscanos.org.br\/noticias\/wp-json\/wp\/v2\/comments?post=244463"}],"version-history":[{"count":4,"href":"https:\/\/franciscanos.org.br\/noticias\/wp-json\/wp\/v2\/posts\/244463\/revisions"}],"predecessor-version":[{"id":244486,"href":"https:\/\/franciscanos.org.br\/noticias\/wp-json\/wp\/v2\/posts\/244463\/revisions\/244486"}],"wp:featuredmedia":[{"embeddable":true,"href":"https:\/\/franciscanos.org.br\/noticias\/wp-json\/wp\/v2\/media\/244465"}],"wp:attachment":[{"href":"https:\/\/franciscanos.org.br\/noticias\/wp-json\/wp\/v2\/media?parent=244463"}],"wp:term":[{"taxonomy":"category","embeddable":true,"href":"https:\/\/franciscanos.org.br\/noticias\/wp-json\/wp\/v2\/categories?post=244463"},{"taxonomy":"post_tag","embeddable":true,"href":"https:\/\/franciscanos.org.br\/noticias\/wp-json\/wp\/v2\/tags?post=244463"}],"curies":[{"name":"wp","href":"https:\/\/api.w.org\/{rel}","templated":true}]}}