{"id":244454,"date":"2023-08-10T07:30:35","date_gmt":"2023-08-10T10:30:35","guid":{"rendered":"https:\/\/franciscanos.org.br\/noticias\/?p=244454"},"modified":"2023-08-10T07:30:35","modified_gmt":"2023-08-10T10:30:35","slug":"papa-pede-a-cupula-da-amazonia-progresso-sustentavel","status":"publish","type":"post","link":"https:\/\/franciscanos.org.br\/noticias\/papa-pede-a-cupula-da-amazonia-progresso-sustentavel.html","title":{"rendered":"Papa pede \u00e0 C\u00fapula da Amaz\u00f4nia progresso sustent\u00e1vel"},"content":{"rendered":"<div id=\"attachment_244455\" style=\"width: 1290px\" class=\"wp-caption alignnone\"><img aria-describedby=\"caption-attachment-244455\" loading=\"lazy\" class=\"wp-image-244455 size-full\" src=\"https:\/\/franciscanos.org.br\/noticias\/wp-content\/uploads\/2023\/08\/audiencia_1008.jpg\" alt=\"\" width=\"1280\" height=\"720\" srcset=\"https:\/\/franciscanos.org.br\/noticias\/wp-content\/uploads\/2023\/08\/audiencia_1008.jpg 1280w, https:\/\/franciscanos.org.br\/noticias\/wp-content\/uploads\/2023\/08\/audiencia_1008-450x253.jpg 450w, https:\/\/franciscanos.org.br\/noticias\/wp-content\/uploads\/2023\/08\/audiencia_1008-1024x576.jpg 1024w, https:\/\/franciscanos.org.br\/noticias\/wp-content\/uploads\/2023\/08\/audiencia_1008-768x432.jpg 768w, https:\/\/franciscanos.org.br\/noticias\/wp-content\/uploads\/2023\/08\/audiencia_1008-150x84.jpg 150w\" sizes=\"(max-width: 1280px) 100vw, 1280px\" \/><p id=\"caption-attachment-244455\" class=\"wp-caption-text\"><em>Imagem: Vatican Media<\/em><\/p><\/div>\n<p>Ao saudar e aben\u00e7oar os peregrinos de l\u00edngua portuguesa na Audi\u00eancia Geral, o Papa Francisco assegurou sua ora\u00e7\u00e3o ao encontro que se realiza nestes dias em Bel\u00e9m, e que re\u00fane presidentes dos pa\u00edses da regi\u00e3o amaz\u00f4nica:<\/p>\n<p>Queridos peregrinos de l\u00edngua portuguesa, abra\u00e7o-vos a todos e de cora\u00e7\u00e3o vos aben\u00e7oo a v\u00f3s e \u00e0s vossas fam\u00edlias. Que Nossa Senhora vos acompanhe e sempre vos proteja. Aproveito esta ocasi\u00e3o para enviar uma sauda\u00e7\u00e3o particular aos Presidentes dos pa\u00edses da regi\u00e3o amaz\u00f4nica que, nestes dias, est\u00e3o reunidos em Bel\u00e9m do Par\u00e1, no Brasil. Asseguro a minha ora\u00e7\u00e3o pelo bom \u00eaxito do seu encontro, desejando que se renove o compromisso de todos em prol da cria\u00e7\u00e3o e dum progresso sustent\u00e1vel.<\/p>\n<p>A IV C\u00fapula dos presidentes que comp\u00f5em o bioma Amaz\u00f4nia, que teve in\u00edcio na ter\u00e7a-feira, em Bel\u00e9m, \u00e9 realizada no \u00e2mbito da Organiza\u00e7\u00e3o do Tratado de Coopera\u00e7\u00e3o Amaz\u00f4nica (OTCA), criada em 1995 e integrada por Bol\u00edvia, Brasil, Col\u00f4mbia, Equador, Guiana, Peru, Suriname e Venezuela. Os presidentes dos pa\u00edses que abrigam a floresta amaz\u00f4nica n\u00e3o se reuniam h\u00e1 14 anos (n\u00e3o est\u00e3o em Bel\u00e9m os presidentes do Equador, Suriname e Venezuela).<\/p>\n<p><strong>Declara\u00e7\u00e3o de Bel\u00e9m<\/strong><br \/>\nNa C\u00fapula foi assinada, pelos presidentes dos pa\u00edses amaz\u00f4nicos, a <strong><a href=\"https:\/\/repam.org.br\/cupula-da-amazonia-confira-a-declaracao-de-belem-assinada-por-lideres-de-paises-amazonicos\/\">Declara\u00e7\u00e3o de Bel\u00e9m<\/a><\/strong>, documento que consolida a agenda comum entre os oito pa\u00edses signat\u00e1rios do Tratado de Coopera\u00e7\u00e3o Amaz\u00f4nica (OTCA) para a regi\u00e3o. No texto, os pa\u00edses combinam os esfor\u00e7os de seus governos, no mais alto n\u00edvel, para fazer avan\u00e7ar uma nova agenda comum de coopera\u00e7\u00e3o na Amaz\u00f4nia.<\/p>\n<p>Na Declara\u00e7\u00e3o de Bel\u00e9m os pa\u00edses se comprometem a implementar sob a \u201c\u00e9gide do desenvolvimento sustent\u00e1vel, da conserva\u00e7\u00e3o e do uso sustent\u00e1vel da biodiversidade, das florestas e da \u00e1gua, da a\u00e7\u00e3o urgente para evitar o ponto de n\u00e3o retorno na Amaz\u00f4nia, do combate ao desmatamento e \u00e0s atividades ilegais na regi\u00e3o, do desenvolvimento econ\u00f4mico com inclus\u00e3o social e gera\u00e7\u00e3o de renda e emprego, com base em mecanismos de participa\u00e7\u00e3o social, em especial dos povos ind\u00edgenas e comunidades locais e tradicionais, e do fortalecimento da OTCA\u201d.<\/p>\n<p>Simultaneamente \u00e0 C\u00fapula, organiza\u00e7\u00f5es e movimentos sociais e ind\u00edgenas movimentaram cerca de 400 eventos paralelos, em que debateram e apresentaram as demandas dos povos aos ministros e representantes do governo brasileiro e de outros pa\u00edses. As atividades, realizadas entre os dias 4 e 9 de agosto, tamb\u00e9m preparam a Confer\u00eancia Global do Clima (COP), em novembro, em Dubai.<\/p>\n<hr \/>\n<p><em>Fonte: Repam e Vatican News<\/em><\/p>\n","protected":false},"excerpt":{"rendered":"<p>C\u00fapula da Amaz\u00f4nia<\/p>\n","protected":false},"author":3,"featured_media":244455,"comment_status":"open","ping_status":"open","sticky":false,"template":"","format":"standard","meta":[],"categories":[1],"tags":[201],"acf":[],"yoast_head":"<!-- This site is optimized with the Yoast SEO plugin v19.2 - https:\/\/yoast.com\/wordpress\/plugins\/seo\/ -->\n<title>Papa pede \u00e0 C\u00fapula da Amaz\u00f4nia progresso sustent\u00e1vel - Not\u00edcias - Franciscanos<\/title>\n<meta name=\"robots\" content=\"index, follow, max-snippet:-1, max-image-preview:large, max-video-preview:-1\" \/>\n<link rel=\"canonical\" href=\"https:\/\/franciscanos.org.br\/noticias\/papa-pede-a-cupula-da-amazonia-progresso-sustentavel.html\" \/>\n<meta property=\"og:locale\" content=\"pt_BR\" \/>\n<meta property=\"og:type\" content=\"article\" \/>\n<meta property=\"og:title\" content=\"Papa pede \u00e0 C\u00fapula da Amaz\u00f4nia progresso sustent\u00e1vel - Not\u00edcias - Franciscanos\" \/>\n<meta property=\"og:description\" content=\"C\u00fapula da Amaz\u00f4nia\" \/>\n<meta property=\"og:url\" content=\"https:\/\/franciscanos.org.br\/noticias\/papa-pede-a-cupula-da-amazonia-progresso-sustentavel.html\" \/>\n<meta property=\"og:site_name\" content=\"Not\u00edcias - Franciscanos\" \/>\n<meta property=\"article:published_time\" content=\"2023-08-10T10:30:35+00:00\" \/>\n<meta property=\"og:image\" content=\"https:\/\/franciscanos.org.br\/noticias\/wp-content\/uploads\/2023\/08\/audiencia_1008.jpg\" \/>\n\t<meta property=\"og:image:width\" content=\"1280\" \/>\n\t<meta property=\"og:image:height\" content=\"720\" \/>\n\t<meta property=\"og:image:type\" content=\"image\/jpeg\" \/>\n<meta name=\"author\" content=\"moacir\" \/>\n<meta name=\"twitter:card\" content=\"summary_large_image\" \/>\n<meta name=\"twitter:label1\" content=\"Escrito por\" \/>\n\t<meta name=\"twitter:data1\" content=\"moacir\" \/>\n\t<meta name=\"twitter:label2\" content=\"Est. tempo de leitura\" \/>\n\t<meta name=\"twitter:data2\" content=\"2 minutos\" \/>\n<script type=\"application\/ld+json\" class=\"yoast-schema-graph\">{\"@context\":\"https:\/\/schema.org\",\"@graph\":[{\"@type\":\"WebSite\",\"@id\":\"https:\/\/franciscanos.org.br\/noticias\/#website\",\"url\":\"https:\/\/franciscanos.org.br\/noticias\/\",\"name\":\"Not\u00edcias - Franciscanos\",\"description\":\"Prov\u00edncia Franciscana da Imaculada Concei\u00e7\u00e3o do Brasil - Ordem dos Frades Menores - OFM\",\"potentialAction\":[{\"@type\":\"SearchAction\",\"target\":{\"@type\":\"EntryPoint\",\"urlTemplate\":\"https:\/\/franciscanos.org.br\/noticias\/?s={search_term_string}\"},\"query-input\":\"required name=search_term_string\"}],\"inLanguage\":\"pt-BR\"},{\"@type\":\"ImageObject\",\"inLanguage\":\"pt-BR\",\"@id\":\"https:\/\/franciscanos.org.br\/noticias\/papa-pede-a-cupula-da-amazonia-progresso-sustentavel.html#primaryimage\",\"url\":\"https:\/\/franciscanos.org.br\/noticias\/wp-content\/uploads\/2023\/08\/audiencia_1008.jpg\",\"contentUrl\":\"https:\/\/franciscanos.org.br\/noticias\/wp-content\/uploads\/2023\/08\/audiencia_1008.jpg\",\"width\":1280,\"height\":720},{\"@type\":\"WebPage\",\"@id\":\"https:\/\/franciscanos.org.br\/noticias\/papa-pede-a-cupula-da-amazonia-progresso-sustentavel.html#webpage\",\"url\":\"https:\/\/franciscanos.org.br\/noticias\/papa-pede-a-cupula-da-amazonia-progresso-sustentavel.html\",\"name\":\"Papa pede \u00e0 C\u00fapula da Amaz\u00f4nia progresso sustent\u00e1vel - Not\u00edcias - Franciscanos\",\"isPartOf\":{\"@id\":\"https:\/\/franciscanos.org.br\/noticias\/#website\"},\"primaryImageOfPage\":{\"@id\":\"https:\/\/franciscanos.org.br\/noticias\/papa-pede-a-cupula-da-amazonia-progresso-sustentavel.html#primaryimage\"},\"datePublished\":\"2023-08-10T10:30:35+00:00\",\"dateModified\":\"2023-08-10T10:30:35+00:00\",\"author\":{\"@id\":\"https:\/\/franciscanos.org.br\/noticias\/#\/schema\/person\/b5c8cba458c330ccff548b056e95a5d4\"},\"breadcrumb\":{\"@id\":\"https:\/\/franciscanos.org.br\/noticias\/papa-pede-a-cupula-da-amazonia-progresso-sustentavel.html#breadcrumb\"},\"inLanguage\":\"pt-BR\",\"potentialAction\":[{\"@type\":\"ReadAction\",\"target\":[\"https:\/\/franciscanos.org.br\/noticias\/papa-pede-a-cupula-da-amazonia-progresso-sustentavel.html\"]}]},{\"@type\":\"BreadcrumbList\",\"@id\":\"https:\/\/franciscanos.org.br\/noticias\/papa-pede-a-cupula-da-amazonia-progresso-sustentavel.html#breadcrumb\",\"itemListElement\":[{\"@type\":\"ListItem\",\"position\":1,\"name\":\"Home\",\"item\":\"https:\/\/franciscanos.org.br\/noticias\"},{\"@type\":\"ListItem\",\"position\":2,\"name\":\"Papa pede \u00e0 C\u00fapula da Amaz\u00f4nia progresso sustent\u00e1vel\"}]},{\"@type\":\"Person\",\"@id\":\"https:\/\/franciscanos.org.br\/noticias\/#\/schema\/person\/b5c8cba458c330ccff548b056e95a5d4\",\"name\":\"moacir\",\"image\":{\"@type\":\"ImageObject\",\"inLanguage\":\"pt-BR\",\"@id\":\"https:\/\/franciscanos.org.br\/noticias\/#\/schema\/person\/image\/\",\"url\":\"https:\/\/secure.gravatar.com\/avatar\/d08aa2ce4c8dd416d4479aa8536fcf64?s=96&d=mm&r=g\",\"contentUrl\":\"https:\/\/secure.gravatar.com\/avatar\/d08aa2ce4c8dd416d4479aa8536fcf64?s=96&d=mm&r=g\",\"caption\":\"moacir\"},\"url\":\"https:\/\/franciscanos.org.br\/noticias\/author\/moacir\"}]}<\/script>\n<!-- \/ Yoast SEO plugin. -->","yoast_head_json":{"title":"Papa pede \u00e0 C\u00fapula da Amaz\u00f4nia progresso sustent\u00e1vel - Not\u00edcias - Franciscanos","robots":{"index":"index","follow":"follow","max-snippet":"max-snippet:-1","max-image-preview":"max-image-preview:large","max-video-preview":"max-video-preview:-1"},"canonical":"https:\/\/franciscanos.org.br\/noticias\/papa-pede-a-cupula-da-amazonia-progresso-sustentavel.html","og_locale":"pt_BR","og_type":"article","og_title":"Papa pede \u00e0 C\u00fapula da Amaz\u00f4nia progresso sustent\u00e1vel - Not\u00edcias - Franciscanos","og_description":"C\u00fapula da Amaz\u00f4nia","og_url":"https:\/\/franciscanos.org.br\/noticias\/papa-pede-a-cupula-da-amazonia-progresso-sustentavel.html","og_site_name":"Not\u00edcias - Franciscanos","article_published_time":"2023-08-10T10:30:35+00:00","og_image":[{"width":1280,"height":720,"url":"https:\/\/franciscanos.org.br\/noticias\/wp-content\/uploads\/2023\/08\/audiencia_1008.jpg","type":"image\/jpeg"}],"author":"moacir","twitter_card":"summary_large_image","twitter_misc":{"Escrito por":"moacir","Est. tempo de leitura":"2 minutos"},"schema":{"@context":"https:\/\/schema.org","@graph":[{"@type":"WebSite","@id":"https:\/\/franciscanos.org.br\/noticias\/#website","url":"https:\/\/franciscanos.org.br\/noticias\/","name":"Not\u00edcias - Franciscanos","description":"Prov\u00edncia Franciscana da Imaculada Concei\u00e7\u00e3o do Brasil - Ordem dos Frades Menores - OFM","potentialAction":[{"@type":"SearchAction","target":{"@type":"EntryPoint","urlTemplate":"https:\/\/franciscanos.org.br\/noticias\/?s={search_term_string}"},"query-input":"required name=search_term_string"}],"inLanguage":"pt-BR"},{"@type":"ImageObject","inLanguage":"pt-BR","@id":"https:\/\/franciscanos.org.br\/noticias\/papa-pede-a-cupula-da-amazonia-progresso-sustentavel.html#primaryimage","url":"https:\/\/franciscanos.org.br\/noticias\/wp-content\/uploads\/2023\/08\/audiencia_1008.jpg","contentUrl":"https:\/\/franciscanos.org.br\/noticias\/wp-content\/uploads\/2023\/08\/audiencia_1008.jpg","width":1280,"height":720},{"@type":"WebPage","@id":"https:\/\/franciscanos.org.br\/noticias\/papa-pede-a-cupula-da-amazonia-progresso-sustentavel.html#webpage","url":"https:\/\/franciscanos.org.br\/noticias\/papa-pede-a-cupula-da-amazonia-progresso-sustentavel.html","name":"Papa pede \u00e0 C\u00fapula da Amaz\u00f4nia progresso sustent\u00e1vel - Not\u00edcias - Franciscanos","isPartOf":{"@id":"https:\/\/franciscanos.org.br\/noticias\/#website"},"primaryImageOfPage":{"@id":"https:\/\/franciscanos.org.br\/noticias\/papa-pede-a-cupula-da-amazonia-progresso-sustentavel.html#primaryimage"},"datePublished":"2023-08-10T10:30:35+00:00","dateModified":"2023-08-10T10:30:35+00:00","author":{"@id":"https:\/\/franciscanos.org.br\/noticias\/#\/schema\/person\/b5c8cba458c330ccff548b056e95a5d4"},"breadcrumb":{"@id":"https:\/\/franciscanos.org.br\/noticias\/papa-pede-a-cupula-da-amazonia-progresso-sustentavel.html#breadcrumb"},"inLanguage":"pt-BR","potentialAction":[{"@type":"ReadAction","target":["https:\/\/franciscanos.org.br\/noticias\/papa-pede-a-cupula-da-amazonia-progresso-sustentavel.html"]}]},{"@type":"BreadcrumbList","@id":"https:\/\/franciscanos.org.br\/noticias\/papa-pede-a-cupula-da-amazonia-progresso-sustentavel.html#breadcrumb","itemListElement":[{"@type":"ListItem","position":1,"name":"Home","item":"https:\/\/franciscanos.org.br\/noticias"},{"@type":"ListItem","position":2,"name":"Papa pede \u00e0 C\u00fapula da Amaz\u00f4nia progresso sustent\u00e1vel"}]},{"@type":"Person","@id":"https:\/\/franciscanos.org.br\/noticias\/#\/schema\/person\/b5c8cba458c330ccff548b056e95a5d4","name":"moacir","image":{"@type":"ImageObject","inLanguage":"pt-BR","@id":"https:\/\/franciscanos.org.br\/noticias\/#\/schema\/person\/image\/","url":"https:\/\/secure.gravatar.com\/avatar\/d08aa2ce4c8dd416d4479aa8536fcf64?s=96&d=mm&r=g","contentUrl":"https:\/\/secure.gravatar.com\/avatar\/d08aa2ce4c8dd416d4479aa8536fcf64?s=96&d=mm&r=g","caption":"moacir"},"url":"https:\/\/franciscanos.org.br\/noticias\/author\/moacir"}]}},"_links":{"self":[{"href":"https:\/\/franciscanos.org.br\/noticias\/wp-json\/wp\/v2\/posts\/244454"}],"collection":[{"href":"https:\/\/franciscanos.org.br\/noticias\/wp-json\/wp\/v2\/posts"}],"about":[{"href":"https:\/\/franciscanos.org.br\/noticias\/wp-json\/wp\/v2\/types\/post"}],"author":[{"embeddable":true,"href":"https:\/\/franciscanos.org.br\/noticias\/wp-json\/wp\/v2\/users\/3"}],"replies":[{"embeddable":true,"href":"https:\/\/franciscanos.org.br\/noticias\/wp-json\/wp\/v2\/comments?post=244454"}],"version-history":[{"count":1,"href":"https:\/\/franciscanos.org.br\/noticias\/wp-json\/wp\/v2\/posts\/244454\/revisions"}],"predecessor-version":[{"id":244456,"href":"https:\/\/franciscanos.org.br\/noticias\/wp-json\/wp\/v2\/posts\/244454\/revisions\/244456"}],"wp:featuredmedia":[{"embeddable":true,"href":"https:\/\/franciscanos.org.br\/noticias\/wp-json\/wp\/v2\/media\/244455"}],"wp:attachment":[{"href":"https:\/\/franciscanos.org.br\/noticias\/wp-json\/wp\/v2\/media?parent=244454"}],"wp:term":[{"taxonomy":"category","embeddable":true,"href":"https:\/\/franciscanos.org.br\/noticias\/wp-json\/wp\/v2\/categories?post=244454"},{"taxonomy":"post_tag","embeddable":true,"href":"https:\/\/franciscanos.org.br\/noticias\/wp-json\/wp\/v2\/tags?post=244454"}],"curies":[{"name":"wp","href":"https:\/\/api.w.org\/{rel}","templated":true}]}}