{"id":244441,"date":"2023-08-08T13:34:45","date_gmt":"2023-08-08T16:34:45","guid":{"rendered":"https:\/\/franciscanos.org.br\/noticias\/?p=244441"},"modified":"2023-08-08T13:37:02","modified_gmt":"2023-08-08T16:37:02","slug":"convento-da-penha-por-um-transito-mais-humano-e-seguro-pedee-frei-djalmo-na-missa-pelas-vitimas-de-acidentes","status":"publish","type":"post","link":"https:\/\/franciscanos.org.br\/noticias\/convento-da-penha-por-um-transito-mais-humano-e-seguro-pedee-frei-djalmo-na-missa-pelas-vitimas-de-acidentes.html","title":{"rendered":"Convento da Penha: Por um tr\u00e2nsito mais humano e seguro, pede Frei Djalmo na Missa pelas v\u00edtimas de acidentes"},"content":{"rendered":"<p><img loading=\"lazy\" class=\"alignnone size-full wp-image-244443\" src=\"https:\/\/franciscanos.org.br\/noticias\/wp-content\/uploads\/2023\/08\/penha_0808.jpg\" alt=\"\" width=\"1280\" height=\"720\" srcset=\"https:\/\/franciscanos.org.br\/noticias\/wp-content\/uploads\/2023\/08\/penha_0808.jpg 1280w, https:\/\/franciscanos.org.br\/noticias\/wp-content\/uploads\/2023\/08\/penha_0808-450x253.jpg 450w, https:\/\/franciscanos.org.br\/noticias\/wp-content\/uploads\/2023\/08\/penha_0808-1024x576.jpg 1024w, https:\/\/franciscanos.org.br\/noticias\/wp-content\/uploads\/2023\/08\/penha_0808-768x432.jpg 768w, https:\/\/franciscanos.org.br\/noticias\/wp-content\/uploads\/2023\/08\/penha_0808-150x84.jpg 150w\" sizes=\"(max-width: 1280px) 100vw, 1280px\" \/><\/p>\n<p><strong>Vila Velha (ES) &#8211;<\/strong> Uma celebra\u00e7\u00e3o para fazer mem\u00f3ria de tantos homens e mulheres que perderam a vida nas estradas do pa\u00eds. Um encontro de f\u00e9 aos p\u00e9s da Padroeira. Uma express\u00e3o de amor e gratid\u00e3o pelo testemunho daqueles que vivenciaram na pele a dor da viol\u00eancia nas ruas e avenidas das cidades. Foi assim, motivados pela esperan\u00e7a, que milhares de fi\u00e9is participaram da 17\u00aa edi\u00e7\u00e3o da Missa em Mem\u00f3ria das V\u00edtimas de Tr\u00e2nsito, celebrada no Campinho do Convento da Penha em Vila Velha, ES. A celebra\u00e7\u00e3o Eucar\u00edstica foi presidida pelo Frei Djalmo Fuck, guardi\u00e3o e reitor do Santu\u00e1rio.<\/p>\n<p>O evento ainda marcou o Dia Estadual em Mem\u00f3ria das V\u00edtimas de Acidentes de Tr\u00e2nsito, institu\u00eddo para acontecer sempre no primeiro domingo de agosto, conforme a Lei Estadual n\u00ba 9.689\/2011, uma oportunidade de refor\u00e7ar a import\u00e2ncia da popula\u00e7\u00e3o refletir sobre a defesa de um tr\u00e2nsito seguro. Os acidentes de tr\u00e2nsito n\u00e3o escolhem suas v\u00edtimas. S\u00e3o crian\u00e7as, idosos, homens e mulheres, de todas as idades e classes sociais.<\/p>\n<p>No in\u00edcio, Frei Djalmo fez uma acolhida \u00e0s fam\u00edlias. \u201cEstamos na presen\u00e7a do Senhor e, sobretudo, na Casa da M\u00e3e do Senhor, a Virgem da Penha que nos acolhe, que nos carrega em seus bra\u00e7os, nos acalenta, nos sustenta e nos d\u00e1 for\u00e7as, quando acolhemos no Convento da Penha as fam\u00edlias que perderam seus entes queridos v\u00edtimas de acidentes de tr\u00e2nsito. S\u00e3o dezessete anos que n\u00f3s nos reunimos para lembrar aqueles que partiram\u201d, acolheu.<\/p>\n<p><img loading=\"lazy\" class=\"alignnone size-full wp-image-244444\" src=\"https:\/\/franciscanos.org.br\/noticias\/wp-content\/uploads\/2023\/08\/penha_02.jpg\" alt=\"\" width=\"1280\" height=\"853\" srcset=\"https:\/\/franciscanos.org.br\/noticias\/wp-content\/uploads\/2023\/08\/penha_02.jpg 1280w, https:\/\/franciscanos.org.br\/noticias\/wp-content\/uploads\/2023\/08\/penha_02-450x300.jpg 450w, https:\/\/franciscanos.org.br\/noticias\/wp-content\/uploads\/2023\/08\/penha_02-1024x682.jpg 1024w, https:\/\/franciscanos.org.br\/noticias\/wp-content\/uploads\/2023\/08\/penha_02-768x512.jpg 768w, https:\/\/franciscanos.org.br\/noticias\/wp-content\/uploads\/2023\/08\/penha_02-150x100.jpg 150w\" sizes=\"(max-width: 1280px) 100vw, 1280px\" \/><\/p>\n<p>Na homilia da Missa, o guardi\u00e3o afirmou que muitas trag\u00e9dias no tr\u00e2nsito acontecem pela imprud\u00eancia. \u201cA gente sabe, e nunca \u00e9 demais repetir, que existem acidentes e acidentes. Todos n\u00f3s estamos sujeitos a algum tipo de acidente, no sentido normal da palavra, \u00e9 uma fatalidade que a gente n\u00e3o pode prever. Mas existem tamb\u00e9m outros acidentes que poderiam ser evitados e como que evitamos? Quando a gente n\u00e3o bebe e assume a dire\u00e7\u00e3o\u2026 Quantas fam\u00edlias que perdem seus entes queridos v\u00edtimas do \u00e1lcool, da bebida no tr\u00e2nsito. A gente ouve todos os dias: \u2018dire\u00e7\u00e3o e \u00e1lcool n\u00e3o combinam\u2019, s\u00e3o fam\u00edlias que perdem seus familiares v\u00edtimas de acidentes provocados pelo \u00e1lcool, mas n\u00e3o s\u00f3 isso, existe tamb\u00e9m o descaso das nossas autoridades, daqueles que deveriam cuidar e zelar pelas nossas estradas, da sinaliza\u00e7\u00e3o, da ilumina\u00e7\u00e3o, o cuidado das nossas vias, para que a gente pudesse dirigir com mais seguran\u00e7a. Existem, ent\u00e3o, acidentes que s\u00e3o fatalidades e aqueles provocados pela nossa imprud\u00eancia, pelo descaso, pelo descuido\u201d, afirmou Frei Djalmo.<\/p>\n<p>Ele tamb\u00e9m destacou que \u00e9 preciso cobrar a\u00e7\u00f5es daqueles que t\u00eam o papel de promover um tr\u00e2nsito mais humano. \u201cNo tr\u00e2nsito tem a dire\u00e7\u00e3o defensiva, portanto, o tr\u00e2nsito \u00e9 conviv\u00eancia, ningu\u00e9m dirige sozinho, voc\u00ea precisa cuidar de si e cuidar do outro. Hoje n\u00f3s queremos nos unir a voc\u00eas que perderam seus entes queridos. Rezar por voc\u00eas que est\u00e3o tristes, enlutados e pedir que aquelas pessoas que agora est\u00e3o l\u00e1 no c\u00e9u, possam interceder por voc\u00eas. Ao mesmo tempo, queremos pedir tamb\u00e9m para aqueles que t\u00eam a miss\u00e3o t\u00e3o bonita de cuidar de um tr\u00e2nsito mais seguro, mais humano, mais cidad\u00e3o, possam exercer seu papel. Cuidar bem das nossas estradas, da sinaliza\u00e7\u00e3o, da ilumina\u00e7\u00e3o\u2026 E aqueles que fiscalizam tudo isso, sobretudo a pol\u00edcia, possam levar a s\u00e9rio tudo isso e punir aqueles que n\u00e3o cumprem o que deveriam fazer, que possam ser punidos. Que haja fiscaliza\u00e7\u00e3o em nossas estradas e quem dirige de forma desordenada, possa ser punido. Quem provocou algum tipo de acidente, com a inten\u00e7\u00e3o de provocar, que essa pessoa seja punida. N\u00f3s n\u00e3o merecemos o descaso, a injusti\u00e7a de n\u00e3o punir aqueles que provocam acidentes e tiram da nossa conviv\u00eancia pessoas que marcam nossas hist\u00f3rias e nossas vidas\u201d, falou o Guardi\u00e3o Frei Djalmo.<\/p>\n<p>Frei Djalmo tamb\u00e9m reafirmou o compromisso dos franciscanos e da Igreja Cat\u00f3lica com as preces aos enlutados. \u201cQueremos expressar nossa comunh\u00e3o com aqueles que perderam seus entes queridos v\u00edtimas de acidentes de tr\u00e2nsito&#8221;.<\/p>\n<p><img loading=\"lazy\" class=\"alignnone size-full wp-image-244442\" src=\"https:\/\/franciscanos.org.br\/noticias\/wp-content\/uploads\/2023\/08\/penha_03.jpg\" alt=\"\" width=\"1280\" height=\"823\" srcset=\"https:\/\/franciscanos.org.br\/noticias\/wp-content\/uploads\/2023\/08\/penha_03.jpg 1280w, https:\/\/franciscanos.org.br\/noticias\/wp-content\/uploads\/2023\/08\/penha_03-450x289.jpg 450w, https:\/\/franciscanos.org.br\/noticias\/wp-content\/uploads\/2023\/08\/penha_03-1024x658.jpg 1024w, https:\/\/franciscanos.org.br\/noticias\/wp-content\/uploads\/2023\/08\/penha_03-768x494.jpg 768w, https:\/\/franciscanos.org.br\/noticias\/wp-content\/uploads\/2023\/08\/penha_03-150x96.jpg 150w\" sizes=\"(max-width: 1280px) 100vw, 1280px\" \/><\/p>\n<h2>CELEBRA\u00c7\u00c3O DO PERD\u00c3O DE ASSIS<\/h2>\n<p>A Par\u00f3quia do Ros\u00e1rio e o Convento da Penha realizaram na sexta-feira (4\/8), a celebra\u00e7\u00e3o do Perd\u00e3o de Assis, com a caminhada penitencial luminosa at\u00e9 o Campinho e concess\u00e3o de Indulg\u00eancia Plen\u00e1ria. Tradicionalmente a festa franciscana em Vila Velha acontece sempre na sexta-feira pr\u00f3xima ao dia de Santa Maria dos Anjos (anualmente celebrada em 2 de agosto).<\/p>\n<p>A concentra\u00e7\u00e3o e acolhida aos fi\u00e9is aconteceu em frente \u00e0 Igreja Matriz de Nossa Senhora do Ros\u00e1rio, enquanto eram entoados cantos franciscanos, marianos e de reconcilia\u00e7\u00e3o. Todos foram recebidos por Frei Vanderlei Neves, P\u00e1roco da Par\u00f3quia Nossa Senhora do Ros\u00e1rio. \u201cA celebra\u00e7\u00e3o do Perd\u00e3o de Assis, que normalmente acontece na sexta-feira pr\u00f3xima ao dia 02 de agosto \u2013 Festa de Nossa Senhora dos Anjos, tornou-se tradicional para uma multid\u00e3o que anualmente se disp\u00f5e a rezar conosco. Todos que est\u00e3o aqui, que se reuniram para rezar e proclamar a sua f\u00e9, s\u00e3o agraciados com o dom de Deus. Dom que revigora em n\u00f3s a capacidade de recome\u00e7ar sempre de novo, dom que nos ergue do ch\u00e3o, dom que cura as nossas feridas, dom que ilumina as nossas vidas\u201d, animou Frei Vanderlei.<\/p>\n<p>Em seguida, frei Robson de Castro, da fraternidade do Convento fez a proclama\u00e7\u00e3o do Evangelho e uma breve reflex\u00e3o: \u201cO perd\u00e3o, de que S\u00e3o Francisco se fez \u00abcanal\u00bb l\u00e1 na igrejinha da Porci\u00fancula, continua ainda a \u00abgerar para\u00edso\u00bb depois de oito s\u00e9culos. Oferecer o testemunho da miseric\u00f3rdia, no mundo atual, \u00e9 uma tarefa a que nenhum de n\u00f3s pode subtrair-se&#8221;.<\/p>\n<hr \/>\n<p><em>Site Convento da Penha &#8211; <a href=\"http:\/\/www.conventodapenha.org.br\">www.conventodapenha.org.br<\/a><\/em><\/p>\n","protected":false},"excerpt":{"rendered":"<p>Convento da Penha<\/p>\n","protected":false},"author":3,"featured_media":244444,"comment_status":"open","ping_status":"open","sticky":false,"template":"","format":"standard","meta":[],"categories":[1],"tags":[248],"acf":[],"yoast_head":"<!-- This site is optimized with the Yoast SEO plugin v19.2 - https:\/\/yoast.com\/wordpress\/plugins\/seo\/ -->\n<title>Convento da Penha: Por um tr\u00e2nsito mais humano e seguro, pede Frei Djalmo na Missa pelas v\u00edtimas de acidentes - Not\u00edcias - Franciscanos<\/title>\n<meta name=\"robots\" content=\"index, follow, max-snippet:-1, max-image-preview:large, max-video-preview:-1\" \/>\n<link rel=\"canonical\" href=\"https:\/\/franciscanos.org.br\/noticias\/convento-da-penha-por-um-transito-mais-humano-e-seguro-pedee-frei-djalmo-na-missa-pelas-vitimas-de-acidentes.html\" \/>\n<meta property=\"og:locale\" content=\"pt_BR\" \/>\n<meta property=\"og:type\" content=\"article\" \/>\n<meta property=\"og:title\" content=\"Convento da Penha: Por um tr\u00e2nsito mais humano e seguro, pede Frei Djalmo na Missa pelas v\u00edtimas de acidentes - Not\u00edcias - Franciscanos\" \/>\n<meta property=\"og:description\" content=\"Convento da Penha\" \/>\n<meta property=\"og:url\" content=\"https:\/\/franciscanos.org.br\/noticias\/convento-da-penha-por-um-transito-mais-humano-e-seguro-pedee-frei-djalmo-na-missa-pelas-vitimas-de-acidentes.html\" \/>\n<meta property=\"og:site_name\" content=\"Not\u00edcias - Franciscanos\" \/>\n<meta property=\"article:published_time\" content=\"2023-08-08T16:34:45+00:00\" \/>\n<meta property=\"article:modified_time\" content=\"2023-08-08T16:37:02+00:00\" \/>\n<meta property=\"og:image\" content=\"https:\/\/franciscanos.org.br\/noticias\/wp-content\/uploads\/2023\/08\/penha_02.jpg\" \/>\n\t<meta property=\"og:image:width\" content=\"1280\" \/>\n\t<meta property=\"og:image:height\" content=\"853\" \/>\n\t<meta property=\"og:image:type\" content=\"image\/jpeg\" \/>\n<meta name=\"author\" content=\"moacir\" \/>\n<meta name=\"twitter:card\" content=\"summary_large_image\" \/>\n<meta name=\"twitter:label1\" content=\"Escrito por\" \/>\n\t<meta name=\"twitter:data1\" content=\"moacir\" \/>\n\t<meta name=\"twitter:label2\" content=\"Est. tempo de leitura\" \/>\n\t<meta name=\"twitter:data2\" content=\"5 minutos\" \/>\n<script type=\"application\/ld+json\" class=\"yoast-schema-graph\">{\"@context\":\"https:\/\/schema.org\",\"@graph\":[{\"@type\":\"WebSite\",\"@id\":\"https:\/\/franciscanos.org.br\/noticias\/#website\",\"url\":\"https:\/\/franciscanos.org.br\/noticias\/\",\"name\":\"Not\u00edcias - Franciscanos\",\"description\":\"Prov\u00edncia Franciscana da Imaculada Concei\u00e7\u00e3o do Brasil - Ordem dos Frades Menores - OFM\",\"potentialAction\":[{\"@type\":\"SearchAction\",\"target\":{\"@type\":\"EntryPoint\",\"urlTemplate\":\"https:\/\/franciscanos.org.br\/noticias\/?s={search_term_string}\"},\"query-input\":\"required name=search_term_string\"}],\"inLanguage\":\"pt-BR\"},{\"@type\":\"ImageObject\",\"inLanguage\":\"pt-BR\",\"@id\":\"https:\/\/franciscanos.org.br\/noticias\/convento-da-penha-por-um-transito-mais-humano-e-seguro-pedee-frei-djalmo-na-missa-pelas-vitimas-de-acidentes.html#primaryimage\",\"url\":\"https:\/\/franciscanos.org.br\/noticias\/wp-content\/uploads\/2023\/08\/penha_02.jpg\",\"contentUrl\":\"https:\/\/franciscanos.org.br\/noticias\/wp-content\/uploads\/2023\/08\/penha_02.jpg\",\"width\":1280,\"height\":853},{\"@type\":\"WebPage\",\"@id\":\"https:\/\/franciscanos.org.br\/noticias\/convento-da-penha-por-um-transito-mais-humano-e-seguro-pedee-frei-djalmo-na-missa-pelas-vitimas-de-acidentes.html#webpage\",\"url\":\"https:\/\/franciscanos.org.br\/noticias\/convento-da-penha-por-um-transito-mais-humano-e-seguro-pedee-frei-djalmo-na-missa-pelas-vitimas-de-acidentes.html\",\"name\":\"Convento da Penha: Por um tr\u00e2nsito mais humano e seguro, pede Frei Djalmo na Missa pelas v\u00edtimas de acidentes - Not\u00edcias - Franciscanos\",\"isPartOf\":{\"@id\":\"https:\/\/franciscanos.org.br\/noticias\/#website\"},\"primaryImageOfPage\":{\"@id\":\"https:\/\/franciscanos.org.br\/noticias\/convento-da-penha-por-um-transito-mais-humano-e-seguro-pedee-frei-djalmo-na-missa-pelas-vitimas-de-acidentes.html#primaryimage\"},\"datePublished\":\"2023-08-08T16:34:45+00:00\",\"dateModified\":\"2023-08-08T16:37:02+00:00\",\"author\":{\"@id\":\"https:\/\/franciscanos.org.br\/noticias\/#\/schema\/person\/b5c8cba458c330ccff548b056e95a5d4\"},\"breadcrumb\":{\"@id\":\"https:\/\/franciscanos.org.br\/noticias\/convento-da-penha-por-um-transito-mais-humano-e-seguro-pedee-frei-djalmo-na-missa-pelas-vitimas-de-acidentes.html#breadcrumb\"},\"inLanguage\":\"pt-BR\",\"potentialAction\":[{\"@type\":\"ReadAction\",\"target\":[\"https:\/\/franciscanos.org.br\/noticias\/convento-da-penha-por-um-transito-mais-humano-e-seguro-pedee-frei-djalmo-na-missa-pelas-vitimas-de-acidentes.html\"]}]},{\"@type\":\"BreadcrumbList\",\"@id\":\"https:\/\/franciscanos.org.br\/noticias\/convento-da-penha-por-um-transito-mais-humano-e-seguro-pedee-frei-djalmo-na-missa-pelas-vitimas-de-acidentes.html#breadcrumb\",\"itemListElement\":[{\"@type\":\"ListItem\",\"position\":1,\"name\":\"Home\",\"item\":\"https:\/\/franciscanos.org.br\/noticias\"},{\"@type\":\"ListItem\",\"position\":2,\"name\":\"Convento da Penha: Por um tr\u00e2nsito mais humano e seguro, pede Frei Djalmo na Missa pelas v\u00edtimas de acidentes\"}]},{\"@type\":\"Person\",\"@id\":\"https:\/\/franciscanos.org.br\/noticias\/#\/schema\/person\/b5c8cba458c330ccff548b056e95a5d4\",\"name\":\"moacir\",\"image\":{\"@type\":\"ImageObject\",\"inLanguage\":\"pt-BR\",\"@id\":\"https:\/\/franciscanos.org.br\/noticias\/#\/schema\/person\/image\/\",\"url\":\"https:\/\/secure.gravatar.com\/avatar\/d08aa2ce4c8dd416d4479aa8536fcf64?s=96&d=mm&r=g\",\"contentUrl\":\"https:\/\/secure.gravatar.com\/avatar\/d08aa2ce4c8dd416d4479aa8536fcf64?s=96&d=mm&r=g\",\"caption\":\"moacir\"},\"url\":\"https:\/\/franciscanos.org.br\/noticias\/author\/moacir\"}]}<\/script>\n<!-- \/ Yoast SEO plugin. -->","yoast_head_json":{"title":"Convento da Penha: Por um tr\u00e2nsito mais humano e seguro, pede Frei Djalmo na Missa pelas v\u00edtimas de acidentes - Not\u00edcias - Franciscanos","robots":{"index":"index","follow":"follow","max-snippet":"max-snippet:-1","max-image-preview":"max-image-preview:large","max-video-preview":"max-video-preview:-1"},"canonical":"https:\/\/franciscanos.org.br\/noticias\/convento-da-penha-por-um-transito-mais-humano-e-seguro-pedee-frei-djalmo-na-missa-pelas-vitimas-de-acidentes.html","og_locale":"pt_BR","og_type":"article","og_title":"Convento da Penha: Por um tr\u00e2nsito mais humano e seguro, pede Frei Djalmo na Missa pelas v\u00edtimas de acidentes - Not\u00edcias - Franciscanos","og_description":"Convento da Penha","og_url":"https:\/\/franciscanos.org.br\/noticias\/convento-da-penha-por-um-transito-mais-humano-e-seguro-pedee-frei-djalmo-na-missa-pelas-vitimas-de-acidentes.html","og_site_name":"Not\u00edcias - Franciscanos","article_published_time":"2023-08-08T16:34:45+00:00","article_modified_time":"2023-08-08T16:37:02+00:00","og_image":[{"width":1280,"height":853,"url":"https:\/\/franciscanos.org.br\/noticias\/wp-content\/uploads\/2023\/08\/penha_02.jpg","type":"image\/jpeg"}],"author":"moacir","twitter_card":"summary_large_image","twitter_misc":{"Escrito por":"moacir","Est. tempo de leitura":"5 minutos"},"schema":{"@context":"https:\/\/schema.org","@graph":[{"@type":"WebSite","@id":"https:\/\/franciscanos.org.br\/noticias\/#website","url":"https:\/\/franciscanos.org.br\/noticias\/","name":"Not\u00edcias - Franciscanos","description":"Prov\u00edncia Franciscana da Imaculada Concei\u00e7\u00e3o do Brasil - Ordem dos Frades Menores - OFM","potentialAction":[{"@type":"SearchAction","target":{"@type":"EntryPoint","urlTemplate":"https:\/\/franciscanos.org.br\/noticias\/?s={search_term_string}"},"query-input":"required name=search_term_string"}],"inLanguage":"pt-BR"},{"@type":"ImageObject","inLanguage":"pt-BR","@id":"https:\/\/franciscanos.org.br\/noticias\/convento-da-penha-por-um-transito-mais-humano-e-seguro-pedee-frei-djalmo-na-missa-pelas-vitimas-de-acidentes.html#primaryimage","url":"https:\/\/franciscanos.org.br\/noticias\/wp-content\/uploads\/2023\/08\/penha_02.jpg","contentUrl":"https:\/\/franciscanos.org.br\/noticias\/wp-content\/uploads\/2023\/08\/penha_02.jpg","width":1280,"height":853},{"@type":"WebPage","@id":"https:\/\/franciscanos.org.br\/noticias\/convento-da-penha-por-um-transito-mais-humano-e-seguro-pedee-frei-djalmo-na-missa-pelas-vitimas-de-acidentes.html#webpage","url":"https:\/\/franciscanos.org.br\/noticias\/convento-da-penha-por-um-transito-mais-humano-e-seguro-pedee-frei-djalmo-na-missa-pelas-vitimas-de-acidentes.html","name":"Convento da Penha: Por um tr\u00e2nsito mais humano e seguro, pede Frei Djalmo na Missa pelas v\u00edtimas de acidentes - Not\u00edcias - Franciscanos","isPartOf":{"@id":"https:\/\/franciscanos.org.br\/noticias\/#website"},"primaryImageOfPage":{"@id":"https:\/\/franciscanos.org.br\/noticias\/convento-da-penha-por-um-transito-mais-humano-e-seguro-pedee-frei-djalmo-na-missa-pelas-vitimas-de-acidentes.html#primaryimage"},"datePublished":"2023-08-08T16:34:45+00:00","dateModified":"2023-08-08T16:37:02+00:00","author":{"@id":"https:\/\/franciscanos.org.br\/noticias\/#\/schema\/person\/b5c8cba458c330ccff548b056e95a5d4"},"breadcrumb":{"@id":"https:\/\/franciscanos.org.br\/noticias\/convento-da-penha-por-um-transito-mais-humano-e-seguro-pedee-frei-djalmo-na-missa-pelas-vitimas-de-acidentes.html#breadcrumb"},"inLanguage":"pt-BR","potentialAction":[{"@type":"ReadAction","target":["https:\/\/franciscanos.org.br\/noticias\/convento-da-penha-por-um-transito-mais-humano-e-seguro-pedee-frei-djalmo-na-missa-pelas-vitimas-de-acidentes.html"]}]},{"@type":"BreadcrumbList","@id":"https:\/\/franciscanos.org.br\/noticias\/convento-da-penha-por-um-transito-mais-humano-e-seguro-pedee-frei-djalmo-na-missa-pelas-vitimas-de-acidentes.html#breadcrumb","itemListElement":[{"@type":"ListItem","position":1,"name":"Home","item":"https:\/\/franciscanos.org.br\/noticias"},{"@type":"ListItem","position":2,"name":"Convento da Penha: Por um tr\u00e2nsito mais humano e seguro, pede Frei Djalmo na Missa pelas v\u00edtimas de acidentes"}]},{"@type":"Person","@id":"https:\/\/franciscanos.org.br\/noticias\/#\/schema\/person\/b5c8cba458c330ccff548b056e95a5d4","name":"moacir","image":{"@type":"ImageObject","inLanguage":"pt-BR","@id":"https:\/\/franciscanos.org.br\/noticias\/#\/schema\/person\/image\/","url":"https:\/\/secure.gravatar.com\/avatar\/d08aa2ce4c8dd416d4479aa8536fcf64?s=96&d=mm&r=g","contentUrl":"https:\/\/secure.gravatar.com\/avatar\/d08aa2ce4c8dd416d4479aa8536fcf64?s=96&d=mm&r=g","caption":"moacir"},"url":"https:\/\/franciscanos.org.br\/noticias\/author\/moacir"}]}},"_links":{"self":[{"href":"https:\/\/franciscanos.org.br\/noticias\/wp-json\/wp\/v2\/posts\/244441"}],"collection":[{"href":"https:\/\/franciscanos.org.br\/noticias\/wp-json\/wp\/v2\/posts"}],"about":[{"href":"https:\/\/franciscanos.org.br\/noticias\/wp-json\/wp\/v2\/types\/post"}],"author":[{"embeddable":true,"href":"https:\/\/franciscanos.org.br\/noticias\/wp-json\/wp\/v2\/users\/3"}],"replies":[{"embeddable":true,"href":"https:\/\/franciscanos.org.br\/noticias\/wp-json\/wp\/v2\/comments?post=244441"}],"version-history":[{"count":4,"href":"https:\/\/franciscanos.org.br\/noticias\/wp-json\/wp\/v2\/posts\/244441\/revisions"}],"predecessor-version":[{"id":244448,"href":"https:\/\/franciscanos.org.br\/noticias\/wp-json\/wp\/v2\/posts\/244441\/revisions\/244448"}],"wp:featuredmedia":[{"embeddable":true,"href":"https:\/\/franciscanos.org.br\/noticias\/wp-json\/wp\/v2\/media\/244444"}],"wp:attachment":[{"href":"https:\/\/franciscanos.org.br\/noticias\/wp-json\/wp\/v2\/media?parent=244441"}],"wp:term":[{"taxonomy":"category","embeddable":true,"href":"https:\/\/franciscanos.org.br\/noticias\/wp-json\/wp\/v2\/categories?post=244441"},{"taxonomy":"post_tag","embeddable":true,"href":"https:\/\/franciscanos.org.br\/noticias\/wp-json\/wp\/v2\/tags?post=244441"}],"curies":[{"name":"wp","href":"https:\/\/api.w.org\/{rel}","templated":true}]}}