{"id":244435,"date":"2023-08-08T06:39:02","date_gmt":"2023-08-08T09:39:02","guid":{"rendered":"https:\/\/franciscanos.org.br\/noticias\/?p=244435"},"modified":"2023-08-08T06:39:11","modified_gmt":"2023-08-08T09:39:11","slug":"papa-aos-sacerdotes-trabalhar-com-os-leigos-e-tomar-cuidado-com-o-clericalismo","status":"publish","type":"post","link":"https:\/\/franciscanos.org.br\/noticias\/papa-aos-sacerdotes-trabalhar-com-os-leigos-e-tomar-cuidado-com-o-clericalismo.html","title":{"rendered":"Papa aos sacerdotes: trabalhar com os leigos e tomar cuidado com o clericalismo"},"content":{"rendered":"<div id=\"attachment_244436\" style=\"width: 1210px\" class=\"wp-caption alignnone\"><img aria-describedby=\"caption-attachment-244436\" loading=\"lazy\" class=\"wp-image-244436 size-full\" src=\"https:\/\/franciscanos.org.br\/noticias\/wp-content\/uploads\/2023\/08\/papa_sacerdotes.jpg\" alt=\"\" width=\"1200\" height=\"675\" srcset=\"https:\/\/franciscanos.org.br\/noticias\/wp-content\/uploads\/2023\/08\/papa_sacerdotes.jpg 1200w, https:\/\/franciscanos.org.br\/noticias\/wp-content\/uploads\/2023\/08\/papa_sacerdotes-450x253.jpg 450w, https:\/\/franciscanos.org.br\/noticias\/wp-content\/uploads\/2023\/08\/papa_sacerdotes-1024x576.jpg 1024w, https:\/\/franciscanos.org.br\/noticias\/wp-content\/uploads\/2023\/08\/papa_sacerdotes-768x432.jpg 768w, https:\/\/franciscanos.org.br\/noticias\/wp-content\/uploads\/2023\/08\/papa_sacerdotes-150x84.jpg 150w\" sizes=\"(max-width: 1200px) 100vw, 1200px\" \/><p id=\"caption-attachment-244436\" class=\"wp-caption-text\"><em>Imagem: Vatican Media<\/em><\/p><\/div>\n<p>O Papa Francisco enviou uma carta aos sacerdotes da Diocese de Roma, nesta segunda-feira (07\/08). Na missiva, o Pont\u00edfice renova o seu agradecimento aos sacerdotes pelo seu testemunho, pelo seu servi\u00e7o, pelo bem oculto que fazem, pelo perd\u00e3o e consolo que d\u00e3o em nome de Deus. &#8220;Obrigado pelo seu minist\u00e9rio, que muitas vezes se realiza no meio de tanto esfor\u00e7o, incompreens\u00e3o e pouco reconhecimento&#8221;, escreve ainda o Pont\u00edfice.<\/p>\n<p>Segundo o Papa, o &#8220;minist\u00e9rio sacerdotal n\u00e3o se mede pelos sucessos pastorais&#8221;. No centro da vida sacerdotal est\u00e1 &#8220;o permanecer no Senhor para dar frutos&#8221; e n\u00e3o &#8220;o frenesi da atividade&#8221;. &#8220;A ternura que nos consola brota da sua miseric\u00f3rdia, da acolhida do &#8220;magis&#8221; da sua gra\u00e7a, que nos permite ir adiante no trabalho apost\u00f3lico, suportar os reveses e fracassos, alegrar-nos com simplicidade de cora\u00e7\u00e3o, ser mansos e pacientes, e recome\u00e7ar sempre, estender as m\u00e3os aos outros&#8221;, ressalta.<\/p>\n<p>&#8220;Os nossos necess\u00e1rios &#8220;momentos de recarga&#8221; n\u00e3o ocorrem apenas quando descansamos fisicamente ou espiritualmente, mas tamb\u00e9m quando nos abrimos ao encontro fraterno entre n\u00f3s: a fraternidade conforta, oferece espa\u00e7os de liberdade interior e n\u00e3o nos faz sentir sozinhos diante dos desafios do minist\u00e9rio&#8221;, sublinha o Papa.<\/p>\n<p><strong>A mundanidade espiritual \u00e9 perigosa<\/strong><br \/>\n&#8220;Neste nosso tempo, o que nos pede o Senhor, para onde nos orienta o Esp\u00edrito que nos ungiu e nos enviou como ap\u00f3stolos do Evangelho?&#8221; &#8220;Na ora\u00e7\u00e3o, me vem \u00e0 mente: que Deus nos pede para ir fundo na luta contra a mundanidade espiritual&#8221;, ressalta.<\/p>\n<p>De acordo com o Papa, &#8220;a mundanidade espiritual \u00e9 perigosa porque \u00e9 um modo de vida que reduz a espiritualidade \u00e0 apar\u00eancia: nos leva a ser \u00abcomerciantes do esp\u00edrito\u00bb, homens vestidos de formas sagradas que, na realidade, continuam pensando e agindo segundo as modas do mundo. Isso acontece quando nos deixamos fascinar pelas sedu\u00e7\u00f5es do ef\u00eamero, pela mediocridade e pela rotina, pelas tenta\u00e7\u00f5es do poder e da influ\u00eancia social, da vangl\u00f3ria e do narcisismo, da intransig\u00eancia doutrinal e do esteticismo lit\u00fargico, formas e maneiras nas quais a mundanidade \u00abse esconde atr\u00e1s de apar\u00eancias de religiosidade e at\u00e9 de amor \u00e0 Igreja\u00bb, mas na realidade \u00abconsiste em buscar, em vez da gl\u00f3ria do Senhor, a gl\u00f3ria humana e o bem-estar pessoal\u00bb&#8221;.<\/p>\n<p>Ainda segundo Francisco, &#8220;a mundanidade espiritual \u00e9 uma tenta\u00e7\u00e3o &#8220;gentil&#8221; e por isso ainda mais insidiosa. Na verdade, ela se insinua sabendo se esconder bem atr\u00e1s das boas apar\u00eancias, at\u00e9 mesmo dentro de motiva\u00e7\u00f5es &#8220;religiosas&#8221;. E, mesmo que a reconhe\u00e7amos e a afastemos de n\u00f3s, mais cedo ou mais tarde ela volta disfar\u00e7ada de outro modo&#8221;.<\/p>\n<p>&#8220;Precisamos de vigil\u00e2ncia interior, de guardar a mente e o cora\u00e7\u00e3o, alimentar o fogo purificador do Esp\u00edrito dentro de n\u00f3s, porque as tenta\u00e7\u00f5es mundanas voltam e &#8220;batem&#8221; de maneira educada. \u00abS\u00e3o os &#8220;dem\u00f4nios educados&#8221;: entram educadamente, sem que eu perceba\u00bb&#8221;, escreve ainda o Papa.<\/p>\n<p><strong>Aten\u00e7\u00e3o a n\u00e3o cair no clericalismo<\/strong><br \/>\nA seguir, Francisco se det\u00e9m num aspecto desta mundanidade: o clericalismo. &#8220;Como idoso, e de cora\u00e7\u00e3o, digo a voc\u00eas que me preocupa quando reca\u00edmos nas formas do clericalismo; quando, talvez sem perceber, damos \u00e0s pessoas a impress\u00e3o de que somos superiores, privilegiados, colocados \u00abno alto\u00bb e, portanto, separados do resto do Povo santo de Deus&#8221;. &#8220;Como me escreveu uma vez um bom sacerdote: &#8220;O clericalismo \u00e9 um sintoma de uma vida sacerdotal e laical tentada a viver na fun\u00e7\u00e3o e n\u00e3o no v\u00ednculo real com Deus e com os irm\u00e3os&#8221;. Em suma, denota uma doen\u00e7a que nos faz perder a mem\u00f3ria do Batismo recebido, deixando em segundo plano a nossa perten\u00e7a ao mesmo Povo santo e levando-nos a viver a autoridade nas v\u00e1rias formas de poder, j\u00e1 n\u00e3o percebendo a duplicidade, sem humildade, mas com comportamentos distantes e soberbos&#8221;, frisa o Papa.<\/p>\n<p>&#8220;A preocupa\u00e7\u00e3o centra-se no &#8220;eu&#8221;: o pr\u00f3prio sustento, as pr\u00f3prias necessidades, o louvor recebido para si e n\u00e3o para a gl\u00f3ria de Deus. Isto acontece na vida de quem cai no clericalismo: perde o esp\u00edrito de louvor porque perdeu o sentido da gra\u00e7a, o estupor pela gratuidade com que Deus o ama, aquela confiante simplicidade de cora\u00e7\u00e3o que faz estender as m\u00e3os ao Senhor&#8221;, escreve Francisco na carta aos sacerdotes.<\/p>\n<p>A seguir, o Papa indicou &#8220;o ant\u00eddoto quotidiano contra a mundanidade e o clericalismo: olhar para Jesus crucificado, fixar todos os dias o olhar n&#8217;Aquele que se esvaziou e se humilhou at\u00e9 \u00e0 morte por n\u00f3s&#8221;.<\/p>\n<p>&#8220;Este \u00e9 o esp\u00edrito sacerdotal: fazer-nos servos do Povo de Deus e n\u00e3o senhores, lavar os p\u00e9s dos nossos irm\u00e3os e n\u00e3o esmag\u00e1-los debaixo dos nossos p\u00e9s. Portanto, permane\u00e7amos vigilantes em rela\u00e7\u00e3o ao clericalismo&#8221;, ressalta o Papa.<\/p>\n<p><strong>N\u00e3o assumir um &#8220;esp\u00edrito clerical&#8221;<\/strong><br \/>\nA seguir, Francisco recorda que &#8220;o clericalismo pode dizer respeito a todos, tamb\u00e9m aos leigos e aos agentes pastorais&#8221;. Segundo o Papa, &#8220;pode-se assumir um &#8220;esp\u00edrito clerical&#8221; no levar adiante minist\u00e9rios e carismas, vivendo de maneira elitista o pr\u00f3prio chamado, fechando-se no pr\u00f3prio grupo e erguendo muros para fora, desenvolvendo la\u00e7os possessivos em rela\u00e7\u00e3o aos pap\u00e9is na comunidade, cultivando atitudes presun\u00e7osas e arrogantes em rela\u00e7\u00e3o aos outros&#8221;.<\/p>\n<p>De acordo com o Papa, &#8220;os sintomas s\u00e3o a perda do esp\u00edrito de louvor e da gratuidade alegre, enquanto o diabo se insinua, alimentando lamentos, negatividade e insatisfa\u00e7\u00e3o cr\u00f4nica com o que est\u00e1 mal, ironia que se torna cinismo. Assim, nos deixamos absorver pelo clima de cr\u00edtica e raiva que se respira ao redor, ao inv\u00e9s de sermos aqueles que, com simplicidade e mansid\u00e3o evang\u00e9lica, com bondade e respeito, ajudam nossos irm\u00e3os e irm\u00e3s a sa\u00edrem das areias movedi\u00e7as da intoler\u00e2ncia&#8221;.<\/p>\n<p>&#8220;Vamos em frente com entusiasmo e coragem: trabalhemos juntos, entre sacerdotes e com os irm\u00e3os e irm\u00e3s leigos, iniciando formas e caminhos sinodais, que nos ajudem a despojar-nos de nossas seguran\u00e7as mundanas e &#8220;clericais&#8221; para buscar, humildemente, caminhos pastorais inspirados pelo Esp\u00edrito, para que a consola\u00e7\u00e3o do Senhor chegue realmente a todos&#8221;, conclui a carta do Papa.<\/p>\n<hr \/>\n<p><em>Fonte: Vatican News (texto de Mariangela Jaguraba)<\/em><\/p>\n","protected":false},"excerpt":{"rendered":"<p>Papa Francisco<\/p>\n","protected":false},"author":3,"featured_media":244436,"comment_status":"open","ping_status":"open","sticky":false,"template":"","format":"standard","meta":[],"categories":[1428],"tags":[55],"acf":[],"yoast_head":"<!-- This site is optimized with the Yoast SEO plugin v19.2 - https:\/\/yoast.com\/wordpress\/plugins\/seo\/ -->\n<title>Papa aos sacerdotes: trabalhar com os leigos e tomar cuidado com o clericalismo - Not\u00edcias - Franciscanos<\/title>\n<meta name=\"robots\" content=\"index, follow, max-snippet:-1, max-image-preview:large, max-video-preview:-1\" \/>\n<link rel=\"canonical\" href=\"https:\/\/franciscanos.org.br\/noticias\/papa-aos-sacerdotes-trabalhar-com-os-leigos-e-tomar-cuidado-com-o-clericalismo.html\" \/>\n<meta property=\"og:locale\" content=\"pt_BR\" \/>\n<meta property=\"og:type\" content=\"article\" \/>\n<meta property=\"og:title\" content=\"Papa aos sacerdotes: trabalhar com os leigos e tomar cuidado com o clericalismo - Not\u00edcias - Franciscanos\" \/>\n<meta property=\"og:description\" content=\"Papa Francisco\" \/>\n<meta property=\"og:url\" content=\"https:\/\/franciscanos.org.br\/noticias\/papa-aos-sacerdotes-trabalhar-com-os-leigos-e-tomar-cuidado-com-o-clericalismo.html\" \/>\n<meta property=\"og:site_name\" content=\"Not\u00edcias - Franciscanos\" \/>\n<meta property=\"article:published_time\" content=\"2023-08-08T09:39:02+00:00\" \/>\n<meta property=\"article:modified_time\" content=\"2023-08-08T09:39:11+00:00\" \/>\n<meta property=\"og:image\" content=\"https:\/\/franciscanos.org.br\/noticias\/wp-content\/uploads\/2023\/08\/papa_sacerdotes.jpg\" \/>\n\t<meta property=\"og:image:width\" content=\"1200\" \/>\n\t<meta property=\"og:image:height\" content=\"675\" \/>\n\t<meta property=\"og:image:type\" content=\"image\/jpeg\" \/>\n<meta name=\"author\" content=\"moacir\" \/>\n<meta name=\"twitter:card\" content=\"summary_large_image\" \/>\n<meta name=\"twitter:label1\" content=\"Escrito por\" \/>\n\t<meta name=\"twitter:data1\" content=\"moacir\" \/>\n\t<meta name=\"twitter:label2\" content=\"Est. tempo de leitura\" \/>\n\t<meta name=\"twitter:data2\" content=\"5 minutos\" \/>\n<script type=\"application\/ld+json\" class=\"yoast-schema-graph\">{\"@context\":\"https:\/\/schema.org\",\"@graph\":[{\"@type\":\"WebSite\",\"@id\":\"https:\/\/franciscanos.org.br\/noticias\/#website\",\"url\":\"https:\/\/franciscanos.org.br\/noticias\/\",\"name\":\"Not\u00edcias - Franciscanos\",\"description\":\"Prov\u00edncia Franciscana da Imaculada Concei\u00e7\u00e3o do Brasil - Ordem dos Frades Menores - OFM\",\"potentialAction\":[{\"@type\":\"SearchAction\",\"target\":{\"@type\":\"EntryPoint\",\"urlTemplate\":\"https:\/\/franciscanos.org.br\/noticias\/?s={search_term_string}\"},\"query-input\":\"required name=search_term_string\"}],\"inLanguage\":\"pt-BR\"},{\"@type\":\"ImageObject\",\"inLanguage\":\"pt-BR\",\"@id\":\"https:\/\/franciscanos.org.br\/noticias\/papa-aos-sacerdotes-trabalhar-com-os-leigos-e-tomar-cuidado-com-o-clericalismo.html#primaryimage\",\"url\":\"https:\/\/franciscanos.org.br\/noticias\/wp-content\/uploads\/2023\/08\/papa_sacerdotes.jpg\",\"contentUrl\":\"https:\/\/franciscanos.org.br\/noticias\/wp-content\/uploads\/2023\/08\/papa_sacerdotes.jpg\",\"width\":1200,\"height\":675},{\"@type\":\"WebPage\",\"@id\":\"https:\/\/franciscanos.org.br\/noticias\/papa-aos-sacerdotes-trabalhar-com-os-leigos-e-tomar-cuidado-com-o-clericalismo.html#webpage\",\"url\":\"https:\/\/franciscanos.org.br\/noticias\/papa-aos-sacerdotes-trabalhar-com-os-leigos-e-tomar-cuidado-com-o-clericalismo.html\",\"name\":\"Papa aos sacerdotes: trabalhar com os leigos e tomar cuidado com o clericalismo - Not\u00edcias - Franciscanos\",\"isPartOf\":{\"@id\":\"https:\/\/franciscanos.org.br\/noticias\/#website\"},\"primaryImageOfPage\":{\"@id\":\"https:\/\/franciscanos.org.br\/noticias\/papa-aos-sacerdotes-trabalhar-com-os-leigos-e-tomar-cuidado-com-o-clericalismo.html#primaryimage\"},\"datePublished\":\"2023-08-08T09:39:02+00:00\",\"dateModified\":\"2023-08-08T09:39:11+00:00\",\"author\":{\"@id\":\"https:\/\/franciscanos.org.br\/noticias\/#\/schema\/person\/b5c8cba458c330ccff548b056e95a5d4\"},\"breadcrumb\":{\"@id\":\"https:\/\/franciscanos.org.br\/noticias\/papa-aos-sacerdotes-trabalhar-com-os-leigos-e-tomar-cuidado-com-o-clericalismo.html#breadcrumb\"},\"inLanguage\":\"pt-BR\",\"potentialAction\":[{\"@type\":\"ReadAction\",\"target\":[\"https:\/\/franciscanos.org.br\/noticias\/papa-aos-sacerdotes-trabalhar-com-os-leigos-e-tomar-cuidado-com-o-clericalismo.html\"]}]},{\"@type\":\"BreadcrumbList\",\"@id\":\"https:\/\/franciscanos.org.br\/noticias\/papa-aos-sacerdotes-trabalhar-com-os-leigos-e-tomar-cuidado-com-o-clericalismo.html#breadcrumb\",\"itemListElement\":[{\"@type\":\"ListItem\",\"position\":1,\"name\":\"Home\",\"item\":\"https:\/\/franciscanos.org.br\/noticias\"},{\"@type\":\"ListItem\",\"position\":2,\"name\":\"Papa aos sacerdotes: trabalhar com os leigos e tomar cuidado com o clericalismo\"}]},{\"@type\":\"Person\",\"@id\":\"https:\/\/franciscanos.org.br\/noticias\/#\/schema\/person\/b5c8cba458c330ccff548b056e95a5d4\",\"name\":\"moacir\",\"image\":{\"@type\":\"ImageObject\",\"inLanguage\":\"pt-BR\",\"@id\":\"https:\/\/franciscanos.org.br\/noticias\/#\/schema\/person\/image\/\",\"url\":\"https:\/\/secure.gravatar.com\/avatar\/d08aa2ce4c8dd416d4479aa8536fcf64?s=96&d=mm&r=g\",\"contentUrl\":\"https:\/\/secure.gravatar.com\/avatar\/d08aa2ce4c8dd416d4479aa8536fcf64?s=96&d=mm&r=g\",\"caption\":\"moacir\"},\"url\":\"https:\/\/franciscanos.org.br\/noticias\/author\/moacir\"}]}<\/script>\n<!-- \/ Yoast SEO plugin. -->","yoast_head_json":{"title":"Papa aos sacerdotes: trabalhar com os leigos e tomar cuidado com o clericalismo - Not\u00edcias - Franciscanos","robots":{"index":"index","follow":"follow","max-snippet":"max-snippet:-1","max-image-preview":"max-image-preview:large","max-video-preview":"max-video-preview:-1"},"canonical":"https:\/\/franciscanos.org.br\/noticias\/papa-aos-sacerdotes-trabalhar-com-os-leigos-e-tomar-cuidado-com-o-clericalismo.html","og_locale":"pt_BR","og_type":"article","og_title":"Papa aos sacerdotes: trabalhar com os leigos e tomar cuidado com o clericalismo - Not\u00edcias - Franciscanos","og_description":"Papa Francisco","og_url":"https:\/\/franciscanos.org.br\/noticias\/papa-aos-sacerdotes-trabalhar-com-os-leigos-e-tomar-cuidado-com-o-clericalismo.html","og_site_name":"Not\u00edcias - Franciscanos","article_published_time":"2023-08-08T09:39:02+00:00","article_modified_time":"2023-08-08T09:39:11+00:00","og_image":[{"width":1200,"height":675,"url":"https:\/\/franciscanos.org.br\/noticias\/wp-content\/uploads\/2023\/08\/papa_sacerdotes.jpg","type":"image\/jpeg"}],"author":"moacir","twitter_card":"summary_large_image","twitter_misc":{"Escrito por":"moacir","Est. tempo de leitura":"5 minutos"},"schema":{"@context":"https:\/\/schema.org","@graph":[{"@type":"WebSite","@id":"https:\/\/franciscanos.org.br\/noticias\/#website","url":"https:\/\/franciscanos.org.br\/noticias\/","name":"Not\u00edcias - Franciscanos","description":"Prov\u00edncia Franciscana da Imaculada Concei\u00e7\u00e3o do Brasil - Ordem dos Frades Menores - OFM","potentialAction":[{"@type":"SearchAction","target":{"@type":"EntryPoint","urlTemplate":"https:\/\/franciscanos.org.br\/noticias\/?s={search_term_string}"},"query-input":"required name=search_term_string"}],"inLanguage":"pt-BR"},{"@type":"ImageObject","inLanguage":"pt-BR","@id":"https:\/\/franciscanos.org.br\/noticias\/papa-aos-sacerdotes-trabalhar-com-os-leigos-e-tomar-cuidado-com-o-clericalismo.html#primaryimage","url":"https:\/\/franciscanos.org.br\/noticias\/wp-content\/uploads\/2023\/08\/papa_sacerdotes.jpg","contentUrl":"https:\/\/franciscanos.org.br\/noticias\/wp-content\/uploads\/2023\/08\/papa_sacerdotes.jpg","width":1200,"height":675},{"@type":"WebPage","@id":"https:\/\/franciscanos.org.br\/noticias\/papa-aos-sacerdotes-trabalhar-com-os-leigos-e-tomar-cuidado-com-o-clericalismo.html#webpage","url":"https:\/\/franciscanos.org.br\/noticias\/papa-aos-sacerdotes-trabalhar-com-os-leigos-e-tomar-cuidado-com-o-clericalismo.html","name":"Papa aos sacerdotes: trabalhar com os leigos e tomar cuidado com o clericalismo - Not\u00edcias - Franciscanos","isPartOf":{"@id":"https:\/\/franciscanos.org.br\/noticias\/#website"},"primaryImageOfPage":{"@id":"https:\/\/franciscanos.org.br\/noticias\/papa-aos-sacerdotes-trabalhar-com-os-leigos-e-tomar-cuidado-com-o-clericalismo.html#primaryimage"},"datePublished":"2023-08-08T09:39:02+00:00","dateModified":"2023-08-08T09:39:11+00:00","author":{"@id":"https:\/\/franciscanos.org.br\/noticias\/#\/schema\/person\/b5c8cba458c330ccff548b056e95a5d4"},"breadcrumb":{"@id":"https:\/\/franciscanos.org.br\/noticias\/papa-aos-sacerdotes-trabalhar-com-os-leigos-e-tomar-cuidado-com-o-clericalismo.html#breadcrumb"},"inLanguage":"pt-BR","potentialAction":[{"@type":"ReadAction","target":["https:\/\/franciscanos.org.br\/noticias\/papa-aos-sacerdotes-trabalhar-com-os-leigos-e-tomar-cuidado-com-o-clericalismo.html"]}]},{"@type":"BreadcrumbList","@id":"https:\/\/franciscanos.org.br\/noticias\/papa-aos-sacerdotes-trabalhar-com-os-leigos-e-tomar-cuidado-com-o-clericalismo.html#breadcrumb","itemListElement":[{"@type":"ListItem","position":1,"name":"Home","item":"https:\/\/franciscanos.org.br\/noticias"},{"@type":"ListItem","position":2,"name":"Papa aos sacerdotes: trabalhar com os leigos e tomar cuidado com o clericalismo"}]},{"@type":"Person","@id":"https:\/\/franciscanos.org.br\/noticias\/#\/schema\/person\/b5c8cba458c330ccff548b056e95a5d4","name":"moacir","image":{"@type":"ImageObject","inLanguage":"pt-BR","@id":"https:\/\/franciscanos.org.br\/noticias\/#\/schema\/person\/image\/","url":"https:\/\/secure.gravatar.com\/avatar\/d08aa2ce4c8dd416d4479aa8536fcf64?s=96&d=mm&r=g","contentUrl":"https:\/\/secure.gravatar.com\/avatar\/d08aa2ce4c8dd416d4479aa8536fcf64?s=96&d=mm&r=g","caption":"moacir"},"url":"https:\/\/franciscanos.org.br\/noticias\/author\/moacir"}]}},"_links":{"self":[{"href":"https:\/\/franciscanos.org.br\/noticias\/wp-json\/wp\/v2\/posts\/244435"}],"collection":[{"href":"https:\/\/franciscanos.org.br\/noticias\/wp-json\/wp\/v2\/posts"}],"about":[{"href":"https:\/\/franciscanos.org.br\/noticias\/wp-json\/wp\/v2\/types\/post"}],"author":[{"embeddable":true,"href":"https:\/\/franciscanos.org.br\/noticias\/wp-json\/wp\/v2\/users\/3"}],"replies":[{"embeddable":true,"href":"https:\/\/franciscanos.org.br\/noticias\/wp-json\/wp\/v2\/comments?post=244435"}],"version-history":[{"count":1,"href":"https:\/\/franciscanos.org.br\/noticias\/wp-json\/wp\/v2\/posts\/244435\/revisions"}],"predecessor-version":[{"id":244437,"href":"https:\/\/franciscanos.org.br\/noticias\/wp-json\/wp\/v2\/posts\/244435\/revisions\/244437"}],"wp:featuredmedia":[{"embeddable":true,"href":"https:\/\/franciscanos.org.br\/noticias\/wp-json\/wp\/v2\/media\/244436"}],"wp:attachment":[{"href":"https:\/\/franciscanos.org.br\/noticias\/wp-json\/wp\/v2\/media?parent=244435"}],"wp:term":[{"taxonomy":"category","embeddable":true,"href":"https:\/\/franciscanos.org.br\/noticias\/wp-json\/wp\/v2\/categories?post=244435"},{"taxonomy":"post_tag","embeddable":true,"href":"https:\/\/franciscanos.org.br\/noticias\/wp-json\/wp\/v2\/tags?post=244435"}],"curies":[{"name":"wp","href":"https:\/\/api.w.org\/{rel}","templated":true}]}}