{"id":244431,"date":"2023-08-10T07:47:41","date_gmt":"2023-08-10T10:47:41","guid":{"rendered":"https:\/\/franciscanos.org.br\/noticias\/?p=244431"},"modified":"2023-08-10T07:52:16","modified_gmt":"2023-08-10T10:52:16","slug":"boladapaz","status":"publish","type":"post","link":"https:\/\/franciscanos.org.br\/noticias\/boladapaz.html","title":{"rendered":"Frei F\u00e1bio Jos\u00e9 apresenta o Projeto Bola da Paz"},"content":{"rendered":"<div id=\"attachment_244457\" style=\"width: 1290px\" class=\"wp-caption alignnone\"><img aria-describedby=\"caption-attachment-244457\" loading=\"lazy\" class=\"wp-image-244457 size-full\" src=\"https:\/\/franciscanos.org.br\/noticias\/wp-content\/uploads\/2023\/08\/fabio-1280x.jpg\" alt=\"\" width=\"1280\" height=\"720\" srcset=\"https:\/\/franciscanos.org.br\/noticias\/wp-content\/uploads\/2023\/08\/fabio-1280x.jpg 1280w, https:\/\/franciscanos.org.br\/noticias\/wp-content\/uploads\/2023\/08\/fabio-1280x-450x253.jpg 450w, https:\/\/franciscanos.org.br\/noticias\/wp-content\/uploads\/2023\/08\/fabio-1280x-1024x576.jpg 1024w, https:\/\/franciscanos.org.br\/noticias\/wp-content\/uploads\/2023\/08\/fabio-1280x-768x432.jpg 768w, https:\/\/franciscanos.org.br\/noticias\/wp-content\/uploads\/2023\/08\/fabio-1280x-150x84.jpg 150w\" sizes=\"(max-width: 1280px) 100vw, 1280px\" \/><p id=\"caption-attachment-244457\" class=\"wp-caption-text\"><em>Frei F\u00e1bio (no centro da foto) \u00e9 mission\u00e1rio em Angola<\/em><\/p><\/div>\n<p><em>Frei F\u00e1bio Jos\u00e9 Gomes apresenta nesta entrevista o Projeto Bola da Paz, resgatando um pouco da sua hist\u00f3ria, que come\u00e7ou em 2010 em Viana, regi\u00e3o metropolitana de Luanda (capital da Angola). A Funda\u00e7\u00e3o Imaculada M\u00e3e de Deus de Angola (FIMDA) era presidida pelo Frei Angelo Jos\u00e9 Luiz, que j\u00e1 estava h\u00e1 mais de 10 anos no pa\u00eds. A Funda\u00e7\u00e3o conta com um campo de futebol e uma quadra para a pr\u00e1tica de outros esportes. Neste local come\u00e7ou a ser desenvolvido o Projeto Bola da Paz.<\/em><\/p>\n<p><em>Frei F\u00e1bio \u00e9 natural do Rio de Janeiro (RJ), onde nasceu no dia 3 de outubro de 1979. Vestiu o h\u00e1bito franciscano no dia 12 de janeiro de 2007 e fez a primeira Profiss\u00e3o na Ordem dos Frades Menores em 3 de janeiro de 2008. Sua Profiss\u00e3o solene fez em 6 de dezembro de 2014.<\/em><\/p>\n<p><strong>Site Franciscanos<\/strong> \u2013 <em>Como nasceu o Projeto Bola da Paz?<\/em><\/p>\n<p><strong>Frei F\u00e1bio<\/strong> \u2013 O in\u00edcio do projeto Bola da Paz foi em 2010, com o apoio do ent\u00e3o presidente da Funda\u00e7\u00e3o, Frei Angelo Jos\u00e9 Luiz. Na \u00e9poca, foi muito importante a ajuda do leigo mission\u00e1rio Douglas Strelow. O nome foi escolhido num momento prop\u00edcio porque a paz, t\u00e3o necess\u00e1ria na reconstru\u00e7\u00e3o do pa\u00eds naquela \u00e9poca, \u00e9 tamb\u00e9m elemento essencial do carisma franciscano e da vida crist\u00e3. S\u00e3o Francisco de Assis foi o arauto da paz, um mensageiro da paz, que gostava de saudar com \u201cPaz e Bem\u201d, e se dirigia a todos, especialmente nos documentos, com a sauda\u00e7\u00e3o: \u201cO Senhor te d\u00ea a paz\u201d. Em Angola, vivia-se o tempo do acordo de paz de 4 de abril de 2002 [Angola viveu d\u00e9cadas da sua hist\u00f3ria em guerra \u2013 de 1961 a 1974 contra o poder colonial portugu\u00eas e a partir de 1975 uma guerra civil. Em 2002, a guerra civil chegou ao fim]. O projeto quer ser espa\u00e7o de paz na pr\u00e1tica do esporte.<\/p>\n<p><strong>Site Franciscanos<\/strong><em>\u2013 Qual o objetivo principal deste projeto?<\/em><\/p>\n<p><strong>Frei F\u00e1bio<\/strong> \u2013 O objetivo desse projeto \u00e9 ser espa\u00e7o de acolhida para crian\u00e7as e adolescentes, dos 7 aos 14 anos, fora do per\u00edodo escolar, oferecendo o esporte como suporte educacional. Al\u00e9m disso, proporcionar uma cultura da paz e de reconcilia\u00e7\u00e3o atrav\u00e9s da tradi\u00e7\u00e3o crist\u00e3 e franciscana, de valores como fraternidade, amor, uni\u00e3o, solidariedade. Al\u00e9m disso, nesse espa\u00e7o do projeto \u201cBola da Paz\u201d, as crian\u00e7as est\u00e3o longe da delinqu\u00eancia.<\/p>\n<p><strong>Site Franciscanos <\/strong>\u2013 <em>Hoje quantas crian\u00e7as participam deste projeto?<\/em><\/p>\n<p><strong>Frei F\u00e1bio<\/strong> \u2013 Entre 45 a 50 crian\u00e7as aproximadamente.<\/p>\n<p><strong>Site Franciscanos <\/strong><em>\u2013 H\u00e1 quanto tempo voc\u00ea est\u00e1 neste projeto?<\/em><\/p>\n<p><strong>Frei F\u00e1bio<\/strong> \u2013 A primeira vez foi em 2011 quando vim fazer a experi\u00eancia mission\u00e1ria em Angola, depois de estudar Filosofia e pude contribuir com esse projeto naquele ano. Regressei para Angola em 2017 ap\u00f3s concluir o curso de Teologia. Recentemente, depois do Cap\u00edtulo da FIMDA de 2021, fui nomeado pelo Definit\u00f3rio provincial, em agosto de 2022, para prestar esse servi\u00e7o junto com Frei Ermelindo Francisco Bambi.<\/p>\n<p><strong>Site Franciscanos <\/strong><em>\u2013 O que o levou a ser franciscano?<\/em><\/p>\n<p><strong>Frei F\u00e1bio<\/strong> \u2013 O que me levou a ser franciscano foi o estilo de vida simples, a alegria contagiante de S\u00e3o Francisco de Assis, o amor ao Evangelho e \u00e0s criaturas, a vida em fraternidade.<\/p>\n<p><strong>Site Franciscanos <\/strong><em>\u2013 E como se deu o seu discernimento vocacional?<\/em><\/p>\n<p><strong>Fre F\u00e1bio<\/strong> \u2013 Nasci em fam\u00edlia cat\u00f3lica, sempre participando das missas, catequese, festas da par\u00f3quia. Passei a fazer parte do grupo da juventude aos 20 anos. Em 2001 fui convidado para fazer um retiro de jovens com a dura\u00e7\u00e3o de tr\u00eas dias e aqueles dias mudaram tudo. Nesse retiro fiz uma experi\u00eancia de Deus. Voltei do retiro empolgado e tentando perceber a vida crist\u00e3 na minha vida. Os dias passaram e fui me envolvendo mais com as atividades da Igreja, do grupo de jovens. Esse envolvimento me cativou. O encontro com Cristo foi tranformador e toda essa viv\u00eancia foi me dando a clareza e me ajudou no discernimento vocacional. Quando li o livro \u201cFrancisco, o irm\u00e3o sempre alegre\u201d, me identifiquei, me empolguei. Ent\u00e3o, em 2004, iniciei o acompanhamento vocacional no Convento Santo Ant\u00f4nio no Rio de Janeiro. Ingressei no Aspirantado S\u00e3o Francisco de Assis, em Ituporanga (SC), em 2005.<\/p>\n<p><strong>Site Franciscanos <\/strong> <em>\u2013 Como voc\u00ea v\u00ea o futuro da Miss\u00e3o de Angola?<\/em><\/p>\n<p><strong>Frei F\u00e1bio<\/strong> \u2013 Vejo com otimismo, pois esta miss\u00e3o \u00e9 de Deus, ele \u00e9 quem conduz, guia e ampara os irm\u00e3os que aqui vivem, doando-se pela evangeliza\u00e7\u00e3o, anunciando Jesus Cristo, pois sem Ele nada podemos fazer. Como Entidade jovem e com jovens que querem seguir a vida Franciscana teremos um futuro bom, n\u00e3o pela quantidade, mais pela entrega e doa\u00e7\u00e3o de cada irm\u00e3o.<\/p>\n<p><strong>Site Franciscanos <\/strong><em>\u2013 Como voc\u00ea animaria uma pessoa leiga ou frade a ser mission\u00e1rio em Angola?<\/em><\/p>\n<p><strong>Frei F\u00e1bio<\/strong> \u2013 A experi\u00eancia mission\u00e1ria n\u00e3o \u00e9 igual para todos, mas \u00e9 uma grande aventura, \u00e9 um constante lan\u00e7ar-se, deixar-se enviar por Deus e ir com alegria, lembrando que miss\u00e3o n\u00e3o \u00e9 \u201cdevorar\u201d quil\u00f4metros, como dizia Dom H\u00e9lder C\u00e2mara. Diante disso, \u00e9 poss\u00edvel convidar frades ou leigos e dizer: venham, com alegria, deixem-se ser enviados pelo Senhor e confiem Nele. N\u00e3o ser\u00e1 f\u00e1cil, mas valer\u00e1 muito a pena pela entrega, doa\u00e7\u00e3o e servi\u00e7o a Deus e aos irm\u00e3os.<\/p>\n<p><strong>Site Franciscanos <\/strong><em>&#8211; Francisco e Clara de Assis t\u00eam espa\u00e7o entre os jovens hoje?<\/em><\/p>\n<p><strong>Frei F\u00e1bio<\/strong> &#8211; Claro que t\u00eam. S\u00e3o Francisco e Santa Clara s\u00e3o inspira\u00e7\u00f5es para os jovens de ontem e de hoje. Esses grandes Santos da hist\u00f3ria da Igreja ultrapassam os anos e s\u00e9culos, suas refer\u00eancias de vida s\u00e3o atemporais. Eu me inspirei em S\u00e3o Francisco, a minha juventude teve espa\u00e7o para S\u00e3o Francisco e Santa Clara, por isso, tamb\u00e9m hoje tem espa\u00e7o para eles. Suas vidas s\u00e3o profundas, eles fizeram o encontro com o Senhor, encontro que transforma, o interior e exterior, e assim puderam ver Deus com os \u201colhos do Esp\u00edrito\u201d. Desse modo, S\u00e3o Francisco e SantaClara s\u00e3o luzes para os passos no caminho dos jovens de hoje.<\/p>\n<hr \/>\n<p><em>Moacir Beggo<\/em><\/p>\n","protected":false},"excerpt":{"rendered":"<p>Entrevista<\/p>\n","protected":false},"author":7,"featured_media":244432,"comment_status":"open","ping_status":"open","sticky":false,"template":"","format":"standard","meta":[],"categories":[758,1],"tags":[360],"acf":[],"yoast_head":"<!-- This site is optimized with the Yoast SEO plugin v19.2 - https:\/\/yoast.com\/wordpress\/plugins\/seo\/ -->\n<title>Frei F\u00e1bio Jos\u00e9 apresenta o Projeto Bola da Paz - Not\u00edcias - Franciscanos<\/title>\n<meta name=\"robots\" content=\"index, follow, max-snippet:-1, max-image-preview:large, max-video-preview:-1\" \/>\n<link rel=\"canonical\" href=\"https:\/\/franciscanos.org.br\/noticias\/boladapaz.html\" \/>\n<meta property=\"og:locale\" content=\"pt_BR\" \/>\n<meta property=\"og:type\" content=\"article\" \/>\n<meta property=\"og:title\" content=\"Frei F\u00e1bio Jos\u00e9 apresenta o Projeto Bola da Paz - Not\u00edcias - Franciscanos\" \/>\n<meta property=\"og:description\" content=\"Entrevista\" \/>\n<meta property=\"og:url\" content=\"https:\/\/franciscanos.org.br\/noticias\/boladapaz.html\" \/>\n<meta property=\"og:site_name\" content=\"Not\u00edcias - Franciscanos\" \/>\n<meta property=\"article:published_time\" content=\"2023-08-10T10:47:41+00:00\" \/>\n<meta property=\"article:modified_time\" content=\"2023-08-10T10:52:16+00:00\" \/>\n<meta property=\"og:image\" content=\"https:\/\/franciscanos.org.br\/noticias\/wp-content\/uploads\/2023\/08\/fabio-800.jpg\" \/>\n\t<meta property=\"og:image:width\" content=\"800\" \/>\n\t<meta property=\"og:image:height\" content=\"549\" \/>\n\t<meta property=\"og:image:type\" content=\"image\/jpeg\" \/>\n<meta name=\"author\" content=\"jovenal\" \/>\n<meta name=\"twitter:card\" content=\"summary_large_image\" \/>\n<meta name=\"twitter:label1\" content=\"Escrito por\" \/>\n\t<meta name=\"twitter:data1\" content=\"jovenal\" \/>\n\t<meta name=\"twitter:label2\" content=\"Est. tempo de leitura\" \/>\n\t<meta name=\"twitter:data2\" content=\"5 minutos\" \/>\n<script type=\"application\/ld+json\" class=\"yoast-schema-graph\">{\"@context\":\"https:\/\/schema.org\",\"@graph\":[{\"@type\":\"WebSite\",\"@id\":\"https:\/\/franciscanos.org.br\/noticias\/#website\",\"url\":\"https:\/\/franciscanos.org.br\/noticias\/\",\"name\":\"Not\u00edcias - Franciscanos\",\"description\":\"Prov\u00edncia Franciscana da Imaculada Concei\u00e7\u00e3o do Brasil - Ordem dos Frades Menores - OFM\",\"potentialAction\":[{\"@type\":\"SearchAction\",\"target\":{\"@type\":\"EntryPoint\",\"urlTemplate\":\"https:\/\/franciscanos.org.br\/noticias\/?s={search_term_string}\"},\"query-input\":\"required name=search_term_string\"}],\"inLanguage\":\"pt-BR\"},{\"@type\":\"ImageObject\",\"inLanguage\":\"pt-BR\",\"@id\":\"https:\/\/franciscanos.org.br\/noticias\/boladapaz.html#primaryimage\",\"url\":\"https:\/\/franciscanos.org.br\/noticias\/wp-content\/uploads\/2023\/08\/fabio-800.jpg\",\"contentUrl\":\"https:\/\/franciscanos.org.br\/noticias\/wp-content\/uploads\/2023\/08\/fabio-800.jpg\",\"width\":800,\"height\":549},{\"@type\":\"WebPage\",\"@id\":\"https:\/\/franciscanos.org.br\/noticias\/boladapaz.html#webpage\",\"url\":\"https:\/\/franciscanos.org.br\/noticias\/boladapaz.html\",\"name\":\"Frei F\u00e1bio Jos\u00e9 apresenta o Projeto Bola da Paz - Not\u00edcias - Franciscanos\",\"isPartOf\":{\"@id\":\"https:\/\/franciscanos.org.br\/noticias\/#website\"},\"primaryImageOfPage\":{\"@id\":\"https:\/\/franciscanos.org.br\/noticias\/boladapaz.html#primaryimage\"},\"datePublished\":\"2023-08-10T10:47:41+00:00\",\"dateModified\":\"2023-08-10T10:52:16+00:00\",\"author\":{\"@id\":\"https:\/\/franciscanos.org.br\/noticias\/#\/schema\/person\/c3a26b08313dd1772495ce300ab257cc\"},\"breadcrumb\":{\"@id\":\"https:\/\/franciscanos.org.br\/noticias\/boladapaz.html#breadcrumb\"},\"inLanguage\":\"pt-BR\",\"potentialAction\":[{\"@type\":\"ReadAction\",\"target\":[\"https:\/\/franciscanos.org.br\/noticias\/boladapaz.html\"]}]},{\"@type\":\"BreadcrumbList\",\"@id\":\"https:\/\/franciscanos.org.br\/noticias\/boladapaz.html#breadcrumb\",\"itemListElement\":[{\"@type\":\"ListItem\",\"position\":1,\"name\":\"Home\",\"item\":\"https:\/\/franciscanos.org.br\/noticias\"},{\"@type\":\"ListItem\",\"position\":2,\"name\":\"Frei F\u00e1bio Jos\u00e9 apresenta o Projeto Bola da Paz\"}]},{\"@type\":\"Person\",\"@id\":\"https:\/\/franciscanos.org.br\/noticias\/#\/schema\/person\/c3a26b08313dd1772495ce300ab257cc\",\"name\":\"jovenal\",\"image\":{\"@type\":\"ImageObject\",\"inLanguage\":\"pt-BR\",\"@id\":\"https:\/\/franciscanos.org.br\/noticias\/#\/schema\/person\/image\/\",\"url\":\"https:\/\/secure.gravatar.com\/avatar\/e94509f531086e2eaf97e72f29ea00f9?s=96&d=mm&r=g\",\"contentUrl\":\"https:\/\/secure.gravatar.com\/avatar\/e94509f531086e2eaf97e72f29ea00f9?s=96&d=mm&r=g\",\"caption\":\"jovenal\"},\"url\":\"https:\/\/franciscanos.org.br\/noticias\/author\/jovenal\"}]}<\/script>\n<!-- \/ Yoast SEO plugin. -->","yoast_head_json":{"title":"Frei F\u00e1bio Jos\u00e9 apresenta o Projeto Bola da Paz - Not\u00edcias - Franciscanos","robots":{"index":"index","follow":"follow","max-snippet":"max-snippet:-1","max-image-preview":"max-image-preview:large","max-video-preview":"max-video-preview:-1"},"canonical":"https:\/\/franciscanos.org.br\/noticias\/boladapaz.html","og_locale":"pt_BR","og_type":"article","og_title":"Frei F\u00e1bio Jos\u00e9 apresenta o Projeto Bola da Paz - Not\u00edcias - Franciscanos","og_description":"Entrevista","og_url":"https:\/\/franciscanos.org.br\/noticias\/boladapaz.html","og_site_name":"Not\u00edcias - Franciscanos","article_published_time":"2023-08-10T10:47:41+00:00","article_modified_time":"2023-08-10T10:52:16+00:00","og_image":[{"width":800,"height":549,"url":"https:\/\/franciscanos.org.br\/noticias\/wp-content\/uploads\/2023\/08\/fabio-800.jpg","type":"image\/jpeg"}],"author":"jovenal","twitter_card":"summary_large_image","twitter_misc":{"Escrito por":"jovenal","Est. tempo de leitura":"5 minutos"},"schema":{"@context":"https:\/\/schema.org","@graph":[{"@type":"WebSite","@id":"https:\/\/franciscanos.org.br\/noticias\/#website","url":"https:\/\/franciscanos.org.br\/noticias\/","name":"Not\u00edcias - Franciscanos","description":"Prov\u00edncia Franciscana da Imaculada Concei\u00e7\u00e3o do Brasil - Ordem dos Frades Menores - OFM","potentialAction":[{"@type":"SearchAction","target":{"@type":"EntryPoint","urlTemplate":"https:\/\/franciscanos.org.br\/noticias\/?s={search_term_string}"},"query-input":"required name=search_term_string"}],"inLanguage":"pt-BR"},{"@type":"ImageObject","inLanguage":"pt-BR","@id":"https:\/\/franciscanos.org.br\/noticias\/boladapaz.html#primaryimage","url":"https:\/\/franciscanos.org.br\/noticias\/wp-content\/uploads\/2023\/08\/fabio-800.jpg","contentUrl":"https:\/\/franciscanos.org.br\/noticias\/wp-content\/uploads\/2023\/08\/fabio-800.jpg","width":800,"height":549},{"@type":"WebPage","@id":"https:\/\/franciscanos.org.br\/noticias\/boladapaz.html#webpage","url":"https:\/\/franciscanos.org.br\/noticias\/boladapaz.html","name":"Frei F\u00e1bio Jos\u00e9 apresenta o Projeto Bola da Paz - Not\u00edcias - Franciscanos","isPartOf":{"@id":"https:\/\/franciscanos.org.br\/noticias\/#website"},"primaryImageOfPage":{"@id":"https:\/\/franciscanos.org.br\/noticias\/boladapaz.html#primaryimage"},"datePublished":"2023-08-10T10:47:41+00:00","dateModified":"2023-08-10T10:52:16+00:00","author":{"@id":"https:\/\/franciscanos.org.br\/noticias\/#\/schema\/person\/c3a26b08313dd1772495ce300ab257cc"},"breadcrumb":{"@id":"https:\/\/franciscanos.org.br\/noticias\/boladapaz.html#breadcrumb"},"inLanguage":"pt-BR","potentialAction":[{"@type":"ReadAction","target":["https:\/\/franciscanos.org.br\/noticias\/boladapaz.html"]}]},{"@type":"BreadcrumbList","@id":"https:\/\/franciscanos.org.br\/noticias\/boladapaz.html#breadcrumb","itemListElement":[{"@type":"ListItem","position":1,"name":"Home","item":"https:\/\/franciscanos.org.br\/noticias"},{"@type":"ListItem","position":2,"name":"Frei F\u00e1bio Jos\u00e9 apresenta o Projeto Bola da Paz"}]},{"@type":"Person","@id":"https:\/\/franciscanos.org.br\/noticias\/#\/schema\/person\/c3a26b08313dd1772495ce300ab257cc","name":"jovenal","image":{"@type":"ImageObject","inLanguage":"pt-BR","@id":"https:\/\/franciscanos.org.br\/noticias\/#\/schema\/person\/image\/","url":"https:\/\/secure.gravatar.com\/avatar\/e94509f531086e2eaf97e72f29ea00f9?s=96&d=mm&r=g","contentUrl":"https:\/\/secure.gravatar.com\/avatar\/e94509f531086e2eaf97e72f29ea00f9?s=96&d=mm&r=g","caption":"jovenal"},"url":"https:\/\/franciscanos.org.br\/noticias\/author\/jovenal"}]}},"_links":{"self":[{"href":"https:\/\/franciscanos.org.br\/noticias\/wp-json\/wp\/v2\/posts\/244431"}],"collection":[{"href":"https:\/\/franciscanos.org.br\/noticias\/wp-json\/wp\/v2\/posts"}],"about":[{"href":"https:\/\/franciscanos.org.br\/noticias\/wp-json\/wp\/v2\/types\/post"}],"author":[{"embeddable":true,"href":"https:\/\/franciscanos.org.br\/noticias\/wp-json\/wp\/v2\/users\/7"}],"replies":[{"embeddable":true,"href":"https:\/\/franciscanos.org.br\/noticias\/wp-json\/wp\/v2\/comments?post=244431"}],"version-history":[{"count":6,"href":"https:\/\/franciscanos.org.br\/noticias\/wp-json\/wp\/v2\/posts\/244431\/revisions"}],"predecessor-version":[{"id":244462,"href":"https:\/\/franciscanos.org.br\/noticias\/wp-json\/wp\/v2\/posts\/244431\/revisions\/244462"}],"wp:featuredmedia":[{"embeddable":true,"href":"https:\/\/franciscanos.org.br\/noticias\/wp-json\/wp\/v2\/media\/244432"}],"wp:attachment":[{"href":"https:\/\/franciscanos.org.br\/noticias\/wp-json\/wp\/v2\/media?parent=244431"}],"wp:term":[{"taxonomy":"category","embeddable":true,"href":"https:\/\/franciscanos.org.br\/noticias\/wp-json\/wp\/v2\/categories?post=244431"},{"taxonomy":"post_tag","embeddable":true,"href":"https:\/\/franciscanos.org.br\/noticias\/wp-json\/wp\/v2\/tags?post=244431"}],"curies":[{"name":"wp","href":"https:\/\/api.w.org\/{rel}","templated":true}]}}