{"id":244417,"date":"2023-08-07T08:01:49","date_gmt":"2023-08-07T11:01:49","guid":{"rendered":"https:\/\/franciscanos.org.br\/noticias\/?p=244417"},"modified":"2023-08-08T06:45:16","modified_gmt":"2023-08-08T09:45:16","slug":"eleito-o-novo-conselho-do-capitulo-extraordinario-da-ofs-regional-sudeste-iii","status":"publish","type":"post","link":"https:\/\/franciscanos.org.br\/noticias\/eleito-o-novo-conselho-do-capitulo-extraordinario-da-ofs-regional-sudeste-iii.html","title":{"rendered":"Eleito o novo Conselho do Cap\u00edtulo Extraordin\u00e1rio da OFS Regional Sudeste III"},"content":{"rendered":"<p><img loading=\"lazy\" class=\"alignnone size-full wp-image-244418\" src=\"https:\/\/franciscanos.org.br\/noticias\/wp-content\/uploads\/2023\/08\/ofs_02.jpg\" alt=\"\" width=\"890\" height=\"501\" srcset=\"https:\/\/franciscanos.org.br\/noticias\/wp-content\/uploads\/2023\/08\/ofs_02.jpg 890w, https:\/\/franciscanos.org.br\/noticias\/wp-content\/uploads\/2023\/08\/ofs_02-450x253.jpg 450w, https:\/\/franciscanos.org.br\/noticias\/wp-content\/uploads\/2023\/08\/ofs_02-768x432.jpg 768w, https:\/\/franciscanos.org.br\/noticias\/wp-content\/uploads\/2023\/08\/ofs_02-150x84.jpg 150w\" sizes=\"(max-width: 890px) 100vw, 890px\" \/><\/p>\n<p>A Ordem Franciscana Secular, do Regional Sudeste III, realizou o Cap\u00edtulo Eletivo Extraordin\u00e1rio no \u00faltimo final de semana, com a presen\u00e7a de 132 capitulares no Semin\u00e1rio Santo Ant\u00f4nio, em Agudos (SP).<\/p>\n<p>Foram tr\u00eas dias de intensas atividades, onde todos os capitulares participaram ativamente, quer nas duas Celebra\u00e7\u00f5es Eucar\u00edsticas, quer nas vota\u00e7\u00f5es para o novo Conselho. O Esp\u00edrito Franciscano esteve presente nos momentos fraternos de conviv\u00eancia.<\/p>\n<p>Rogamos a Deus que ilumine com seu Esp\u00edrito Santo o novo Conselho ora eleito com as b\u00ean\u00e7\u00e3os do Ser\u00e1fico Pai e de Santa Clara.<\/p>\n<p><strong>Conselho Eleito<\/strong><\/p>\n<p>\u2013 Elton Aparecido Michetti, Ministro \u2013 Fraternidade Arauto do Grande Rei, Santa Cruz das Palmeiras\/SP.<\/p>\n<p>\u2013 Maria Andr\u00e9a dos Santos Navarro, Vice-ministra \u2013 Fraternidade Santa Clara, Ribeir\u00e3o Preto\/SP.<\/p>\n<p>\u2013 Eric Gon\u00e7alves, Coordenador de Forma\u00e7\u00e3o Integrada \u2013 Fraternidade S\u00e3o Francisco de Assis, Catanduva\/SP.<\/p>\n<p>\u2013 Val\u00e9ria Cristina de Jesus Lopes Gomes, primeira secret\u00e1ria \u2013 Fraternidade Fonte Colombo, Franca\/SP.<\/p>\n<p>\u2013 Cecileide Barbosa do Nascimento Figueiredo, segunda secret\u00e1ria \u2013 Fraternidade Santa Gema, Santo Andr\u00e9\/SP.<\/p>\n<p>\u2013 Valter Hugo Faracini Junior, primeiro tesoureiro \u2013 Fraternidade Bom Jesus, Pirassununga\/SP.<\/p>\n<p>\u2013 Alu\u00edsio Victal, segundo tesoureiro \u2013 Fraternidade S\u00e3o Dami\u00e3o, Mogi Mirim.<\/p>\n<p>\u2013 Sthefania Gon\u00e7alves Pires Cruz, Animadora Fraterna.<\/p>\n<p><img loading=\"lazy\" class=\"alignnone size-full wp-image-244438\" src=\"https:\/\/franciscanos.org.br\/noticias\/wp-content\/uploads\/2023\/08\/17.jpg\" alt=\"\" width=\"1296\" height=\"864\" srcset=\"https:\/\/franciscanos.org.br\/noticias\/wp-content\/uploads\/2023\/08\/17.jpg 1296w, https:\/\/franciscanos.org.br\/noticias\/wp-content\/uploads\/2023\/08\/17-450x300.jpg 450w, https:\/\/franciscanos.org.br\/noticias\/wp-content\/uploads\/2023\/08\/17-1024x683.jpg 1024w, https:\/\/franciscanos.org.br\/noticias\/wp-content\/uploads\/2023\/08\/17-768x512.jpg 768w, https:\/\/franciscanos.org.br\/noticias\/wp-content\/uploads\/2023\/08\/17-150x100.jpg 150w\" sizes=\"(max-width: 1296px) 100vw, 1296px\" \/><\/p>\n<p><strong>1\u00ba Distrito<\/strong>: \u00c2ngelo Fernando Vaz Rosa, Sidneia de Oliveira Fratus, Ant\u00f4nio Julio Martins,<\/p>\n<p><strong>2\u00ba Distrito:<\/strong> F\u00e1tima Maria L. Rosa, Jo\u00e3o Paulo do Nascimento<\/p>\n<p><strong>3\u00ba Distrito:<\/strong> Marcos Jos\u00e9 Pereira, Fatima Cec\u00edlia Leonello Victal<\/p>\n<p><strong>4\u00ba Distrito:<\/strong> Ant\u00f4nio Joaquim da Silva Filho, Angelina Batista<\/p>\n<p><strong>5\u00ba Distrito<\/strong>: Domingos S\u00e1vio Plotegher, Ant\u00f4nio da Silva Landi<\/p>\n<p><strong>6\u00ba Distrito:<\/strong> Luiz Carlos Fel\u00edcio.<\/p>\n<p><strong>7\u00ba Distrito<\/strong>: Carlos Teruo Yamaki<\/p>\n<p><strong>8\u00ba Distrito:<\/strong> Fl\u00e1via dos Santos Duzzi Ribeiro, Mateus Agostini Garcia,<\/p>\n<p><strong>Irm\u00e3os titulares do Conselho Fiscal<\/strong>: Robson Luiz Marchelli, M\u00e1rio Zanchetta Sobrinho, Rodrigo Rocha da Paix\u00e3o<\/p>\n<p><strong>Irm\u00e3os suplentes do Conselho Fiscal:<\/strong> Anderson Anast\u00e1cio dos Reis, Ana Ang\u00e9lica Lopes Pereira, Rita de C\u00e1ssia Rocha Bastos.<\/p>\n<hr \/>\n<p>Fonte: <a href=\"https:\/\/ofs-sp.org.br\/\">https:\/\/ofs-sp.org.br\/<\/a><\/p>\n<p>&nbsp;<\/p>\n","protected":false},"excerpt":{"rendered":"<p>Ordem Franciscana Secular<\/p>\n","protected":false},"author":3,"featured_media":244418,"comment_status":"open","ping_status":"open","sticky":false,"template":"","format":"standard","meta":[],"categories":[1],"tags":[60],"acf":[],"yoast_head":"<!-- This site is optimized with the Yoast SEO plugin v19.2 - https:\/\/yoast.com\/wordpress\/plugins\/seo\/ -->\n<title>Eleito o novo Conselho do Cap\u00edtulo Extraordin\u00e1rio da OFS Regional Sudeste III - Not\u00edcias - Franciscanos<\/title>\n<meta name=\"robots\" content=\"index, follow, max-snippet:-1, max-image-preview:large, max-video-preview:-1\" \/>\n<link rel=\"canonical\" href=\"https:\/\/franciscanos.org.br\/noticias\/eleito-o-novo-conselho-do-capitulo-extraordinario-da-ofs-regional-sudeste-iii.html\" \/>\n<meta property=\"og:locale\" content=\"pt_BR\" \/>\n<meta property=\"og:type\" content=\"article\" \/>\n<meta property=\"og:title\" content=\"Eleito o novo Conselho do Cap\u00edtulo Extraordin\u00e1rio da OFS Regional Sudeste III - Not\u00edcias - Franciscanos\" \/>\n<meta property=\"og:description\" content=\"Ordem Franciscana Secular\" \/>\n<meta property=\"og:url\" content=\"https:\/\/franciscanos.org.br\/noticias\/eleito-o-novo-conselho-do-capitulo-extraordinario-da-ofs-regional-sudeste-iii.html\" \/>\n<meta property=\"og:site_name\" content=\"Not\u00edcias - Franciscanos\" \/>\n<meta property=\"article:published_time\" content=\"2023-08-07T11:01:49+00:00\" \/>\n<meta property=\"article:modified_time\" content=\"2023-08-08T09:45:16+00:00\" \/>\n<meta property=\"og:image\" content=\"https:\/\/franciscanos.org.br\/noticias\/wp-content\/uploads\/2023\/08\/ofs_02.jpg\" \/>\n\t<meta property=\"og:image:width\" content=\"890\" \/>\n\t<meta property=\"og:image:height\" content=\"501\" \/>\n\t<meta property=\"og:image:type\" content=\"image\/jpeg\" \/>\n<meta name=\"author\" content=\"moacir\" \/>\n<meta name=\"twitter:card\" content=\"summary_large_image\" \/>\n<meta name=\"twitter:label1\" content=\"Escrito por\" \/>\n\t<meta name=\"twitter:data1\" content=\"moacir\" \/>\n\t<meta name=\"twitter:label2\" content=\"Est. tempo de leitura\" \/>\n\t<meta name=\"twitter:data2\" content=\"2 minutos\" \/>\n<script type=\"application\/ld+json\" class=\"yoast-schema-graph\">{\"@context\":\"https:\/\/schema.org\",\"@graph\":[{\"@type\":\"WebSite\",\"@id\":\"https:\/\/franciscanos.org.br\/noticias\/#website\",\"url\":\"https:\/\/franciscanos.org.br\/noticias\/\",\"name\":\"Not\u00edcias - Franciscanos\",\"description\":\"Prov\u00edncia Franciscana da Imaculada Concei\u00e7\u00e3o do Brasil - Ordem dos Frades Menores - OFM\",\"potentialAction\":[{\"@type\":\"SearchAction\",\"target\":{\"@type\":\"EntryPoint\",\"urlTemplate\":\"https:\/\/franciscanos.org.br\/noticias\/?s={search_term_string}\"},\"query-input\":\"required name=search_term_string\"}],\"inLanguage\":\"pt-BR\"},{\"@type\":\"ImageObject\",\"inLanguage\":\"pt-BR\",\"@id\":\"https:\/\/franciscanos.org.br\/noticias\/eleito-o-novo-conselho-do-capitulo-extraordinario-da-ofs-regional-sudeste-iii.html#primaryimage\",\"url\":\"https:\/\/franciscanos.org.br\/noticias\/wp-content\/uploads\/2023\/08\/ofs_02.jpg\",\"contentUrl\":\"https:\/\/franciscanos.org.br\/noticias\/wp-content\/uploads\/2023\/08\/ofs_02.jpg\",\"width\":890,\"height\":501},{\"@type\":\"WebPage\",\"@id\":\"https:\/\/franciscanos.org.br\/noticias\/eleito-o-novo-conselho-do-capitulo-extraordinario-da-ofs-regional-sudeste-iii.html#webpage\",\"url\":\"https:\/\/franciscanos.org.br\/noticias\/eleito-o-novo-conselho-do-capitulo-extraordinario-da-ofs-regional-sudeste-iii.html\",\"name\":\"Eleito o novo Conselho do Cap\u00edtulo Extraordin\u00e1rio da OFS Regional Sudeste III - Not\u00edcias - Franciscanos\",\"isPartOf\":{\"@id\":\"https:\/\/franciscanos.org.br\/noticias\/#website\"},\"primaryImageOfPage\":{\"@id\":\"https:\/\/franciscanos.org.br\/noticias\/eleito-o-novo-conselho-do-capitulo-extraordinario-da-ofs-regional-sudeste-iii.html#primaryimage\"},\"datePublished\":\"2023-08-07T11:01:49+00:00\",\"dateModified\":\"2023-08-08T09:45:16+00:00\",\"author\":{\"@id\":\"https:\/\/franciscanos.org.br\/noticias\/#\/schema\/person\/b5c8cba458c330ccff548b056e95a5d4\"},\"breadcrumb\":{\"@id\":\"https:\/\/franciscanos.org.br\/noticias\/eleito-o-novo-conselho-do-capitulo-extraordinario-da-ofs-regional-sudeste-iii.html#breadcrumb\"},\"inLanguage\":\"pt-BR\",\"potentialAction\":[{\"@type\":\"ReadAction\",\"target\":[\"https:\/\/franciscanos.org.br\/noticias\/eleito-o-novo-conselho-do-capitulo-extraordinario-da-ofs-regional-sudeste-iii.html\"]}]},{\"@type\":\"BreadcrumbList\",\"@id\":\"https:\/\/franciscanos.org.br\/noticias\/eleito-o-novo-conselho-do-capitulo-extraordinario-da-ofs-regional-sudeste-iii.html#breadcrumb\",\"itemListElement\":[{\"@type\":\"ListItem\",\"position\":1,\"name\":\"Home\",\"item\":\"https:\/\/franciscanos.org.br\/noticias\"},{\"@type\":\"ListItem\",\"position\":2,\"name\":\"Eleito o novo Conselho do Cap\u00edtulo Extraordin\u00e1rio da OFS Regional Sudeste III\"}]},{\"@type\":\"Person\",\"@id\":\"https:\/\/franciscanos.org.br\/noticias\/#\/schema\/person\/b5c8cba458c330ccff548b056e95a5d4\",\"name\":\"moacir\",\"image\":{\"@type\":\"ImageObject\",\"inLanguage\":\"pt-BR\",\"@id\":\"https:\/\/franciscanos.org.br\/noticias\/#\/schema\/person\/image\/\",\"url\":\"https:\/\/secure.gravatar.com\/avatar\/d08aa2ce4c8dd416d4479aa8536fcf64?s=96&d=mm&r=g\",\"contentUrl\":\"https:\/\/secure.gravatar.com\/avatar\/d08aa2ce4c8dd416d4479aa8536fcf64?s=96&d=mm&r=g\",\"caption\":\"moacir\"},\"url\":\"https:\/\/franciscanos.org.br\/noticias\/author\/moacir\"}]}<\/script>\n<!-- \/ Yoast SEO plugin. -->","yoast_head_json":{"title":"Eleito o novo Conselho do Cap\u00edtulo Extraordin\u00e1rio da OFS Regional Sudeste III - Not\u00edcias - Franciscanos","robots":{"index":"index","follow":"follow","max-snippet":"max-snippet:-1","max-image-preview":"max-image-preview:large","max-video-preview":"max-video-preview:-1"},"canonical":"https:\/\/franciscanos.org.br\/noticias\/eleito-o-novo-conselho-do-capitulo-extraordinario-da-ofs-regional-sudeste-iii.html","og_locale":"pt_BR","og_type":"article","og_title":"Eleito o novo Conselho do Cap\u00edtulo Extraordin\u00e1rio da OFS Regional Sudeste III - Not\u00edcias - Franciscanos","og_description":"Ordem Franciscana Secular","og_url":"https:\/\/franciscanos.org.br\/noticias\/eleito-o-novo-conselho-do-capitulo-extraordinario-da-ofs-regional-sudeste-iii.html","og_site_name":"Not\u00edcias - Franciscanos","article_published_time":"2023-08-07T11:01:49+00:00","article_modified_time":"2023-08-08T09:45:16+00:00","og_image":[{"width":890,"height":501,"url":"https:\/\/franciscanos.org.br\/noticias\/wp-content\/uploads\/2023\/08\/ofs_02.jpg","type":"image\/jpeg"}],"author":"moacir","twitter_card":"summary_large_image","twitter_misc":{"Escrito por":"moacir","Est. tempo de leitura":"2 minutos"},"schema":{"@context":"https:\/\/schema.org","@graph":[{"@type":"WebSite","@id":"https:\/\/franciscanos.org.br\/noticias\/#website","url":"https:\/\/franciscanos.org.br\/noticias\/","name":"Not\u00edcias - Franciscanos","description":"Prov\u00edncia Franciscana da Imaculada Concei\u00e7\u00e3o do Brasil - Ordem dos Frades Menores - OFM","potentialAction":[{"@type":"SearchAction","target":{"@type":"EntryPoint","urlTemplate":"https:\/\/franciscanos.org.br\/noticias\/?s={search_term_string}"},"query-input":"required name=search_term_string"}],"inLanguage":"pt-BR"},{"@type":"ImageObject","inLanguage":"pt-BR","@id":"https:\/\/franciscanos.org.br\/noticias\/eleito-o-novo-conselho-do-capitulo-extraordinario-da-ofs-regional-sudeste-iii.html#primaryimage","url":"https:\/\/franciscanos.org.br\/noticias\/wp-content\/uploads\/2023\/08\/ofs_02.jpg","contentUrl":"https:\/\/franciscanos.org.br\/noticias\/wp-content\/uploads\/2023\/08\/ofs_02.jpg","width":890,"height":501},{"@type":"WebPage","@id":"https:\/\/franciscanos.org.br\/noticias\/eleito-o-novo-conselho-do-capitulo-extraordinario-da-ofs-regional-sudeste-iii.html#webpage","url":"https:\/\/franciscanos.org.br\/noticias\/eleito-o-novo-conselho-do-capitulo-extraordinario-da-ofs-regional-sudeste-iii.html","name":"Eleito o novo Conselho do Cap\u00edtulo Extraordin\u00e1rio da OFS Regional Sudeste III - Not\u00edcias - Franciscanos","isPartOf":{"@id":"https:\/\/franciscanos.org.br\/noticias\/#website"},"primaryImageOfPage":{"@id":"https:\/\/franciscanos.org.br\/noticias\/eleito-o-novo-conselho-do-capitulo-extraordinario-da-ofs-regional-sudeste-iii.html#primaryimage"},"datePublished":"2023-08-07T11:01:49+00:00","dateModified":"2023-08-08T09:45:16+00:00","author":{"@id":"https:\/\/franciscanos.org.br\/noticias\/#\/schema\/person\/b5c8cba458c330ccff548b056e95a5d4"},"breadcrumb":{"@id":"https:\/\/franciscanos.org.br\/noticias\/eleito-o-novo-conselho-do-capitulo-extraordinario-da-ofs-regional-sudeste-iii.html#breadcrumb"},"inLanguage":"pt-BR","potentialAction":[{"@type":"ReadAction","target":["https:\/\/franciscanos.org.br\/noticias\/eleito-o-novo-conselho-do-capitulo-extraordinario-da-ofs-regional-sudeste-iii.html"]}]},{"@type":"BreadcrumbList","@id":"https:\/\/franciscanos.org.br\/noticias\/eleito-o-novo-conselho-do-capitulo-extraordinario-da-ofs-regional-sudeste-iii.html#breadcrumb","itemListElement":[{"@type":"ListItem","position":1,"name":"Home","item":"https:\/\/franciscanos.org.br\/noticias"},{"@type":"ListItem","position":2,"name":"Eleito o novo Conselho do Cap\u00edtulo Extraordin\u00e1rio da OFS Regional Sudeste III"}]},{"@type":"Person","@id":"https:\/\/franciscanos.org.br\/noticias\/#\/schema\/person\/b5c8cba458c330ccff548b056e95a5d4","name":"moacir","image":{"@type":"ImageObject","inLanguage":"pt-BR","@id":"https:\/\/franciscanos.org.br\/noticias\/#\/schema\/person\/image\/","url":"https:\/\/secure.gravatar.com\/avatar\/d08aa2ce4c8dd416d4479aa8536fcf64?s=96&d=mm&r=g","contentUrl":"https:\/\/secure.gravatar.com\/avatar\/d08aa2ce4c8dd416d4479aa8536fcf64?s=96&d=mm&r=g","caption":"moacir"},"url":"https:\/\/franciscanos.org.br\/noticias\/author\/moacir"}]}},"_links":{"self":[{"href":"https:\/\/franciscanos.org.br\/noticias\/wp-json\/wp\/v2\/posts\/244417"}],"collection":[{"href":"https:\/\/franciscanos.org.br\/noticias\/wp-json\/wp\/v2\/posts"}],"about":[{"href":"https:\/\/franciscanos.org.br\/noticias\/wp-json\/wp\/v2\/types\/post"}],"author":[{"embeddable":true,"href":"https:\/\/franciscanos.org.br\/noticias\/wp-json\/wp\/v2\/users\/3"}],"replies":[{"embeddable":true,"href":"https:\/\/franciscanos.org.br\/noticias\/wp-json\/wp\/v2\/comments?post=244417"}],"version-history":[{"count":5,"href":"https:\/\/franciscanos.org.br\/noticias\/wp-json\/wp\/v2\/posts\/244417\/revisions"}],"predecessor-version":[{"id":244439,"href":"https:\/\/franciscanos.org.br\/noticias\/wp-json\/wp\/v2\/posts\/244417\/revisions\/244439"}],"wp:featuredmedia":[{"embeddable":true,"href":"https:\/\/franciscanos.org.br\/noticias\/wp-json\/wp\/v2\/media\/244418"}],"wp:attachment":[{"href":"https:\/\/franciscanos.org.br\/noticias\/wp-json\/wp\/v2\/media?parent=244417"}],"wp:term":[{"taxonomy":"category","embeddable":true,"href":"https:\/\/franciscanos.org.br\/noticias\/wp-json\/wp\/v2\/categories?post=244417"},{"taxonomy":"post_tag","embeddable":true,"href":"https:\/\/franciscanos.org.br\/noticias\/wp-json\/wp\/v2\/tags?post=244417"}],"curies":[{"name":"wp","href":"https:\/\/api.w.org\/{rel}","templated":true}]}}