{"id":244390,"date":"2023-08-06T09:32:33","date_gmt":"2023-08-06T12:32:33","guid":{"rendered":"https:\/\/franciscanos.org.br\/noticias\/?p=244390"},"modified":"2023-08-06T09:33:53","modified_gmt":"2023-08-06T12:33:53","slug":"2025-roma-2027-seul-papa-anuncia-proximos-encontros-com-os-jovens","status":"publish","type":"post","link":"https:\/\/franciscanos.org.br\/noticias\/2025-roma-2027-seul-papa-anuncia-proximos-encontros-com-os-jovens.html","title":{"rendered":"2025 Roma, 2027 Seul: Papa anuncia pr\u00f3ximos encontros com os jovens"},"content":{"rendered":"<div id=\"attachment_244391\" style=\"width: 1290px\" class=\"wp-caption alignnone\"><img aria-describedby=\"caption-attachment-244391\" loading=\"lazy\" class=\"wp-image-244391 size-full\" src=\"https:\/\/franciscanos.org.br\/noticias\/wp-content\/uploads\/2023\/08\/domingo_0608_5.jpg\" alt=\"\" width=\"1280\" height=\"854\" srcset=\"https:\/\/franciscanos.org.br\/noticias\/wp-content\/uploads\/2023\/08\/domingo_0608_5.jpg 1280w, https:\/\/franciscanos.org.br\/noticias\/wp-content\/uploads\/2023\/08\/domingo_0608_5-450x300.jpg 450w, https:\/\/franciscanos.org.br\/noticias\/wp-content\/uploads\/2023\/08\/domingo_0608_5-1024x683.jpg 1024w, https:\/\/franciscanos.org.br\/noticias\/wp-content\/uploads\/2023\/08\/domingo_0608_5-768x512.jpg 768w, https:\/\/franciscanos.org.br\/noticias\/wp-content\/uploads\/2023\/08\/domingo_0608_5-150x100.jpg 150w\" sizes=\"(max-width: 1280px) 100vw, 1280px\" \/><p id=\"caption-attachment-244391\" class=\"wp-caption-text\"><em>Imagens: site oficial JMJ Lisboa 2023<\/em><\/p><\/div>\n<p>Antes de rezar o Angelus no final da Eucaristia da JMJ, celebrada no Parque Tejo, em Lisboa, o Papa pronunciou as seguintes palavras:<br \/>\n&#8220;Queridos irm\u00e3os e irm\u00e3s,<\/p>\n<p>Uma palavra ressoou muitas vezes nestes dias: \u201cgracias\u201d ou melhor \u00abobrigado\u00bb. \u00c9 muito belo aquilo que o Patriarca de Lisboa acaba de nos dizer: que \u00abobrigado\u00bb n\u00e3o expressa s\u00f3 gratid\u00e3o pelo que se recebeu, mas tamb\u00e9m o desejo de retribuir o bem. Neste evento de gra\u00e7a, todos n\u00f3s recebemos, e agora, que nos preparamos para regressar para casa, o Senhor faz-nos sentir a necessidade e partilhar tamb\u00e9m conosco, testemunhando com alegria a gratuidade de Deus e o que Deus colocou em nossos cora\u00e7\u00f5es.<\/p>\n<p>Mas, antes de vos enviar, quero tamb\u00e9m eu dizer \u00abobrigado\u00bb. Digo-o, em primeiro lugar, ao Cardeal Clemente e, nele, \u00e0 Igreja e a todo o povo portugu\u00eas, obrigado. Obrigado ao Senhor Presidente, que nos acompanhou nos eventos destes dias; obrigado \u00e0s institui\u00e7\u00f5es nacionais e locais pelo apoio e assist\u00eancia prestados; obrigado aos Bispos, sacerdotes, pessoas consagradas e leigos. E obrigado a ti, Lisboa, que ficar\u00e1s na mem\u00f3ria destes jovens como \u00abcasa de fraternidade\u00bb e \u00abcidade de sonhos\u00bb.<\/p>\n<p><img loading=\"lazy\" class=\"alignnone size-full wp-image-244392\" src=\"https:\/\/franciscanos.org.br\/noticias\/wp-content\/uploads\/2023\/08\/domingo_0608_4.jpg\" alt=\"\" width=\"1280\" height=\"853\" srcset=\"https:\/\/franciscanos.org.br\/noticias\/wp-content\/uploads\/2023\/08\/domingo_0608_4.jpg 1280w, https:\/\/franciscanos.org.br\/noticias\/wp-content\/uploads\/2023\/08\/domingo_0608_4-450x300.jpg 450w, https:\/\/franciscanos.org.br\/noticias\/wp-content\/uploads\/2023\/08\/domingo_0608_4-1024x682.jpg 1024w, https:\/\/franciscanos.org.br\/noticias\/wp-content\/uploads\/2023\/08\/domingo_0608_4-768x512.jpg 768w, https:\/\/franciscanos.org.br\/noticias\/wp-content\/uploads\/2023\/08\/domingo_0608_4-150x100.jpg 150w\" sizes=\"(max-width: 1280px) 100vw, 1280px\" \/><\/p>\n<p>Exprimo depois o vivo reconhecimento ao Cardeal Farrell, que rejuvenesceu nessas Jornadas, bem como a quantos as acompanharam com a ora\u00e7\u00e3o. Obrigado aos volunt\u00e1rios, a eles este aplauso de todos pelo grande servi\u00e7o prestado! E um agradecimento especial a quem velou pela JMJ a partir do Alto, ou seja, os Santos patronos do evento: e a um em particular, Jo\u00e3o Paulo II, que deu vida \u00e0s Jornadas Mundiais da Juventude.<\/p>\n<p>E obrigado a todos v\u00f3s, queridos jovens! Deus v\u00ea inteiramente o bem que sois; s\u00f3 Ele conhece o que semeou nos vossos cora\u00e7\u00f5es. Voc\u00eas se v\u00e3o daqui com o que Deus semeou em seu cora\u00e7\u00e3o. Fa\u00e7am-no crescer, guardai-o com cuidado. Quero dizer-vos: recordai, fixai na mente os momentos mais belos. Depois, quando vier algum momento de cansa\u00e7o e des\u00e2nimo, que s\u00e3o inevit\u00e1veis, e quem sabe, a tenta\u00e7\u00e3o de parar no caminho ou de vos fechar em v\u00f3s mesmos, com a recorda\u00e7\u00e3o reavivai as experi\u00eancias e a gra\u00e7a destes dias, porque \u2013 nunca o esque\u00e7ais \u2013 esta \u00e9 a realidade, isto \u00e9 o que v\u00f3s sois: o Povo santo fiel de Deus que caminha na alegria do Evangelho. Desejo tamb\u00e9m gostaria de enviar uma sauda\u00e7\u00e3o aos jovens que n\u00e3o puderam estar aqui, mas participaram em iniciativas organizadas por seus pa\u00edses pelas respetivas Confer\u00eancias Episcopais, por Dioceses; e penso, por exemplo, nos irm\u00e3os e irm\u00e3s subsarianos, reunidos em T\u00e2nger.<\/p>\n<p><strong>A todos obrigado, muito obrigado!<\/strong><\/p>\n<p>E de maneira particular, acompanhemos com o pensamento e a ora\u00e7\u00e3o aqueles que n\u00e3o puderam vir por causa de conflitos e de guerras. No mundo s\u00e3o muitas as guerras, s\u00e3o muitos os conflitos. Pensando neste continente, sinto grande tristeza pela querida Ucr\u00e2nia, que continua a sofrer muito.<\/p>\n<p>Amigos, permitam-me tamb\u00e9m que eu, j\u00e1 idoso, compartilhe convosco, jovens, um sonho que trago c\u00e1 dentro: \u00e9 o sonho da paz, o sonho de jovens que rezam pela paz, vivem em paz e constroem um futuro de paz.<\/p>\n<p><img loading=\"lazy\" class=\"alignnone size-full wp-image-244393\" src=\"https:\/\/franciscanos.org.br\/noticias\/wp-content\/uploads\/2023\/08\/domingo_0608_6.jpg\" alt=\"\" width=\"1280\" height=\"852\" srcset=\"https:\/\/franciscanos.org.br\/noticias\/wp-content\/uploads\/2023\/08\/domingo_0608_6.jpg 1280w, https:\/\/franciscanos.org.br\/noticias\/wp-content\/uploads\/2023\/08\/domingo_0608_6-450x300.jpg 450w, https:\/\/franciscanos.org.br\/noticias\/wp-content\/uploads\/2023\/08\/domingo_0608_6-1024x682.jpg 1024w, https:\/\/franciscanos.org.br\/noticias\/wp-content\/uploads\/2023\/08\/domingo_0608_6-768x511.jpg 768w, https:\/\/franciscanos.org.br\/noticias\/wp-content\/uploads\/2023\/08\/domingo_0608_6-150x100.jpg 150w\" sizes=\"(max-width: 1280px) 100vw, 1280px\" \/><\/p>\n<p>Por meio da ora\u00e7\u00e3o do Angelus, coloquemos nas m\u00e3os de Maria, Rainha da Paz, o futuro da humanidade.<\/p>\n<p>E, h\u00e1 um \u00faltimo obrigado que gostaria de destacar no final. Obrigado \u00e0s nossas ra\u00edzes, aos nossos av\u00f3s que nos transmitiram a f\u00e9, que nos transmitiram o horizonte de uma vida. Eles s\u00e3o nossas ra\u00edzes.<\/p>\n<p>E de volta para casa, continuem rezando pela paz. Voc\u00eas s\u00f5 um sinal de paz para o mundo, um testemunho de como diversas as diversas nacionalidades, as l\u00ednguas, as hist\u00f3rias, podem unir em vez de dividir. Voc\u00eas s\u00e3o a esperan\u00e7a de um mundo diferente. Obrigado. Sigam em frente!<\/p>\n<p>E, no final, chega um momento que todos esperam, o an\u00fancio da pr\u00f3xima etapa do caminho. Por\u00e9m, antes de dizer qual ser\u00e1 a sede da 41\u00aa Jornada Mundial da Juventude, gostaria de fazer um convite: convido todos os jovens do mundo, para o 2025, em Roma, para celebrar juntos o Jubileu dos Jovens Aguardo-vos ali, em 2025 25, para celebrarmos juntos o Jubileu dos Jovens.<\/p>\n<p>E a pr\u00f3xima Jornada Mundial da Juventude acontecer\u00e1 na \u00c1sia: ser\u00e1 na Coreia do Sul. em Seul. E assim, em 2027, da fronteira ocidental da Europa, se deslocar\u00e1 para o Extremo Oriente. E este \u00e9 um belo sinal da universalidade da Igreja e do sonho de unidade de que sois testemunhas.<\/p>\n<p>Finalmente, um \u00faltimo obrigado, dirigimo-lo a duas pessoas especiais, a dois protagonistas principais deste encontro. Eles estiveram aqui conosco, e est\u00e3o sempre conosco, n\u00e3o perdem de vista as nossas vidas, amam-nas como ningu\u00e9m pode faz\u00ea-lo: obrigado a Ti, Senhor Jesus; obrigado a Ti, Maria nossa M\u00e3e. E agora rezamos&#8230;. &#8220;(ora\u00e7\u00e3o do Angelus).<\/p>\n<p><strong>Apelo ap\u00f3s o Angelus<\/strong><\/p>\n<p>&#8220;Quero assegurar minhas ora\u00e7\u00f5es, e o fazemos tamb\u00e9m juntos, pelas v\u00edtimas da tr\u00e1gica avalanche ocorrida h\u00e1 dois dias na regi\u00e3o de Racha, na Ge\u00f3rgia. E acompanho seus familiares com minha proximidade. Que a Sant\u00edssima Virgem os conforte, e tamb\u00e9m apoie o trabalho das equipes de resgate.<\/p>\n<p>E acompanho, estou perto, de meu irm\u00e3o, meu patriarca, El\u00edas II.&#8221;<\/p>\n<hr \/>\n<p><em>Fonte: Vatican News<\/em><\/p>\n","protected":false},"excerpt":{"rendered":"<p>Jornada Mundial da Juventude<\/p>\n","protected":false},"author":3,"featured_media":244391,"comment_status":"open","ping_status":"open","sticky":false,"template":"","format":"standard","meta":[],"categories":[1],"tags":[1797],"acf":[],"yoast_head":"<!-- This site is optimized with the Yoast SEO plugin v19.2 - https:\/\/yoast.com\/wordpress\/plugins\/seo\/ -->\n<title>2025 Roma, 2027 Seul: Papa anuncia pr\u00f3ximos encontros com os jovens - Not\u00edcias - Franciscanos<\/title>\n<meta name=\"robots\" content=\"index, follow, max-snippet:-1, max-image-preview:large, max-video-preview:-1\" \/>\n<link rel=\"canonical\" href=\"https:\/\/franciscanos.org.br\/noticias\/2025-roma-2027-seul-papa-anuncia-proximos-encontros-com-os-jovens.html\" \/>\n<meta property=\"og:locale\" content=\"pt_BR\" \/>\n<meta property=\"og:type\" content=\"article\" \/>\n<meta property=\"og:title\" content=\"2025 Roma, 2027 Seul: Papa anuncia pr\u00f3ximos encontros com os jovens - Not\u00edcias - Franciscanos\" \/>\n<meta property=\"og:description\" content=\"Jornada Mundial da Juventude\" \/>\n<meta property=\"og:url\" content=\"https:\/\/franciscanos.org.br\/noticias\/2025-roma-2027-seul-papa-anuncia-proximos-encontros-com-os-jovens.html\" \/>\n<meta property=\"og:site_name\" content=\"Not\u00edcias - Franciscanos\" \/>\n<meta property=\"article:published_time\" content=\"2023-08-06T12:32:33+00:00\" \/>\n<meta property=\"article:modified_time\" content=\"2023-08-06T12:33:53+00:00\" \/>\n<meta property=\"og:image\" content=\"https:\/\/franciscanos.org.br\/noticias\/wp-content\/uploads\/2023\/08\/domingo_0608_5.jpg\" \/>\n\t<meta property=\"og:image:width\" content=\"1280\" \/>\n\t<meta property=\"og:image:height\" content=\"854\" \/>\n\t<meta property=\"og:image:type\" content=\"image\/jpeg\" \/>\n<meta name=\"author\" content=\"moacir\" \/>\n<meta name=\"twitter:card\" content=\"summary_large_image\" \/>\n<meta name=\"twitter:label1\" content=\"Escrito por\" \/>\n\t<meta name=\"twitter:data1\" content=\"moacir\" \/>\n\t<meta name=\"twitter:label2\" content=\"Est. tempo de leitura\" \/>\n\t<meta name=\"twitter:data2\" content=\"5 minutos\" \/>\n<script type=\"application\/ld+json\" class=\"yoast-schema-graph\">{\"@context\":\"https:\/\/schema.org\",\"@graph\":[{\"@type\":\"WebSite\",\"@id\":\"https:\/\/franciscanos.org.br\/noticias\/#website\",\"url\":\"https:\/\/franciscanos.org.br\/noticias\/\",\"name\":\"Not\u00edcias - Franciscanos\",\"description\":\"Prov\u00edncia Franciscana da Imaculada Concei\u00e7\u00e3o do Brasil - Ordem dos Frades Menores - OFM\",\"potentialAction\":[{\"@type\":\"SearchAction\",\"target\":{\"@type\":\"EntryPoint\",\"urlTemplate\":\"https:\/\/franciscanos.org.br\/noticias\/?s={search_term_string}\"},\"query-input\":\"required name=search_term_string\"}],\"inLanguage\":\"pt-BR\"},{\"@type\":\"ImageObject\",\"inLanguage\":\"pt-BR\",\"@id\":\"https:\/\/franciscanos.org.br\/noticias\/2025-roma-2027-seul-papa-anuncia-proximos-encontros-com-os-jovens.html#primaryimage\",\"url\":\"https:\/\/franciscanos.org.br\/noticias\/wp-content\/uploads\/2023\/08\/domingo_0608_5.jpg\",\"contentUrl\":\"https:\/\/franciscanos.org.br\/noticias\/wp-content\/uploads\/2023\/08\/domingo_0608_5.jpg\",\"width\":1280,\"height\":854},{\"@type\":\"WebPage\",\"@id\":\"https:\/\/franciscanos.org.br\/noticias\/2025-roma-2027-seul-papa-anuncia-proximos-encontros-com-os-jovens.html#webpage\",\"url\":\"https:\/\/franciscanos.org.br\/noticias\/2025-roma-2027-seul-papa-anuncia-proximos-encontros-com-os-jovens.html\",\"name\":\"2025 Roma, 2027 Seul: Papa anuncia pr\u00f3ximos encontros com os jovens - Not\u00edcias - Franciscanos\",\"isPartOf\":{\"@id\":\"https:\/\/franciscanos.org.br\/noticias\/#website\"},\"primaryImageOfPage\":{\"@id\":\"https:\/\/franciscanos.org.br\/noticias\/2025-roma-2027-seul-papa-anuncia-proximos-encontros-com-os-jovens.html#primaryimage\"},\"datePublished\":\"2023-08-06T12:32:33+00:00\",\"dateModified\":\"2023-08-06T12:33:53+00:00\",\"author\":{\"@id\":\"https:\/\/franciscanos.org.br\/noticias\/#\/schema\/person\/b5c8cba458c330ccff548b056e95a5d4\"},\"breadcrumb\":{\"@id\":\"https:\/\/franciscanos.org.br\/noticias\/2025-roma-2027-seul-papa-anuncia-proximos-encontros-com-os-jovens.html#breadcrumb\"},\"inLanguage\":\"pt-BR\",\"potentialAction\":[{\"@type\":\"ReadAction\",\"target\":[\"https:\/\/franciscanos.org.br\/noticias\/2025-roma-2027-seul-papa-anuncia-proximos-encontros-com-os-jovens.html\"]}]},{\"@type\":\"BreadcrumbList\",\"@id\":\"https:\/\/franciscanos.org.br\/noticias\/2025-roma-2027-seul-papa-anuncia-proximos-encontros-com-os-jovens.html#breadcrumb\",\"itemListElement\":[{\"@type\":\"ListItem\",\"position\":1,\"name\":\"Home\",\"item\":\"https:\/\/franciscanos.org.br\/noticias\"},{\"@type\":\"ListItem\",\"position\":2,\"name\":\"2025 Roma, 2027 Seul: Papa anuncia pr\u00f3ximos encontros com os jovens\"}]},{\"@type\":\"Person\",\"@id\":\"https:\/\/franciscanos.org.br\/noticias\/#\/schema\/person\/b5c8cba458c330ccff548b056e95a5d4\",\"name\":\"moacir\",\"image\":{\"@type\":\"ImageObject\",\"inLanguage\":\"pt-BR\",\"@id\":\"https:\/\/franciscanos.org.br\/noticias\/#\/schema\/person\/image\/\",\"url\":\"https:\/\/secure.gravatar.com\/avatar\/d08aa2ce4c8dd416d4479aa8536fcf64?s=96&d=mm&r=g\",\"contentUrl\":\"https:\/\/secure.gravatar.com\/avatar\/d08aa2ce4c8dd416d4479aa8536fcf64?s=96&d=mm&r=g\",\"caption\":\"moacir\"},\"url\":\"https:\/\/franciscanos.org.br\/noticias\/author\/moacir\"}]}<\/script>\n<!-- \/ Yoast SEO plugin. -->","yoast_head_json":{"title":"2025 Roma, 2027 Seul: Papa anuncia pr\u00f3ximos encontros com os jovens - Not\u00edcias - Franciscanos","robots":{"index":"index","follow":"follow","max-snippet":"max-snippet:-1","max-image-preview":"max-image-preview:large","max-video-preview":"max-video-preview:-1"},"canonical":"https:\/\/franciscanos.org.br\/noticias\/2025-roma-2027-seul-papa-anuncia-proximos-encontros-com-os-jovens.html","og_locale":"pt_BR","og_type":"article","og_title":"2025 Roma, 2027 Seul: Papa anuncia pr\u00f3ximos encontros com os jovens - Not\u00edcias - Franciscanos","og_description":"Jornada Mundial da Juventude","og_url":"https:\/\/franciscanos.org.br\/noticias\/2025-roma-2027-seul-papa-anuncia-proximos-encontros-com-os-jovens.html","og_site_name":"Not\u00edcias - Franciscanos","article_published_time":"2023-08-06T12:32:33+00:00","article_modified_time":"2023-08-06T12:33:53+00:00","og_image":[{"width":1280,"height":854,"url":"https:\/\/franciscanos.org.br\/noticias\/wp-content\/uploads\/2023\/08\/domingo_0608_5.jpg","type":"image\/jpeg"}],"author":"moacir","twitter_card":"summary_large_image","twitter_misc":{"Escrito por":"moacir","Est. tempo de leitura":"5 minutos"},"schema":{"@context":"https:\/\/schema.org","@graph":[{"@type":"WebSite","@id":"https:\/\/franciscanos.org.br\/noticias\/#website","url":"https:\/\/franciscanos.org.br\/noticias\/","name":"Not\u00edcias - Franciscanos","description":"Prov\u00edncia Franciscana da Imaculada Concei\u00e7\u00e3o do Brasil - Ordem dos Frades Menores - OFM","potentialAction":[{"@type":"SearchAction","target":{"@type":"EntryPoint","urlTemplate":"https:\/\/franciscanos.org.br\/noticias\/?s={search_term_string}"},"query-input":"required name=search_term_string"}],"inLanguage":"pt-BR"},{"@type":"ImageObject","inLanguage":"pt-BR","@id":"https:\/\/franciscanos.org.br\/noticias\/2025-roma-2027-seul-papa-anuncia-proximos-encontros-com-os-jovens.html#primaryimage","url":"https:\/\/franciscanos.org.br\/noticias\/wp-content\/uploads\/2023\/08\/domingo_0608_5.jpg","contentUrl":"https:\/\/franciscanos.org.br\/noticias\/wp-content\/uploads\/2023\/08\/domingo_0608_5.jpg","width":1280,"height":854},{"@type":"WebPage","@id":"https:\/\/franciscanos.org.br\/noticias\/2025-roma-2027-seul-papa-anuncia-proximos-encontros-com-os-jovens.html#webpage","url":"https:\/\/franciscanos.org.br\/noticias\/2025-roma-2027-seul-papa-anuncia-proximos-encontros-com-os-jovens.html","name":"2025 Roma, 2027 Seul: Papa anuncia pr\u00f3ximos encontros com os jovens - Not\u00edcias - Franciscanos","isPartOf":{"@id":"https:\/\/franciscanos.org.br\/noticias\/#website"},"primaryImageOfPage":{"@id":"https:\/\/franciscanos.org.br\/noticias\/2025-roma-2027-seul-papa-anuncia-proximos-encontros-com-os-jovens.html#primaryimage"},"datePublished":"2023-08-06T12:32:33+00:00","dateModified":"2023-08-06T12:33:53+00:00","author":{"@id":"https:\/\/franciscanos.org.br\/noticias\/#\/schema\/person\/b5c8cba458c330ccff548b056e95a5d4"},"breadcrumb":{"@id":"https:\/\/franciscanos.org.br\/noticias\/2025-roma-2027-seul-papa-anuncia-proximos-encontros-com-os-jovens.html#breadcrumb"},"inLanguage":"pt-BR","potentialAction":[{"@type":"ReadAction","target":["https:\/\/franciscanos.org.br\/noticias\/2025-roma-2027-seul-papa-anuncia-proximos-encontros-com-os-jovens.html"]}]},{"@type":"BreadcrumbList","@id":"https:\/\/franciscanos.org.br\/noticias\/2025-roma-2027-seul-papa-anuncia-proximos-encontros-com-os-jovens.html#breadcrumb","itemListElement":[{"@type":"ListItem","position":1,"name":"Home","item":"https:\/\/franciscanos.org.br\/noticias"},{"@type":"ListItem","position":2,"name":"2025 Roma, 2027 Seul: Papa anuncia pr\u00f3ximos encontros com os jovens"}]},{"@type":"Person","@id":"https:\/\/franciscanos.org.br\/noticias\/#\/schema\/person\/b5c8cba458c330ccff548b056e95a5d4","name":"moacir","image":{"@type":"ImageObject","inLanguage":"pt-BR","@id":"https:\/\/franciscanos.org.br\/noticias\/#\/schema\/person\/image\/","url":"https:\/\/secure.gravatar.com\/avatar\/d08aa2ce4c8dd416d4479aa8536fcf64?s=96&d=mm&r=g","contentUrl":"https:\/\/secure.gravatar.com\/avatar\/d08aa2ce4c8dd416d4479aa8536fcf64?s=96&d=mm&r=g","caption":"moacir"},"url":"https:\/\/franciscanos.org.br\/noticias\/author\/moacir"}]}},"_links":{"self":[{"href":"https:\/\/franciscanos.org.br\/noticias\/wp-json\/wp\/v2\/posts\/244390"}],"collection":[{"href":"https:\/\/franciscanos.org.br\/noticias\/wp-json\/wp\/v2\/posts"}],"about":[{"href":"https:\/\/franciscanos.org.br\/noticias\/wp-json\/wp\/v2\/types\/post"}],"author":[{"embeddable":true,"href":"https:\/\/franciscanos.org.br\/noticias\/wp-json\/wp\/v2\/users\/3"}],"replies":[{"embeddable":true,"href":"https:\/\/franciscanos.org.br\/noticias\/wp-json\/wp\/v2\/comments?post=244390"}],"version-history":[{"count":3,"href":"https:\/\/franciscanos.org.br\/noticias\/wp-json\/wp\/v2\/posts\/244390\/revisions"}],"predecessor-version":[{"id":244401,"href":"https:\/\/franciscanos.org.br\/noticias\/wp-json\/wp\/v2\/posts\/244390\/revisions\/244401"}],"wp:featuredmedia":[{"embeddable":true,"href":"https:\/\/franciscanos.org.br\/noticias\/wp-json\/wp\/v2\/media\/244391"}],"wp:attachment":[{"href":"https:\/\/franciscanos.org.br\/noticias\/wp-json\/wp\/v2\/media?parent=244390"}],"wp:term":[{"taxonomy":"category","embeddable":true,"href":"https:\/\/franciscanos.org.br\/noticias\/wp-json\/wp\/v2\/categories?post=244390"},{"taxonomy":"post_tag","embeddable":true,"href":"https:\/\/franciscanos.org.br\/noticias\/wp-json\/wp\/v2\/tags?post=244390"}],"curies":[{"name":"wp","href":"https:\/\/api.w.org\/{rel}","templated":true}]}}