{"id":244384,"date":"2023-08-06T09:14:12","date_gmt":"2023-08-06T12:14:12","guid":{"rendered":"https:\/\/franciscanos.org.br\/noticias\/?p=244384"},"modified":"2023-08-06T09:30:23","modified_gmt":"2023-08-06T12:30:23","slug":"nao-tenham-medo-e-a-exortacao-do-papa-aos-jovens-na-missa-em-lisboa","status":"publish","type":"post","link":"https:\/\/franciscanos.org.br\/noticias\/nao-tenham-medo-e-a-exortacao-do-papa-aos-jovens-na-missa-em-lisboa.html","title":{"rendered":"&#8220;N\u00e3o tenham medo!&#8221;, \u00e9 a exorta\u00e7\u00e3o do Papa aos jovens na Missa em Lisboa"},"content":{"rendered":"<div id=\"attachment_244385\" style=\"width: 1290px\" class=\"wp-caption alignnone\"><img aria-describedby=\"caption-attachment-244385\" loading=\"lazy\" class=\"wp-image-244385 size-full\" src=\"https:\/\/franciscanos.org.br\/noticias\/wp-content\/uploads\/2023\/08\/domingo_0608.jpg\" alt=\"\" width=\"1280\" height=\"720\" srcset=\"https:\/\/franciscanos.org.br\/noticias\/wp-content\/uploads\/2023\/08\/domingo_0608.jpg 1280w, https:\/\/franciscanos.org.br\/noticias\/wp-content\/uploads\/2023\/08\/domingo_0608-450x253.jpg 450w, https:\/\/franciscanos.org.br\/noticias\/wp-content\/uploads\/2023\/08\/domingo_0608-1024x576.jpg 1024w, https:\/\/franciscanos.org.br\/noticias\/wp-content\/uploads\/2023\/08\/domingo_0608-768x432.jpg 768w, https:\/\/franciscanos.org.br\/noticias\/wp-content\/uploads\/2023\/08\/domingo_0608-150x84.jpg 150w\" sizes=\"(max-width: 1280px) 100vw, 1280px\" \/><p id=\"caption-attachment-244385\" class=\"wp-caption-text\"><em>Imagem: site oficial JMJ Lisboa 2023<\/em><\/p><\/div>\n<p>Na manh\u00e3 deste domingo, 6 de agosto, o Papa Francisco presidiu a celebra\u00e7\u00e3o da Santa Missa para a Jornada Mundial da Juventude no Parque Tejo, em Lisboa. Eis sua homilia (tradu\u00e7\u00e3o n\u00e3o oficial):<\/p>\n<p>&#8220;As palavras do Ap\u00f3stolo Pedro no Monte da Transfigura\u00e7\u00e3o s\u00e3o as mesmas que, depois destes dias intensos, queremos fazer nossas: \u00abSenhor, \u00e9 bom estarmos aqui!\u00bb (Mt 17, 4). Foi bom o que experiment\u00e1mos com Jesus, o que vivemos juntos e como rez\u00e1mos. Mas, depois destes dias de gra\u00e7a, perguntamo-nos: Que levamos connosco quando regressarmos ao vale da vida quotidiana?<\/p>\n<p>\u00abSenhor, \u00e9 bom estarmos aqui!\u00bb (Mt 17, 4). Estas palavras, que o Ap\u00f3stolo Pedro disse a Jesus no Monte da Transfigura\u00e7\u00e3o, n\u00f3s tamb\u00e9m queremos faz\u00ea-las nossas depois destes dias intensos. \u00c9 lindo o que vivemos com Jesus, o que vivemos juntos e \u00e9 lindo como rezamos, e com tanta alegria no cora\u00e7\u00e3o. E ent\u00e3o podemos nos perguntar: Que levamos conosco quando regressarmos ao vale da vida quotidiana?<\/p>\n<p>Gostaria de responder a esta pergunta com tr\u00eas verbos, seguindo o Evangelho que ouvimos: o que levamos conosco? BResplandecer, ouvir e n\u00e3o ter medo. O que levamos conosco? Eu respondo com estas tr\u00eas palavras:<\/p>\n<p>Resplandecer, escutar e n\u00e3o ter medo. Primeiro resplandecer. Jesus transfigura-se, o Evangelho que o seu rosto resplandecia como o sol\u00bb (Mt 17,2). Ele havia anunciado h\u00e1 pouco sua paix\u00e3o e morte na cruz, e com isso quebrou a imagem de um Messias poderoso e mundano, e frustra as expectativas dos disc\u00edpulos. Agora, para ajud\u00e1-los a aceitar o des\u00edgnio de amor de Deus para cada um de n\u00f3s, Jesus toma tr\u00eas deles \u2014Pedro, Tiago e Jo\u00e3o\u2014, os conduz ao alto de uma montanha e se transfigura. E este &#8220;banho de luz&#8221; os prepara para a noite da paix\u00e3o.<\/p>\n<div id=\"attachment_244386\" style=\"width: 1510px\" class=\"wp-caption alignnone\"><img aria-describedby=\"caption-attachment-244386\" loading=\"lazy\" class=\"wp-image-244386 size-full\" src=\"https:\/\/franciscanos.org.br\/noticias\/wp-content\/uploads\/2023\/08\/domingo_0608_1.jpg\" alt=\"\" width=\"1500\" height=\"844\" srcset=\"https:\/\/franciscanos.org.br\/noticias\/wp-content\/uploads\/2023\/08\/domingo_0608_1.jpg 1500w, https:\/\/franciscanos.org.br\/noticias\/wp-content\/uploads\/2023\/08\/domingo_0608_1-450x253.jpg 450w, https:\/\/franciscanos.org.br\/noticias\/wp-content\/uploads\/2023\/08\/domingo_0608_1-1024x576.jpg 1024w, https:\/\/franciscanos.org.br\/noticias\/wp-content\/uploads\/2023\/08\/domingo_0608_1-768x432.jpg 768w, https:\/\/franciscanos.org.br\/noticias\/wp-content\/uploads\/2023\/08\/domingo_0608_1-150x84.jpg 150w\" sizes=\"(max-width: 1500px) 100vw, 1500px\" \/><p id=\"caption-attachment-244386\" class=\"wp-caption-text\"><em>Imagem: Vatican Media<\/em><\/p><\/div>\n<p>Amigos, queridos jovens, tamb\u00e9m hoje n\u00f3s precisamos de alguma luz, um raio de luz que seja esperan\u00e7a para enfrentar tantas trevas que nos assaltam na vida, tantas derrotas cotidianas para enfrent\u00e1-las com a luz da ressurrei\u00e7\u00e3o de Jesus, porque Ele \u00e9 a luz que n\u00e3o se apaga, \u00e9 a luz que brilha tamb\u00e9m \u00e0 noite.<\/p>\n<p>\u201cO nosso Deus iluminou os nossos olhos\u201d, diz o sacerdote Esdras (Ed 9,8). Nosso Deus ilumina. Ilumina nossos olhos, ilumina nosso cora\u00e7\u00e3o, ilumine nossa mente, ilumine nosso desejo de fazer algo na vida, sempre com a luz do Senhor.<\/p>\n<p>Mas gostaria de lhes dizer que n\u00e3o ficamos luminosos quando nos colocamos sob os refletores, isso n\u00e3o nos deslumbra. N\u00e3o ficamos luminosos quando mostramos uma imagem perfeita, bem cuidada, bem acabada, n\u00e3o, n\u00e3o, mesmo que nos sintamos fortes e bem-sucedidos. Fortes, bem-sucedidos, mas n\u00e3o luminosos. Tornamo-nos luminosos, brilhamos, quando, acolhendo Jesus, aprendemos a amar como Ele. Amar como Jesus, isso nos torna luminosos. Isso nos leva a fazer obras de amor. N\u00e3o te enganes amiga, amigo, ser\u00e1s luz no dia em que fizer obras de amor. Por\u00e9m, quando em vez de fazer obras de amor para fora, olhas para ti mesmo, como um ego\u00edsta, ali a luz se apaga.<\/p>\n<p>O segundo verbo \u00e9 escutar. No monte, uma nuvem luminosa cobriu os disc\u00edpulos e o que, desta nuvem fala o Pai, o que ele diz? Escutai-o (Mt 17,5). Este \u00e9 o meu Filho amado, escutem-o. Est\u00e1 tudo aqui, e tudo o que h\u00e1 para fazer na vida est\u00e1 nesta palavra: escutem-o.<\/p>\n<p><img loading=\"lazy\" class=\"alignnone size-full wp-image-244387\" src=\"https:\/\/franciscanos.org.br\/noticias\/wp-content\/uploads\/2023\/08\/domingo_0608_2.jpg\" alt=\"\" width=\"1280\" height=\"853\" srcset=\"https:\/\/franciscanos.org.br\/noticias\/wp-content\/uploads\/2023\/08\/domingo_0608_2.jpg 1280w, https:\/\/franciscanos.org.br\/noticias\/wp-content\/uploads\/2023\/08\/domingo_0608_2-450x300.jpg 450w, https:\/\/franciscanos.org.br\/noticias\/wp-content\/uploads\/2023\/08\/domingo_0608_2-1024x682.jpg 1024w, https:\/\/franciscanos.org.br\/noticias\/wp-content\/uploads\/2023\/08\/domingo_0608_2-768x512.jpg 768w, https:\/\/franciscanos.org.br\/noticias\/wp-content\/uploads\/2023\/08\/domingo_0608_2-150x100.jpg 150w\" sizes=\"(max-width: 1280px) 100vw, 1280px\" \/><\/p>\n<p>Escutar Jesus, todo segredo est\u00e1 a\u00ed. Escute o que Jesus te diz. &#8220;Eu n\u00e3o sei o que ele me diz.&#8221; Pegue o Evangelho e leia o que Jesus diz e o que diz em teu cora\u00e7\u00e3o. Porque Ele tem palavras de vida eterna para n\u00f3s; Ele revela que Deus \u00e9 Pai, \u00e9 amor. Ele nos ensina o caminho do amor, escutar Jesus. Porque l\u00e1 fora n\u00f3s de boa vontade trilhamos caminhos que parecem ser de amor, mas no fundo s\u00e3o ego\u00edsmos disfar\u00e7ados de amor. Ter cuidado com os ego\u00edsmos disfar\u00e7ados de amor. Escut\u00e1-lo, porque Ele vai te dizer qual \u00e9 o caminho do amor. Escut\u00e1-lo!<\/p>\n<p>Resplandecer \u00e9 a primeira palavra, sejam luminosos, ouvir, para n\u00e3o errar no caminho, e, no final, a terceira palavra, n\u00e3o ter medo. N\u00e3o tenham medo. Uma palavra que tanto se repete na B\u00edblia. Nos Evangelhos, &#8220;n\u00e3o tenham medo&#8221;. Estas foram as \u00faltimas palavras que neste momento da transfigura\u00e7\u00e3o Jesus disse aos disc\u00edpulos. N\u00e3o tenham medo.<\/p>\n<p>A v\u00f3s, jovens, que viveram esta alegria, estava para dizer &#8220;esta gl\u00f3ria&#8221; &#8211; bem, algo de gl\u00f3ria \u00e9, este encontro convosco. V\u00f3s que cultivais sonhos grandes mas \u00e0s vezes ofuscados pelo medo de n\u00e3o os ver realizados; a v\u00f3s, que \u00e0s vezes pensais que n\u00e3o ides conseguir, um pouco de pessimismo nos invade \u00e0s vezes; a v\u00f3s, jovens, tentados neste tempo a desanimar, a julgar-vos quem sabe inadequados ou a esconder a vossa dor disfar\u00e7ando-a com um sorriso; a v\u00f3s, jovens, que quereis mudar o mundo, e est\u00e1 bem que queirais mudar o mundo e que queirais lutais pela justi\u00e7a e a paz; a v\u00f3s, jovens, que investis o melhor da vosso esfor\u00e7o e imagina\u00e7\u00e3o ficando por\u00e9m com a sensa\u00e7\u00e3o de que n\u00e3o bastam; a v\u00f3s, jovens, de quem a Igreja e o mundo t\u00eam necessidade como a terra da chuva; a v\u00f3s, jovens, que sois o presente e o futuro\u2026 precisamente a v\u00f3s, jovens, hoje \u00e9 que Jesus diz: \u00abN\u00e3o tenhais medo\u00bb.<\/p>\n<p><img loading=\"lazy\" class=\"alignnone size-full wp-image-244388\" src=\"https:\/\/franciscanos.org.br\/noticias\/wp-content\/uploads\/2023\/08\/domingo_0608_3.jpg\" alt=\"\" width=\"1280\" height=\"853\" srcset=\"https:\/\/franciscanos.org.br\/noticias\/wp-content\/uploads\/2023\/08\/domingo_0608_3.jpg 1280w, https:\/\/franciscanos.org.br\/noticias\/wp-content\/uploads\/2023\/08\/domingo_0608_3-450x300.jpg 450w, https:\/\/franciscanos.org.br\/noticias\/wp-content\/uploads\/2023\/08\/domingo_0608_3-1024x682.jpg 1024w, https:\/\/franciscanos.org.br\/noticias\/wp-content\/uploads\/2023\/08\/domingo_0608_3-768x512.jpg 768w, https:\/\/franciscanos.org.br\/noticias\/wp-content\/uploads\/2023\/08\/domingo_0608_3-150x100.jpg 150w\" sizes=\"(max-width: 1280px) 100vw, 1280px\" \/><\/p>\n<p>Em um pequeno sil\u00eancio, cada um repita para si mesmo, em seu cora\u00e7\u00e3o, estas palavras: &#8220;N\u00e3o tenhais medo&#8221;.<\/p>\n<p>Queridos jovens, gostaria de olhar cada um de voc\u00eas nos olhos e dizer: n\u00e3o tenham medo. N\u00e3o tenham medo. E mais, digo-lhes uma coisa muito bonita, j\u00e1 n\u00e3o sou eu, \u00e9 o pr\u00f3prio Jesus que vos olha, neste momento. Ele est\u00e1 nos observando. Ele vos conhece, conhece o cora\u00e7\u00e3o de cada um de voc\u00eas, conhece a vida de cada um de voc\u00eas, conhece as alegrias, conhece as tristezas, os sucessos e os fracassos, conhece o seu cora\u00e7\u00e3o. Ele l\u00ea os vossos cora\u00e7\u00f5es e hoje diz-vos, aqui em Lisboa, nesta Jornada Mundial da Juventude: &#8220;N\u00e3o tenham medo.&#8221; &#8220;N\u00e3o tenha medo&#8221;. Coragem, n\u00e3o tenham medo.&#8221;<\/p>\n<hr \/>\n<div id=\"attachment_244395\" style=\"width: 1290px\" class=\"wp-caption alignnone\"><img aria-describedby=\"caption-attachment-244395\" loading=\"lazy\" class=\"wp-image-244395 size-full\" src=\"https:\/\/franciscanos.org.br\/noticias\/wp-content\/uploads\/2023\/08\/domingo_0608_7.jpg\" alt=\"\" width=\"1280\" height=\"720\" srcset=\"https:\/\/franciscanos.org.br\/noticias\/wp-content\/uploads\/2023\/08\/domingo_0608_7.jpg 1280w, https:\/\/franciscanos.org.br\/noticias\/wp-content\/uploads\/2023\/08\/domingo_0608_7-450x253.jpg 450w, https:\/\/franciscanos.org.br\/noticias\/wp-content\/uploads\/2023\/08\/domingo_0608_7-1024x576.jpg 1024w, https:\/\/franciscanos.org.br\/noticias\/wp-content\/uploads\/2023\/08\/domingo_0608_7-768x432.jpg 768w, https:\/\/franciscanos.org.br\/noticias\/wp-content\/uploads\/2023\/08\/domingo_0608_7-150x84.jpg 150w\" sizes=\"(max-width: 1280px) 100vw, 1280px\" \/><p id=\"caption-attachment-244395\" class=\"wp-caption-text\"><em>Imagem: site oficial JMJ Lisboa 2023<\/em><\/p><\/div>\n<h1 class=\"article__title\">S\u00f3 uma coisa \u00e9 gratuita na vida: o amor de Jesus, afirma o Papa aos jovens na Vig\u00edlia<b><\/b><\/h1>\n<div class=\"article__text\">\n<p>Grande festa dos jovens com o Papa no Campo da Gra\u00e7a, no Parque Tejo em Lisboa, na Vig\u00edlia deste s\u00e1bado, 5 de agosto, v\u00e9spera do encerramento da JMJ, este domingo. Um momento forte de ora\u00e7\u00e3o atrav\u00e9s da arte, repleto de luzes e cores, cantos, coreografias, testemunhos e Adora\u00e7\u00e3o Eucar\u00edstica.<\/p>\n<p>Momento sim, de muita alegria e emo\u00e7\u00e3o: no testemunho do padre Ant\u00f3nio Ribeiro de Matos, um sacerdote portugu\u00eas de 33 anos, seu encontro com Deus e de que modo sua vida mudou a partir daquele encontro. No testemunho de Marta Lu\u00eds, jovem mo\u00e7ambicana de 18 anos, a hist\u00f3ria dif\u00edcil de sua vida, num local atormentado pela guerra, e como Deus a foi sempre conduzindo do medo \u00e0 esperan\u00e7a.<\/p>\n<h2>Encontrar, levantar, partir<\/h2>\n<p>Inspirando-se no lema desta JMJ,\u00a0<i>Maria levantou-se e partiu apressadamente<\/i>, o Santo Padre desenvolveu sua reflex\u00e3o perfazendo o percurso desta noite de Vig\u00edlia: encontrar, levantar e partir. Ao ressaltar que Maria partiu apressadamente, lembrou que ela realiza um gesto n\u00e3o solicitado e sem ser obrigada. Partiu simplesmente porque ama e &#8220;quem ama voa, corre feliz&#8221;.<\/p>\n<p>Maria n\u00e3o espera, toma a iniciativa: vai ajudar a prima Isabel e, sobretudo, apressa-se a dar-lhe o que h\u00e1 de mais precioso: a alegria. \u00c9 mission\u00e1ria da alegria e por isso tem pressa, frisou o Pont\u00edfice.\u00a0&#8220;A alegria \u00e9 mission\u00e1ria!&#8221;.<\/p>\n<p>E n\u00e3o s\u00f3, Maria ensina-nos que \u00e9 preciso a const\u00e2ncia da caminhada, n\u00e3o permanecer no ch\u00e3o se cair. E se algu\u00e9m cair, ajudar o outro a se levantar &#8211; \u00fanica ocasi\u00e3o em que \u00e9 l\u00edcito olhar algu\u00e9m de cima para baixo.<\/p>\n<h2>Nas quedas, levantar-se, e partir novamente<\/h2>\n<p>O Papa faz uma met\u00e1fora futebol\u00edstica para afirmar que assim como \u00e9 preciso de muito treino para marcar um gol, o mesmo acontece na vida:<\/p>\n<p>&#8220;\u00c0s vezes, n\u00e3o temos vontade de caminhar, n\u00e3o temos vontade de nos esfor\u00e7ar, copiamos nas provas porque n\u00e3o queremos estudar e n\u00e3o conseguimos. N\u00e3o sei se algumas pessoas gostam de futebol. Eu gosto. O que h\u00e1 por tr\u00e1s de um gol? Muito treinamento. O que h\u00e1 por tr\u00e1s do sucesso? Muito treinamento. E na vida, nem sempre podemos fazer o que queremos, mas o que a voca\u00e7\u00e3o que tenho dentro de mim &#8211; todo mundo tem sua pr\u00f3pria voca\u00e7\u00e3o &#8211; nos leva a fazer. Caminhar; se eu cair, levantar-me ou ser ajudado a me levantar; n\u00e3o ficar no ch\u00e3o; e treinar, treinar ao longo do caminho.&#8221;<\/p>\n<h2>Caminhar com esperan\u00e7a, sem medo<\/h2>\n<p>Tudo isso \u00e9 poss\u00edvel, acrescentou Francisco, n\u00e3o porque fazemos cursos sobre o caminho &#8211; n\u00e3o h\u00e1 curso para nos ensinar a caminhar na vida, n\u00f3s aprendemos, aprendemos com nossos pais, aprendemos com nossos av\u00f3s, aprendemos com nossos amigos, segurando as m\u00e3os uns dos outros. Na vida, voc\u00ea aprende, e isso \u00e9 um treinamento ao longo do caminho.<\/p>\n<p>&#8220;Deixo voc\u00eas com esta ideia: caminhar e, se ca\u00edrem, levantar-se. Caminhar com uma meta. Treinar todos os dias na vida. Na vida, nada \u00e9 gratuito. Tudo se paga. S\u00f3 h\u00e1 uma coisa gratuita: o amor de Jesus. Portanto, com essa coisa gratuita que temos, o amor de Jesus, e com o desejo de caminhar, caminhemos com esperan\u00e7a, olhemos para nossas ra\u00edzes e sigamos em frente sem medo, sem medo. N\u00e3o tenham medo! Obrigado!&#8221;<\/p>\n<p>Ap\u00f3s o pronunciamento do Santo Padre, seguiu a Adora\u00e7\u00e3o Eucar\u00edstica e o sil\u00eancio tomou conta do Parque Tejo, n\u00e3o obstante a presen\u00e7a de um milh\u00e3o e meio de pessoas.<\/p>\n<\/div>\n<div id=\"banner-donazioni\" class=\"article_banner\">\n<hr \/>\n<p><em>Raimundo de Lima\/Bianca Fraccalvieri \u2013 Vatican News<\/em><\/p>\n<\/div>\n","protected":false},"excerpt":{"rendered":"<p>Jornada Mundial da Juventude<\/p>\n","protected":false},"author":3,"featured_media":244385,"comment_status":"open","ping_status":"open","sticky":false,"template":"","format":"standard","meta":[],"categories":[1],"tags":[1797],"acf":[],"yoast_head":"<!-- This site is optimized with the Yoast SEO plugin v19.2 - https:\/\/yoast.com\/wordpress\/plugins\/seo\/ -->\n<title>&quot;N\u00e3o tenham medo!&quot;, \u00e9 a exorta\u00e7\u00e3o do Papa aos jovens na Missa em Lisboa - Not\u00edcias - Franciscanos<\/title>\n<meta name=\"robots\" content=\"index, follow, max-snippet:-1, max-image-preview:large, max-video-preview:-1\" \/>\n<link rel=\"canonical\" href=\"https:\/\/franciscanos.org.br\/noticias\/nao-tenham-medo-e-a-exortacao-do-papa-aos-jovens-na-missa-em-lisboa.html\" \/>\n<meta property=\"og:locale\" content=\"pt_BR\" \/>\n<meta property=\"og:type\" content=\"article\" \/>\n<meta property=\"og:title\" content=\"&quot;N\u00e3o tenham medo!&quot;, \u00e9 a exorta\u00e7\u00e3o do Papa aos jovens na Missa em Lisboa - Not\u00edcias - Franciscanos\" \/>\n<meta property=\"og:description\" content=\"Jornada Mundial da Juventude\" \/>\n<meta property=\"og:url\" content=\"https:\/\/franciscanos.org.br\/noticias\/nao-tenham-medo-e-a-exortacao-do-papa-aos-jovens-na-missa-em-lisboa.html\" \/>\n<meta property=\"og:site_name\" content=\"Not\u00edcias - Franciscanos\" \/>\n<meta property=\"article:published_time\" content=\"2023-08-06T12:14:12+00:00\" \/>\n<meta property=\"article:modified_time\" content=\"2023-08-06T12:30:23+00:00\" \/>\n<meta property=\"og:image\" content=\"https:\/\/franciscanos.org.br\/noticias\/wp-content\/uploads\/2023\/08\/domingo_0608.jpg\" \/>\n\t<meta property=\"og:image:width\" content=\"1280\" \/>\n\t<meta property=\"og:image:height\" content=\"720\" \/>\n\t<meta property=\"og:image:type\" content=\"image\/jpeg\" \/>\n<meta name=\"author\" content=\"moacir\" \/>\n<meta name=\"twitter:card\" content=\"summary_large_image\" \/>\n<meta name=\"twitter:label1\" content=\"Escrito por\" \/>\n\t<meta name=\"twitter:data1\" content=\"moacir\" \/>\n\t<meta name=\"twitter:label2\" content=\"Est. tempo de leitura\" \/>\n\t<meta name=\"twitter:data2\" content=\"9 minutos\" \/>\n<script type=\"application\/ld+json\" class=\"yoast-schema-graph\">{\"@context\":\"https:\/\/schema.org\",\"@graph\":[{\"@type\":\"WebSite\",\"@id\":\"https:\/\/franciscanos.org.br\/noticias\/#website\",\"url\":\"https:\/\/franciscanos.org.br\/noticias\/\",\"name\":\"Not\u00edcias - Franciscanos\",\"description\":\"Prov\u00edncia Franciscana da Imaculada Concei\u00e7\u00e3o do Brasil - Ordem dos Frades Menores - OFM\",\"potentialAction\":[{\"@type\":\"SearchAction\",\"target\":{\"@type\":\"EntryPoint\",\"urlTemplate\":\"https:\/\/franciscanos.org.br\/noticias\/?s={search_term_string}\"},\"query-input\":\"required name=search_term_string\"}],\"inLanguage\":\"pt-BR\"},{\"@type\":\"ImageObject\",\"inLanguage\":\"pt-BR\",\"@id\":\"https:\/\/franciscanos.org.br\/noticias\/nao-tenham-medo-e-a-exortacao-do-papa-aos-jovens-na-missa-em-lisboa.html#primaryimage\",\"url\":\"https:\/\/franciscanos.org.br\/noticias\/wp-content\/uploads\/2023\/08\/domingo_0608.jpg\",\"contentUrl\":\"https:\/\/franciscanos.org.br\/noticias\/wp-content\/uploads\/2023\/08\/domingo_0608.jpg\",\"width\":1280,\"height\":720},{\"@type\":\"WebPage\",\"@id\":\"https:\/\/franciscanos.org.br\/noticias\/nao-tenham-medo-e-a-exortacao-do-papa-aos-jovens-na-missa-em-lisboa.html#webpage\",\"url\":\"https:\/\/franciscanos.org.br\/noticias\/nao-tenham-medo-e-a-exortacao-do-papa-aos-jovens-na-missa-em-lisboa.html\",\"name\":\"\\\"N\u00e3o tenham medo!\\\", \u00e9 a exorta\u00e7\u00e3o do Papa aos jovens na Missa em Lisboa - Not\u00edcias - Franciscanos\",\"isPartOf\":{\"@id\":\"https:\/\/franciscanos.org.br\/noticias\/#website\"},\"primaryImageOfPage\":{\"@id\":\"https:\/\/franciscanos.org.br\/noticias\/nao-tenham-medo-e-a-exortacao-do-papa-aos-jovens-na-missa-em-lisboa.html#primaryimage\"},\"datePublished\":\"2023-08-06T12:14:12+00:00\",\"dateModified\":\"2023-08-06T12:30:23+00:00\",\"author\":{\"@id\":\"https:\/\/franciscanos.org.br\/noticias\/#\/schema\/person\/b5c8cba458c330ccff548b056e95a5d4\"},\"breadcrumb\":{\"@id\":\"https:\/\/franciscanos.org.br\/noticias\/nao-tenham-medo-e-a-exortacao-do-papa-aos-jovens-na-missa-em-lisboa.html#breadcrumb\"},\"inLanguage\":\"pt-BR\",\"potentialAction\":[{\"@type\":\"ReadAction\",\"target\":[\"https:\/\/franciscanos.org.br\/noticias\/nao-tenham-medo-e-a-exortacao-do-papa-aos-jovens-na-missa-em-lisboa.html\"]}]},{\"@type\":\"BreadcrumbList\",\"@id\":\"https:\/\/franciscanos.org.br\/noticias\/nao-tenham-medo-e-a-exortacao-do-papa-aos-jovens-na-missa-em-lisboa.html#breadcrumb\",\"itemListElement\":[{\"@type\":\"ListItem\",\"position\":1,\"name\":\"Home\",\"item\":\"https:\/\/franciscanos.org.br\/noticias\"},{\"@type\":\"ListItem\",\"position\":2,\"name\":\"&#8220;N\u00e3o tenham medo!&#8221;, \u00e9 a exorta\u00e7\u00e3o do Papa aos jovens na Missa em Lisboa\"}]},{\"@type\":\"Person\",\"@id\":\"https:\/\/franciscanos.org.br\/noticias\/#\/schema\/person\/b5c8cba458c330ccff548b056e95a5d4\",\"name\":\"moacir\",\"image\":{\"@type\":\"ImageObject\",\"inLanguage\":\"pt-BR\",\"@id\":\"https:\/\/franciscanos.org.br\/noticias\/#\/schema\/person\/image\/\",\"url\":\"https:\/\/secure.gravatar.com\/avatar\/d08aa2ce4c8dd416d4479aa8536fcf64?s=96&d=mm&r=g\",\"contentUrl\":\"https:\/\/secure.gravatar.com\/avatar\/d08aa2ce4c8dd416d4479aa8536fcf64?s=96&d=mm&r=g\",\"caption\":\"moacir\"},\"url\":\"https:\/\/franciscanos.org.br\/noticias\/author\/moacir\"}]}<\/script>\n<!-- \/ Yoast SEO plugin. -->","yoast_head_json":{"title":"\"N\u00e3o tenham medo!\", \u00e9 a exorta\u00e7\u00e3o do Papa aos jovens na Missa em Lisboa - Not\u00edcias - Franciscanos","robots":{"index":"index","follow":"follow","max-snippet":"max-snippet:-1","max-image-preview":"max-image-preview:large","max-video-preview":"max-video-preview:-1"},"canonical":"https:\/\/franciscanos.org.br\/noticias\/nao-tenham-medo-e-a-exortacao-do-papa-aos-jovens-na-missa-em-lisboa.html","og_locale":"pt_BR","og_type":"article","og_title":"\"N\u00e3o tenham medo!\", \u00e9 a exorta\u00e7\u00e3o do Papa aos jovens na Missa em Lisboa - Not\u00edcias - Franciscanos","og_description":"Jornada Mundial da Juventude","og_url":"https:\/\/franciscanos.org.br\/noticias\/nao-tenham-medo-e-a-exortacao-do-papa-aos-jovens-na-missa-em-lisboa.html","og_site_name":"Not\u00edcias - Franciscanos","article_published_time":"2023-08-06T12:14:12+00:00","article_modified_time":"2023-08-06T12:30:23+00:00","og_image":[{"width":1280,"height":720,"url":"https:\/\/franciscanos.org.br\/noticias\/wp-content\/uploads\/2023\/08\/domingo_0608.jpg","type":"image\/jpeg"}],"author":"moacir","twitter_card":"summary_large_image","twitter_misc":{"Escrito por":"moacir","Est. tempo de leitura":"9 minutos"},"schema":{"@context":"https:\/\/schema.org","@graph":[{"@type":"WebSite","@id":"https:\/\/franciscanos.org.br\/noticias\/#website","url":"https:\/\/franciscanos.org.br\/noticias\/","name":"Not\u00edcias - Franciscanos","description":"Prov\u00edncia Franciscana da Imaculada Concei\u00e7\u00e3o do Brasil - Ordem dos Frades Menores - OFM","potentialAction":[{"@type":"SearchAction","target":{"@type":"EntryPoint","urlTemplate":"https:\/\/franciscanos.org.br\/noticias\/?s={search_term_string}"},"query-input":"required name=search_term_string"}],"inLanguage":"pt-BR"},{"@type":"ImageObject","inLanguage":"pt-BR","@id":"https:\/\/franciscanos.org.br\/noticias\/nao-tenham-medo-e-a-exortacao-do-papa-aos-jovens-na-missa-em-lisboa.html#primaryimage","url":"https:\/\/franciscanos.org.br\/noticias\/wp-content\/uploads\/2023\/08\/domingo_0608.jpg","contentUrl":"https:\/\/franciscanos.org.br\/noticias\/wp-content\/uploads\/2023\/08\/domingo_0608.jpg","width":1280,"height":720},{"@type":"WebPage","@id":"https:\/\/franciscanos.org.br\/noticias\/nao-tenham-medo-e-a-exortacao-do-papa-aos-jovens-na-missa-em-lisboa.html#webpage","url":"https:\/\/franciscanos.org.br\/noticias\/nao-tenham-medo-e-a-exortacao-do-papa-aos-jovens-na-missa-em-lisboa.html","name":"\"N\u00e3o tenham medo!\", \u00e9 a exorta\u00e7\u00e3o do Papa aos jovens na Missa em Lisboa - Not\u00edcias - Franciscanos","isPartOf":{"@id":"https:\/\/franciscanos.org.br\/noticias\/#website"},"primaryImageOfPage":{"@id":"https:\/\/franciscanos.org.br\/noticias\/nao-tenham-medo-e-a-exortacao-do-papa-aos-jovens-na-missa-em-lisboa.html#primaryimage"},"datePublished":"2023-08-06T12:14:12+00:00","dateModified":"2023-08-06T12:30:23+00:00","author":{"@id":"https:\/\/franciscanos.org.br\/noticias\/#\/schema\/person\/b5c8cba458c330ccff548b056e95a5d4"},"breadcrumb":{"@id":"https:\/\/franciscanos.org.br\/noticias\/nao-tenham-medo-e-a-exortacao-do-papa-aos-jovens-na-missa-em-lisboa.html#breadcrumb"},"inLanguage":"pt-BR","potentialAction":[{"@type":"ReadAction","target":["https:\/\/franciscanos.org.br\/noticias\/nao-tenham-medo-e-a-exortacao-do-papa-aos-jovens-na-missa-em-lisboa.html"]}]},{"@type":"BreadcrumbList","@id":"https:\/\/franciscanos.org.br\/noticias\/nao-tenham-medo-e-a-exortacao-do-papa-aos-jovens-na-missa-em-lisboa.html#breadcrumb","itemListElement":[{"@type":"ListItem","position":1,"name":"Home","item":"https:\/\/franciscanos.org.br\/noticias"},{"@type":"ListItem","position":2,"name":"&#8220;N\u00e3o tenham medo!&#8221;, \u00e9 a exorta\u00e7\u00e3o do Papa aos jovens na Missa em Lisboa"}]},{"@type":"Person","@id":"https:\/\/franciscanos.org.br\/noticias\/#\/schema\/person\/b5c8cba458c330ccff548b056e95a5d4","name":"moacir","image":{"@type":"ImageObject","inLanguage":"pt-BR","@id":"https:\/\/franciscanos.org.br\/noticias\/#\/schema\/person\/image\/","url":"https:\/\/secure.gravatar.com\/avatar\/d08aa2ce4c8dd416d4479aa8536fcf64?s=96&d=mm&r=g","contentUrl":"https:\/\/secure.gravatar.com\/avatar\/d08aa2ce4c8dd416d4479aa8536fcf64?s=96&d=mm&r=g","caption":"moacir"},"url":"https:\/\/franciscanos.org.br\/noticias\/author\/moacir"}]}},"_links":{"self":[{"href":"https:\/\/franciscanos.org.br\/noticias\/wp-json\/wp\/v2\/posts\/244384"}],"collection":[{"href":"https:\/\/franciscanos.org.br\/noticias\/wp-json\/wp\/v2\/posts"}],"about":[{"href":"https:\/\/franciscanos.org.br\/noticias\/wp-json\/wp\/v2\/types\/post"}],"author":[{"embeddable":true,"href":"https:\/\/franciscanos.org.br\/noticias\/wp-json\/wp\/v2\/users\/3"}],"replies":[{"embeddable":true,"href":"https:\/\/franciscanos.org.br\/noticias\/wp-json\/wp\/v2\/comments?post=244384"}],"version-history":[{"count":5,"href":"https:\/\/franciscanos.org.br\/noticias\/wp-json\/wp\/v2\/posts\/244384\/revisions"}],"predecessor-version":[{"id":244398,"href":"https:\/\/franciscanos.org.br\/noticias\/wp-json\/wp\/v2\/posts\/244384\/revisions\/244398"}],"wp:featuredmedia":[{"embeddable":true,"href":"https:\/\/franciscanos.org.br\/noticias\/wp-json\/wp\/v2\/media\/244385"}],"wp:attachment":[{"href":"https:\/\/franciscanos.org.br\/noticias\/wp-json\/wp\/v2\/media?parent=244384"}],"wp:term":[{"taxonomy":"category","embeddable":true,"href":"https:\/\/franciscanos.org.br\/noticias\/wp-json\/wp\/v2\/categories?post=244384"},{"taxonomy":"post_tag","embeddable":true,"href":"https:\/\/franciscanos.org.br\/noticias\/wp-json\/wp\/v2\/tags?post=244384"}],"curies":[{"name":"wp","href":"https:\/\/api.w.org\/{rel}","templated":true}]}}