{"id":244379,"date":"2023-08-05T08:47:27","date_gmt":"2023-08-05T11:47:27","guid":{"rendered":"https:\/\/franciscanos.org.br\/noticias\/?p=244379"},"modified":"2023-08-05T08:47:27","modified_gmt":"2023-08-05T11:47:27","slug":"papa-na-via-sacra-jesus-morre-na-cruz-para-que-nossa-alma-possa-sorrir","status":"publish","type":"post","link":"https:\/\/franciscanos.org.br\/noticias\/papa-na-via-sacra-jesus-morre-na-cruz-para-que-nossa-alma-possa-sorrir.html","title":{"rendered":"Papa na Via-Sacra: Jesus morre na Cruz para que nossa alma possa sorrir"},"content":{"rendered":"<p><img loading=\"lazy\" class=\"alignnone size-full wp-image-244380\" src=\"https:\/\/franciscanos.org.br\/noticias\/wp-content\/uploads\/2023\/08\/lisboa_0509_9.jpg\" alt=\"\" width=\"1280\" height=\"853\" srcset=\"https:\/\/franciscanos.org.br\/noticias\/wp-content\/uploads\/2023\/08\/lisboa_0509_9.jpg 1280w, https:\/\/franciscanos.org.br\/noticias\/wp-content\/uploads\/2023\/08\/lisboa_0509_9-450x300.jpg 450w, https:\/\/franciscanos.org.br\/noticias\/wp-content\/uploads\/2023\/08\/lisboa_0509_9-1024x682.jpg 1024w, https:\/\/franciscanos.org.br\/noticias\/wp-content\/uploads\/2023\/08\/lisboa_0509_9-768x512.jpg 768w, https:\/\/franciscanos.org.br\/noticias\/wp-content\/uploads\/2023\/08\/lisboa_0509_9-150x100.jpg 150w\" sizes=\"(max-width: 1280px) 100vw, 1280px\" \/><\/p>\n<p>A Via-Sacra Lisboa 2023 foi anunciada como &#8220;diferente do normal&#8221; e assim foi!<\/p>\n<p>No final da tarde desta sexta-feira, o Papa Francisco voltou ao parque Eduardo VII, a &#8220;Colina do Encontro&#8221;, para partilhar com os jovens os momentos da Paix\u00e3o de Cristo.<\/p>\n<p>Ap\u00f3s passar por entre os 800 mil presentes a bordo do papam\u00f3vel, o Pont\u00edfice deu in\u00edcio ao evento com a sua b\u00ean\u00e7\u00e3o e, em seguida, dirigiu aos jovens algumas palavras, deixando de lado o texto previamente preparado.\u00a0&#8220;Hoje, voc\u00eas v\u00e3o caminhar com Jesus hoje. Jesus \u00e9 o Caminho e n\u00f3s vamos caminhar com Ele, porque Ele caminhou.&#8221;<\/p>\n<p>O caminho de Jesus, explicou o Papa, \u00e9 Deus saindo de si mesmo para caminhar entre n\u00f3s. \u00c9 o que ouvimos tantas vezes na missa: &#8220;O Verbo se fez carne e habitou entre n\u00f3s&#8221;. E Ele o faz isso por amor.<\/p>\n<p>A Cruz que acompanha cada Jornada Mundial da Juventude, acrescentou o Pont\u00edfice, \u00e9 o \u00edcone, \u00e9 a figura dessa jornada. A Cruz \u00e9 o significado maior do amor maior, aquele amor com o qual Jesus quer abra\u00e7ar nossa vida. E ningu\u00e9m tem mais amor do que aquele que d\u00e1 a vida por seus amigos, que d\u00e1 a vida pelos outros. &#8220;\u00c9 por isso que, quando olhamos para o Crucificado, que \u00e9 t\u00e3o doloroso, t\u00e3o dif\u00edcil, vemos a beleza do amor que d\u00e1 a vida por cada um de n\u00f3s.&#8221;<\/p>\n<p><img loading=\"lazy\" class=\"alignnone size-full wp-image-244381\" src=\"https:\/\/franciscanos.org.br\/noticias\/wp-content\/uploads\/2023\/08\/lisboa_0509_7.jpg\" alt=\"\" width=\"1280\" height=\"853\" srcset=\"https:\/\/franciscanos.org.br\/noticias\/wp-content\/uploads\/2023\/08\/lisboa_0509_7.jpg 1280w, https:\/\/franciscanos.org.br\/noticias\/wp-content\/uploads\/2023\/08\/lisboa_0509_7-450x300.jpg 450w, https:\/\/franciscanos.org.br\/noticias\/wp-content\/uploads\/2023\/08\/lisboa_0509_7-1024x682.jpg 1024w, https:\/\/franciscanos.org.br\/noticias\/wp-content\/uploads\/2023\/08\/lisboa_0509_7-768x512.jpg 768w, https:\/\/franciscanos.org.br\/noticias\/wp-content\/uploads\/2023\/08\/lisboa_0509_7-150x100.jpg 150w\" sizes=\"(max-width: 1280px) 100vw, 1280px\" \/><\/p>\n<p>O Papa ent\u00e3o se dirigiu aos jovens fazendo uma pergunta:\u00a0&#8220;Eu choro de vez em quando? H\u00e1 coisas na vida que me fazem chorar? Todos n\u00f3s j\u00e1 choramos em nossas vidas, e ainda choramos. E ali Jesus est\u00e1 conosco, Ele chora conosco, porque Ele nos acompanha na escurid\u00e3o que nos leva ao pranto.<\/p>\n<p>Vou fazer um pouco de sil\u00eancio e cada um de n\u00f3s dir\u00e1 a Jesus por que chora na vida, cada um de n\u00f3s dir\u00e1 a Ele agora, em sil\u00eancio. Jesus, com sua ternura, enxuga nossas l\u00e1grimas ocultas.&#8221;<\/p>\n<p>Amar \u00e9 arriscado, prosseguiu, mas \u00e9 preciso correr o risco de amar. \u00c9 um risco, mas vale a pena corr\u00ea-lo, porque Jesus caminha conosco. &#8220;E Jesus caminha para a Cruz, morre na Cruz para que nossa alma possa sorrir.&#8221;<\/p>\n<p>Ap\u00f3s as palavras do Pont\u00edfice, tiveram in\u00edcio as 14 esta\u00e7\u00f5es, que refletiram 14 fragilidades identificadas pela pr\u00f3pria juventude, de acordo com um grupo formado por 50 jovens de 22 pa\u00edses que organizaram a Via-Sacra.<\/p>\n<p>Falou-se de sa\u00fade mental, viol\u00eancia, solid\u00e3o e intoler\u00e2ncia, tudo encenado de forma bastante original, num percurso vertical da Cruz entre os andaimes que formam o palco, de jovem a jovem.<\/p>\n<hr \/>\n<p><em>Fonte: Vatican News (texto de Bianca Fraccalvieri)\u00a0<\/em><\/p>\n<hr \/>\n<h2><img loading=\"lazy\" class=\"alignnone size-full wp-image-244382\" src=\"https:\/\/franciscanos.org.br\/noticias\/wp-content\/uploads\/2023\/08\/lisboa_0509_10.jpg\" alt=\"\" width=\"1280\" height=\"854\" srcset=\"https:\/\/franciscanos.org.br\/noticias\/wp-content\/uploads\/2023\/08\/lisboa_0509_10.jpg 1280w, https:\/\/franciscanos.org.br\/noticias\/wp-content\/uploads\/2023\/08\/lisboa_0509_10-450x300.jpg 450w, https:\/\/franciscanos.org.br\/noticias\/wp-content\/uploads\/2023\/08\/lisboa_0509_10-1024x683.jpg 1024w, https:\/\/franciscanos.org.br\/noticias\/wp-content\/uploads\/2023\/08\/lisboa_0509_10-768x512.jpg 768w, https:\/\/franciscanos.org.br\/noticias\/wp-content\/uploads\/2023\/08\/lisboa_0509_10-150x100.jpg 150w\" sizes=\"(max-width: 1280px) 100vw, 1280px\" \/><\/h2>\n<h2>jovens identificam 14 fragilidades do mundo que ser\u00e3o ligadas \u00e0s esta\u00e7\u00f5es da Via-Sacra<\/h2>\n<p>O Papa Francisco volta ao parque Eduardo VII nesta sexta-feira (4) para a Via-Sacra com os jovens. Segundo Matilde Trocado, da dire\u00e7\u00e3o art\u00edstica do Ensemble 23 &#8211; o grupo de 50 jovens de 22 pa\u00edses que tem atuado durante os eventos centrais da JMJ -, a Via-Sacra nasceu de uma consulta mundial feita \u00e0 juventude:<\/p>\n<p>&#8220;Foram os jovens que identificaram, na vis\u00e3o deles, quais eram as principais fragilidades do mundo. E, a partir desta consulta, chegamos a 14 fragilidades que eles identificavam como as principais no mundo que vem a volta. E, ent\u00e3o, ligamos cada fragilidade \u00e0 cada uma das esta\u00e7\u00f5es da Via-Sacra. E, portanto, \u00e9 uma Via-Sacra que n\u00e3o s\u00f3 fazemos a narrativa da Paix\u00e3o, acompanhando Jesus at\u00e9 a cruz, mas em cada uma delas rezamos uma fragilidade no mundo identificada pelos jovens.&#8221;<\/p>\n<p>Algumas das fragilidades identificadas pelos jovens, que Matilde antecipou em entrevista a Silvonei Jos\u00e9, enviado especial da R\u00e1dio Vaticano &#8211; Vatican News \u00e0 JMJ em Lisboa, s\u00e3o: a sa\u00fade mental, a viol\u00eancia, a solid\u00e3o e a intoler\u00e2ncia. A diretora art\u00edstica destacou ainda que ser\u00e1 uma Via-Sacra com um percurso &#8220;original&#8221;, &#8220;diferente do normal&#8221; e &#8220;bastante in\u00e9dito&#8221;: em termos art\u00edsticos, disse ela, &#8220;\u00e9 uma leitura um pouco mais aberta e constru\u00edda mesmo pelos jovens&#8221;.<\/p>\n<p>O projeto, como explicou Matilde, nasceu da Companhia de Jesus com as reflex\u00f5es de cada esta\u00e7\u00e3o feitas pelo jesu\u00edta de Lisboa, Pe. Nuno Tovar de Lemos. Os pain\u00e9is presentes na Via-Sacra tamb\u00e9m s\u00e3o de um jesu\u00edta, Pe. Nuno Branco.<\/p>\n<hr \/>\n<p><em>Fonte: Vatican News (texto de Andressa Collet)<\/em><\/p>\n","protected":false},"excerpt":{"rendered":"<p>Jornada Mundial da Juventude<\/p>\n","protected":false},"author":3,"featured_media":244381,"comment_status":"open","ping_status":"open","sticky":false,"template":"","format":"standard","meta":[],"categories":[1],"tags":[1797],"acf":[],"yoast_head":"<!-- This site is optimized with the Yoast SEO plugin v19.2 - https:\/\/yoast.com\/wordpress\/plugins\/seo\/ -->\n<title>Papa na Via-Sacra: Jesus morre na Cruz para que nossa alma possa sorrir - Not\u00edcias - Franciscanos<\/title>\n<meta name=\"robots\" content=\"index, follow, max-snippet:-1, max-image-preview:large, max-video-preview:-1\" \/>\n<link rel=\"canonical\" href=\"https:\/\/franciscanos.org.br\/noticias\/papa-na-via-sacra-jesus-morre-na-cruz-para-que-nossa-alma-possa-sorrir.html\" \/>\n<meta property=\"og:locale\" content=\"pt_BR\" \/>\n<meta property=\"og:type\" content=\"article\" \/>\n<meta property=\"og:title\" content=\"Papa na Via-Sacra: Jesus morre na Cruz para que nossa alma possa sorrir - Not\u00edcias - Franciscanos\" \/>\n<meta property=\"og:description\" content=\"Jornada Mundial da Juventude\" \/>\n<meta property=\"og:url\" content=\"https:\/\/franciscanos.org.br\/noticias\/papa-na-via-sacra-jesus-morre-na-cruz-para-que-nossa-alma-possa-sorrir.html\" \/>\n<meta property=\"og:site_name\" content=\"Not\u00edcias - Franciscanos\" \/>\n<meta property=\"article:published_time\" content=\"2023-08-05T11:47:27+00:00\" \/>\n<meta property=\"og:image\" content=\"https:\/\/franciscanos.org.br\/noticias\/wp-content\/uploads\/2023\/08\/lisboa_0509_7.jpg\" \/>\n\t<meta property=\"og:image:width\" content=\"1280\" \/>\n\t<meta property=\"og:image:height\" content=\"853\" \/>\n\t<meta property=\"og:image:type\" content=\"image\/jpeg\" \/>\n<meta name=\"author\" content=\"moacir\" \/>\n<meta name=\"twitter:card\" content=\"summary_large_image\" \/>\n<meta name=\"twitter:label1\" content=\"Escrito por\" \/>\n\t<meta name=\"twitter:data1\" content=\"moacir\" \/>\n\t<meta name=\"twitter:label2\" content=\"Est. tempo de leitura\" \/>\n\t<meta name=\"twitter:data2\" content=\"4 minutos\" \/>\n<script type=\"application\/ld+json\" class=\"yoast-schema-graph\">{\"@context\":\"https:\/\/schema.org\",\"@graph\":[{\"@type\":\"WebSite\",\"@id\":\"https:\/\/franciscanos.org.br\/noticias\/#website\",\"url\":\"https:\/\/franciscanos.org.br\/noticias\/\",\"name\":\"Not\u00edcias - Franciscanos\",\"description\":\"Prov\u00edncia Franciscana da Imaculada Concei\u00e7\u00e3o do Brasil - Ordem dos Frades Menores - OFM\",\"potentialAction\":[{\"@type\":\"SearchAction\",\"target\":{\"@type\":\"EntryPoint\",\"urlTemplate\":\"https:\/\/franciscanos.org.br\/noticias\/?s={search_term_string}\"},\"query-input\":\"required name=search_term_string\"}],\"inLanguage\":\"pt-BR\"},{\"@type\":\"ImageObject\",\"inLanguage\":\"pt-BR\",\"@id\":\"https:\/\/franciscanos.org.br\/noticias\/papa-na-via-sacra-jesus-morre-na-cruz-para-que-nossa-alma-possa-sorrir.html#primaryimage\",\"url\":\"https:\/\/franciscanos.org.br\/noticias\/wp-content\/uploads\/2023\/08\/lisboa_0509_7.jpg\",\"contentUrl\":\"https:\/\/franciscanos.org.br\/noticias\/wp-content\/uploads\/2023\/08\/lisboa_0509_7.jpg\",\"width\":1280,\"height\":853},{\"@type\":\"WebPage\",\"@id\":\"https:\/\/franciscanos.org.br\/noticias\/papa-na-via-sacra-jesus-morre-na-cruz-para-que-nossa-alma-possa-sorrir.html#webpage\",\"url\":\"https:\/\/franciscanos.org.br\/noticias\/papa-na-via-sacra-jesus-morre-na-cruz-para-que-nossa-alma-possa-sorrir.html\",\"name\":\"Papa na Via-Sacra: Jesus morre na Cruz para que nossa alma possa sorrir - Not\u00edcias - Franciscanos\",\"isPartOf\":{\"@id\":\"https:\/\/franciscanos.org.br\/noticias\/#website\"},\"primaryImageOfPage\":{\"@id\":\"https:\/\/franciscanos.org.br\/noticias\/papa-na-via-sacra-jesus-morre-na-cruz-para-que-nossa-alma-possa-sorrir.html#primaryimage\"},\"datePublished\":\"2023-08-05T11:47:27+00:00\",\"dateModified\":\"2023-08-05T11:47:27+00:00\",\"author\":{\"@id\":\"https:\/\/franciscanos.org.br\/noticias\/#\/schema\/person\/b5c8cba458c330ccff548b056e95a5d4\"},\"breadcrumb\":{\"@id\":\"https:\/\/franciscanos.org.br\/noticias\/papa-na-via-sacra-jesus-morre-na-cruz-para-que-nossa-alma-possa-sorrir.html#breadcrumb\"},\"inLanguage\":\"pt-BR\",\"potentialAction\":[{\"@type\":\"ReadAction\",\"target\":[\"https:\/\/franciscanos.org.br\/noticias\/papa-na-via-sacra-jesus-morre-na-cruz-para-que-nossa-alma-possa-sorrir.html\"]}]},{\"@type\":\"BreadcrumbList\",\"@id\":\"https:\/\/franciscanos.org.br\/noticias\/papa-na-via-sacra-jesus-morre-na-cruz-para-que-nossa-alma-possa-sorrir.html#breadcrumb\",\"itemListElement\":[{\"@type\":\"ListItem\",\"position\":1,\"name\":\"Home\",\"item\":\"https:\/\/franciscanos.org.br\/noticias\"},{\"@type\":\"ListItem\",\"position\":2,\"name\":\"Papa na Via-Sacra: Jesus morre na Cruz para que nossa alma possa sorrir\"}]},{\"@type\":\"Person\",\"@id\":\"https:\/\/franciscanos.org.br\/noticias\/#\/schema\/person\/b5c8cba458c330ccff548b056e95a5d4\",\"name\":\"moacir\",\"image\":{\"@type\":\"ImageObject\",\"inLanguage\":\"pt-BR\",\"@id\":\"https:\/\/franciscanos.org.br\/noticias\/#\/schema\/person\/image\/\",\"url\":\"https:\/\/secure.gravatar.com\/avatar\/d08aa2ce4c8dd416d4479aa8536fcf64?s=96&d=mm&r=g\",\"contentUrl\":\"https:\/\/secure.gravatar.com\/avatar\/d08aa2ce4c8dd416d4479aa8536fcf64?s=96&d=mm&r=g\",\"caption\":\"moacir\"},\"url\":\"https:\/\/franciscanos.org.br\/noticias\/author\/moacir\"}]}<\/script>\n<!-- \/ Yoast SEO plugin. -->","yoast_head_json":{"title":"Papa na Via-Sacra: Jesus morre na Cruz para que nossa alma possa sorrir - Not\u00edcias - Franciscanos","robots":{"index":"index","follow":"follow","max-snippet":"max-snippet:-1","max-image-preview":"max-image-preview:large","max-video-preview":"max-video-preview:-1"},"canonical":"https:\/\/franciscanos.org.br\/noticias\/papa-na-via-sacra-jesus-morre-na-cruz-para-que-nossa-alma-possa-sorrir.html","og_locale":"pt_BR","og_type":"article","og_title":"Papa na Via-Sacra: Jesus morre na Cruz para que nossa alma possa sorrir - Not\u00edcias - Franciscanos","og_description":"Jornada Mundial da Juventude","og_url":"https:\/\/franciscanos.org.br\/noticias\/papa-na-via-sacra-jesus-morre-na-cruz-para-que-nossa-alma-possa-sorrir.html","og_site_name":"Not\u00edcias - Franciscanos","article_published_time":"2023-08-05T11:47:27+00:00","og_image":[{"width":1280,"height":853,"url":"https:\/\/franciscanos.org.br\/noticias\/wp-content\/uploads\/2023\/08\/lisboa_0509_7.jpg","type":"image\/jpeg"}],"author":"moacir","twitter_card":"summary_large_image","twitter_misc":{"Escrito por":"moacir","Est. tempo de leitura":"4 minutos"},"schema":{"@context":"https:\/\/schema.org","@graph":[{"@type":"WebSite","@id":"https:\/\/franciscanos.org.br\/noticias\/#website","url":"https:\/\/franciscanos.org.br\/noticias\/","name":"Not\u00edcias - Franciscanos","description":"Prov\u00edncia Franciscana da Imaculada Concei\u00e7\u00e3o do Brasil - Ordem dos Frades Menores - OFM","potentialAction":[{"@type":"SearchAction","target":{"@type":"EntryPoint","urlTemplate":"https:\/\/franciscanos.org.br\/noticias\/?s={search_term_string}"},"query-input":"required name=search_term_string"}],"inLanguage":"pt-BR"},{"@type":"ImageObject","inLanguage":"pt-BR","@id":"https:\/\/franciscanos.org.br\/noticias\/papa-na-via-sacra-jesus-morre-na-cruz-para-que-nossa-alma-possa-sorrir.html#primaryimage","url":"https:\/\/franciscanos.org.br\/noticias\/wp-content\/uploads\/2023\/08\/lisboa_0509_7.jpg","contentUrl":"https:\/\/franciscanos.org.br\/noticias\/wp-content\/uploads\/2023\/08\/lisboa_0509_7.jpg","width":1280,"height":853},{"@type":"WebPage","@id":"https:\/\/franciscanos.org.br\/noticias\/papa-na-via-sacra-jesus-morre-na-cruz-para-que-nossa-alma-possa-sorrir.html#webpage","url":"https:\/\/franciscanos.org.br\/noticias\/papa-na-via-sacra-jesus-morre-na-cruz-para-que-nossa-alma-possa-sorrir.html","name":"Papa na Via-Sacra: Jesus morre na Cruz para que nossa alma possa sorrir - Not\u00edcias - Franciscanos","isPartOf":{"@id":"https:\/\/franciscanos.org.br\/noticias\/#website"},"primaryImageOfPage":{"@id":"https:\/\/franciscanos.org.br\/noticias\/papa-na-via-sacra-jesus-morre-na-cruz-para-que-nossa-alma-possa-sorrir.html#primaryimage"},"datePublished":"2023-08-05T11:47:27+00:00","dateModified":"2023-08-05T11:47:27+00:00","author":{"@id":"https:\/\/franciscanos.org.br\/noticias\/#\/schema\/person\/b5c8cba458c330ccff548b056e95a5d4"},"breadcrumb":{"@id":"https:\/\/franciscanos.org.br\/noticias\/papa-na-via-sacra-jesus-morre-na-cruz-para-que-nossa-alma-possa-sorrir.html#breadcrumb"},"inLanguage":"pt-BR","potentialAction":[{"@type":"ReadAction","target":["https:\/\/franciscanos.org.br\/noticias\/papa-na-via-sacra-jesus-morre-na-cruz-para-que-nossa-alma-possa-sorrir.html"]}]},{"@type":"BreadcrumbList","@id":"https:\/\/franciscanos.org.br\/noticias\/papa-na-via-sacra-jesus-morre-na-cruz-para-que-nossa-alma-possa-sorrir.html#breadcrumb","itemListElement":[{"@type":"ListItem","position":1,"name":"Home","item":"https:\/\/franciscanos.org.br\/noticias"},{"@type":"ListItem","position":2,"name":"Papa na Via-Sacra: Jesus morre na Cruz para que nossa alma possa sorrir"}]},{"@type":"Person","@id":"https:\/\/franciscanos.org.br\/noticias\/#\/schema\/person\/b5c8cba458c330ccff548b056e95a5d4","name":"moacir","image":{"@type":"ImageObject","inLanguage":"pt-BR","@id":"https:\/\/franciscanos.org.br\/noticias\/#\/schema\/person\/image\/","url":"https:\/\/secure.gravatar.com\/avatar\/d08aa2ce4c8dd416d4479aa8536fcf64?s=96&d=mm&r=g","contentUrl":"https:\/\/secure.gravatar.com\/avatar\/d08aa2ce4c8dd416d4479aa8536fcf64?s=96&d=mm&r=g","caption":"moacir"},"url":"https:\/\/franciscanos.org.br\/noticias\/author\/moacir"}]}},"_links":{"self":[{"href":"https:\/\/franciscanos.org.br\/noticias\/wp-json\/wp\/v2\/posts\/244379"}],"collection":[{"href":"https:\/\/franciscanos.org.br\/noticias\/wp-json\/wp\/v2\/posts"}],"about":[{"href":"https:\/\/franciscanos.org.br\/noticias\/wp-json\/wp\/v2\/types\/post"}],"author":[{"embeddable":true,"href":"https:\/\/franciscanos.org.br\/noticias\/wp-json\/wp\/v2\/users\/3"}],"replies":[{"embeddable":true,"href":"https:\/\/franciscanos.org.br\/noticias\/wp-json\/wp\/v2\/comments?post=244379"}],"version-history":[{"count":1,"href":"https:\/\/franciscanos.org.br\/noticias\/wp-json\/wp\/v2\/posts\/244379\/revisions"}],"predecessor-version":[{"id":244383,"href":"https:\/\/franciscanos.org.br\/noticias\/wp-json\/wp\/v2\/posts\/244379\/revisions\/244383"}],"wp:featuredmedia":[{"embeddable":true,"href":"https:\/\/franciscanos.org.br\/noticias\/wp-json\/wp\/v2\/media\/244381"}],"wp:attachment":[{"href":"https:\/\/franciscanos.org.br\/noticias\/wp-json\/wp\/v2\/media?parent=244379"}],"wp:term":[{"taxonomy":"category","embeddable":true,"href":"https:\/\/franciscanos.org.br\/noticias\/wp-json\/wp\/v2\/categories?post=244379"},{"taxonomy":"post_tag","embeddable":true,"href":"https:\/\/franciscanos.org.br\/noticias\/wp-json\/wp\/v2\/tags?post=244379"}],"curies":[{"name":"wp","href":"https:\/\/api.w.org\/{rel}","templated":true}]}}