{"id":244369,"date":"2023-08-04T13:41:17","date_gmt":"2023-08-04T16:41:17","guid":{"rendered":"https:\/\/franciscanos.org.br\/noticias\/?p=244369"},"modified":"2023-08-04T13:41:17","modified_gmt":"2023-08-04T16:41:17","slug":"manifesto-dos-jovens-participantes-no-iv-congresso-internacional-sobre-o-cuidado-da-criacao","status":"publish","type":"post","link":"https:\/\/franciscanos.org.br\/noticias\/manifesto-dos-jovens-participantes-no-iv-congresso-internacional-sobre-o-cuidado-da-criacao.html","title":{"rendered":"Manifesto dos Jovens participantes no IV Congresso Internacional sobre o Cuidado da Cria\u00e7\u00e3o"},"content":{"rendered":"<div id=\"attachment_244370\" style=\"width: 1290px\" class=\"wp-caption alignnone\"><img aria-describedby=\"caption-attachment-244370\" loading=\"lazy\" class=\"wp-image-244370 size-full\" src=\"https:\/\/franciscanos.org.br\/noticias\/wp-content\/uploads\/2023\/08\/papa_jpic_04.jpg\" alt=\"\" width=\"1280\" height=\"720\" srcset=\"https:\/\/franciscanos.org.br\/noticias\/wp-content\/uploads\/2023\/08\/papa_jpic_04.jpg 1280w, https:\/\/franciscanos.org.br\/noticias\/wp-content\/uploads\/2023\/08\/papa_jpic_04-450x253.jpg 450w, https:\/\/franciscanos.org.br\/noticias\/wp-content\/uploads\/2023\/08\/papa_jpic_04-1024x576.jpg 1024w, https:\/\/franciscanos.org.br\/noticias\/wp-content\/uploads\/2023\/08\/papa_jpic_04-768x432.jpg 768w, https:\/\/franciscanos.org.br\/noticias\/wp-content\/uploads\/2023\/08\/papa_jpic_04-150x84.jpg 150w\" sizes=\"(max-width: 1280px) 100vw, 1280px\" \/><p id=\"caption-attachment-244370\" class=\"wp-caption-text\"><em>Imagem: site oficial JMJ Lisboa 2023<\/em><\/p><\/div>\n<p>Na \u00edntegra (abaixo), o Manifesto dos Jovens participantes da IV Congresso Internacional sobre o Cuidado da Cria\u00e7\u00e3o, realizado na Universidade Cat\u00f3lica Portuguesa \u00e0s v\u00e9speras da JMJ 2023 e que teve como tema: O compromisso dos jovens com a ecologia integral. Estilos de vida para uma nova humanidade. O encontro, realizado no dia 31 de julho de 2023, foi organizado pela Funda\u00e7\u00e3o Jo\u00e3o Paulo II para a Juventude.<\/p>\n<p>O encontro da\u00a0 institui\u00e7\u00e3o do Dicast\u00e9rio para os Leigos, a Fam\u00edlia e a Vida, em parceria com a Universidade Cat\u00f3lica Portuguesa (UCP), e realizado na sequ\u00eancia dos tr\u00eas encontros anteriores que trataram quest\u00f5es relacionadas ao meio ambiente e realizadas durante a JMJ do Rio de Janeiro em 2013, de Crac\u00f3via em 2016 e de Panam\u00e1 em 2019.<\/p>\n<p><strong>Na foto, a b\u00ean\u00e7\u00e3o de uma oliveira<\/strong><br \/>\nEntre os aplausos, Francisco despediu-se de Cascais, garantindo a sua b\u00ean\u00e7\u00e3o: \u201cDou-lhes a minha b\u00ean\u00e7\u00e3o, mas me prometam que rezar\u00e3o por mim. Rezem para que o Senhor me aben\u00e7oe. E quem n\u00e3o rezar, mande-me ondas positivas\u201d. Na sa\u00edda ainda gritos de sauda\u00e7\u00e3o, fotos das janelas dos moradores dos pr\u00e9dios ao redor da sede de Scholas, e a assinatura numa bola de handebol. Ao fundo, um comovente fado, elemento caracter\u00edstico da cultura lusitana, cantado por uma mulher no centro da pra\u00e7a. Por fim, o Papa aben\u00e7oou uma oliveira, s\u00edmbolo da paz.<\/p>\n<p>Francisco deslocou-se de Lisboa a Cascais para encontrar os jovens de Scholas Occurrentes que participam do projeto \u201cVida entre mundos\u201d, uma iniciativa que envolveu pessoas de diferentes nacionalidades e religi\u00f5es, comprometidas com a cria\u00e7\u00e3o de um dos maiores murais do mundo: &#8220;\u00c9 como a Capela Sistina&#8221;, brincou o Papa. Em seguida, respondeu de improviso \u00e0s perguntas dos jovens e falou sobre a crise: &#8220;Uma vida sem crise n\u00e3o serve para nada&#8221;.<\/p>\n<hr \/>\n<p>O DOCUMENTO<\/p>\n<p><strong>Introdu\u00e7\u00e3o<\/strong><\/p>\n<p>Somos os jovens cat\u00f3licos reunidos em Lisboa para o Congresso Internacional sobre o Cuidado da Cria\u00e7\u00e3o, com o tema O compromisso dos jovens com a ecologia integral. Estilos de vida para uma nova humanidade, realizado nas v\u00e9speras da 37\u00aa Jornada Mundial da Juventude. Estamos gratos ao Papa Francisco por ter colocado a ecologia integral no centro da reflex\u00e3o, e \u00e0 Funda\u00e7\u00e3o Jo\u00e3o Paulo II para a Juventude que, juntamente com muitas outras organiza\u00e7\u00f5es e institui\u00e7\u00f5es, organizou este encontro, que nos deu a oportunidade de refletir sobre um assunto t\u00e3o urgente quanto pr\u00f3ximo dos nossos cora\u00e7\u00f5es.<\/p>\n<p>O Santo Padre pede-nos para escutarmos os \u00abbatimentos do cora\u00e7\u00e3o: o nosso, o das nossas m\u00e3es e das nossas av\u00f3s, o batimento do cora\u00e7\u00e3o da cria\u00e7\u00e3o e do cora\u00e7\u00e3o de Deus\u00bb, mas os cora\u00e7\u00f5es da humanidade n\u00e3o batem juntos pela justi\u00e7a e pela paz, nem ao ritmo do cora\u00e7\u00e3o da cria\u00e7\u00e3o. De facto, in\u00fameros conflitos armados de intensidade diferente est\u00e3o em curso em v\u00e1rios pa\u00edses. Ceifam vidas, geram \u00f3dios e destrui\u00e7\u00f5es, e deixam atr\u00e1s de si pessoas e comunidades por reconstruir. Apesar das grandes proclama\u00e7\u00f5es internacionais, ainda hoje milh\u00f5es de pessoas n\u00e3o t\u00eam acesso a condi\u00e7\u00f5es m\u00ednimas para uma vida digna. Faltam alimentos, \u00e1gua, habita\u00e7\u00e3o, educa\u00e7\u00e3o, cuidados de sa\u00fade.<\/p>\n<p>Muitas outras continuam a ser escravizadas, exploradas e mal remuneradas por trabalho informal e prec\u00e1rio que retira toda a dignidade e as mant\u00e9m sob o jugo da pobreza. Do mesmo modo, muitos jovens n\u00e3o se sentem representados pelos seus l\u00edderes pol\u00edticos, mesmo que gostassem de participar. Por causa do desemprego crescente, muitos jovens v\u00eaemse for\u00e7ados a adiar ou mesmo a renunciar ao projeto de criar uma fam\u00edlia. Temos gravadas na mem\u00f3ria as dilacerantes imagens de milhares de homens, mulheres, crian\u00e7as e at\u00e9 rec\u00e9m-nascidos que, para escaparem da mis\u00e9ria, da guerra ou da opress\u00e3o, se entregam a barcos improvisados, assediados por traficantes sem escr\u00fapulos.<\/p>\n<p>O ep\u00edlogo fatal de algumas destas viagens ditas da esperan\u00e7a est\u00e1 a transformar, lentamente, mares e desertos em cemit\u00e9rios a c\u00e9u aberto para tantos mortos sem sepultura. Nas suas variadas formas, a polui\u00e7\u00e3o amea\u00e7a o ar, os solos, a \u00e1gua, a fauna, a flora e as pessoas, com grav\u00edssimas consequ\u00eancias para os ecossistemas. As altera\u00e7\u00f5es clim\u00e1ticas causam ondas de calor devastantes, inunda\u00e7\u00f5es, tempestades, inc\u00eandios, perda de biodiversidade, for\u00e7ando muitas popula\u00e7\u00f5es a abandonar a pr\u00f3pria terra. Tamb\u00e9m entre as na\u00e7\u00f5es existem injusti\u00e7as e rela\u00e7\u00f5es comerciais desleais.<\/p>\n<p>Algumas na\u00e7\u00f5es n\u00e3o t\u00eam escr\u00fapulos em escoar os seus res\u00edduos poluentes noutros pa\u00edses, ou a explorar o seu solo e as riquezas do seu subsolo em seu benef\u00edcio, sem cuidar dos efeitos sobre as popula\u00e7\u00f5es locais. Tamb\u00e9m o desenvolvimento do mundo digital e da tecnologia, n\u00e3o obstante as grandes conquistas que nos trouxe, est\u00e1, tamb\u00e9m ele, a poluir aos poucos a nossa humanidade: torna-se cada vez mais dif\u00edcil criar e cultivar rela\u00e7\u00f5es s\u00e3s e duradouras; aumentam a solid\u00e3o, as depend\u00eancias e outros problemas de sa\u00fade mental. Tememos o superpoder das empresas que utilizam os nossos dados, que podem controlar o que fazemos e que tentam influenciar-nos de acordo com os seus interesses. N\u00e3o raramente, a \u00e9tica dos progressos tecnol\u00f3gicos e da investiga\u00e7\u00e3o cient\u00edfica parece ter como objetivo tudo menos a melhoria das condi\u00e7\u00f5es de vida das pessoas e a sa\u00fade da nossa casa comum.<\/p>\n<p><strong>1. Tema do Congresso<\/strong><\/p>\n<p>Para fazer face a esta crise multiforme, o Papa Francisco indica-nos o paradigma da ecologia integral como chave para a an\u00e1lise e para a a\u00e7\u00e3o, fundado no facto de que tudo est\u00e1 interligado. A enc\u00edclica Laudato si\u2019 prop\u00f5e S\u00e3o Francisco de Assis como modelo, ele que \u00abvivia com simplicidade e em maravilhosa harmonia com Deus, com os outros, com a natureza e consigo pr\u00f3prio\u00bb (LS 10). S\u00e3o estas as rela\u00e7\u00f5es a proteger e a cuidar. A ecologia integral \u00e9 um conceito desafiante, que ainda n\u00e3o foi completamente recebido fora e dentro da Igreja.<\/p>\n<p>Este conceito vai al\u00e9m do ambientalismo em sentido estrito e prop\u00f5e um olhar amplo sobre as quest\u00f5es complexas do nosso tempo. Une ecologia ambiental, ecologia social, ecologia econ\u00f3mica, ecologia cultural, a boa sa\u00fade das institui\u00e7\u00f5es, a qualidade de vida, a ecologia da vida quotidiana com os seus gestos e as suas rela\u00e7\u00f5es e, por fim, a ecologia humana, que insiste nomeadamente na compreens\u00e3o do sentido do corpo humano.<\/p>\n<p>A ecologia integral quer contribuir para uma vida rica de sentido e criar as condi\u00e7\u00f5es para o desenvolvimento humano integral de cada um e para o caminho at\u00e9 a santidade. Para isso, \u00e9 decisivo converter os nossos estilos de vida, na medida em que estes tornam poss\u00edvel intervir n\u00e3o apenas sobre os sintomas, mas tamb\u00e9m sobre as ra\u00edzes do problema.<\/p>\n<p>Sintonizar os nossos h\u00e1bitos, as nossas escolhas e os nossos comportamentos com os batimentos do cora\u00e7\u00e3o da cria\u00e7\u00e3o e dos irm\u00e3os significa sintonizarmo-nos com o batimento do pr\u00f3prio cora\u00e7\u00e3o de Deus. E esta convers\u00e3o abre-nos para uma nova humanidade: uma fam\u00edlia humana unida, que partilha uma origem comum, um destino comum e uma casa comum. Ao examinarmos os nossos estilos de vida, queremos viver em harmonia com a cria\u00e7\u00e3o e contribuir para o advento desta nova humanidade na qual nos sentimos, de verdade, todos irm\u00e3os.<\/p>\n<p><strong>2. Grupos de trabalho<\/strong><\/p>\n<p>Os nossos grupos de trabalho examinaram cinco \u00e1reas. Ouvimo-nos uns aos outros e tent\u00e1mos reexaminar os nossos estilos de vida nas seguintes \u00e1reas: educa\u00e7\u00e3o e vida familiar, recursos naturais, pol\u00edtica, economia e tecnologia. Concentr\u00e1mo-nos tanto em a\u00e7\u00f5es pr\u00e1ticas como em princ\u00edpios gerais, determinados a enfrentar a realidade e a complexidade, ao mesmo tempo que procur\u00e1mos libertar-nos das ideologias. Consider\u00e1mos o importante papel da fam\u00edlia e da educa\u00e7\u00e3o na forma\u00e7\u00e3o dos estilos de vida. Apercebemo-nos de que o que as pessoas aprendem em casa e na escola tem um efeito profundo na sociedade como um todo. Esperamos forjar rela\u00e7\u00f5es fortes que permitam construir la\u00e7os e comunidades entre pessoas de diferentes origens e culturas.<\/p>\n<p>As Jornadas Mundiais da Juventude s\u00e3o uma excelente oportunidade para praticar esta amizade universal. Vimos como os estilos de vida podem fazer a diferen\u00e7a quando s\u00e3o informados pela equidade, justi\u00e7a, l\u00f3gica da d\u00e1diva e da gratuidade, solidariedade, amizade, empatia, sobriedade e sustentabilidade na utiliza\u00e7\u00e3o dos recursos naturais dispon\u00edveis. Um primeiro passo fundamental \u00e9 saber do que cuidamos. Por isso, sublinhamos a necessidade da contempla\u00e7\u00e3o e da medita\u00e7\u00e3o espiritual para nos sentirmos mais pr\u00f3ximos de toda a cria\u00e7\u00e3o que o Deus Amoroso nos confiou.<\/p>\n<p>Admiramos as comunidades que t\u00eam uma forte liga\u00e7\u00e3o com toda a cria\u00e7\u00e3o. N\u00e3o estamos desligados de toda a cria\u00e7\u00e3o: fazemos parte dela e os bens da terra e os ecossistemas s\u00e3o valiosos. Temos de os gerir de forma sustent\u00e1vel e utilizar apenas o que realmente precisamos. Refletimos sobre a import\u00e2ncia de uma boa a\u00e7\u00e3o pol\u00edtica baseada em princ\u00edpios s\u00f3lidos para que todos possam viver em harmonia: o bem comum, a preocupa\u00e7\u00e3o com os mais vulner\u00e1veis, a garantia de trabalho para todos, um pensamento pol\u00edtico a longo prazo que permita a todas as pessoas exprimir as suas ideias e necessidades.<\/p>\n<p>Demasiadas vezes, foram implementadas e ensinadas pol\u00edticas e solu\u00e7\u00f5es homogeneizadas, mas que se revelaram ineficazes por n\u00e3o terem em conta as realidades locais. Analis\u00e1mos a forma como os estilos de vida, a produ\u00e7\u00e3o e o consumo se afetam mutuamente. Discutimos as tend\u00eancias actuais e o tipo de impacto que podemos ter enquanto actores na economia, fazendo escolhas diferentes e mais exigentes. Vivemos num mundo muito desigual e polarizado: alguns padr\u00f5es de consumo poluentes est\u00e3o fortemente ligados \u00e0 pobreza; e por isso, as duas quest\u00f5es t\u00eam de ser abordadas em conjunto.<\/p>\n<p>Tamb\u00e9m concord\u00e1mos que ter filhos n\u00e3o amea\u00e7a a sustentabilidade, uma vez que as principais causas de insustentabilidade est\u00e3o relacionadas com estilos de vida ego\u00edstas e insustent\u00e1veis de alguns. Por \u00faltimo, fal\u00e1mos sobre como a tecnologia, se utilizada com prud\u00eancia e esperan\u00e7a, pode estar ao servi\u00e7o da ecologia integral, do encontro e da inclus\u00e3o, incluindo as pessoas com defici\u00eancia, e do cuidado da nossa casa comum. Nesse sentido, n\u00e3o deve ser negado o acesso a quem esteja disposto a beneficiar de tais inova\u00e7\u00f5es. No entanto, uma das nossas maiores preocupa\u00e7\u00f5es \u00e9 a seguran\u00e7a de todos, especialmente das crian\u00e7as. Salient\u00e1mos tamb\u00e9m a import\u00e2ncia de um bom equil\u00edbrio entre o mundo digital e o mundo real.<\/p>\n<p><strong>3. Compromissos<\/strong><\/p>\n<p>Perante os desafios urgentes, n\u00f3s, jovens participantes neste Congresso, comprometemo-nos a:<\/p>\n<p>&#8211; Renovar a nossa convers\u00e3o ecol\u00f3gica pessoal e a dar espa\u00e7o ao Esp\u00edrito Santo, para que ilumine a nossa reflex\u00e3o e inspire os nossos passos. Temos a certeza de que somos amados e que esta vida e este mundo s\u00e3o uma d\u00e1diva que deve ser cuidada. Atrav\u00e9s da ora\u00e7\u00e3o, podemos manter uma liga\u00e7\u00e3o significativa e geradora de vida com Deus, a fim de purificar os nossos estilos de vida.<\/p>\n<p>&#8211; Agir com urg\u00eancia como Maria. Tamb\u00e9m n\u00f3s nos queremos levantar com determina\u00e7\u00e3o, iniciar novos processos sem os adiar, mas evitando comportamentos superficiais e apressados.<\/p>\n<p>&#8211; Consumir responsavelmente. Queremos ser s\u00f3brios nos nossos consumos, pensando naquilo que nos \u00e9 verdadeiramente necess\u00e1rio, no bem-estar dos outros e na sustentabilidade da casa comum, favorecendo a partilha e a reutiliza\u00e7\u00e3o de bens: preferimos a partilha e a reutiliza\u00e7\u00e3o de bens. Isto inclui os nossos transportes, as nossas compras, as nossas actividades de lazer e a forma como investimos o nosso dinheiro.<\/p>\n<p>&#8211; Anunciar a todos a boa-nova da prote\u00e7\u00e3o da cria\u00e7\u00e3o. Queremos ser uma Igreja em sa\u00edda mission\u00e1ria e ser os arautos desta boa-nova da prote\u00e7\u00e3o da cria\u00e7\u00e3o e difundir as boas pr\u00e1ticas que lhe correspondem. Queremos torn\u00e1-las virais, para que alcancem todos os jovens.<\/p>\n<p>&#8211; Colaborar e criar sinergias amplas com todas as pessoas de boa vontade que partilham a nossa mesma preocupa\u00e7\u00e3o de cuidarmos juntos da nossa casa comum. Isto engloba as v\u00e1rias formas de envolvimento pol\u00edtico e o trabalho para que a voz de todos seja ouvida e para que o n\u00edvel global colabore mais eficazmente com o n\u00edvel local.<\/p>\n<p>&#8211; Informarmo-nos e formarmo-nos. Queremos permanecer vigilantes, com curiosidade e empatia para conhecer as dores, as amea\u00e7as, alegrias, oportunidades e esperan\u00e7as relativas \u00e0 nossa casa comum. Queremos adquirir os conhecimentos que possam ajudar a travar a crise ecol\u00f3gica. Queremos ultrapassar preconceitos contra outras culturas ou contra pessoas que vivem noutros continentes e, em vez disso, aprender com elas.<\/p>\n<p>&#8211; Escolher com cuidado as boas tecnologias a adotar. Queremos adotar e promover o mais poss\u00edvel as tecnologias que est\u00e3o, de facto, ao servi\u00e7o da pessoa humana e que contribuem para melhorar a sa\u00fade da nossa M\u00e3e Terra. E queremos faz\u00ea-lo de uma forma humana e \u00e9tica para vivermos de forma crist\u00e3 enquanto estamos no continente digital.<\/p>\n<p><strong>4. Apelos<\/strong><br \/>\nAs dimens\u00f5es planet\u00e1rias da crise ecol\u00f3gica s\u00e3o tais que requerem a colabora\u00e7\u00e3o de todos na busca de solu\u00e7\u00f5es eficazes e duradouras. Por isso, apelamos:<\/p>\n<p>&#8211; A todos os jovens do mundo. Unamos as nossas for\u00e7as para inverter o rumo. Trabalhemos juntos pelo bem comum com o entusiasmo que nos caracteriza: \u00abSe formos aquilo que devemos ser, incendiaremos o mundo inteiro\u00bb (cf. Catarina de Sena, Carta 368).<\/p>\n<p>&#8211; \u00c0 Igreja cat\u00f3lica, para que escute e acolha aquilo que o Esp\u00edrito Santo est\u00e1 a dizer acerca da salvaguarda da cria\u00e7\u00e3o. Tantos s\u00e3o os pastores e os fi\u00e9is que n\u00e3o conhecem a Laudato si\u2019 nem ouviram falar dos esfor\u00e7os que se fazem em todo o mundo para a prote\u00e7\u00e3o da cria\u00e7\u00e3o. Aos pastores e a todas as pessoas que ocupam posi\u00e7\u00f5es de responsabilidade na nossa Igreja pedimos que deem bom exemplo de convers\u00e3o ecol\u00f3gica e que acompanhem as iniciativas dos jovens neste campo. A Doutrina Social da Igreja deve ser constantemente partilhada como uma forma importante de promover a necess\u00e1ria mudan\u00e7a de paradigma para uma ecologia integral.<\/p>\n<p>&#8211; \u00c0s Igrejas crist\u00e3s e a todas as outras confiss\u00f5es religiosas. Pedimo-vos que promovam a fraternidade universal, a cultura do encontro, a benevol\u00eancia e os estilos de vida sustent\u00e1veis e inclusivos.<\/p>\n<p>&#8211; \u00c0s fam\u00edlias do mundo. Sejam ecossistemas de amor, de dom, de paci\u00eancia, de responsabilidade e de transmiss\u00e3o dos valores evang\u00e9licos e da vida em comum. Criem espa\u00e7os de partilha e de discernimento para o cuidado da nossa casa comum. Estejam em contacto com os espa\u00e7os verdes e os animais.<\/p>\n<p>&#8211; Ao mundo da economia, da produ\u00e7\u00e3o, das empresas. Apelamos a uma maior transpar\u00eancia nas finan\u00e7as e no com\u00e9rcio, e pedimos o fim de estrat\u00e9gias comerciais que geram desperd\u00edcios e todo o tipo de depend\u00eancias nocivas. Que o vosso marketing promova estilos de vida sustent\u00e1veis e o lucro n\u00e3o seja a vossa \u00fanica b\u00fassola. Que o estudo do impacto ambiental e social das vossas atividades econ\u00f3micas seja inclu\u00eddo nos par\u00e2metros de aferi\u00e7\u00e3o da excel\u00eancia de toda a iniciativa econ\u00f3mica. Que cada posto de trabalho criado tenha presente dignificar o ser humano e seja compat\u00edvel com a vida familiar.<\/p>\n<p>&#8211; Aos governantes e \u00e0 pol\u00edtica. Pedimos pol\u00edticas com vis\u00e3o de longo prazo para a prote\u00e7\u00e3o da casa comum, que coloquem no centro a pessoa humana e deem a cada um oportunidades iguais para crescer e contribuir para o desenvolvimento da sua comunidade e, ao mesmo tempo, lutar contra a pobreza, os sem-abrigo e a discrimina\u00e7\u00e3o. Pedimos que os grandes desafios que amea\u00e7am a vida e os lares de milh\u00f5es de pessoas sejam, sem mais demoras, seriamente resolvidos, por exemplo: Imploramos-vos que baixem as armas e acabem com todas as guerras, e que abordem as consequ\u00eancias previs\u00edveis da perturbadora subida do n\u00edvel do mar. S\u00e3o necess\u00e1rios mecanismos eficazes e vinculativos para cuidar da biodiversidade, com a participa\u00e7\u00e3o das comunidades locais. A boa gest\u00e3o dos res\u00edduos e a elimina\u00e7\u00e3o progressiva dos combust\u00edveis f\u00f3sseis e dos produtos qu\u00edmicos perigosos tamb\u00e9m t\u00eam de ser prioridades em todo o lado.<\/p>\n<p>&#8211; Ao mundo da educa\u00e7\u00e3o. Pedimos que todas as institui\u00e7\u00f5es educativas tragam no seu cora\u00e7\u00e3o o crescimento \u00abpara mais sentido\u00bb e para uma \u00abvida boa\u00bb. Pedimos, em particular, que as universidades cat\u00f3licas insiram em todos os seus estudos no\u00e7\u00f5es de Doutrina Social da Igreja e, em particular, de ecologia integral. A eco-ansiedade deve ser evitada, e em vez disso, o conhecimento e o amor pela cria\u00e7\u00e3o devem ser encorajados.<\/p>\n<p>&#8211; Ao mundo da comunica\u00e7\u00e3o. Pedimos que deem aten\u00e7\u00e3o \u00e0 quest\u00e3o ecol\u00f3gica e aos problemas da injusti\u00e7a social. Pedimos que seja dada aten\u00e7\u00e3o, tamb\u00e9m, \u00e0quilo que \u00e9 belo, encorajante e construtivo. Por favor, n\u00e3o sejam instigadores do \u00f3dio e do consumismo desenfreado. Contribuam para real\u00e7ar a dimens\u00e3o espiritual da crise.<\/p>\n<p>&#8211; Ao mundo da investiga\u00e7\u00e3o cient\u00edfica e da tecnologia. Pedimos que invistam em inova\u00e7\u00f5es que possam minimizar o impacto ambiental da atividade humana e que possam restaurar os ecossistemas e a biodiversidade onde estes tenham sido particularmente danificados. Pedimos melhores indicadores para medir o desempenho e o &#8220;bem&#8221; alcan\u00e7ado por uma pol\u00edtica ou uma empresa; precisamos tamb\u00e9m de indicadores mais exactos para medir a pobreza e o desenvolvimento humano integral. Pedimos que o desenvolvimento tecnol\u00f3gico se baseie numa abordagem \u00e9tica s\u00f3lida. Que a vossa ci\u00eancia esteja ao servi\u00e7o da humanidade.<\/p>\n<p>&nbsp;<\/p>\n<p style=\"padding-left: 40px;\"><strong>Ora\u00e7\u00e3o final<\/strong><\/p>\n<p>Senhor,<br \/>\nTu que tudo crias e sustentas,<br \/>\naumenta a nossa capacidade de nos maravilharmos com a obra das tuas m\u00e3os Faz de n\u00f3s mensageiros e testemunhas da boa-nova do cuidado da cria\u00e7\u00e3o.<br \/>\nQue a tua gra\u00e7a sustente o nosso compromisso em convertermo-nos a um novo estilo de vida.<br \/>\nE que a tua m\u00e3o nos sustente quando a nossa perseveran\u00e7a vacilar Ensina-nos a sobriedade, a simplicidade, a harmonia e o respeito por todas as criaturas .<br \/>\nAgu\u00e7a os nossos ouvidos e escutaremos o grito dos pobres e o grito da terra Abre os nossos olhos e saberemos reconhecer o teu rosto no rosto de cada irm\u00e3o.<br \/>\nAbre os nossos l\u00e1bios e cantaremos a tua gl\u00f3ria, \u00f3 Deus da Cria\u00e7\u00e3o.<br \/>\nD\u00e1-nos um cora\u00e7\u00e3o novo para te amarmos e para amar cada uma das tuas criaturas.<br \/>\nSustenta as fam\u00edlias com o teu Esp\u00edrito, para que sejam reservat\u00f3rios de humanidade e de vida boa Ilumina os educadores, os pol\u00edticos, os empres\u00e1rios, os homens e as mulheres da ci\u00eancia, para que todos contribuam com alegria para o surgimento de uma nova humanidade, em que todos nos sintamos irm\u00e3os.<br \/>\nE onde as estruturas de pecado geram feridas na humanidade e na casa comum, desperta, \u00f3 Deus, estruturas de gra\u00e7a e de fraternidade para curar e fazer a paz.<br \/>\nTu \u00e9s, Senhor, a nossa esperan\u00e7a e seguindo-te n\u00e3o cairemos na ang\u00fastia e na resigna\u00e7\u00e3o.<br \/>\nLaudato si\u2019<\/p>\n<hr \/>\n<p><em>Vatican News<\/em><\/p>\n<p><img loading=\"lazy\" class=\"size-full wp-image-243543 aligncenter\" src=\"https:\/\/franciscanos.org.br\/noticias\/wp-content\/uploads\/2023\/05\/logo_3-768x259-1.png\" alt=\"\" width=\"768\" height=\"259\" srcset=\"https:\/\/franciscanos.org.br\/noticias\/wp-content\/uploads\/2023\/05\/logo_3-768x259-1.png 768w, https:\/\/franciscanos.org.br\/noticias\/wp-content\/uploads\/2023\/05\/logo_3-768x259-1-450x152.png 450w, https:\/\/franciscanos.org.br\/noticias\/wp-content\/uploads\/2023\/05\/logo_3-768x259-1-150x51.png 150w\" sizes=\"(max-width: 768px) 100vw, 768px\" \/><\/p>\n","protected":false},"excerpt":{"rendered":"<p>Jornada Mundial da Juventude<\/p>\n","protected":false},"author":3,"featured_media":244370,"comment_status":"open","ping_status":"open","sticky":false,"template":"","format":"standard","meta":[],"categories":[1],"tags":[1797],"acf":[],"yoast_head":"<!-- This site is optimized with the Yoast SEO plugin v19.2 - https:\/\/yoast.com\/wordpress\/plugins\/seo\/ -->\n<title>Manifesto dos Jovens participantes no IV Congresso Internacional sobre o Cuidado da Cria\u00e7\u00e3o - Not\u00edcias - Franciscanos<\/title>\n<meta name=\"robots\" content=\"index, follow, max-snippet:-1, max-image-preview:large, max-video-preview:-1\" \/>\n<link rel=\"canonical\" href=\"https:\/\/franciscanos.org.br\/noticias\/manifesto-dos-jovens-participantes-no-iv-congresso-internacional-sobre-o-cuidado-da-criacao.html\" \/>\n<meta property=\"og:locale\" content=\"pt_BR\" \/>\n<meta property=\"og:type\" content=\"article\" \/>\n<meta property=\"og:title\" content=\"Manifesto dos Jovens participantes no IV Congresso Internacional sobre o Cuidado da Cria\u00e7\u00e3o - Not\u00edcias - Franciscanos\" \/>\n<meta property=\"og:description\" content=\"Jornada Mundial da Juventude\" \/>\n<meta property=\"og:url\" content=\"https:\/\/franciscanos.org.br\/noticias\/manifesto-dos-jovens-participantes-no-iv-congresso-internacional-sobre-o-cuidado-da-criacao.html\" \/>\n<meta property=\"og:site_name\" content=\"Not\u00edcias - Franciscanos\" \/>\n<meta property=\"article:published_time\" content=\"2023-08-04T16:41:17+00:00\" \/>\n<meta property=\"og:image\" content=\"https:\/\/franciscanos.org.br\/noticias\/wp-content\/uploads\/2023\/08\/papa_jpic_04.jpg\" \/>\n\t<meta property=\"og:image:width\" content=\"1280\" \/>\n\t<meta property=\"og:image:height\" content=\"720\" \/>\n\t<meta property=\"og:image:type\" content=\"image\/jpeg\" \/>\n<meta name=\"author\" content=\"moacir\" \/>\n<meta name=\"twitter:card\" content=\"summary_large_image\" \/>\n<meta name=\"twitter:label1\" content=\"Escrito por\" \/>\n\t<meta name=\"twitter:data1\" content=\"moacir\" \/>\n\t<meta name=\"twitter:label2\" content=\"Est. tempo de leitura\" \/>\n\t<meta name=\"twitter:data2\" content=\"17 minutos\" \/>\n<script type=\"application\/ld+json\" class=\"yoast-schema-graph\">{\"@context\":\"https:\/\/schema.org\",\"@graph\":[{\"@type\":\"WebSite\",\"@id\":\"https:\/\/franciscanos.org.br\/noticias\/#website\",\"url\":\"https:\/\/franciscanos.org.br\/noticias\/\",\"name\":\"Not\u00edcias - Franciscanos\",\"description\":\"Prov\u00edncia Franciscana da Imaculada Concei\u00e7\u00e3o do Brasil - Ordem dos Frades Menores - OFM\",\"potentialAction\":[{\"@type\":\"SearchAction\",\"target\":{\"@type\":\"EntryPoint\",\"urlTemplate\":\"https:\/\/franciscanos.org.br\/noticias\/?s={search_term_string}\"},\"query-input\":\"required name=search_term_string\"}],\"inLanguage\":\"pt-BR\"},{\"@type\":\"ImageObject\",\"inLanguage\":\"pt-BR\",\"@id\":\"https:\/\/franciscanos.org.br\/noticias\/manifesto-dos-jovens-participantes-no-iv-congresso-internacional-sobre-o-cuidado-da-criacao.html#primaryimage\",\"url\":\"https:\/\/franciscanos.org.br\/noticias\/wp-content\/uploads\/2023\/08\/papa_jpic_04.jpg\",\"contentUrl\":\"https:\/\/franciscanos.org.br\/noticias\/wp-content\/uploads\/2023\/08\/papa_jpic_04.jpg\",\"width\":1280,\"height\":720},{\"@type\":\"WebPage\",\"@id\":\"https:\/\/franciscanos.org.br\/noticias\/manifesto-dos-jovens-participantes-no-iv-congresso-internacional-sobre-o-cuidado-da-criacao.html#webpage\",\"url\":\"https:\/\/franciscanos.org.br\/noticias\/manifesto-dos-jovens-participantes-no-iv-congresso-internacional-sobre-o-cuidado-da-criacao.html\",\"name\":\"Manifesto dos Jovens participantes no IV Congresso Internacional sobre o Cuidado da Cria\u00e7\u00e3o - Not\u00edcias - Franciscanos\",\"isPartOf\":{\"@id\":\"https:\/\/franciscanos.org.br\/noticias\/#website\"},\"primaryImageOfPage\":{\"@id\":\"https:\/\/franciscanos.org.br\/noticias\/manifesto-dos-jovens-participantes-no-iv-congresso-internacional-sobre-o-cuidado-da-criacao.html#primaryimage\"},\"datePublished\":\"2023-08-04T16:41:17+00:00\",\"dateModified\":\"2023-08-04T16:41:17+00:00\",\"author\":{\"@id\":\"https:\/\/franciscanos.org.br\/noticias\/#\/schema\/person\/b5c8cba458c330ccff548b056e95a5d4\"},\"breadcrumb\":{\"@id\":\"https:\/\/franciscanos.org.br\/noticias\/manifesto-dos-jovens-participantes-no-iv-congresso-internacional-sobre-o-cuidado-da-criacao.html#breadcrumb\"},\"inLanguage\":\"pt-BR\",\"potentialAction\":[{\"@type\":\"ReadAction\",\"target\":[\"https:\/\/franciscanos.org.br\/noticias\/manifesto-dos-jovens-participantes-no-iv-congresso-internacional-sobre-o-cuidado-da-criacao.html\"]}]},{\"@type\":\"BreadcrumbList\",\"@id\":\"https:\/\/franciscanos.org.br\/noticias\/manifesto-dos-jovens-participantes-no-iv-congresso-internacional-sobre-o-cuidado-da-criacao.html#breadcrumb\",\"itemListElement\":[{\"@type\":\"ListItem\",\"position\":1,\"name\":\"Home\",\"item\":\"https:\/\/franciscanos.org.br\/noticias\"},{\"@type\":\"ListItem\",\"position\":2,\"name\":\"Manifesto dos Jovens participantes no IV Congresso Internacional sobre o Cuidado da Cria\u00e7\u00e3o\"}]},{\"@type\":\"Person\",\"@id\":\"https:\/\/franciscanos.org.br\/noticias\/#\/schema\/person\/b5c8cba458c330ccff548b056e95a5d4\",\"name\":\"moacir\",\"image\":{\"@type\":\"ImageObject\",\"inLanguage\":\"pt-BR\",\"@id\":\"https:\/\/franciscanos.org.br\/noticias\/#\/schema\/person\/image\/\",\"url\":\"https:\/\/secure.gravatar.com\/avatar\/d08aa2ce4c8dd416d4479aa8536fcf64?s=96&d=mm&r=g\",\"contentUrl\":\"https:\/\/secure.gravatar.com\/avatar\/d08aa2ce4c8dd416d4479aa8536fcf64?s=96&d=mm&r=g\",\"caption\":\"moacir\"},\"url\":\"https:\/\/franciscanos.org.br\/noticias\/author\/moacir\"}]}<\/script>\n<!-- \/ Yoast SEO plugin. -->","yoast_head_json":{"title":"Manifesto dos Jovens participantes no IV Congresso Internacional sobre o Cuidado da Cria\u00e7\u00e3o - Not\u00edcias - Franciscanos","robots":{"index":"index","follow":"follow","max-snippet":"max-snippet:-1","max-image-preview":"max-image-preview:large","max-video-preview":"max-video-preview:-1"},"canonical":"https:\/\/franciscanos.org.br\/noticias\/manifesto-dos-jovens-participantes-no-iv-congresso-internacional-sobre-o-cuidado-da-criacao.html","og_locale":"pt_BR","og_type":"article","og_title":"Manifesto dos Jovens participantes no IV Congresso Internacional sobre o Cuidado da Cria\u00e7\u00e3o - Not\u00edcias - Franciscanos","og_description":"Jornada Mundial da Juventude","og_url":"https:\/\/franciscanos.org.br\/noticias\/manifesto-dos-jovens-participantes-no-iv-congresso-internacional-sobre-o-cuidado-da-criacao.html","og_site_name":"Not\u00edcias - Franciscanos","article_published_time":"2023-08-04T16:41:17+00:00","og_image":[{"width":1280,"height":720,"url":"https:\/\/franciscanos.org.br\/noticias\/wp-content\/uploads\/2023\/08\/papa_jpic_04.jpg","type":"image\/jpeg"}],"author":"moacir","twitter_card":"summary_large_image","twitter_misc":{"Escrito por":"moacir","Est. tempo de leitura":"17 minutos"},"schema":{"@context":"https:\/\/schema.org","@graph":[{"@type":"WebSite","@id":"https:\/\/franciscanos.org.br\/noticias\/#website","url":"https:\/\/franciscanos.org.br\/noticias\/","name":"Not\u00edcias - Franciscanos","description":"Prov\u00edncia Franciscana da Imaculada Concei\u00e7\u00e3o do Brasil - Ordem dos Frades Menores - OFM","potentialAction":[{"@type":"SearchAction","target":{"@type":"EntryPoint","urlTemplate":"https:\/\/franciscanos.org.br\/noticias\/?s={search_term_string}"},"query-input":"required name=search_term_string"}],"inLanguage":"pt-BR"},{"@type":"ImageObject","inLanguage":"pt-BR","@id":"https:\/\/franciscanos.org.br\/noticias\/manifesto-dos-jovens-participantes-no-iv-congresso-internacional-sobre-o-cuidado-da-criacao.html#primaryimage","url":"https:\/\/franciscanos.org.br\/noticias\/wp-content\/uploads\/2023\/08\/papa_jpic_04.jpg","contentUrl":"https:\/\/franciscanos.org.br\/noticias\/wp-content\/uploads\/2023\/08\/papa_jpic_04.jpg","width":1280,"height":720},{"@type":"WebPage","@id":"https:\/\/franciscanos.org.br\/noticias\/manifesto-dos-jovens-participantes-no-iv-congresso-internacional-sobre-o-cuidado-da-criacao.html#webpage","url":"https:\/\/franciscanos.org.br\/noticias\/manifesto-dos-jovens-participantes-no-iv-congresso-internacional-sobre-o-cuidado-da-criacao.html","name":"Manifesto dos Jovens participantes no IV Congresso Internacional sobre o Cuidado da Cria\u00e7\u00e3o - Not\u00edcias - Franciscanos","isPartOf":{"@id":"https:\/\/franciscanos.org.br\/noticias\/#website"},"primaryImageOfPage":{"@id":"https:\/\/franciscanos.org.br\/noticias\/manifesto-dos-jovens-participantes-no-iv-congresso-internacional-sobre-o-cuidado-da-criacao.html#primaryimage"},"datePublished":"2023-08-04T16:41:17+00:00","dateModified":"2023-08-04T16:41:17+00:00","author":{"@id":"https:\/\/franciscanos.org.br\/noticias\/#\/schema\/person\/b5c8cba458c330ccff548b056e95a5d4"},"breadcrumb":{"@id":"https:\/\/franciscanos.org.br\/noticias\/manifesto-dos-jovens-participantes-no-iv-congresso-internacional-sobre-o-cuidado-da-criacao.html#breadcrumb"},"inLanguage":"pt-BR","potentialAction":[{"@type":"ReadAction","target":["https:\/\/franciscanos.org.br\/noticias\/manifesto-dos-jovens-participantes-no-iv-congresso-internacional-sobre-o-cuidado-da-criacao.html"]}]},{"@type":"BreadcrumbList","@id":"https:\/\/franciscanos.org.br\/noticias\/manifesto-dos-jovens-participantes-no-iv-congresso-internacional-sobre-o-cuidado-da-criacao.html#breadcrumb","itemListElement":[{"@type":"ListItem","position":1,"name":"Home","item":"https:\/\/franciscanos.org.br\/noticias"},{"@type":"ListItem","position":2,"name":"Manifesto dos Jovens participantes no IV Congresso Internacional sobre o Cuidado da Cria\u00e7\u00e3o"}]},{"@type":"Person","@id":"https:\/\/franciscanos.org.br\/noticias\/#\/schema\/person\/b5c8cba458c330ccff548b056e95a5d4","name":"moacir","image":{"@type":"ImageObject","inLanguage":"pt-BR","@id":"https:\/\/franciscanos.org.br\/noticias\/#\/schema\/person\/image\/","url":"https:\/\/secure.gravatar.com\/avatar\/d08aa2ce4c8dd416d4479aa8536fcf64?s=96&d=mm&r=g","contentUrl":"https:\/\/secure.gravatar.com\/avatar\/d08aa2ce4c8dd416d4479aa8536fcf64?s=96&d=mm&r=g","caption":"moacir"},"url":"https:\/\/franciscanos.org.br\/noticias\/author\/moacir"}]}},"_links":{"self":[{"href":"https:\/\/franciscanos.org.br\/noticias\/wp-json\/wp\/v2\/posts\/244369"}],"collection":[{"href":"https:\/\/franciscanos.org.br\/noticias\/wp-json\/wp\/v2\/posts"}],"about":[{"href":"https:\/\/franciscanos.org.br\/noticias\/wp-json\/wp\/v2\/types\/post"}],"author":[{"embeddable":true,"href":"https:\/\/franciscanos.org.br\/noticias\/wp-json\/wp\/v2\/users\/3"}],"replies":[{"embeddable":true,"href":"https:\/\/franciscanos.org.br\/noticias\/wp-json\/wp\/v2\/comments?post=244369"}],"version-history":[{"count":1,"href":"https:\/\/franciscanos.org.br\/noticias\/wp-json\/wp\/v2\/posts\/244369\/revisions"}],"predecessor-version":[{"id":244371,"href":"https:\/\/franciscanos.org.br\/noticias\/wp-json\/wp\/v2\/posts\/244369\/revisions\/244371"}],"wp:featuredmedia":[{"embeddable":true,"href":"https:\/\/franciscanos.org.br\/noticias\/wp-json\/wp\/v2\/media\/244370"}],"wp:attachment":[{"href":"https:\/\/franciscanos.org.br\/noticias\/wp-json\/wp\/v2\/media?parent=244369"}],"wp:term":[{"taxonomy":"category","embeddable":true,"href":"https:\/\/franciscanos.org.br\/noticias\/wp-json\/wp\/v2\/categories?post=244369"},{"taxonomy":"post_tag","embeddable":true,"href":"https:\/\/franciscanos.org.br\/noticias\/wp-json\/wp\/v2\/tags?post=244369"}],"curies":[{"name":"wp","href":"https:\/\/api.w.org\/{rel}","templated":true}]}}